{"id":9870,"date":"2019-09-24T00:25:40","date_gmt":"2019-09-24T00:25:40","guid":{"rendered":"http:\/\/noti-america.com\/site\/venezuela\/2019\/09\/24\/kerly-ruiz-se-confieza-metio-sus-manos-en-mis-partes-intimas\/"},"modified":"2019-09-24T05:25:48","modified_gmt":"2019-09-24T05:25:48","slug":"kerly-ruiz-se-confieza-metio-sus-manos-en-mis-partes-intimas","status":"publish","type":"post","link":"https:\/\/noti-america.com\/site\/venezuela\/2019\/09\/24\/kerly-ruiz-se-confieza-metio-sus-manos-en-mis-partes-intimas\/","title":{"rendered":"Kerly Ruiz\u00a0se confieza: &#8220;Meti\u00f3 sus manos en mis partes \u00edntimas&#8221;"},"content":{"rendered":"<p style=\"text-align: justify\">La animadora Venezolana Kerly Ruiz, quien actualmente vive en Miami habl\u00f3 en exclusiva\u00a0 para el espacio digital \u00abConversaciones que no se publican\u00bb\u00a0 sobre su etapa como profesional en las pantallas de la televisi\u00f3n nacional. Asume haber vivido momentos dif\u00edciles como bully laboral y acoso sexual.<\/p>\n<p><img loading=\"lazy\" decoding=\"async\" class=\"aligncenter wp-image-9871 size-large\" src=\"http:\/\/noti-america.com\/site\/venezuela\/venezuela\/wp-content\/uploads\/sites\/2\/2019\/09\/ker-1068x712-1024x683.jpg\" alt=\"\" width=\"1024\" height=\"683\" srcset=\"https:\/\/noti-america.com\/site\/venezuela\/wp-content\/uploads\/sites\/2\/2019\/09\/ker-1068x712-1024x683.jpg 1024w, https:\/\/noti-america.com\/site\/venezuela\/wp-content\/uploads\/sites\/2\/2019\/09\/ker-1068x712-300x200.jpg 300w, https:\/\/noti-america.com\/site\/venezuela\/wp-content\/uploads\/sites\/2\/2019\/09\/ker-1068x712-768x512.jpg 768w, https:\/\/noti-america.com\/site\/venezuela\/wp-content\/uploads\/sites\/2\/2019\/09\/ker-1068x712-272x182.jpg 272w, https:\/\/noti-america.com\/site\/venezuela\/wp-content\/uploads\/sites\/2\/2019\/09\/ker-1068x712.jpg 1068w\" sizes=\"auto, (max-width: 1024px) 100vw, 1024px\" \/><\/p>\n<p style=\"text-align: justify\">Segun rese\u00f1a La Revista Ronda \u00abla mujer confirm\u00f3 que fue su excompa\u00f1ero de\u00a0<em>La bomba<\/em>,\u00a0<strong>Jos\u00e9 Gregorio Araujo<\/strong>, quien lleg\u00f3 a acosarla sexual y psicol\u00f3gicamente. A pesar de que en el video silenciaron el audio cuando dijo el nombre, en sus labios qued\u00f3 bien claro de quien se trataba\u00bb.<\/p>\n<blockquote>\n<p style=\"text-align: justify\">\u201cMe arrepiento de haberle dado un poder de mi crecimiento profesional, haberle demostrado miedo a un ser que no pod\u00eda ni con sus propios miedos\u201d, coment\u00f3.<\/p>\n<p style=\"text-align: justify\">\u201cMeti\u00f3 sus manos en mis partes \u00edntimas, una vez se meti\u00f3 a mi camerino y me golpe\u00f3, me maltrataba verbalmente, yo tuve problemas alimenticios porque me dec\u00eda que estaba gorda, me convert\u00ed en bul\u00edmica\u201d, cont\u00f3 Ruiz sobre quien en su momento fue el director de casting de Televen.<\/p>\n<p style=\"text-align: justify\">\u201cYo realmente me voy de<em>\u00a0La bomba<\/em>\u00a0porque estaba enferma psicol\u00f3gicamente porque el infierno que yo viv\u00eda dentro del programa era fuerte\u201d, precis\u00f3.<\/p>\n<\/blockquote>\n","protected":false},"excerpt":{"rendered":"<p>La animadora Venezolana Kerly Ruiz, quien actualmente vive en Miami habl\u00f3 en exclusiva\u00a0 para el espacio digital \u00abConversaciones que no se publican\u00bb\u00a0 sobre su etapa como profesional en las pantallas de la televisi\u00f3n nacional.&#46;&#46;&#46;<\/p>\n","protected":false},"author":4,"featured_media":9871,"comment_status":"open","ping_status":"open","sticky":false,"template":"","format":"standard","meta":{"_acf_changed":false,"om_disable_all_campaigns":false,"rop_custom_images_group":[],"rop_custom_messages_group":[],"rop_publish_now":"initial","rop_publish_now_accounts":[],"rop_publish_now_history":[],"rop_publish_now_status":"pending","_uf_show_specific_survey":0,"_uf_disable_surveys":false,"footnotes":""},"categories":[8,156],"tags":[],"class_list":["post-9870","post","type-post","status-publish","format-standard","has-post-thumbnail","hentry","category-arte-y-espectaculos","category-venezuela"],"acf":[],"aioseo_notices":[],"yoast_head":"<!-- This site is optimized with the Yoast SEO Premium plugin v24.9 (Yoast SEO v27.2) - https:\/\/yoast.com\/product\/yoast-seo-premium-wordpress\/ -->\n<title>Kerly Ruiz\u00a0se confieza: &#8220;Meti\u00f3 sus manos en mis partes \u00edntimas&#8221; - Venezuela | Noti-America.com<\/title>\n<meta name=\"robots\" content=\"index, follow, max-snippet:-1, max-image-preview:large, max-video-preview:-1\" \/>\n<link rel=\"canonical\" href=\"https:\/\/noti-america.com\/site\/venezuela\/2019\/09\/24\/kerly-ruiz-se-confieza-metio-sus-manos-en-mis-partes-intimas\/\" \/>\n<meta property=\"og:locale\" content=\"es_ES\" \/>\n<meta property=\"og:type\" content=\"article\" \/>\n<meta property=\"og:title\" content=\"Kerly Ruiz\u00a0se confieza: &#8220;Meti\u00f3 sus manos en mis partes \u00edntimas&#8221;\" \/>\n<meta property=\"og:description\" content=\"La animadora Venezolana Kerly Ruiz, quien actualmente vive en Miami habl\u00f3 en exclusiva\u00a0 para el espacio digital \u00abConversaciones que no se publican\u00bb\u00a0 sobre su etapa como profesional en las pantallas de la televisi\u00f3n nacional.&#046;&#046;&#046;\" \/>\n<meta property=\"og:url\" content=\"https:\/\/noti-america.com\/site\/venezuela\/2019\/09\/24\/kerly-ruiz-se-confieza-metio-sus-manos-en-mis-partes-intimas\/\" \/>\n<meta property=\"og:site_name\" content=\"Venezuela | Noti-America.com\" \/>\n<meta property=\"article:author\" content=\"https:\/\/www.facebook.com\/AndresSalazarTV\/\" \/>\n<meta property=\"article:published_time\" content=\"2019-09-24T00:25:40+00:00\" \/>\n<meta property=\"article:modified_time\" content=\"2019-09-24T05:25:48+00:00\" \/>\n<meta property=\"og:image\" content=\"https:\/\/noti-america.com\/site\/venezuela\/wp-content\/uploads\/sites\/2\/2019\/09\/ker-1068x712.jpg\" \/>\n\t<meta property=\"og:image:width\" content=\"1068\" \/>\n\t<meta property=\"og:image:height\" content=\"712\" \/>\n\t<meta property=\"og:image:type\" content=\"image\/jpeg\" \/>\n<meta name=\"author\" content=\"Andr\u00e9s Salazar TV\" \/>\n<meta name=\"twitter:card\" content=\"summary_large_image\" \/>\n<meta name=\"twitter:label1\" content=\"Escrito por\" \/>\n\t<meta name=\"twitter:data1\" content=\"Andr\u00e9s Salazar TV\" \/>\n\t<meta name=\"twitter:label2\" content=\"Tiempo estimado de lectura\" \/>\n\t<meta name=\"twitter:data2\" content=\"1 minuto\" \/>\n<script type=\"application\/ld+json\" class=\"yoast-schema-graph\">{\"@context\":\"https:\/\/schema.org\",\"@graph\":[{\"@type\":\"Article\",\"@id\":\"https:\/\/noti-america.com\/site\/venezuela\/2019\/09\/24\/kerly-ruiz-se-confieza-metio-sus-manos-en-mis-partes-intimas\/#article\",\"isPartOf\":{\"@id\":\"https:\/\/noti-america.com\/site\/venezuela\/2019\/09\/24\/kerly-ruiz-se-confieza-metio-sus-manos-en-mis-partes-intimas\/\"},\"author\":{\"name\":\"Andr\u00e9s Salazar TV\",\"@id\":\"https:\/\/noti-america.com\/site\/venezuela\/#\/schema\/person\/5536bbfd0e2b9220dabb68be6a79e6a2\"},\"headline\":\"Kerly Ruiz\u00a0se confieza: &#8220;Meti\u00f3 sus manos en mis partes \u00edntimas&#8221;\",\"datePublished\":\"2019-09-24T00:25:40+00:00\",\"dateModified\":\"2019-09-24T05:25:48+00:00\",\"mainEntityOfPage\":{\"@id\":\"https:\/\/noti-america.com\/site\/venezuela\/2019\/09\/24\/kerly-ruiz-se-confieza-metio-sus-manos-en-mis-partes-intimas\/\"},\"wordCount\":212,\"commentCount\":0,\"publisher\":{\"@id\":\"https:\/\/noti-america.com\/site\/venezuela\/#organization\"},\"image\":{\"@id\":\"https:\/\/noti-america.com\/site\/venezuela\/2019\/09\/24\/kerly-ruiz-se-confieza-metio-sus-manos-en-mis-partes-intimas\/#primaryimage\"},\"thumbnailUrl\":\"https:\/\/noti-america.com\/site\/venezuela\/wp-content\/uploads\/sites\/2\/2019\/09\/ker-1068x712.jpg\",\"articleSection\":[\"Arte y Espect\u00e1culos\",\"Venezuela\"],\"inLanguage\":\"es\",\"potentialAction\":[{\"@type\":\"CommentAction\",\"name\":\"Comment\",\"target\":[\"https:\/\/noti-america.com\/site\/venezuela\/2019\/09\/24\/kerly-ruiz-se-confieza-metio-sus-manos-en-mis-partes-intimas\/#respond\"]}]},{\"@type\":\"WebPage\",\"@id\":\"https:\/\/noti-america.com\/site\/venezuela\/2019\/09\/24\/kerly-ruiz-se-confieza-metio-sus-manos-en-mis-partes-intimas\/\",\"url\":\"https:\/\/noti-america.com\/site\/venezuela\/2019\/09\/24\/kerly-ruiz-se-confieza-metio-sus-manos-en-mis-partes-intimas\/\",\"name\":\"Kerly Ruiz\u00a0se confieza: &#8220;Meti\u00f3 sus manos en mis partes \u00edntimas&#8221; - Venezuela | Noti-America.com\",\"isPartOf\":{\"@id\":\"https:\/\/noti-america.com\/site\/venezuela\/#website\"},\"primaryImageOfPage\":{\"@id\":\"https:\/\/noti-america.com\/site\/venezuela\/2019\/09\/24\/kerly-ruiz-se-confieza-metio-sus-manos-en-mis-partes-intimas\/#primaryimage\"},\"image\":{\"@id\":\"https:\/\/noti-america.com\/site\/venezuela\/2019\/09\/24\/kerly-ruiz-se-confieza-metio-sus-manos-en-mis-partes-intimas\/#primaryimage\"},\"thumbnailUrl\":\"https:\/\/noti-america.com\/site\/venezuela\/wp-content\/uploads\/sites\/2\/2019\/09\/ker-1068x712.jpg\",\"datePublished\":\"2019-09-24T00:25:40+00:00\",\"dateModified\":\"2019-09-24T05:25:48+00:00\",\"breadcrumb\":{\"@id\":\"https:\/\/noti-america.com\/site\/venezuela\/2019\/09\/24\/kerly-ruiz-se-confieza-metio-sus-manos-en-mis-partes-intimas\/#breadcrumb\"},\"inLanguage\":\"es\",\"potentialAction\":[{\"@type\":\"ReadAction\",\"target\":[\"https:\/\/noti-america.com\/site\/venezuela\/2019\/09\/24\/kerly-ruiz-se-confieza-metio-sus-manos-en-mis-partes-intimas\/\"]}]},{\"@type\":\"ImageObject\",\"inLanguage\":\"es\",\"@id\":\"https:\/\/noti-america.com\/site\/venezuela\/2019\/09\/24\/kerly-ruiz-se-confieza-metio-sus-manos-en-mis-partes-intimas\/#primaryimage\",\"url\":\"https:\/\/noti-america.com\/site\/venezuela\/wp-content\/uploads\/sites\/2\/2019\/09\/ker-1068x712.jpg\",\"contentUrl\":\"https:\/\/noti-america.com\/site\/venezuela\/wp-content\/uploads\/sites\/2\/2019\/09\/ker-1068x712.jpg\",\"width\":1068,\"height\":712},{\"@type\":\"BreadcrumbList\",\"@id\":\"https:\/\/noti-america.com\/site\/venezuela\/2019\/09\/24\/kerly-ruiz-se-confieza-metio-sus-manos-en-mis-partes-intimas\/#breadcrumb\",\"itemListElement\":[{\"@type\":\"ListItem\",\"position\":1,\"name\":\"Portada\",\"item\":\"https:\/\/noti-america.com\/site\/venezuela\/\"},{\"@type\":\"ListItem\",\"position\":2,\"name\":\"Kerly Ruiz\u00a0se confieza: &#8220;Meti\u00f3 sus manos en mis partes \u00edntimas&#8221;\"}]},{\"@type\":\"WebSite\",\"@id\":\"https:\/\/noti-america.com\/site\/venezuela\/#website\",\"url\":\"https:\/\/noti-america.com\/site\/venezuela\/\",\"name\":\"Venezuela | Noti-America.com\",\"description\":\"\",\"publisher\":{\"@id\":\"https:\/\/noti-america.com\/site\/venezuela\/#organization\"},\"potentialAction\":[{\"@type\":\"SearchAction\",\"target\":{\"@type\":\"EntryPoint\",\"urlTemplate\":\"https:\/\/noti-america.com\/site\/venezuela\/?s={search_term_string}\"},\"query-input\":{\"@type\":\"PropertyValueSpecification\",\"valueRequired\":true,\"valueName\":\"search_term_string\"}}],\"inLanguage\":\"es\"},{\"@type\":\"Organization\",\"@id\":\"https:\/\/noti-america.com\/site\/venezuela\/#organization\",\"name\":\"Noti-America LLC | Venezuela\",\"url\":\"https:\/\/noti-america.com\/site\/venezuela\/\",\"logo\":{\"@type\":\"ImageObject\",\"inLanguage\":\"es\",\"@id\":\"https:\/\/noti-america.com\/site\/venezuela\/#\/schema\/logo\/image\/\",\"url\":\"https:\/\/noti-america.com\/site\/venezuela\/wp-content\/uploads\/sites\/2\/2020\/07\/LogoNA-4x3-1.jpg\",\"contentUrl\":\"https:\/\/noti-america.com\/site\/venezuela\/wp-content\/uploads\/sites\/2\/2020\/07\/LogoNA-4x3-1.jpg\",\"width\":1236,\"height\":1080,\"caption\":\"Noti-America LLC | Venezuela\"},\"image\":{\"@id\":\"https:\/\/noti-america.com\/site\/venezuela\/#\/schema\/logo\/image\/\"}},{\"@type\":\"Person\",\"@id\":\"https:\/\/noti-america.com\/site\/venezuela\/#\/schema\/person\/5536bbfd0e2b9220dabb68be6a79e6a2\",\"name\":\"Andr\u00e9s Salazar TV\",\"image\":{\"@type\":\"ImageObject\",\"inLanguage\":\"es\",\"@id\":\"https:\/\/secure.gravatar.com\/avatar\/afe6826ba750395b641021d9bf08e5496b9d29671cfabb16346350901fb94310?s=96&d=mm&r=g\",\"url\":\"https:\/\/secure.gravatar.com\/avatar\/afe6826ba750395b641021d9bf08e5496b9d29671cfabb16346350901fb94310?s=96&d=mm&r=g\",\"contentUrl\":\"https:\/\/secure.gravatar.com\/avatar\/afe6826ba750395b641021d9bf08e5496b9d29671cfabb16346350901fb94310?s=96&d=mm&r=g\",\"caption\":\"Andr\u00e9s Salazar TV\"},\"description\":\"Periodista venezolano, especializado en deportes. Con m\u00e1s de 12 a\u00f1os de experiencia en medios de comunicaci\u00f3n. Cobertura informativa de los grandes eventos deportivos de Am\u00e9rica Latina y el Mundo.\",\"sameAs\":[\"https:\/\/www.facebook.com\/AndresSalazarTV\/\"],\"url\":\"https:\/\/noti-america.com\/site\/venezuela\/author\/asalazar\/\"}]}<\/script>\n<!-- \/ Yoast SEO Premium plugin. -->","yoast_head_json":{"title":"Kerly Ruiz\u00a0se confieza: &#8220;Meti\u00f3 sus manos en mis partes \u00edntimas&#8221; - Venezuela | Noti-America.com","robots":{"index":"index","follow":"follow","max-snippet":"max-snippet:-1","max-image-preview":"max-image-preview:large","max-video-preview":"max-video-preview:-1"},"canonical":"https:\/\/noti-america.com\/site\/venezuela\/2019\/09\/24\/kerly-ruiz-se-confieza-metio-sus-manos-en-mis-partes-intimas\/","og_locale":"es_ES","og_type":"article","og_title":"Kerly Ruiz\u00a0se confieza: &#8220;Meti\u00f3 sus manos en mis partes \u00edntimas&#8221;","og_description":"La animadora Venezolana Kerly Ruiz, quien actualmente vive en Miami habl\u00f3 en exclusiva\u00a0 para el espacio digital \u00abConversaciones que no se publican\u00bb\u00a0 sobre su etapa como profesional en las pantallas de la televisi\u00f3n nacional.&#46;&#46;&#46;","og_url":"https:\/\/noti-america.com\/site\/venezuela\/2019\/09\/24\/kerly-ruiz-se-confieza-metio-sus-manos-en-mis-partes-intimas\/","og_site_name":"Venezuela | Noti-America.com","article_author":"https:\/\/www.facebook.com\/AndresSalazarTV\/","article_published_time":"2019-09-24T00:25:40+00:00","article_modified_time":"2019-09-24T05:25:48+00:00","og_image":[{"width":1068,"height":712,"url":"https:\/\/noti-america.com\/site\/venezuela\/wp-content\/uploads\/sites\/2\/2019\/09\/ker-1068x712.jpg","type":"image\/jpeg"}],"author":"Andr\u00e9s Salazar TV","twitter_card":"summary_large_image","twitter_misc":{"Escrito por":"Andr\u00e9s Salazar TV","Tiempo estimado de lectura":"1 minuto"},"schema":{"@context":"https:\/\/schema.org","@graph":[{"@type":"Article","@id":"https:\/\/noti-america.com\/site\/venezuela\/2019\/09\/24\/kerly-ruiz-se-confieza-metio-sus-manos-en-mis-partes-intimas\/#article","isPartOf":{"@id":"https:\/\/noti-america.com\/site\/venezuela\/2019\/09\/24\/kerly-ruiz-se-confieza-metio-sus-manos-en-mis-partes-intimas\/"},"author":{"name":"Andr\u00e9s Salazar TV","@id":"https:\/\/noti-america.com\/site\/venezuela\/#\/schema\/person\/5536bbfd0e2b9220dabb68be6a79e6a2"},"headline":"Kerly Ruiz\u00a0se confieza: &#8220;Meti\u00f3 sus manos en mis partes \u00edntimas&#8221;","datePublished":"2019-09-24T00:25:40+00:00","dateModified":"2019-09-24T05:25:48+00:00","mainEntityOfPage":{"@id":"https:\/\/noti-america.com\/site\/venezuela\/2019\/09\/24\/kerly-ruiz-se-confieza-metio-sus-manos-en-mis-partes-intimas\/"},"wordCount":212,"commentCount":0,"publisher":{"@id":"https:\/\/noti-america.com\/site\/venezuela\/#organization"},"image":{"@id":"https:\/\/noti-america.com\/site\/venezuela\/2019\/09\/24\/kerly-ruiz-se-confieza-metio-sus-manos-en-mis-partes-intimas\/#primaryimage"},"thumbnailUrl":"https:\/\/noti-america.com\/site\/venezuela\/wp-content\/uploads\/sites\/2\/2019\/09\/ker-1068x712.jpg","articleSection":["Arte y Espect\u00e1culos","Venezuela"],"inLanguage":"es","potentialAction":[{"@type":"CommentAction","name":"Comment","target":["https:\/\/noti-america.com\/site\/venezuela\/2019\/09\/24\/kerly-ruiz-se-confieza-metio-sus-manos-en-mis-partes-intimas\/#respond"]}]},{"@type":"WebPage","@id":"https:\/\/noti-america.com\/site\/venezuela\/2019\/09\/24\/kerly-ruiz-se-confieza-metio-sus-manos-en-mis-partes-intimas\/","url":"https:\/\/noti-america.com\/site\/venezuela\/2019\/09\/24\/kerly-ruiz-se-confieza-metio-sus-manos-en-mis-partes-intimas\/","name":"Kerly Ruiz\u00a0se confieza: &#8220;Meti\u00f3 sus manos en mis partes \u00edntimas&#8221; - Venezuela | Noti-America.com","isPartOf":{"@id":"https:\/\/noti-america.com\/site\/venezuela\/#website"},"primaryImageOfPage":{"@id":"https:\/\/noti-america.com\/site\/venezuela\/2019\/09\/24\/kerly-ruiz-se-confieza-metio-sus-manos-en-mis-partes-intimas\/#primaryimage"},"image":{"@id":"https:\/\/noti-america.com\/site\/venezuela\/2019\/09\/24\/kerly-ruiz-se-confieza-metio-sus-manos-en-mis-partes-intimas\/#primaryimage"},"thumbnailUrl":"https:\/\/noti-america.com\/site\/venezuela\/wp-content\/uploads\/sites\/2\/2019\/09\/ker-1068x712.jpg","datePublished":"2019-09-24T00:25:40+00:00","dateModified":"2019-09-24T05:25:48+00:00","breadcrumb":{"@id":"https:\/\/noti-america.com\/site\/venezuela\/2019\/09\/24\/kerly-ruiz-se-confieza-metio-sus-manos-en-mis-partes-intimas\/#breadcrumb"},"inLanguage":"es","potentialAction":[{"@type":"ReadAction","target":["https:\/\/noti-america.com\/site\/venezuela\/2019\/09\/24\/kerly-ruiz-se-confieza-metio-sus-manos-en-mis-partes-intimas\/"]}]},{"@type":"ImageObject","inLanguage":"es","@id":"https:\/\/noti-america.com\/site\/venezuela\/2019\/09\/24\/kerly-ruiz-se-confieza-metio-sus-manos-en-mis-partes-intimas\/#primaryimage","url":"https:\/\/noti-america.com\/site\/venezuela\/wp-content\/uploads\/sites\/2\/2019\/09\/ker-1068x712.jpg","contentUrl":"https:\/\/noti-america.com\/site\/venezuela\/wp-content\/uploads\/sites\/2\/2019\/09\/ker-1068x712.jpg","width":1068,"height":712},{"@type":"BreadcrumbList","@id":"https:\/\/noti-america.com\/site\/venezuela\/2019\/09\/24\/kerly-ruiz-se-confieza-metio-sus-manos-en-mis-partes-intimas\/#breadcrumb","itemListElement":[{"@type":"ListItem","position":1,"name":"Portada","item":"https:\/\/noti-america.com\/site\/venezuela\/"},{"@type":"ListItem","position":2,"name":"Kerly Ruiz\u00a0se confieza: &#8220;Meti\u00f3 sus manos en mis partes \u00edntimas&#8221;"}]},{"@type":"WebSite","@id":"https:\/\/noti-america.com\/site\/venezuela\/#website","url":"https:\/\/noti-america.com\/site\/venezuela\/","name":"Venezuela | Noti-America.com","description":"","publisher":{"@id":"https:\/\/noti-america.com\/site\/venezuela\/#organization"},"potentialAction":[{"@type":"SearchAction","target":{"@type":"EntryPoint","urlTemplate":"https:\/\/noti-america.com\/site\/venezuela\/?s={search_term_string}"},"query-input":{"@type":"PropertyValueSpecification","valueRequired":true,"valueName":"search_term_string"}}],"inLanguage":"es"},{"@type":"Organization","@id":"https:\/\/noti-america.com\/site\/venezuela\/#organization","name":"Noti-America LLC | Venezuela","url":"https:\/\/noti-america.com\/site\/venezuela\/","logo":{"@type":"ImageObject","inLanguage":"es","@id":"https:\/\/noti-america.com\/site\/venezuela\/#\/schema\/logo\/image\/","url":"https:\/\/noti-america.com\/site\/venezuela\/wp-content\/uploads\/sites\/2\/2020\/07\/LogoNA-4x3-1.jpg","contentUrl":"https:\/\/noti-america.com\/site\/venezuela\/wp-content\/uploads\/sites\/2\/2020\/07\/LogoNA-4x3-1.jpg","width":1236,"height":1080,"caption":"Noti-America LLC | Venezuela"},"image":{"@id":"https:\/\/noti-america.com\/site\/venezuela\/#\/schema\/logo\/image\/"}},{"@type":"Person","@id":"https:\/\/noti-america.com\/site\/venezuela\/#\/schema\/person\/5536bbfd0e2b9220dabb68be6a79e6a2","name":"Andr\u00e9s Salazar TV","image":{"@type":"ImageObject","inLanguage":"es","@id":"https:\/\/secure.gravatar.com\/avatar\/afe6826ba750395b641021d9bf08e5496b9d29671cfabb16346350901fb94310?s=96&d=mm&r=g","url":"https:\/\/secure.gravatar.com\/avatar\/afe6826ba750395b641021d9bf08e5496b9d29671cfabb16346350901fb94310?s=96&d=mm&r=g","contentUrl":"https:\/\/secure.gravatar.com\/avatar\/afe6826ba750395b641021d9bf08e5496b9d29671cfabb16346350901fb94310?s=96&d=mm&r=g","caption":"Andr\u00e9s Salazar TV"},"description":"Periodista venezolano, especializado en deportes. Con m\u00e1s de 12 a\u00f1os de experiencia en medios de comunicaci\u00f3n. Cobertura informativa de los grandes eventos deportivos de Am\u00e9rica Latina y el Mundo.","sameAs":["https:\/\/www.facebook.com\/AndresSalazarTV\/"],"url":"https:\/\/noti-america.com\/site\/venezuela\/author\/asalazar\/"}]}},"_links":{"self":[{"href":"https:\/\/noti-america.com\/site\/venezuela\/wp-json\/wp\/v2\/posts\/9870","targetHints":{"allow":["GET"]}}],"collection":[{"href":"https:\/\/noti-america.com\/site\/venezuela\/wp-json\/wp\/v2\/posts"}],"about":[{"href":"https:\/\/noti-america.com\/site\/venezuela\/wp-json\/wp\/v2\/types\/post"}],"author":[{"embeddable":true,"href":"https:\/\/noti-america.com\/site\/venezuela\/wp-json\/wp\/v2\/users\/4"}],"replies":[{"embeddable":true,"href":"https:\/\/noti-america.com\/site\/venezuela\/wp-json\/wp\/v2\/comments?post=9870"}],"version-history":[{"count":1,"href":"https:\/\/noti-america.com\/site\/venezuela\/wp-json\/wp\/v2\/posts\/9870\/revisions"}],"predecessor-version":[{"id":9872,"href":"https:\/\/noti-america.com\/site\/venezuela\/wp-json\/wp\/v2\/posts\/9870\/revisions\/9872"}],"wp:featuredmedia":[{"embeddable":true,"href":"https:\/\/noti-america.com\/site\/venezuela\/wp-json\/wp\/v2\/media\/9871"}],"wp:attachment":[{"href":"https:\/\/noti-america.com\/site\/venezuela\/wp-json\/wp\/v2\/media?parent=9870"}],"wp:term":[{"taxonomy":"category","embeddable":true,"href":"https:\/\/noti-america.com\/site\/venezuela\/wp-json\/wp\/v2\/categories?post=9870"},{"taxonomy":"post_tag","embeddable":true,"href":"https:\/\/noti-america.com\/site\/venezuela\/wp-json\/wp\/v2\/tags?post=9870"}],"curies":[{"name":"wp","href":"https:\/\/api.w.org\/{rel}","templated":true}]}}