{"id":947,"date":"2017-10-16T01:02:06","date_gmt":"2017-10-16T01:02:06","guid":{"rendered":"http:\/\/noti-america.com\/site\/venezuela\/?p=947"},"modified":"2017-10-19T14:49:54","modified_gmt":"2017-10-19T14:49:54","slug":"cne-debe-respetar-resultados-de-regionales","status":"publish","type":"post","link":"https:\/\/noti-america.com\/site\/venezuela\/2017\/10\/16\/cne-debe-respetar-resultados-de-regionales\/","title":{"rendered":"CNE debe respetar resultados de regionales"},"content":{"rendered":"<blockquote><p><strong><em>El gobernador de Miranda pidi\u00f3 no hacer eco de rumores ni creer en sonrisas de Jorge Rodr\u00edguez.<\/em><\/strong><\/p>\n<p>El CNE no debe retrasar la publicaci\u00f3n de los resultados, exigen representantes de la Mesa de la Unidad.<\/p><\/blockquote>\n<div class=\"col-xs-12 col-sm-12 col-md-7 col-lg-8 \">\n<div class=\"detail-body\">\n<p>La denominada \u201coperaci\u00f3n remate\u201d de la Mesa de la Unidad Democr\u00e1tica (MUD) ya termin\u00f3. El Consejo Nacional Electoral (CNE) debe dejar solamente abiertos los centros electorales en los que queden electores, destac\u00f3 Henrique Capriles, gobernador de Miranda.<\/p>\n<p>\u201cTienen que cerrarse los centros donde no queden electores\u201d, dijo el gobernador durante una alocuci\u00f3n desde el comando de campa\u00f1a de la MUD.<\/p>\n<p>Exhort\u00f3 al Poder Electoral a no retrasar la publicaci\u00f3n de resultados hasta horas de la madrugada. \u201cD\u00e9nselos al pa\u00eds a la hora que debe ser\u201d, enfatiz\u00f3.<\/p>\n<p>A su vez, pidi\u00f3 no confiar en mensajes de dirigentes oficialistas ni en \u201csonrisas de Jorge Rodr\u00edguez\u201d.<\/p>\n<p><strong>En Venezuela no hay democracia<\/strong><\/p>\n<p>A pesar de que se celebraron los comicios, Capriles asegur\u00f3 que no hay democracia en Venezuela.<\/p>\n<blockquote><p><strong>\u201cLas elecciones debieron ser en 2016 y las hicieron ahora por la presi\u00f3n. No se restituy\u00f3 la democracia. Fueron un obst\u00e1culo m\u00e1s para recuperar la democracia, que no es solo votar\u201d, recalc\u00f3 el gobernador.<\/strong><\/p><\/blockquote>\n<\/div>\n<div class=\"tags\"><\/div>\n<div class=\"ultimos-videos\">\n<div class=\"top\">\u00a0Electores votaron en Guarenas pese al amedrentamiento de colectivos armados<\/div>\n<div class=\"wrap carousel\">\n<div class=\"viewport\">\n<ul class=\"slides\">\n<li class=\"item select\">\n<div class=\"txt\">\n<blockquote class=\"twitter-tweet\" data-width=\"500\" data-dnt=\"true\">\n<p lang=\"es\" dir=\"ltr\">\u25ba \u00a1Epa, Padrino! GNB agredi\u00f3 a periodista en un centro electoral (Video)<br \/> <a href=\"https:\/\/t.co\/wE4wJboFed\">https:\/\/t.co\/wE4wJboFed<\/a> <a href=\"https:\/\/t.co\/YmDdhX998g\">pic.twitter.com\/YmDdhX998g<\/a><\/p>\n<p>&mdash; EP | Mundo (@EP_Mundo) <a href=\"https:\/\/twitter.com\/EP_Mundo\/status\/919728906684551168?ref_src=twsrc%5Etfw\">October 16, 2017<\/a><\/p><\/blockquote>\n<p><script async src=\"https:\/\/platform.twitter.com\/widgets.js\" charset=\"utf-8\"><\/script><\/p>\n<\/div>\n<div class=\"txt\"><\/div>\n<div class=\"thumb\"><\/div>\n<div class=\"txt\">\n<h2 class=\"title\"><a title=\"As\u00ed fue el enfrentamiento entre chavistas y opositores en Petare #15O\" href=\"http:\/\/www.el-nacional.com\/videos\/politica\/asi-fue-enfrentamiento-entre-chavistas-opositores-petare-15o_56384\">As\u00ed fue el enfrentamiento entre chavistas y opositores en Petare #15O<\/a><\/h2>\n<\/div>\n<div class=\"thumb\">\u00a0<a title=\"As\u00ed recibieron a Pizarro en Petare #15O\" href=\"http:\/\/www.el-nacional.com\/videos\/politica\/asi-recibieron-pizarro-petare-15o_56383\">As\u00ed recibieron a Pizarro en Petare #15O<\/a><\/div>\n<div class=\"txt\">\n<h2 class=\"title\"><a title=\"Atropellos y &quot;operaci\u00f3n morrocoy&quot; fueron protagonistas este #15O en Miranda\" href=\"http:\/\/www.el-nacional.com\/videos\/politica\/atropellos-operacion-morrocoy-fueron-protagonistas-este-15o-miranda_56375\">Atropellos y \u00aboperaci\u00f3n morrocoy\u00bb fueron protagonistas este #15O en Miranda<\/a><\/h2>\n<\/div>\n<div class=\"txt\">\u00a0<a title=\"\u00bfQu\u00e9 te motiv\u00f3 a votar este #15O? Hablan los electores\" href=\"http:\/\/www.el-nacional.com\/videos\/politica\/que-motivo-votar-este-15o-hablan-los-electores_56350\">\u00bfQu\u00e9 te motiv\u00f3 a votar este #15O? Hablan los electores<\/a><\/div>\n<div class=\"thumb\">\n<figure class=\"thumb video\"><a title=\"Vanessa Senior denunci\u00f3 que fue robada mientras visita centros electorales\" href=\"http:\/\/www.el-nacional.com\/videos\/entretenimiento\/vanessa-senior-denuncio-que-fue-robada-mientras-visita-centros-electorales_56349\"><span class=\"r16-9\"><\/span><\/a><\/figure>\n<\/div>\n<div class=\"txt\">\n<h2 class=\"title\"><a title=\"Vanessa Senior denunci\u00f3 que fue robada mientras visita centros electorales\" href=\"http:\/\/www.el-nacional.com\/videos\/entretenimiento\/vanessa-senior-denuncio-que-fue-robada-mientras-visita-centros-electorales_56349\">Vanessa Senior denunci\u00f3 que fue robada mientras visita centros electorales<\/a><\/h2>\n<\/div>\n<div class=\"txt\">\n<p class=\"date\">\u00a0<a title=\"Freddy Bernal: CNE traslad\u00f3 centros electorales para garantizar la paz\" href=\"http:\/\/www.el-nacional.com\/videos\/politica\/freddy-bernal-cne-traslado-centros-electorales-para-garantizar-paz_56335\">Freddy Bernal: CNE traslad\u00f3 centros electorales para garantizar la paz<\/a><\/p>\n<\/div>\n<div class=\"txt\">\n<p class=\"date\">\u00a0<a title=\"Jos\u00e9 Manuel Olivares: Todos tenemos las mismas razones para votar\" href=\"http:\/\/www.el-nacional.com\/videos\/politica\/jose-manuel-olivares-todos-tenemos-las-mismas-razones-para-votar_56333\">Jos\u00e9 Manuel Olivares: Todos tenemos las mismas razones para votar<\/a><\/p>\n<\/div>\n<div class=\"thumb\">\u00a0<a title=\"Vanessa Senior invit\u00f3 a los venezolanos a votar en las regionales\" href=\"http:\/\/www.el-nacional.com\/videos\/entretenimiento\/vanessa-senior-invito-los-venezolanos-votar-las-regionales_56332\">Vanessa Senior invit\u00f3 a los venezolanos a votar en las regionales<\/a><\/div>\n<\/li>\n<\/ul>\n<\/div>\n<\/div>\n<\/div>\n<div class=\"more-content\">\n<div class=\"middle\">\n<article class=\"item \">\n<figure class=\"thumb photo\"><a title=\"Meride\u00f1os haciendo cola\" href=\"http:\/\/www.el-nacional.com\/noticias\/oposicion\/encapuchados-armados-agredieron-electores-merida_207952\"><span class=\"r16-9\"><img decoding=\"async\" class=\"lazyload objFit\" title=\"Meride\u00f1os haciendo cola\" src=\"http:\/\/en-cdnmed.agilecontent.com\/\/resources\/jpg\/0\/6\/1508111961660.jpg\" alt=\"Meride\u00f1os haciendo cola\" \/><\/span><\/a><\/figure>\n<div class=\"txt\">\n<h3 class=\"title\"><a title=\"Encapuchados armados agredieron a electores en M\u00e9rida\" href=\"http:\/\/www.el-nacional.com\/noticias\/oposicion\/encapuchados-armados-agredieron-electores-merida_207952\">Encapuchados armados agredieron a electores en M\u00e9rida<\/a><\/h3>\n<\/div>\n<\/article>\n<p>\u00a0<\/p>\n<article class=\"item \">\n<figure class=\"thumb photo\"><a title=\"MUd\" href=\"http:\/\/www.el-nacional.com\/noticias\/oposicion\/mud-gobernadores-subordinaran-anc_207948\"><span class=\"r16-9\"><img decoding=\"async\" class=\"lazyload objFit\" title=\"MUd\" src=\"http:\/\/en-cdnmed.agilecontent.com\/\/resources\/jpg\/5\/6\/1507116868965.jpg\" alt=\"MUd\" \/><\/span><\/a><\/figure>\n<div class=\"txt\">\n<h3 class=\"title\"><a title=\"MUD: Gobernadores no se subordinar\u00e1n a la ANC\" href=\"http:\/\/www.el-nacional.com\/noticias\/oposicion\/mud-gobernadores-subordinaran-anc_207948\">MUD: Gobernadores no se subordinar\u00e1n a la ANC<\/a><\/h3>\n<\/div>\n<\/article>\n<p>\u00a0<\/p>\n<article class=\"item \">\n<figure class=\"thumb photo\"><a title=\"Ramos Allup\" href=\"http:\/\/www.el-nacional.com\/noticias\/oposicion\/reportan-que-niegan-acceso-actas-testigos-mud-nueva-esparta_207945\"><span class=\"r16-9\"><img decoding=\"async\" class=\"lazyload objFit\" title=\"Ramos Allup\" src=\"http:\/\/en-cdnmed.agilecontent.com\/\/resources\/jpg\/1\/1\/1505139580611.jpg\" alt=\"Ramos Allup\" \/><\/span><\/a><\/figure>\n<div class=\"txt\">\n<h3 class=\"title\"><a title=\"Reportan que niegan acceso a actas a testigos de la MUD en Nueva Esparta\" href=\"http:\/\/www.el-nacional.com\/noticias\/oposicion\/reportan-que-niegan-acceso-actas-testigos-mud-nueva-esparta_207945\">Reportan que niegan acceso a actas a testigos de la MUD en Nueva Esparta<\/a><\/h3>\n<\/div>\n<\/article>\n<p>\u00a0<\/p>\n<article class=\"item \">\n<figure class=\"thumb photo\"><a title=\"Henry Ramos Allup\" href=\"http:\/\/www.el-nacional.com\/noticias\/oposicion\/denuncian-que-quieren-entregar-actas-testigos-nueva-esparta_207943\"><span class=\"r16-9\"><img decoding=\"async\" class=\"lazyload objFit\" title=\"Henry Ramos Allup\" src=\"http:\/\/en-cdnmed.agilecontent.com\/\/resources\/jpg\/5\/3\/1500487901435.jpg\" alt=\"Henry Ramos Allup\" \/><\/span><\/a><\/figure>\n<div class=\"txt\">\n<h3 class=\"title\"><a title=\"Denuncian que no quieren entregar actas a testigos en Nueva Esparta\" href=\"http:\/\/www.el-nacional.com\/noticias\/oposicion\/denuncian-que-quieren-entregar-actas-testigos-nueva-esparta_207943\">Denuncian que no quieren entregar actas a testigos en Nueva Esparta<\/a><\/h3>\n<\/div>\n<\/article>\n<article class=\"item \">\n<figure class=\"thumb photo\"><a title=\"MUD regionales\" href=\"http:\/\/www.el-nacional.com\/noticias\/oposicion\/mud-pidio-testigos-mesa-resguardar-los-votos_207941\"><span class=\"r16-9\"><img decoding=\"async\" class=\"lazyload objFit\" title=\"MUD regionales\" src=\"http:\/\/en-cdnmed.agilecontent.com\/\/resources\/jpg\/9\/6\/1508108750369.jpg\" alt=\"MUD regionales\" \/><\/span><\/a><\/figure>\n<div class=\"txt\">\n<h3 class=\"title\"><a title=\"MUD pidi\u00f3 a testigos de mesa resguardar los votos\" href=\"http:\/\/www.el-nacional.com\/noticias\/oposicion\/mud-pidio-testigos-mesa-resguardar-los-votos_207941\">MUD pidi\u00f3 a testigos de mesa resguardar los votos<\/a><\/h3>\n<\/div>\n<\/article>\n<p>\u00a0<\/p>\n<article class=\"item \">\n<figure class=\"thumb photo\"><a title=\"Tarima\" href=\"http:\/\/www.el-nacional.com\/noticias\/oposicion\/desarman-tarima-del-oficialismo-estado-tachira_207942\"><span class=\"r16-9\"><img decoding=\"async\" class=\"lazyload objFit\" title=\"Tarima\" src=\"http:\/\/en-cdnmed.agilecontent.com\/\/resources\/jpg\/6\/8\/1508109140786.jpg\" alt=\"Tarima\" \/><\/span><\/a><\/figure>\n<div class=\"txt\">\n<h3 class=\"title\"><a title=\"Desarman tarima del oficialismo en el estado T\u00e1chira\" href=\"http:\/\/www.el-nacional.com\/noticias\/oposicion\/desarman-tarima-del-oficialismo-estado-tachira_207942\">Desarman tarima del oficialismo en el estado T\u00e1chira<\/a><\/h3>\n<\/div>\n<\/article>\n<p>\u00a0<\/p>\n<article class=\"item \">\n<figure class=\"thumb video\"><a title=\"Colectivos\" href=\"http:\/\/www.el-nacional.com\/noticias\/oposicion\/somaza-denuncio-agresion-grupos-armados-centros-votacion-baruta_207933\"><span class=\"r16-9\"><img decoding=\"async\" class=\"lazyload objFit\" title=\"Colectivos\" src=\"http:\/\/en-cdnmed.agilecontent.com\/\/resources\/jpg\/6\/3\/1508109263336.jpg\" alt=\"Colectivos\" \/><\/span><\/a><\/figure>\n<div class=\"txt\">\n<h3 class=\"title\"><a title=\"Somaza denunci\u00f3 agresi\u00f3n de grupos armados a centros de votaci\u00f3n en Baruta\" href=\"http:\/\/www.el-nacional.com\/noticias\/oposicion\/somaza-denuncio-agresion-grupos-armados-centros-votacion-baruta_207933\">Somaza denunci\u00f3 agresi\u00f3n de grupos armados a centros de votaci\u00f3n en Baruta<\/a><\/h3>\n<\/div>\n<\/article>\n<p>\u00a0<\/p>\n<article class=\"item \">\n<figure class=\"thumb photo\"><a title=\"voto\" href=\"http:\/\/www.el-nacional.com\/noticias\/oposicion\/electores-hatillo-plantaron-frente-colectivos-amedrentadores_207932\"><span class=\"r16-9\"><img decoding=\"async\" class=\"lazyload objFit\" title=\"voto\" src=\"http:\/\/en-cdnmed.agilecontent.com\/\/resources\/jpg\/8\/9\/1507998360598.jpg\" alt=\"voto\" \/><\/span><\/a><\/figure>\n<div class=\"txt\">\n<h3 class=\"title\"><a title=\"Electores de El Hatillo se plantaron frente a colectivos amedrentadores\" href=\"http:\/\/www.el-nacional.com\/noticias\/oposicion\/electores-hatillo-plantaron-frente-colectivos-amedrentadores_207932\">Electores de El Hatillo se plantaron frente a colectivos amedrentadores<\/a><\/h3>\n<\/div>\n<\/article>\n<\/div>\n<\/div>\n<h2 id=\"listComments\" class=\"fb-comments fb_iframe_widget fb_iframe_widget_fluid\"><strong>LARA demostr\u00f3 civismo y calma en comicios regionales<\/strong><\/h2>\n<\/div>\n<div class=\"col-xs-12 col-sm-12 col-md-5 col-lg-4 \"><\/div>\n<div id=\"attachment_949\" style=\"width: 310px\" class=\"wp-caption alignnone\"><img loading=\"lazy\" decoding=\"async\" aria-describedby=\"caption-attachment-949\" class=\"wp-image-949 size-medium\" src=\"http:\/\/noti-america.com\/site\/venezuela\/wp-content\/uploads\/sites\/2\/2017\/10\/elecciones-reg-004-300x225.jpg\" alt=\"\" width=\"300\" height=\"225\" srcset=\"https:\/\/noti-america.com\/site\/venezuela\/wp-content\/uploads\/sites\/2\/2017\/10\/elecciones-reg-004-300x225.jpg 300w, https:\/\/noti-america.com\/site\/venezuela\/wp-content\/uploads\/sites\/2\/2017\/10\/elecciones-reg-004.jpg 640w\" sizes=\"auto, (max-width: 300px) 100vw, 300px\" \/><p id=\"caption-attachment-949\" class=\"wp-caption-text\">Lara demostr\u00f3 su capacidad de participaci\u00f3n con total civismo<\/p><\/div>\n<p>Los venezolanos salieron este domingo a decidir la suerte de 23 gobernadores y as\u00ed el peso pol\u00edtico o econ\u00f3mico de varios estados, seg\u00fan analistas, lo cual puede ser fundamental en las presidenciales pautadas a realizarse en 2018.<\/p>\n<div id=\"attachment_950\" style=\"width: 310px\" class=\"wp-caption alignnone\"><img loading=\"lazy\" decoding=\"async\" aria-describedby=\"caption-attachment-950\" class=\"wp-image-950 size-medium\" src=\"http:\/\/noti-america.com\/site\/venezuela\/wp-content\/uploads\/sites\/2\/2017\/10\/elecciones-reg-001-300x225.jpg\" alt=\"\" width=\"300\" height=\"225\" srcset=\"https:\/\/noti-america.com\/site\/venezuela\/wp-content\/uploads\/sites\/2\/2017\/10\/elecciones-reg-001-300x225.jpg 300w, https:\/\/noti-america.com\/site\/venezuela\/wp-content\/uploads\/sites\/2\/2017\/10\/elecciones-reg-001.jpg 640w\" sizes=\"auto, (max-width: 300px) 100vw, 300px\" \/><p id=\"caption-attachment-950\" class=\"wp-caption-text\">Diversos centro de votaci\u00f3n reubicados mostraron lentitud en el proceso, as\u00ed como agilizaci\u00f3n del mismo en otros centros.<\/p><\/div>\n<blockquote><p>Oficialistas <strong>\u00abtienen una obsesi\u00f3n enfermiza, no olvidemos aquella declaraci\u00f3n de uno de sus candidatos que dijo que cambiar\u00edan 20 gobernaciones por la de Miranda\u00bb<\/strong>, <em>record\u00f3 Capriles<\/em>.<\/p><\/blockquote>\n<p>&nbsp;<\/p>\n<p><img loading=\"lazy\" decoding=\"async\" class=\"alignnone size-medium wp-image-951\" src=\"http:\/\/noti-america.com\/site\/venezuela\/wp-content\/uploads\/sites\/2\/2017\/10\/elecciones-reg-003-300x225.jpg\" alt=\"\" width=\"300\" height=\"225\" srcset=\"https:\/\/noti-america.com\/site\/venezuela\/wp-content\/uploads\/sites\/2\/2017\/10\/elecciones-reg-003-300x225.jpg 300w, https:\/\/noti-america.com\/site\/venezuela\/wp-content\/uploads\/sites\/2\/2017\/10\/elecciones-reg-003.jpg 640w\" sizes=\"auto, (max-width: 300px) 100vw, 300px\" \/><\/p>\n<p>&nbsp;<\/p>\n","protected":false},"excerpt":{"rendered":"<p>El gobernador de Miranda pidi\u00f3 no hacer eco de rumores ni creer en sonrisas de Jorge Rodr\u00edguez. El CNE no debe retrasar la publicaci\u00f3n de los resultados, exigen representantes de la Mesa de la&#46;&#46;&#46;<\/p>\n","protected":false},"author":11,"featured_media":948,"comment_status":"open","ping_status":"open","sticky":false,"template":"","format":"standard","meta":{"_acf_changed":false,"om_disable_all_campaigns":false,"rop_custom_images_group":[],"rop_custom_messages_group":[],"rop_publish_now":"initial","rop_publish_now_accounts":{"twitter_242054905_242054905":""},"rop_publish_now_history":[],"rop_publish_now_status":"pending","_uf_show_specific_survey":0,"_uf_disable_surveys":false,"footnotes":""},"categories":[4,12,3],"tags":[],"class_list":["post-947","post","type-post","status-publish","format-standard","has-post-thumbnail","hentry","category-internacionales","category-opinion","category-politica"],"acf":[],"aioseo_notices":[],"yoast_head":"<!-- This site is optimized with the Yoast SEO Premium plugin v24.9 (Yoast SEO v27.2) - https:\/\/yoast.com\/product\/yoast-seo-premium-wordpress\/ -->\n<title>CNE debe respetar resultados de regionales - Venezuela | Noti-America.com<\/title>\n<meta name=\"robots\" content=\"index, follow, max-snippet:-1, max-image-preview:large, max-video-preview:-1\" \/>\n<link rel=\"canonical\" href=\"https:\/\/noti-america.com\/site\/venezuela\/2017\/10\/16\/cne-debe-respetar-resultados-de-regionales\/\" \/>\n<meta property=\"og:locale\" content=\"es_ES\" \/>\n<meta property=\"og:type\" content=\"article\" \/>\n<meta property=\"og:title\" content=\"CNE debe respetar resultados de regionales\" \/>\n<meta property=\"og:description\" content=\"El gobernador de Miranda pidi\u00f3 no hacer eco de rumores ni creer en sonrisas de Jorge Rodr\u00edguez. El CNE no debe retrasar la publicaci\u00f3n de los resultados, exigen representantes de la Mesa de la&#046;&#046;&#046;\" \/>\n<meta property=\"og:url\" content=\"https:\/\/noti-america.com\/site\/venezuela\/2017\/10\/16\/cne-debe-respetar-resultados-de-regionales\/\" \/>\n<meta property=\"og:site_name\" content=\"Venezuela | Noti-America.com\" \/>\n<meta property=\"article:published_time\" content=\"2017-10-16T01:02:06+00:00\" \/>\n<meta property=\"article:modified_time\" content=\"2017-10-19T14:49:54+00:00\" \/>\n<meta property=\"og:image\" content=\"https:\/\/noti-america.com\/site\/venezuela\/wp-content\/uploads\/sites\/2\/2017\/10\/elecciones-reg-002.jpg\" \/>\n\t<meta property=\"og:image:width\" content=\"640\" \/>\n\t<meta property=\"og:image:height\" content=\"480\" \/>\n\t<meta property=\"og:image:type\" content=\"image\/jpeg\" \/>\n<meta name=\"author\" content=\"Yliana Duque\" \/>\n<meta name=\"twitter:card\" content=\"summary_large_image\" \/>\n<meta name=\"twitter:creator\" content=\"@ylianaduque\" \/>\n<meta name=\"twitter:label1\" content=\"Escrito por\" \/>\n\t<meta name=\"twitter:data1\" content=\"Yliana Duque\" \/>\n\t<meta name=\"twitter:label2\" content=\"Tiempo estimado de lectura\" \/>\n\t<meta name=\"twitter:data2\" content=\"3 minutos\" \/>\n<script type=\"application\/ld+json\" class=\"yoast-schema-graph\">{\"@context\":\"https:\/\/schema.org\",\"@graph\":[{\"@type\":\"Article\",\"@id\":\"https:\/\/noti-america.com\/site\/venezuela\/2017\/10\/16\/cne-debe-respetar-resultados-de-regionales\/#article\",\"isPartOf\":{\"@id\":\"https:\/\/noti-america.com\/site\/venezuela\/2017\/10\/16\/cne-debe-respetar-resultados-de-regionales\/\"},\"author\":{\"name\":\"Yliana Duque\",\"@id\":\"https:\/\/noti-america.com\/site\/venezuela\/#\/schema\/person\/a166d9d45f249dbd09521fbc2e7342d8\"},\"headline\":\"CNE debe respetar resultados de regionales\",\"datePublished\":\"2017-10-16T01:02:06+00:00\",\"dateModified\":\"2017-10-19T14:49:54+00:00\",\"mainEntityOfPage\":{\"@id\":\"https:\/\/noti-america.com\/site\/venezuela\/2017\/10\/16\/cne-debe-respetar-resultados-de-regionales\/\"},\"wordCount\":511,\"commentCount\":0,\"publisher\":{\"@id\":\"https:\/\/noti-america.com\/site\/venezuela\/#organization\"},\"image\":{\"@id\":\"https:\/\/noti-america.com\/site\/venezuela\/2017\/10\/16\/cne-debe-respetar-resultados-de-regionales\/#primaryimage\"},\"thumbnailUrl\":\"https:\/\/noti-america.com\/site\/venezuela\/wp-content\/uploads\/sites\/2\/2017\/10\/elecciones-reg-002.jpg\",\"articleSection\":[\"Internacionales\",\"Opini\u00f3n\",\"Pol\u00edtica\"],\"inLanguage\":\"es\",\"potentialAction\":[{\"@type\":\"CommentAction\",\"name\":\"Comment\",\"target\":[\"https:\/\/noti-america.com\/site\/venezuela\/2017\/10\/16\/cne-debe-respetar-resultados-de-regionales\/#respond\"]}]},{\"@type\":\"WebPage\",\"@id\":\"https:\/\/noti-america.com\/site\/venezuela\/2017\/10\/16\/cne-debe-respetar-resultados-de-regionales\/\",\"url\":\"https:\/\/noti-america.com\/site\/venezuela\/2017\/10\/16\/cne-debe-respetar-resultados-de-regionales\/\",\"name\":\"CNE debe respetar resultados de regionales - Venezuela | Noti-America.com\",\"isPartOf\":{\"@id\":\"https:\/\/noti-america.com\/site\/venezuela\/#website\"},\"primaryImageOfPage\":{\"@id\":\"https:\/\/noti-america.com\/site\/venezuela\/2017\/10\/16\/cne-debe-respetar-resultados-de-regionales\/#primaryimage\"},\"image\":{\"@id\":\"https:\/\/noti-america.com\/site\/venezuela\/2017\/10\/16\/cne-debe-respetar-resultados-de-regionales\/#primaryimage\"},\"thumbnailUrl\":\"https:\/\/noti-america.com\/site\/venezuela\/wp-content\/uploads\/sites\/2\/2017\/10\/elecciones-reg-002.jpg\",\"datePublished\":\"2017-10-16T01:02:06+00:00\",\"dateModified\":\"2017-10-19T14:49:54+00:00\",\"breadcrumb\":{\"@id\":\"https:\/\/noti-america.com\/site\/venezuela\/2017\/10\/16\/cne-debe-respetar-resultados-de-regionales\/#breadcrumb\"},\"inLanguage\":\"es\",\"potentialAction\":[{\"@type\":\"ReadAction\",\"target\":[\"https:\/\/noti-america.com\/site\/venezuela\/2017\/10\/16\/cne-debe-respetar-resultados-de-regionales\/\"]}]},{\"@type\":\"ImageObject\",\"inLanguage\":\"es\",\"@id\":\"https:\/\/noti-america.com\/site\/venezuela\/2017\/10\/16\/cne-debe-respetar-resultados-de-regionales\/#primaryimage\",\"url\":\"https:\/\/noti-america.com\/site\/venezuela\/wp-content\/uploads\/sites\/2\/2017\/10\/elecciones-reg-002.jpg\",\"contentUrl\":\"https:\/\/noti-america.com\/site\/venezuela\/wp-content\/uploads\/sites\/2\/2017\/10\/elecciones-reg-002.jpg\",\"width\":640,\"height\":480},{\"@type\":\"BreadcrumbList\",\"@id\":\"https:\/\/noti-america.com\/site\/venezuela\/2017\/10\/16\/cne-debe-respetar-resultados-de-regionales\/#breadcrumb\",\"itemListElement\":[{\"@type\":\"ListItem\",\"position\":1,\"name\":\"Portada\",\"item\":\"https:\/\/noti-america.com\/site\/venezuela\/\"},{\"@type\":\"ListItem\",\"position\":2,\"name\":\"CNE debe respetar resultados de regionales\"}]},{\"@type\":\"WebSite\",\"@id\":\"https:\/\/noti-america.com\/site\/venezuela\/#website\",\"url\":\"https:\/\/noti-america.com\/site\/venezuela\/\",\"name\":\"Venezuela | Noti-America.com\",\"description\":\"\",\"publisher\":{\"@id\":\"https:\/\/noti-america.com\/site\/venezuela\/#organization\"},\"potentialAction\":[{\"@type\":\"SearchAction\",\"target\":{\"@type\":\"EntryPoint\",\"urlTemplate\":\"https:\/\/noti-america.com\/site\/venezuela\/?s={search_term_string}\"},\"query-input\":{\"@type\":\"PropertyValueSpecification\",\"valueRequired\":true,\"valueName\":\"search_term_string\"}}],\"inLanguage\":\"es\"},{\"@type\":\"Organization\",\"@id\":\"https:\/\/noti-america.com\/site\/venezuela\/#organization\",\"name\":\"Noti-America LLC | Venezuela\",\"url\":\"https:\/\/noti-america.com\/site\/venezuela\/\",\"logo\":{\"@type\":\"ImageObject\",\"inLanguage\":\"es\",\"@id\":\"https:\/\/noti-america.com\/site\/venezuela\/#\/schema\/logo\/image\/\",\"url\":\"https:\/\/noti-america.com\/site\/venezuela\/wp-content\/uploads\/sites\/2\/2020\/07\/LogoNA-4x3-1.jpg\",\"contentUrl\":\"https:\/\/noti-america.com\/site\/venezuela\/wp-content\/uploads\/sites\/2\/2020\/07\/LogoNA-4x3-1.jpg\",\"width\":1236,\"height\":1080,\"caption\":\"Noti-America LLC | Venezuela\"},\"image\":{\"@id\":\"https:\/\/noti-america.com\/site\/venezuela\/#\/schema\/logo\/image\/\"}},{\"@type\":\"Person\",\"@id\":\"https:\/\/noti-america.com\/site\/venezuela\/#\/schema\/person\/a166d9d45f249dbd09521fbc2e7342d8\",\"name\":\"Yliana Duque\",\"image\":{\"@type\":\"ImageObject\",\"inLanguage\":\"es\",\"@id\":\"https:\/\/secure.gravatar.com\/avatar\/8caf2a4035762b3be44c3a0455581febe2d5273a41ac40dacc575b8aa348fe65?s=96&d=mm&r=g\",\"url\":\"https:\/\/secure.gravatar.com\/avatar\/8caf2a4035762b3be44c3a0455581febe2d5273a41ac40dacc575b8aa348fe65?s=96&d=mm&r=g\",\"contentUrl\":\"https:\/\/secure.gravatar.com\/avatar\/8caf2a4035762b3be44c3a0455581febe2d5273a41ac40dacc575b8aa348fe65?s=96&d=mm&r=g\",\"caption\":\"Yliana Duque\"},\"description\":\"Ejercer el periodismo requiere de pasi\u00f3n y conocimiento en investigaci\u00f3n de campo. Siempre en la b\u00fasqueda de la verdad para aportar claridad y poder discernir sobre el hecho noticioso. Egresada de la Universidad de los Andes. Maestria en Relaciones Internacionales (UCV). Diplomado de Educaci\u00f3n Superior (Universidad Experimental LIbertador (UPEL), y Educaci\u00f3n superior a distancia (UFT). Estudios de Locuci\u00f3n- Actuaci\u00f3n-Publicidad y Mercadeo, Redes. Subdirectora de relaciones p\u00fablicas de la Asamablea Legislativa del Estado Sucre(1995)-Periodista de TELESOL,Telecaribe (Sucre). Jefe de Prensa de la Gobernaci\u00f3n del Estado Amazonas(1997). Periodista Comandancia General del Ej\u00e9rcito, Fuerte Tiuna (1996). Lider de Proyectos en educaci\u00f3n Superior en la Universidad Ferm\u00edn Toro (UFT) (2000). Docente Universitario UFT (2002-2007)-Docente de Educaci\u00f3n Superior a Distancia -titulado. Periodista Diario El Informador. Periodista en Apoyo A\u00e9reo de la Guardia Nacional, Aeropuerto Jacinto Lara. www.Noti-america.com (Venezuela)\",\"sameAs\":[\"https:\/\/x.com\/ylianaduque\"],\"url\":\"https:\/\/noti-america.com\/site\/venezuela\/author\/yduque\/\"}]}<\/script>\n<!-- \/ Yoast SEO Premium plugin. -->","yoast_head_json":{"title":"CNE debe respetar resultados de regionales - Venezuela | Noti-America.com","robots":{"index":"index","follow":"follow","max-snippet":"max-snippet:-1","max-image-preview":"max-image-preview:large","max-video-preview":"max-video-preview:-1"},"canonical":"https:\/\/noti-america.com\/site\/venezuela\/2017\/10\/16\/cne-debe-respetar-resultados-de-regionales\/","og_locale":"es_ES","og_type":"article","og_title":"CNE debe respetar resultados de regionales","og_description":"El gobernador de Miranda pidi\u00f3 no hacer eco de rumores ni creer en sonrisas de Jorge Rodr\u00edguez. El CNE no debe retrasar la publicaci\u00f3n de los resultados, exigen representantes de la Mesa de la&#46;&#46;&#46;","og_url":"https:\/\/noti-america.com\/site\/venezuela\/2017\/10\/16\/cne-debe-respetar-resultados-de-regionales\/","og_site_name":"Venezuela | Noti-America.com","article_published_time":"2017-10-16T01:02:06+00:00","article_modified_time":"2017-10-19T14:49:54+00:00","og_image":[{"width":640,"height":480,"url":"https:\/\/noti-america.com\/site\/venezuela\/wp-content\/uploads\/sites\/2\/2017\/10\/elecciones-reg-002.jpg","type":"image\/jpeg"}],"author":"Yliana Duque","twitter_card":"summary_large_image","twitter_creator":"@ylianaduque","twitter_misc":{"Escrito por":"Yliana Duque","Tiempo estimado de lectura":"3 minutos"},"schema":{"@context":"https:\/\/schema.org","@graph":[{"@type":"Article","@id":"https:\/\/noti-america.com\/site\/venezuela\/2017\/10\/16\/cne-debe-respetar-resultados-de-regionales\/#article","isPartOf":{"@id":"https:\/\/noti-america.com\/site\/venezuela\/2017\/10\/16\/cne-debe-respetar-resultados-de-regionales\/"},"author":{"name":"Yliana Duque","@id":"https:\/\/noti-america.com\/site\/venezuela\/#\/schema\/person\/a166d9d45f249dbd09521fbc2e7342d8"},"headline":"CNE debe respetar resultados de regionales","datePublished":"2017-10-16T01:02:06+00:00","dateModified":"2017-10-19T14:49:54+00:00","mainEntityOfPage":{"@id":"https:\/\/noti-america.com\/site\/venezuela\/2017\/10\/16\/cne-debe-respetar-resultados-de-regionales\/"},"wordCount":511,"commentCount":0,"publisher":{"@id":"https:\/\/noti-america.com\/site\/venezuela\/#organization"},"image":{"@id":"https:\/\/noti-america.com\/site\/venezuela\/2017\/10\/16\/cne-debe-respetar-resultados-de-regionales\/#primaryimage"},"thumbnailUrl":"https:\/\/noti-america.com\/site\/venezuela\/wp-content\/uploads\/sites\/2\/2017\/10\/elecciones-reg-002.jpg","articleSection":["Internacionales","Opini\u00f3n","Pol\u00edtica"],"inLanguage":"es","potentialAction":[{"@type":"CommentAction","name":"Comment","target":["https:\/\/noti-america.com\/site\/venezuela\/2017\/10\/16\/cne-debe-respetar-resultados-de-regionales\/#respond"]}]},{"@type":"WebPage","@id":"https:\/\/noti-america.com\/site\/venezuela\/2017\/10\/16\/cne-debe-respetar-resultados-de-regionales\/","url":"https:\/\/noti-america.com\/site\/venezuela\/2017\/10\/16\/cne-debe-respetar-resultados-de-regionales\/","name":"CNE debe respetar resultados de regionales - Venezuela | Noti-America.com","isPartOf":{"@id":"https:\/\/noti-america.com\/site\/venezuela\/#website"},"primaryImageOfPage":{"@id":"https:\/\/noti-america.com\/site\/venezuela\/2017\/10\/16\/cne-debe-respetar-resultados-de-regionales\/#primaryimage"},"image":{"@id":"https:\/\/noti-america.com\/site\/venezuela\/2017\/10\/16\/cne-debe-respetar-resultados-de-regionales\/#primaryimage"},"thumbnailUrl":"https:\/\/noti-america.com\/site\/venezuela\/wp-content\/uploads\/sites\/2\/2017\/10\/elecciones-reg-002.jpg","datePublished":"2017-10-16T01:02:06+00:00","dateModified":"2017-10-19T14:49:54+00:00","breadcrumb":{"@id":"https:\/\/noti-america.com\/site\/venezuela\/2017\/10\/16\/cne-debe-respetar-resultados-de-regionales\/#breadcrumb"},"inLanguage":"es","potentialAction":[{"@type":"ReadAction","target":["https:\/\/noti-america.com\/site\/venezuela\/2017\/10\/16\/cne-debe-respetar-resultados-de-regionales\/"]}]},{"@type":"ImageObject","inLanguage":"es","@id":"https:\/\/noti-america.com\/site\/venezuela\/2017\/10\/16\/cne-debe-respetar-resultados-de-regionales\/#primaryimage","url":"https:\/\/noti-america.com\/site\/venezuela\/wp-content\/uploads\/sites\/2\/2017\/10\/elecciones-reg-002.jpg","contentUrl":"https:\/\/noti-america.com\/site\/venezuela\/wp-content\/uploads\/sites\/2\/2017\/10\/elecciones-reg-002.jpg","width":640,"height":480},{"@type":"BreadcrumbList","@id":"https:\/\/noti-america.com\/site\/venezuela\/2017\/10\/16\/cne-debe-respetar-resultados-de-regionales\/#breadcrumb","itemListElement":[{"@type":"ListItem","position":1,"name":"Portada","item":"https:\/\/noti-america.com\/site\/venezuela\/"},{"@type":"ListItem","position":2,"name":"CNE debe respetar resultados de regionales"}]},{"@type":"WebSite","@id":"https:\/\/noti-america.com\/site\/venezuela\/#website","url":"https:\/\/noti-america.com\/site\/venezuela\/","name":"Venezuela | Noti-America.com","description":"","publisher":{"@id":"https:\/\/noti-america.com\/site\/venezuela\/#organization"},"potentialAction":[{"@type":"SearchAction","target":{"@type":"EntryPoint","urlTemplate":"https:\/\/noti-america.com\/site\/venezuela\/?s={search_term_string}"},"query-input":{"@type":"PropertyValueSpecification","valueRequired":true,"valueName":"search_term_string"}}],"inLanguage":"es"},{"@type":"Organization","@id":"https:\/\/noti-america.com\/site\/venezuela\/#organization","name":"Noti-America LLC | Venezuela","url":"https:\/\/noti-america.com\/site\/venezuela\/","logo":{"@type":"ImageObject","inLanguage":"es","@id":"https:\/\/noti-america.com\/site\/venezuela\/#\/schema\/logo\/image\/","url":"https:\/\/noti-america.com\/site\/venezuela\/wp-content\/uploads\/sites\/2\/2020\/07\/LogoNA-4x3-1.jpg","contentUrl":"https:\/\/noti-america.com\/site\/venezuela\/wp-content\/uploads\/sites\/2\/2020\/07\/LogoNA-4x3-1.jpg","width":1236,"height":1080,"caption":"Noti-America LLC | Venezuela"},"image":{"@id":"https:\/\/noti-america.com\/site\/venezuela\/#\/schema\/logo\/image\/"}},{"@type":"Person","@id":"https:\/\/noti-america.com\/site\/venezuela\/#\/schema\/person\/a166d9d45f249dbd09521fbc2e7342d8","name":"Yliana Duque","image":{"@type":"ImageObject","inLanguage":"es","@id":"https:\/\/secure.gravatar.com\/avatar\/8caf2a4035762b3be44c3a0455581febe2d5273a41ac40dacc575b8aa348fe65?s=96&d=mm&r=g","url":"https:\/\/secure.gravatar.com\/avatar\/8caf2a4035762b3be44c3a0455581febe2d5273a41ac40dacc575b8aa348fe65?s=96&d=mm&r=g","contentUrl":"https:\/\/secure.gravatar.com\/avatar\/8caf2a4035762b3be44c3a0455581febe2d5273a41ac40dacc575b8aa348fe65?s=96&d=mm&r=g","caption":"Yliana Duque"},"description":"Ejercer el periodismo requiere de pasi\u00f3n y conocimiento en investigaci\u00f3n de campo. Siempre en la b\u00fasqueda de la verdad para aportar claridad y poder discernir sobre el hecho noticioso. Egresada de la Universidad de los Andes. Maestria en Relaciones Internacionales (UCV). Diplomado de Educaci\u00f3n Superior (Universidad Experimental LIbertador (UPEL), y Educaci\u00f3n superior a distancia (UFT). Estudios de Locuci\u00f3n- Actuaci\u00f3n-Publicidad y Mercadeo, Redes. Subdirectora de relaciones p\u00fablicas de la Asamablea Legislativa del Estado Sucre(1995)-Periodista de TELESOL,Telecaribe (Sucre). Jefe de Prensa de la Gobernaci\u00f3n del Estado Amazonas(1997). Periodista Comandancia General del Ej\u00e9rcito, Fuerte Tiuna (1996). Lider de Proyectos en educaci\u00f3n Superior en la Universidad Ferm\u00edn Toro (UFT) (2000). Docente Universitario UFT (2002-2007)-Docente de Educaci\u00f3n Superior a Distancia -titulado. Periodista Diario El Informador. Periodista en Apoyo A\u00e9reo de la Guardia Nacional, Aeropuerto Jacinto Lara. www.Noti-america.com (Venezuela)","sameAs":["https:\/\/x.com\/ylianaduque"],"url":"https:\/\/noti-america.com\/site\/venezuela\/author\/yduque\/"}]}},"_links":{"self":[{"href":"https:\/\/noti-america.com\/site\/venezuela\/wp-json\/wp\/v2\/posts\/947","targetHints":{"allow":["GET"]}}],"collection":[{"href":"https:\/\/noti-america.com\/site\/venezuela\/wp-json\/wp\/v2\/posts"}],"about":[{"href":"https:\/\/noti-america.com\/site\/venezuela\/wp-json\/wp\/v2\/types\/post"}],"author":[{"embeddable":true,"href":"https:\/\/noti-america.com\/site\/venezuela\/wp-json\/wp\/v2\/users\/11"}],"replies":[{"embeddable":true,"href":"https:\/\/noti-america.com\/site\/venezuela\/wp-json\/wp\/v2\/comments?post=947"}],"version-history":[{"count":1,"href":"https:\/\/noti-america.com\/site\/venezuela\/wp-json\/wp\/v2\/posts\/947\/revisions"}],"predecessor-version":[{"id":952,"href":"https:\/\/noti-america.com\/site\/venezuela\/wp-json\/wp\/v2\/posts\/947\/revisions\/952"}],"wp:featuredmedia":[{"embeddable":true,"href":"https:\/\/noti-america.com\/site\/venezuela\/wp-json\/wp\/v2\/media\/948"}],"wp:attachment":[{"href":"https:\/\/noti-america.com\/site\/venezuela\/wp-json\/wp\/v2\/media?parent=947"}],"wp:term":[{"taxonomy":"category","embeddable":true,"href":"https:\/\/noti-america.com\/site\/venezuela\/wp-json\/wp\/v2\/categories?post=947"},{"taxonomy":"post_tag","embeddable":true,"href":"https:\/\/noti-america.com\/site\/venezuela\/wp-json\/wp\/v2\/tags?post=947"}],"curies":[{"name":"wp","href":"https:\/\/api.w.org\/{rel}","templated":true}]}}