{"id":8961,"date":"2019-07-18T23:40:27","date_gmt":"2019-07-18T23:40:27","guid":{"rendered":"http:\/\/noti-america.com\/site\/venezuela\/2019\/07\/18\/la-alianza-francesa-ofrece-una-alternativa-diferente-para-estas-vacaciones\/"},"modified":"2019-07-19T04:40:41","modified_gmt":"2019-07-19T04:40:41","slug":"la-alianza-francesa-ofrece-una-alternativa-diferente-para-estas-vacaciones","status":"publish","type":"post","link":"https:\/\/noti-america.com\/site\/venezuela\/2019\/07\/18\/la-alianza-francesa-ofrece-una-alternativa-diferente-para-estas-vacaciones\/","title":{"rendered":"La Alianza Francesa Ofrece Una Alternativa Diferente  Para Estas Vacaciones"},"content":{"rendered":"<p><strong>Nota de Prensa<\/strong><\/p>\n<p><strong><em>Ni\u00f1os de diferentes edades podr\u00e1n aprender nociones b\u00e1sicas del idioma franc\u00e9s mientras se divierten<\/em><\/strong><\/p>\n<p style=\"text-align: justify;\">\u00a0\u00a0\u00a0\u00a0\u00a0\u00a0\u00a0\u00a0\u00a0\u00a0\u00a0 Despu\u00e9s de casi diez meses, finaliza el a\u00f1o escolar y los ni\u00f1os comienzan sus\u00a0 ansiadas vacaciones. Para los padres es una tarea complicada ocuparlos durante este tiempo de ocio. En este caso, la Alianza Francesa de Caracas ofrece una alternativa diferente que ayudar\u00e1 a ense\u00f1arles el idioma franc\u00e9s a trav\u00e9s de actividades recreativas.<\/p>\n<p style=\"text-align: justify;\">\u00a0\u00a0\u00a0\u00a0\u00a0\u00a0\u00a0\u00a0\u00a0\u00a0\u00a0 Se trata del Plan Vacacional 2019 que inicia \u00a0el 29 de julio y estar\u00e1 \u00a0dividido en dos temporadas: Una hasta el 9 de agosto, y otra del 18 hasta fin de mes, como parte de las actividades de formaci\u00f3n acad\u00e9mica y cultural que efect\u00faa esta instituci\u00f3n para promover la ense\u00f1anza del idioma en Venezuela.<\/p>\n<p style=\"text-align: justify;\">\u00a0\u00a0\u00a0\u00a0\u00a0\u00a0\u00a0\u00a0\u00a0\u00a0\u00a0 En esta oportunidad, ofrecer\u00e1n este plan para ni\u00f1as y ni\u00f1os en edades comprendidas entre los 7 y 13 a\u00f1os de edad, y se aceptar\u00e1 un m\u00e1ximo de 10 participantes por grupo de acuerdo al rango de edad. Los peque\u00f1os podr\u00e1n aprender franc\u00e9s mediante actividades recreativas como: canciones, di\u00e1logos, peque\u00f1as piezas de teatro, manualidades, reciclaje, m\u00fasica, arte y cine.<\/p>\n<p style=\"text-align: justify;\">Tendr\u00e1n 27 horas de clases, proponiendo los siguientes horarios: de 10:00 am a 1:00 pm y de 2:00pm a 5:00pm. Durante este per\u00edodo, los participantes podr\u00e1n aprender a saludar de manera formal e informal, as\u00ed como a presentarse en franc\u00e9s, decir sus gustos y preferencias.<\/p>\n<p style=\"text-align: justify;\">Dos horas ser\u00e1n dedicadas a teor\u00eda, d\u00f3nde conocer\u00e1n como identificar las partes del cuerpo humano, indicar cu\u00e1les son los objetos de un sal\u00f3n de clases, sus \u00fatiles escolares, los colores, n\u00fameros, d\u00edas de la semana y meses del a\u00f1o. Luego, dedicar\u00e1n 45 minutos a actividades pr\u00e1cticas de la clase.<\/p>\n<p style=\"text-align: justify;\">Las inscripciones ya est\u00e1n abiertas en horario de oficina en las sedes de La Castellana, Chaca\u00edto, Las Mercedes y La Tahona. Los padres deber\u00e1n entregar una foto tipo carnet de su representado al momento de realizar su inscripci\u00f3n.<\/p>\n<p style=\"text-align: justify;\">\u00a0Para el \u00faltimo d\u00eda del plan vacacional se prev\u00e9 una actividad de cierre, d\u00f3nde los alumnos ser\u00e1n los protagonistas. Los padres est\u00e1n invitados a presenciar lo aprendido por los ni\u00f1os durante estas dos semanas de iniciaci\u00f3n al idioma.<\/p>\n<p style=\"text-align: justify;\">Para conocer m\u00e1s sobre esta instituci\u00f3n, puede ingresar a la p\u00e1gina: <a href=\"http:\/\/caracas.afvenezuerla.org\">http:\/\/caracas.afvenezuerla.org<\/a>. Tambi\u00e9n puede seguirlos a trav\u00e9s de sus cuentas en Instagram y Twitter @afvenezuela y Facebook: Alianza Francesa Venezuela.<\/p>\n","protected":false},"excerpt":{"rendered":"<p>Nota de Prensa Ni\u00f1os de diferentes edades podr\u00e1n aprender nociones b\u00e1sicas del idioma franc\u00e9s mientras se divierten \u00a0\u00a0\u00a0\u00a0\u00a0\u00a0\u00a0\u00a0\u00a0\u00a0\u00a0 Despu\u00e9s de casi diez meses, finaliza el a\u00f1o escolar y los ni\u00f1os comienzan sus\u00a0 ansiadas vacaciones.&#46;&#46;&#46;<\/p>\n","protected":false},"author":1,"featured_media":8962,"comment_status":"open","ping_status":"open","sticky":false,"template":"","format":"standard","meta":{"_acf_changed":false,"om_disable_all_campaigns":false,"rop_custom_images_group":[],"rop_custom_messages_group":[],"rop_publish_now":"initial","rop_publish_now_accounts":null,"rop_publish_now_history":[],"rop_publish_now_status":"pending","_uf_show_specific_survey":0,"_uf_disable_surveys":false,"footnotes":""},"categories":[132],"tags":[],"class_list":["post-8961","post","type-post","status-publish","format-standard","has-post-thumbnail","hentry","category-actualidad"],"acf":[],"aioseo_notices":[],"yoast_head":"<!-- This site is optimized with the Yoast SEO Premium plugin v24.9 (Yoast SEO v27.2) - https:\/\/yoast.com\/product\/yoast-seo-premium-wordpress\/ -->\n<title>La Alianza Francesa Ofrece Una Alternativa Diferente Para Estas Vacaciones - Venezuela | Noti-America.com<\/title>\n<meta name=\"robots\" content=\"index, follow, max-snippet:-1, max-image-preview:large, max-video-preview:-1\" \/>\n<link rel=\"canonical\" href=\"https:\/\/noti-america.com\/site\/venezuela\/2019\/07\/18\/la-alianza-francesa-ofrece-una-alternativa-diferente-para-estas-vacaciones\/\" \/>\n<meta property=\"og:locale\" content=\"es_ES\" \/>\n<meta property=\"og:type\" content=\"article\" \/>\n<meta property=\"og:title\" content=\"La Alianza Francesa Ofrece Una Alternativa Diferente Para Estas Vacaciones\" \/>\n<meta property=\"og:description\" content=\"Nota de Prensa Ni\u00f1os de diferentes edades podr\u00e1n aprender nociones b\u00e1sicas del idioma franc\u00e9s mientras se divierten \u00a0\u00a0\u00a0\u00a0\u00a0\u00a0\u00a0\u00a0\u00a0\u00a0\u00a0 Despu\u00e9s de casi diez meses, finaliza el a\u00f1o escolar y los ni\u00f1os comienzan sus\u00a0 ansiadas vacaciones.&#046;&#046;&#046;\" \/>\n<meta property=\"og:url\" content=\"https:\/\/noti-america.com\/site\/venezuela\/2019\/07\/18\/la-alianza-francesa-ofrece-una-alternativa-diferente-para-estas-vacaciones\/\" \/>\n<meta property=\"og:site_name\" content=\"Venezuela | Noti-America.com\" \/>\n<meta property=\"article:published_time\" content=\"2019-07-18T23:40:27+00:00\" \/>\n<meta property=\"article:modified_time\" content=\"2019-07-19T04:40:41+00:00\" \/>\n<meta property=\"og:image\" content=\"https:\/\/noti-america.com\/site\/venezuela\/wp-content\/uploads\/sites\/2\/2019\/07\/Af.jpg\" \/>\n\t<meta property=\"og:image:width\" content=\"225\" \/>\n\t<meta property=\"og:image:height\" content=\"225\" \/>\n\t<meta property=\"og:image:type\" content=\"image\/jpeg\" \/>\n<meta name=\"author\" content=\"Rosmer Herrera\" \/>\n<meta name=\"twitter:card\" content=\"summary_large_image\" \/>\n<meta name=\"twitter:label1\" content=\"Escrito por\" \/>\n\t<meta name=\"twitter:data1\" content=\"Rosmer Herrera\" \/>\n\t<meta name=\"twitter:label2\" content=\"Tiempo estimado de lectura\" \/>\n\t<meta name=\"twitter:data2\" content=\"2 minutos\" \/>\n<script type=\"application\/ld+json\" class=\"yoast-schema-graph\">{\"@context\":\"https:\/\/schema.org\",\"@graph\":[{\"@type\":\"Article\",\"@id\":\"https:\/\/noti-america.com\/site\/venezuela\/2019\/07\/18\/la-alianza-francesa-ofrece-una-alternativa-diferente-para-estas-vacaciones\/#article\",\"isPartOf\":{\"@id\":\"https:\/\/noti-america.com\/site\/venezuela\/2019\/07\/18\/la-alianza-francesa-ofrece-una-alternativa-diferente-para-estas-vacaciones\/\"},\"author\":{\"name\":\"Rosmer Herrera\",\"@id\":\"https:\/\/noti-america.com\/site\/venezuela\/#\/schema\/person\/fd58dbfb92a257e9dc5761bf69a855ff\"},\"headline\":\"La Alianza Francesa Ofrece Una Alternativa Diferente Para Estas Vacaciones\",\"datePublished\":\"2019-07-18T23:40:27+00:00\",\"dateModified\":\"2019-07-19T04:40:41+00:00\",\"mainEntityOfPage\":{\"@id\":\"https:\/\/noti-america.com\/site\/venezuela\/2019\/07\/18\/la-alianza-francesa-ofrece-una-alternativa-diferente-para-estas-vacaciones\/\"},\"wordCount\":440,\"commentCount\":0,\"publisher\":{\"@id\":\"https:\/\/noti-america.com\/site\/venezuela\/#organization\"},\"image\":{\"@id\":\"https:\/\/noti-america.com\/site\/venezuela\/2019\/07\/18\/la-alianza-francesa-ofrece-una-alternativa-diferente-para-estas-vacaciones\/#primaryimage\"},\"thumbnailUrl\":\"https:\/\/noti-america.com\/site\/venezuela\/wp-content\/uploads\/sites\/2\/2019\/07\/Af.jpg\",\"articleSection\":[\"Actualidad\"],\"inLanguage\":\"es\",\"potentialAction\":[{\"@type\":\"CommentAction\",\"name\":\"Comment\",\"target\":[\"https:\/\/noti-america.com\/site\/venezuela\/2019\/07\/18\/la-alianza-francesa-ofrece-una-alternativa-diferente-para-estas-vacaciones\/#respond\"]}]},{\"@type\":\"WebPage\",\"@id\":\"https:\/\/noti-america.com\/site\/venezuela\/2019\/07\/18\/la-alianza-francesa-ofrece-una-alternativa-diferente-para-estas-vacaciones\/\",\"url\":\"https:\/\/noti-america.com\/site\/venezuela\/2019\/07\/18\/la-alianza-francesa-ofrece-una-alternativa-diferente-para-estas-vacaciones\/\",\"name\":\"La Alianza Francesa Ofrece Una Alternativa Diferente Para Estas Vacaciones - Venezuela | Noti-America.com\",\"isPartOf\":{\"@id\":\"https:\/\/noti-america.com\/site\/venezuela\/#website\"},\"primaryImageOfPage\":{\"@id\":\"https:\/\/noti-america.com\/site\/venezuela\/2019\/07\/18\/la-alianza-francesa-ofrece-una-alternativa-diferente-para-estas-vacaciones\/#primaryimage\"},\"image\":{\"@id\":\"https:\/\/noti-america.com\/site\/venezuela\/2019\/07\/18\/la-alianza-francesa-ofrece-una-alternativa-diferente-para-estas-vacaciones\/#primaryimage\"},\"thumbnailUrl\":\"https:\/\/noti-america.com\/site\/venezuela\/wp-content\/uploads\/sites\/2\/2019\/07\/Af.jpg\",\"datePublished\":\"2019-07-18T23:40:27+00:00\",\"dateModified\":\"2019-07-19T04:40:41+00:00\",\"breadcrumb\":{\"@id\":\"https:\/\/noti-america.com\/site\/venezuela\/2019\/07\/18\/la-alianza-francesa-ofrece-una-alternativa-diferente-para-estas-vacaciones\/#breadcrumb\"},\"inLanguage\":\"es\",\"potentialAction\":[{\"@type\":\"ReadAction\",\"target\":[\"https:\/\/noti-america.com\/site\/venezuela\/2019\/07\/18\/la-alianza-francesa-ofrece-una-alternativa-diferente-para-estas-vacaciones\/\"]}]},{\"@type\":\"ImageObject\",\"inLanguage\":\"es\",\"@id\":\"https:\/\/noti-america.com\/site\/venezuela\/2019\/07\/18\/la-alianza-francesa-ofrece-una-alternativa-diferente-para-estas-vacaciones\/#primaryimage\",\"url\":\"https:\/\/noti-america.com\/site\/venezuela\/wp-content\/uploads\/sites\/2\/2019\/07\/Af.jpg\",\"contentUrl\":\"https:\/\/noti-america.com\/site\/venezuela\/wp-content\/uploads\/sites\/2\/2019\/07\/Af.jpg\",\"width\":225,\"height\":225},{\"@type\":\"BreadcrumbList\",\"@id\":\"https:\/\/noti-america.com\/site\/venezuela\/2019\/07\/18\/la-alianza-francesa-ofrece-una-alternativa-diferente-para-estas-vacaciones\/#breadcrumb\",\"itemListElement\":[{\"@type\":\"ListItem\",\"position\":1,\"name\":\"Portada\",\"item\":\"https:\/\/noti-america.com\/site\/venezuela\/\"},{\"@type\":\"ListItem\",\"position\":2,\"name\":\"La Alianza Francesa Ofrece Una Alternativa Diferente Para Estas Vacaciones\"}]},{\"@type\":\"WebSite\",\"@id\":\"https:\/\/noti-america.com\/site\/venezuela\/#website\",\"url\":\"https:\/\/noti-america.com\/site\/venezuela\/\",\"name\":\"Venezuela | Noti-America.com\",\"description\":\"\",\"publisher\":{\"@id\":\"https:\/\/noti-america.com\/site\/venezuela\/#organization\"},\"potentialAction\":[{\"@type\":\"SearchAction\",\"target\":{\"@type\":\"EntryPoint\",\"urlTemplate\":\"https:\/\/noti-america.com\/site\/venezuela\/?s={search_term_string}\"},\"query-input\":{\"@type\":\"PropertyValueSpecification\",\"valueRequired\":true,\"valueName\":\"search_term_string\"}}],\"inLanguage\":\"es\"},{\"@type\":\"Organization\",\"@id\":\"https:\/\/noti-america.com\/site\/venezuela\/#organization\",\"name\":\"Noti-America LLC | Venezuela\",\"url\":\"https:\/\/noti-america.com\/site\/venezuela\/\",\"logo\":{\"@type\":\"ImageObject\",\"inLanguage\":\"es\",\"@id\":\"https:\/\/noti-america.com\/site\/venezuela\/#\/schema\/logo\/image\/\",\"url\":\"https:\/\/noti-america.com\/site\/venezuela\/wp-content\/uploads\/sites\/2\/2020\/07\/LogoNA-4x3-1.jpg\",\"contentUrl\":\"https:\/\/noti-america.com\/site\/venezuela\/wp-content\/uploads\/sites\/2\/2020\/07\/LogoNA-4x3-1.jpg\",\"width\":1236,\"height\":1080,\"caption\":\"Noti-America LLC | Venezuela\"},\"image\":{\"@id\":\"https:\/\/noti-america.com\/site\/venezuela\/#\/schema\/logo\/image\/\"}},{\"@type\":\"Person\",\"@id\":\"https:\/\/noti-america.com\/site\/venezuela\/#\/schema\/person\/fd58dbfb92a257e9dc5761bf69a855ff\",\"name\":\"Rosmer Herrera\",\"image\":{\"@type\":\"ImageObject\",\"inLanguage\":\"es\",\"@id\":\"https:\/\/secure.gravatar.com\/avatar\/153e75c261394dbf20ff1a1e70ea2be9494f2b40b7fc4e7704084db13220ae08?s=96&d=mm&r=g\",\"url\":\"https:\/\/secure.gravatar.com\/avatar\/153e75c261394dbf20ff1a1e70ea2be9494f2b40b7fc4e7704084db13220ae08?s=96&d=mm&r=g\",\"contentUrl\":\"https:\/\/secure.gravatar.com\/avatar\/153e75c261394dbf20ff1a1e70ea2be9494f2b40b7fc4e7704084db13220ae08?s=96&d=mm&r=g\",\"caption\":\"Rosmer Herrera\"},\"url\":\"https:\/\/noti-america.com\/site\/venezuela\/author\/rosmer33\/\"}]}<\/script>\n<!-- \/ Yoast SEO Premium plugin. -->","yoast_head_json":{"title":"La Alianza Francesa Ofrece Una Alternativa Diferente Para Estas Vacaciones - Venezuela | Noti-America.com","robots":{"index":"index","follow":"follow","max-snippet":"max-snippet:-1","max-image-preview":"max-image-preview:large","max-video-preview":"max-video-preview:-1"},"canonical":"https:\/\/noti-america.com\/site\/venezuela\/2019\/07\/18\/la-alianza-francesa-ofrece-una-alternativa-diferente-para-estas-vacaciones\/","og_locale":"es_ES","og_type":"article","og_title":"La Alianza Francesa Ofrece Una Alternativa Diferente Para Estas Vacaciones","og_description":"Nota de Prensa Ni\u00f1os de diferentes edades podr\u00e1n aprender nociones b\u00e1sicas del idioma franc\u00e9s mientras se divierten \u00a0\u00a0\u00a0\u00a0\u00a0\u00a0\u00a0\u00a0\u00a0\u00a0\u00a0 Despu\u00e9s de casi diez meses, finaliza el a\u00f1o escolar y los ni\u00f1os comienzan sus\u00a0 ansiadas vacaciones.&#46;&#46;&#46;","og_url":"https:\/\/noti-america.com\/site\/venezuela\/2019\/07\/18\/la-alianza-francesa-ofrece-una-alternativa-diferente-para-estas-vacaciones\/","og_site_name":"Venezuela | Noti-America.com","article_published_time":"2019-07-18T23:40:27+00:00","article_modified_time":"2019-07-19T04:40:41+00:00","og_image":[{"width":225,"height":225,"url":"https:\/\/noti-america.com\/site\/venezuela\/wp-content\/uploads\/sites\/2\/2019\/07\/Af.jpg","type":"image\/jpeg"}],"author":"Rosmer Herrera","twitter_card":"summary_large_image","twitter_misc":{"Escrito por":"Rosmer Herrera","Tiempo estimado de lectura":"2 minutos"},"schema":{"@context":"https:\/\/schema.org","@graph":[{"@type":"Article","@id":"https:\/\/noti-america.com\/site\/venezuela\/2019\/07\/18\/la-alianza-francesa-ofrece-una-alternativa-diferente-para-estas-vacaciones\/#article","isPartOf":{"@id":"https:\/\/noti-america.com\/site\/venezuela\/2019\/07\/18\/la-alianza-francesa-ofrece-una-alternativa-diferente-para-estas-vacaciones\/"},"author":{"name":"Rosmer Herrera","@id":"https:\/\/noti-america.com\/site\/venezuela\/#\/schema\/person\/fd58dbfb92a257e9dc5761bf69a855ff"},"headline":"La Alianza Francesa Ofrece Una Alternativa Diferente Para Estas Vacaciones","datePublished":"2019-07-18T23:40:27+00:00","dateModified":"2019-07-19T04:40:41+00:00","mainEntityOfPage":{"@id":"https:\/\/noti-america.com\/site\/venezuela\/2019\/07\/18\/la-alianza-francesa-ofrece-una-alternativa-diferente-para-estas-vacaciones\/"},"wordCount":440,"commentCount":0,"publisher":{"@id":"https:\/\/noti-america.com\/site\/venezuela\/#organization"},"image":{"@id":"https:\/\/noti-america.com\/site\/venezuela\/2019\/07\/18\/la-alianza-francesa-ofrece-una-alternativa-diferente-para-estas-vacaciones\/#primaryimage"},"thumbnailUrl":"https:\/\/noti-america.com\/site\/venezuela\/wp-content\/uploads\/sites\/2\/2019\/07\/Af.jpg","articleSection":["Actualidad"],"inLanguage":"es","potentialAction":[{"@type":"CommentAction","name":"Comment","target":["https:\/\/noti-america.com\/site\/venezuela\/2019\/07\/18\/la-alianza-francesa-ofrece-una-alternativa-diferente-para-estas-vacaciones\/#respond"]}]},{"@type":"WebPage","@id":"https:\/\/noti-america.com\/site\/venezuela\/2019\/07\/18\/la-alianza-francesa-ofrece-una-alternativa-diferente-para-estas-vacaciones\/","url":"https:\/\/noti-america.com\/site\/venezuela\/2019\/07\/18\/la-alianza-francesa-ofrece-una-alternativa-diferente-para-estas-vacaciones\/","name":"La Alianza Francesa Ofrece Una Alternativa Diferente Para Estas Vacaciones - Venezuela | Noti-America.com","isPartOf":{"@id":"https:\/\/noti-america.com\/site\/venezuela\/#website"},"primaryImageOfPage":{"@id":"https:\/\/noti-america.com\/site\/venezuela\/2019\/07\/18\/la-alianza-francesa-ofrece-una-alternativa-diferente-para-estas-vacaciones\/#primaryimage"},"image":{"@id":"https:\/\/noti-america.com\/site\/venezuela\/2019\/07\/18\/la-alianza-francesa-ofrece-una-alternativa-diferente-para-estas-vacaciones\/#primaryimage"},"thumbnailUrl":"https:\/\/noti-america.com\/site\/venezuela\/wp-content\/uploads\/sites\/2\/2019\/07\/Af.jpg","datePublished":"2019-07-18T23:40:27+00:00","dateModified":"2019-07-19T04:40:41+00:00","breadcrumb":{"@id":"https:\/\/noti-america.com\/site\/venezuela\/2019\/07\/18\/la-alianza-francesa-ofrece-una-alternativa-diferente-para-estas-vacaciones\/#breadcrumb"},"inLanguage":"es","potentialAction":[{"@type":"ReadAction","target":["https:\/\/noti-america.com\/site\/venezuela\/2019\/07\/18\/la-alianza-francesa-ofrece-una-alternativa-diferente-para-estas-vacaciones\/"]}]},{"@type":"ImageObject","inLanguage":"es","@id":"https:\/\/noti-america.com\/site\/venezuela\/2019\/07\/18\/la-alianza-francesa-ofrece-una-alternativa-diferente-para-estas-vacaciones\/#primaryimage","url":"https:\/\/noti-america.com\/site\/venezuela\/wp-content\/uploads\/sites\/2\/2019\/07\/Af.jpg","contentUrl":"https:\/\/noti-america.com\/site\/venezuela\/wp-content\/uploads\/sites\/2\/2019\/07\/Af.jpg","width":225,"height":225},{"@type":"BreadcrumbList","@id":"https:\/\/noti-america.com\/site\/venezuela\/2019\/07\/18\/la-alianza-francesa-ofrece-una-alternativa-diferente-para-estas-vacaciones\/#breadcrumb","itemListElement":[{"@type":"ListItem","position":1,"name":"Portada","item":"https:\/\/noti-america.com\/site\/venezuela\/"},{"@type":"ListItem","position":2,"name":"La Alianza Francesa Ofrece Una Alternativa Diferente Para Estas Vacaciones"}]},{"@type":"WebSite","@id":"https:\/\/noti-america.com\/site\/venezuela\/#website","url":"https:\/\/noti-america.com\/site\/venezuela\/","name":"Venezuela | Noti-America.com","description":"","publisher":{"@id":"https:\/\/noti-america.com\/site\/venezuela\/#organization"},"potentialAction":[{"@type":"SearchAction","target":{"@type":"EntryPoint","urlTemplate":"https:\/\/noti-america.com\/site\/venezuela\/?s={search_term_string}"},"query-input":{"@type":"PropertyValueSpecification","valueRequired":true,"valueName":"search_term_string"}}],"inLanguage":"es"},{"@type":"Organization","@id":"https:\/\/noti-america.com\/site\/venezuela\/#organization","name":"Noti-America LLC | Venezuela","url":"https:\/\/noti-america.com\/site\/venezuela\/","logo":{"@type":"ImageObject","inLanguage":"es","@id":"https:\/\/noti-america.com\/site\/venezuela\/#\/schema\/logo\/image\/","url":"https:\/\/noti-america.com\/site\/venezuela\/wp-content\/uploads\/sites\/2\/2020\/07\/LogoNA-4x3-1.jpg","contentUrl":"https:\/\/noti-america.com\/site\/venezuela\/wp-content\/uploads\/sites\/2\/2020\/07\/LogoNA-4x3-1.jpg","width":1236,"height":1080,"caption":"Noti-America LLC | Venezuela"},"image":{"@id":"https:\/\/noti-america.com\/site\/venezuela\/#\/schema\/logo\/image\/"}},{"@type":"Person","@id":"https:\/\/noti-america.com\/site\/venezuela\/#\/schema\/person\/fd58dbfb92a257e9dc5761bf69a855ff","name":"Rosmer Herrera","image":{"@type":"ImageObject","inLanguage":"es","@id":"https:\/\/secure.gravatar.com\/avatar\/153e75c261394dbf20ff1a1e70ea2be9494f2b40b7fc4e7704084db13220ae08?s=96&d=mm&r=g","url":"https:\/\/secure.gravatar.com\/avatar\/153e75c261394dbf20ff1a1e70ea2be9494f2b40b7fc4e7704084db13220ae08?s=96&d=mm&r=g","contentUrl":"https:\/\/secure.gravatar.com\/avatar\/153e75c261394dbf20ff1a1e70ea2be9494f2b40b7fc4e7704084db13220ae08?s=96&d=mm&r=g","caption":"Rosmer Herrera"},"url":"https:\/\/noti-america.com\/site\/venezuela\/author\/rosmer33\/"}]}},"_links":{"self":[{"href":"https:\/\/noti-america.com\/site\/venezuela\/wp-json\/wp\/v2\/posts\/8961","targetHints":{"allow":["GET"]}}],"collection":[{"href":"https:\/\/noti-america.com\/site\/venezuela\/wp-json\/wp\/v2\/posts"}],"about":[{"href":"https:\/\/noti-america.com\/site\/venezuela\/wp-json\/wp\/v2\/types\/post"}],"author":[{"embeddable":true,"href":"https:\/\/noti-america.com\/site\/venezuela\/wp-json\/wp\/v2\/users\/1"}],"replies":[{"embeddable":true,"href":"https:\/\/noti-america.com\/site\/venezuela\/wp-json\/wp\/v2\/comments?post=8961"}],"version-history":[{"count":1,"href":"https:\/\/noti-america.com\/site\/venezuela\/wp-json\/wp\/v2\/posts\/8961\/revisions"}],"predecessor-version":[{"id":8963,"href":"https:\/\/noti-america.com\/site\/venezuela\/wp-json\/wp\/v2\/posts\/8961\/revisions\/8963"}],"wp:featuredmedia":[{"embeddable":true,"href":"https:\/\/noti-america.com\/site\/venezuela\/wp-json\/wp\/v2\/media\/8962"}],"wp:attachment":[{"href":"https:\/\/noti-america.com\/site\/venezuela\/wp-json\/wp\/v2\/media?parent=8961"}],"wp:term":[{"taxonomy":"category","embeddable":true,"href":"https:\/\/noti-america.com\/site\/venezuela\/wp-json\/wp\/v2\/categories?post=8961"},{"taxonomy":"post_tag","embeddable":true,"href":"https:\/\/noti-america.com\/site\/venezuela\/wp-json\/wp\/v2\/tags?post=8961"}],"curies":[{"name":"wp","href":"https:\/\/api.w.org\/{rel}","templated":true}]}}