{"id":8494,"date":"2019-06-14T06:38:22","date_gmt":"2019-06-14T06:38:22","guid":{"rendered":"http:\/\/noti-america.com\/site\/venezuela\/?p=8494"},"modified":"2019-06-14T06:38:22","modified_gmt":"2019-06-14T06:38:22","slug":"juan-guaido-si-pretenden-atornillarse-en-el-poder-entonces-saldran-por-las-malas","status":"publish","type":"post","link":"https:\/\/noti-america.com\/site\/venezuela\/2019\/06\/14\/juan-guaido-si-pretenden-atornillarse-en-el-poder-entonces-saldran-por-las-malas\/","title":{"rendered":"Juan Guaid\u00f3: Si pretenden atornillarse en el poder, entonces saldr\u00e1n por las malas"},"content":{"rendered":"<p><img decoding=\"async\" class=\"aligncenter\" src=\"https:\/\/todayvenezuela.com\/wp-content\/uploads\/2019\/01\/1548270921_Trump-recognises-Maduro-rival-as-Venezuelas-leader-amid-protests.jpg\" alt=\"Resultado de imagen para juan gauido\" \/><\/p>\n<p style=\"text-align: justify\">Seg\u00fan informaciones rese\u00f1adas por el portal web EL IMPULSO, el presidente encargado de Venezuela, Juan Guaid\u00f3 habl\u00f3 durante su visita al estado M\u00e9rida y asegur\u00f3 que si el r\u00e9gimen de Nicol\u00e1s Maduro pretende atornillase en el poder, \u201csaldr\u00e1 por las malas\u201d.<\/p>\n<p style=\"text-align: justify\">\u201cPor all\u00ed dec\u00edan en estos d\u00edas que \u00b4ni por las buenas, ni por las malas\u00b4; y no s\u00e9 qu\u00e9 tantas cosas m\u00e1s; lo que puedo decir es que si pretenden atornillarse en el poder, si deciden secuestrar los sue\u00f1os de los venezolanos (en referencia al r\u00e9gimen) entonces la salida ser\u00e1 por las malas. Si seguimos en las calles vamos a lograr la libertad y la democracia\u201d, dijo Guaid\u00f3 ante la multitud que lo aplaud\u00eda.<\/p>\n<p style=\"text-align: justify\">Guaid\u00f3 rechaz\u00f3 la escasez de gasolina que azota al estado M\u00e9rida que les lleva a los oriundos de esa regi\u00f3n hasta dos semanas en cola para poder surtir 20 litros.<\/p>\n<p style=\"text-align: justify\">\u201c\u00bfCu\u00e1ntas cosechas se han perdido en Mucuch\u00edes? No hay gasolina para trasladarlas al resto del pa\u00eds. No puede ser que en pleno siglo XXI y en un pa\u00eds petrolero como Venezuela, no hay gasolina o que maten a un joven en una estaci\u00f3n de servicio por exigir gasolina; tal como lo denunciaron los diputados de M\u00e9rida el pasado martes en la Asamblea Nacional\u201d, puntualiz\u00f3.<\/p>\n","protected":false},"excerpt":{"rendered":"<p>Seg\u00fan informaciones rese\u00f1adas por el portal web EL IMPULSO, el presidente encargado de Venezuela, Juan Guaid\u00f3 habl\u00f3 durante su visita al estado M\u00e9rida y asegur\u00f3 que si el r\u00e9gimen de Nicol\u00e1s Maduro pretende atornillase&#46;&#46;&#46;<\/p>\n","protected":false},"author":4,"featured_media":8495,"comment_status":"open","ping_status":"open","sticky":false,"template":"","format":"standard","meta":{"_acf_changed":false,"om_disable_all_campaigns":false,"rop_custom_images_group":[],"rop_custom_messages_group":[],"rop_publish_now":"initial","rop_publish_now_accounts":{"twitter_242054905_242054905":""},"rop_publish_now_history":[],"rop_publish_now_status":"pending","_uf_show_specific_survey":0,"_uf_disable_surveys":false,"footnotes":""},"categories":[3,156],"tags":[],"class_list":["post-8494","post","type-post","status-publish","format-standard","has-post-thumbnail","hentry","category-politica","category-venezuela"],"acf":[],"aioseo_notices":[],"yoast_head":"<!-- This site is optimized with the Yoast SEO Premium plugin v24.9 (Yoast SEO v27.2) - https:\/\/yoast.com\/product\/yoast-seo-premium-wordpress\/ -->\n<title>Juan Guaid\u00f3: Si pretenden atornillarse en el poder, entonces saldr\u00e1n por las malas - Venezuela | Noti-America.com<\/title>\n<meta name=\"robots\" content=\"index, follow, max-snippet:-1, max-image-preview:large, max-video-preview:-1\" \/>\n<link rel=\"canonical\" href=\"https:\/\/noti-america.com\/site\/venezuela\/2019\/06\/14\/juan-guaido-si-pretenden-atornillarse-en-el-poder-entonces-saldran-por-las-malas\/\" \/>\n<meta property=\"og:locale\" content=\"es_ES\" \/>\n<meta property=\"og:type\" content=\"article\" \/>\n<meta property=\"og:title\" content=\"Juan Guaid\u00f3: Si pretenden atornillarse en el poder, entonces saldr\u00e1n por las malas\" \/>\n<meta property=\"og:description\" content=\"Seg\u00fan informaciones rese\u00f1adas por el portal web EL IMPULSO, el presidente encargado de Venezuela, Juan Guaid\u00f3 habl\u00f3 durante su visita al estado M\u00e9rida y asegur\u00f3 que si el r\u00e9gimen de Nicol\u00e1s Maduro pretende atornillase&#046;&#046;&#046;\" \/>\n<meta property=\"og:url\" content=\"https:\/\/noti-america.com\/site\/venezuela\/2019\/06\/14\/juan-guaido-si-pretenden-atornillarse-en-el-poder-entonces-saldran-por-las-malas\/\" \/>\n<meta property=\"og:site_name\" content=\"Venezuela | Noti-America.com\" \/>\n<meta property=\"article:author\" content=\"https:\/\/www.facebook.com\/AndresSalazarTV\/\" \/>\n<meta property=\"article:published_time\" content=\"2019-06-14T06:38:22+00:00\" \/>\n<meta property=\"og:image\" content=\"https:\/\/noti-america.com\/site\/venezuela\/wp-content\/uploads\/sites\/2\/2019\/06\/1548270921_Trump-recognises-Maduro-rival-as-Venezuelas-leader-amid-protests.jpg\" \/>\n\t<meta property=\"og:image:width\" content=\"1600\" \/>\n\t<meta property=\"og:image:height\" content=\"900\" \/>\n\t<meta property=\"og:image:type\" content=\"image\/jpeg\" \/>\n<meta name=\"author\" content=\"Andr\u00e9s Salazar TV\" \/>\n<meta name=\"twitter:card\" content=\"summary_large_image\" \/>\n<meta name=\"twitter:label1\" content=\"Escrito por\" \/>\n\t<meta name=\"twitter:data1\" content=\"Andr\u00e9s Salazar TV\" \/>\n\t<meta name=\"twitter:label2\" content=\"Tiempo estimado de lectura\" \/>\n\t<meta name=\"twitter:data2\" content=\"1 minuto\" \/>\n<script type=\"application\/ld+json\" class=\"yoast-schema-graph\">{\"@context\":\"https:\/\/schema.org\",\"@graph\":[{\"@type\":\"Article\",\"@id\":\"https:\/\/noti-america.com\/site\/venezuela\/2019\/06\/14\/juan-guaido-si-pretenden-atornillarse-en-el-poder-entonces-saldran-por-las-malas\/#article\",\"isPartOf\":{\"@id\":\"https:\/\/noti-america.com\/site\/venezuela\/2019\/06\/14\/juan-guaido-si-pretenden-atornillarse-en-el-poder-entonces-saldran-por-las-malas\/\"},\"author\":{\"name\":\"Andr\u00e9s Salazar TV\",\"@id\":\"https:\/\/noti-america.com\/site\/venezuela\/#\/schema\/person\/5536bbfd0e2b9220dabb68be6a79e6a2\"},\"headline\":\"Juan Guaid\u00f3: Si pretenden atornillarse en el poder, entonces saldr\u00e1n por las malas\",\"datePublished\":\"2019-06-14T06:38:22+00:00\",\"mainEntityOfPage\":{\"@id\":\"https:\/\/noti-america.com\/site\/venezuela\/2019\/06\/14\/juan-guaido-si-pretenden-atornillarse-en-el-poder-entonces-saldran-por-las-malas\/\"},\"wordCount\":241,\"commentCount\":0,\"publisher\":{\"@id\":\"https:\/\/noti-america.com\/site\/venezuela\/#organization\"},\"image\":{\"@id\":\"https:\/\/noti-america.com\/site\/venezuela\/2019\/06\/14\/juan-guaido-si-pretenden-atornillarse-en-el-poder-entonces-saldran-por-las-malas\/#primaryimage\"},\"thumbnailUrl\":\"https:\/\/noti-america.com\/site\/venezuela\/wp-content\/uploads\/sites\/2\/2019\/06\/1548270921_Trump-recognises-Maduro-rival-as-Venezuelas-leader-amid-protests.jpg\",\"articleSection\":[\"Pol\u00edtica\",\"Venezuela\"],\"inLanguage\":\"es\",\"potentialAction\":[{\"@type\":\"CommentAction\",\"name\":\"Comment\",\"target\":[\"https:\/\/noti-america.com\/site\/venezuela\/2019\/06\/14\/juan-guaido-si-pretenden-atornillarse-en-el-poder-entonces-saldran-por-las-malas\/#respond\"]}]},{\"@type\":\"WebPage\",\"@id\":\"https:\/\/noti-america.com\/site\/venezuela\/2019\/06\/14\/juan-guaido-si-pretenden-atornillarse-en-el-poder-entonces-saldran-por-las-malas\/\",\"url\":\"https:\/\/noti-america.com\/site\/venezuela\/2019\/06\/14\/juan-guaido-si-pretenden-atornillarse-en-el-poder-entonces-saldran-por-las-malas\/\",\"name\":\"Juan Guaid\u00f3: Si pretenden atornillarse en el poder, entonces saldr\u00e1n por las malas - Venezuela | Noti-America.com\",\"isPartOf\":{\"@id\":\"https:\/\/noti-america.com\/site\/venezuela\/#website\"},\"primaryImageOfPage\":{\"@id\":\"https:\/\/noti-america.com\/site\/venezuela\/2019\/06\/14\/juan-guaido-si-pretenden-atornillarse-en-el-poder-entonces-saldran-por-las-malas\/#primaryimage\"},\"image\":{\"@id\":\"https:\/\/noti-america.com\/site\/venezuela\/2019\/06\/14\/juan-guaido-si-pretenden-atornillarse-en-el-poder-entonces-saldran-por-las-malas\/#primaryimage\"},\"thumbnailUrl\":\"https:\/\/noti-america.com\/site\/venezuela\/wp-content\/uploads\/sites\/2\/2019\/06\/1548270921_Trump-recognises-Maduro-rival-as-Venezuelas-leader-amid-protests.jpg\",\"datePublished\":\"2019-06-14T06:38:22+00:00\",\"breadcrumb\":{\"@id\":\"https:\/\/noti-america.com\/site\/venezuela\/2019\/06\/14\/juan-guaido-si-pretenden-atornillarse-en-el-poder-entonces-saldran-por-las-malas\/#breadcrumb\"},\"inLanguage\":\"es\",\"potentialAction\":[{\"@type\":\"ReadAction\",\"target\":[\"https:\/\/noti-america.com\/site\/venezuela\/2019\/06\/14\/juan-guaido-si-pretenden-atornillarse-en-el-poder-entonces-saldran-por-las-malas\/\"]}]},{\"@type\":\"ImageObject\",\"inLanguage\":\"es\",\"@id\":\"https:\/\/noti-america.com\/site\/venezuela\/2019\/06\/14\/juan-guaido-si-pretenden-atornillarse-en-el-poder-entonces-saldran-por-las-malas\/#primaryimage\",\"url\":\"https:\/\/noti-america.com\/site\/venezuela\/wp-content\/uploads\/sites\/2\/2019\/06\/1548270921_Trump-recognises-Maduro-rival-as-Venezuelas-leader-amid-protests.jpg\",\"contentUrl\":\"https:\/\/noti-america.com\/site\/venezuela\/wp-content\/uploads\/sites\/2\/2019\/06\/1548270921_Trump-recognises-Maduro-rival-as-Venezuelas-leader-amid-protests.jpg\",\"width\":1600,\"height\":900},{\"@type\":\"BreadcrumbList\",\"@id\":\"https:\/\/noti-america.com\/site\/venezuela\/2019\/06\/14\/juan-guaido-si-pretenden-atornillarse-en-el-poder-entonces-saldran-por-las-malas\/#breadcrumb\",\"itemListElement\":[{\"@type\":\"ListItem\",\"position\":1,\"name\":\"Portada\",\"item\":\"https:\/\/noti-america.com\/site\/venezuela\/\"},{\"@type\":\"ListItem\",\"position\":2,\"name\":\"Juan Guaid\u00f3: Si pretenden atornillarse en el poder, entonces saldr\u00e1n por las malas\"}]},{\"@type\":\"WebSite\",\"@id\":\"https:\/\/noti-america.com\/site\/venezuela\/#website\",\"url\":\"https:\/\/noti-america.com\/site\/venezuela\/\",\"name\":\"Venezuela | Noti-America.com\",\"description\":\"\",\"publisher\":{\"@id\":\"https:\/\/noti-america.com\/site\/venezuela\/#organization\"},\"potentialAction\":[{\"@type\":\"SearchAction\",\"target\":{\"@type\":\"EntryPoint\",\"urlTemplate\":\"https:\/\/noti-america.com\/site\/venezuela\/?s={search_term_string}\"},\"query-input\":{\"@type\":\"PropertyValueSpecification\",\"valueRequired\":true,\"valueName\":\"search_term_string\"}}],\"inLanguage\":\"es\"},{\"@type\":\"Organization\",\"@id\":\"https:\/\/noti-america.com\/site\/venezuela\/#organization\",\"name\":\"Noti-America LLC | Venezuela\",\"url\":\"https:\/\/noti-america.com\/site\/venezuela\/\",\"logo\":{\"@type\":\"ImageObject\",\"inLanguage\":\"es\",\"@id\":\"https:\/\/noti-america.com\/site\/venezuela\/#\/schema\/logo\/image\/\",\"url\":\"https:\/\/noti-america.com\/site\/venezuela\/wp-content\/uploads\/sites\/2\/2020\/07\/LogoNA-4x3-1.jpg\",\"contentUrl\":\"https:\/\/noti-america.com\/site\/venezuela\/wp-content\/uploads\/sites\/2\/2020\/07\/LogoNA-4x3-1.jpg\",\"width\":1236,\"height\":1080,\"caption\":\"Noti-America LLC | Venezuela\"},\"image\":{\"@id\":\"https:\/\/noti-america.com\/site\/venezuela\/#\/schema\/logo\/image\/\"}},{\"@type\":\"Person\",\"@id\":\"https:\/\/noti-america.com\/site\/venezuela\/#\/schema\/person\/5536bbfd0e2b9220dabb68be6a79e6a2\",\"name\":\"Andr\u00e9s Salazar TV\",\"image\":{\"@type\":\"ImageObject\",\"inLanguage\":\"es\",\"@id\":\"https:\/\/secure.gravatar.com\/avatar\/afe6826ba750395b641021d9bf08e5496b9d29671cfabb16346350901fb94310?s=96&d=mm&r=g\",\"url\":\"https:\/\/secure.gravatar.com\/avatar\/afe6826ba750395b641021d9bf08e5496b9d29671cfabb16346350901fb94310?s=96&d=mm&r=g\",\"contentUrl\":\"https:\/\/secure.gravatar.com\/avatar\/afe6826ba750395b641021d9bf08e5496b9d29671cfabb16346350901fb94310?s=96&d=mm&r=g\",\"caption\":\"Andr\u00e9s Salazar TV\"},\"description\":\"Andr\u00e9s Salazar. Corresponsal de Noti-Am\u00e9rica en Venezuela. Periodista con m\u00e1s de 14 a\u00f1os de trayectoria en la cobertura de hechos informativos. Amplia experiencia en la narrativa de eventos deportivos, musicales y sucesos de \u00faltima hora.\",\"sameAs\":[\"https:\/\/www.facebook.com\/AndresSalazarTV\/\",\"https:\/\/youtube.com\/@andressalazartv?si=fYrt2l__ee2OK_Fh\"],\"url\":\"https:\/\/noti-america.com\/site\/venezuela\/author\/asalazar\/\"}]}<\/script>\n<!-- \/ Yoast SEO Premium plugin. -->","yoast_head_json":{"title":"Juan Guaid\u00f3: Si pretenden atornillarse en el poder, entonces saldr\u00e1n por las malas - Venezuela | Noti-America.com","robots":{"index":"index","follow":"follow","max-snippet":"max-snippet:-1","max-image-preview":"max-image-preview:large","max-video-preview":"max-video-preview:-1"},"canonical":"https:\/\/noti-america.com\/site\/venezuela\/2019\/06\/14\/juan-guaido-si-pretenden-atornillarse-en-el-poder-entonces-saldran-por-las-malas\/","og_locale":"es_ES","og_type":"article","og_title":"Juan Guaid\u00f3: Si pretenden atornillarse en el poder, entonces saldr\u00e1n por las malas","og_description":"Seg\u00fan informaciones rese\u00f1adas por el portal web EL IMPULSO, el presidente encargado de Venezuela, Juan Guaid\u00f3 habl\u00f3 durante su visita al estado M\u00e9rida y asegur\u00f3 que si el r\u00e9gimen de Nicol\u00e1s Maduro pretende atornillase&#46;&#46;&#46;","og_url":"https:\/\/noti-america.com\/site\/venezuela\/2019\/06\/14\/juan-guaido-si-pretenden-atornillarse-en-el-poder-entonces-saldran-por-las-malas\/","og_site_name":"Venezuela | Noti-America.com","article_author":"https:\/\/www.facebook.com\/AndresSalazarTV\/","article_published_time":"2019-06-14T06:38:22+00:00","og_image":[{"width":1600,"height":900,"url":"https:\/\/noti-america.com\/site\/venezuela\/wp-content\/uploads\/sites\/2\/2019\/06\/1548270921_Trump-recognises-Maduro-rival-as-Venezuelas-leader-amid-protests.jpg","type":"image\/jpeg"}],"author":"Andr\u00e9s Salazar TV","twitter_card":"summary_large_image","twitter_misc":{"Escrito por":"Andr\u00e9s Salazar TV","Tiempo estimado de lectura":"1 minuto"},"schema":{"@context":"https:\/\/schema.org","@graph":[{"@type":"Article","@id":"https:\/\/noti-america.com\/site\/venezuela\/2019\/06\/14\/juan-guaido-si-pretenden-atornillarse-en-el-poder-entonces-saldran-por-las-malas\/#article","isPartOf":{"@id":"https:\/\/noti-america.com\/site\/venezuela\/2019\/06\/14\/juan-guaido-si-pretenden-atornillarse-en-el-poder-entonces-saldran-por-las-malas\/"},"author":{"name":"Andr\u00e9s Salazar TV","@id":"https:\/\/noti-america.com\/site\/venezuela\/#\/schema\/person\/5536bbfd0e2b9220dabb68be6a79e6a2"},"headline":"Juan Guaid\u00f3: Si pretenden atornillarse en el poder, entonces saldr\u00e1n por las malas","datePublished":"2019-06-14T06:38:22+00:00","mainEntityOfPage":{"@id":"https:\/\/noti-america.com\/site\/venezuela\/2019\/06\/14\/juan-guaido-si-pretenden-atornillarse-en-el-poder-entonces-saldran-por-las-malas\/"},"wordCount":241,"commentCount":0,"publisher":{"@id":"https:\/\/noti-america.com\/site\/venezuela\/#organization"},"image":{"@id":"https:\/\/noti-america.com\/site\/venezuela\/2019\/06\/14\/juan-guaido-si-pretenden-atornillarse-en-el-poder-entonces-saldran-por-las-malas\/#primaryimage"},"thumbnailUrl":"https:\/\/noti-america.com\/site\/venezuela\/wp-content\/uploads\/sites\/2\/2019\/06\/1548270921_Trump-recognises-Maduro-rival-as-Venezuelas-leader-amid-protests.jpg","articleSection":["Pol\u00edtica","Venezuela"],"inLanguage":"es","potentialAction":[{"@type":"CommentAction","name":"Comment","target":["https:\/\/noti-america.com\/site\/venezuela\/2019\/06\/14\/juan-guaido-si-pretenden-atornillarse-en-el-poder-entonces-saldran-por-las-malas\/#respond"]}]},{"@type":"WebPage","@id":"https:\/\/noti-america.com\/site\/venezuela\/2019\/06\/14\/juan-guaido-si-pretenden-atornillarse-en-el-poder-entonces-saldran-por-las-malas\/","url":"https:\/\/noti-america.com\/site\/venezuela\/2019\/06\/14\/juan-guaido-si-pretenden-atornillarse-en-el-poder-entonces-saldran-por-las-malas\/","name":"Juan Guaid\u00f3: Si pretenden atornillarse en el poder, entonces saldr\u00e1n por las malas - Venezuela | Noti-America.com","isPartOf":{"@id":"https:\/\/noti-america.com\/site\/venezuela\/#website"},"primaryImageOfPage":{"@id":"https:\/\/noti-america.com\/site\/venezuela\/2019\/06\/14\/juan-guaido-si-pretenden-atornillarse-en-el-poder-entonces-saldran-por-las-malas\/#primaryimage"},"image":{"@id":"https:\/\/noti-america.com\/site\/venezuela\/2019\/06\/14\/juan-guaido-si-pretenden-atornillarse-en-el-poder-entonces-saldran-por-las-malas\/#primaryimage"},"thumbnailUrl":"https:\/\/noti-america.com\/site\/venezuela\/wp-content\/uploads\/sites\/2\/2019\/06\/1548270921_Trump-recognises-Maduro-rival-as-Venezuelas-leader-amid-protests.jpg","datePublished":"2019-06-14T06:38:22+00:00","breadcrumb":{"@id":"https:\/\/noti-america.com\/site\/venezuela\/2019\/06\/14\/juan-guaido-si-pretenden-atornillarse-en-el-poder-entonces-saldran-por-las-malas\/#breadcrumb"},"inLanguage":"es","potentialAction":[{"@type":"ReadAction","target":["https:\/\/noti-america.com\/site\/venezuela\/2019\/06\/14\/juan-guaido-si-pretenden-atornillarse-en-el-poder-entonces-saldran-por-las-malas\/"]}]},{"@type":"ImageObject","inLanguage":"es","@id":"https:\/\/noti-america.com\/site\/venezuela\/2019\/06\/14\/juan-guaido-si-pretenden-atornillarse-en-el-poder-entonces-saldran-por-las-malas\/#primaryimage","url":"https:\/\/noti-america.com\/site\/venezuela\/wp-content\/uploads\/sites\/2\/2019\/06\/1548270921_Trump-recognises-Maduro-rival-as-Venezuelas-leader-amid-protests.jpg","contentUrl":"https:\/\/noti-america.com\/site\/venezuela\/wp-content\/uploads\/sites\/2\/2019\/06\/1548270921_Trump-recognises-Maduro-rival-as-Venezuelas-leader-amid-protests.jpg","width":1600,"height":900},{"@type":"BreadcrumbList","@id":"https:\/\/noti-america.com\/site\/venezuela\/2019\/06\/14\/juan-guaido-si-pretenden-atornillarse-en-el-poder-entonces-saldran-por-las-malas\/#breadcrumb","itemListElement":[{"@type":"ListItem","position":1,"name":"Portada","item":"https:\/\/noti-america.com\/site\/venezuela\/"},{"@type":"ListItem","position":2,"name":"Juan Guaid\u00f3: Si pretenden atornillarse en el poder, entonces saldr\u00e1n por las malas"}]},{"@type":"WebSite","@id":"https:\/\/noti-america.com\/site\/venezuela\/#website","url":"https:\/\/noti-america.com\/site\/venezuela\/","name":"Venezuela | Noti-America.com","description":"","publisher":{"@id":"https:\/\/noti-america.com\/site\/venezuela\/#organization"},"potentialAction":[{"@type":"SearchAction","target":{"@type":"EntryPoint","urlTemplate":"https:\/\/noti-america.com\/site\/venezuela\/?s={search_term_string}"},"query-input":{"@type":"PropertyValueSpecification","valueRequired":true,"valueName":"search_term_string"}}],"inLanguage":"es"},{"@type":"Organization","@id":"https:\/\/noti-america.com\/site\/venezuela\/#organization","name":"Noti-America LLC | Venezuela","url":"https:\/\/noti-america.com\/site\/venezuela\/","logo":{"@type":"ImageObject","inLanguage":"es","@id":"https:\/\/noti-america.com\/site\/venezuela\/#\/schema\/logo\/image\/","url":"https:\/\/noti-america.com\/site\/venezuela\/wp-content\/uploads\/sites\/2\/2020\/07\/LogoNA-4x3-1.jpg","contentUrl":"https:\/\/noti-america.com\/site\/venezuela\/wp-content\/uploads\/sites\/2\/2020\/07\/LogoNA-4x3-1.jpg","width":1236,"height":1080,"caption":"Noti-America LLC | Venezuela"},"image":{"@id":"https:\/\/noti-america.com\/site\/venezuela\/#\/schema\/logo\/image\/"}},{"@type":"Person","@id":"https:\/\/noti-america.com\/site\/venezuela\/#\/schema\/person\/5536bbfd0e2b9220dabb68be6a79e6a2","name":"Andr\u00e9s Salazar TV","image":{"@type":"ImageObject","inLanguage":"es","@id":"https:\/\/secure.gravatar.com\/avatar\/afe6826ba750395b641021d9bf08e5496b9d29671cfabb16346350901fb94310?s=96&d=mm&r=g","url":"https:\/\/secure.gravatar.com\/avatar\/afe6826ba750395b641021d9bf08e5496b9d29671cfabb16346350901fb94310?s=96&d=mm&r=g","contentUrl":"https:\/\/secure.gravatar.com\/avatar\/afe6826ba750395b641021d9bf08e5496b9d29671cfabb16346350901fb94310?s=96&d=mm&r=g","caption":"Andr\u00e9s Salazar TV"},"description":"Andr\u00e9s Salazar. Corresponsal de Noti-Am\u00e9rica en Venezuela. Periodista con m\u00e1s de 14 a\u00f1os de trayectoria en la cobertura de hechos informativos. Amplia experiencia en la narrativa de eventos deportivos, musicales y sucesos de \u00faltima hora.","sameAs":["https:\/\/www.facebook.com\/AndresSalazarTV\/","https:\/\/youtube.com\/@andressalazartv?si=fYrt2l__ee2OK_Fh"],"url":"https:\/\/noti-america.com\/site\/venezuela\/author\/asalazar\/"}]}},"_links":{"self":[{"href":"https:\/\/noti-america.com\/site\/venezuela\/wp-json\/wp\/v2\/posts\/8494","targetHints":{"allow":["GET"]}}],"collection":[{"href":"https:\/\/noti-america.com\/site\/venezuela\/wp-json\/wp\/v2\/posts"}],"about":[{"href":"https:\/\/noti-america.com\/site\/venezuela\/wp-json\/wp\/v2\/types\/post"}],"author":[{"embeddable":true,"href":"https:\/\/noti-america.com\/site\/venezuela\/wp-json\/wp\/v2\/users\/4"}],"replies":[{"embeddable":true,"href":"https:\/\/noti-america.com\/site\/venezuela\/wp-json\/wp\/v2\/comments?post=8494"}],"version-history":[{"count":2,"href":"https:\/\/noti-america.com\/site\/venezuela\/wp-json\/wp\/v2\/posts\/8494\/revisions"}],"predecessor-version":[{"id":8497,"href":"https:\/\/noti-america.com\/site\/venezuela\/wp-json\/wp\/v2\/posts\/8494\/revisions\/8497"}],"wp:featuredmedia":[{"embeddable":true,"href":"https:\/\/noti-america.com\/site\/venezuela\/wp-json\/wp\/v2\/media\/8495"}],"wp:attachment":[{"href":"https:\/\/noti-america.com\/site\/venezuela\/wp-json\/wp\/v2\/media?parent=8494"}],"wp:term":[{"taxonomy":"category","embeddable":true,"href":"https:\/\/noti-america.com\/site\/venezuela\/wp-json\/wp\/v2\/categories?post=8494"},{"taxonomy":"post_tag","embeddable":true,"href":"https:\/\/noti-america.com\/site\/venezuela\/wp-json\/wp\/v2\/tags?post=8494"}],"curies":[{"name":"wp","href":"https:\/\/api.w.org\/{rel}","templated":true}]}}