{"id":8329,"date":"2019-06-08T07:22:46","date_gmt":"2019-06-08T07:22:46","guid":{"rendered":"http:\/\/noti-america.com\/site\/venezuela\/?p=8329"},"modified":"2019-06-08T07:22:46","modified_gmt":"2019-06-08T07:22:46","slug":"guaido-extendio-vigencia-de-pasaportes-vencidos-por-cinco-anos","status":"publish","type":"post","link":"https:\/\/noti-america.com\/site\/venezuela\/2019\/06\/08\/guaido-extendio-vigencia-de-pasaportes-vencidos-por-cinco-anos\/","title":{"rendered":"Guaid\u00f3 extendi\u00f3 vigencia de pasaportes vencidos por cinco a\u00f1os"},"content":{"rendered":"<p><img decoding=\"async\" class=\"aligncenter\" src=\"https:\/\/files.rcnradio.com\/public\/styles\/image_834x569\/public\/2018-10\/venezolana_pasaporte_afp_2_0.jpg?itok=U5MWK2Qc\" alt=\"Resultado de imagen para psaprote guaid\u00c3\u00b3{\" \/><\/p>\n<p style=\"text-align: justify\">Millones de Venezolanos que se encuentran en el exterior viven con la incertidumbre de no poder renovar su pasaporte, documento primordial para poder estar en el extranjero. La falta del material seg\u00fan el SAIME son el motivo de que no se pueda entregar el pasaporte tanto a los ciudadanos que estaban afuera como a los que se encuentran dentro del territorio nacional.<\/p>\n<p style=\"text-align: justify\">Buena Noticia, seg\u00fan destaca el IMPULSO, y que \u00abEl presidente (E) de la Rep\u00fablica, Juan Guaid\u00f3, decret\u00f3 este viernes la extensi\u00f3n de la vigencia de pasaportes venezolanos por cinco a\u00f1os despu\u00e9s de su vencimiento.<\/p>\n<blockquote><p>\u00abHemos aprobado un Decreto para proteger el derecho a la identificaci\u00f3n de nuestra di\u00e1spora. En este sentido, extendemos por 5 a\u00f1os la vigencia de todos los pasaportes venezolanos emitidos a la fecha, incluyendo los pasaportes vencidos antes de la publicaci\u00f3n de este Decreto\u00bb, escribi\u00f3 Guaid\u00f3 a trav\u00e9s de su cuenta Twitter.<\/p><\/blockquote>\n<p style=\"text-align: justify\">En el documento se detalla que la medida responde, entre otras cosas, a que \u00abel r\u00e9gimen ha obstruido la emisi\u00f3n de pasaportes y otros documentos de identificaci\u00f3n, que agrava la violaci\u00f3n de derechos humanos de la di\u00e1spora venezolana\u00bb.<\/p>\n<p style=\"text-align: justify\">Agrega que el decret\u00f3 busca \u00abproteger el derecho humano a la identificaci\u00f3n de los venezolanos que se han visto forzados a salir de Venezuela como resultado de persecuciones pol\u00edticas y de la emergencia humanitaria compleja\u00bb.<\/p>\n<blockquote>\n<div class=\"td-g-rec td-g-rec-id-content_bottom td_uid_22_5cfae63923df0_rand td_block_template_1 \"><\/div>\n<\/blockquote>\n<p>&nbsp;<\/p>\n","protected":false},"excerpt":{"rendered":"<p>Millones de Venezolanos que se encuentran en el exterior viven con la incertidumbre de no poder renovar su pasaporte, documento primordial para poder estar en el extranjero. La falta del material seg\u00fan el SAIME&#46;&#46;&#46;<\/p>\n","protected":false},"author":4,"featured_media":8330,"comment_status":"open","ping_status":"open","sticky":false,"template":"","format":"standard","meta":{"_acf_changed":false,"om_disable_all_campaigns":false,"rop_custom_images_group":[],"rop_custom_messages_group":[],"rop_publish_now":"initial","rop_publish_now_accounts":{"twitter_242054905_242054905":""},"rop_publish_now_history":[],"rop_publish_now_status":"pending","_uf_show_specific_survey":0,"_uf_disable_surveys":false,"footnotes":""},"categories":[157,156],"tags":[],"class_list":["post-8329","post","type-post","status-publish","format-standard","has-post-thumbnail","hentry","category-noticias","category-venezuela"],"acf":[],"aioseo_notices":[],"yoast_head":"<!-- This site is optimized with the Yoast SEO Premium plugin v24.9 (Yoast SEO v27.2) - https:\/\/yoast.com\/product\/yoast-seo-premium-wordpress\/ -->\n<title>Guaid\u00f3 extendi\u00f3 vigencia de pasaportes vencidos por cinco a\u00f1os - Venezuela | Noti-America.com<\/title>\n<meta name=\"robots\" content=\"index, follow, max-snippet:-1, max-image-preview:large, max-video-preview:-1\" \/>\n<link rel=\"canonical\" href=\"https:\/\/noti-america.com\/site\/venezuela\/2019\/06\/08\/guaido-extendio-vigencia-de-pasaportes-vencidos-por-cinco-anos\/\" \/>\n<meta property=\"og:locale\" content=\"es_ES\" \/>\n<meta property=\"og:type\" content=\"article\" \/>\n<meta property=\"og:title\" content=\"Guaid\u00f3 extendi\u00f3 vigencia de pasaportes vencidos por cinco a\u00f1os\" \/>\n<meta property=\"og:description\" content=\"Millones de Venezolanos que se encuentran en el exterior viven con la incertidumbre de no poder renovar su pasaporte, documento primordial para poder estar en el extranjero. La falta del material seg\u00fan el SAIME&#046;&#046;&#046;\" \/>\n<meta property=\"og:url\" content=\"https:\/\/noti-america.com\/site\/venezuela\/2019\/06\/08\/guaido-extendio-vigencia-de-pasaportes-vencidos-por-cinco-anos\/\" \/>\n<meta property=\"og:site_name\" content=\"Venezuela | Noti-America.com\" \/>\n<meta property=\"article:author\" content=\"https:\/\/www.facebook.com\/AndresSalazarTV\/\" \/>\n<meta property=\"article:published_time\" content=\"2019-06-08T07:22:46+00:00\" \/>\n<meta property=\"og:image\" content=\"https:\/\/noti-america.com\/site\/venezuela\/wp-content\/uploads\/sites\/2\/2019\/06\/venezolana_pasaporte_afp_2_0.jpg\" \/>\n\t<meta property=\"og:image:width\" content=\"834\" \/>\n\t<meta property=\"og:image:height\" content=\"546\" \/>\n\t<meta property=\"og:image:type\" content=\"image\/jpeg\" \/>\n<meta name=\"author\" content=\"Andr\u00e9s Salazar TV\" \/>\n<meta name=\"twitter:card\" content=\"summary_large_image\" \/>\n<meta name=\"twitter:label1\" content=\"Escrito por\" \/>\n\t<meta name=\"twitter:data1\" content=\"Andr\u00e9s Salazar TV\" \/>\n\t<meta name=\"twitter:label2\" content=\"Tiempo estimado de lectura\" \/>\n\t<meta name=\"twitter:data2\" content=\"1 minuto\" \/>\n<script type=\"application\/ld+json\" class=\"yoast-schema-graph\">{\"@context\":\"https:\/\/schema.org\",\"@graph\":[{\"@type\":\"Article\",\"@id\":\"https:\/\/noti-america.com\/site\/venezuela\/2019\/06\/08\/guaido-extendio-vigencia-de-pasaportes-vencidos-por-cinco-anos\/#article\",\"isPartOf\":{\"@id\":\"https:\/\/noti-america.com\/site\/venezuela\/2019\/06\/08\/guaido-extendio-vigencia-de-pasaportes-vencidos-por-cinco-anos\/\"},\"author\":{\"name\":\"Andr\u00e9s Salazar TV\",\"@id\":\"https:\/\/noti-america.com\/site\/venezuela\/#\/schema\/person\/5536bbfd0e2b9220dabb68be6a79e6a2\"},\"headline\":\"Guaid\u00f3 extendi\u00f3 vigencia de pasaportes vencidos por cinco a\u00f1os\",\"datePublished\":\"2019-06-08T07:22:46+00:00\",\"mainEntityOfPage\":{\"@id\":\"https:\/\/noti-america.com\/site\/venezuela\/2019\/06\/08\/guaido-extendio-vigencia-de-pasaportes-vencidos-por-cinco-anos\/\"},\"wordCount\":248,\"commentCount\":0,\"publisher\":{\"@id\":\"https:\/\/noti-america.com\/site\/venezuela\/#organization\"},\"image\":{\"@id\":\"https:\/\/noti-america.com\/site\/venezuela\/2019\/06\/08\/guaido-extendio-vigencia-de-pasaportes-vencidos-por-cinco-anos\/#primaryimage\"},\"thumbnailUrl\":\"https:\/\/noti-america.com\/site\/venezuela\/wp-content\/uploads\/sites\/2\/2019\/06\/venezolana_pasaporte_afp_2_0.jpg\",\"articleSection\":[\"Noticias\",\"Venezuela\"],\"inLanguage\":\"es\",\"potentialAction\":[{\"@type\":\"CommentAction\",\"name\":\"Comment\",\"target\":[\"https:\/\/noti-america.com\/site\/venezuela\/2019\/06\/08\/guaido-extendio-vigencia-de-pasaportes-vencidos-por-cinco-anos\/#respond\"]}]},{\"@type\":\"WebPage\",\"@id\":\"https:\/\/noti-america.com\/site\/venezuela\/2019\/06\/08\/guaido-extendio-vigencia-de-pasaportes-vencidos-por-cinco-anos\/\",\"url\":\"https:\/\/noti-america.com\/site\/venezuela\/2019\/06\/08\/guaido-extendio-vigencia-de-pasaportes-vencidos-por-cinco-anos\/\",\"name\":\"Guaid\u00f3 extendi\u00f3 vigencia de pasaportes vencidos por cinco a\u00f1os - Venezuela | Noti-America.com\",\"isPartOf\":{\"@id\":\"https:\/\/noti-america.com\/site\/venezuela\/#website\"},\"primaryImageOfPage\":{\"@id\":\"https:\/\/noti-america.com\/site\/venezuela\/2019\/06\/08\/guaido-extendio-vigencia-de-pasaportes-vencidos-por-cinco-anos\/#primaryimage\"},\"image\":{\"@id\":\"https:\/\/noti-america.com\/site\/venezuela\/2019\/06\/08\/guaido-extendio-vigencia-de-pasaportes-vencidos-por-cinco-anos\/#primaryimage\"},\"thumbnailUrl\":\"https:\/\/noti-america.com\/site\/venezuela\/wp-content\/uploads\/sites\/2\/2019\/06\/venezolana_pasaporte_afp_2_0.jpg\",\"datePublished\":\"2019-06-08T07:22:46+00:00\",\"breadcrumb\":{\"@id\":\"https:\/\/noti-america.com\/site\/venezuela\/2019\/06\/08\/guaido-extendio-vigencia-de-pasaportes-vencidos-por-cinco-anos\/#breadcrumb\"},\"inLanguage\":\"es\",\"potentialAction\":[{\"@type\":\"ReadAction\",\"target\":[\"https:\/\/noti-america.com\/site\/venezuela\/2019\/06\/08\/guaido-extendio-vigencia-de-pasaportes-vencidos-por-cinco-anos\/\"]}]},{\"@type\":\"ImageObject\",\"inLanguage\":\"es\",\"@id\":\"https:\/\/noti-america.com\/site\/venezuela\/2019\/06\/08\/guaido-extendio-vigencia-de-pasaportes-vencidos-por-cinco-anos\/#primaryimage\",\"url\":\"https:\/\/noti-america.com\/site\/venezuela\/wp-content\/uploads\/sites\/2\/2019\/06\/venezolana_pasaporte_afp_2_0.jpg\",\"contentUrl\":\"https:\/\/noti-america.com\/site\/venezuela\/wp-content\/uploads\/sites\/2\/2019\/06\/venezolana_pasaporte_afp_2_0.jpg\",\"width\":834,\"height\":546},{\"@type\":\"BreadcrumbList\",\"@id\":\"https:\/\/noti-america.com\/site\/venezuela\/2019\/06\/08\/guaido-extendio-vigencia-de-pasaportes-vencidos-por-cinco-anos\/#breadcrumb\",\"itemListElement\":[{\"@type\":\"ListItem\",\"position\":1,\"name\":\"Portada\",\"item\":\"https:\/\/noti-america.com\/site\/venezuela\/\"},{\"@type\":\"ListItem\",\"position\":2,\"name\":\"Guaid\u00f3 extendi\u00f3 vigencia de pasaportes vencidos por cinco a\u00f1os\"}]},{\"@type\":\"WebSite\",\"@id\":\"https:\/\/noti-america.com\/site\/venezuela\/#website\",\"url\":\"https:\/\/noti-america.com\/site\/venezuela\/\",\"name\":\"Venezuela | Noti-America.com\",\"description\":\"\",\"publisher\":{\"@id\":\"https:\/\/noti-america.com\/site\/venezuela\/#organization\"},\"potentialAction\":[{\"@type\":\"SearchAction\",\"target\":{\"@type\":\"EntryPoint\",\"urlTemplate\":\"https:\/\/noti-america.com\/site\/venezuela\/?s={search_term_string}\"},\"query-input\":{\"@type\":\"PropertyValueSpecification\",\"valueRequired\":true,\"valueName\":\"search_term_string\"}}],\"inLanguage\":\"es\"},{\"@type\":\"Organization\",\"@id\":\"https:\/\/noti-america.com\/site\/venezuela\/#organization\",\"name\":\"Noti-America LLC | Venezuela\",\"url\":\"https:\/\/noti-america.com\/site\/venezuela\/\",\"logo\":{\"@type\":\"ImageObject\",\"inLanguage\":\"es\",\"@id\":\"https:\/\/noti-america.com\/site\/venezuela\/#\/schema\/logo\/image\/\",\"url\":\"https:\/\/noti-america.com\/site\/venezuela\/wp-content\/uploads\/sites\/2\/2020\/07\/LogoNA-4x3-1.jpg\",\"contentUrl\":\"https:\/\/noti-america.com\/site\/venezuela\/wp-content\/uploads\/sites\/2\/2020\/07\/LogoNA-4x3-1.jpg\",\"width\":1236,\"height\":1080,\"caption\":\"Noti-America LLC | Venezuela\"},\"image\":{\"@id\":\"https:\/\/noti-america.com\/site\/venezuela\/#\/schema\/logo\/image\/\"}},{\"@type\":\"Person\",\"@id\":\"https:\/\/noti-america.com\/site\/venezuela\/#\/schema\/person\/5536bbfd0e2b9220dabb68be6a79e6a2\",\"name\":\"Andr\u00e9s Salazar TV\",\"image\":{\"@type\":\"ImageObject\",\"inLanguage\":\"es\",\"@id\":\"https:\/\/secure.gravatar.com\/avatar\/afe6826ba750395b641021d9bf08e5496b9d29671cfabb16346350901fb94310?s=96&d=mm&r=g\",\"url\":\"https:\/\/secure.gravatar.com\/avatar\/afe6826ba750395b641021d9bf08e5496b9d29671cfabb16346350901fb94310?s=96&d=mm&r=g\",\"contentUrl\":\"https:\/\/secure.gravatar.com\/avatar\/afe6826ba750395b641021d9bf08e5496b9d29671cfabb16346350901fb94310?s=96&d=mm&r=g\",\"caption\":\"Andr\u00e9s Salazar TV\"},\"description\":\"Andr\u00e9s Salazar. Corresponsal de Noti-Am\u00e9rica en Venezuela. Periodista con m\u00e1s de 14 a\u00f1os de trayectoria en la cobertura de hechos informativos. Amplia experiencia en la narrativa de eventos deportivos, musicales y sucesos de \u00faltima hora.\",\"sameAs\":[\"https:\/\/www.facebook.com\/AndresSalazarTV\/\",\"https:\/\/youtube.com\/@andressalazartv?si=fYrt2l__ee2OK_Fh\"],\"url\":\"https:\/\/noti-america.com\/site\/venezuela\/author\/asalazar\/\"}]}<\/script>\n<!-- \/ Yoast SEO Premium plugin. -->","yoast_head_json":{"title":"Guaid\u00f3 extendi\u00f3 vigencia de pasaportes vencidos por cinco a\u00f1os - Venezuela | Noti-America.com","robots":{"index":"index","follow":"follow","max-snippet":"max-snippet:-1","max-image-preview":"max-image-preview:large","max-video-preview":"max-video-preview:-1"},"canonical":"https:\/\/noti-america.com\/site\/venezuela\/2019\/06\/08\/guaido-extendio-vigencia-de-pasaportes-vencidos-por-cinco-anos\/","og_locale":"es_ES","og_type":"article","og_title":"Guaid\u00f3 extendi\u00f3 vigencia de pasaportes vencidos por cinco a\u00f1os","og_description":"Millones de Venezolanos que se encuentran en el exterior viven con la incertidumbre de no poder renovar su pasaporte, documento primordial para poder estar en el extranjero. La falta del material seg\u00fan el SAIME&#46;&#46;&#46;","og_url":"https:\/\/noti-america.com\/site\/venezuela\/2019\/06\/08\/guaido-extendio-vigencia-de-pasaportes-vencidos-por-cinco-anos\/","og_site_name":"Venezuela | Noti-America.com","article_author":"https:\/\/www.facebook.com\/AndresSalazarTV\/","article_published_time":"2019-06-08T07:22:46+00:00","og_image":[{"width":834,"height":546,"url":"https:\/\/noti-america.com\/site\/venezuela\/wp-content\/uploads\/sites\/2\/2019\/06\/venezolana_pasaporte_afp_2_0.jpg","type":"image\/jpeg"}],"author":"Andr\u00e9s Salazar TV","twitter_card":"summary_large_image","twitter_misc":{"Escrito por":"Andr\u00e9s Salazar TV","Tiempo estimado de lectura":"1 minuto"},"schema":{"@context":"https:\/\/schema.org","@graph":[{"@type":"Article","@id":"https:\/\/noti-america.com\/site\/venezuela\/2019\/06\/08\/guaido-extendio-vigencia-de-pasaportes-vencidos-por-cinco-anos\/#article","isPartOf":{"@id":"https:\/\/noti-america.com\/site\/venezuela\/2019\/06\/08\/guaido-extendio-vigencia-de-pasaportes-vencidos-por-cinco-anos\/"},"author":{"name":"Andr\u00e9s Salazar TV","@id":"https:\/\/noti-america.com\/site\/venezuela\/#\/schema\/person\/5536bbfd0e2b9220dabb68be6a79e6a2"},"headline":"Guaid\u00f3 extendi\u00f3 vigencia de pasaportes vencidos por cinco a\u00f1os","datePublished":"2019-06-08T07:22:46+00:00","mainEntityOfPage":{"@id":"https:\/\/noti-america.com\/site\/venezuela\/2019\/06\/08\/guaido-extendio-vigencia-de-pasaportes-vencidos-por-cinco-anos\/"},"wordCount":248,"commentCount":0,"publisher":{"@id":"https:\/\/noti-america.com\/site\/venezuela\/#organization"},"image":{"@id":"https:\/\/noti-america.com\/site\/venezuela\/2019\/06\/08\/guaido-extendio-vigencia-de-pasaportes-vencidos-por-cinco-anos\/#primaryimage"},"thumbnailUrl":"https:\/\/noti-america.com\/site\/venezuela\/wp-content\/uploads\/sites\/2\/2019\/06\/venezolana_pasaporte_afp_2_0.jpg","articleSection":["Noticias","Venezuela"],"inLanguage":"es","potentialAction":[{"@type":"CommentAction","name":"Comment","target":["https:\/\/noti-america.com\/site\/venezuela\/2019\/06\/08\/guaido-extendio-vigencia-de-pasaportes-vencidos-por-cinco-anos\/#respond"]}]},{"@type":"WebPage","@id":"https:\/\/noti-america.com\/site\/venezuela\/2019\/06\/08\/guaido-extendio-vigencia-de-pasaportes-vencidos-por-cinco-anos\/","url":"https:\/\/noti-america.com\/site\/venezuela\/2019\/06\/08\/guaido-extendio-vigencia-de-pasaportes-vencidos-por-cinco-anos\/","name":"Guaid\u00f3 extendi\u00f3 vigencia de pasaportes vencidos por cinco a\u00f1os - Venezuela | Noti-America.com","isPartOf":{"@id":"https:\/\/noti-america.com\/site\/venezuela\/#website"},"primaryImageOfPage":{"@id":"https:\/\/noti-america.com\/site\/venezuela\/2019\/06\/08\/guaido-extendio-vigencia-de-pasaportes-vencidos-por-cinco-anos\/#primaryimage"},"image":{"@id":"https:\/\/noti-america.com\/site\/venezuela\/2019\/06\/08\/guaido-extendio-vigencia-de-pasaportes-vencidos-por-cinco-anos\/#primaryimage"},"thumbnailUrl":"https:\/\/noti-america.com\/site\/venezuela\/wp-content\/uploads\/sites\/2\/2019\/06\/venezolana_pasaporte_afp_2_0.jpg","datePublished":"2019-06-08T07:22:46+00:00","breadcrumb":{"@id":"https:\/\/noti-america.com\/site\/venezuela\/2019\/06\/08\/guaido-extendio-vigencia-de-pasaportes-vencidos-por-cinco-anos\/#breadcrumb"},"inLanguage":"es","potentialAction":[{"@type":"ReadAction","target":["https:\/\/noti-america.com\/site\/venezuela\/2019\/06\/08\/guaido-extendio-vigencia-de-pasaportes-vencidos-por-cinco-anos\/"]}]},{"@type":"ImageObject","inLanguage":"es","@id":"https:\/\/noti-america.com\/site\/venezuela\/2019\/06\/08\/guaido-extendio-vigencia-de-pasaportes-vencidos-por-cinco-anos\/#primaryimage","url":"https:\/\/noti-america.com\/site\/venezuela\/wp-content\/uploads\/sites\/2\/2019\/06\/venezolana_pasaporte_afp_2_0.jpg","contentUrl":"https:\/\/noti-america.com\/site\/venezuela\/wp-content\/uploads\/sites\/2\/2019\/06\/venezolana_pasaporte_afp_2_0.jpg","width":834,"height":546},{"@type":"BreadcrumbList","@id":"https:\/\/noti-america.com\/site\/venezuela\/2019\/06\/08\/guaido-extendio-vigencia-de-pasaportes-vencidos-por-cinco-anos\/#breadcrumb","itemListElement":[{"@type":"ListItem","position":1,"name":"Portada","item":"https:\/\/noti-america.com\/site\/venezuela\/"},{"@type":"ListItem","position":2,"name":"Guaid\u00f3 extendi\u00f3 vigencia de pasaportes vencidos por cinco a\u00f1os"}]},{"@type":"WebSite","@id":"https:\/\/noti-america.com\/site\/venezuela\/#website","url":"https:\/\/noti-america.com\/site\/venezuela\/","name":"Venezuela | Noti-America.com","description":"","publisher":{"@id":"https:\/\/noti-america.com\/site\/venezuela\/#organization"},"potentialAction":[{"@type":"SearchAction","target":{"@type":"EntryPoint","urlTemplate":"https:\/\/noti-america.com\/site\/venezuela\/?s={search_term_string}"},"query-input":{"@type":"PropertyValueSpecification","valueRequired":true,"valueName":"search_term_string"}}],"inLanguage":"es"},{"@type":"Organization","@id":"https:\/\/noti-america.com\/site\/venezuela\/#organization","name":"Noti-America LLC | Venezuela","url":"https:\/\/noti-america.com\/site\/venezuela\/","logo":{"@type":"ImageObject","inLanguage":"es","@id":"https:\/\/noti-america.com\/site\/venezuela\/#\/schema\/logo\/image\/","url":"https:\/\/noti-america.com\/site\/venezuela\/wp-content\/uploads\/sites\/2\/2020\/07\/LogoNA-4x3-1.jpg","contentUrl":"https:\/\/noti-america.com\/site\/venezuela\/wp-content\/uploads\/sites\/2\/2020\/07\/LogoNA-4x3-1.jpg","width":1236,"height":1080,"caption":"Noti-America LLC | Venezuela"},"image":{"@id":"https:\/\/noti-america.com\/site\/venezuela\/#\/schema\/logo\/image\/"}},{"@type":"Person","@id":"https:\/\/noti-america.com\/site\/venezuela\/#\/schema\/person\/5536bbfd0e2b9220dabb68be6a79e6a2","name":"Andr\u00e9s Salazar TV","image":{"@type":"ImageObject","inLanguage":"es","@id":"https:\/\/secure.gravatar.com\/avatar\/afe6826ba750395b641021d9bf08e5496b9d29671cfabb16346350901fb94310?s=96&d=mm&r=g","url":"https:\/\/secure.gravatar.com\/avatar\/afe6826ba750395b641021d9bf08e5496b9d29671cfabb16346350901fb94310?s=96&d=mm&r=g","contentUrl":"https:\/\/secure.gravatar.com\/avatar\/afe6826ba750395b641021d9bf08e5496b9d29671cfabb16346350901fb94310?s=96&d=mm&r=g","caption":"Andr\u00e9s Salazar TV"},"description":"Andr\u00e9s Salazar. Corresponsal de Noti-Am\u00e9rica en Venezuela. Periodista con m\u00e1s de 14 a\u00f1os de trayectoria en la cobertura de hechos informativos. Amplia experiencia en la narrativa de eventos deportivos, musicales y sucesos de \u00faltima hora.","sameAs":["https:\/\/www.facebook.com\/AndresSalazarTV\/","https:\/\/youtube.com\/@andressalazartv?si=fYrt2l__ee2OK_Fh"],"url":"https:\/\/noti-america.com\/site\/venezuela\/author\/asalazar\/"}]}},"_links":{"self":[{"href":"https:\/\/noti-america.com\/site\/venezuela\/wp-json\/wp\/v2\/posts\/8329","targetHints":{"allow":["GET"]}}],"collection":[{"href":"https:\/\/noti-america.com\/site\/venezuela\/wp-json\/wp\/v2\/posts"}],"about":[{"href":"https:\/\/noti-america.com\/site\/venezuela\/wp-json\/wp\/v2\/types\/post"}],"author":[{"embeddable":true,"href":"https:\/\/noti-america.com\/site\/venezuela\/wp-json\/wp\/v2\/users\/4"}],"replies":[{"embeddable":true,"href":"https:\/\/noti-america.com\/site\/venezuela\/wp-json\/wp\/v2\/comments?post=8329"}],"version-history":[{"count":1,"href":"https:\/\/noti-america.com\/site\/venezuela\/wp-json\/wp\/v2\/posts\/8329\/revisions"}],"predecessor-version":[{"id":8331,"href":"https:\/\/noti-america.com\/site\/venezuela\/wp-json\/wp\/v2\/posts\/8329\/revisions\/8331"}],"wp:featuredmedia":[{"embeddable":true,"href":"https:\/\/noti-america.com\/site\/venezuela\/wp-json\/wp\/v2\/media\/8330"}],"wp:attachment":[{"href":"https:\/\/noti-america.com\/site\/venezuela\/wp-json\/wp\/v2\/media?parent=8329"}],"wp:term":[{"taxonomy":"category","embeddable":true,"href":"https:\/\/noti-america.com\/site\/venezuela\/wp-json\/wp\/v2\/categories?post=8329"},{"taxonomy":"post_tag","embeddable":true,"href":"https:\/\/noti-america.com\/site\/venezuela\/wp-json\/wp\/v2\/tags?post=8329"}],"curies":[{"name":"wp","href":"https:\/\/api.w.org\/{rel}","templated":true}]}}