{"id":7707,"date":"2019-05-22T07:21:36","date_gmt":"2019-05-22T07:21:36","guid":{"rendered":"http:\/\/noti-america.com\/site\/venezuela\/?p=7707"},"modified":"2019-05-22T07:21:36","modified_gmt":"2019-05-22T07:21:36","slug":"se-contabilizan-17-547-protestas-entre-mayo-de-2018-y-2019","status":"publish","type":"post","link":"https:\/\/noti-america.com\/site\/venezuela\/2019\/05\/22\/se-contabilizan-17-547-protestas-entre-mayo-de-2018-y-2019\/","title":{"rendered":"Se contabilizan 17.547 protestas entre mayo de 2018 y 2019"},"content":{"rendered":"<p><img decoding=\"async\" class=\"aligncenter\" src=\"https:\/\/ep01.epimg.net\/internacional\/imagenes\/2017\/04\/19\/actualidad\/1492636313_588855_1492636988_noticia_normal.jpg\" alt=\"Resultado de imagen para protestas en venezuela\" \/><\/p>\n<p style=\"text-align: justify\">De acuerdo a informaciones rese\u00f1ados por el IMPULSO \u00abEl Observatorio Venezolano de Conflictividad Social (OVCS) document\u00f3 m\u00e1s de 17.547 protestas en todo el pa\u00eds, desde mayo de 2018 hasta mayo de 2019. Asegur\u00f3 que el r\u00e9gimen de Nicol\u00e1s Maduro ha intentado aplacar las numerosas manifestaciones \u201ccon una pol\u00edtica de represi\u00f3n letal que en este lapso deja un saldo lamentable de 63 manifestantes asesinados\u201d.<\/p>\n<blockquote><p>La ONG se\u00f1al\u00f3 que la represi\u00f3n ha sido ejercida principalmente por \u201cfuncionarios de las Guardia Nacional Bolivariana (GNB), Colectivos Paramilitares, Fuerzas de Acciones Especiales (FAES) de la Polic\u00eda Nacional Bolivariana (PNB) que fungen como grupos de exterminio y Direcci\u00f3n General de Contrainteligencia Militar (DGCIM)\u201d.<\/p><\/blockquote>\n<p style=\"text-align: justify\">El OVCS asegur\u00f3 que \u00a0el rechazo contra el r\u00e9gimen de Nicol\u00e1s Maduro \u201cse expresa desde quienes exigen unas elecciones apegadas a la ley, hasta quienes lo responsabilizan por el deterioro del poder adquisitivo del salario, precarizaci\u00f3n del empleo, limitadas oportunidades para acceder a alimentos y medicinas, as\u00ed como el colapso de los servicios b\u00e1sicos (electricidad, agua, gas, transporte p\u00fablico, gasolina, internet y telecomunicaciones)\u201d.<\/p>\n","protected":false},"excerpt":{"rendered":"<p>De acuerdo a informaciones rese\u00f1ados por el IMPULSO \u00abEl Observatorio Venezolano de Conflictividad Social (OVCS) document\u00f3 m\u00e1s de 17.547 protestas en todo el pa\u00eds, desde mayo de 2018 hasta mayo de 2019. Asegur\u00f3 que&#46;&#46;&#46;<\/p>\n","protected":false},"author":4,"featured_media":7708,"comment_status":"open","ping_status":"open","sticky":false,"template":"","format":"standard","meta":{"_acf_changed":false,"om_disable_all_campaigns":false,"rop_custom_images_group":[],"rop_custom_messages_group":[],"rop_publish_now":"initial","rop_publish_now_accounts":{"twitter_242054905_242054905":""},"rop_publish_now_history":[],"rop_publish_now_status":"pending","_uf_show_specific_survey":0,"_uf_disable_surveys":false,"footnotes":""},"categories":[157,156],"tags":[],"class_list":["post-7707","post","type-post","status-publish","format-standard","has-post-thumbnail","hentry","category-noticias","category-venezuela"],"acf":[],"aioseo_notices":[],"yoast_head":"<!-- This site is optimized with the Yoast SEO Premium plugin v24.9 (Yoast SEO v27.2) - https:\/\/yoast.com\/product\/yoast-seo-premium-wordpress\/ -->\n<title>Se contabilizan 17.547 protestas entre mayo de 2018 y 2019 - Venezuela | Noti-America.com<\/title>\n<meta name=\"robots\" content=\"index, follow, max-snippet:-1, max-image-preview:large, max-video-preview:-1\" \/>\n<link rel=\"canonical\" href=\"https:\/\/noti-america.com\/site\/venezuela\/2019\/05\/22\/se-contabilizan-17-547-protestas-entre-mayo-de-2018-y-2019\/\" \/>\n<meta property=\"og:locale\" content=\"es_ES\" \/>\n<meta property=\"og:type\" content=\"article\" \/>\n<meta property=\"og:title\" content=\"Se contabilizan 17.547 protestas entre mayo de 2018 y 2019\" \/>\n<meta property=\"og:description\" content=\"De acuerdo a informaciones rese\u00f1ados por el IMPULSO \u00abEl Observatorio Venezolano de Conflictividad Social (OVCS) document\u00f3 m\u00e1s de 17.547 protestas en todo el pa\u00eds, desde mayo de 2018 hasta mayo de 2019. Asegur\u00f3 que&#046;&#046;&#046;\" \/>\n<meta property=\"og:url\" content=\"https:\/\/noti-america.com\/site\/venezuela\/2019\/05\/22\/se-contabilizan-17-547-protestas-entre-mayo-de-2018-y-2019\/\" \/>\n<meta property=\"og:site_name\" content=\"Venezuela | Noti-America.com\" \/>\n<meta property=\"article:author\" content=\"https:\/\/www.facebook.com\/AndresSalazarTV\/\" \/>\n<meta property=\"article:published_time\" content=\"2019-05-22T07:21:36+00:00\" \/>\n<meta property=\"og:image\" content=\"https:\/\/noti-america.com\/site\/venezuela\/wp-content\/uploads\/sites\/2\/2019\/05\/1492636313_588855_1492636988_noticia_normal.jpg\" \/>\n\t<meta property=\"og:image:width\" content=\"980\" \/>\n\t<meta property=\"og:image:height\" content=\"654\" \/>\n\t<meta property=\"og:image:type\" content=\"image\/jpeg\" \/>\n<meta name=\"author\" content=\"Andr\u00e9s Salazar TV\" \/>\n<meta name=\"twitter:card\" content=\"summary_large_image\" \/>\n<meta name=\"twitter:label1\" content=\"Escrito por\" \/>\n\t<meta name=\"twitter:data1\" content=\"Andr\u00e9s Salazar TV\" \/>\n\t<meta name=\"twitter:label2\" content=\"Tiempo estimado de lectura\" \/>\n\t<meta name=\"twitter:data2\" content=\"1 minuto\" \/>\n<script type=\"application\/ld+json\" class=\"yoast-schema-graph\">{\"@context\":\"https:\/\/schema.org\",\"@graph\":[{\"@type\":\"Article\",\"@id\":\"https:\/\/noti-america.com\/site\/venezuela\/2019\/05\/22\/se-contabilizan-17-547-protestas-entre-mayo-de-2018-y-2019\/#article\",\"isPartOf\":{\"@id\":\"https:\/\/noti-america.com\/site\/venezuela\/2019\/05\/22\/se-contabilizan-17-547-protestas-entre-mayo-de-2018-y-2019\/\"},\"author\":{\"name\":\"Andr\u00e9s Salazar TV\",\"@id\":\"https:\/\/noti-america.com\/site\/venezuela\/#\/schema\/person\/5536bbfd0e2b9220dabb68be6a79e6a2\"},\"headline\":\"Se contabilizan 17.547 protestas entre mayo de 2018 y 2019\",\"datePublished\":\"2019-05-22T07:21:36+00:00\",\"mainEntityOfPage\":{\"@id\":\"https:\/\/noti-america.com\/site\/venezuela\/2019\/05\/22\/se-contabilizan-17-547-protestas-entre-mayo-de-2018-y-2019\/\"},\"wordCount\":189,\"commentCount\":0,\"publisher\":{\"@id\":\"https:\/\/noti-america.com\/site\/venezuela\/#organization\"},\"image\":{\"@id\":\"https:\/\/noti-america.com\/site\/venezuela\/2019\/05\/22\/se-contabilizan-17-547-protestas-entre-mayo-de-2018-y-2019\/#primaryimage\"},\"thumbnailUrl\":\"https:\/\/noti-america.com\/site\/venezuela\/wp-content\/uploads\/sites\/2\/2019\/05\/1492636313_588855_1492636988_noticia_normal.jpg\",\"articleSection\":[\"Noticias\",\"Venezuela\"],\"inLanguage\":\"es\",\"potentialAction\":[{\"@type\":\"CommentAction\",\"name\":\"Comment\",\"target\":[\"https:\/\/noti-america.com\/site\/venezuela\/2019\/05\/22\/se-contabilizan-17-547-protestas-entre-mayo-de-2018-y-2019\/#respond\"]}]},{\"@type\":\"WebPage\",\"@id\":\"https:\/\/noti-america.com\/site\/venezuela\/2019\/05\/22\/se-contabilizan-17-547-protestas-entre-mayo-de-2018-y-2019\/\",\"url\":\"https:\/\/noti-america.com\/site\/venezuela\/2019\/05\/22\/se-contabilizan-17-547-protestas-entre-mayo-de-2018-y-2019\/\",\"name\":\"Se contabilizan 17.547 protestas entre mayo de 2018 y 2019 - Venezuela | Noti-America.com\",\"isPartOf\":{\"@id\":\"https:\/\/noti-america.com\/site\/venezuela\/#website\"},\"primaryImageOfPage\":{\"@id\":\"https:\/\/noti-america.com\/site\/venezuela\/2019\/05\/22\/se-contabilizan-17-547-protestas-entre-mayo-de-2018-y-2019\/#primaryimage\"},\"image\":{\"@id\":\"https:\/\/noti-america.com\/site\/venezuela\/2019\/05\/22\/se-contabilizan-17-547-protestas-entre-mayo-de-2018-y-2019\/#primaryimage\"},\"thumbnailUrl\":\"https:\/\/noti-america.com\/site\/venezuela\/wp-content\/uploads\/sites\/2\/2019\/05\/1492636313_588855_1492636988_noticia_normal.jpg\",\"datePublished\":\"2019-05-22T07:21:36+00:00\",\"breadcrumb\":{\"@id\":\"https:\/\/noti-america.com\/site\/venezuela\/2019\/05\/22\/se-contabilizan-17-547-protestas-entre-mayo-de-2018-y-2019\/#breadcrumb\"},\"inLanguage\":\"es\",\"potentialAction\":[{\"@type\":\"ReadAction\",\"target\":[\"https:\/\/noti-america.com\/site\/venezuela\/2019\/05\/22\/se-contabilizan-17-547-protestas-entre-mayo-de-2018-y-2019\/\"]}]},{\"@type\":\"ImageObject\",\"inLanguage\":\"es\",\"@id\":\"https:\/\/noti-america.com\/site\/venezuela\/2019\/05\/22\/se-contabilizan-17-547-protestas-entre-mayo-de-2018-y-2019\/#primaryimage\",\"url\":\"https:\/\/noti-america.com\/site\/venezuela\/wp-content\/uploads\/sites\/2\/2019\/05\/1492636313_588855_1492636988_noticia_normal.jpg\",\"contentUrl\":\"https:\/\/noti-america.com\/site\/venezuela\/wp-content\/uploads\/sites\/2\/2019\/05\/1492636313_588855_1492636988_noticia_normal.jpg\",\"width\":980,\"height\":654},{\"@type\":\"BreadcrumbList\",\"@id\":\"https:\/\/noti-america.com\/site\/venezuela\/2019\/05\/22\/se-contabilizan-17-547-protestas-entre-mayo-de-2018-y-2019\/#breadcrumb\",\"itemListElement\":[{\"@type\":\"ListItem\",\"position\":1,\"name\":\"Portada\",\"item\":\"https:\/\/noti-america.com\/site\/venezuela\/\"},{\"@type\":\"ListItem\",\"position\":2,\"name\":\"Se contabilizan 17.547 protestas entre mayo de 2018 y 2019\"}]},{\"@type\":\"WebSite\",\"@id\":\"https:\/\/noti-america.com\/site\/venezuela\/#website\",\"url\":\"https:\/\/noti-america.com\/site\/venezuela\/\",\"name\":\"Venezuela | Noti-America.com\",\"description\":\"\",\"publisher\":{\"@id\":\"https:\/\/noti-america.com\/site\/venezuela\/#organization\"},\"potentialAction\":[{\"@type\":\"SearchAction\",\"target\":{\"@type\":\"EntryPoint\",\"urlTemplate\":\"https:\/\/noti-america.com\/site\/venezuela\/?s={search_term_string}\"},\"query-input\":{\"@type\":\"PropertyValueSpecification\",\"valueRequired\":true,\"valueName\":\"search_term_string\"}}],\"inLanguage\":\"es\"},{\"@type\":\"Organization\",\"@id\":\"https:\/\/noti-america.com\/site\/venezuela\/#organization\",\"name\":\"Noti-America LLC | Venezuela\",\"url\":\"https:\/\/noti-america.com\/site\/venezuela\/\",\"logo\":{\"@type\":\"ImageObject\",\"inLanguage\":\"es\",\"@id\":\"https:\/\/noti-america.com\/site\/venezuela\/#\/schema\/logo\/image\/\",\"url\":\"https:\/\/noti-america.com\/site\/venezuela\/wp-content\/uploads\/sites\/2\/2020\/07\/LogoNA-4x3-1.jpg\",\"contentUrl\":\"https:\/\/noti-america.com\/site\/venezuela\/wp-content\/uploads\/sites\/2\/2020\/07\/LogoNA-4x3-1.jpg\",\"width\":1236,\"height\":1080,\"caption\":\"Noti-America LLC | Venezuela\"},\"image\":{\"@id\":\"https:\/\/noti-america.com\/site\/venezuela\/#\/schema\/logo\/image\/\"}},{\"@type\":\"Person\",\"@id\":\"https:\/\/noti-america.com\/site\/venezuela\/#\/schema\/person\/5536bbfd0e2b9220dabb68be6a79e6a2\",\"name\":\"Andr\u00e9s Salazar TV\",\"image\":{\"@type\":\"ImageObject\",\"inLanguage\":\"es\",\"@id\":\"https:\/\/secure.gravatar.com\/avatar\/afe6826ba750395b641021d9bf08e5496b9d29671cfabb16346350901fb94310?s=96&d=mm&r=g\",\"url\":\"https:\/\/secure.gravatar.com\/avatar\/afe6826ba750395b641021d9bf08e5496b9d29671cfabb16346350901fb94310?s=96&d=mm&r=g\",\"contentUrl\":\"https:\/\/secure.gravatar.com\/avatar\/afe6826ba750395b641021d9bf08e5496b9d29671cfabb16346350901fb94310?s=96&d=mm&r=g\",\"caption\":\"Andr\u00e9s Salazar TV\"},\"description\":\"Periodista venezolano, especializado en deportes. Con m\u00e1s de 12 a\u00f1os de experiencia en medios de comunicaci\u00f3n. Cobertura informativa de los grandes eventos deportivos de Am\u00e9rica Latina y el Mundo.\",\"sameAs\":[\"https:\/\/www.facebook.com\/AndresSalazarTV\/\"],\"url\":\"https:\/\/noti-america.com\/site\/venezuela\/author\/asalazar\/\"}]}<\/script>\n<!-- \/ Yoast SEO Premium plugin. -->","yoast_head_json":{"title":"Se contabilizan 17.547 protestas entre mayo de 2018 y 2019 - Venezuela | Noti-America.com","robots":{"index":"index","follow":"follow","max-snippet":"max-snippet:-1","max-image-preview":"max-image-preview:large","max-video-preview":"max-video-preview:-1"},"canonical":"https:\/\/noti-america.com\/site\/venezuela\/2019\/05\/22\/se-contabilizan-17-547-protestas-entre-mayo-de-2018-y-2019\/","og_locale":"es_ES","og_type":"article","og_title":"Se contabilizan 17.547 protestas entre mayo de 2018 y 2019","og_description":"De acuerdo a informaciones rese\u00f1ados por el IMPULSO \u00abEl Observatorio Venezolano de Conflictividad Social (OVCS) document\u00f3 m\u00e1s de 17.547 protestas en todo el pa\u00eds, desde mayo de 2018 hasta mayo de 2019. Asegur\u00f3 que&#46;&#46;&#46;","og_url":"https:\/\/noti-america.com\/site\/venezuela\/2019\/05\/22\/se-contabilizan-17-547-protestas-entre-mayo-de-2018-y-2019\/","og_site_name":"Venezuela | Noti-America.com","article_author":"https:\/\/www.facebook.com\/AndresSalazarTV\/","article_published_time":"2019-05-22T07:21:36+00:00","og_image":[{"width":980,"height":654,"url":"https:\/\/noti-america.com\/site\/venezuela\/wp-content\/uploads\/sites\/2\/2019\/05\/1492636313_588855_1492636988_noticia_normal.jpg","type":"image\/jpeg"}],"author":"Andr\u00e9s Salazar TV","twitter_card":"summary_large_image","twitter_misc":{"Escrito por":"Andr\u00e9s Salazar TV","Tiempo estimado de lectura":"1 minuto"},"schema":{"@context":"https:\/\/schema.org","@graph":[{"@type":"Article","@id":"https:\/\/noti-america.com\/site\/venezuela\/2019\/05\/22\/se-contabilizan-17-547-protestas-entre-mayo-de-2018-y-2019\/#article","isPartOf":{"@id":"https:\/\/noti-america.com\/site\/venezuela\/2019\/05\/22\/se-contabilizan-17-547-protestas-entre-mayo-de-2018-y-2019\/"},"author":{"name":"Andr\u00e9s Salazar TV","@id":"https:\/\/noti-america.com\/site\/venezuela\/#\/schema\/person\/5536bbfd0e2b9220dabb68be6a79e6a2"},"headline":"Se contabilizan 17.547 protestas entre mayo de 2018 y 2019","datePublished":"2019-05-22T07:21:36+00:00","mainEntityOfPage":{"@id":"https:\/\/noti-america.com\/site\/venezuela\/2019\/05\/22\/se-contabilizan-17-547-protestas-entre-mayo-de-2018-y-2019\/"},"wordCount":189,"commentCount":0,"publisher":{"@id":"https:\/\/noti-america.com\/site\/venezuela\/#organization"},"image":{"@id":"https:\/\/noti-america.com\/site\/venezuela\/2019\/05\/22\/se-contabilizan-17-547-protestas-entre-mayo-de-2018-y-2019\/#primaryimage"},"thumbnailUrl":"https:\/\/noti-america.com\/site\/venezuela\/wp-content\/uploads\/sites\/2\/2019\/05\/1492636313_588855_1492636988_noticia_normal.jpg","articleSection":["Noticias","Venezuela"],"inLanguage":"es","potentialAction":[{"@type":"CommentAction","name":"Comment","target":["https:\/\/noti-america.com\/site\/venezuela\/2019\/05\/22\/se-contabilizan-17-547-protestas-entre-mayo-de-2018-y-2019\/#respond"]}]},{"@type":"WebPage","@id":"https:\/\/noti-america.com\/site\/venezuela\/2019\/05\/22\/se-contabilizan-17-547-protestas-entre-mayo-de-2018-y-2019\/","url":"https:\/\/noti-america.com\/site\/venezuela\/2019\/05\/22\/se-contabilizan-17-547-protestas-entre-mayo-de-2018-y-2019\/","name":"Se contabilizan 17.547 protestas entre mayo de 2018 y 2019 - Venezuela | Noti-America.com","isPartOf":{"@id":"https:\/\/noti-america.com\/site\/venezuela\/#website"},"primaryImageOfPage":{"@id":"https:\/\/noti-america.com\/site\/venezuela\/2019\/05\/22\/se-contabilizan-17-547-protestas-entre-mayo-de-2018-y-2019\/#primaryimage"},"image":{"@id":"https:\/\/noti-america.com\/site\/venezuela\/2019\/05\/22\/se-contabilizan-17-547-protestas-entre-mayo-de-2018-y-2019\/#primaryimage"},"thumbnailUrl":"https:\/\/noti-america.com\/site\/venezuela\/wp-content\/uploads\/sites\/2\/2019\/05\/1492636313_588855_1492636988_noticia_normal.jpg","datePublished":"2019-05-22T07:21:36+00:00","breadcrumb":{"@id":"https:\/\/noti-america.com\/site\/venezuela\/2019\/05\/22\/se-contabilizan-17-547-protestas-entre-mayo-de-2018-y-2019\/#breadcrumb"},"inLanguage":"es","potentialAction":[{"@type":"ReadAction","target":["https:\/\/noti-america.com\/site\/venezuela\/2019\/05\/22\/se-contabilizan-17-547-protestas-entre-mayo-de-2018-y-2019\/"]}]},{"@type":"ImageObject","inLanguage":"es","@id":"https:\/\/noti-america.com\/site\/venezuela\/2019\/05\/22\/se-contabilizan-17-547-protestas-entre-mayo-de-2018-y-2019\/#primaryimage","url":"https:\/\/noti-america.com\/site\/venezuela\/wp-content\/uploads\/sites\/2\/2019\/05\/1492636313_588855_1492636988_noticia_normal.jpg","contentUrl":"https:\/\/noti-america.com\/site\/venezuela\/wp-content\/uploads\/sites\/2\/2019\/05\/1492636313_588855_1492636988_noticia_normal.jpg","width":980,"height":654},{"@type":"BreadcrumbList","@id":"https:\/\/noti-america.com\/site\/venezuela\/2019\/05\/22\/se-contabilizan-17-547-protestas-entre-mayo-de-2018-y-2019\/#breadcrumb","itemListElement":[{"@type":"ListItem","position":1,"name":"Portada","item":"https:\/\/noti-america.com\/site\/venezuela\/"},{"@type":"ListItem","position":2,"name":"Se contabilizan 17.547 protestas entre mayo de 2018 y 2019"}]},{"@type":"WebSite","@id":"https:\/\/noti-america.com\/site\/venezuela\/#website","url":"https:\/\/noti-america.com\/site\/venezuela\/","name":"Venezuela | Noti-America.com","description":"","publisher":{"@id":"https:\/\/noti-america.com\/site\/venezuela\/#organization"},"potentialAction":[{"@type":"SearchAction","target":{"@type":"EntryPoint","urlTemplate":"https:\/\/noti-america.com\/site\/venezuela\/?s={search_term_string}"},"query-input":{"@type":"PropertyValueSpecification","valueRequired":true,"valueName":"search_term_string"}}],"inLanguage":"es"},{"@type":"Organization","@id":"https:\/\/noti-america.com\/site\/venezuela\/#organization","name":"Noti-America LLC | Venezuela","url":"https:\/\/noti-america.com\/site\/venezuela\/","logo":{"@type":"ImageObject","inLanguage":"es","@id":"https:\/\/noti-america.com\/site\/venezuela\/#\/schema\/logo\/image\/","url":"https:\/\/noti-america.com\/site\/venezuela\/wp-content\/uploads\/sites\/2\/2020\/07\/LogoNA-4x3-1.jpg","contentUrl":"https:\/\/noti-america.com\/site\/venezuela\/wp-content\/uploads\/sites\/2\/2020\/07\/LogoNA-4x3-1.jpg","width":1236,"height":1080,"caption":"Noti-America LLC | Venezuela"},"image":{"@id":"https:\/\/noti-america.com\/site\/venezuela\/#\/schema\/logo\/image\/"}},{"@type":"Person","@id":"https:\/\/noti-america.com\/site\/venezuela\/#\/schema\/person\/5536bbfd0e2b9220dabb68be6a79e6a2","name":"Andr\u00e9s Salazar TV","image":{"@type":"ImageObject","inLanguage":"es","@id":"https:\/\/secure.gravatar.com\/avatar\/afe6826ba750395b641021d9bf08e5496b9d29671cfabb16346350901fb94310?s=96&d=mm&r=g","url":"https:\/\/secure.gravatar.com\/avatar\/afe6826ba750395b641021d9bf08e5496b9d29671cfabb16346350901fb94310?s=96&d=mm&r=g","contentUrl":"https:\/\/secure.gravatar.com\/avatar\/afe6826ba750395b641021d9bf08e5496b9d29671cfabb16346350901fb94310?s=96&d=mm&r=g","caption":"Andr\u00e9s Salazar TV"},"description":"Periodista venezolano, especializado en deportes. Con m\u00e1s de 12 a\u00f1os de experiencia en medios de comunicaci\u00f3n. Cobertura informativa de los grandes eventos deportivos de Am\u00e9rica Latina y el Mundo.","sameAs":["https:\/\/www.facebook.com\/AndresSalazarTV\/"],"url":"https:\/\/noti-america.com\/site\/venezuela\/author\/asalazar\/"}]}},"_links":{"self":[{"href":"https:\/\/noti-america.com\/site\/venezuela\/wp-json\/wp\/v2\/posts\/7707","targetHints":{"allow":["GET"]}}],"collection":[{"href":"https:\/\/noti-america.com\/site\/venezuela\/wp-json\/wp\/v2\/posts"}],"about":[{"href":"https:\/\/noti-america.com\/site\/venezuela\/wp-json\/wp\/v2\/types\/post"}],"author":[{"embeddable":true,"href":"https:\/\/noti-america.com\/site\/venezuela\/wp-json\/wp\/v2\/users\/4"}],"replies":[{"embeddable":true,"href":"https:\/\/noti-america.com\/site\/venezuela\/wp-json\/wp\/v2\/comments?post=7707"}],"version-history":[{"count":2,"href":"https:\/\/noti-america.com\/site\/venezuela\/wp-json\/wp\/v2\/posts\/7707\/revisions"}],"predecessor-version":[{"id":7718,"href":"https:\/\/noti-america.com\/site\/venezuela\/wp-json\/wp\/v2\/posts\/7707\/revisions\/7718"}],"wp:featuredmedia":[{"embeddable":true,"href":"https:\/\/noti-america.com\/site\/venezuela\/wp-json\/wp\/v2\/media\/7708"}],"wp:attachment":[{"href":"https:\/\/noti-america.com\/site\/venezuela\/wp-json\/wp\/v2\/media?parent=7707"}],"wp:term":[{"taxonomy":"category","embeddable":true,"href":"https:\/\/noti-america.com\/site\/venezuela\/wp-json\/wp\/v2\/categories?post=7707"},{"taxonomy":"post_tag","embeddable":true,"href":"https:\/\/noti-america.com\/site\/venezuela\/wp-json\/wp\/v2\/tags?post=7707"}],"curies":[{"name":"wp","href":"https:\/\/api.w.org\/{rel}","templated":true}]}}