{"id":745,"date":"2017-10-01T03:28:26","date_gmt":"2017-10-01T03:28:26","guid":{"rendered":"http:\/\/noti-america.com\/site\/venezuela\/?p=745"},"modified":"2017-10-01T15:39:12","modified_gmt":"2017-10-01T15:39:12","slug":"indolencia-de-un-gobierno-negado-a-ayudas-humanitarias","status":"publish","type":"post","link":"https:\/\/noti-america.com\/site\/venezuela\/2017\/10\/01\/indolencia-de-un-gobierno-negado-a-ayudas-humanitarias\/","title":{"rendered":"Indolencia de un gobierno negado a ayudas humanitarias"},"content":{"rendered":"<blockquote><p>El Gobierno de Nicol\u00e1s Maduro habr\u00eda tomado la decisi\u00f3n de agregar tres ceros m\u00e1s a la moneda y comenzar\u00e1 con los billetes de 100 bol\u00edvares. Para ello, recurri\u00f3\u00a0<strong>nuevamente a los servicios de\u00a0Crane Currency, impresora de valores de Boston.<\/strong><\/p><\/blockquote>\n<p>https:\/\/twitter.com\/jesusmedinae\/status\/914177056006688768<\/p>\n<p>Venezuela vive de las migajas de un r\u00e9gimen que acusa al \u00abresto del mundo\u00bb de sus errores y atrocidades contra la poblaci\u00f3n y es que las im\u00e1genes son cada v\u00e9z m\u00e1s elocuentes y crudas, aunque sumado a ellas est\u00e1n las aclaratorias que pecan de \u00abest\u00fapidas\u00bb, por lo incoherentes, de los funcionarios de Estado que creen que la mayor\u00eda de los venezolanos son tan ignorantes como ellos.<\/p>\n<p>https:\/\/twitter.com\/periodicovzlano\/status\/914316991636344833<\/p>\n<p>Los eventos propagandisticos del partido oficialista muestran su capacidad de derroche y despilfarro ante una severa cr\u00edsis \u00abnetamente econ\u00f3mica y recrudecida en el \u00e1mbito social\u00bb, generada tras 19 a\u00f1os de arraigo en el poder.<\/p>\n<p>En un recorrido por los establecimientos de venta de alimentos en la ciudad de Barquisimeto, surgi\u00f3 la pregunta \u00aba d\u00f3nde iremos a parar\u00bb, en las extensas colas para pagar porque los puntos de venta son deficientes, o si no \u00abno sirven\u00bb, y es que si no es por fallas del sistema es porque en TODO EL PA\u00cdS, est\u00e1 de moda robarse los cables de la empresa de telefon\u00eda nacional CANTV, de manera que las comunicaciones resultan altamente deficientes y por consiguiente los tan buscados puntos de venta, a causa de que \u00abno hay efectivo\u00bb suficiente en la calles, es decir, circulante ponen peor la situaci\u00f3n.<\/p>\n<p>Otra de las preguntas es \u00abhasta d\u00f3nde va a llegar el gobierno con su terquedad\u00bb, suena a canci\u00f3n, pero no lo \u00e9s, es la melod\u00eda constante de la colectividad en busca de un producto \u00abm\u00e1s barato, porque cada d\u00eda, diariamente, suben los precios y cada vez es m\u00e1s fuerte para el bolsillo\u00bb, afirman ciudadanos en los \u00absupermercados\u00bb.<\/p>\n<p>El az\u00facar est\u00e1 desaparecido, la harina de trigo \u00abno se diga\u00bb, la leche entre los 40 y 50 mil bol\u00edvares el kilo, -recordemos que el salario integral es de 325 mil bol\u00edvares- y el cart\u00f3n de huevos pas\u00f3 los 30 mil, para colmo de males la carne -prote\u00edna necesaria- cuesta 35 mil bol\u00edvares\/kilo, y un kilo de pollo por los 16 mil, de manera que \u00abno est\u00e1 facil para el pueblo\u00bb, refunfu\u00f1an entrevistados mientras se hace cola por cualquier raz\u00f3n (medicinas, pan, \u00ablo que sea\u00bb).<\/p>\n<p>Y de pronto sale una rese\u00f1a\u00a0\u201cDiosito, cuida a aquellos que est\u00e1n pendientes de mi\u2026 que si compro, que si viajo, que si gasto\u2026 que no les de un infarto por favor!!!\u201d, coment\u00f3 en una de sus fotos publicada en una red social,\u00a0Debora Menicucci, la Miss Venezuela Mundo 2014, quien es\u00a0 la esposa\u00a0 del presidente del Tribunal Supremo de Justicia (TSJ), Maikel Moreno sin duda alguna aprovechando la posici\u00f3n de su marido y el \u201cenchufe\u201d del mismo.<\/p>\n<blockquote><p><strong>La indolente sin temor alguno sube a sus redes sociales sus \u00faltimas vacaciones en China.<\/strong><\/p><\/blockquote>\n<p>La tambi\u00e9n presentadora del programa Lo Actual transmitido por Televen, utiliz\u00f3 su cuenta de\u00a0Instagram\u00a0para posar en lugares emblem\u00e1ticos y como buena venezolana, aprovech\u00f3 la ocasi\u00f3n de dejarle su mensajito a los <strong>\u201cenvidiosos\u201d.<\/strong><\/p>\n<p>Mientras tanto, los venezolanos se ven impedidos de ir a la playa, o a una actividad recreativa debido a que si \u00abte diviertes no haces mercado\u00bb, y es por estas payasadas de los cercanos al oficialismo que el descontento se ha convertido en agresi\u00f3n.<\/p>\n<p>As\u00ed estamos, entre el descaro el despilfarro, y los abusos de poder, de quienes se creen con m\u00e1s derecho y se jactan de decir que el socialismo es lo mejor, pero sus excentricidades los ponen al descubierto, por los lujos y la vida de glotoner\u00eda que llevan mientras el pueblo come de la basura.<img loading=\"lazy\" decoding=\"async\" class=\"alignnone size-full wp-image-746\" src=\"http:\/\/noti-america.com\/site\/venezuela\/wp-content\/uploads\/sites\/2\/2017\/10\/comen-en-la-calle.jpg\" alt=\"\" width=\"299\" height=\"168\" \/><\/p>\n<p>Cada vez son m\u00e1s las mujeres, ni\u00f1os, y hombres pidiendo en la calle comida, cuesti\u00f3n que para cualquiera le resulta dif\u00edcil ayudar, ya que las familias en sus casas no se van a despojar de una bolsa de arroz o pasta, producto del esfuerzo que representa comprarla (cada producto se valora entre los 12 mil y 20 mil bol\u00edvares), de manera que para que un mendigo \u00abpidiendo plata\u00bb, logre comprar \u00abalgo\u00bb, requiere m\u00e1s de una semana, y es que lo m\u00e1ximo que un ciudadano aporta es un billete de 100, y por lo escasos, \u00abni eso\u00bb.<\/p>\n<p><img decoding=\"async\" src=\"https:\/\/pbs.twimg.com\/media\/DJyWYTtWsAEVRkd.jpg\" \/><\/p>\n<blockquote class=\"twitter-tweet\" data-width=\"500\" data-dnt=\"true\">\n<p lang=\"es\" dir=\"ltr\">\u00a1No habr\u00e1 hallacas! Advierten que producci\u00f3n de ma\u00edz solo alcanzar\u00e1 hasta diciembre <a href=\"https:\/\/t.co\/tFYgRDk5dI\">https:\/\/t.co\/tFYgRDk5dI<\/a> <a href=\"https:\/\/t.co\/eIjav9t37s\">pic.twitter.com\/eIjav9t37s<\/a><\/p>\n<p>&mdash; El Cooperante (@El_Cooperante) <a href=\"https:\/\/twitter.com\/El_Cooperante\/status\/914330197956145153?ref_src=twsrc%5Etfw\">October 1, 2017<\/a><\/p><\/blockquote>\n<p><script async src=\"https:\/\/platform.twitter.com\/widgets.js\" charset=\"utf-8\"><\/script><\/p>\n<blockquote class=\"twitter-tweet\" data-width=\"500\" data-dnt=\"true\">\n<p lang=\"es\" dir=\"ltr\">Excomandante de la OTAN alert\u00f3 sobre posible guerra civil en Venezuela <a href=\"https:\/\/t.co\/YgEbayXIJL\">https:\/\/t.co\/YgEbayXIJL<\/a><\/p>\n<p>&mdash; SuNoticiero (@SuNoticiero) <a href=\"https:\/\/twitter.com\/SuNoticiero\/status\/914316948233736192?ref_src=twsrc%5Etfw\">October 1, 2017<\/a><\/p><\/blockquote>\n<p><script async src=\"https:\/\/platform.twitter.com\/widgets.js\" charset=\"utf-8\"><\/script><\/p>\n<blockquote class=\"twitter-tweet\" data-width=\"500\" data-dnt=\"true\">\n<p lang=\"es\" dir=\"ltr\">Hampa deja \u201cen el piso\u201d a la escuela Rafael Urdaneta en Maracaibo <a href=\"https:\/\/t.co\/aKn7H96btJ\">https:\/\/t.co\/aKn7H96btJ<\/a><\/p>\n<p>&mdash; Venezuela al Dia (@venezuelaaldia) <a href=\"https:\/\/twitter.com\/venezuelaaldia\/status\/914316979384864769?ref_src=twsrc%5Etfw\">October 1, 2017<\/a><\/p><\/blockquote>\n<p><script async src=\"https:\/\/platform.twitter.com\/widgets.js\" charset=\"utf-8\"><\/script><\/p>\n<blockquote class=\"twitter-tweet\" data-width=\"500\" data-dnt=\"true\">\n<p lang=\"es\" dir=\"ltr\">Sismo de 5,5 sacudi\u00f3 T\u00e1chira, M\u00e9rida y Maracaibo este <a href=\"https:\/\/twitter.com\/hashtag\/30S?src=hash&amp;ref_src=twsrc%5Etfw\">#30S<\/a> <a href=\"https:\/\/t.co\/sVG52sjoyv\">https:\/\/t.co\/sVG52sjoyv<\/a><\/p>\n<p>&mdash; Roman Camacho (@RCamachoVzla) <a href=\"https:\/\/twitter.com\/RCamachoVzla\/status\/914316958102847489?ref_src=twsrc%5Etfw\">October 1, 2017<\/a><\/p><\/blockquote>\n<p><script async src=\"https:\/\/platform.twitter.com\/widgets.js\" charset=\"utf-8\"><\/script><\/p>\n<p>https:\/\/twitter.com\/periodicovzlano\/status\/914330167316815872<\/p>\n","protected":false},"excerpt":{"rendered":"<p>El Gobierno de Nicol\u00e1s Maduro habr\u00eda tomado la decisi\u00f3n de agregar tres ceros m\u00e1s a la moneda y comenzar\u00e1 con los billetes de 100 bol\u00edvares. Para ello, recurri\u00f3\u00a0nuevamente a los servicios de\u00a0Crane Currency, impresora&#46;&#46;&#46;<\/p>\n","protected":false},"author":11,"featured_media":747,"comment_status":"open","ping_status":"open","sticky":false,"template":"","format":"standard","meta":{"_acf_changed":false,"om_disable_all_campaigns":false,"rop_custom_images_group":[],"rop_custom_messages_group":[],"rop_publish_now":"initial","rop_publish_now_accounts":{"twitter_242054905_242054905":""},"rop_publish_now_history":[],"rop_publish_now_status":"pending","_uf_show_specific_survey":0,"_uf_disable_surveys":false,"footnotes":""},"categories":[5,4,12,3],"tags":[],"class_list":["post-745","post","type-post","status-publish","format-standard","has-post-thumbnail","hentry","category-economia","category-internacionales","category-opinion","category-politica"],"acf":[],"aioseo_notices":[],"yoast_head":"<!-- This site is optimized with the Yoast SEO Premium plugin v24.9 (Yoast SEO v27.2) - https:\/\/yoast.com\/product\/yoast-seo-premium-wordpress\/ -->\n<title>Indolencia de un gobierno negado a ayudas humanitarias - Venezuela | Noti-America.com<\/title>\n<meta name=\"robots\" content=\"index, follow, max-snippet:-1, max-image-preview:large, max-video-preview:-1\" \/>\n<link rel=\"canonical\" href=\"https:\/\/noti-america.com\/site\/venezuela\/2017\/10\/01\/indolencia-de-un-gobierno-negado-a-ayudas-humanitarias\/\" \/>\n<meta property=\"og:locale\" content=\"es_ES\" \/>\n<meta property=\"og:type\" content=\"article\" \/>\n<meta property=\"og:title\" content=\"Indolencia de un gobierno negado a ayudas humanitarias\" \/>\n<meta property=\"og:description\" content=\"El Gobierno de Nicol\u00e1s Maduro habr\u00eda tomado la decisi\u00f3n de agregar tres ceros m\u00e1s a la moneda y comenzar\u00e1 con los billetes de 100 bol\u00edvares. Para ello, recurri\u00f3\u00a0nuevamente a los servicios de\u00a0Crane Currency, impresora&#046;&#046;&#046;\" \/>\n<meta property=\"og:url\" content=\"https:\/\/noti-america.com\/site\/venezuela\/2017\/10\/01\/indolencia-de-un-gobierno-negado-a-ayudas-humanitarias\/\" \/>\n<meta property=\"og:site_name\" content=\"Venezuela | Noti-America.com\" \/>\n<meta property=\"article:published_time\" content=\"2017-10-01T03:28:26+00:00\" \/>\n<meta property=\"article:modified_time\" content=\"2017-10-01T15:39:12+00:00\" \/>\n<meta property=\"og:image\" content=\"https:\/\/noti-america.com\/site\/venezuela\/wp-content\/uploads\/sites\/2\/2017\/10\/ni\u00f1os-enfermos-protestan.jpg\" \/>\n\t<meta property=\"og:image:width\" content=\"600\" \/>\n\t<meta property=\"og:image:height\" content=\"314\" \/>\n\t<meta property=\"og:image:type\" content=\"image\/jpeg\" \/>\n<meta name=\"author\" content=\"Yliana Duque\" \/>\n<meta name=\"twitter:card\" content=\"summary_large_image\" \/>\n<meta name=\"twitter:creator\" content=\"@ylianaduque\" \/>\n<meta name=\"twitter:label1\" content=\"Escrito por\" \/>\n\t<meta name=\"twitter:data1\" content=\"Yliana Duque\" \/>\n\t<meta name=\"twitter:label2\" content=\"Tiempo estimado de lectura\" \/>\n\t<meta name=\"twitter:data2\" content=\"4 minutos\" \/>\n<script type=\"application\/ld+json\" class=\"yoast-schema-graph\">{\"@context\":\"https:\/\/schema.org\",\"@graph\":[{\"@type\":\"Article\",\"@id\":\"https:\/\/noti-america.com\/site\/venezuela\/2017\/10\/01\/indolencia-de-un-gobierno-negado-a-ayudas-humanitarias\/#article\",\"isPartOf\":{\"@id\":\"https:\/\/noti-america.com\/site\/venezuela\/2017\/10\/01\/indolencia-de-un-gobierno-negado-a-ayudas-humanitarias\/\"},\"author\":{\"name\":\"Yliana Duque\",\"@id\":\"https:\/\/noti-america.com\/site\/venezuela\/#\/schema\/person\/a166d9d45f249dbd09521fbc2e7342d8\"},\"headline\":\"Indolencia de un gobierno negado a ayudas humanitarias\",\"datePublished\":\"2017-10-01T03:28:26+00:00\",\"dateModified\":\"2017-10-01T15:39:12+00:00\",\"mainEntityOfPage\":{\"@id\":\"https:\/\/noti-america.com\/site\/venezuela\/2017\/10\/01\/indolencia-de-un-gobierno-negado-a-ayudas-humanitarias\/\"},\"wordCount\":791,\"commentCount\":0,\"publisher\":{\"@id\":\"https:\/\/noti-america.com\/site\/venezuela\/#organization\"},\"image\":{\"@id\":\"https:\/\/noti-america.com\/site\/venezuela\/2017\/10\/01\/indolencia-de-un-gobierno-negado-a-ayudas-humanitarias\/#primaryimage\"},\"thumbnailUrl\":\"https:\/\/noti-america.com\/site\/venezuela\/wp-content\/uploads\/sites\/2\/2017\/10\/ni\u00f1os-enfermos-protestan.jpg\",\"articleSection\":[\"Econom\u00eda\",\"Internacionales\",\"Opini\u00f3n\",\"Pol\u00edtica\"],\"inLanguage\":\"es\",\"potentialAction\":[{\"@type\":\"CommentAction\",\"name\":\"Comment\",\"target\":[\"https:\/\/noti-america.com\/site\/venezuela\/2017\/10\/01\/indolencia-de-un-gobierno-negado-a-ayudas-humanitarias\/#respond\"]}]},{\"@type\":\"WebPage\",\"@id\":\"https:\/\/noti-america.com\/site\/venezuela\/2017\/10\/01\/indolencia-de-un-gobierno-negado-a-ayudas-humanitarias\/\",\"url\":\"https:\/\/noti-america.com\/site\/venezuela\/2017\/10\/01\/indolencia-de-un-gobierno-negado-a-ayudas-humanitarias\/\",\"name\":\"Indolencia de un gobierno negado a ayudas humanitarias - Venezuela | Noti-America.com\",\"isPartOf\":{\"@id\":\"https:\/\/noti-america.com\/site\/venezuela\/#website\"},\"primaryImageOfPage\":{\"@id\":\"https:\/\/noti-america.com\/site\/venezuela\/2017\/10\/01\/indolencia-de-un-gobierno-negado-a-ayudas-humanitarias\/#primaryimage\"},\"image\":{\"@id\":\"https:\/\/noti-america.com\/site\/venezuela\/2017\/10\/01\/indolencia-de-un-gobierno-negado-a-ayudas-humanitarias\/#primaryimage\"},\"thumbnailUrl\":\"https:\/\/noti-america.com\/site\/venezuela\/wp-content\/uploads\/sites\/2\/2017\/10\/ni\u00f1os-enfermos-protestan.jpg\",\"datePublished\":\"2017-10-01T03:28:26+00:00\",\"dateModified\":\"2017-10-01T15:39:12+00:00\",\"breadcrumb\":{\"@id\":\"https:\/\/noti-america.com\/site\/venezuela\/2017\/10\/01\/indolencia-de-un-gobierno-negado-a-ayudas-humanitarias\/#breadcrumb\"},\"inLanguage\":\"es\",\"potentialAction\":[{\"@type\":\"ReadAction\",\"target\":[\"https:\/\/noti-america.com\/site\/venezuela\/2017\/10\/01\/indolencia-de-un-gobierno-negado-a-ayudas-humanitarias\/\"]}]},{\"@type\":\"ImageObject\",\"inLanguage\":\"es\",\"@id\":\"https:\/\/noti-america.com\/site\/venezuela\/2017\/10\/01\/indolencia-de-un-gobierno-negado-a-ayudas-humanitarias\/#primaryimage\",\"url\":\"https:\/\/noti-america.com\/site\/venezuela\/wp-content\/uploads\/sites\/2\/2017\/10\/ni\u00f1os-enfermos-protestan.jpg\",\"contentUrl\":\"https:\/\/noti-america.com\/site\/venezuela\/wp-content\/uploads\/sites\/2\/2017\/10\/ni\u00f1os-enfermos-protestan.jpg\",\"width\":600,\"height\":314},{\"@type\":\"BreadcrumbList\",\"@id\":\"https:\/\/noti-america.com\/site\/venezuela\/2017\/10\/01\/indolencia-de-un-gobierno-negado-a-ayudas-humanitarias\/#breadcrumb\",\"itemListElement\":[{\"@type\":\"ListItem\",\"position\":1,\"name\":\"Portada\",\"item\":\"https:\/\/noti-america.com\/site\/venezuela\/\"},{\"@type\":\"ListItem\",\"position\":2,\"name\":\"Indolencia de un gobierno negado a ayudas humanitarias\"}]},{\"@type\":\"WebSite\",\"@id\":\"https:\/\/noti-america.com\/site\/venezuela\/#website\",\"url\":\"https:\/\/noti-america.com\/site\/venezuela\/\",\"name\":\"Venezuela | Noti-America.com\",\"description\":\"\",\"publisher\":{\"@id\":\"https:\/\/noti-america.com\/site\/venezuela\/#organization\"},\"potentialAction\":[{\"@type\":\"SearchAction\",\"target\":{\"@type\":\"EntryPoint\",\"urlTemplate\":\"https:\/\/noti-america.com\/site\/venezuela\/?s={search_term_string}\"},\"query-input\":{\"@type\":\"PropertyValueSpecification\",\"valueRequired\":true,\"valueName\":\"search_term_string\"}}],\"inLanguage\":\"es\"},{\"@type\":\"Organization\",\"@id\":\"https:\/\/noti-america.com\/site\/venezuela\/#organization\",\"name\":\"Noti-America LLC | Venezuela\",\"url\":\"https:\/\/noti-america.com\/site\/venezuela\/\",\"logo\":{\"@type\":\"ImageObject\",\"inLanguage\":\"es\",\"@id\":\"https:\/\/noti-america.com\/site\/venezuela\/#\/schema\/logo\/image\/\",\"url\":\"https:\/\/noti-america.com\/site\/venezuela\/wp-content\/uploads\/sites\/2\/2020\/07\/LogoNA-4x3-1.jpg\",\"contentUrl\":\"https:\/\/noti-america.com\/site\/venezuela\/wp-content\/uploads\/sites\/2\/2020\/07\/LogoNA-4x3-1.jpg\",\"width\":1236,\"height\":1080,\"caption\":\"Noti-America LLC | Venezuela\"},\"image\":{\"@id\":\"https:\/\/noti-america.com\/site\/venezuela\/#\/schema\/logo\/image\/\"}},{\"@type\":\"Person\",\"@id\":\"https:\/\/noti-america.com\/site\/venezuela\/#\/schema\/person\/a166d9d45f249dbd09521fbc2e7342d8\",\"name\":\"Yliana Duque\",\"image\":{\"@type\":\"ImageObject\",\"inLanguage\":\"es\",\"@id\":\"https:\/\/secure.gravatar.com\/avatar\/8caf2a4035762b3be44c3a0455581febe2d5273a41ac40dacc575b8aa348fe65?s=96&d=mm&r=g\",\"url\":\"https:\/\/secure.gravatar.com\/avatar\/8caf2a4035762b3be44c3a0455581febe2d5273a41ac40dacc575b8aa348fe65?s=96&d=mm&r=g\",\"contentUrl\":\"https:\/\/secure.gravatar.com\/avatar\/8caf2a4035762b3be44c3a0455581febe2d5273a41ac40dacc575b8aa348fe65?s=96&d=mm&r=g\",\"caption\":\"Yliana Duque\"},\"description\":\"Ejercer el periodismo requiere de pasi\u00f3n y conocimiento en investigaci\u00f3n de campo. Siempre en la b\u00fasqueda de la verdad para aportar claridad y poder discernir sobre el hecho noticioso. Egresada de la Universidad de los Andes. Maestria en Relaciones Internacionales (UCV). Diplomado de Educaci\u00f3n Superior (Universidad Experimental LIbertador (UPEL), y Educaci\u00f3n superior a distancia (UFT). Estudios de Locuci\u00f3n- Actuaci\u00f3n-Publicidad y Mercadeo, Redes. Subdirectora de relaciones p\u00fablicas de la Asamablea Legislativa del Estado Sucre(1995)-Periodista de TELESOL,Telecaribe (Sucre). Jefe de Prensa de la Gobernaci\u00f3n del Estado Amazonas(1997). Periodista Comandancia General del Ej\u00e9rcito, Fuerte Tiuna (1996). Lider de Proyectos en educaci\u00f3n Superior en la Universidad Ferm\u00edn Toro (UFT) (2000). Docente Universitario UFT (2002-2007)-Docente de Educaci\u00f3n Superior a Distancia -titulado. Periodista Diario El Informador. Periodista en Apoyo A\u00e9reo de la Guardia Nacional, Aeropuerto Jacinto Lara. www.Noti-america.com (Venezuela)\",\"sameAs\":[\"https:\/\/x.com\/ylianaduque\"],\"url\":\"https:\/\/noti-america.com\/site\/venezuela\/author\/yduque\/\"}]}<\/script>\n<!-- \/ Yoast SEO Premium plugin. -->","yoast_head_json":{"title":"Indolencia de un gobierno negado a ayudas humanitarias - Venezuela | Noti-America.com","robots":{"index":"index","follow":"follow","max-snippet":"max-snippet:-1","max-image-preview":"max-image-preview:large","max-video-preview":"max-video-preview:-1"},"canonical":"https:\/\/noti-america.com\/site\/venezuela\/2017\/10\/01\/indolencia-de-un-gobierno-negado-a-ayudas-humanitarias\/","og_locale":"es_ES","og_type":"article","og_title":"Indolencia de un gobierno negado a ayudas humanitarias","og_description":"El Gobierno de Nicol\u00e1s Maduro habr\u00eda tomado la decisi\u00f3n de agregar tres ceros m\u00e1s a la moneda y comenzar\u00e1 con los billetes de 100 bol\u00edvares. Para ello, recurri\u00f3\u00a0nuevamente a los servicios de\u00a0Crane Currency, impresora&#46;&#46;&#46;","og_url":"https:\/\/noti-america.com\/site\/venezuela\/2017\/10\/01\/indolencia-de-un-gobierno-negado-a-ayudas-humanitarias\/","og_site_name":"Venezuela | Noti-America.com","article_published_time":"2017-10-01T03:28:26+00:00","article_modified_time":"2017-10-01T15:39:12+00:00","og_image":[{"width":600,"height":314,"url":"https:\/\/noti-america.com\/site\/venezuela\/wp-content\/uploads\/sites\/2\/2017\/10\/ni\u00f1os-enfermos-protestan.jpg","type":"image\/jpeg"}],"author":"Yliana Duque","twitter_card":"summary_large_image","twitter_creator":"@ylianaduque","twitter_misc":{"Escrito por":"Yliana Duque","Tiempo estimado de lectura":"4 minutos"},"schema":{"@context":"https:\/\/schema.org","@graph":[{"@type":"Article","@id":"https:\/\/noti-america.com\/site\/venezuela\/2017\/10\/01\/indolencia-de-un-gobierno-negado-a-ayudas-humanitarias\/#article","isPartOf":{"@id":"https:\/\/noti-america.com\/site\/venezuela\/2017\/10\/01\/indolencia-de-un-gobierno-negado-a-ayudas-humanitarias\/"},"author":{"name":"Yliana Duque","@id":"https:\/\/noti-america.com\/site\/venezuela\/#\/schema\/person\/a166d9d45f249dbd09521fbc2e7342d8"},"headline":"Indolencia de un gobierno negado a ayudas humanitarias","datePublished":"2017-10-01T03:28:26+00:00","dateModified":"2017-10-01T15:39:12+00:00","mainEntityOfPage":{"@id":"https:\/\/noti-america.com\/site\/venezuela\/2017\/10\/01\/indolencia-de-un-gobierno-negado-a-ayudas-humanitarias\/"},"wordCount":791,"commentCount":0,"publisher":{"@id":"https:\/\/noti-america.com\/site\/venezuela\/#organization"},"image":{"@id":"https:\/\/noti-america.com\/site\/venezuela\/2017\/10\/01\/indolencia-de-un-gobierno-negado-a-ayudas-humanitarias\/#primaryimage"},"thumbnailUrl":"https:\/\/noti-america.com\/site\/venezuela\/wp-content\/uploads\/sites\/2\/2017\/10\/ni\u00f1os-enfermos-protestan.jpg","articleSection":["Econom\u00eda","Internacionales","Opini\u00f3n","Pol\u00edtica"],"inLanguage":"es","potentialAction":[{"@type":"CommentAction","name":"Comment","target":["https:\/\/noti-america.com\/site\/venezuela\/2017\/10\/01\/indolencia-de-un-gobierno-negado-a-ayudas-humanitarias\/#respond"]}]},{"@type":"WebPage","@id":"https:\/\/noti-america.com\/site\/venezuela\/2017\/10\/01\/indolencia-de-un-gobierno-negado-a-ayudas-humanitarias\/","url":"https:\/\/noti-america.com\/site\/venezuela\/2017\/10\/01\/indolencia-de-un-gobierno-negado-a-ayudas-humanitarias\/","name":"Indolencia de un gobierno negado a ayudas humanitarias - Venezuela | Noti-America.com","isPartOf":{"@id":"https:\/\/noti-america.com\/site\/venezuela\/#website"},"primaryImageOfPage":{"@id":"https:\/\/noti-america.com\/site\/venezuela\/2017\/10\/01\/indolencia-de-un-gobierno-negado-a-ayudas-humanitarias\/#primaryimage"},"image":{"@id":"https:\/\/noti-america.com\/site\/venezuela\/2017\/10\/01\/indolencia-de-un-gobierno-negado-a-ayudas-humanitarias\/#primaryimage"},"thumbnailUrl":"https:\/\/noti-america.com\/site\/venezuela\/wp-content\/uploads\/sites\/2\/2017\/10\/ni\u00f1os-enfermos-protestan.jpg","datePublished":"2017-10-01T03:28:26+00:00","dateModified":"2017-10-01T15:39:12+00:00","breadcrumb":{"@id":"https:\/\/noti-america.com\/site\/venezuela\/2017\/10\/01\/indolencia-de-un-gobierno-negado-a-ayudas-humanitarias\/#breadcrumb"},"inLanguage":"es","potentialAction":[{"@type":"ReadAction","target":["https:\/\/noti-america.com\/site\/venezuela\/2017\/10\/01\/indolencia-de-un-gobierno-negado-a-ayudas-humanitarias\/"]}]},{"@type":"ImageObject","inLanguage":"es","@id":"https:\/\/noti-america.com\/site\/venezuela\/2017\/10\/01\/indolencia-de-un-gobierno-negado-a-ayudas-humanitarias\/#primaryimage","url":"https:\/\/noti-america.com\/site\/venezuela\/wp-content\/uploads\/sites\/2\/2017\/10\/ni\u00f1os-enfermos-protestan.jpg","contentUrl":"https:\/\/noti-america.com\/site\/venezuela\/wp-content\/uploads\/sites\/2\/2017\/10\/ni\u00f1os-enfermos-protestan.jpg","width":600,"height":314},{"@type":"BreadcrumbList","@id":"https:\/\/noti-america.com\/site\/venezuela\/2017\/10\/01\/indolencia-de-un-gobierno-negado-a-ayudas-humanitarias\/#breadcrumb","itemListElement":[{"@type":"ListItem","position":1,"name":"Portada","item":"https:\/\/noti-america.com\/site\/venezuela\/"},{"@type":"ListItem","position":2,"name":"Indolencia de un gobierno negado a ayudas humanitarias"}]},{"@type":"WebSite","@id":"https:\/\/noti-america.com\/site\/venezuela\/#website","url":"https:\/\/noti-america.com\/site\/venezuela\/","name":"Venezuela | Noti-America.com","description":"","publisher":{"@id":"https:\/\/noti-america.com\/site\/venezuela\/#organization"},"potentialAction":[{"@type":"SearchAction","target":{"@type":"EntryPoint","urlTemplate":"https:\/\/noti-america.com\/site\/venezuela\/?s={search_term_string}"},"query-input":{"@type":"PropertyValueSpecification","valueRequired":true,"valueName":"search_term_string"}}],"inLanguage":"es"},{"@type":"Organization","@id":"https:\/\/noti-america.com\/site\/venezuela\/#organization","name":"Noti-America LLC | Venezuela","url":"https:\/\/noti-america.com\/site\/venezuela\/","logo":{"@type":"ImageObject","inLanguage":"es","@id":"https:\/\/noti-america.com\/site\/venezuela\/#\/schema\/logo\/image\/","url":"https:\/\/noti-america.com\/site\/venezuela\/wp-content\/uploads\/sites\/2\/2020\/07\/LogoNA-4x3-1.jpg","contentUrl":"https:\/\/noti-america.com\/site\/venezuela\/wp-content\/uploads\/sites\/2\/2020\/07\/LogoNA-4x3-1.jpg","width":1236,"height":1080,"caption":"Noti-America LLC | Venezuela"},"image":{"@id":"https:\/\/noti-america.com\/site\/venezuela\/#\/schema\/logo\/image\/"}},{"@type":"Person","@id":"https:\/\/noti-america.com\/site\/venezuela\/#\/schema\/person\/a166d9d45f249dbd09521fbc2e7342d8","name":"Yliana Duque","image":{"@type":"ImageObject","inLanguage":"es","@id":"https:\/\/secure.gravatar.com\/avatar\/8caf2a4035762b3be44c3a0455581febe2d5273a41ac40dacc575b8aa348fe65?s=96&d=mm&r=g","url":"https:\/\/secure.gravatar.com\/avatar\/8caf2a4035762b3be44c3a0455581febe2d5273a41ac40dacc575b8aa348fe65?s=96&d=mm&r=g","contentUrl":"https:\/\/secure.gravatar.com\/avatar\/8caf2a4035762b3be44c3a0455581febe2d5273a41ac40dacc575b8aa348fe65?s=96&d=mm&r=g","caption":"Yliana Duque"},"description":"Ejercer el periodismo requiere de pasi\u00f3n y conocimiento en investigaci\u00f3n de campo. Siempre en la b\u00fasqueda de la verdad para aportar claridad y poder discernir sobre el hecho noticioso. Egresada de la Universidad de los Andes. Maestria en Relaciones Internacionales (UCV). Diplomado de Educaci\u00f3n Superior (Universidad Experimental LIbertador (UPEL), y Educaci\u00f3n superior a distancia (UFT). Estudios de Locuci\u00f3n- Actuaci\u00f3n-Publicidad y Mercadeo, Redes. Subdirectora de relaciones p\u00fablicas de la Asamablea Legislativa del Estado Sucre(1995)-Periodista de TELESOL,Telecaribe (Sucre). Jefe de Prensa de la Gobernaci\u00f3n del Estado Amazonas(1997). Periodista Comandancia General del Ej\u00e9rcito, Fuerte Tiuna (1996). Lider de Proyectos en educaci\u00f3n Superior en la Universidad Ferm\u00edn Toro (UFT) (2000). Docente Universitario UFT (2002-2007)-Docente de Educaci\u00f3n Superior a Distancia -titulado. Periodista Diario El Informador. Periodista en Apoyo A\u00e9reo de la Guardia Nacional, Aeropuerto Jacinto Lara. www.Noti-america.com (Venezuela)","sameAs":["https:\/\/x.com\/ylianaduque"],"url":"https:\/\/noti-america.com\/site\/venezuela\/author\/yduque\/"}]}},"_links":{"self":[{"href":"https:\/\/noti-america.com\/site\/venezuela\/wp-json\/wp\/v2\/posts\/745","targetHints":{"allow":["GET"]}}],"collection":[{"href":"https:\/\/noti-america.com\/site\/venezuela\/wp-json\/wp\/v2\/posts"}],"about":[{"href":"https:\/\/noti-america.com\/site\/venezuela\/wp-json\/wp\/v2\/types\/post"}],"author":[{"embeddable":true,"href":"https:\/\/noti-america.com\/site\/venezuela\/wp-json\/wp\/v2\/users\/11"}],"replies":[{"embeddable":true,"href":"https:\/\/noti-america.com\/site\/venezuela\/wp-json\/wp\/v2\/comments?post=745"}],"version-history":[{"count":3,"href":"https:\/\/noti-america.com\/site\/venezuela\/wp-json\/wp\/v2\/posts\/745\/revisions"}],"predecessor-version":[{"id":750,"href":"https:\/\/noti-america.com\/site\/venezuela\/wp-json\/wp\/v2\/posts\/745\/revisions\/750"}],"wp:featuredmedia":[{"embeddable":true,"href":"https:\/\/noti-america.com\/site\/venezuela\/wp-json\/wp\/v2\/media\/747"}],"wp:attachment":[{"href":"https:\/\/noti-america.com\/site\/venezuela\/wp-json\/wp\/v2\/media?parent=745"}],"wp:term":[{"taxonomy":"category","embeddable":true,"href":"https:\/\/noti-america.com\/site\/venezuela\/wp-json\/wp\/v2\/categories?post=745"},{"taxonomy":"post_tag","embeddable":true,"href":"https:\/\/noti-america.com\/site\/venezuela\/wp-json\/wp\/v2\/tags?post=745"}],"curies":[{"name":"wp","href":"https:\/\/api.w.org\/{rel}","templated":true}]}}