{"id":7234,"date":"2019-05-09T22:48:06","date_gmt":"2019-05-09T22:48:06","guid":{"rendered":"http:\/\/noti-america.com\/site\/venezuela\/?p=7234"},"modified":"2019-05-09T22:48:06","modified_gmt":"2019-05-09T22:48:06","slug":"el-nuevo-look-de-karol-g-que-vuelve-locos-a-sus-fans","status":"publish","type":"post","link":"https:\/\/noti-america.com\/site\/venezuela\/2019\/05\/09\/el-nuevo-look-de-karol-g-que-vuelve-locos-a-sus-fans\/","title":{"rendered":"El nuevo look de Karol G que vuelve locos a sus fans"},"content":{"rendered":"<div><img decoding=\"async\" class=\"aligncenter\" src=\"https:\/\/www.laneta.com\/s3-cached\/portal-laneta\/belkysflores\/el-nuevo-look-de-karol-g-que-vuelve-locos-a-sus-fans-01-201905081030233023\" \/><\/div>\n<div><\/div>\n<div class=\"row post-author-wrap in collapse\" aria-hidden=\"false\">\n<div style=\"text-align: justify\">La cantante colombiana\u00a0<strong>Karol G<\/strong>\u00a0hizo explotar todas las redes sociales luego de que compartiera una imagen en donde deja ver su cambio de look.<\/p>\n<p>Seg\u00fan destac\u00f3 el portal web Sunnoticiero, la int\u00e9rprete de \u00abMi Cama\u00bb luce el cabello rizado, muy largo y rubio. Adem\u00e1s, un conjunto de short y top con colores muy caribe\u00f1os.\u00a0<strong>Pero calma para los que les gusta verla m\u00e1s estilizada, pues es un look solo para su producci\u00f3n musical, no lo mantendr\u00e1.<\/strong><\/p>\n<p>En el marco de su nuevo disco, titulado \u00abOcean\u00bb, Karol ha dejado pinceladas por ac\u00e1 y por all\u00e1 sobre los g\u00e9neros y estilos con los que busca lucirse.<\/p><\/div>\n<\/div>\n<div id=\"comment-box\" class=\"in collapse\" aria-hidden=\"false\">\n<div class=\"input-group mb-3 emojionearea-wrap ln-post-comment-box\">\n<div class=\"emojionearea form-control input-lg ln-fc-input ng-pristine ng-untouched ng-valid emojionearea-inline\" role=\"application\"><\/div>\n<\/div>\n<\/div>\n","protected":false},"excerpt":{"rendered":"<p>La cantante colombiana\u00a0Karol G\u00a0hizo explotar todas las redes sociales luego de que compartiera una imagen en donde deja ver su cambio de look. Seg\u00fan destac\u00f3 el portal web Sunnoticiero, la int\u00e9rprete de \u00abMi Cama\u00bb&#46;&#46;&#46;<\/p>\n","protected":false},"author":45,"featured_media":7235,"comment_status":"open","ping_status":"open","sticky":false,"template":"","format":"standard","meta":{"_acf_changed":false,"om_disable_all_campaigns":false,"rop_custom_images_group":[],"rop_custom_messages_group":[],"rop_publish_now":"initial","rop_publish_now_accounts":{"twitter_242054905_242054905":""},"rop_publish_now_history":[],"rop_publish_now_status":"pending","_uf_show_specific_survey":0,"_uf_disable_surveys":false,"footnotes":""},"categories":[8],"tags":[],"class_list":["post-7234","post","type-post","status-publish","format-standard","has-post-thumbnail","hentry","category-arte-y-espectaculos"],"acf":[],"aioseo_notices":[],"yoast_head":"<!-- This site is optimized with the Yoast SEO Premium plugin v24.9 (Yoast SEO v27.2) - https:\/\/yoast.com\/product\/yoast-seo-premium-wordpress\/ -->\n<title>El nuevo look de Karol G que vuelve locos a sus fans - Venezuela | Noti-America.com<\/title>\n<meta name=\"robots\" content=\"index, follow, max-snippet:-1, max-image-preview:large, max-video-preview:-1\" \/>\n<link rel=\"canonical\" href=\"https:\/\/noti-america.com\/site\/venezuela\/2019\/05\/09\/el-nuevo-look-de-karol-g-que-vuelve-locos-a-sus-fans\/\" \/>\n<meta property=\"og:locale\" content=\"es_ES\" \/>\n<meta property=\"og:type\" content=\"article\" \/>\n<meta property=\"og:title\" content=\"El nuevo look de Karol G que vuelve locos a sus fans\" \/>\n<meta property=\"og:description\" content=\"La cantante colombiana\u00a0Karol G\u00a0hizo explotar todas las redes sociales luego de que compartiera una imagen en donde deja ver su cambio de look. Seg\u00fan destac\u00f3 el portal web Sunnoticiero, la int\u00e9rprete de \u00abMi Cama\u00bb&#046;&#046;&#046;\" \/>\n<meta property=\"og:url\" content=\"https:\/\/noti-america.com\/site\/venezuela\/2019\/05\/09\/el-nuevo-look-de-karol-g-que-vuelve-locos-a-sus-fans\/\" \/>\n<meta property=\"og:site_name\" content=\"Venezuela | Noti-America.com\" \/>\n<meta property=\"article:published_time\" content=\"2019-05-09T22:48:06+00:00\" \/>\n<meta property=\"og:image\" content=\"https:\/\/noti-america.com\/site\/venezuela\/wp-content\/uploads\/sites\/2\/2019\/05\/el-nuevo-look-de-karol-g-que-vuelve-locos-a-sus-fans-01-201905081030233023.jpg\" \/>\n\t<meta property=\"og:image:width\" content=\"661\" \/>\n\t<meta property=\"og:image:height\" content=\"600\" \/>\n\t<meta property=\"og:image:type\" content=\"image\/jpeg\" \/>\n<meta name=\"author\" content=\"Marilyn Oviedo\" \/>\n<meta name=\"twitter:card\" content=\"summary_large_image\" \/>\n<meta name=\"twitter:label1\" content=\"Escrito por\" \/>\n\t<meta name=\"twitter:data1\" content=\"Marilyn Oviedo\" \/>\n\t<meta name=\"twitter:label2\" content=\"Tiempo estimado de lectura\" \/>\n\t<meta name=\"twitter:data2\" content=\"1 minuto\" \/>\n<script type=\"application\/ld+json\" class=\"yoast-schema-graph\">{\"@context\":\"https:\/\/schema.org\",\"@graph\":[{\"@type\":\"Article\",\"@id\":\"https:\/\/noti-america.com\/site\/venezuela\/2019\/05\/09\/el-nuevo-look-de-karol-g-que-vuelve-locos-a-sus-fans\/#article\",\"isPartOf\":{\"@id\":\"https:\/\/noti-america.com\/site\/venezuela\/2019\/05\/09\/el-nuevo-look-de-karol-g-que-vuelve-locos-a-sus-fans\/\"},\"author\":{\"name\":\"Marilyn Oviedo\",\"@id\":\"https:\/\/noti-america.com\/site\/venezuela\/#\/schema\/person\/17a6ee8c9af7fe2da084805f2d45e6ef\"},\"headline\":\"El nuevo look de Karol G que vuelve locos a sus fans\",\"datePublished\":\"2019-05-09T22:48:06+00:00\",\"mainEntityOfPage\":{\"@id\":\"https:\/\/noti-america.com\/site\/venezuela\/2019\/05\/09\/el-nuevo-look-de-karol-g-que-vuelve-locos-a-sus-fans\/\"},\"wordCount\":124,\"commentCount\":0,\"publisher\":{\"@id\":\"https:\/\/noti-america.com\/site\/venezuela\/#organization\"},\"image\":{\"@id\":\"https:\/\/noti-america.com\/site\/venezuela\/2019\/05\/09\/el-nuevo-look-de-karol-g-que-vuelve-locos-a-sus-fans\/#primaryimage\"},\"thumbnailUrl\":\"https:\/\/noti-america.com\/site\/venezuela\/wp-content\/uploads\/sites\/2\/2019\/05\/el-nuevo-look-de-karol-g-que-vuelve-locos-a-sus-fans-01-201905081030233023.jpg\",\"articleSection\":[\"Arte y Espect\u00e1culos\"],\"inLanguage\":\"es\",\"potentialAction\":[{\"@type\":\"CommentAction\",\"name\":\"Comment\",\"target\":[\"https:\/\/noti-america.com\/site\/venezuela\/2019\/05\/09\/el-nuevo-look-de-karol-g-que-vuelve-locos-a-sus-fans\/#respond\"]}]},{\"@type\":\"WebPage\",\"@id\":\"https:\/\/noti-america.com\/site\/venezuela\/2019\/05\/09\/el-nuevo-look-de-karol-g-que-vuelve-locos-a-sus-fans\/\",\"url\":\"https:\/\/noti-america.com\/site\/venezuela\/2019\/05\/09\/el-nuevo-look-de-karol-g-que-vuelve-locos-a-sus-fans\/\",\"name\":\"El nuevo look de Karol G que vuelve locos a sus fans - Venezuela | Noti-America.com\",\"isPartOf\":{\"@id\":\"https:\/\/noti-america.com\/site\/venezuela\/#website\"},\"primaryImageOfPage\":{\"@id\":\"https:\/\/noti-america.com\/site\/venezuela\/2019\/05\/09\/el-nuevo-look-de-karol-g-que-vuelve-locos-a-sus-fans\/#primaryimage\"},\"image\":{\"@id\":\"https:\/\/noti-america.com\/site\/venezuela\/2019\/05\/09\/el-nuevo-look-de-karol-g-que-vuelve-locos-a-sus-fans\/#primaryimage\"},\"thumbnailUrl\":\"https:\/\/noti-america.com\/site\/venezuela\/wp-content\/uploads\/sites\/2\/2019\/05\/el-nuevo-look-de-karol-g-que-vuelve-locos-a-sus-fans-01-201905081030233023.jpg\",\"datePublished\":\"2019-05-09T22:48:06+00:00\",\"breadcrumb\":{\"@id\":\"https:\/\/noti-america.com\/site\/venezuela\/2019\/05\/09\/el-nuevo-look-de-karol-g-que-vuelve-locos-a-sus-fans\/#breadcrumb\"},\"inLanguage\":\"es\",\"potentialAction\":[{\"@type\":\"ReadAction\",\"target\":[\"https:\/\/noti-america.com\/site\/venezuela\/2019\/05\/09\/el-nuevo-look-de-karol-g-que-vuelve-locos-a-sus-fans\/\"]}]},{\"@type\":\"ImageObject\",\"inLanguage\":\"es\",\"@id\":\"https:\/\/noti-america.com\/site\/venezuela\/2019\/05\/09\/el-nuevo-look-de-karol-g-que-vuelve-locos-a-sus-fans\/#primaryimage\",\"url\":\"https:\/\/noti-america.com\/site\/venezuela\/wp-content\/uploads\/sites\/2\/2019\/05\/el-nuevo-look-de-karol-g-que-vuelve-locos-a-sus-fans-01-201905081030233023.jpg\",\"contentUrl\":\"https:\/\/noti-america.com\/site\/venezuela\/wp-content\/uploads\/sites\/2\/2019\/05\/el-nuevo-look-de-karol-g-que-vuelve-locos-a-sus-fans-01-201905081030233023.jpg\",\"width\":661,\"height\":600},{\"@type\":\"BreadcrumbList\",\"@id\":\"https:\/\/noti-america.com\/site\/venezuela\/2019\/05\/09\/el-nuevo-look-de-karol-g-que-vuelve-locos-a-sus-fans\/#breadcrumb\",\"itemListElement\":[{\"@type\":\"ListItem\",\"position\":1,\"name\":\"Portada\",\"item\":\"https:\/\/noti-america.com\/site\/venezuela\/\"},{\"@type\":\"ListItem\",\"position\":2,\"name\":\"El nuevo look de Karol G que vuelve locos a sus fans\"}]},{\"@type\":\"WebSite\",\"@id\":\"https:\/\/noti-america.com\/site\/venezuela\/#website\",\"url\":\"https:\/\/noti-america.com\/site\/venezuela\/\",\"name\":\"Venezuela | Noti-America.com\",\"description\":\"\",\"publisher\":{\"@id\":\"https:\/\/noti-america.com\/site\/venezuela\/#organization\"},\"potentialAction\":[{\"@type\":\"SearchAction\",\"target\":{\"@type\":\"EntryPoint\",\"urlTemplate\":\"https:\/\/noti-america.com\/site\/venezuela\/?s={search_term_string}\"},\"query-input\":{\"@type\":\"PropertyValueSpecification\",\"valueRequired\":true,\"valueName\":\"search_term_string\"}}],\"inLanguage\":\"es\"},{\"@type\":\"Organization\",\"@id\":\"https:\/\/noti-america.com\/site\/venezuela\/#organization\",\"name\":\"Noti-America LLC | Venezuela\",\"url\":\"https:\/\/noti-america.com\/site\/venezuela\/\",\"logo\":{\"@type\":\"ImageObject\",\"inLanguage\":\"es\",\"@id\":\"https:\/\/noti-america.com\/site\/venezuela\/#\/schema\/logo\/image\/\",\"url\":\"https:\/\/noti-america.com\/site\/venezuela\/wp-content\/uploads\/sites\/2\/2020\/07\/LogoNA-4x3-1.jpg\",\"contentUrl\":\"https:\/\/noti-america.com\/site\/venezuela\/wp-content\/uploads\/sites\/2\/2020\/07\/LogoNA-4x3-1.jpg\",\"width\":1236,\"height\":1080,\"caption\":\"Noti-America LLC | Venezuela\"},\"image\":{\"@id\":\"https:\/\/noti-america.com\/site\/venezuela\/#\/schema\/logo\/image\/\"}},{\"@type\":\"Person\",\"@id\":\"https:\/\/noti-america.com\/site\/venezuela\/#\/schema\/person\/17a6ee8c9af7fe2da084805f2d45e6ef\",\"name\":\"Marilyn Oviedo\",\"image\":{\"@type\":\"ImageObject\",\"inLanguage\":\"es\",\"@id\":\"https:\/\/secure.gravatar.com\/avatar\/6ab070ce76f64b066017eef1247ecdeb7c01b8e99448b515919552ac2123cc84?s=96&d=mm&r=g\",\"url\":\"https:\/\/secure.gravatar.com\/avatar\/6ab070ce76f64b066017eef1247ecdeb7c01b8e99448b515919552ac2123cc84?s=96&d=mm&r=g\",\"contentUrl\":\"https:\/\/secure.gravatar.com\/avatar\/6ab070ce76f64b066017eef1247ecdeb7c01b8e99448b515919552ac2123cc84?s=96&d=mm&r=g\",\"caption\":\"Marilyn Oviedo\"},\"description\":\"Venezolana, Licenciada en Letras | Productora | Redactora de Contenidos | Community Manager.\",\"url\":\"https:\/\/noti-america.com\/site\/venezuela\/author\/moviedo\/\"}]}<\/script>\n<!-- \/ Yoast SEO Premium plugin. -->","yoast_head_json":{"title":"El nuevo look de Karol G que vuelve locos a sus fans - Venezuela | Noti-America.com","robots":{"index":"index","follow":"follow","max-snippet":"max-snippet:-1","max-image-preview":"max-image-preview:large","max-video-preview":"max-video-preview:-1"},"canonical":"https:\/\/noti-america.com\/site\/venezuela\/2019\/05\/09\/el-nuevo-look-de-karol-g-que-vuelve-locos-a-sus-fans\/","og_locale":"es_ES","og_type":"article","og_title":"El nuevo look de Karol G que vuelve locos a sus fans","og_description":"La cantante colombiana\u00a0Karol G\u00a0hizo explotar todas las redes sociales luego de que compartiera una imagen en donde deja ver su cambio de look. Seg\u00fan destac\u00f3 el portal web Sunnoticiero, la int\u00e9rprete de \u00abMi Cama\u00bb&#46;&#46;&#46;","og_url":"https:\/\/noti-america.com\/site\/venezuela\/2019\/05\/09\/el-nuevo-look-de-karol-g-que-vuelve-locos-a-sus-fans\/","og_site_name":"Venezuela | Noti-America.com","article_published_time":"2019-05-09T22:48:06+00:00","og_image":[{"width":661,"height":600,"url":"https:\/\/noti-america.com\/site\/venezuela\/wp-content\/uploads\/sites\/2\/2019\/05\/el-nuevo-look-de-karol-g-que-vuelve-locos-a-sus-fans-01-201905081030233023.jpg","type":"image\/jpeg"}],"author":"Marilyn Oviedo","twitter_card":"summary_large_image","twitter_misc":{"Escrito por":"Marilyn Oviedo","Tiempo estimado de lectura":"1 minuto"},"schema":{"@context":"https:\/\/schema.org","@graph":[{"@type":"Article","@id":"https:\/\/noti-america.com\/site\/venezuela\/2019\/05\/09\/el-nuevo-look-de-karol-g-que-vuelve-locos-a-sus-fans\/#article","isPartOf":{"@id":"https:\/\/noti-america.com\/site\/venezuela\/2019\/05\/09\/el-nuevo-look-de-karol-g-que-vuelve-locos-a-sus-fans\/"},"author":{"name":"Marilyn Oviedo","@id":"https:\/\/noti-america.com\/site\/venezuela\/#\/schema\/person\/17a6ee8c9af7fe2da084805f2d45e6ef"},"headline":"El nuevo look de Karol G que vuelve locos a sus fans","datePublished":"2019-05-09T22:48:06+00:00","mainEntityOfPage":{"@id":"https:\/\/noti-america.com\/site\/venezuela\/2019\/05\/09\/el-nuevo-look-de-karol-g-que-vuelve-locos-a-sus-fans\/"},"wordCount":124,"commentCount":0,"publisher":{"@id":"https:\/\/noti-america.com\/site\/venezuela\/#organization"},"image":{"@id":"https:\/\/noti-america.com\/site\/venezuela\/2019\/05\/09\/el-nuevo-look-de-karol-g-que-vuelve-locos-a-sus-fans\/#primaryimage"},"thumbnailUrl":"https:\/\/noti-america.com\/site\/venezuela\/wp-content\/uploads\/sites\/2\/2019\/05\/el-nuevo-look-de-karol-g-que-vuelve-locos-a-sus-fans-01-201905081030233023.jpg","articleSection":["Arte y Espect\u00e1culos"],"inLanguage":"es","potentialAction":[{"@type":"CommentAction","name":"Comment","target":["https:\/\/noti-america.com\/site\/venezuela\/2019\/05\/09\/el-nuevo-look-de-karol-g-que-vuelve-locos-a-sus-fans\/#respond"]}]},{"@type":"WebPage","@id":"https:\/\/noti-america.com\/site\/venezuela\/2019\/05\/09\/el-nuevo-look-de-karol-g-que-vuelve-locos-a-sus-fans\/","url":"https:\/\/noti-america.com\/site\/venezuela\/2019\/05\/09\/el-nuevo-look-de-karol-g-que-vuelve-locos-a-sus-fans\/","name":"El nuevo look de Karol G que vuelve locos a sus fans - Venezuela | Noti-America.com","isPartOf":{"@id":"https:\/\/noti-america.com\/site\/venezuela\/#website"},"primaryImageOfPage":{"@id":"https:\/\/noti-america.com\/site\/venezuela\/2019\/05\/09\/el-nuevo-look-de-karol-g-que-vuelve-locos-a-sus-fans\/#primaryimage"},"image":{"@id":"https:\/\/noti-america.com\/site\/venezuela\/2019\/05\/09\/el-nuevo-look-de-karol-g-que-vuelve-locos-a-sus-fans\/#primaryimage"},"thumbnailUrl":"https:\/\/noti-america.com\/site\/venezuela\/wp-content\/uploads\/sites\/2\/2019\/05\/el-nuevo-look-de-karol-g-que-vuelve-locos-a-sus-fans-01-201905081030233023.jpg","datePublished":"2019-05-09T22:48:06+00:00","breadcrumb":{"@id":"https:\/\/noti-america.com\/site\/venezuela\/2019\/05\/09\/el-nuevo-look-de-karol-g-que-vuelve-locos-a-sus-fans\/#breadcrumb"},"inLanguage":"es","potentialAction":[{"@type":"ReadAction","target":["https:\/\/noti-america.com\/site\/venezuela\/2019\/05\/09\/el-nuevo-look-de-karol-g-que-vuelve-locos-a-sus-fans\/"]}]},{"@type":"ImageObject","inLanguage":"es","@id":"https:\/\/noti-america.com\/site\/venezuela\/2019\/05\/09\/el-nuevo-look-de-karol-g-que-vuelve-locos-a-sus-fans\/#primaryimage","url":"https:\/\/noti-america.com\/site\/venezuela\/wp-content\/uploads\/sites\/2\/2019\/05\/el-nuevo-look-de-karol-g-que-vuelve-locos-a-sus-fans-01-201905081030233023.jpg","contentUrl":"https:\/\/noti-america.com\/site\/venezuela\/wp-content\/uploads\/sites\/2\/2019\/05\/el-nuevo-look-de-karol-g-que-vuelve-locos-a-sus-fans-01-201905081030233023.jpg","width":661,"height":600},{"@type":"BreadcrumbList","@id":"https:\/\/noti-america.com\/site\/venezuela\/2019\/05\/09\/el-nuevo-look-de-karol-g-que-vuelve-locos-a-sus-fans\/#breadcrumb","itemListElement":[{"@type":"ListItem","position":1,"name":"Portada","item":"https:\/\/noti-america.com\/site\/venezuela\/"},{"@type":"ListItem","position":2,"name":"El nuevo look de Karol G que vuelve locos a sus fans"}]},{"@type":"WebSite","@id":"https:\/\/noti-america.com\/site\/venezuela\/#website","url":"https:\/\/noti-america.com\/site\/venezuela\/","name":"Venezuela | Noti-America.com","description":"","publisher":{"@id":"https:\/\/noti-america.com\/site\/venezuela\/#organization"},"potentialAction":[{"@type":"SearchAction","target":{"@type":"EntryPoint","urlTemplate":"https:\/\/noti-america.com\/site\/venezuela\/?s={search_term_string}"},"query-input":{"@type":"PropertyValueSpecification","valueRequired":true,"valueName":"search_term_string"}}],"inLanguage":"es"},{"@type":"Organization","@id":"https:\/\/noti-america.com\/site\/venezuela\/#organization","name":"Noti-America LLC | Venezuela","url":"https:\/\/noti-america.com\/site\/venezuela\/","logo":{"@type":"ImageObject","inLanguage":"es","@id":"https:\/\/noti-america.com\/site\/venezuela\/#\/schema\/logo\/image\/","url":"https:\/\/noti-america.com\/site\/venezuela\/wp-content\/uploads\/sites\/2\/2020\/07\/LogoNA-4x3-1.jpg","contentUrl":"https:\/\/noti-america.com\/site\/venezuela\/wp-content\/uploads\/sites\/2\/2020\/07\/LogoNA-4x3-1.jpg","width":1236,"height":1080,"caption":"Noti-America LLC | Venezuela"},"image":{"@id":"https:\/\/noti-america.com\/site\/venezuela\/#\/schema\/logo\/image\/"}},{"@type":"Person","@id":"https:\/\/noti-america.com\/site\/venezuela\/#\/schema\/person\/17a6ee8c9af7fe2da084805f2d45e6ef","name":"Marilyn Oviedo","image":{"@type":"ImageObject","inLanguage":"es","@id":"https:\/\/secure.gravatar.com\/avatar\/6ab070ce76f64b066017eef1247ecdeb7c01b8e99448b515919552ac2123cc84?s=96&d=mm&r=g","url":"https:\/\/secure.gravatar.com\/avatar\/6ab070ce76f64b066017eef1247ecdeb7c01b8e99448b515919552ac2123cc84?s=96&d=mm&r=g","contentUrl":"https:\/\/secure.gravatar.com\/avatar\/6ab070ce76f64b066017eef1247ecdeb7c01b8e99448b515919552ac2123cc84?s=96&d=mm&r=g","caption":"Marilyn Oviedo"},"description":"Venezolana, Licenciada en Letras | Productora | Redactora de Contenidos | Community Manager.","url":"https:\/\/noti-america.com\/site\/venezuela\/author\/moviedo\/"}]}},"_links":{"self":[{"href":"https:\/\/noti-america.com\/site\/venezuela\/wp-json\/wp\/v2\/posts\/7234","targetHints":{"allow":["GET"]}}],"collection":[{"href":"https:\/\/noti-america.com\/site\/venezuela\/wp-json\/wp\/v2\/posts"}],"about":[{"href":"https:\/\/noti-america.com\/site\/venezuela\/wp-json\/wp\/v2\/types\/post"}],"author":[{"embeddable":true,"href":"https:\/\/noti-america.com\/site\/venezuela\/wp-json\/wp\/v2\/users\/45"}],"replies":[{"embeddable":true,"href":"https:\/\/noti-america.com\/site\/venezuela\/wp-json\/wp\/v2\/comments?post=7234"}],"version-history":[{"count":2,"href":"https:\/\/noti-america.com\/site\/venezuela\/wp-json\/wp\/v2\/posts\/7234\/revisions"}],"predecessor-version":[{"id":7237,"href":"https:\/\/noti-america.com\/site\/venezuela\/wp-json\/wp\/v2\/posts\/7234\/revisions\/7237"}],"wp:featuredmedia":[{"embeddable":true,"href":"https:\/\/noti-america.com\/site\/venezuela\/wp-json\/wp\/v2\/media\/7235"}],"wp:attachment":[{"href":"https:\/\/noti-america.com\/site\/venezuela\/wp-json\/wp\/v2\/media?parent=7234"}],"wp:term":[{"taxonomy":"category","embeddable":true,"href":"https:\/\/noti-america.com\/site\/venezuela\/wp-json\/wp\/v2\/categories?post=7234"},{"taxonomy":"post_tag","embeddable":true,"href":"https:\/\/noti-america.com\/site\/venezuela\/wp-json\/wp\/v2\/tags?post=7234"}],"curies":[{"name":"wp","href":"https:\/\/api.w.org\/{rel}","templated":true}]}}