{"id":701,"date":"2017-09-29T13:42:52","date_gmt":"2017-09-29T13:42:52","guid":{"rendered":"http:\/\/noti-america.com\/site\/venezuela\/?p=701"},"modified":"2017-09-30T02:28:06","modified_gmt":"2017-09-30T02:28:06","slug":"presidente-maduro-tendra-que-enfrentar-acciones-internacionales","status":"publish","type":"post","link":"https:\/\/noti-america.com\/site\/venezuela\/2017\/09\/29\/presidente-maduro-tendra-que-enfrentar-acciones-internacionales\/","title":{"rendered":"Presidente Maduro tendr\u00e1 que enfrentar acciones internacionales"},"content":{"rendered":"<blockquote>\n<ul>\n<li>\u201cLa derecha dice que no ir\u00e1 al di\u00e1logo en Rep\u00fablica Dominicana. Si sabotean el di\u00e1logo hay que retirarles las candidaturas a las Gobernaciones\u201d, declar\u00f3 el dirigente Pedro Carre\u00f1o.<\/li>\n<li>Un proyecto de ley que ordenar\u00eda al Gobierno de los<strong> Estados Unidos (EEUU)<\/strong> enviar ayuda humanitaria a Venezuela fue\u00a0<span id=\"IL_AD4\" class=\"IL_AD\">aprobado<\/span>\u00a0<strong>este jueves por la Comisi\u00f3n de Relaciones Exteriores de la C\u00e1mara Baja del Congreso de ese pa\u00eds.<\/strong><\/li>\n<\/ul>\n<\/blockquote>\n<p>El Grupo de Lima, integrado por 12 pa\u00edses del\u00a0<span id=\"IL_AD4\" class=\"IL_AD\">continente<\/span>, se reunir\u00e1 en los pr\u00f3ximos\u00a0<span id=\"IL_AD5\" class=\"IL_AD\">d\u00edas<\/span>\u00a0en Canad\u00e1 para abordar nuevamente la actual situaci\u00f3n pol\u00edtica, social y econ\u00f3mica de Venezuela.<\/p>\n<blockquote><p><strong>Chrystia Freeland, del\u00a0<span id=\"IL_AD1\" class=\"IL_AD\">ministerio de\u00a0<\/span>Relaciones Exteriores de Canad\u00e1, organiza el encuentro para octubre, seg\u00fan inform\u00f3 la canciller\u00eda paraguaya a The\u00a0<span id=\"IL_AD3\" class=\"IL_AD\">Associated Press<\/span>.<\/strong><\/p><\/blockquote>\n<p>Los cancilleres del bloque integrado por Per\u00fa, Argentina, Brasil, Canad\u00e1, Chile, Colombia, Costa Rica, Guatemala, Honduras, M\u00e9xico, Panam\u00e1 y Paraguay \u201creiteraron su condena a la represi\u00f3n y persecuci\u00f3n pol\u00edtica en Venezuela, incluida la decisi\u00f3n de la Asamblea Nacional Constituyente de enjuiciar por \u00b4traici\u00f3n a la patria\u00b4 a l\u00edderes opositores\u201d.<\/p>\n<div style=\"width: 738px\" class=\"wp-caption alignnone\"><img loading=\"lazy\" decoding=\"async\" src=\"http:\/\/epmundo.com\/wp-content\/uploads\/2017\/06\/Pedro-Carre%C3%B1o.jpg1_-728x400.jpg\" alt=\"\" width=\"728\" height=\"400\" \/><p class=\"wp-caption-text\">Pedro Carre\u00f1o, vicepresidente del Partido Socialista Unido de Venezuela (Psuv) expres\u00f3 que, de no ir la oposici\u00f3n al di\u00e1logo en Dominicana, \u201chay que retirarles las candidaturas a las gobernaciones\u201d.<\/p><\/div>\n<p>En tal sentido, la canciller\u00eda paraguaya agreg\u00f3 que mientras el presidente venezolano Nicol\u00e1s Maduro \u201cno retome los cursos democr\u00e1ticos, seguir\u00e1 suspendido dentro del bloque regional Mercado Com\u00fan Suramericano (Mercosur)\u201d.<\/p>\n<p><img decoding=\"async\" src=\"http:\/\/epmundo.com\/wp-content\/uploads\/2017\/09\/grupo-de-Lima.jpg\" \/><\/p>\n<p>Entre tanto, ante la posible negativa del Gobierno del presidente Nicol\u00e1s Maduro de recibir y distribuir los insumos, el proyecto, presentado por el congresista dem\u00f3crata Eliot\u00a0<span id=\"IL_AD7\" class=\"IL_AD\">Engel<\/span>, le ordenar\u00eda al presidente Donald Trump que inste a la misi\u00f3n estadounidense ante la Organizaci\u00f3n de las Naciones Unidas (ONU) a buscar los votos necesarios para aprobar una resoluci\u00f3n que obligue al mandatario venezolano a aceptar la ayuda.<\/p>\n<p>El texto especifica tambi\u00e9n que el Departamento de Estado deber\u00e1 entregarle al Congreso, en un plazo m\u00e1ximo de 180\u00a0d\u00edas, un reporte sobre la vinculaci\u00f3n de funcionarios venezolanos con actos de corrupci\u00f3n y narcotr\u00e1fico y exigir\u00eda un informe que\u00a0<span id=\"IL_AD1\" class=\"IL_AD\">detalle<\/span>\u00a0la cooperaci\u00f3n de la Fuerza Armada Nacional de Venezuela con Rusia, China, Cuba e Ir\u00e1n, seg\u00fan inform\u00f3 la agencia estadounidense de noticias\u00a0<span id=\"IL_AD5\" class=\"IL_AD\">Associated Press<\/span>\u00a0en un despacho publicado por Voice Of\u00a0<span id=\"IL_AD3\" class=\"IL_AD\">Am\u00e9rica<\/span>, medio oficial de\u00a0<span id=\"IL_AD8\" class=\"IL_AD\">informaci\u00f3n<\/span>\u00a0del Gobierno de Estados Unidos.<\/p>\n<p>De ser\u00a0aprobado, le otorgar\u00eda al Departamento de Estado <strong>90\u00a0<span id=\"IL_AD6\" class=\"IL_AD\">d\u00edas<\/span><\/strong>\u00a0para definir un plan que permita, con ayuda de organizaciones no gubernamentales, <strong>enviar medicinas, alimentos y personal t\u00e9cnico a Venezuela.<\/strong><\/p>\n<h3>CASAS DE CAMBIO EN PARAGUAN\u00c1<\/h3>\n<p>La zona de Paraguan\u00e1, en el estado Falc\u00f3n, fue decretada por el presidente\u00a0Nicol\u00e1s Maduro, como ciudadela comercial, en aras de fortalecer la actividad productiva.<\/p>\n<p>El vicepresidente Ejecutivo de la Rep\u00fablica, Tareck El Aissami, anunci\u00f3 la creaci\u00f3n de casas de cambio en la Zona Econ\u00f3mica Especial de Paraguan\u00e1 como parte del desarrollo econ\u00f3mico en el estado Falc\u00f3n.<\/p>\n<p>Debemos recordar que Paraguan\u00e1, al igual que el Estado Nueva Esparta, d\u00edgase la isla de Margarita, eran zonas que por su acceso mar\u00edtimo, gozaban de ser zona Franca o con libertad de importaci\u00f3n, donde los venezolanos acostumbraban a realizar compras de equipos y art\u00edculos diversos a precios m\u00e1s bajos que en el mercado nacional.<\/p>\n<p>El Aissami, design\u00f3 al candidato a la gobernaci\u00f3n de Falc\u00f3n, V\u00edctor Clark, como la autoridad encargada de\u00a0la creaci\u00f3n de la Zona Econ\u00f3mica Especial de Paraguan\u00e1, en ese estado.<\/p>\n<p>Destac\u00f3 que se debe instalar un r\u00e9gimen especial para la importaci\u00f3n en\u00a0Paraguan\u00e1. \u00abPonemos a la orden toda nuestra capacidad de Aduanas y comercio exterior para simplificar los planes, pero cumpliendo con lo establecido en la Constituci\u00f3n\u00bb.<\/p>\n<p>Exhort\u00f3 al Seniat a\u00a0 adecuarlo\u00a0a la nueva econom\u00eda post rentista y\u00a0<strong>solicit\u00f3 apoyo al sector privado para evitar el bloqueo internacional<\/strong>.\u00a0\u00abQueremos ver a Paraguan\u00e1 convertido en potencia econ\u00f3mica\u00a0y que sea ejemplo para todo el pa\u00eds\u00bb.<\/p>\n<blockquote class=\"twitter-tweet\" data-width=\"500\" data-dnt=\"true\">\n<p lang=\"es\" dir=\"ltr\">Solicitan medida humanitaria para alcalde <a href=\"https:\/\/twitter.com\/hashtag\/AlfredoRamos?src=hash&amp;ref_src=twsrc%5Etfw\">#AlfredoRamos<\/a> por estado cr\u00edtico de salud <a href=\"https:\/\/t.co\/Q076eRH92w\">https:\/\/t.co\/Q076eRH92w<\/a><\/p>\n<p>&mdash; Caraota Digital (@CaraotaDigital) <a href=\"https:\/\/twitter.com\/CaraotaDigital\/status\/913759392369135616?ref_src=twsrc%5Etfw\">September 29, 2017<\/a><\/p><\/blockquote>\n<p><script async src=\"https:\/\/platform.twitter.com\/widgets.js\" charset=\"utf-8\"><\/script><\/p>\n<p>&nbsp;<\/p>\n","protected":false},"excerpt":{"rendered":"<p>\u201cLa derecha dice que no ir\u00e1 al di\u00e1logo en Rep\u00fablica Dominicana. Si sabotean el di\u00e1logo hay que retirarles las candidaturas a las Gobernaciones\u201d, declar\u00f3 el dirigente Pedro Carre\u00f1o. Un proyecto de ley que ordenar\u00eda&#46;&#46;&#46;<\/p>\n","protected":false},"author":11,"featured_media":702,"comment_status":"open","ping_status":"open","sticky":false,"template":"","format":"standard","meta":{"_acf_changed":false,"om_disable_all_campaigns":false,"rop_custom_images_group":[],"rop_custom_messages_group":[],"rop_publish_now":"initial","rop_publish_now_accounts":{"twitter_242054905_242054905":""},"rop_publish_now_history":[],"rop_publish_now_status":"pending","_uf_show_specific_survey":0,"_uf_disable_surveys":false,"footnotes":""},"categories":[4,12,3],"tags":[],"class_list":["post-701","post","type-post","status-publish","format-standard","has-post-thumbnail","hentry","category-internacionales","category-opinion","category-politica"],"acf":[],"aioseo_notices":[],"yoast_head":"<!-- This site is optimized with the Yoast SEO Premium plugin v24.9 (Yoast SEO v27.2) - https:\/\/yoast.com\/product\/yoast-seo-premium-wordpress\/ -->\n<title>Presidente Maduro tendr\u00e1 que enfrentar acciones internacionales - Venezuela | Noti-America.com<\/title>\n<meta name=\"robots\" content=\"index, follow, max-snippet:-1, max-image-preview:large, max-video-preview:-1\" \/>\n<link rel=\"canonical\" href=\"https:\/\/noti-america.com\/site\/venezuela\/2017\/09\/29\/presidente-maduro-tendra-que-enfrentar-acciones-internacionales\/\" \/>\n<meta property=\"og:locale\" content=\"es_ES\" \/>\n<meta property=\"og:type\" content=\"article\" \/>\n<meta property=\"og:title\" content=\"Presidente Maduro tendr\u00e1 que enfrentar acciones internacionales\" \/>\n<meta property=\"og:description\" content=\"\u201cLa derecha dice que no ir\u00e1 al di\u00e1logo en Rep\u00fablica Dominicana. Si sabotean el di\u00e1logo hay que retirarles las candidaturas a las Gobernaciones\u201d, declar\u00f3 el dirigente Pedro Carre\u00f1o. Un proyecto de ley que ordenar\u00eda&#046;&#046;&#046;\" \/>\n<meta property=\"og:url\" content=\"https:\/\/noti-america.com\/site\/venezuela\/2017\/09\/29\/presidente-maduro-tendra-que-enfrentar-acciones-internacionales\/\" \/>\n<meta property=\"og:site_name\" content=\"Venezuela | Noti-America.com\" \/>\n<meta property=\"article:published_time\" content=\"2017-09-29T13:42:52+00:00\" \/>\n<meta property=\"article:modified_time\" content=\"2017-09-30T02:28:06+00:00\" \/>\n<meta property=\"og:image\" content=\"https:\/\/noti-america.com\/site\/venezuela\/wp-content\/uploads\/sites\/2\/2017\/09\/MADURO.jpg\" \/>\n\t<meta property=\"og:image:width\" content=\"287\" \/>\n\t<meta property=\"og:image:height\" content=\"176\" \/>\n\t<meta property=\"og:image:type\" content=\"image\/jpeg\" \/>\n<meta name=\"author\" content=\"Yliana Duque\" \/>\n<meta name=\"twitter:card\" content=\"summary_large_image\" \/>\n<meta name=\"twitter:creator\" content=\"@ylianaduque\" \/>\n<meta name=\"twitter:label1\" content=\"Escrito por\" \/>\n\t<meta name=\"twitter:data1\" content=\"Yliana Duque\" \/>\n\t<meta name=\"twitter:label2\" content=\"Tiempo estimado de lectura\" \/>\n\t<meta name=\"twitter:data2\" content=\"4 minutos\" \/>\n<script type=\"application\/ld+json\" class=\"yoast-schema-graph\">{\"@context\":\"https:\/\/schema.org\",\"@graph\":[{\"@type\":\"Article\",\"@id\":\"https:\/\/noti-america.com\/site\/venezuela\/2017\/09\/29\/presidente-maduro-tendra-que-enfrentar-acciones-internacionales\/#article\",\"isPartOf\":{\"@id\":\"https:\/\/noti-america.com\/site\/venezuela\/2017\/09\/29\/presidente-maduro-tendra-que-enfrentar-acciones-internacionales\/\"},\"author\":{\"name\":\"Yliana Duque\",\"@id\":\"https:\/\/noti-america.com\/site\/venezuela\/#\/schema\/person\/a166d9d45f249dbd09521fbc2e7342d8\"},\"headline\":\"Presidente Maduro tendr\u00e1 que enfrentar acciones internacionales\",\"datePublished\":\"2017-09-29T13:42:52+00:00\",\"dateModified\":\"2017-09-30T02:28:06+00:00\",\"mainEntityOfPage\":{\"@id\":\"https:\/\/noti-america.com\/site\/venezuela\/2017\/09\/29\/presidente-maduro-tendra-que-enfrentar-acciones-internacionales\/\"},\"wordCount\":712,\"commentCount\":0,\"publisher\":{\"@id\":\"https:\/\/noti-america.com\/site\/venezuela\/#organization\"},\"image\":{\"@id\":\"https:\/\/noti-america.com\/site\/venezuela\/2017\/09\/29\/presidente-maduro-tendra-que-enfrentar-acciones-internacionales\/#primaryimage\"},\"thumbnailUrl\":\"https:\/\/noti-america.com\/site\/venezuela\/wp-content\/uploads\/sites\/2\/2017\/09\/MADURO.jpg\",\"articleSection\":[\"Internacionales\",\"Opini\u00f3n\",\"Pol\u00edtica\"],\"inLanguage\":\"es\",\"potentialAction\":[{\"@type\":\"CommentAction\",\"name\":\"Comment\",\"target\":[\"https:\/\/noti-america.com\/site\/venezuela\/2017\/09\/29\/presidente-maduro-tendra-que-enfrentar-acciones-internacionales\/#respond\"]}]},{\"@type\":\"WebPage\",\"@id\":\"https:\/\/noti-america.com\/site\/venezuela\/2017\/09\/29\/presidente-maduro-tendra-que-enfrentar-acciones-internacionales\/\",\"url\":\"https:\/\/noti-america.com\/site\/venezuela\/2017\/09\/29\/presidente-maduro-tendra-que-enfrentar-acciones-internacionales\/\",\"name\":\"Presidente Maduro tendr\u00e1 que enfrentar acciones internacionales - Venezuela | Noti-America.com\",\"isPartOf\":{\"@id\":\"https:\/\/noti-america.com\/site\/venezuela\/#website\"},\"primaryImageOfPage\":{\"@id\":\"https:\/\/noti-america.com\/site\/venezuela\/2017\/09\/29\/presidente-maduro-tendra-que-enfrentar-acciones-internacionales\/#primaryimage\"},\"image\":{\"@id\":\"https:\/\/noti-america.com\/site\/venezuela\/2017\/09\/29\/presidente-maduro-tendra-que-enfrentar-acciones-internacionales\/#primaryimage\"},\"thumbnailUrl\":\"https:\/\/noti-america.com\/site\/venezuela\/wp-content\/uploads\/sites\/2\/2017\/09\/MADURO.jpg\",\"datePublished\":\"2017-09-29T13:42:52+00:00\",\"dateModified\":\"2017-09-30T02:28:06+00:00\",\"breadcrumb\":{\"@id\":\"https:\/\/noti-america.com\/site\/venezuela\/2017\/09\/29\/presidente-maduro-tendra-que-enfrentar-acciones-internacionales\/#breadcrumb\"},\"inLanguage\":\"es\",\"potentialAction\":[{\"@type\":\"ReadAction\",\"target\":[\"https:\/\/noti-america.com\/site\/venezuela\/2017\/09\/29\/presidente-maduro-tendra-que-enfrentar-acciones-internacionales\/\"]}]},{\"@type\":\"ImageObject\",\"inLanguage\":\"es\",\"@id\":\"https:\/\/noti-america.com\/site\/venezuela\/2017\/09\/29\/presidente-maduro-tendra-que-enfrentar-acciones-internacionales\/#primaryimage\",\"url\":\"https:\/\/noti-america.com\/site\/venezuela\/wp-content\/uploads\/sites\/2\/2017\/09\/MADURO.jpg\",\"contentUrl\":\"https:\/\/noti-america.com\/site\/venezuela\/wp-content\/uploads\/sites\/2\/2017\/09\/MADURO.jpg\",\"width\":287,\"height\":176},{\"@type\":\"BreadcrumbList\",\"@id\":\"https:\/\/noti-america.com\/site\/venezuela\/2017\/09\/29\/presidente-maduro-tendra-que-enfrentar-acciones-internacionales\/#breadcrumb\",\"itemListElement\":[{\"@type\":\"ListItem\",\"position\":1,\"name\":\"Portada\",\"item\":\"https:\/\/noti-america.com\/site\/venezuela\/\"},{\"@type\":\"ListItem\",\"position\":2,\"name\":\"Presidente Maduro tendr\u00e1 que enfrentar acciones internacionales\"}]},{\"@type\":\"WebSite\",\"@id\":\"https:\/\/noti-america.com\/site\/venezuela\/#website\",\"url\":\"https:\/\/noti-america.com\/site\/venezuela\/\",\"name\":\"Venezuela | Noti-America.com\",\"description\":\"\",\"publisher\":{\"@id\":\"https:\/\/noti-america.com\/site\/venezuela\/#organization\"},\"potentialAction\":[{\"@type\":\"SearchAction\",\"target\":{\"@type\":\"EntryPoint\",\"urlTemplate\":\"https:\/\/noti-america.com\/site\/venezuela\/?s={search_term_string}\"},\"query-input\":{\"@type\":\"PropertyValueSpecification\",\"valueRequired\":true,\"valueName\":\"search_term_string\"}}],\"inLanguage\":\"es\"},{\"@type\":\"Organization\",\"@id\":\"https:\/\/noti-america.com\/site\/venezuela\/#organization\",\"name\":\"Noti-America LLC | Venezuela\",\"url\":\"https:\/\/noti-america.com\/site\/venezuela\/\",\"logo\":{\"@type\":\"ImageObject\",\"inLanguage\":\"es\",\"@id\":\"https:\/\/noti-america.com\/site\/venezuela\/#\/schema\/logo\/image\/\",\"url\":\"https:\/\/noti-america.com\/site\/venezuela\/wp-content\/uploads\/sites\/2\/2020\/07\/LogoNA-4x3-1.jpg\",\"contentUrl\":\"https:\/\/noti-america.com\/site\/venezuela\/wp-content\/uploads\/sites\/2\/2020\/07\/LogoNA-4x3-1.jpg\",\"width\":1236,\"height\":1080,\"caption\":\"Noti-America LLC | Venezuela\"},\"image\":{\"@id\":\"https:\/\/noti-america.com\/site\/venezuela\/#\/schema\/logo\/image\/\"}},{\"@type\":\"Person\",\"@id\":\"https:\/\/noti-america.com\/site\/venezuela\/#\/schema\/person\/a166d9d45f249dbd09521fbc2e7342d8\",\"name\":\"Yliana Duque\",\"image\":{\"@type\":\"ImageObject\",\"inLanguage\":\"es\",\"@id\":\"https:\/\/secure.gravatar.com\/avatar\/8caf2a4035762b3be44c3a0455581febe2d5273a41ac40dacc575b8aa348fe65?s=96&d=mm&r=g\",\"url\":\"https:\/\/secure.gravatar.com\/avatar\/8caf2a4035762b3be44c3a0455581febe2d5273a41ac40dacc575b8aa348fe65?s=96&d=mm&r=g\",\"contentUrl\":\"https:\/\/secure.gravatar.com\/avatar\/8caf2a4035762b3be44c3a0455581febe2d5273a41ac40dacc575b8aa348fe65?s=96&d=mm&r=g\",\"caption\":\"Yliana Duque\"},\"description\":\"Ejercer el periodismo requiere de pasi\u00f3n y conocimiento en investigaci\u00f3n de campo. Siempre en la b\u00fasqueda de la verdad para aportar claridad y poder discernir sobre el hecho noticioso. Egresada de la Universidad de los Andes. Maestria en Relaciones Internacionales (UCV). Diplomado de Educaci\u00f3n Superior (Universidad Experimental LIbertador (UPEL), y Educaci\u00f3n superior a distancia (UFT). Estudios de Locuci\u00f3n- Actuaci\u00f3n-Publicidad y Mercadeo, Redes. Subdirectora de relaciones p\u00fablicas de la Asamablea Legislativa del Estado Sucre(1995)-Periodista de TELESOL,Telecaribe (Sucre). Jefe de Prensa de la Gobernaci\u00f3n del Estado Amazonas(1997). Periodista Comandancia General del Ej\u00e9rcito, Fuerte Tiuna (1996). Lider de Proyectos en educaci\u00f3n Superior en la Universidad Ferm\u00edn Toro (UFT) (2000). Docente Universitario UFT (2002-2007)-Docente de Educaci\u00f3n Superior a Distancia -titulado. Periodista Diario El Informador. Periodista en Apoyo A\u00e9reo de la Guardia Nacional, Aeropuerto Jacinto Lara. www.Noti-america.com (Venezuela)\",\"sameAs\":[\"https:\/\/x.com\/ylianaduque\"],\"url\":\"https:\/\/noti-america.com\/site\/venezuela\/author\/yduque\/\"}]}<\/script>\n<!-- \/ Yoast SEO Premium plugin. -->","yoast_head_json":{"title":"Presidente Maduro tendr\u00e1 que enfrentar acciones internacionales - Venezuela | Noti-America.com","robots":{"index":"index","follow":"follow","max-snippet":"max-snippet:-1","max-image-preview":"max-image-preview:large","max-video-preview":"max-video-preview:-1"},"canonical":"https:\/\/noti-america.com\/site\/venezuela\/2017\/09\/29\/presidente-maduro-tendra-que-enfrentar-acciones-internacionales\/","og_locale":"es_ES","og_type":"article","og_title":"Presidente Maduro tendr\u00e1 que enfrentar acciones internacionales","og_description":"\u201cLa derecha dice que no ir\u00e1 al di\u00e1logo en Rep\u00fablica Dominicana. Si sabotean el di\u00e1logo hay que retirarles las candidaturas a las Gobernaciones\u201d, declar\u00f3 el dirigente Pedro Carre\u00f1o. Un proyecto de ley que ordenar\u00eda&#46;&#46;&#46;","og_url":"https:\/\/noti-america.com\/site\/venezuela\/2017\/09\/29\/presidente-maduro-tendra-que-enfrentar-acciones-internacionales\/","og_site_name":"Venezuela | Noti-America.com","article_published_time":"2017-09-29T13:42:52+00:00","article_modified_time":"2017-09-30T02:28:06+00:00","og_image":[{"width":287,"height":176,"url":"https:\/\/noti-america.com\/site\/venezuela\/wp-content\/uploads\/sites\/2\/2017\/09\/MADURO.jpg","type":"image\/jpeg"}],"author":"Yliana Duque","twitter_card":"summary_large_image","twitter_creator":"@ylianaduque","twitter_misc":{"Escrito por":"Yliana Duque","Tiempo estimado de lectura":"4 minutos"},"schema":{"@context":"https:\/\/schema.org","@graph":[{"@type":"Article","@id":"https:\/\/noti-america.com\/site\/venezuela\/2017\/09\/29\/presidente-maduro-tendra-que-enfrentar-acciones-internacionales\/#article","isPartOf":{"@id":"https:\/\/noti-america.com\/site\/venezuela\/2017\/09\/29\/presidente-maduro-tendra-que-enfrentar-acciones-internacionales\/"},"author":{"name":"Yliana Duque","@id":"https:\/\/noti-america.com\/site\/venezuela\/#\/schema\/person\/a166d9d45f249dbd09521fbc2e7342d8"},"headline":"Presidente Maduro tendr\u00e1 que enfrentar acciones internacionales","datePublished":"2017-09-29T13:42:52+00:00","dateModified":"2017-09-30T02:28:06+00:00","mainEntityOfPage":{"@id":"https:\/\/noti-america.com\/site\/venezuela\/2017\/09\/29\/presidente-maduro-tendra-que-enfrentar-acciones-internacionales\/"},"wordCount":712,"commentCount":0,"publisher":{"@id":"https:\/\/noti-america.com\/site\/venezuela\/#organization"},"image":{"@id":"https:\/\/noti-america.com\/site\/venezuela\/2017\/09\/29\/presidente-maduro-tendra-que-enfrentar-acciones-internacionales\/#primaryimage"},"thumbnailUrl":"https:\/\/noti-america.com\/site\/venezuela\/wp-content\/uploads\/sites\/2\/2017\/09\/MADURO.jpg","articleSection":["Internacionales","Opini\u00f3n","Pol\u00edtica"],"inLanguage":"es","potentialAction":[{"@type":"CommentAction","name":"Comment","target":["https:\/\/noti-america.com\/site\/venezuela\/2017\/09\/29\/presidente-maduro-tendra-que-enfrentar-acciones-internacionales\/#respond"]}]},{"@type":"WebPage","@id":"https:\/\/noti-america.com\/site\/venezuela\/2017\/09\/29\/presidente-maduro-tendra-que-enfrentar-acciones-internacionales\/","url":"https:\/\/noti-america.com\/site\/venezuela\/2017\/09\/29\/presidente-maduro-tendra-que-enfrentar-acciones-internacionales\/","name":"Presidente Maduro tendr\u00e1 que enfrentar acciones internacionales - Venezuela | Noti-America.com","isPartOf":{"@id":"https:\/\/noti-america.com\/site\/venezuela\/#website"},"primaryImageOfPage":{"@id":"https:\/\/noti-america.com\/site\/venezuela\/2017\/09\/29\/presidente-maduro-tendra-que-enfrentar-acciones-internacionales\/#primaryimage"},"image":{"@id":"https:\/\/noti-america.com\/site\/venezuela\/2017\/09\/29\/presidente-maduro-tendra-que-enfrentar-acciones-internacionales\/#primaryimage"},"thumbnailUrl":"https:\/\/noti-america.com\/site\/venezuela\/wp-content\/uploads\/sites\/2\/2017\/09\/MADURO.jpg","datePublished":"2017-09-29T13:42:52+00:00","dateModified":"2017-09-30T02:28:06+00:00","breadcrumb":{"@id":"https:\/\/noti-america.com\/site\/venezuela\/2017\/09\/29\/presidente-maduro-tendra-que-enfrentar-acciones-internacionales\/#breadcrumb"},"inLanguage":"es","potentialAction":[{"@type":"ReadAction","target":["https:\/\/noti-america.com\/site\/venezuela\/2017\/09\/29\/presidente-maduro-tendra-que-enfrentar-acciones-internacionales\/"]}]},{"@type":"ImageObject","inLanguage":"es","@id":"https:\/\/noti-america.com\/site\/venezuela\/2017\/09\/29\/presidente-maduro-tendra-que-enfrentar-acciones-internacionales\/#primaryimage","url":"https:\/\/noti-america.com\/site\/venezuela\/wp-content\/uploads\/sites\/2\/2017\/09\/MADURO.jpg","contentUrl":"https:\/\/noti-america.com\/site\/venezuela\/wp-content\/uploads\/sites\/2\/2017\/09\/MADURO.jpg","width":287,"height":176},{"@type":"BreadcrumbList","@id":"https:\/\/noti-america.com\/site\/venezuela\/2017\/09\/29\/presidente-maduro-tendra-que-enfrentar-acciones-internacionales\/#breadcrumb","itemListElement":[{"@type":"ListItem","position":1,"name":"Portada","item":"https:\/\/noti-america.com\/site\/venezuela\/"},{"@type":"ListItem","position":2,"name":"Presidente Maduro tendr\u00e1 que enfrentar acciones internacionales"}]},{"@type":"WebSite","@id":"https:\/\/noti-america.com\/site\/venezuela\/#website","url":"https:\/\/noti-america.com\/site\/venezuela\/","name":"Venezuela | Noti-America.com","description":"","publisher":{"@id":"https:\/\/noti-america.com\/site\/venezuela\/#organization"},"potentialAction":[{"@type":"SearchAction","target":{"@type":"EntryPoint","urlTemplate":"https:\/\/noti-america.com\/site\/venezuela\/?s={search_term_string}"},"query-input":{"@type":"PropertyValueSpecification","valueRequired":true,"valueName":"search_term_string"}}],"inLanguage":"es"},{"@type":"Organization","@id":"https:\/\/noti-america.com\/site\/venezuela\/#organization","name":"Noti-America LLC | Venezuela","url":"https:\/\/noti-america.com\/site\/venezuela\/","logo":{"@type":"ImageObject","inLanguage":"es","@id":"https:\/\/noti-america.com\/site\/venezuela\/#\/schema\/logo\/image\/","url":"https:\/\/noti-america.com\/site\/venezuela\/wp-content\/uploads\/sites\/2\/2020\/07\/LogoNA-4x3-1.jpg","contentUrl":"https:\/\/noti-america.com\/site\/venezuela\/wp-content\/uploads\/sites\/2\/2020\/07\/LogoNA-4x3-1.jpg","width":1236,"height":1080,"caption":"Noti-America LLC | Venezuela"},"image":{"@id":"https:\/\/noti-america.com\/site\/venezuela\/#\/schema\/logo\/image\/"}},{"@type":"Person","@id":"https:\/\/noti-america.com\/site\/venezuela\/#\/schema\/person\/a166d9d45f249dbd09521fbc2e7342d8","name":"Yliana Duque","image":{"@type":"ImageObject","inLanguage":"es","@id":"https:\/\/secure.gravatar.com\/avatar\/8caf2a4035762b3be44c3a0455581febe2d5273a41ac40dacc575b8aa348fe65?s=96&d=mm&r=g","url":"https:\/\/secure.gravatar.com\/avatar\/8caf2a4035762b3be44c3a0455581febe2d5273a41ac40dacc575b8aa348fe65?s=96&d=mm&r=g","contentUrl":"https:\/\/secure.gravatar.com\/avatar\/8caf2a4035762b3be44c3a0455581febe2d5273a41ac40dacc575b8aa348fe65?s=96&d=mm&r=g","caption":"Yliana Duque"},"description":"Ejercer el periodismo requiere de pasi\u00f3n y conocimiento en investigaci\u00f3n de campo. Siempre en la b\u00fasqueda de la verdad para aportar claridad y poder discernir sobre el hecho noticioso. Egresada de la Universidad de los Andes. Maestria en Relaciones Internacionales (UCV). Diplomado de Educaci\u00f3n Superior (Universidad Experimental LIbertador (UPEL), y Educaci\u00f3n superior a distancia (UFT). Estudios de Locuci\u00f3n- Actuaci\u00f3n-Publicidad y Mercadeo, Redes. Subdirectora de relaciones p\u00fablicas de la Asamablea Legislativa del Estado Sucre(1995)-Periodista de TELESOL,Telecaribe (Sucre). Jefe de Prensa de la Gobernaci\u00f3n del Estado Amazonas(1997). Periodista Comandancia General del Ej\u00e9rcito, Fuerte Tiuna (1996). Lider de Proyectos en educaci\u00f3n Superior en la Universidad Ferm\u00edn Toro (UFT) (2000). Docente Universitario UFT (2002-2007)-Docente de Educaci\u00f3n Superior a Distancia -titulado. Periodista Diario El Informador. Periodista en Apoyo A\u00e9reo de la Guardia Nacional, Aeropuerto Jacinto Lara. www.Noti-america.com (Venezuela)","sameAs":["https:\/\/x.com\/ylianaduque"],"url":"https:\/\/noti-america.com\/site\/venezuela\/author\/yduque\/"}]}},"_links":{"self":[{"href":"https:\/\/noti-america.com\/site\/venezuela\/wp-json\/wp\/v2\/posts\/701","targetHints":{"allow":["GET"]}}],"collection":[{"href":"https:\/\/noti-america.com\/site\/venezuela\/wp-json\/wp\/v2\/posts"}],"about":[{"href":"https:\/\/noti-america.com\/site\/venezuela\/wp-json\/wp\/v2\/types\/post"}],"author":[{"embeddable":true,"href":"https:\/\/noti-america.com\/site\/venezuela\/wp-json\/wp\/v2\/users\/11"}],"replies":[{"embeddable":true,"href":"https:\/\/noti-america.com\/site\/venezuela\/wp-json\/wp\/v2\/comments?post=701"}],"version-history":[{"count":1,"href":"https:\/\/noti-america.com\/site\/venezuela\/wp-json\/wp\/v2\/posts\/701\/revisions"}],"predecessor-version":[{"id":703,"href":"https:\/\/noti-america.com\/site\/venezuela\/wp-json\/wp\/v2\/posts\/701\/revisions\/703"}],"wp:featuredmedia":[{"embeddable":true,"href":"https:\/\/noti-america.com\/site\/venezuela\/wp-json\/wp\/v2\/media\/702"}],"wp:attachment":[{"href":"https:\/\/noti-america.com\/site\/venezuela\/wp-json\/wp\/v2\/media?parent=701"}],"wp:term":[{"taxonomy":"category","embeddable":true,"href":"https:\/\/noti-america.com\/site\/venezuela\/wp-json\/wp\/v2\/categories?post=701"},{"taxonomy":"post_tag","embeddable":true,"href":"https:\/\/noti-america.com\/site\/venezuela\/wp-json\/wp\/v2\/tags?post=701"}],"curies":[{"name":"wp","href":"https:\/\/api.w.org\/{rel}","templated":true}]}}