{"id":6824,"date":"2019-04-25T18:09:54","date_gmt":"2019-04-25T18:09:54","guid":{"rendered":"http:\/\/noti-america.com\/site\/venezuela\/2019\/04\/25\/gmsp-realizara-jornada-gratuita-de-salud-este-sabado\/"},"modified":"2019-04-25T23:10:07","modified_gmt":"2019-04-25T23:10:07","slug":"gmsp-realizara-jornada-gratuita-de-salud-este-sabado","status":"publish","type":"post","link":"https:\/\/noti-america.com\/site\/venezuela\/2019\/04\/25\/gmsp-realizara-jornada-gratuita-de-salud-este-sabado\/","title":{"rendered":"GMSP REALIZAR\u00c1 JORNADA GRATUITA DE SALUD ESTE S\u00c1BADO"},"content":{"rendered":"<p><strong><em>Los asistentes ser\u00e1n evaluados por especialistas en el \u00e1rea de Otorrinolaringolog\u00eda, quienes los ense\u00f1ar\u00e1n adem\u00e1s a cuidar la voz y los o\u00eddos<\/em><\/strong><\/p>\n<p><strong>Nota de Prensa<\/strong><\/p>\n<p>Con el fin de seguir brindado apoyo a la poblaci\u00f3n, el Grupo M\u00e9dico Santa Paula (GMSP) realizar\u00e1 este s\u00e1bado 27 de abril una jornada de salud gratuita para detectar lesiones en las cuerdas vocales en pacientes mayores de 15 a\u00f1os y problemas auditivos para mayores de 8 a\u00f1os.<\/p>\n<p>La actividad se llevar\u00e1 a cabo en los pisos 3 y 5 de la Torre de Consultorios del centro asistencial, ubicado en el Municipio Baruta, entre las 9:00 am y la 1:00 pm; y servir\u00e1 tambi\u00e9n para crear conciencia sobre la importancia de cuidar la voz y los o\u00eddos.<\/p>\n<p>La doctora Mar\u00eda Elizabeth De Freitas, otorrinolaring\u00f3loga, inform\u00f3 que este d\u00eda se realizar\u00e1n pesquisas de c\u00e1ncer lar\u00edngeo, p\u00f3lipos, n\u00f3dulos y otras patolog\u00edas asociadas con los malos h\u00e1bitos vocales que producen ronquera y problemas de respiraci\u00f3n.<\/p>\n<p>En la parte auditiva, un equipo t\u00e9cnico liderado por la tambi\u00e9n especialista en el \u00e1rea, Gabriela Ibedaca, har\u00e1 pruebas de audiometr\u00eda para evaluar el funcionamiento del sistema de la audici\u00f3n y, en caso de alteraciones recomendar alg\u00fan tratamiento.<\/p>\n<p>Freitas coment\u00f3 que el despistaje de lesiones lar\u00edngeas, responde tambi\u00e9n al llamado que hizo la Sociedad Venezolana de Otorrinolaringolog\u00eda (SVORL), con motivo del D\u00eda Mundial de la Voz, celebrado el pasado 16 de abril, de realizar eventos como \u00e9stos y de educaci\u00f3n de los pacientes.<\/p>\n<p>Las jornadas de salud gratuitas que desarrolla el GMSP como parte de sus pol\u00edticas sociales, han resultado ser un \u00e9xito para la cl\u00ednica. La \u00faltima, sobre despistaje de cataratas para adultos y evaluaci\u00f3n odontol\u00f3gica para ni\u00f1os, logr\u00f3 concentrar a m\u00e1s de 160 personas.<\/p>\n<p>Los interesados en participar en la de este s\u00e1bado, puede acercarse ese d\u00eda a la sede de la instituci\u00f3n o reservar su cupo llamando a los n\u00fameros (0212) 655.56.86, 0414-CLINICA (254.64.22) y 0424-CLINICA (254.64.22). Tambi\u00e9n pueden comunicarse a trav\u00e9s\u00a0 del correo: <a href=\"mailto:clinicagmsp@grupomedsp.com\">clinicagmsp@grupomedsp.com<\/a>.<\/p>\n<p>&nbsp;<\/p>\n","protected":false},"excerpt":{"rendered":"<p>Los asistentes ser\u00e1n evaluados por especialistas en el \u00e1rea de Otorrinolaringolog\u00eda, quienes los ense\u00f1ar\u00e1n adem\u00e1s a cuidar la voz y los o\u00eddos Nota de Prensa Con el fin de seguir brindado apoyo a la&#46;&#46;&#46;<\/p>\n","protected":false},"author":1,"featured_media":6825,"comment_status":"open","ping_status":"open","sticky":false,"template":"","format":"standard","meta":{"_acf_changed":false,"om_disable_all_campaigns":false,"rop_custom_images_group":[],"rop_custom_messages_group":[],"rop_publish_now":"initial","rop_publish_now_accounts":{"twitter_242054905_242054905":""},"rop_publish_now_history":[],"rop_publish_now_status":"pending","_uf_show_specific_survey":0,"_uf_disable_surveys":false,"footnotes":""},"categories":[132,13],"tags":[],"class_list":["post-6824","post","type-post","status-publish","format-standard","has-post-thumbnail","hentry","category-actualidad","category-vida-y-salud"],"acf":[],"aioseo_notices":[],"yoast_head":"<!-- This site is optimized with the Yoast SEO Premium plugin v24.9 (Yoast SEO v27.2) - https:\/\/yoast.com\/product\/yoast-seo-premium-wordpress\/ -->\n<title>GMSP REALIZAR\u00c1 JORNADA GRATUITA DE SALUD ESTE S\u00c1BADO - Venezuela | Noti-America.com<\/title>\n<meta name=\"robots\" content=\"index, follow, max-snippet:-1, max-image-preview:large, max-video-preview:-1\" \/>\n<link rel=\"canonical\" href=\"https:\/\/noti-america.com\/site\/venezuela\/2019\/04\/25\/gmsp-realizara-jornada-gratuita-de-salud-este-sabado\/\" \/>\n<meta property=\"og:locale\" content=\"es_ES\" \/>\n<meta property=\"og:type\" content=\"article\" \/>\n<meta property=\"og:title\" content=\"GMSP REALIZAR\u00c1 JORNADA GRATUITA DE SALUD ESTE S\u00c1BADO\" \/>\n<meta property=\"og:description\" content=\"Los asistentes ser\u00e1n evaluados por especialistas en el \u00e1rea de Otorrinolaringolog\u00eda, quienes los ense\u00f1ar\u00e1n adem\u00e1s a cuidar la voz y los o\u00eddos Nota de Prensa Con el fin de seguir brindado apoyo a la&#046;&#046;&#046;\" \/>\n<meta property=\"og:url\" content=\"https:\/\/noti-america.com\/site\/venezuela\/2019\/04\/25\/gmsp-realizara-jornada-gratuita-de-salud-este-sabado\/\" \/>\n<meta property=\"og:site_name\" content=\"Venezuela | Noti-America.com\" \/>\n<meta property=\"article:published_time\" content=\"2019-04-25T18:09:54+00:00\" \/>\n<meta property=\"article:modified_time\" content=\"2019-04-25T23:10:07+00:00\" \/>\n<meta property=\"og:image\" content=\"https:\/\/noti-america.com\/site\/venezuela\/wp-content\/uploads\/sites\/2\/2019\/04\/1533001077365.jpg\" \/>\n\t<meta property=\"og:image:width\" content=\"928\" \/>\n\t<meta property=\"og:image:height\" content=\"618\" \/>\n\t<meta property=\"og:image:type\" content=\"image\/jpeg\" \/>\n<meta name=\"author\" content=\"Rosmer Herrera\" \/>\n<meta name=\"twitter:card\" content=\"summary_large_image\" \/>\n<meta name=\"twitter:label1\" content=\"Escrito por\" \/>\n\t<meta name=\"twitter:data1\" content=\"Rosmer Herrera\" \/>\n\t<meta name=\"twitter:label2\" content=\"Tiempo estimado de lectura\" \/>\n\t<meta name=\"twitter:data2\" content=\"2 minutos\" \/>\n<script type=\"application\/ld+json\" class=\"yoast-schema-graph\">{\"@context\":\"https:\/\/schema.org\",\"@graph\":[{\"@type\":\"Article\",\"@id\":\"https:\/\/noti-america.com\/site\/venezuela\/2019\/04\/25\/gmsp-realizara-jornada-gratuita-de-salud-este-sabado\/#article\",\"isPartOf\":{\"@id\":\"https:\/\/noti-america.com\/site\/venezuela\/2019\/04\/25\/gmsp-realizara-jornada-gratuita-de-salud-este-sabado\/\"},\"author\":{\"name\":\"Rosmer Herrera\",\"@id\":\"https:\/\/noti-america.com\/site\/venezuela\/#\/schema\/person\/fd58dbfb92a257e9dc5761bf69a855ff\"},\"headline\":\"GMSP REALIZAR\u00c1 JORNADA GRATUITA DE SALUD ESTE S\u00c1BADO\",\"datePublished\":\"2019-04-25T18:09:54+00:00\",\"dateModified\":\"2019-04-25T23:10:07+00:00\",\"mainEntityOfPage\":{\"@id\":\"https:\/\/noti-america.com\/site\/venezuela\/2019\/04\/25\/gmsp-realizara-jornada-gratuita-de-salud-este-sabado\/\"},\"wordCount\":370,\"commentCount\":0,\"publisher\":{\"@id\":\"https:\/\/noti-america.com\/site\/venezuela\/#organization\"},\"image\":{\"@id\":\"https:\/\/noti-america.com\/site\/venezuela\/2019\/04\/25\/gmsp-realizara-jornada-gratuita-de-salud-este-sabado\/#primaryimage\"},\"thumbnailUrl\":\"https:\/\/noti-america.com\/site\/venezuela\/wp-content\/uploads\/sites\/2\/2019\/04\/1533001077365.jpg\",\"articleSection\":[\"Actualidad\",\"Vida y Salud\"],\"inLanguage\":\"es\",\"potentialAction\":[{\"@type\":\"CommentAction\",\"name\":\"Comment\",\"target\":[\"https:\/\/noti-america.com\/site\/venezuela\/2019\/04\/25\/gmsp-realizara-jornada-gratuita-de-salud-este-sabado\/#respond\"]}]},{\"@type\":\"WebPage\",\"@id\":\"https:\/\/noti-america.com\/site\/venezuela\/2019\/04\/25\/gmsp-realizara-jornada-gratuita-de-salud-este-sabado\/\",\"url\":\"https:\/\/noti-america.com\/site\/venezuela\/2019\/04\/25\/gmsp-realizara-jornada-gratuita-de-salud-este-sabado\/\",\"name\":\"GMSP REALIZAR\u00c1 JORNADA GRATUITA DE SALUD ESTE S\u00c1BADO - Venezuela | Noti-America.com\",\"isPartOf\":{\"@id\":\"https:\/\/noti-america.com\/site\/venezuela\/#website\"},\"primaryImageOfPage\":{\"@id\":\"https:\/\/noti-america.com\/site\/venezuela\/2019\/04\/25\/gmsp-realizara-jornada-gratuita-de-salud-este-sabado\/#primaryimage\"},\"image\":{\"@id\":\"https:\/\/noti-america.com\/site\/venezuela\/2019\/04\/25\/gmsp-realizara-jornada-gratuita-de-salud-este-sabado\/#primaryimage\"},\"thumbnailUrl\":\"https:\/\/noti-america.com\/site\/venezuela\/wp-content\/uploads\/sites\/2\/2019\/04\/1533001077365.jpg\",\"datePublished\":\"2019-04-25T18:09:54+00:00\",\"dateModified\":\"2019-04-25T23:10:07+00:00\",\"breadcrumb\":{\"@id\":\"https:\/\/noti-america.com\/site\/venezuela\/2019\/04\/25\/gmsp-realizara-jornada-gratuita-de-salud-este-sabado\/#breadcrumb\"},\"inLanguage\":\"es\",\"potentialAction\":[{\"@type\":\"ReadAction\",\"target\":[\"https:\/\/noti-america.com\/site\/venezuela\/2019\/04\/25\/gmsp-realizara-jornada-gratuita-de-salud-este-sabado\/\"]}]},{\"@type\":\"ImageObject\",\"inLanguage\":\"es\",\"@id\":\"https:\/\/noti-america.com\/site\/venezuela\/2019\/04\/25\/gmsp-realizara-jornada-gratuita-de-salud-este-sabado\/#primaryimage\",\"url\":\"https:\/\/noti-america.com\/site\/venezuela\/wp-content\/uploads\/sites\/2\/2019\/04\/1533001077365.jpg\",\"contentUrl\":\"https:\/\/noti-america.com\/site\/venezuela\/wp-content\/uploads\/sites\/2\/2019\/04\/1533001077365.jpg\",\"width\":928,\"height\":618},{\"@type\":\"BreadcrumbList\",\"@id\":\"https:\/\/noti-america.com\/site\/venezuela\/2019\/04\/25\/gmsp-realizara-jornada-gratuita-de-salud-este-sabado\/#breadcrumb\",\"itemListElement\":[{\"@type\":\"ListItem\",\"position\":1,\"name\":\"Portada\",\"item\":\"https:\/\/noti-america.com\/site\/venezuela\/\"},{\"@type\":\"ListItem\",\"position\":2,\"name\":\"GMSP REALIZAR\u00c1 JORNADA GRATUITA DE SALUD ESTE S\u00c1BADO\"}]},{\"@type\":\"WebSite\",\"@id\":\"https:\/\/noti-america.com\/site\/venezuela\/#website\",\"url\":\"https:\/\/noti-america.com\/site\/venezuela\/\",\"name\":\"Venezuela | Noti-America.com\",\"description\":\"\",\"publisher\":{\"@id\":\"https:\/\/noti-america.com\/site\/venezuela\/#organization\"},\"potentialAction\":[{\"@type\":\"SearchAction\",\"target\":{\"@type\":\"EntryPoint\",\"urlTemplate\":\"https:\/\/noti-america.com\/site\/venezuela\/?s={search_term_string}\"},\"query-input\":{\"@type\":\"PropertyValueSpecification\",\"valueRequired\":true,\"valueName\":\"search_term_string\"}}],\"inLanguage\":\"es\"},{\"@type\":\"Organization\",\"@id\":\"https:\/\/noti-america.com\/site\/venezuela\/#organization\",\"name\":\"Noti-America LLC | Venezuela\",\"url\":\"https:\/\/noti-america.com\/site\/venezuela\/\",\"logo\":{\"@type\":\"ImageObject\",\"inLanguage\":\"es\",\"@id\":\"https:\/\/noti-america.com\/site\/venezuela\/#\/schema\/logo\/image\/\",\"url\":\"https:\/\/noti-america.com\/site\/venezuela\/wp-content\/uploads\/sites\/2\/2020\/07\/LogoNA-4x3-1.jpg\",\"contentUrl\":\"https:\/\/noti-america.com\/site\/venezuela\/wp-content\/uploads\/sites\/2\/2020\/07\/LogoNA-4x3-1.jpg\",\"width\":1236,\"height\":1080,\"caption\":\"Noti-America LLC | Venezuela\"},\"image\":{\"@id\":\"https:\/\/noti-america.com\/site\/venezuela\/#\/schema\/logo\/image\/\"}},{\"@type\":\"Person\",\"@id\":\"https:\/\/noti-america.com\/site\/venezuela\/#\/schema\/person\/fd58dbfb92a257e9dc5761bf69a855ff\",\"name\":\"Rosmer Herrera\",\"image\":{\"@type\":\"ImageObject\",\"inLanguage\":\"es\",\"@id\":\"https:\/\/secure.gravatar.com\/avatar\/153e75c261394dbf20ff1a1e70ea2be9494f2b40b7fc4e7704084db13220ae08?s=96&d=mm&r=g\",\"url\":\"https:\/\/secure.gravatar.com\/avatar\/153e75c261394dbf20ff1a1e70ea2be9494f2b40b7fc4e7704084db13220ae08?s=96&d=mm&r=g\",\"contentUrl\":\"https:\/\/secure.gravatar.com\/avatar\/153e75c261394dbf20ff1a1e70ea2be9494f2b40b7fc4e7704084db13220ae08?s=96&d=mm&r=g\",\"caption\":\"Rosmer Herrera\"},\"url\":\"https:\/\/noti-america.com\/site\/venezuela\/author\/rosmer33\/\"}]}<\/script>\n<!-- \/ Yoast SEO Premium plugin. -->","yoast_head_json":{"title":"GMSP REALIZAR\u00c1 JORNADA GRATUITA DE SALUD ESTE S\u00c1BADO - Venezuela | Noti-America.com","robots":{"index":"index","follow":"follow","max-snippet":"max-snippet:-1","max-image-preview":"max-image-preview:large","max-video-preview":"max-video-preview:-1"},"canonical":"https:\/\/noti-america.com\/site\/venezuela\/2019\/04\/25\/gmsp-realizara-jornada-gratuita-de-salud-este-sabado\/","og_locale":"es_ES","og_type":"article","og_title":"GMSP REALIZAR\u00c1 JORNADA GRATUITA DE SALUD ESTE S\u00c1BADO","og_description":"Los asistentes ser\u00e1n evaluados por especialistas en el \u00e1rea de Otorrinolaringolog\u00eda, quienes los ense\u00f1ar\u00e1n adem\u00e1s a cuidar la voz y los o\u00eddos Nota de Prensa Con el fin de seguir brindado apoyo a la&#46;&#46;&#46;","og_url":"https:\/\/noti-america.com\/site\/venezuela\/2019\/04\/25\/gmsp-realizara-jornada-gratuita-de-salud-este-sabado\/","og_site_name":"Venezuela | Noti-America.com","article_published_time":"2019-04-25T18:09:54+00:00","article_modified_time":"2019-04-25T23:10:07+00:00","og_image":[{"width":928,"height":618,"url":"https:\/\/noti-america.com\/site\/venezuela\/wp-content\/uploads\/sites\/2\/2019\/04\/1533001077365.jpg","type":"image\/jpeg"}],"author":"Rosmer Herrera","twitter_card":"summary_large_image","twitter_misc":{"Escrito por":"Rosmer Herrera","Tiempo estimado de lectura":"2 minutos"},"schema":{"@context":"https:\/\/schema.org","@graph":[{"@type":"Article","@id":"https:\/\/noti-america.com\/site\/venezuela\/2019\/04\/25\/gmsp-realizara-jornada-gratuita-de-salud-este-sabado\/#article","isPartOf":{"@id":"https:\/\/noti-america.com\/site\/venezuela\/2019\/04\/25\/gmsp-realizara-jornada-gratuita-de-salud-este-sabado\/"},"author":{"name":"Rosmer Herrera","@id":"https:\/\/noti-america.com\/site\/venezuela\/#\/schema\/person\/fd58dbfb92a257e9dc5761bf69a855ff"},"headline":"GMSP REALIZAR\u00c1 JORNADA GRATUITA DE SALUD ESTE S\u00c1BADO","datePublished":"2019-04-25T18:09:54+00:00","dateModified":"2019-04-25T23:10:07+00:00","mainEntityOfPage":{"@id":"https:\/\/noti-america.com\/site\/venezuela\/2019\/04\/25\/gmsp-realizara-jornada-gratuita-de-salud-este-sabado\/"},"wordCount":370,"commentCount":0,"publisher":{"@id":"https:\/\/noti-america.com\/site\/venezuela\/#organization"},"image":{"@id":"https:\/\/noti-america.com\/site\/venezuela\/2019\/04\/25\/gmsp-realizara-jornada-gratuita-de-salud-este-sabado\/#primaryimage"},"thumbnailUrl":"https:\/\/noti-america.com\/site\/venezuela\/wp-content\/uploads\/sites\/2\/2019\/04\/1533001077365.jpg","articleSection":["Actualidad","Vida y Salud"],"inLanguage":"es","potentialAction":[{"@type":"CommentAction","name":"Comment","target":["https:\/\/noti-america.com\/site\/venezuela\/2019\/04\/25\/gmsp-realizara-jornada-gratuita-de-salud-este-sabado\/#respond"]}]},{"@type":"WebPage","@id":"https:\/\/noti-america.com\/site\/venezuela\/2019\/04\/25\/gmsp-realizara-jornada-gratuita-de-salud-este-sabado\/","url":"https:\/\/noti-america.com\/site\/venezuela\/2019\/04\/25\/gmsp-realizara-jornada-gratuita-de-salud-este-sabado\/","name":"GMSP REALIZAR\u00c1 JORNADA GRATUITA DE SALUD ESTE S\u00c1BADO - Venezuela | Noti-America.com","isPartOf":{"@id":"https:\/\/noti-america.com\/site\/venezuela\/#website"},"primaryImageOfPage":{"@id":"https:\/\/noti-america.com\/site\/venezuela\/2019\/04\/25\/gmsp-realizara-jornada-gratuita-de-salud-este-sabado\/#primaryimage"},"image":{"@id":"https:\/\/noti-america.com\/site\/venezuela\/2019\/04\/25\/gmsp-realizara-jornada-gratuita-de-salud-este-sabado\/#primaryimage"},"thumbnailUrl":"https:\/\/noti-america.com\/site\/venezuela\/wp-content\/uploads\/sites\/2\/2019\/04\/1533001077365.jpg","datePublished":"2019-04-25T18:09:54+00:00","dateModified":"2019-04-25T23:10:07+00:00","breadcrumb":{"@id":"https:\/\/noti-america.com\/site\/venezuela\/2019\/04\/25\/gmsp-realizara-jornada-gratuita-de-salud-este-sabado\/#breadcrumb"},"inLanguage":"es","potentialAction":[{"@type":"ReadAction","target":["https:\/\/noti-america.com\/site\/venezuela\/2019\/04\/25\/gmsp-realizara-jornada-gratuita-de-salud-este-sabado\/"]}]},{"@type":"ImageObject","inLanguage":"es","@id":"https:\/\/noti-america.com\/site\/venezuela\/2019\/04\/25\/gmsp-realizara-jornada-gratuita-de-salud-este-sabado\/#primaryimage","url":"https:\/\/noti-america.com\/site\/venezuela\/wp-content\/uploads\/sites\/2\/2019\/04\/1533001077365.jpg","contentUrl":"https:\/\/noti-america.com\/site\/venezuela\/wp-content\/uploads\/sites\/2\/2019\/04\/1533001077365.jpg","width":928,"height":618},{"@type":"BreadcrumbList","@id":"https:\/\/noti-america.com\/site\/venezuela\/2019\/04\/25\/gmsp-realizara-jornada-gratuita-de-salud-este-sabado\/#breadcrumb","itemListElement":[{"@type":"ListItem","position":1,"name":"Portada","item":"https:\/\/noti-america.com\/site\/venezuela\/"},{"@type":"ListItem","position":2,"name":"GMSP REALIZAR\u00c1 JORNADA GRATUITA DE SALUD ESTE S\u00c1BADO"}]},{"@type":"WebSite","@id":"https:\/\/noti-america.com\/site\/venezuela\/#website","url":"https:\/\/noti-america.com\/site\/venezuela\/","name":"Venezuela | Noti-America.com","description":"","publisher":{"@id":"https:\/\/noti-america.com\/site\/venezuela\/#organization"},"potentialAction":[{"@type":"SearchAction","target":{"@type":"EntryPoint","urlTemplate":"https:\/\/noti-america.com\/site\/venezuela\/?s={search_term_string}"},"query-input":{"@type":"PropertyValueSpecification","valueRequired":true,"valueName":"search_term_string"}}],"inLanguage":"es"},{"@type":"Organization","@id":"https:\/\/noti-america.com\/site\/venezuela\/#organization","name":"Noti-America LLC | Venezuela","url":"https:\/\/noti-america.com\/site\/venezuela\/","logo":{"@type":"ImageObject","inLanguage":"es","@id":"https:\/\/noti-america.com\/site\/venezuela\/#\/schema\/logo\/image\/","url":"https:\/\/noti-america.com\/site\/venezuela\/wp-content\/uploads\/sites\/2\/2020\/07\/LogoNA-4x3-1.jpg","contentUrl":"https:\/\/noti-america.com\/site\/venezuela\/wp-content\/uploads\/sites\/2\/2020\/07\/LogoNA-4x3-1.jpg","width":1236,"height":1080,"caption":"Noti-America LLC | Venezuela"},"image":{"@id":"https:\/\/noti-america.com\/site\/venezuela\/#\/schema\/logo\/image\/"}},{"@type":"Person","@id":"https:\/\/noti-america.com\/site\/venezuela\/#\/schema\/person\/fd58dbfb92a257e9dc5761bf69a855ff","name":"Rosmer Herrera","image":{"@type":"ImageObject","inLanguage":"es","@id":"https:\/\/secure.gravatar.com\/avatar\/153e75c261394dbf20ff1a1e70ea2be9494f2b40b7fc4e7704084db13220ae08?s=96&d=mm&r=g","url":"https:\/\/secure.gravatar.com\/avatar\/153e75c261394dbf20ff1a1e70ea2be9494f2b40b7fc4e7704084db13220ae08?s=96&d=mm&r=g","contentUrl":"https:\/\/secure.gravatar.com\/avatar\/153e75c261394dbf20ff1a1e70ea2be9494f2b40b7fc4e7704084db13220ae08?s=96&d=mm&r=g","caption":"Rosmer Herrera"},"url":"https:\/\/noti-america.com\/site\/venezuela\/author\/rosmer33\/"}]}},"_links":{"self":[{"href":"https:\/\/noti-america.com\/site\/venezuela\/wp-json\/wp\/v2\/posts\/6824","targetHints":{"allow":["GET"]}}],"collection":[{"href":"https:\/\/noti-america.com\/site\/venezuela\/wp-json\/wp\/v2\/posts"}],"about":[{"href":"https:\/\/noti-america.com\/site\/venezuela\/wp-json\/wp\/v2\/types\/post"}],"author":[{"embeddable":true,"href":"https:\/\/noti-america.com\/site\/venezuela\/wp-json\/wp\/v2\/users\/1"}],"replies":[{"embeddable":true,"href":"https:\/\/noti-america.com\/site\/venezuela\/wp-json\/wp\/v2\/comments?post=6824"}],"version-history":[{"count":1,"href":"https:\/\/noti-america.com\/site\/venezuela\/wp-json\/wp\/v2\/posts\/6824\/revisions"}],"predecessor-version":[{"id":6826,"href":"https:\/\/noti-america.com\/site\/venezuela\/wp-json\/wp\/v2\/posts\/6824\/revisions\/6826"}],"wp:featuredmedia":[{"embeddable":true,"href":"https:\/\/noti-america.com\/site\/venezuela\/wp-json\/wp\/v2\/media\/6825"}],"wp:attachment":[{"href":"https:\/\/noti-america.com\/site\/venezuela\/wp-json\/wp\/v2\/media?parent=6824"}],"wp:term":[{"taxonomy":"category","embeddable":true,"href":"https:\/\/noti-america.com\/site\/venezuela\/wp-json\/wp\/v2\/categories?post=6824"},{"taxonomy":"post_tag","embeddable":true,"href":"https:\/\/noti-america.com\/site\/venezuela\/wp-json\/wp\/v2\/tags?post=6824"}],"curies":[{"name":"wp","href":"https:\/\/api.w.org\/{rel}","templated":true}]}}