{"id":6738,"date":"2019-04-22T05:21:54","date_gmt":"2019-04-22T05:21:54","guid":{"rendered":"http:\/\/noti-america.com\/site\/venezuela\/?p=6738"},"modified":"2019-04-22T05:21:54","modified_gmt":"2019-04-22T05:21:54","slug":"karateca-venezolano-antonio-diaz-es-parte-del-guinness-world-records","status":"publish","type":"post","link":"https:\/\/noti-america.com\/site\/venezuela\/2019\/04\/22\/karateca-venezolano-antonio-diaz-es-parte-del-guinness-world-records\/","title":{"rendered":"Karateca venezolano, Antonio D\u00edaz, es parte del Guinness World Records"},"content":{"rendered":"<p><img decoding=\"async\" class=\"aligncenter\" src=\"https:\/\/cdn.elimpulso.com\/media\/2019\/04\/antonio-diaz-696x467.jpg\" \/><\/p>\n<p>De acuerdo a reportes del IMPULSO: \u00abEl karateka venezolano, Antonio D\u00edaz, fue nombrado por el Guinnes World Records, como el \u201cprimer karateka masculino\u201d por ser quien tiene m\u00e1s medallas individuales en la historia del Campeonato Mundial de Karate.<\/p>\n<p>A trav\u00e9s de su cuenta oficial de Twitter e Instagram, D\u00edaz hizo publica esta nueva haza\u00f1a personal alcanzada, y asegur\u00f3 que ahora se traza como objetivo las pr\u00f3ximas Olimpiadas Tokyo 2020, ya que esta disciplina fue incluida como deporte ol\u00edmpico\u00bb.<\/p>\n<blockquote><p>\u201c<strong>Iba de salida cuando se me atraves\u00f3 un nuevo objetivo: hacer por primera vez\u00a0un camino hacia las Juegos Ol\u00edmpicos<\/strong>\u201d, coment\u00f3 el atleta venezolano.<\/p><\/blockquote>\n<p style=\"text-align: justify\">Asegur\u00f3 que Tokuo 2020 ser\u00e1 disfrutar estar en los tatamis, ya que no volver\u00e1 a pisar como competidor.<\/p>\n","protected":false},"excerpt":{"rendered":"<p>De acuerdo a reportes del IMPULSO: \u00abEl karateka venezolano, Antonio D\u00edaz, fue nombrado por el Guinnes World Records, como el \u201cprimer karateka masculino\u201d por ser quien tiene m\u00e1s medallas individuales en la historia del&#46;&#46;&#46;<\/p>\n","protected":false},"author":4,"featured_media":6739,"comment_status":"open","ping_status":"open","sticky":false,"template":"","format":"standard","meta":{"_acf_changed":false,"om_disable_all_campaigns":false,"rop_custom_images_group":[],"rop_custom_messages_group":[],"rop_publish_now":"initial","rop_publish_now_accounts":{"twitter_242054905_242054905":""},"rop_publish_now_history":[],"rop_publish_now_status":"pending","_uf_show_specific_survey":0,"_uf_disable_surveys":false,"footnotes":""},"categories":[16,156],"tags":[],"class_list":["post-6738","post","type-post","status-publish","format-standard","has-post-thumbnail","hentry","category-deportes","category-venezuela"],"acf":[],"aioseo_notices":[],"yoast_head":"<!-- This site is optimized with the Yoast SEO Premium plugin v24.9 (Yoast SEO v27.2) - https:\/\/yoast.com\/product\/yoast-seo-premium-wordpress\/ -->\n<title>Karateca venezolano, Antonio D\u00edaz, es parte del Guinness World Records - Venezuela | Noti-America.com<\/title>\n<meta name=\"robots\" content=\"index, follow, max-snippet:-1, max-image-preview:large, max-video-preview:-1\" \/>\n<link rel=\"canonical\" href=\"https:\/\/noti-america.com\/site\/venezuela\/2019\/04\/22\/karateca-venezolano-antonio-diaz-es-parte-del-guinness-world-records\/\" \/>\n<meta property=\"og:locale\" content=\"es_ES\" \/>\n<meta property=\"og:type\" content=\"article\" \/>\n<meta property=\"og:title\" content=\"Karateca venezolano, Antonio D\u00edaz, es parte del Guinness World Records\" \/>\n<meta property=\"og:description\" content=\"De acuerdo a reportes del IMPULSO: \u00abEl karateka venezolano, Antonio D\u00edaz, fue nombrado por el Guinnes World Records, como el \u201cprimer karateka masculino\u201d por ser quien tiene m\u00e1s medallas individuales en la historia del&#046;&#046;&#046;\" \/>\n<meta property=\"og:url\" content=\"https:\/\/noti-america.com\/site\/venezuela\/2019\/04\/22\/karateca-venezolano-antonio-diaz-es-parte-del-guinness-world-records\/\" \/>\n<meta property=\"og:site_name\" content=\"Venezuela | Noti-America.com\" \/>\n<meta property=\"article:author\" content=\"https:\/\/www.facebook.com\/AndresSalazarTV\/\" \/>\n<meta property=\"article:published_time\" content=\"2019-04-22T05:21:54+00:00\" \/>\n<meta property=\"og:image\" content=\"https:\/\/noti-america.com\/site\/venezuela\/wp-content\/uploads\/sites\/2\/2019\/04\/antonio-diaz-696x467.jpg\" \/>\n\t<meta property=\"og:image:width\" content=\"696\" \/>\n\t<meta property=\"og:image:height\" content=\"467\" \/>\n\t<meta property=\"og:image:type\" content=\"image\/jpeg\" \/>\n<meta name=\"author\" content=\"Andr\u00e9s Salazar TV\" \/>\n<meta name=\"twitter:card\" content=\"summary_large_image\" \/>\n<meta name=\"twitter:label1\" content=\"Escrito por\" \/>\n\t<meta name=\"twitter:data1\" content=\"Andr\u00e9s Salazar TV\" \/>\n\t<meta name=\"twitter:label2\" content=\"Tiempo estimado de lectura\" \/>\n\t<meta name=\"twitter:data2\" content=\"1 minuto\" \/>\n<script type=\"application\/ld+json\" class=\"yoast-schema-graph\">{\"@context\":\"https:\/\/schema.org\",\"@graph\":[{\"@type\":\"Article\",\"@id\":\"https:\/\/noti-america.com\/site\/venezuela\/2019\/04\/22\/karateca-venezolano-antonio-diaz-es-parte-del-guinness-world-records\/#article\",\"isPartOf\":{\"@id\":\"https:\/\/noti-america.com\/site\/venezuela\/2019\/04\/22\/karateca-venezolano-antonio-diaz-es-parte-del-guinness-world-records\/\"},\"author\":{\"name\":\"Andr\u00e9s Salazar TV\",\"@id\":\"https:\/\/noti-america.com\/site\/venezuela\/#\/schema\/person\/5536bbfd0e2b9220dabb68be6a79e6a2\"},\"headline\":\"Karateca venezolano, Antonio D\u00edaz, es parte del Guinness World Records\",\"datePublished\":\"2019-04-22T05:21:54+00:00\",\"mainEntityOfPage\":{\"@id\":\"https:\/\/noti-america.com\/site\/venezuela\/2019\/04\/22\/karateca-venezolano-antonio-diaz-es-parte-del-guinness-world-records\/\"},\"wordCount\":137,\"commentCount\":0,\"publisher\":{\"@id\":\"https:\/\/noti-america.com\/site\/venezuela\/#organization\"},\"image\":{\"@id\":\"https:\/\/noti-america.com\/site\/venezuela\/2019\/04\/22\/karateca-venezolano-antonio-diaz-es-parte-del-guinness-world-records\/#primaryimage\"},\"thumbnailUrl\":\"https:\/\/noti-america.com\/site\/venezuela\/wp-content\/uploads\/sites\/2\/2019\/04\/antonio-diaz-696x467.jpg\",\"articleSection\":[\"Deportes\",\"Venezuela\"],\"inLanguage\":\"es\",\"potentialAction\":[{\"@type\":\"CommentAction\",\"name\":\"Comment\",\"target\":[\"https:\/\/noti-america.com\/site\/venezuela\/2019\/04\/22\/karateca-venezolano-antonio-diaz-es-parte-del-guinness-world-records\/#respond\"]}]},{\"@type\":\"WebPage\",\"@id\":\"https:\/\/noti-america.com\/site\/venezuela\/2019\/04\/22\/karateca-venezolano-antonio-diaz-es-parte-del-guinness-world-records\/\",\"url\":\"https:\/\/noti-america.com\/site\/venezuela\/2019\/04\/22\/karateca-venezolano-antonio-diaz-es-parte-del-guinness-world-records\/\",\"name\":\"Karateca venezolano, Antonio D\u00edaz, es parte del Guinness World Records - Venezuela | Noti-America.com\",\"isPartOf\":{\"@id\":\"https:\/\/noti-america.com\/site\/venezuela\/#website\"},\"primaryImageOfPage\":{\"@id\":\"https:\/\/noti-america.com\/site\/venezuela\/2019\/04\/22\/karateca-venezolano-antonio-diaz-es-parte-del-guinness-world-records\/#primaryimage\"},\"image\":{\"@id\":\"https:\/\/noti-america.com\/site\/venezuela\/2019\/04\/22\/karateca-venezolano-antonio-diaz-es-parte-del-guinness-world-records\/#primaryimage\"},\"thumbnailUrl\":\"https:\/\/noti-america.com\/site\/venezuela\/wp-content\/uploads\/sites\/2\/2019\/04\/antonio-diaz-696x467.jpg\",\"datePublished\":\"2019-04-22T05:21:54+00:00\",\"breadcrumb\":{\"@id\":\"https:\/\/noti-america.com\/site\/venezuela\/2019\/04\/22\/karateca-venezolano-antonio-diaz-es-parte-del-guinness-world-records\/#breadcrumb\"},\"inLanguage\":\"es\",\"potentialAction\":[{\"@type\":\"ReadAction\",\"target\":[\"https:\/\/noti-america.com\/site\/venezuela\/2019\/04\/22\/karateca-venezolano-antonio-diaz-es-parte-del-guinness-world-records\/\"]}]},{\"@type\":\"ImageObject\",\"inLanguage\":\"es\",\"@id\":\"https:\/\/noti-america.com\/site\/venezuela\/2019\/04\/22\/karateca-venezolano-antonio-diaz-es-parte-del-guinness-world-records\/#primaryimage\",\"url\":\"https:\/\/noti-america.com\/site\/venezuela\/wp-content\/uploads\/sites\/2\/2019\/04\/antonio-diaz-696x467.jpg\",\"contentUrl\":\"https:\/\/noti-america.com\/site\/venezuela\/wp-content\/uploads\/sites\/2\/2019\/04\/antonio-diaz-696x467.jpg\",\"width\":696,\"height\":467},{\"@type\":\"BreadcrumbList\",\"@id\":\"https:\/\/noti-america.com\/site\/venezuela\/2019\/04\/22\/karateca-venezolano-antonio-diaz-es-parte-del-guinness-world-records\/#breadcrumb\",\"itemListElement\":[{\"@type\":\"ListItem\",\"position\":1,\"name\":\"Portada\",\"item\":\"https:\/\/noti-america.com\/site\/venezuela\/\"},{\"@type\":\"ListItem\",\"position\":2,\"name\":\"Karateca venezolano, Antonio D\u00edaz, es parte del Guinness World Records\"}]},{\"@type\":\"WebSite\",\"@id\":\"https:\/\/noti-america.com\/site\/venezuela\/#website\",\"url\":\"https:\/\/noti-america.com\/site\/venezuela\/\",\"name\":\"Venezuela | Noti-America.com\",\"description\":\"\",\"publisher\":{\"@id\":\"https:\/\/noti-america.com\/site\/venezuela\/#organization\"},\"potentialAction\":[{\"@type\":\"SearchAction\",\"target\":{\"@type\":\"EntryPoint\",\"urlTemplate\":\"https:\/\/noti-america.com\/site\/venezuela\/?s={search_term_string}\"},\"query-input\":{\"@type\":\"PropertyValueSpecification\",\"valueRequired\":true,\"valueName\":\"search_term_string\"}}],\"inLanguage\":\"es\"},{\"@type\":\"Organization\",\"@id\":\"https:\/\/noti-america.com\/site\/venezuela\/#organization\",\"name\":\"Noti-America LLC | Venezuela\",\"url\":\"https:\/\/noti-america.com\/site\/venezuela\/\",\"logo\":{\"@type\":\"ImageObject\",\"inLanguage\":\"es\",\"@id\":\"https:\/\/noti-america.com\/site\/venezuela\/#\/schema\/logo\/image\/\",\"url\":\"https:\/\/noti-america.com\/site\/venezuela\/wp-content\/uploads\/sites\/2\/2020\/07\/LogoNA-4x3-1.jpg\",\"contentUrl\":\"https:\/\/noti-america.com\/site\/venezuela\/wp-content\/uploads\/sites\/2\/2020\/07\/LogoNA-4x3-1.jpg\",\"width\":1236,\"height\":1080,\"caption\":\"Noti-America LLC | Venezuela\"},\"image\":{\"@id\":\"https:\/\/noti-america.com\/site\/venezuela\/#\/schema\/logo\/image\/\"}},{\"@type\":\"Person\",\"@id\":\"https:\/\/noti-america.com\/site\/venezuela\/#\/schema\/person\/5536bbfd0e2b9220dabb68be6a79e6a2\",\"name\":\"Andr\u00e9s Salazar TV\",\"image\":{\"@type\":\"ImageObject\",\"inLanguage\":\"es\",\"@id\":\"https:\/\/secure.gravatar.com\/avatar\/afe6826ba750395b641021d9bf08e5496b9d29671cfabb16346350901fb94310?s=96&d=mm&r=g\",\"url\":\"https:\/\/secure.gravatar.com\/avatar\/afe6826ba750395b641021d9bf08e5496b9d29671cfabb16346350901fb94310?s=96&d=mm&r=g\",\"contentUrl\":\"https:\/\/secure.gravatar.com\/avatar\/afe6826ba750395b641021d9bf08e5496b9d29671cfabb16346350901fb94310?s=96&d=mm&r=g\",\"caption\":\"Andr\u00e9s Salazar TV\"},\"description\":\"Andr\u00e9s Salazar. Corresponsal de Noti-Am\u00e9rica en Venezuela. Periodista con m\u00e1s de 14 a\u00f1os de trayectoria en la cobertura de hechos informativos. Amplia experiencia en la narrativa de eventos deportivos, musicales y sucesos de \u00faltima hora.\",\"sameAs\":[\"https:\/\/www.facebook.com\/AndresSalazarTV\/\",\"https:\/\/youtube.com\/@andressalazartv?si=fYrt2l__ee2OK_Fh\"],\"url\":\"https:\/\/noti-america.com\/site\/venezuela\/author\/asalazar\/\"}]}<\/script>\n<!-- \/ Yoast SEO Premium plugin. -->","yoast_head_json":{"title":"Karateca venezolano, Antonio D\u00edaz, es parte del Guinness World Records - Venezuela | Noti-America.com","robots":{"index":"index","follow":"follow","max-snippet":"max-snippet:-1","max-image-preview":"max-image-preview:large","max-video-preview":"max-video-preview:-1"},"canonical":"https:\/\/noti-america.com\/site\/venezuela\/2019\/04\/22\/karateca-venezolano-antonio-diaz-es-parte-del-guinness-world-records\/","og_locale":"es_ES","og_type":"article","og_title":"Karateca venezolano, Antonio D\u00edaz, es parte del Guinness World Records","og_description":"De acuerdo a reportes del IMPULSO: \u00abEl karateka venezolano, Antonio D\u00edaz, fue nombrado por el Guinnes World Records, como el \u201cprimer karateka masculino\u201d por ser quien tiene m\u00e1s medallas individuales en la historia del&#46;&#46;&#46;","og_url":"https:\/\/noti-america.com\/site\/venezuela\/2019\/04\/22\/karateca-venezolano-antonio-diaz-es-parte-del-guinness-world-records\/","og_site_name":"Venezuela | Noti-America.com","article_author":"https:\/\/www.facebook.com\/AndresSalazarTV\/","article_published_time":"2019-04-22T05:21:54+00:00","og_image":[{"width":696,"height":467,"url":"https:\/\/noti-america.com\/site\/venezuela\/wp-content\/uploads\/sites\/2\/2019\/04\/antonio-diaz-696x467.jpg","type":"image\/jpeg"}],"author":"Andr\u00e9s Salazar TV","twitter_card":"summary_large_image","twitter_misc":{"Escrito por":"Andr\u00e9s Salazar TV","Tiempo estimado de lectura":"1 minuto"},"schema":{"@context":"https:\/\/schema.org","@graph":[{"@type":"Article","@id":"https:\/\/noti-america.com\/site\/venezuela\/2019\/04\/22\/karateca-venezolano-antonio-diaz-es-parte-del-guinness-world-records\/#article","isPartOf":{"@id":"https:\/\/noti-america.com\/site\/venezuela\/2019\/04\/22\/karateca-venezolano-antonio-diaz-es-parte-del-guinness-world-records\/"},"author":{"name":"Andr\u00e9s Salazar TV","@id":"https:\/\/noti-america.com\/site\/venezuela\/#\/schema\/person\/5536bbfd0e2b9220dabb68be6a79e6a2"},"headline":"Karateca venezolano, Antonio D\u00edaz, es parte del Guinness World Records","datePublished":"2019-04-22T05:21:54+00:00","mainEntityOfPage":{"@id":"https:\/\/noti-america.com\/site\/venezuela\/2019\/04\/22\/karateca-venezolano-antonio-diaz-es-parte-del-guinness-world-records\/"},"wordCount":137,"commentCount":0,"publisher":{"@id":"https:\/\/noti-america.com\/site\/venezuela\/#organization"},"image":{"@id":"https:\/\/noti-america.com\/site\/venezuela\/2019\/04\/22\/karateca-venezolano-antonio-diaz-es-parte-del-guinness-world-records\/#primaryimage"},"thumbnailUrl":"https:\/\/noti-america.com\/site\/venezuela\/wp-content\/uploads\/sites\/2\/2019\/04\/antonio-diaz-696x467.jpg","articleSection":["Deportes","Venezuela"],"inLanguage":"es","potentialAction":[{"@type":"CommentAction","name":"Comment","target":["https:\/\/noti-america.com\/site\/venezuela\/2019\/04\/22\/karateca-venezolano-antonio-diaz-es-parte-del-guinness-world-records\/#respond"]}]},{"@type":"WebPage","@id":"https:\/\/noti-america.com\/site\/venezuela\/2019\/04\/22\/karateca-venezolano-antonio-diaz-es-parte-del-guinness-world-records\/","url":"https:\/\/noti-america.com\/site\/venezuela\/2019\/04\/22\/karateca-venezolano-antonio-diaz-es-parte-del-guinness-world-records\/","name":"Karateca venezolano, Antonio D\u00edaz, es parte del Guinness World Records - Venezuela | Noti-America.com","isPartOf":{"@id":"https:\/\/noti-america.com\/site\/venezuela\/#website"},"primaryImageOfPage":{"@id":"https:\/\/noti-america.com\/site\/venezuela\/2019\/04\/22\/karateca-venezolano-antonio-diaz-es-parte-del-guinness-world-records\/#primaryimage"},"image":{"@id":"https:\/\/noti-america.com\/site\/venezuela\/2019\/04\/22\/karateca-venezolano-antonio-diaz-es-parte-del-guinness-world-records\/#primaryimage"},"thumbnailUrl":"https:\/\/noti-america.com\/site\/venezuela\/wp-content\/uploads\/sites\/2\/2019\/04\/antonio-diaz-696x467.jpg","datePublished":"2019-04-22T05:21:54+00:00","breadcrumb":{"@id":"https:\/\/noti-america.com\/site\/venezuela\/2019\/04\/22\/karateca-venezolano-antonio-diaz-es-parte-del-guinness-world-records\/#breadcrumb"},"inLanguage":"es","potentialAction":[{"@type":"ReadAction","target":["https:\/\/noti-america.com\/site\/venezuela\/2019\/04\/22\/karateca-venezolano-antonio-diaz-es-parte-del-guinness-world-records\/"]}]},{"@type":"ImageObject","inLanguage":"es","@id":"https:\/\/noti-america.com\/site\/venezuela\/2019\/04\/22\/karateca-venezolano-antonio-diaz-es-parte-del-guinness-world-records\/#primaryimage","url":"https:\/\/noti-america.com\/site\/venezuela\/wp-content\/uploads\/sites\/2\/2019\/04\/antonio-diaz-696x467.jpg","contentUrl":"https:\/\/noti-america.com\/site\/venezuela\/wp-content\/uploads\/sites\/2\/2019\/04\/antonio-diaz-696x467.jpg","width":696,"height":467},{"@type":"BreadcrumbList","@id":"https:\/\/noti-america.com\/site\/venezuela\/2019\/04\/22\/karateca-venezolano-antonio-diaz-es-parte-del-guinness-world-records\/#breadcrumb","itemListElement":[{"@type":"ListItem","position":1,"name":"Portada","item":"https:\/\/noti-america.com\/site\/venezuela\/"},{"@type":"ListItem","position":2,"name":"Karateca venezolano, Antonio D\u00edaz, es parte del Guinness World Records"}]},{"@type":"WebSite","@id":"https:\/\/noti-america.com\/site\/venezuela\/#website","url":"https:\/\/noti-america.com\/site\/venezuela\/","name":"Venezuela | Noti-America.com","description":"","publisher":{"@id":"https:\/\/noti-america.com\/site\/venezuela\/#organization"},"potentialAction":[{"@type":"SearchAction","target":{"@type":"EntryPoint","urlTemplate":"https:\/\/noti-america.com\/site\/venezuela\/?s={search_term_string}"},"query-input":{"@type":"PropertyValueSpecification","valueRequired":true,"valueName":"search_term_string"}}],"inLanguage":"es"},{"@type":"Organization","@id":"https:\/\/noti-america.com\/site\/venezuela\/#organization","name":"Noti-America LLC | Venezuela","url":"https:\/\/noti-america.com\/site\/venezuela\/","logo":{"@type":"ImageObject","inLanguage":"es","@id":"https:\/\/noti-america.com\/site\/venezuela\/#\/schema\/logo\/image\/","url":"https:\/\/noti-america.com\/site\/venezuela\/wp-content\/uploads\/sites\/2\/2020\/07\/LogoNA-4x3-1.jpg","contentUrl":"https:\/\/noti-america.com\/site\/venezuela\/wp-content\/uploads\/sites\/2\/2020\/07\/LogoNA-4x3-1.jpg","width":1236,"height":1080,"caption":"Noti-America LLC | Venezuela"},"image":{"@id":"https:\/\/noti-america.com\/site\/venezuela\/#\/schema\/logo\/image\/"}},{"@type":"Person","@id":"https:\/\/noti-america.com\/site\/venezuela\/#\/schema\/person\/5536bbfd0e2b9220dabb68be6a79e6a2","name":"Andr\u00e9s Salazar TV","image":{"@type":"ImageObject","inLanguage":"es","@id":"https:\/\/secure.gravatar.com\/avatar\/afe6826ba750395b641021d9bf08e5496b9d29671cfabb16346350901fb94310?s=96&d=mm&r=g","url":"https:\/\/secure.gravatar.com\/avatar\/afe6826ba750395b641021d9bf08e5496b9d29671cfabb16346350901fb94310?s=96&d=mm&r=g","contentUrl":"https:\/\/secure.gravatar.com\/avatar\/afe6826ba750395b641021d9bf08e5496b9d29671cfabb16346350901fb94310?s=96&d=mm&r=g","caption":"Andr\u00e9s Salazar TV"},"description":"Andr\u00e9s Salazar. Corresponsal de Noti-Am\u00e9rica en Venezuela. Periodista con m\u00e1s de 14 a\u00f1os de trayectoria en la cobertura de hechos informativos. Amplia experiencia en la narrativa de eventos deportivos, musicales y sucesos de \u00faltima hora.","sameAs":["https:\/\/www.facebook.com\/AndresSalazarTV\/","https:\/\/youtube.com\/@andressalazartv?si=fYrt2l__ee2OK_Fh"],"url":"https:\/\/noti-america.com\/site\/venezuela\/author\/asalazar\/"}]}},"_links":{"self":[{"href":"https:\/\/noti-america.com\/site\/venezuela\/wp-json\/wp\/v2\/posts\/6738","targetHints":{"allow":["GET"]}}],"collection":[{"href":"https:\/\/noti-america.com\/site\/venezuela\/wp-json\/wp\/v2\/posts"}],"about":[{"href":"https:\/\/noti-america.com\/site\/venezuela\/wp-json\/wp\/v2\/types\/post"}],"author":[{"embeddable":true,"href":"https:\/\/noti-america.com\/site\/venezuela\/wp-json\/wp\/v2\/users\/4"}],"replies":[{"embeddable":true,"href":"https:\/\/noti-america.com\/site\/venezuela\/wp-json\/wp\/v2\/comments?post=6738"}],"version-history":[{"count":1,"href":"https:\/\/noti-america.com\/site\/venezuela\/wp-json\/wp\/v2\/posts\/6738\/revisions"}],"predecessor-version":[{"id":6740,"href":"https:\/\/noti-america.com\/site\/venezuela\/wp-json\/wp\/v2\/posts\/6738\/revisions\/6740"}],"wp:featuredmedia":[{"embeddable":true,"href":"https:\/\/noti-america.com\/site\/venezuela\/wp-json\/wp\/v2\/media\/6739"}],"wp:attachment":[{"href":"https:\/\/noti-america.com\/site\/venezuela\/wp-json\/wp\/v2\/media?parent=6738"}],"wp:term":[{"taxonomy":"category","embeddable":true,"href":"https:\/\/noti-america.com\/site\/venezuela\/wp-json\/wp\/v2\/categories?post=6738"},{"taxonomy":"post_tag","embeddable":true,"href":"https:\/\/noti-america.com\/site\/venezuela\/wp-json\/wp\/v2\/tags?post=6738"}],"curies":[{"name":"wp","href":"https:\/\/api.w.org\/{rel}","templated":true}]}}