{"id":6499,"date":"2019-04-13T07:11:08","date_gmt":"2019-04-13T07:11:08","guid":{"rendered":"http:\/\/noti-america.com\/site\/venezuela\/?p=6499"},"modified":"2019-04-13T07:11:09","modified_gmt":"2019-04-13T07:11:09","slug":"raul-castro-cubanos-estan-en-venezuela-respaldando-a-maduro","status":"publish","type":"post","link":"https:\/\/noti-america.com\/site\/venezuela\/2019\/04\/13\/raul-castro-cubanos-estan-en-venezuela-respaldando-a-maduro\/","title":{"rendered":"Ra\u00fal Castro: Cubanos est\u00e1n en Venezuela respaldando a Maduro"},"content":{"rendered":"<div><img decoding=\"async\" class=\"aligncenter\" src=\"https:\/\/www.laneta.com\/s3-cached\/portal-laneta\/joerlymelo\/r-castro-cubanos-estan-en-venezuela-respaldando-a-maduro-01-20190412333513351\" \/><\/div>\n<div><\/div>\n<div style=\"text-align: justify\">Ra\u00fal Castro, exgobernante de Cuba, admiti\u00f3 que m\u00e1s de 20.000 cubanos se encuentran actualmente en Venezuela para respaldar al r\u00e9gimen de Nicol\u00e1s Maduro.<\/p>\n<p>Afirm\u00f3 adem\u00e1s que se encuentran \u00abcumpliendo misi\u00f3n en Venezuela\u00bb y que el 61% son mujeres.<\/p><\/div>\n<div><\/div>\n<div>De acuerdo con el portal de noticias El Impulso, \u00abestas declaraciones de Castro se llevaron a cabo en el marco de la proclamaci\u00f3n de la nueva Constituci\u00f3n, la cual fue aprobada en refer\u00e9ndum el pasado 23 de enero\u00bb.<\/div>\n","protected":false},"excerpt":{"rendered":"<p>Ra\u00fal Castro, exgobernante de Cuba, admiti\u00f3 que m\u00e1s de 20.000 cubanos se encuentran actualmente en Venezuela para respaldar al r\u00e9gimen de Nicol\u00e1s Maduro. Afirm\u00f3 adem\u00e1s que se encuentran \u00abcumpliendo misi\u00f3n en Venezuela\u00bb y que&#46;&#46;&#46;<\/p>\n","protected":false},"author":4,"featured_media":6500,"comment_status":"open","ping_status":"open","sticky":false,"template":"","format":"standard","meta":{"_acf_changed":false,"om_disable_all_campaigns":false,"rop_custom_images_group":[],"rop_custom_messages_group":[],"rop_publish_now":"initial","rop_publish_now_accounts":{"twitter_242054905_242054905":""},"rop_publish_now_history":[],"rop_publish_now_status":"pending","_uf_show_specific_survey":0,"_uf_disable_surveys":false,"footnotes":""},"categories":[156],"tags":[],"class_list":["post-6499","post","type-post","status-publish","format-standard","has-post-thumbnail","hentry","category-venezuela"],"acf":[],"aioseo_notices":[],"yoast_head":"<!-- This site is optimized with the Yoast SEO Premium plugin v24.9 (Yoast SEO v27.2) - https:\/\/yoast.com\/product\/yoast-seo-premium-wordpress\/ -->\n<title>Ra\u00fal Castro: Cubanos est\u00e1n en Venezuela respaldando a Maduro - Venezuela | Noti-America.com<\/title>\n<meta name=\"robots\" content=\"index, follow, max-snippet:-1, max-image-preview:large, max-video-preview:-1\" \/>\n<link rel=\"canonical\" href=\"https:\/\/noti-america.com\/site\/venezuela\/2019\/04\/13\/raul-castro-cubanos-estan-en-venezuela-respaldando-a-maduro\/\" \/>\n<meta property=\"og:locale\" content=\"es_ES\" \/>\n<meta property=\"og:type\" content=\"article\" \/>\n<meta property=\"og:title\" content=\"Ra\u00fal Castro: Cubanos est\u00e1n en Venezuela respaldando a Maduro\" \/>\n<meta property=\"og:description\" content=\"Ra\u00fal Castro, exgobernante de Cuba, admiti\u00f3 que m\u00e1s de 20.000 cubanos se encuentran actualmente en Venezuela para respaldar al r\u00e9gimen de Nicol\u00e1s Maduro. Afirm\u00f3 adem\u00e1s que se encuentran \u00abcumpliendo misi\u00f3n en Venezuela\u00bb y que&#046;&#046;&#046;\" \/>\n<meta property=\"og:url\" content=\"https:\/\/noti-america.com\/site\/venezuela\/2019\/04\/13\/raul-castro-cubanos-estan-en-venezuela-respaldando-a-maduro\/\" \/>\n<meta property=\"og:site_name\" content=\"Venezuela | Noti-America.com\" \/>\n<meta property=\"article:author\" content=\"https:\/\/www.facebook.com\/AndresSalazarTV\/\" \/>\n<meta property=\"article:published_time\" content=\"2019-04-13T07:11:08+00:00\" \/>\n<meta property=\"article:modified_time\" content=\"2019-04-13T07:11:09+00:00\" \/>\n<meta property=\"og:image\" content=\"https:\/\/noti-america.com\/site\/venezuela\/wp-content\/uploads\/sites\/2\/2019\/04\/r-castro-cubanos-estan-en-venezuela-respaldando-a-maduro-01-20190412333513351.jpg\" \/>\n\t<meta property=\"og:image:width\" content=\"894\" \/>\n\t<meta property=\"og:image:height\" content=\"600\" \/>\n\t<meta property=\"og:image:type\" content=\"image\/jpeg\" \/>\n<meta name=\"author\" content=\"Andr\u00e9s Salazar TV\" \/>\n<meta name=\"twitter:card\" content=\"summary_large_image\" \/>\n<meta name=\"twitter:label1\" content=\"Escrito por\" \/>\n\t<meta name=\"twitter:data1\" content=\"Andr\u00e9s Salazar TV\" \/>\n<script type=\"application\/ld+json\" class=\"yoast-schema-graph\">{\"@context\":\"https:\/\/schema.org\",\"@graph\":[{\"@type\":\"Article\",\"@id\":\"https:\/\/noti-america.com\/site\/venezuela\/2019\/04\/13\/raul-castro-cubanos-estan-en-venezuela-respaldando-a-maduro\/#article\",\"isPartOf\":{\"@id\":\"https:\/\/noti-america.com\/site\/venezuela\/2019\/04\/13\/raul-castro-cubanos-estan-en-venezuela-respaldando-a-maduro\/\"},\"author\":{\"name\":\"Andr\u00e9s Salazar TV\",\"@id\":\"https:\/\/noti-america.com\/site\/venezuela\/#\/schema\/person\/5536bbfd0e2b9220dabb68be6a79e6a2\"},\"headline\":\"Ra\u00fal Castro: Cubanos est\u00e1n en Venezuela respaldando a Maduro\",\"datePublished\":\"2019-04-13T07:11:08+00:00\",\"dateModified\":\"2019-04-13T07:11:09+00:00\",\"mainEntityOfPage\":{\"@id\":\"https:\/\/noti-america.com\/site\/venezuela\/2019\/04\/13\/raul-castro-cubanos-estan-en-venezuela-respaldando-a-maduro\/\"},\"wordCount\":93,\"commentCount\":0,\"publisher\":{\"@id\":\"https:\/\/noti-america.com\/site\/venezuela\/#organization\"},\"image\":{\"@id\":\"https:\/\/noti-america.com\/site\/venezuela\/2019\/04\/13\/raul-castro-cubanos-estan-en-venezuela-respaldando-a-maduro\/#primaryimage\"},\"thumbnailUrl\":\"https:\/\/noti-america.com\/site\/venezuela\/wp-content\/uploads\/sites\/2\/2019\/04\/r-castro-cubanos-estan-en-venezuela-respaldando-a-maduro-01-20190412333513351.jpg\",\"articleSection\":[\"Venezuela\"],\"inLanguage\":\"es\",\"potentialAction\":[{\"@type\":\"CommentAction\",\"name\":\"Comment\",\"target\":[\"https:\/\/noti-america.com\/site\/venezuela\/2019\/04\/13\/raul-castro-cubanos-estan-en-venezuela-respaldando-a-maduro\/#respond\"]}]},{\"@type\":\"WebPage\",\"@id\":\"https:\/\/noti-america.com\/site\/venezuela\/2019\/04\/13\/raul-castro-cubanos-estan-en-venezuela-respaldando-a-maduro\/\",\"url\":\"https:\/\/noti-america.com\/site\/venezuela\/2019\/04\/13\/raul-castro-cubanos-estan-en-venezuela-respaldando-a-maduro\/\",\"name\":\"Ra\u00fal Castro: Cubanos est\u00e1n en Venezuela respaldando a Maduro - Venezuela | Noti-America.com\",\"isPartOf\":{\"@id\":\"https:\/\/noti-america.com\/site\/venezuela\/#website\"},\"primaryImageOfPage\":{\"@id\":\"https:\/\/noti-america.com\/site\/venezuela\/2019\/04\/13\/raul-castro-cubanos-estan-en-venezuela-respaldando-a-maduro\/#primaryimage\"},\"image\":{\"@id\":\"https:\/\/noti-america.com\/site\/venezuela\/2019\/04\/13\/raul-castro-cubanos-estan-en-venezuela-respaldando-a-maduro\/#primaryimage\"},\"thumbnailUrl\":\"https:\/\/noti-america.com\/site\/venezuela\/wp-content\/uploads\/sites\/2\/2019\/04\/r-castro-cubanos-estan-en-venezuela-respaldando-a-maduro-01-20190412333513351.jpg\",\"datePublished\":\"2019-04-13T07:11:08+00:00\",\"dateModified\":\"2019-04-13T07:11:09+00:00\",\"breadcrumb\":{\"@id\":\"https:\/\/noti-america.com\/site\/venezuela\/2019\/04\/13\/raul-castro-cubanos-estan-en-venezuela-respaldando-a-maduro\/#breadcrumb\"},\"inLanguage\":\"es\",\"potentialAction\":[{\"@type\":\"ReadAction\",\"target\":[\"https:\/\/noti-america.com\/site\/venezuela\/2019\/04\/13\/raul-castro-cubanos-estan-en-venezuela-respaldando-a-maduro\/\"]}]},{\"@type\":\"ImageObject\",\"inLanguage\":\"es\",\"@id\":\"https:\/\/noti-america.com\/site\/venezuela\/2019\/04\/13\/raul-castro-cubanos-estan-en-venezuela-respaldando-a-maduro\/#primaryimage\",\"url\":\"https:\/\/noti-america.com\/site\/venezuela\/wp-content\/uploads\/sites\/2\/2019\/04\/r-castro-cubanos-estan-en-venezuela-respaldando-a-maduro-01-20190412333513351.jpg\",\"contentUrl\":\"https:\/\/noti-america.com\/site\/venezuela\/wp-content\/uploads\/sites\/2\/2019\/04\/r-castro-cubanos-estan-en-venezuela-respaldando-a-maduro-01-20190412333513351.jpg\",\"width\":894,\"height\":600},{\"@type\":\"BreadcrumbList\",\"@id\":\"https:\/\/noti-america.com\/site\/venezuela\/2019\/04\/13\/raul-castro-cubanos-estan-en-venezuela-respaldando-a-maduro\/#breadcrumb\",\"itemListElement\":[{\"@type\":\"ListItem\",\"position\":1,\"name\":\"Portada\",\"item\":\"https:\/\/noti-america.com\/site\/venezuela\/\"},{\"@type\":\"ListItem\",\"position\":2,\"name\":\"Ra\u00fal Castro: Cubanos est\u00e1n en Venezuela respaldando a Maduro\"}]},{\"@type\":\"WebSite\",\"@id\":\"https:\/\/noti-america.com\/site\/venezuela\/#website\",\"url\":\"https:\/\/noti-america.com\/site\/venezuela\/\",\"name\":\"Venezuela | Noti-America.com\",\"description\":\"\",\"publisher\":{\"@id\":\"https:\/\/noti-america.com\/site\/venezuela\/#organization\"},\"potentialAction\":[{\"@type\":\"SearchAction\",\"target\":{\"@type\":\"EntryPoint\",\"urlTemplate\":\"https:\/\/noti-america.com\/site\/venezuela\/?s={search_term_string}\"},\"query-input\":{\"@type\":\"PropertyValueSpecification\",\"valueRequired\":true,\"valueName\":\"search_term_string\"}}],\"inLanguage\":\"es\"},{\"@type\":\"Organization\",\"@id\":\"https:\/\/noti-america.com\/site\/venezuela\/#organization\",\"name\":\"Noti-America LLC | Venezuela\",\"url\":\"https:\/\/noti-america.com\/site\/venezuela\/\",\"logo\":{\"@type\":\"ImageObject\",\"inLanguage\":\"es\",\"@id\":\"https:\/\/noti-america.com\/site\/venezuela\/#\/schema\/logo\/image\/\",\"url\":\"https:\/\/noti-america.com\/site\/venezuela\/wp-content\/uploads\/sites\/2\/2020\/07\/LogoNA-4x3-1.jpg\",\"contentUrl\":\"https:\/\/noti-america.com\/site\/venezuela\/wp-content\/uploads\/sites\/2\/2020\/07\/LogoNA-4x3-1.jpg\",\"width\":1236,\"height\":1080,\"caption\":\"Noti-America LLC | Venezuela\"},\"image\":{\"@id\":\"https:\/\/noti-america.com\/site\/venezuela\/#\/schema\/logo\/image\/\"}},{\"@type\":\"Person\",\"@id\":\"https:\/\/noti-america.com\/site\/venezuela\/#\/schema\/person\/5536bbfd0e2b9220dabb68be6a79e6a2\",\"name\":\"Andr\u00e9s Salazar TV\",\"image\":{\"@type\":\"ImageObject\",\"inLanguage\":\"es\",\"@id\":\"https:\/\/secure.gravatar.com\/avatar\/afe6826ba750395b641021d9bf08e5496b9d29671cfabb16346350901fb94310?s=96&d=mm&r=g\",\"url\":\"https:\/\/secure.gravatar.com\/avatar\/afe6826ba750395b641021d9bf08e5496b9d29671cfabb16346350901fb94310?s=96&d=mm&r=g\",\"contentUrl\":\"https:\/\/secure.gravatar.com\/avatar\/afe6826ba750395b641021d9bf08e5496b9d29671cfabb16346350901fb94310?s=96&d=mm&r=g\",\"caption\":\"Andr\u00e9s Salazar TV\"},\"description\":\"Andr\u00e9s Salazar. Corresponsal de Noti-Am\u00e9rica en Venezuela. Periodista con m\u00e1s de 14 a\u00f1os de trayectoria en la cobertura de hechos informativos. Amplia experiencia en la narrativa de eventos deportivos, musicales y sucesos de \u00faltima hora.\",\"sameAs\":[\"https:\/\/www.facebook.com\/AndresSalazarTV\/\",\"https:\/\/youtube.com\/@andressalazartv?si=fYrt2l__ee2OK_Fh\"],\"url\":\"https:\/\/noti-america.com\/site\/venezuela\/author\/asalazar\/\"}]}<\/script>\n<!-- \/ Yoast SEO Premium plugin. -->","yoast_head_json":{"title":"Ra\u00fal Castro: Cubanos est\u00e1n en Venezuela respaldando a Maduro - Venezuela | Noti-America.com","robots":{"index":"index","follow":"follow","max-snippet":"max-snippet:-1","max-image-preview":"max-image-preview:large","max-video-preview":"max-video-preview:-1"},"canonical":"https:\/\/noti-america.com\/site\/venezuela\/2019\/04\/13\/raul-castro-cubanos-estan-en-venezuela-respaldando-a-maduro\/","og_locale":"es_ES","og_type":"article","og_title":"Ra\u00fal Castro: Cubanos est\u00e1n en Venezuela respaldando a Maduro","og_description":"Ra\u00fal Castro, exgobernante de Cuba, admiti\u00f3 que m\u00e1s de 20.000 cubanos se encuentran actualmente en Venezuela para respaldar al r\u00e9gimen de Nicol\u00e1s Maduro. Afirm\u00f3 adem\u00e1s que se encuentran \u00abcumpliendo misi\u00f3n en Venezuela\u00bb y que&#46;&#46;&#46;","og_url":"https:\/\/noti-america.com\/site\/venezuela\/2019\/04\/13\/raul-castro-cubanos-estan-en-venezuela-respaldando-a-maduro\/","og_site_name":"Venezuela | Noti-America.com","article_author":"https:\/\/www.facebook.com\/AndresSalazarTV\/","article_published_time":"2019-04-13T07:11:08+00:00","article_modified_time":"2019-04-13T07:11:09+00:00","og_image":[{"width":894,"height":600,"url":"https:\/\/noti-america.com\/site\/venezuela\/wp-content\/uploads\/sites\/2\/2019\/04\/r-castro-cubanos-estan-en-venezuela-respaldando-a-maduro-01-20190412333513351.jpg","type":"image\/jpeg"}],"author":"Andr\u00e9s Salazar TV","twitter_card":"summary_large_image","twitter_misc":{"Escrito por":"Andr\u00e9s Salazar TV"},"schema":{"@context":"https:\/\/schema.org","@graph":[{"@type":"Article","@id":"https:\/\/noti-america.com\/site\/venezuela\/2019\/04\/13\/raul-castro-cubanos-estan-en-venezuela-respaldando-a-maduro\/#article","isPartOf":{"@id":"https:\/\/noti-america.com\/site\/venezuela\/2019\/04\/13\/raul-castro-cubanos-estan-en-venezuela-respaldando-a-maduro\/"},"author":{"name":"Andr\u00e9s Salazar TV","@id":"https:\/\/noti-america.com\/site\/venezuela\/#\/schema\/person\/5536bbfd0e2b9220dabb68be6a79e6a2"},"headline":"Ra\u00fal Castro: Cubanos est\u00e1n en Venezuela respaldando a Maduro","datePublished":"2019-04-13T07:11:08+00:00","dateModified":"2019-04-13T07:11:09+00:00","mainEntityOfPage":{"@id":"https:\/\/noti-america.com\/site\/venezuela\/2019\/04\/13\/raul-castro-cubanos-estan-en-venezuela-respaldando-a-maduro\/"},"wordCount":93,"commentCount":0,"publisher":{"@id":"https:\/\/noti-america.com\/site\/venezuela\/#organization"},"image":{"@id":"https:\/\/noti-america.com\/site\/venezuela\/2019\/04\/13\/raul-castro-cubanos-estan-en-venezuela-respaldando-a-maduro\/#primaryimage"},"thumbnailUrl":"https:\/\/noti-america.com\/site\/venezuela\/wp-content\/uploads\/sites\/2\/2019\/04\/r-castro-cubanos-estan-en-venezuela-respaldando-a-maduro-01-20190412333513351.jpg","articleSection":["Venezuela"],"inLanguage":"es","potentialAction":[{"@type":"CommentAction","name":"Comment","target":["https:\/\/noti-america.com\/site\/venezuela\/2019\/04\/13\/raul-castro-cubanos-estan-en-venezuela-respaldando-a-maduro\/#respond"]}]},{"@type":"WebPage","@id":"https:\/\/noti-america.com\/site\/venezuela\/2019\/04\/13\/raul-castro-cubanos-estan-en-venezuela-respaldando-a-maduro\/","url":"https:\/\/noti-america.com\/site\/venezuela\/2019\/04\/13\/raul-castro-cubanos-estan-en-venezuela-respaldando-a-maduro\/","name":"Ra\u00fal Castro: Cubanos est\u00e1n en Venezuela respaldando a Maduro - Venezuela | Noti-America.com","isPartOf":{"@id":"https:\/\/noti-america.com\/site\/venezuela\/#website"},"primaryImageOfPage":{"@id":"https:\/\/noti-america.com\/site\/venezuela\/2019\/04\/13\/raul-castro-cubanos-estan-en-venezuela-respaldando-a-maduro\/#primaryimage"},"image":{"@id":"https:\/\/noti-america.com\/site\/venezuela\/2019\/04\/13\/raul-castro-cubanos-estan-en-venezuela-respaldando-a-maduro\/#primaryimage"},"thumbnailUrl":"https:\/\/noti-america.com\/site\/venezuela\/wp-content\/uploads\/sites\/2\/2019\/04\/r-castro-cubanos-estan-en-venezuela-respaldando-a-maduro-01-20190412333513351.jpg","datePublished":"2019-04-13T07:11:08+00:00","dateModified":"2019-04-13T07:11:09+00:00","breadcrumb":{"@id":"https:\/\/noti-america.com\/site\/venezuela\/2019\/04\/13\/raul-castro-cubanos-estan-en-venezuela-respaldando-a-maduro\/#breadcrumb"},"inLanguage":"es","potentialAction":[{"@type":"ReadAction","target":["https:\/\/noti-america.com\/site\/venezuela\/2019\/04\/13\/raul-castro-cubanos-estan-en-venezuela-respaldando-a-maduro\/"]}]},{"@type":"ImageObject","inLanguage":"es","@id":"https:\/\/noti-america.com\/site\/venezuela\/2019\/04\/13\/raul-castro-cubanos-estan-en-venezuela-respaldando-a-maduro\/#primaryimage","url":"https:\/\/noti-america.com\/site\/venezuela\/wp-content\/uploads\/sites\/2\/2019\/04\/r-castro-cubanos-estan-en-venezuela-respaldando-a-maduro-01-20190412333513351.jpg","contentUrl":"https:\/\/noti-america.com\/site\/venezuela\/wp-content\/uploads\/sites\/2\/2019\/04\/r-castro-cubanos-estan-en-venezuela-respaldando-a-maduro-01-20190412333513351.jpg","width":894,"height":600},{"@type":"BreadcrumbList","@id":"https:\/\/noti-america.com\/site\/venezuela\/2019\/04\/13\/raul-castro-cubanos-estan-en-venezuela-respaldando-a-maduro\/#breadcrumb","itemListElement":[{"@type":"ListItem","position":1,"name":"Portada","item":"https:\/\/noti-america.com\/site\/venezuela\/"},{"@type":"ListItem","position":2,"name":"Ra\u00fal Castro: Cubanos est\u00e1n en Venezuela respaldando a Maduro"}]},{"@type":"WebSite","@id":"https:\/\/noti-america.com\/site\/venezuela\/#website","url":"https:\/\/noti-america.com\/site\/venezuela\/","name":"Venezuela | Noti-America.com","description":"","publisher":{"@id":"https:\/\/noti-america.com\/site\/venezuela\/#organization"},"potentialAction":[{"@type":"SearchAction","target":{"@type":"EntryPoint","urlTemplate":"https:\/\/noti-america.com\/site\/venezuela\/?s={search_term_string}"},"query-input":{"@type":"PropertyValueSpecification","valueRequired":true,"valueName":"search_term_string"}}],"inLanguage":"es"},{"@type":"Organization","@id":"https:\/\/noti-america.com\/site\/venezuela\/#organization","name":"Noti-America LLC | Venezuela","url":"https:\/\/noti-america.com\/site\/venezuela\/","logo":{"@type":"ImageObject","inLanguage":"es","@id":"https:\/\/noti-america.com\/site\/venezuela\/#\/schema\/logo\/image\/","url":"https:\/\/noti-america.com\/site\/venezuela\/wp-content\/uploads\/sites\/2\/2020\/07\/LogoNA-4x3-1.jpg","contentUrl":"https:\/\/noti-america.com\/site\/venezuela\/wp-content\/uploads\/sites\/2\/2020\/07\/LogoNA-4x3-1.jpg","width":1236,"height":1080,"caption":"Noti-America LLC | Venezuela"},"image":{"@id":"https:\/\/noti-america.com\/site\/venezuela\/#\/schema\/logo\/image\/"}},{"@type":"Person","@id":"https:\/\/noti-america.com\/site\/venezuela\/#\/schema\/person\/5536bbfd0e2b9220dabb68be6a79e6a2","name":"Andr\u00e9s Salazar TV","image":{"@type":"ImageObject","inLanguage":"es","@id":"https:\/\/secure.gravatar.com\/avatar\/afe6826ba750395b641021d9bf08e5496b9d29671cfabb16346350901fb94310?s=96&d=mm&r=g","url":"https:\/\/secure.gravatar.com\/avatar\/afe6826ba750395b641021d9bf08e5496b9d29671cfabb16346350901fb94310?s=96&d=mm&r=g","contentUrl":"https:\/\/secure.gravatar.com\/avatar\/afe6826ba750395b641021d9bf08e5496b9d29671cfabb16346350901fb94310?s=96&d=mm&r=g","caption":"Andr\u00e9s Salazar TV"},"description":"Andr\u00e9s Salazar. Corresponsal de Noti-Am\u00e9rica en Venezuela. Periodista con m\u00e1s de 14 a\u00f1os de trayectoria en la cobertura de hechos informativos. Amplia experiencia en la narrativa de eventos deportivos, musicales y sucesos de \u00faltima hora.","sameAs":["https:\/\/www.facebook.com\/AndresSalazarTV\/","https:\/\/youtube.com\/@andressalazartv?si=fYrt2l__ee2OK_Fh"],"url":"https:\/\/noti-america.com\/site\/venezuela\/author\/asalazar\/"}]}},"_links":{"self":[{"href":"https:\/\/noti-america.com\/site\/venezuela\/wp-json\/wp\/v2\/posts\/6499","targetHints":{"allow":["GET"]}}],"collection":[{"href":"https:\/\/noti-america.com\/site\/venezuela\/wp-json\/wp\/v2\/posts"}],"about":[{"href":"https:\/\/noti-america.com\/site\/venezuela\/wp-json\/wp\/v2\/types\/post"}],"author":[{"embeddable":true,"href":"https:\/\/noti-america.com\/site\/venezuela\/wp-json\/wp\/v2\/users\/4"}],"replies":[{"embeddable":true,"href":"https:\/\/noti-america.com\/site\/venezuela\/wp-json\/wp\/v2\/comments?post=6499"}],"version-history":[{"count":1,"href":"https:\/\/noti-america.com\/site\/venezuela\/wp-json\/wp\/v2\/posts\/6499\/revisions"}],"predecessor-version":[{"id":6501,"href":"https:\/\/noti-america.com\/site\/venezuela\/wp-json\/wp\/v2\/posts\/6499\/revisions\/6501"}],"wp:featuredmedia":[{"embeddable":true,"href":"https:\/\/noti-america.com\/site\/venezuela\/wp-json\/wp\/v2\/media\/6500"}],"wp:attachment":[{"href":"https:\/\/noti-america.com\/site\/venezuela\/wp-json\/wp\/v2\/media?parent=6499"}],"wp:term":[{"taxonomy":"category","embeddable":true,"href":"https:\/\/noti-america.com\/site\/venezuela\/wp-json\/wp\/v2\/categories?post=6499"},{"taxonomy":"post_tag","embeddable":true,"href":"https:\/\/noti-america.com\/site\/venezuela\/wp-json\/wp\/v2\/tags?post=6499"}],"curies":[{"name":"wp","href":"https:\/\/api.w.org\/{rel}","templated":true}]}}