{"id":6354,"date":"2019-04-09T05:55:01","date_gmt":"2019-04-09T05:55:01","guid":{"rendered":"http:\/\/noti-america.com\/site\/venezuela\/?p=6354"},"modified":"2019-04-09T05:55:01","modified_gmt":"2019-04-09T05:55:01","slug":"j-balvin-triste-por-la-muerte-de-pastor-lopez","status":"publish","type":"post","link":"https:\/\/noti-america.com\/site\/venezuela\/2019\/04\/09\/j-balvin-triste-por-la-muerte-de-pastor-lopez\/","title":{"rendered":"J Balvin triste por la muerte de Pastor L\u00f3pez"},"content":{"rendered":"<p><img decoding=\"async\" class=\"aligncenter\" src=\"https:\/\/www.laneta.com\/s3-cached\/portal-laneta\/frankmarysrincones\/j-balvin-triste-por-la-muerte-de-pastor-lopez-01-2019040830359359\" \/><\/p>\n<p style=\"text-align: justify\">El cantante colombiano quien era fan\u00e1tico del artista colombo-venezolano Pastor L\u00f3pez posteo un video en la red social instagram donde se le ve afectado por la muerte de si \u00eddolo.<\/p>\n<p>El portal de noticias elfarandi.com publico \u00abLa muerte de Pastor L\u00f3pez, cantante de cumbia colombiana dej\u00f3 a sus fan\u00e1ticos venezolanos y colombianos muy consternados, pues su m\u00fasica acompa\u00f1\u00f3 a varias generaciones, incluso los m\u00e1s j\u00f3venes actualmente. J Balvin, quien es uno de los artistas representantes de \u201cla nueva generaci\u00f3n\u201d lament\u00f3 la partida de \u201cEl Indio\u201d, y a trav\u00e9s de su cuenta de Instagram se grab\u00f3 dando unas merecidas palabras al quien fuese interprete de pegajosos temas como\u00a0 \u201cTraicionera\u201d\u00a0 y \u201cMentirosa\u201d. \u201cSe nos ha ido un maestro, el maestro Pastor L\u00f3pez, pero nos dej\u00f3 un legado muy bonito\u201d, dijo Balvin. El video fue subido a trav\u00e9s de sus historias de Instagram, pero la hija Pastor L\u00f3pez lo colg\u00f3 en sus redes personales\u00bb.<\/p>\n","protected":false},"excerpt":{"rendered":"<p>El cantante colombiano quien era fan\u00e1tico del artista colombo-venezolano Pastor L\u00f3pez posteo un video en la red social instagram donde se le ve afectado por la muerte de si \u00eddolo. El portal de noticias&#46;&#46;&#46;<\/p>\n","protected":false},"author":45,"featured_media":6355,"comment_status":"open","ping_status":"open","sticky":false,"template":"","format":"standard","meta":{"_acf_changed":false,"om_disable_all_campaigns":false,"rop_custom_images_group":[],"rop_custom_messages_group":[],"rop_publish_now":"initial","rop_publish_now_accounts":{"twitter_242054905_242054905":""},"rop_publish_now_history":[],"rop_publish_now_status":"pending","_uf_show_specific_survey":0,"_uf_disable_surveys":false,"footnotes":""},"categories":[8],"tags":[],"class_list":["post-6354","post","type-post","status-publish","format-standard","has-post-thumbnail","hentry","category-arte-y-espectaculos"],"acf":[],"aioseo_notices":[],"yoast_head":"<!-- This site is optimized with the Yoast SEO Premium plugin v24.9 (Yoast SEO v27.2) - https:\/\/yoast.com\/product\/yoast-seo-premium-wordpress\/ -->\n<title>J Balvin triste por la muerte de Pastor L\u00f3pez - Venezuela | Noti-America.com<\/title>\n<meta name=\"robots\" content=\"index, follow, max-snippet:-1, max-image-preview:large, max-video-preview:-1\" \/>\n<link rel=\"canonical\" href=\"https:\/\/noti-america.com\/site\/venezuela\/2019\/04\/09\/j-balvin-triste-por-la-muerte-de-pastor-lopez\/\" \/>\n<meta property=\"og:locale\" content=\"es_ES\" \/>\n<meta property=\"og:type\" content=\"article\" \/>\n<meta property=\"og:title\" content=\"J Balvin triste por la muerte de Pastor L\u00f3pez\" \/>\n<meta property=\"og:description\" content=\"El cantante colombiano quien era fan\u00e1tico del artista colombo-venezolano Pastor L\u00f3pez posteo un video en la red social instagram donde se le ve afectado por la muerte de si \u00eddolo. El portal de noticias&#046;&#046;&#046;\" \/>\n<meta property=\"og:url\" content=\"https:\/\/noti-america.com\/site\/venezuela\/2019\/04\/09\/j-balvin-triste-por-la-muerte-de-pastor-lopez\/\" \/>\n<meta property=\"og:site_name\" content=\"Venezuela | Noti-America.com\" \/>\n<meta property=\"article:published_time\" content=\"2019-04-09T05:55:01+00:00\" \/>\n<meta property=\"og:image\" content=\"https:\/\/noti-america.com\/site\/venezuela\/wp-content\/uploads\/sites\/2\/2019\/04\/j-balvin-triste-por-la-muerte-de-pastor-lopez-01-2019040830359359.jpg\" \/>\n\t<meta property=\"og:image:width\" content=\"900\" \/>\n\t<meta property=\"og:image:height\" content=\"533\" \/>\n\t<meta property=\"og:image:type\" content=\"image\/jpeg\" \/>\n<meta name=\"author\" content=\"Marilyn Oviedo\" \/>\n<meta name=\"twitter:card\" content=\"summary_large_image\" \/>\n<meta name=\"twitter:label1\" content=\"Escrito por\" \/>\n\t<meta name=\"twitter:data1\" content=\"Marilyn Oviedo\" \/>\n\t<meta name=\"twitter:label2\" content=\"Tiempo estimado de lectura\" \/>\n\t<meta name=\"twitter:data2\" content=\"1 minuto\" \/>\n<script type=\"application\/ld+json\" class=\"yoast-schema-graph\">{\"@context\":\"https:\/\/schema.org\",\"@graph\":[{\"@type\":\"Article\",\"@id\":\"https:\/\/noti-america.com\/site\/venezuela\/2019\/04\/09\/j-balvin-triste-por-la-muerte-de-pastor-lopez\/#article\",\"isPartOf\":{\"@id\":\"https:\/\/noti-america.com\/site\/venezuela\/2019\/04\/09\/j-balvin-triste-por-la-muerte-de-pastor-lopez\/\"},\"author\":{\"name\":\"Marilyn Oviedo\",\"@id\":\"https:\/\/noti-america.com\/site\/venezuela\/#\/schema\/person\/17a6ee8c9af7fe2da084805f2d45e6ef\"},\"headline\":\"J Balvin triste por la muerte de Pastor L\u00f3pez\",\"datePublished\":\"2019-04-09T05:55:01+00:00\",\"mainEntityOfPage\":{\"@id\":\"https:\/\/noti-america.com\/site\/venezuela\/2019\/04\/09\/j-balvin-triste-por-la-muerte-de-pastor-lopez\/\"},\"wordCount\":174,\"commentCount\":0,\"publisher\":{\"@id\":\"https:\/\/noti-america.com\/site\/venezuela\/#organization\"},\"image\":{\"@id\":\"https:\/\/noti-america.com\/site\/venezuela\/2019\/04\/09\/j-balvin-triste-por-la-muerte-de-pastor-lopez\/#primaryimage\"},\"thumbnailUrl\":\"https:\/\/noti-america.com\/site\/venezuela\/wp-content\/uploads\/sites\/2\/2019\/04\/j-balvin-triste-por-la-muerte-de-pastor-lopez-01-2019040830359359.jpg\",\"articleSection\":[\"Arte y Espect\u00e1culos\"],\"inLanguage\":\"es\",\"potentialAction\":[{\"@type\":\"CommentAction\",\"name\":\"Comment\",\"target\":[\"https:\/\/noti-america.com\/site\/venezuela\/2019\/04\/09\/j-balvin-triste-por-la-muerte-de-pastor-lopez\/#respond\"]}]},{\"@type\":\"WebPage\",\"@id\":\"https:\/\/noti-america.com\/site\/venezuela\/2019\/04\/09\/j-balvin-triste-por-la-muerte-de-pastor-lopez\/\",\"url\":\"https:\/\/noti-america.com\/site\/venezuela\/2019\/04\/09\/j-balvin-triste-por-la-muerte-de-pastor-lopez\/\",\"name\":\"J Balvin triste por la muerte de Pastor L\u00f3pez - Venezuela | Noti-America.com\",\"isPartOf\":{\"@id\":\"https:\/\/noti-america.com\/site\/venezuela\/#website\"},\"primaryImageOfPage\":{\"@id\":\"https:\/\/noti-america.com\/site\/venezuela\/2019\/04\/09\/j-balvin-triste-por-la-muerte-de-pastor-lopez\/#primaryimage\"},\"image\":{\"@id\":\"https:\/\/noti-america.com\/site\/venezuela\/2019\/04\/09\/j-balvin-triste-por-la-muerte-de-pastor-lopez\/#primaryimage\"},\"thumbnailUrl\":\"https:\/\/noti-america.com\/site\/venezuela\/wp-content\/uploads\/sites\/2\/2019\/04\/j-balvin-triste-por-la-muerte-de-pastor-lopez-01-2019040830359359.jpg\",\"datePublished\":\"2019-04-09T05:55:01+00:00\",\"breadcrumb\":{\"@id\":\"https:\/\/noti-america.com\/site\/venezuela\/2019\/04\/09\/j-balvin-triste-por-la-muerte-de-pastor-lopez\/#breadcrumb\"},\"inLanguage\":\"es\",\"potentialAction\":[{\"@type\":\"ReadAction\",\"target\":[\"https:\/\/noti-america.com\/site\/venezuela\/2019\/04\/09\/j-balvin-triste-por-la-muerte-de-pastor-lopez\/\"]}]},{\"@type\":\"ImageObject\",\"inLanguage\":\"es\",\"@id\":\"https:\/\/noti-america.com\/site\/venezuela\/2019\/04\/09\/j-balvin-triste-por-la-muerte-de-pastor-lopez\/#primaryimage\",\"url\":\"https:\/\/noti-america.com\/site\/venezuela\/wp-content\/uploads\/sites\/2\/2019\/04\/j-balvin-triste-por-la-muerte-de-pastor-lopez-01-2019040830359359.jpg\",\"contentUrl\":\"https:\/\/noti-america.com\/site\/venezuela\/wp-content\/uploads\/sites\/2\/2019\/04\/j-balvin-triste-por-la-muerte-de-pastor-lopez-01-2019040830359359.jpg\",\"width\":900,\"height\":533},{\"@type\":\"BreadcrumbList\",\"@id\":\"https:\/\/noti-america.com\/site\/venezuela\/2019\/04\/09\/j-balvin-triste-por-la-muerte-de-pastor-lopez\/#breadcrumb\",\"itemListElement\":[{\"@type\":\"ListItem\",\"position\":1,\"name\":\"Portada\",\"item\":\"https:\/\/noti-america.com\/site\/venezuela\/\"},{\"@type\":\"ListItem\",\"position\":2,\"name\":\"J Balvin triste por la muerte de Pastor L\u00f3pez\"}]},{\"@type\":\"WebSite\",\"@id\":\"https:\/\/noti-america.com\/site\/venezuela\/#website\",\"url\":\"https:\/\/noti-america.com\/site\/venezuela\/\",\"name\":\"Venezuela | Noti-America.com\",\"description\":\"\",\"publisher\":{\"@id\":\"https:\/\/noti-america.com\/site\/venezuela\/#organization\"},\"potentialAction\":[{\"@type\":\"SearchAction\",\"target\":{\"@type\":\"EntryPoint\",\"urlTemplate\":\"https:\/\/noti-america.com\/site\/venezuela\/?s={search_term_string}\"},\"query-input\":{\"@type\":\"PropertyValueSpecification\",\"valueRequired\":true,\"valueName\":\"search_term_string\"}}],\"inLanguage\":\"es\"},{\"@type\":\"Organization\",\"@id\":\"https:\/\/noti-america.com\/site\/venezuela\/#organization\",\"name\":\"Noti-America LLC | Venezuela\",\"url\":\"https:\/\/noti-america.com\/site\/venezuela\/\",\"logo\":{\"@type\":\"ImageObject\",\"inLanguage\":\"es\",\"@id\":\"https:\/\/noti-america.com\/site\/venezuela\/#\/schema\/logo\/image\/\",\"url\":\"https:\/\/noti-america.com\/site\/venezuela\/wp-content\/uploads\/sites\/2\/2020\/07\/LogoNA-4x3-1.jpg\",\"contentUrl\":\"https:\/\/noti-america.com\/site\/venezuela\/wp-content\/uploads\/sites\/2\/2020\/07\/LogoNA-4x3-1.jpg\",\"width\":1236,\"height\":1080,\"caption\":\"Noti-America LLC | Venezuela\"},\"image\":{\"@id\":\"https:\/\/noti-america.com\/site\/venezuela\/#\/schema\/logo\/image\/\"}},{\"@type\":\"Person\",\"@id\":\"https:\/\/noti-america.com\/site\/venezuela\/#\/schema\/person\/17a6ee8c9af7fe2da084805f2d45e6ef\",\"name\":\"Marilyn Oviedo\",\"image\":{\"@type\":\"ImageObject\",\"inLanguage\":\"es\",\"@id\":\"https:\/\/secure.gravatar.com\/avatar\/6ab070ce76f64b066017eef1247ecdeb7c01b8e99448b515919552ac2123cc84?s=96&d=mm&r=g\",\"url\":\"https:\/\/secure.gravatar.com\/avatar\/6ab070ce76f64b066017eef1247ecdeb7c01b8e99448b515919552ac2123cc84?s=96&d=mm&r=g\",\"contentUrl\":\"https:\/\/secure.gravatar.com\/avatar\/6ab070ce76f64b066017eef1247ecdeb7c01b8e99448b515919552ac2123cc84?s=96&d=mm&r=g\",\"caption\":\"Marilyn Oviedo\"},\"description\":\"Venezolana, Licenciada en Letras | Productora | Redactora de Contenidos | Community Manager.\",\"url\":\"https:\/\/noti-america.com\/site\/venezuela\/author\/moviedo\/\"}]}<\/script>\n<!-- \/ Yoast SEO Premium plugin. -->","yoast_head_json":{"title":"J Balvin triste por la muerte de Pastor L\u00f3pez - Venezuela | Noti-America.com","robots":{"index":"index","follow":"follow","max-snippet":"max-snippet:-1","max-image-preview":"max-image-preview:large","max-video-preview":"max-video-preview:-1"},"canonical":"https:\/\/noti-america.com\/site\/venezuela\/2019\/04\/09\/j-balvin-triste-por-la-muerte-de-pastor-lopez\/","og_locale":"es_ES","og_type":"article","og_title":"J Balvin triste por la muerte de Pastor L\u00f3pez","og_description":"El cantante colombiano quien era fan\u00e1tico del artista colombo-venezolano Pastor L\u00f3pez posteo un video en la red social instagram donde se le ve afectado por la muerte de si \u00eddolo. El portal de noticias&#46;&#46;&#46;","og_url":"https:\/\/noti-america.com\/site\/venezuela\/2019\/04\/09\/j-balvin-triste-por-la-muerte-de-pastor-lopez\/","og_site_name":"Venezuela | Noti-America.com","article_published_time":"2019-04-09T05:55:01+00:00","og_image":[{"width":900,"height":533,"url":"https:\/\/noti-america.com\/site\/venezuela\/wp-content\/uploads\/sites\/2\/2019\/04\/j-balvin-triste-por-la-muerte-de-pastor-lopez-01-2019040830359359.jpg","type":"image\/jpeg"}],"author":"Marilyn Oviedo","twitter_card":"summary_large_image","twitter_misc":{"Escrito por":"Marilyn Oviedo","Tiempo estimado de lectura":"1 minuto"},"schema":{"@context":"https:\/\/schema.org","@graph":[{"@type":"Article","@id":"https:\/\/noti-america.com\/site\/venezuela\/2019\/04\/09\/j-balvin-triste-por-la-muerte-de-pastor-lopez\/#article","isPartOf":{"@id":"https:\/\/noti-america.com\/site\/venezuela\/2019\/04\/09\/j-balvin-triste-por-la-muerte-de-pastor-lopez\/"},"author":{"name":"Marilyn Oviedo","@id":"https:\/\/noti-america.com\/site\/venezuela\/#\/schema\/person\/17a6ee8c9af7fe2da084805f2d45e6ef"},"headline":"J Balvin triste por la muerte de Pastor L\u00f3pez","datePublished":"2019-04-09T05:55:01+00:00","mainEntityOfPage":{"@id":"https:\/\/noti-america.com\/site\/venezuela\/2019\/04\/09\/j-balvin-triste-por-la-muerte-de-pastor-lopez\/"},"wordCount":174,"commentCount":0,"publisher":{"@id":"https:\/\/noti-america.com\/site\/venezuela\/#organization"},"image":{"@id":"https:\/\/noti-america.com\/site\/venezuela\/2019\/04\/09\/j-balvin-triste-por-la-muerte-de-pastor-lopez\/#primaryimage"},"thumbnailUrl":"https:\/\/noti-america.com\/site\/venezuela\/wp-content\/uploads\/sites\/2\/2019\/04\/j-balvin-triste-por-la-muerte-de-pastor-lopez-01-2019040830359359.jpg","articleSection":["Arte y Espect\u00e1culos"],"inLanguage":"es","potentialAction":[{"@type":"CommentAction","name":"Comment","target":["https:\/\/noti-america.com\/site\/venezuela\/2019\/04\/09\/j-balvin-triste-por-la-muerte-de-pastor-lopez\/#respond"]}]},{"@type":"WebPage","@id":"https:\/\/noti-america.com\/site\/venezuela\/2019\/04\/09\/j-balvin-triste-por-la-muerte-de-pastor-lopez\/","url":"https:\/\/noti-america.com\/site\/venezuela\/2019\/04\/09\/j-balvin-triste-por-la-muerte-de-pastor-lopez\/","name":"J Balvin triste por la muerte de Pastor L\u00f3pez - Venezuela | Noti-America.com","isPartOf":{"@id":"https:\/\/noti-america.com\/site\/venezuela\/#website"},"primaryImageOfPage":{"@id":"https:\/\/noti-america.com\/site\/venezuela\/2019\/04\/09\/j-balvin-triste-por-la-muerte-de-pastor-lopez\/#primaryimage"},"image":{"@id":"https:\/\/noti-america.com\/site\/venezuela\/2019\/04\/09\/j-balvin-triste-por-la-muerte-de-pastor-lopez\/#primaryimage"},"thumbnailUrl":"https:\/\/noti-america.com\/site\/venezuela\/wp-content\/uploads\/sites\/2\/2019\/04\/j-balvin-triste-por-la-muerte-de-pastor-lopez-01-2019040830359359.jpg","datePublished":"2019-04-09T05:55:01+00:00","breadcrumb":{"@id":"https:\/\/noti-america.com\/site\/venezuela\/2019\/04\/09\/j-balvin-triste-por-la-muerte-de-pastor-lopez\/#breadcrumb"},"inLanguage":"es","potentialAction":[{"@type":"ReadAction","target":["https:\/\/noti-america.com\/site\/venezuela\/2019\/04\/09\/j-balvin-triste-por-la-muerte-de-pastor-lopez\/"]}]},{"@type":"ImageObject","inLanguage":"es","@id":"https:\/\/noti-america.com\/site\/venezuela\/2019\/04\/09\/j-balvin-triste-por-la-muerte-de-pastor-lopez\/#primaryimage","url":"https:\/\/noti-america.com\/site\/venezuela\/wp-content\/uploads\/sites\/2\/2019\/04\/j-balvin-triste-por-la-muerte-de-pastor-lopez-01-2019040830359359.jpg","contentUrl":"https:\/\/noti-america.com\/site\/venezuela\/wp-content\/uploads\/sites\/2\/2019\/04\/j-balvin-triste-por-la-muerte-de-pastor-lopez-01-2019040830359359.jpg","width":900,"height":533},{"@type":"BreadcrumbList","@id":"https:\/\/noti-america.com\/site\/venezuela\/2019\/04\/09\/j-balvin-triste-por-la-muerte-de-pastor-lopez\/#breadcrumb","itemListElement":[{"@type":"ListItem","position":1,"name":"Portada","item":"https:\/\/noti-america.com\/site\/venezuela\/"},{"@type":"ListItem","position":2,"name":"J Balvin triste por la muerte de Pastor L\u00f3pez"}]},{"@type":"WebSite","@id":"https:\/\/noti-america.com\/site\/venezuela\/#website","url":"https:\/\/noti-america.com\/site\/venezuela\/","name":"Venezuela | Noti-America.com","description":"","publisher":{"@id":"https:\/\/noti-america.com\/site\/venezuela\/#organization"},"potentialAction":[{"@type":"SearchAction","target":{"@type":"EntryPoint","urlTemplate":"https:\/\/noti-america.com\/site\/venezuela\/?s={search_term_string}"},"query-input":{"@type":"PropertyValueSpecification","valueRequired":true,"valueName":"search_term_string"}}],"inLanguage":"es"},{"@type":"Organization","@id":"https:\/\/noti-america.com\/site\/venezuela\/#organization","name":"Noti-America LLC | Venezuela","url":"https:\/\/noti-america.com\/site\/venezuela\/","logo":{"@type":"ImageObject","inLanguage":"es","@id":"https:\/\/noti-america.com\/site\/venezuela\/#\/schema\/logo\/image\/","url":"https:\/\/noti-america.com\/site\/venezuela\/wp-content\/uploads\/sites\/2\/2020\/07\/LogoNA-4x3-1.jpg","contentUrl":"https:\/\/noti-america.com\/site\/venezuela\/wp-content\/uploads\/sites\/2\/2020\/07\/LogoNA-4x3-1.jpg","width":1236,"height":1080,"caption":"Noti-America LLC | Venezuela"},"image":{"@id":"https:\/\/noti-america.com\/site\/venezuela\/#\/schema\/logo\/image\/"}},{"@type":"Person","@id":"https:\/\/noti-america.com\/site\/venezuela\/#\/schema\/person\/17a6ee8c9af7fe2da084805f2d45e6ef","name":"Marilyn Oviedo","image":{"@type":"ImageObject","inLanguage":"es","@id":"https:\/\/secure.gravatar.com\/avatar\/6ab070ce76f64b066017eef1247ecdeb7c01b8e99448b515919552ac2123cc84?s=96&d=mm&r=g","url":"https:\/\/secure.gravatar.com\/avatar\/6ab070ce76f64b066017eef1247ecdeb7c01b8e99448b515919552ac2123cc84?s=96&d=mm&r=g","contentUrl":"https:\/\/secure.gravatar.com\/avatar\/6ab070ce76f64b066017eef1247ecdeb7c01b8e99448b515919552ac2123cc84?s=96&d=mm&r=g","caption":"Marilyn Oviedo"},"description":"Venezolana, Licenciada en Letras | Productora | Redactora de Contenidos | Community Manager.","url":"https:\/\/noti-america.com\/site\/venezuela\/author\/moviedo\/"}]}},"_links":{"self":[{"href":"https:\/\/noti-america.com\/site\/venezuela\/wp-json\/wp\/v2\/posts\/6354","targetHints":{"allow":["GET"]}}],"collection":[{"href":"https:\/\/noti-america.com\/site\/venezuela\/wp-json\/wp\/v2\/posts"}],"about":[{"href":"https:\/\/noti-america.com\/site\/venezuela\/wp-json\/wp\/v2\/types\/post"}],"author":[{"embeddable":true,"href":"https:\/\/noti-america.com\/site\/venezuela\/wp-json\/wp\/v2\/users\/45"}],"replies":[{"embeddable":true,"href":"https:\/\/noti-america.com\/site\/venezuela\/wp-json\/wp\/v2\/comments?post=6354"}],"version-history":[{"count":2,"href":"https:\/\/noti-america.com\/site\/venezuela\/wp-json\/wp\/v2\/posts\/6354\/revisions"}],"predecessor-version":[{"id":6357,"href":"https:\/\/noti-america.com\/site\/venezuela\/wp-json\/wp\/v2\/posts\/6354\/revisions\/6357"}],"wp:featuredmedia":[{"embeddable":true,"href":"https:\/\/noti-america.com\/site\/venezuela\/wp-json\/wp\/v2\/media\/6355"}],"wp:attachment":[{"href":"https:\/\/noti-america.com\/site\/venezuela\/wp-json\/wp\/v2\/media?parent=6354"}],"wp:term":[{"taxonomy":"category","embeddable":true,"href":"https:\/\/noti-america.com\/site\/venezuela\/wp-json\/wp\/v2\/categories?post=6354"},{"taxonomy":"post_tag","embeddable":true,"href":"https:\/\/noti-america.com\/site\/venezuela\/wp-json\/wp\/v2\/tags?post=6354"}],"curies":[{"name":"wp","href":"https:\/\/api.w.org\/{rel}","templated":true}]}}