{"id":604,"date":"2017-09-22T15:45:53","date_gmt":"2017-09-22T15:45:53","guid":{"rendered":"http:\/\/noti-america.com\/site\/venezuela\/?p=604"},"modified":"2017-09-22T15:45:53","modified_gmt":"2017-09-22T15:45:53","slug":"juan-pablo-gobernador-por-marlon-s-jimenez-garcia","status":"publish","type":"post","link":"https:\/\/noti-america.com\/site\/venezuela\/2017\/09\/22\/juan-pablo-gobernador-por-marlon-s-jimenez-garcia\/","title":{"rendered":"JUAN PABLO, GOBERNADOR  Por: Marlon S, Jim\u00e9nez Garc\u00eda"},"content":{"rendered":"<p><img loading=\"lazy\" decoding=\"async\" class=\"alignnone size-full wp-image-379\" src=\"http:\/\/noti-america.com\/site\/venezuela\/wp-content\/uploads\/sites\/2\/2017\/08\/maron-jimenez.jpg\" alt=\"\" width=\"259\" height=\"194\" \/><\/p>\n<p>&nbsp;<\/p>\n<p>JUAN PABLO, GOBERNADOR<\/p>\n<p>Por: Marlon S, Jim\u00e9nez Garc\u00eda<\/p>\n<p>Profesor universitario.<\/p>\n<p>Juan Pablo, Guanipa Villalobos, es una persona que encarna por su propia naturaleza humana, por su formaci\u00f3n acad\u00e9mica, por la \u00e9tica como relaci\u00f3n intr\u00ednseca con la pol\u00edtica y por su encarnado sentimiento por la justicia social, en un verdadero modelo sustantivo de cambio integral de la sociedad. Juan Pablo, es un hombre de baja estatura, pero, es un gigante en conciencia social, en filosof\u00eda progresiva del humanismo y en la defensa de la democracia y de las libertades ciudadanas.<\/p>\n<p>No conozco en profundidad de pensamiento a Juan Pablo, se que la posee: es prol\u00edfica y fecunda. Un ser humano que se haya formado ideol\u00f3gicamente, estudiando con amplitud a Jacques Maritain, fil\u00f3sofo franc\u00e9s, quien es el padre del \u00b4\u00b4Humanismo Cristiano\u00b4\u00b4 basado en el concepto din\u00e1mico de persona como \u00b4\u00b4desarrollo de la libertad\u00b4\u00b4, tiene que poseer atributos que le permitan ser en el campo de la pol\u00edtica un l\u00edder de considerables dimensiones \u00e9ticas y un amante de la libertad como requisito SINE QUA NON de la relaci\u00f3n entre ciudadano y el Estado; donde la \u00b4\u00b4persona humana\u00b4\u00b4 sea el protagonista principal de todas las acciones inherentes a dicha relaci\u00f3n.. Adem\u00e1s, Juan Pablo, es poseedor de un amplio bagaje intelectual; propias de un ser inteligente con deseo ferviente de una preparaci\u00f3n que conlleve, en la actuaci\u00f3n pol\u00edtica un ajuste de equilibrio entre lo que \u00b4\u00b4se dice y lo que se hace\u00b4\u00b4; en ese aspecto, es insoslayable la fuerza determinante que gener\u00f3 la discusi\u00f3n en centros de estudios ideol\u00f3gicos; las enc\u00edclicas papales: a) Rerum Novarum, enc\u00edclica del Papa Le\u00f3n XIII, que aborda la cuesti\u00f3n social, exponiendo la doctrina social cristiana en oposici\u00f3n a la socialista y que cambi\u00f3 el rumbo pol\u00edtico en el mundo; b) Quadragesimo Anno, enc\u00edclica del Papa Pio XI, escrita en celebraci\u00f3n a los 40 a\u00f1os de la Rerum Novarum; en ella se analiza los sistemas econ\u00f3micos de las naciones, al tiempo que reclama un orden m\u00e1s justo en el reparto de la riqueza y c) Laborem Exercens, enc\u00edclica del Papa Juan Pablo II, con motivo del centenario de la Rerum Novarum; tambi\u00e9n de tema social, el Papa expone con \u00e9nfasis los problemas del sindicato y del mundo del trabajo, tanto en la sociedad capitalista como socialista, con una especial alusi\u00f3n al movimiento cat\u00f3lico y sindical de Polonia encarnado en \u00b4\u00b4solidaridad\u00b4\u00b4 y Lech Walesa como principal actor protag\u00f3nico.<\/p>\n<p>Es decir, con Juan Pablo, estamos en presencia de un pol\u00edtico realmente preparado de manera integral para asumir con responsabilidad y con honestidad las riendas de la gobernaci\u00f3n del Estado Zulia; seguro estoy, que dentro de muy poco tiempo nos ufanaremos de tener un gobernante que har\u00e1 brillar al Zulia como potencia nacional y que nos convertir\u00e1 en el Estado piloto de cambios, de progreso y de calidad de vida; a pesar de que los problemas causados por los comunistas cubanos en estos 18 a\u00f1os de ejercicio retr\u00f3grado del poder no ser\u00e1n f\u00e1ciles de resolver; el deterioro causado por Arias C\u00e1rdenas en el Zulia, el gobernante m\u00e1s corrupto de los \u00faltimos 200 a\u00f1os y del engendro a nivel nacional, ligado al narcotr\u00e1fico y terrorismo internacional son impresionantes.<\/p>\n","protected":false},"excerpt":{"rendered":"<p>&nbsp; JUAN PABLO, GOBERNADOR Por: Marlon S, Jim\u00e9nez Garc\u00eda Profesor universitario. Juan Pablo, Guanipa Villalobos, es una persona que encarna por su propia naturaleza humana, por su formaci\u00f3n acad\u00e9mica, por la \u00e9tica como relaci\u00f3n&#46;&#46;&#46;<\/p>\n","protected":false},"author":2,"featured_media":379,"comment_status":"open","ping_status":"open","sticky":false,"template":"","format":"standard","meta":{"_acf_changed":false,"om_disable_all_campaigns":false,"rop_custom_images_group":[],"rop_custom_messages_group":[],"rop_publish_now":"initial","rop_publish_now_accounts":{"twitter_242054905_242054905":""},"rop_publish_now_history":[],"rop_publish_now_status":"pending","_uf_show_specific_survey":0,"_uf_disable_surveys":false,"footnotes":""},"categories":[12],"tags":[],"class_list":["post-604","post","type-post","status-publish","format-standard","has-post-thumbnail","hentry","category-opinion"],"acf":[],"aioseo_notices":[],"yoast_head":"<!-- This site is optimized with the Yoast SEO Premium plugin v24.9 (Yoast SEO v27.2) - https:\/\/yoast.com\/product\/yoast-seo-premium-wordpress\/ -->\n<title>JUAN PABLO, GOBERNADOR Por: Marlon S, Jim\u00e9nez Garc\u00eda - Venezuela | Noti-America.com<\/title>\n<meta name=\"robots\" content=\"index, follow, max-snippet:-1, max-image-preview:large, max-video-preview:-1\" \/>\n<link rel=\"canonical\" href=\"https:\/\/noti-america.com\/site\/venezuela\/2017\/09\/22\/juan-pablo-gobernador-por-marlon-s-jimenez-garcia\/\" \/>\n<meta property=\"og:locale\" content=\"es_ES\" \/>\n<meta property=\"og:type\" content=\"article\" \/>\n<meta property=\"og:title\" content=\"JUAN PABLO, GOBERNADOR Por: Marlon S, Jim\u00e9nez Garc\u00eda\" \/>\n<meta property=\"og:description\" content=\"&nbsp; JUAN PABLO, GOBERNADOR Por: Marlon S, Jim\u00e9nez Garc\u00eda Profesor universitario. Juan Pablo, Guanipa Villalobos, es una persona que encarna por su propia naturaleza humana, por su formaci\u00f3n acad\u00e9mica, por la \u00e9tica como relaci\u00f3n&#046;&#046;&#046;\" \/>\n<meta property=\"og:url\" content=\"https:\/\/noti-america.com\/site\/venezuela\/2017\/09\/22\/juan-pablo-gobernador-por-marlon-s-jimenez-garcia\/\" \/>\n<meta property=\"og:site_name\" content=\"Venezuela | Noti-America.com\" \/>\n<meta property=\"article:published_time\" content=\"2017-09-22T15:45:53+00:00\" \/>\n<meta property=\"og:image\" content=\"https:\/\/noti-america.com\/site\/venezuela\/wp-content\/uploads\/sites\/2\/2017\/08\/maron-jimenez.jpg\" \/>\n\t<meta property=\"og:image:width\" content=\"259\" \/>\n\t<meta property=\"og:image:height\" content=\"194\" \/>\n\t<meta property=\"og:image:type\" content=\"image\/jpeg\" \/>\n<meta name=\"author\" content=\"rloaiza\" \/>\n<meta name=\"twitter:card\" content=\"summary_large_image\" \/>\n<meta name=\"twitter:label1\" content=\"Escrito por\" \/>\n\t<meta name=\"twitter:data1\" content=\"rloaiza\" \/>\n\t<meta name=\"twitter:label2\" content=\"Tiempo estimado de lectura\" \/>\n\t<meta name=\"twitter:data2\" content=\"3 minutos\" \/>\n<script type=\"application\/ld+json\" class=\"yoast-schema-graph\">{\"@context\":\"https:\/\/schema.org\",\"@graph\":[{\"@type\":\"Article\",\"@id\":\"https:\/\/noti-america.com\/site\/venezuela\/2017\/09\/22\/juan-pablo-gobernador-por-marlon-s-jimenez-garcia\/#article\",\"isPartOf\":{\"@id\":\"https:\/\/noti-america.com\/site\/venezuela\/2017\/09\/22\/juan-pablo-gobernador-por-marlon-s-jimenez-garcia\/\"},\"author\":{\"name\":\"rloaiza\",\"@id\":\"https:\/\/noti-america.com\/site\/venezuela\/#\/schema\/person\/a2e478ba496331ce89bcd0c731cd6533\"},\"headline\":\"JUAN PABLO, GOBERNADOR Por: Marlon S, Jim\u00e9nez Garc\u00eda\",\"datePublished\":\"2017-09-22T15:45:53+00:00\",\"mainEntityOfPage\":{\"@id\":\"https:\/\/noti-america.com\/site\/venezuela\/2017\/09\/22\/juan-pablo-gobernador-por-marlon-s-jimenez-garcia\/\"},\"wordCount\":580,\"commentCount\":0,\"publisher\":{\"@id\":\"https:\/\/noti-america.com\/site\/venezuela\/#organization\"},\"image\":{\"@id\":\"https:\/\/noti-america.com\/site\/venezuela\/2017\/09\/22\/juan-pablo-gobernador-por-marlon-s-jimenez-garcia\/#primaryimage\"},\"thumbnailUrl\":\"https:\/\/noti-america.com\/site\/venezuela\/wp-content\/uploads\/sites\/2\/2017\/08\/maron-jimenez.jpg\",\"articleSection\":[\"Opini\u00f3n\"],\"inLanguage\":\"es\",\"potentialAction\":[{\"@type\":\"CommentAction\",\"name\":\"Comment\",\"target\":[\"https:\/\/noti-america.com\/site\/venezuela\/2017\/09\/22\/juan-pablo-gobernador-por-marlon-s-jimenez-garcia\/#respond\"]}]},{\"@type\":\"WebPage\",\"@id\":\"https:\/\/noti-america.com\/site\/venezuela\/2017\/09\/22\/juan-pablo-gobernador-por-marlon-s-jimenez-garcia\/\",\"url\":\"https:\/\/noti-america.com\/site\/venezuela\/2017\/09\/22\/juan-pablo-gobernador-por-marlon-s-jimenez-garcia\/\",\"name\":\"JUAN PABLO, GOBERNADOR Por: Marlon S, Jim\u00e9nez Garc\u00eda - Venezuela | Noti-America.com\",\"isPartOf\":{\"@id\":\"https:\/\/noti-america.com\/site\/venezuela\/#website\"},\"primaryImageOfPage\":{\"@id\":\"https:\/\/noti-america.com\/site\/venezuela\/2017\/09\/22\/juan-pablo-gobernador-por-marlon-s-jimenez-garcia\/#primaryimage\"},\"image\":{\"@id\":\"https:\/\/noti-america.com\/site\/venezuela\/2017\/09\/22\/juan-pablo-gobernador-por-marlon-s-jimenez-garcia\/#primaryimage\"},\"thumbnailUrl\":\"https:\/\/noti-america.com\/site\/venezuela\/wp-content\/uploads\/sites\/2\/2017\/08\/maron-jimenez.jpg\",\"datePublished\":\"2017-09-22T15:45:53+00:00\",\"breadcrumb\":{\"@id\":\"https:\/\/noti-america.com\/site\/venezuela\/2017\/09\/22\/juan-pablo-gobernador-por-marlon-s-jimenez-garcia\/#breadcrumb\"},\"inLanguage\":\"es\",\"potentialAction\":[{\"@type\":\"ReadAction\",\"target\":[\"https:\/\/noti-america.com\/site\/venezuela\/2017\/09\/22\/juan-pablo-gobernador-por-marlon-s-jimenez-garcia\/\"]}]},{\"@type\":\"ImageObject\",\"inLanguage\":\"es\",\"@id\":\"https:\/\/noti-america.com\/site\/venezuela\/2017\/09\/22\/juan-pablo-gobernador-por-marlon-s-jimenez-garcia\/#primaryimage\",\"url\":\"https:\/\/noti-america.com\/site\/venezuela\/wp-content\/uploads\/sites\/2\/2017\/08\/maron-jimenez.jpg\",\"contentUrl\":\"https:\/\/noti-america.com\/site\/venezuela\/wp-content\/uploads\/sites\/2\/2017\/08\/maron-jimenez.jpg\",\"width\":259,\"height\":194},{\"@type\":\"BreadcrumbList\",\"@id\":\"https:\/\/noti-america.com\/site\/venezuela\/2017\/09\/22\/juan-pablo-gobernador-por-marlon-s-jimenez-garcia\/#breadcrumb\",\"itemListElement\":[{\"@type\":\"ListItem\",\"position\":1,\"name\":\"Portada\",\"item\":\"https:\/\/noti-america.com\/site\/venezuela\/\"},{\"@type\":\"ListItem\",\"position\":2,\"name\":\"JUAN PABLO, GOBERNADOR Por: Marlon S, Jim\u00e9nez Garc\u00eda\"}]},{\"@type\":\"WebSite\",\"@id\":\"https:\/\/noti-america.com\/site\/venezuela\/#website\",\"url\":\"https:\/\/noti-america.com\/site\/venezuela\/\",\"name\":\"Venezuela | Noti-America.com\",\"description\":\"\",\"publisher\":{\"@id\":\"https:\/\/noti-america.com\/site\/venezuela\/#organization\"},\"potentialAction\":[{\"@type\":\"SearchAction\",\"target\":{\"@type\":\"EntryPoint\",\"urlTemplate\":\"https:\/\/noti-america.com\/site\/venezuela\/?s={search_term_string}\"},\"query-input\":{\"@type\":\"PropertyValueSpecification\",\"valueRequired\":true,\"valueName\":\"search_term_string\"}}],\"inLanguage\":\"es\"},{\"@type\":\"Organization\",\"@id\":\"https:\/\/noti-america.com\/site\/venezuela\/#organization\",\"name\":\"Noti-America LLC | Venezuela\",\"url\":\"https:\/\/noti-america.com\/site\/venezuela\/\",\"logo\":{\"@type\":\"ImageObject\",\"inLanguage\":\"es\",\"@id\":\"https:\/\/noti-america.com\/site\/venezuela\/#\/schema\/logo\/image\/\",\"url\":\"https:\/\/noti-america.com\/site\/venezuela\/wp-content\/uploads\/sites\/2\/2020\/07\/LogoNA-4x3-1.jpg\",\"contentUrl\":\"https:\/\/noti-america.com\/site\/venezuela\/wp-content\/uploads\/sites\/2\/2020\/07\/LogoNA-4x3-1.jpg\",\"width\":1236,\"height\":1080,\"caption\":\"Noti-America LLC | Venezuela\"},\"image\":{\"@id\":\"https:\/\/noti-america.com\/site\/venezuela\/#\/schema\/logo\/image\/\"}},{\"@type\":\"Person\",\"@id\":\"https:\/\/noti-america.com\/site\/venezuela\/#\/schema\/person\/a2e478ba496331ce89bcd0c731cd6533\",\"name\":\"rloaiza\",\"image\":{\"@type\":\"ImageObject\",\"inLanguage\":\"es\",\"@id\":\"https:\/\/secure.gravatar.com\/avatar\/190058e5d4427934610b99c45aa7a6558806850adedd53ddeddd194b04773e22?s=96&d=mm&r=g\",\"url\":\"https:\/\/secure.gravatar.com\/avatar\/190058e5d4427934610b99c45aa7a6558806850adedd53ddeddd194b04773e22?s=96&d=mm&r=g\",\"contentUrl\":\"https:\/\/secure.gravatar.com\/avatar\/190058e5d4427934610b99c45aa7a6558806850adedd53ddeddd194b04773e22?s=96&d=mm&r=g\",\"caption\":\"rloaiza\"},\"url\":\"https:\/\/noti-america.com\/site\/venezuela\/author\/rloaiza\/\"}]}<\/script>\n<!-- \/ Yoast SEO Premium plugin. -->","yoast_head_json":{"title":"JUAN PABLO, GOBERNADOR Por: Marlon S, Jim\u00e9nez Garc\u00eda - Venezuela | Noti-America.com","robots":{"index":"index","follow":"follow","max-snippet":"max-snippet:-1","max-image-preview":"max-image-preview:large","max-video-preview":"max-video-preview:-1"},"canonical":"https:\/\/noti-america.com\/site\/venezuela\/2017\/09\/22\/juan-pablo-gobernador-por-marlon-s-jimenez-garcia\/","og_locale":"es_ES","og_type":"article","og_title":"JUAN PABLO, GOBERNADOR Por: Marlon S, Jim\u00e9nez Garc\u00eda","og_description":"&nbsp; JUAN PABLO, GOBERNADOR Por: Marlon S, Jim\u00e9nez Garc\u00eda Profesor universitario. Juan Pablo, Guanipa Villalobos, es una persona que encarna por su propia naturaleza humana, por su formaci\u00f3n acad\u00e9mica, por la \u00e9tica como relaci\u00f3n&#46;&#46;&#46;","og_url":"https:\/\/noti-america.com\/site\/venezuela\/2017\/09\/22\/juan-pablo-gobernador-por-marlon-s-jimenez-garcia\/","og_site_name":"Venezuela | Noti-America.com","article_published_time":"2017-09-22T15:45:53+00:00","og_image":[{"width":259,"height":194,"url":"https:\/\/noti-america.com\/site\/venezuela\/wp-content\/uploads\/sites\/2\/2017\/08\/maron-jimenez.jpg","type":"image\/jpeg"}],"author":"rloaiza","twitter_card":"summary_large_image","twitter_misc":{"Escrito por":"rloaiza","Tiempo estimado de lectura":"3 minutos"},"schema":{"@context":"https:\/\/schema.org","@graph":[{"@type":"Article","@id":"https:\/\/noti-america.com\/site\/venezuela\/2017\/09\/22\/juan-pablo-gobernador-por-marlon-s-jimenez-garcia\/#article","isPartOf":{"@id":"https:\/\/noti-america.com\/site\/venezuela\/2017\/09\/22\/juan-pablo-gobernador-por-marlon-s-jimenez-garcia\/"},"author":{"name":"rloaiza","@id":"https:\/\/noti-america.com\/site\/venezuela\/#\/schema\/person\/a2e478ba496331ce89bcd0c731cd6533"},"headline":"JUAN PABLO, GOBERNADOR Por: Marlon S, Jim\u00e9nez Garc\u00eda","datePublished":"2017-09-22T15:45:53+00:00","mainEntityOfPage":{"@id":"https:\/\/noti-america.com\/site\/venezuela\/2017\/09\/22\/juan-pablo-gobernador-por-marlon-s-jimenez-garcia\/"},"wordCount":580,"commentCount":0,"publisher":{"@id":"https:\/\/noti-america.com\/site\/venezuela\/#organization"},"image":{"@id":"https:\/\/noti-america.com\/site\/venezuela\/2017\/09\/22\/juan-pablo-gobernador-por-marlon-s-jimenez-garcia\/#primaryimage"},"thumbnailUrl":"https:\/\/noti-america.com\/site\/venezuela\/wp-content\/uploads\/sites\/2\/2017\/08\/maron-jimenez.jpg","articleSection":["Opini\u00f3n"],"inLanguage":"es","potentialAction":[{"@type":"CommentAction","name":"Comment","target":["https:\/\/noti-america.com\/site\/venezuela\/2017\/09\/22\/juan-pablo-gobernador-por-marlon-s-jimenez-garcia\/#respond"]}]},{"@type":"WebPage","@id":"https:\/\/noti-america.com\/site\/venezuela\/2017\/09\/22\/juan-pablo-gobernador-por-marlon-s-jimenez-garcia\/","url":"https:\/\/noti-america.com\/site\/venezuela\/2017\/09\/22\/juan-pablo-gobernador-por-marlon-s-jimenez-garcia\/","name":"JUAN PABLO, GOBERNADOR Por: Marlon S, Jim\u00e9nez Garc\u00eda - Venezuela | Noti-America.com","isPartOf":{"@id":"https:\/\/noti-america.com\/site\/venezuela\/#website"},"primaryImageOfPage":{"@id":"https:\/\/noti-america.com\/site\/venezuela\/2017\/09\/22\/juan-pablo-gobernador-por-marlon-s-jimenez-garcia\/#primaryimage"},"image":{"@id":"https:\/\/noti-america.com\/site\/venezuela\/2017\/09\/22\/juan-pablo-gobernador-por-marlon-s-jimenez-garcia\/#primaryimage"},"thumbnailUrl":"https:\/\/noti-america.com\/site\/venezuela\/wp-content\/uploads\/sites\/2\/2017\/08\/maron-jimenez.jpg","datePublished":"2017-09-22T15:45:53+00:00","breadcrumb":{"@id":"https:\/\/noti-america.com\/site\/venezuela\/2017\/09\/22\/juan-pablo-gobernador-por-marlon-s-jimenez-garcia\/#breadcrumb"},"inLanguage":"es","potentialAction":[{"@type":"ReadAction","target":["https:\/\/noti-america.com\/site\/venezuela\/2017\/09\/22\/juan-pablo-gobernador-por-marlon-s-jimenez-garcia\/"]}]},{"@type":"ImageObject","inLanguage":"es","@id":"https:\/\/noti-america.com\/site\/venezuela\/2017\/09\/22\/juan-pablo-gobernador-por-marlon-s-jimenez-garcia\/#primaryimage","url":"https:\/\/noti-america.com\/site\/venezuela\/wp-content\/uploads\/sites\/2\/2017\/08\/maron-jimenez.jpg","contentUrl":"https:\/\/noti-america.com\/site\/venezuela\/wp-content\/uploads\/sites\/2\/2017\/08\/maron-jimenez.jpg","width":259,"height":194},{"@type":"BreadcrumbList","@id":"https:\/\/noti-america.com\/site\/venezuela\/2017\/09\/22\/juan-pablo-gobernador-por-marlon-s-jimenez-garcia\/#breadcrumb","itemListElement":[{"@type":"ListItem","position":1,"name":"Portada","item":"https:\/\/noti-america.com\/site\/venezuela\/"},{"@type":"ListItem","position":2,"name":"JUAN PABLO, GOBERNADOR Por: Marlon S, Jim\u00e9nez Garc\u00eda"}]},{"@type":"WebSite","@id":"https:\/\/noti-america.com\/site\/venezuela\/#website","url":"https:\/\/noti-america.com\/site\/venezuela\/","name":"Venezuela | Noti-America.com","description":"","publisher":{"@id":"https:\/\/noti-america.com\/site\/venezuela\/#organization"},"potentialAction":[{"@type":"SearchAction","target":{"@type":"EntryPoint","urlTemplate":"https:\/\/noti-america.com\/site\/venezuela\/?s={search_term_string}"},"query-input":{"@type":"PropertyValueSpecification","valueRequired":true,"valueName":"search_term_string"}}],"inLanguage":"es"},{"@type":"Organization","@id":"https:\/\/noti-america.com\/site\/venezuela\/#organization","name":"Noti-America LLC | Venezuela","url":"https:\/\/noti-america.com\/site\/venezuela\/","logo":{"@type":"ImageObject","inLanguage":"es","@id":"https:\/\/noti-america.com\/site\/venezuela\/#\/schema\/logo\/image\/","url":"https:\/\/noti-america.com\/site\/venezuela\/wp-content\/uploads\/sites\/2\/2020\/07\/LogoNA-4x3-1.jpg","contentUrl":"https:\/\/noti-america.com\/site\/venezuela\/wp-content\/uploads\/sites\/2\/2020\/07\/LogoNA-4x3-1.jpg","width":1236,"height":1080,"caption":"Noti-America LLC | Venezuela"},"image":{"@id":"https:\/\/noti-america.com\/site\/venezuela\/#\/schema\/logo\/image\/"}},{"@type":"Person","@id":"https:\/\/noti-america.com\/site\/venezuela\/#\/schema\/person\/a2e478ba496331ce89bcd0c731cd6533","name":"rloaiza","image":{"@type":"ImageObject","inLanguage":"es","@id":"https:\/\/secure.gravatar.com\/avatar\/190058e5d4427934610b99c45aa7a6558806850adedd53ddeddd194b04773e22?s=96&d=mm&r=g","url":"https:\/\/secure.gravatar.com\/avatar\/190058e5d4427934610b99c45aa7a6558806850adedd53ddeddd194b04773e22?s=96&d=mm&r=g","contentUrl":"https:\/\/secure.gravatar.com\/avatar\/190058e5d4427934610b99c45aa7a6558806850adedd53ddeddd194b04773e22?s=96&d=mm&r=g","caption":"rloaiza"},"url":"https:\/\/noti-america.com\/site\/venezuela\/author\/rloaiza\/"}]}},"_links":{"self":[{"href":"https:\/\/noti-america.com\/site\/venezuela\/wp-json\/wp\/v2\/posts\/604","targetHints":{"allow":["GET"]}}],"collection":[{"href":"https:\/\/noti-america.com\/site\/venezuela\/wp-json\/wp\/v2\/posts"}],"about":[{"href":"https:\/\/noti-america.com\/site\/venezuela\/wp-json\/wp\/v2\/types\/post"}],"author":[{"embeddable":true,"href":"https:\/\/noti-america.com\/site\/venezuela\/wp-json\/wp\/v2\/users\/2"}],"replies":[{"embeddable":true,"href":"https:\/\/noti-america.com\/site\/venezuela\/wp-json\/wp\/v2\/comments?post=604"}],"version-history":[{"count":1,"href":"https:\/\/noti-america.com\/site\/venezuela\/wp-json\/wp\/v2\/posts\/604\/revisions"}],"predecessor-version":[{"id":605,"href":"https:\/\/noti-america.com\/site\/venezuela\/wp-json\/wp\/v2\/posts\/604\/revisions\/605"}],"wp:featuredmedia":[{"embeddable":true,"href":"https:\/\/noti-america.com\/site\/venezuela\/wp-json\/wp\/v2\/media\/379"}],"wp:attachment":[{"href":"https:\/\/noti-america.com\/site\/venezuela\/wp-json\/wp\/v2\/media?parent=604"}],"wp:term":[{"taxonomy":"category","embeddable":true,"href":"https:\/\/noti-america.com\/site\/venezuela\/wp-json\/wp\/v2\/categories?post=604"},{"taxonomy":"post_tag","embeddable":true,"href":"https:\/\/noti-america.com\/site\/venezuela\/wp-json\/wp\/v2\/tags?post=604"}],"curies":[{"name":"wp","href":"https:\/\/api.w.org\/{rel}","templated":true}]}}