{"id":6022,"date":"2019-03-31T12:34:25","date_gmt":"2019-03-31T12:34:25","guid":{"rendered":"http:\/\/noti-america.com\/site\/venezuela\/?p=6022"},"modified":"2019-03-31T12:34:25","modified_gmt":"2019-03-31T12:34:25","slug":"mozambique-mas-de-700-muertos-ha-dejado-el-ciclon-idai","status":"publish","type":"post","link":"https:\/\/noti-america.com\/site\/venezuela\/2019\/03\/31\/mozambique-mas-de-700-muertos-ha-dejado-el-ciclon-idai\/","title":{"rendered":"Mozambique: M\u00e1s de 700 muertos ha dejado el cicl\u00f3n \u00abIdai\u00bb"},"content":{"rendered":"<p><img decoding=\"async\" class=\"aligncenter\" src=\"https:\/\/www.laneta.com\/s3-cached\/portal-laneta\/OrvilBrice%C3%B1o\/mozambique-mas-de-700-muertos-ha-dejado-el-ciclon-idai-02-20190330629592959\" alt=\"Mozambique: M\u00c3\u00a1s de 700 muertos ha dejado el cicl\u00c3\u00b3n &quot;Idai&quot; Image 2\" \/><\/p>\n<p style=\"text-align: justify\">A 733 se eleva la cifra de muertos en el pa\u00eds asi\u00e1tico Mozambique, luego que el pasado 14 de marzo el cicl\u00f3n \u00abIdai\u00bb con r\u00e1fagas de vientos sobre los 180 kil\u00f3metros por hora devasto gran parte de esta naci\u00f3n. Los detalles fueron difundidos por el canal espa\u00f1ol TVE.<\/p>\n<p style=\"text-align: justify\">Se presume esta cifra aumente debido a los miles de desaparecidos, aunado a la proliferaci\u00f3n del c\u00f3lera entre sus habitantes.<\/p>\n","protected":false},"excerpt":{"rendered":"<p>A 733 se eleva la cifra de muertos en el pa\u00eds asi\u00e1tico Mozambique, luego que el pasado 14 de marzo el cicl\u00f3n \u00abIdai\u00bb con r\u00e1fagas de vientos sobre los 180 kil\u00f3metros por hora devasto&#46;&#46;&#46;<\/p>\n","protected":false},"author":45,"featured_media":6023,"comment_status":"open","ping_status":"open","sticky":false,"template":"","format":"standard","meta":{"_acf_changed":false,"om_disable_all_campaigns":false,"rop_custom_images_group":[],"rop_custom_messages_group":[],"rop_publish_now":"initial","rop_publish_now_accounts":{"twitter_242054905_242054905":""},"rop_publish_now_history":[],"rop_publish_now_status":"pending","_uf_show_specific_survey":0,"_uf_disable_surveys":false,"footnotes":""},"categories":[4],"tags":[],"class_list":["post-6022","post","type-post","status-publish","format-standard","has-post-thumbnail","hentry","category-internacionales"],"acf":[],"aioseo_notices":[],"yoast_head":"<!-- This site is optimized with the Yoast SEO Premium plugin v24.9 (Yoast SEO v27.2) - https:\/\/yoast.com\/product\/yoast-seo-premium-wordpress\/ -->\n<title>Mozambique: M\u00e1s de 700 muertos ha dejado el cicl\u00f3n &quot;Idai&quot; - Venezuela | Noti-America.com<\/title>\n<meta name=\"robots\" content=\"index, follow, max-snippet:-1, max-image-preview:large, max-video-preview:-1\" \/>\n<link rel=\"canonical\" href=\"https:\/\/noti-america.com\/site\/venezuela\/2019\/03\/31\/mozambique-mas-de-700-muertos-ha-dejado-el-ciclon-idai\/\" \/>\n<meta property=\"og:locale\" content=\"es_ES\" \/>\n<meta property=\"og:type\" content=\"article\" \/>\n<meta property=\"og:title\" content=\"Mozambique: M\u00e1s de 700 muertos ha dejado el cicl\u00f3n &quot;Idai&quot;\" \/>\n<meta property=\"og:description\" content=\"A 733 se eleva la cifra de muertos en el pa\u00eds asi\u00e1tico Mozambique, luego que el pasado 14 de marzo el cicl\u00f3n \u00abIdai\u00bb con r\u00e1fagas de vientos sobre los 180 kil\u00f3metros por hora devasto&#046;&#046;&#046;\" \/>\n<meta property=\"og:url\" content=\"https:\/\/noti-america.com\/site\/venezuela\/2019\/03\/31\/mozambique-mas-de-700-muertos-ha-dejado-el-ciclon-idai\/\" \/>\n<meta property=\"og:site_name\" content=\"Venezuela | Noti-America.com\" \/>\n<meta property=\"article:published_time\" content=\"2019-03-31T12:34:25+00:00\" \/>\n<meta property=\"og:image\" content=\"https:\/\/noti-america.com\/site\/venezuela\/wp-content\/uploads\/sites\/2\/2019\/03\/mozambique-mas-de-700-muertos-ha-dejado-el-ciclon-idai-02-20190330629592959.jpg\" \/>\n\t<meta property=\"og:image:width\" content=\"900\" \/>\n\t<meta property=\"og:image:height\" content=\"530\" \/>\n\t<meta property=\"og:image:type\" content=\"image\/jpeg\" \/>\n<meta name=\"author\" content=\"Marilyn Oviedo\" \/>\n<meta name=\"twitter:card\" content=\"summary_large_image\" \/>\n<meta name=\"twitter:label1\" content=\"Escrito por\" \/>\n\t<meta name=\"twitter:data1\" content=\"Marilyn Oviedo\" \/>\n<script type=\"application\/ld+json\" class=\"yoast-schema-graph\">{\"@context\":\"https:\/\/schema.org\",\"@graph\":[{\"@type\":\"Article\",\"@id\":\"https:\/\/noti-america.com\/site\/venezuela\/2019\/03\/31\/mozambique-mas-de-700-muertos-ha-dejado-el-ciclon-idai\/#article\",\"isPartOf\":{\"@id\":\"https:\/\/noti-america.com\/site\/venezuela\/2019\/03\/31\/mozambique-mas-de-700-muertos-ha-dejado-el-ciclon-idai\/\"},\"author\":{\"name\":\"Marilyn Oviedo\",\"@id\":\"https:\/\/noti-america.com\/site\/venezuela\/#\/schema\/person\/17a6ee8c9af7fe2da084805f2d45e6ef\"},\"headline\":\"Mozambique: M\u00e1s de 700 muertos ha dejado el cicl\u00f3n \u00abIdai\u00bb\",\"datePublished\":\"2019-03-31T12:34:25+00:00\",\"mainEntityOfPage\":{\"@id\":\"https:\/\/noti-america.com\/site\/venezuela\/2019\/03\/31\/mozambique-mas-de-700-muertos-ha-dejado-el-ciclon-idai\/\"},\"wordCount\":85,\"commentCount\":0,\"publisher\":{\"@id\":\"https:\/\/noti-america.com\/site\/venezuela\/#organization\"},\"image\":{\"@id\":\"https:\/\/noti-america.com\/site\/venezuela\/2019\/03\/31\/mozambique-mas-de-700-muertos-ha-dejado-el-ciclon-idai\/#primaryimage\"},\"thumbnailUrl\":\"https:\/\/noti-america.com\/site\/venezuela\/wp-content\/uploads\/sites\/2\/2019\/03\/mozambique-mas-de-700-muertos-ha-dejado-el-ciclon-idai-02-20190330629592959.jpg\",\"articleSection\":[\"Internacionales\"],\"inLanguage\":\"es\",\"potentialAction\":[{\"@type\":\"CommentAction\",\"name\":\"Comment\",\"target\":[\"https:\/\/noti-america.com\/site\/venezuela\/2019\/03\/31\/mozambique-mas-de-700-muertos-ha-dejado-el-ciclon-idai\/#respond\"]}]},{\"@type\":\"WebPage\",\"@id\":\"https:\/\/noti-america.com\/site\/venezuela\/2019\/03\/31\/mozambique-mas-de-700-muertos-ha-dejado-el-ciclon-idai\/\",\"url\":\"https:\/\/noti-america.com\/site\/venezuela\/2019\/03\/31\/mozambique-mas-de-700-muertos-ha-dejado-el-ciclon-idai\/\",\"name\":\"Mozambique: M\u00e1s de 700 muertos ha dejado el cicl\u00f3n \\\"Idai\\\" - Venezuela | Noti-America.com\",\"isPartOf\":{\"@id\":\"https:\/\/noti-america.com\/site\/venezuela\/#website\"},\"primaryImageOfPage\":{\"@id\":\"https:\/\/noti-america.com\/site\/venezuela\/2019\/03\/31\/mozambique-mas-de-700-muertos-ha-dejado-el-ciclon-idai\/#primaryimage\"},\"image\":{\"@id\":\"https:\/\/noti-america.com\/site\/venezuela\/2019\/03\/31\/mozambique-mas-de-700-muertos-ha-dejado-el-ciclon-idai\/#primaryimage\"},\"thumbnailUrl\":\"https:\/\/noti-america.com\/site\/venezuela\/wp-content\/uploads\/sites\/2\/2019\/03\/mozambique-mas-de-700-muertos-ha-dejado-el-ciclon-idai-02-20190330629592959.jpg\",\"datePublished\":\"2019-03-31T12:34:25+00:00\",\"breadcrumb\":{\"@id\":\"https:\/\/noti-america.com\/site\/venezuela\/2019\/03\/31\/mozambique-mas-de-700-muertos-ha-dejado-el-ciclon-idai\/#breadcrumb\"},\"inLanguage\":\"es\",\"potentialAction\":[{\"@type\":\"ReadAction\",\"target\":[\"https:\/\/noti-america.com\/site\/venezuela\/2019\/03\/31\/mozambique-mas-de-700-muertos-ha-dejado-el-ciclon-idai\/\"]}]},{\"@type\":\"ImageObject\",\"inLanguage\":\"es\",\"@id\":\"https:\/\/noti-america.com\/site\/venezuela\/2019\/03\/31\/mozambique-mas-de-700-muertos-ha-dejado-el-ciclon-idai\/#primaryimage\",\"url\":\"https:\/\/noti-america.com\/site\/venezuela\/wp-content\/uploads\/sites\/2\/2019\/03\/mozambique-mas-de-700-muertos-ha-dejado-el-ciclon-idai-02-20190330629592959.jpg\",\"contentUrl\":\"https:\/\/noti-america.com\/site\/venezuela\/wp-content\/uploads\/sites\/2\/2019\/03\/mozambique-mas-de-700-muertos-ha-dejado-el-ciclon-idai-02-20190330629592959.jpg\",\"width\":900,\"height\":530},{\"@type\":\"BreadcrumbList\",\"@id\":\"https:\/\/noti-america.com\/site\/venezuela\/2019\/03\/31\/mozambique-mas-de-700-muertos-ha-dejado-el-ciclon-idai\/#breadcrumb\",\"itemListElement\":[{\"@type\":\"ListItem\",\"position\":1,\"name\":\"Portada\",\"item\":\"https:\/\/noti-america.com\/site\/venezuela\/\"},{\"@type\":\"ListItem\",\"position\":2,\"name\":\"Mozambique: M\u00e1s de 700 muertos ha dejado el cicl\u00f3n \u00abIdai\u00bb\"}]},{\"@type\":\"WebSite\",\"@id\":\"https:\/\/noti-america.com\/site\/venezuela\/#website\",\"url\":\"https:\/\/noti-america.com\/site\/venezuela\/\",\"name\":\"Venezuela | Noti-America.com\",\"description\":\"\",\"publisher\":{\"@id\":\"https:\/\/noti-america.com\/site\/venezuela\/#organization\"},\"potentialAction\":[{\"@type\":\"SearchAction\",\"target\":{\"@type\":\"EntryPoint\",\"urlTemplate\":\"https:\/\/noti-america.com\/site\/venezuela\/?s={search_term_string}\"},\"query-input\":{\"@type\":\"PropertyValueSpecification\",\"valueRequired\":true,\"valueName\":\"search_term_string\"}}],\"inLanguage\":\"es\"},{\"@type\":\"Organization\",\"@id\":\"https:\/\/noti-america.com\/site\/venezuela\/#organization\",\"name\":\"Noti-America LLC | Venezuela\",\"url\":\"https:\/\/noti-america.com\/site\/venezuela\/\",\"logo\":{\"@type\":\"ImageObject\",\"inLanguage\":\"es\",\"@id\":\"https:\/\/noti-america.com\/site\/venezuela\/#\/schema\/logo\/image\/\",\"url\":\"https:\/\/noti-america.com\/site\/venezuela\/wp-content\/uploads\/sites\/2\/2020\/07\/LogoNA-4x3-1.jpg\",\"contentUrl\":\"https:\/\/noti-america.com\/site\/venezuela\/wp-content\/uploads\/sites\/2\/2020\/07\/LogoNA-4x3-1.jpg\",\"width\":1236,\"height\":1080,\"caption\":\"Noti-America LLC | Venezuela\"},\"image\":{\"@id\":\"https:\/\/noti-america.com\/site\/venezuela\/#\/schema\/logo\/image\/\"}},{\"@type\":\"Person\",\"@id\":\"https:\/\/noti-america.com\/site\/venezuela\/#\/schema\/person\/17a6ee8c9af7fe2da084805f2d45e6ef\",\"name\":\"Marilyn Oviedo\",\"image\":{\"@type\":\"ImageObject\",\"inLanguage\":\"es\",\"@id\":\"https:\/\/secure.gravatar.com\/avatar\/6ab070ce76f64b066017eef1247ecdeb7c01b8e99448b515919552ac2123cc84?s=96&d=mm&r=g\",\"url\":\"https:\/\/secure.gravatar.com\/avatar\/6ab070ce76f64b066017eef1247ecdeb7c01b8e99448b515919552ac2123cc84?s=96&d=mm&r=g\",\"contentUrl\":\"https:\/\/secure.gravatar.com\/avatar\/6ab070ce76f64b066017eef1247ecdeb7c01b8e99448b515919552ac2123cc84?s=96&d=mm&r=g\",\"caption\":\"Marilyn Oviedo\"},\"description\":\"Venezolana, Licenciada en Letras | Productora | Redactora de Contenidos | Community Manager.\",\"url\":\"https:\/\/noti-america.com\/site\/venezuela\/author\/moviedo\/\"}]}<\/script>\n<!-- \/ Yoast SEO Premium plugin. -->","yoast_head_json":{"title":"Mozambique: M\u00e1s de 700 muertos ha dejado el cicl\u00f3n \"Idai\" - Venezuela | Noti-America.com","robots":{"index":"index","follow":"follow","max-snippet":"max-snippet:-1","max-image-preview":"max-image-preview:large","max-video-preview":"max-video-preview:-1"},"canonical":"https:\/\/noti-america.com\/site\/venezuela\/2019\/03\/31\/mozambique-mas-de-700-muertos-ha-dejado-el-ciclon-idai\/","og_locale":"es_ES","og_type":"article","og_title":"Mozambique: M\u00e1s de 700 muertos ha dejado el cicl\u00f3n \"Idai\"","og_description":"A 733 se eleva la cifra de muertos en el pa\u00eds asi\u00e1tico Mozambique, luego que el pasado 14 de marzo el cicl\u00f3n \u00abIdai\u00bb con r\u00e1fagas de vientos sobre los 180 kil\u00f3metros por hora devasto&#46;&#46;&#46;","og_url":"https:\/\/noti-america.com\/site\/venezuela\/2019\/03\/31\/mozambique-mas-de-700-muertos-ha-dejado-el-ciclon-idai\/","og_site_name":"Venezuela | Noti-America.com","article_published_time":"2019-03-31T12:34:25+00:00","og_image":[{"width":900,"height":530,"url":"https:\/\/noti-america.com\/site\/venezuela\/wp-content\/uploads\/sites\/2\/2019\/03\/mozambique-mas-de-700-muertos-ha-dejado-el-ciclon-idai-02-20190330629592959.jpg","type":"image\/jpeg"}],"author":"Marilyn Oviedo","twitter_card":"summary_large_image","twitter_misc":{"Escrito por":"Marilyn Oviedo"},"schema":{"@context":"https:\/\/schema.org","@graph":[{"@type":"Article","@id":"https:\/\/noti-america.com\/site\/venezuela\/2019\/03\/31\/mozambique-mas-de-700-muertos-ha-dejado-el-ciclon-idai\/#article","isPartOf":{"@id":"https:\/\/noti-america.com\/site\/venezuela\/2019\/03\/31\/mozambique-mas-de-700-muertos-ha-dejado-el-ciclon-idai\/"},"author":{"name":"Marilyn Oviedo","@id":"https:\/\/noti-america.com\/site\/venezuela\/#\/schema\/person\/17a6ee8c9af7fe2da084805f2d45e6ef"},"headline":"Mozambique: M\u00e1s de 700 muertos ha dejado el cicl\u00f3n \u00abIdai\u00bb","datePublished":"2019-03-31T12:34:25+00:00","mainEntityOfPage":{"@id":"https:\/\/noti-america.com\/site\/venezuela\/2019\/03\/31\/mozambique-mas-de-700-muertos-ha-dejado-el-ciclon-idai\/"},"wordCount":85,"commentCount":0,"publisher":{"@id":"https:\/\/noti-america.com\/site\/venezuela\/#organization"},"image":{"@id":"https:\/\/noti-america.com\/site\/venezuela\/2019\/03\/31\/mozambique-mas-de-700-muertos-ha-dejado-el-ciclon-idai\/#primaryimage"},"thumbnailUrl":"https:\/\/noti-america.com\/site\/venezuela\/wp-content\/uploads\/sites\/2\/2019\/03\/mozambique-mas-de-700-muertos-ha-dejado-el-ciclon-idai-02-20190330629592959.jpg","articleSection":["Internacionales"],"inLanguage":"es","potentialAction":[{"@type":"CommentAction","name":"Comment","target":["https:\/\/noti-america.com\/site\/venezuela\/2019\/03\/31\/mozambique-mas-de-700-muertos-ha-dejado-el-ciclon-idai\/#respond"]}]},{"@type":"WebPage","@id":"https:\/\/noti-america.com\/site\/venezuela\/2019\/03\/31\/mozambique-mas-de-700-muertos-ha-dejado-el-ciclon-idai\/","url":"https:\/\/noti-america.com\/site\/venezuela\/2019\/03\/31\/mozambique-mas-de-700-muertos-ha-dejado-el-ciclon-idai\/","name":"Mozambique: M\u00e1s de 700 muertos ha dejado el cicl\u00f3n \"Idai\" - Venezuela | Noti-America.com","isPartOf":{"@id":"https:\/\/noti-america.com\/site\/venezuela\/#website"},"primaryImageOfPage":{"@id":"https:\/\/noti-america.com\/site\/venezuela\/2019\/03\/31\/mozambique-mas-de-700-muertos-ha-dejado-el-ciclon-idai\/#primaryimage"},"image":{"@id":"https:\/\/noti-america.com\/site\/venezuela\/2019\/03\/31\/mozambique-mas-de-700-muertos-ha-dejado-el-ciclon-idai\/#primaryimage"},"thumbnailUrl":"https:\/\/noti-america.com\/site\/venezuela\/wp-content\/uploads\/sites\/2\/2019\/03\/mozambique-mas-de-700-muertos-ha-dejado-el-ciclon-idai-02-20190330629592959.jpg","datePublished":"2019-03-31T12:34:25+00:00","breadcrumb":{"@id":"https:\/\/noti-america.com\/site\/venezuela\/2019\/03\/31\/mozambique-mas-de-700-muertos-ha-dejado-el-ciclon-idai\/#breadcrumb"},"inLanguage":"es","potentialAction":[{"@type":"ReadAction","target":["https:\/\/noti-america.com\/site\/venezuela\/2019\/03\/31\/mozambique-mas-de-700-muertos-ha-dejado-el-ciclon-idai\/"]}]},{"@type":"ImageObject","inLanguage":"es","@id":"https:\/\/noti-america.com\/site\/venezuela\/2019\/03\/31\/mozambique-mas-de-700-muertos-ha-dejado-el-ciclon-idai\/#primaryimage","url":"https:\/\/noti-america.com\/site\/venezuela\/wp-content\/uploads\/sites\/2\/2019\/03\/mozambique-mas-de-700-muertos-ha-dejado-el-ciclon-idai-02-20190330629592959.jpg","contentUrl":"https:\/\/noti-america.com\/site\/venezuela\/wp-content\/uploads\/sites\/2\/2019\/03\/mozambique-mas-de-700-muertos-ha-dejado-el-ciclon-idai-02-20190330629592959.jpg","width":900,"height":530},{"@type":"BreadcrumbList","@id":"https:\/\/noti-america.com\/site\/venezuela\/2019\/03\/31\/mozambique-mas-de-700-muertos-ha-dejado-el-ciclon-idai\/#breadcrumb","itemListElement":[{"@type":"ListItem","position":1,"name":"Portada","item":"https:\/\/noti-america.com\/site\/venezuela\/"},{"@type":"ListItem","position":2,"name":"Mozambique: M\u00e1s de 700 muertos ha dejado el cicl\u00f3n \u00abIdai\u00bb"}]},{"@type":"WebSite","@id":"https:\/\/noti-america.com\/site\/venezuela\/#website","url":"https:\/\/noti-america.com\/site\/venezuela\/","name":"Venezuela | Noti-America.com","description":"","publisher":{"@id":"https:\/\/noti-america.com\/site\/venezuela\/#organization"},"potentialAction":[{"@type":"SearchAction","target":{"@type":"EntryPoint","urlTemplate":"https:\/\/noti-america.com\/site\/venezuela\/?s={search_term_string}"},"query-input":{"@type":"PropertyValueSpecification","valueRequired":true,"valueName":"search_term_string"}}],"inLanguage":"es"},{"@type":"Organization","@id":"https:\/\/noti-america.com\/site\/venezuela\/#organization","name":"Noti-America LLC | Venezuela","url":"https:\/\/noti-america.com\/site\/venezuela\/","logo":{"@type":"ImageObject","inLanguage":"es","@id":"https:\/\/noti-america.com\/site\/venezuela\/#\/schema\/logo\/image\/","url":"https:\/\/noti-america.com\/site\/venezuela\/wp-content\/uploads\/sites\/2\/2020\/07\/LogoNA-4x3-1.jpg","contentUrl":"https:\/\/noti-america.com\/site\/venezuela\/wp-content\/uploads\/sites\/2\/2020\/07\/LogoNA-4x3-1.jpg","width":1236,"height":1080,"caption":"Noti-America LLC | Venezuela"},"image":{"@id":"https:\/\/noti-america.com\/site\/venezuela\/#\/schema\/logo\/image\/"}},{"@type":"Person","@id":"https:\/\/noti-america.com\/site\/venezuela\/#\/schema\/person\/17a6ee8c9af7fe2da084805f2d45e6ef","name":"Marilyn Oviedo","image":{"@type":"ImageObject","inLanguage":"es","@id":"https:\/\/secure.gravatar.com\/avatar\/6ab070ce76f64b066017eef1247ecdeb7c01b8e99448b515919552ac2123cc84?s=96&d=mm&r=g","url":"https:\/\/secure.gravatar.com\/avatar\/6ab070ce76f64b066017eef1247ecdeb7c01b8e99448b515919552ac2123cc84?s=96&d=mm&r=g","contentUrl":"https:\/\/secure.gravatar.com\/avatar\/6ab070ce76f64b066017eef1247ecdeb7c01b8e99448b515919552ac2123cc84?s=96&d=mm&r=g","caption":"Marilyn Oviedo"},"description":"Venezolana, Licenciada en Letras | Productora | Redactora de Contenidos | Community Manager.","url":"https:\/\/noti-america.com\/site\/venezuela\/author\/moviedo\/"}]}},"_links":{"self":[{"href":"https:\/\/noti-america.com\/site\/venezuela\/wp-json\/wp\/v2\/posts\/6022","targetHints":{"allow":["GET"]}}],"collection":[{"href":"https:\/\/noti-america.com\/site\/venezuela\/wp-json\/wp\/v2\/posts"}],"about":[{"href":"https:\/\/noti-america.com\/site\/venezuela\/wp-json\/wp\/v2\/types\/post"}],"author":[{"embeddable":true,"href":"https:\/\/noti-america.com\/site\/venezuela\/wp-json\/wp\/v2\/users\/45"}],"replies":[{"embeddable":true,"href":"https:\/\/noti-america.com\/site\/venezuela\/wp-json\/wp\/v2\/comments?post=6022"}],"version-history":[{"count":1,"href":"https:\/\/noti-america.com\/site\/venezuela\/wp-json\/wp\/v2\/posts\/6022\/revisions"}],"predecessor-version":[{"id":6024,"href":"https:\/\/noti-america.com\/site\/venezuela\/wp-json\/wp\/v2\/posts\/6022\/revisions\/6024"}],"wp:featuredmedia":[{"embeddable":true,"href":"https:\/\/noti-america.com\/site\/venezuela\/wp-json\/wp\/v2\/media\/6023"}],"wp:attachment":[{"href":"https:\/\/noti-america.com\/site\/venezuela\/wp-json\/wp\/v2\/media?parent=6022"}],"wp:term":[{"taxonomy":"category","embeddable":true,"href":"https:\/\/noti-america.com\/site\/venezuela\/wp-json\/wp\/v2\/categories?post=6022"},{"taxonomy":"post_tag","embeddable":true,"href":"https:\/\/noti-america.com\/site\/venezuela\/wp-json\/wp\/v2\/tags?post=6022"}],"curies":[{"name":"wp","href":"https:\/\/api.w.org\/{rel}","templated":true}]}}