{"id":5884,"date":"2019-03-27T06:18:20","date_gmt":"2019-03-27T06:18:20","guid":{"rendered":"http:\/\/noti-america.com\/site\/venezuela\/?p=5884"},"modified":"2019-03-27T06:18:20","modified_gmt":"2019-03-27T06:18:20","slug":"un-nuevo-apagon-vuelve-a-sumir-a-venezuela-en-el-caos","status":"publish","type":"post","link":"https:\/\/noti-america.com\/site\/venezuela\/2019\/03\/27\/un-nuevo-apagon-vuelve-a-sumir-a-venezuela-en-el-caos\/","title":{"rendered":"Un nuevo apag\u00f3n vuelve a sumir a Venezuela en el caos"},"content":{"rendered":"<h1><img loading=\"lazy\" decoding=\"async\" class=\"size-full wp-image-5885 aligncenter\" src=\"http:\/\/noti-america.com\/site\/venezuela\/wp-content\/uploads\/sites\/2\/2019\/03\/file_20190326182201.jpg\" alt=\"\" width=\"710\" height=\"399\" srcset=\"https:\/\/noti-america.com\/site\/venezuela\/wp-content\/uploads\/sites\/2\/2019\/03\/file_20190326182201.jpg 710w, https:\/\/noti-america.com\/site\/venezuela\/wp-content\/uploads\/sites\/2\/2019\/03\/file_20190326182201-300x169.jpg 300w\" sizes=\"auto, (max-width: 710px) 100vw, 710px\" \/><\/h1>\n<h1 id=\"articulo-titulo\" class=\"articulo-titulo \">Seg\u00fan destaca el peri\u00f3dico El Pa\u00eds: \u00abMaduro defiende una vez m\u00e1s la teor\u00eda del sabotaje, mientras Guaid\u00f3 explica que el fallo se debe a una sobrecarga\u00bb<\/h1>\n<div class=\"articulo-subtitulos\">\n<p style=\"text-align: justify\">\u00abEl apag\u00f3n registrado el lunes en Venezuela, el segundo en menos de tres semanas, volvi\u00f3 a sumir en el caos a la mayor parte del pa\u00eds. Los cortes el\u00e9ctricos, que afectaron a Caracas y 17 Estados, paralizaron las actividades comerciales y escolares. El normal funcionamiento de las comunicaciones y los transportes qued\u00f3 interrumpido y los venezolanos afrontaron de nuevo, durante m\u00e1s de un d\u00eda, un panorama de incertidumbre.\u00a0El Gobierno de Nicol\u00e1s Maduro defiende una vez m\u00e1s la teor\u00eda del sabotaje, mientras Juan Guaid\u00f3 explic\u00f3 que el fallo se debe a una sobrecarga\u00bb.<\/p>\n<p style=\"text-align: justify\">La grave crisis pol\u00edtica y de gesti\u00f3n que sufre Venezuela se vio reflejada nuevamente en el colapso del sistema el\u00e9ctrico. El lunes, a primera hora de la tarde,el pa\u00eds volvi\u00f3 a quedarse sin luz. Poco despu\u00e9s el servicio volvi\u00f3 a reanudarse parcialmente en Caracas y algunos Estados. El r\u00e9gimen asegur\u00f3 que en esta ocasi\u00f3n dio soluci\u00f3n al problema \u201cen tiempo r\u00e9cord\u201d. Aun as\u00ed, minutos antes de las 10 de la noche Venezuela volvi\u00f3 a quedarse a oscuras y la ma\u00f1ana de este martes varias regiones del pa\u00eds segu\u00edan sin luz 20 horas despu\u00e9s.<\/p>\n<\/div>\n<p style=\"text-align: justify\">El apag\u00f3n repercuti\u00f3 en las operaciones del aeropuerto de Maiquet\u00eda, que presentaba grandes retrasos. Hospitales de la capital, Barcelona, Barinas o Apure est\u00e1n sin agua y en Barquisimeto, unos 100 enfermos renales esperan atenci\u00f3n despu\u00e9s de que fueran suspendidos los servicios m\u00e9dicos en el Hospital Divina Pastora, denunciaron los pacientes. El \u00faltimo fallo el\u00e9ctrico, se inici\u00f3\u00a0el pasado 7 de marzo y dur\u00f3 m\u00e1s de 100 horas. Entonces murieron al menos una veintena de personas, seg\u00fan organizaciones pr\u00f3ximas a la oposici\u00f3n, principalmente en centros sanitarios que se quedaron sin suministro. Tambi\u00e9n se produjeron cientos de saqueos, sobre todo en Maracaibo.<\/p>\n<p style=\"text-align: justify\">Los venezolanos volvieron a asomarse este martes a esa situaci\u00f3n de confusi\u00f3n y desolaci\u00f3n. Seg\u00fan Juan Guaid\u00f3 el apag\u00f3n se debi\u00f3 a una sobrecarga en el sistema de subestaciones y cuestion\u00f3 que el r\u00e9gimen de Maduro ponga en riesgo lo poco que queda de la infraestructura el\u00e9ctrica en el pa\u00eds. \u201cA pesar de la persecuci\u00f3n y la intimidaci\u00f3n, hay gente honesta en Corpoelec y gracias a ellos podemos saber qu\u00e9 est\u00e1 pasando. La informaci\u00f3n que tenemos sobre el apag\u00f3n habla de sobrecarga en el sistema de subestaciones, por una falla el\u00e9ctrica en la l\u00ednea San Jer\u00f3nimo \u2013La Horqueta\u2013 La Arenosa\u201d, escribi\u00f3 en su cuenta de Twitter. Guaid\u00f3 asegur\u00f3 que Maduro, adem\u00e1s de usurpar el poder, usurpa la paz de los venezolanos. \u201cEste apag\u00f3n pone en evidencia que el dictador es incapaz de dar con una soluci\u00f3n a la crisis\u00bb, escribi\u00f3.<\/p>\n<p style=\"text-align: justify\">Las autoridades, en cambio,\u00a0no han abandonado la teor\u00eda del sabotaje. Ya el 7 de marzo, acusaron a Estados Unidos de urdir un complot con el apoyo interno de la Asamblea Nacional. \u201cEl sistema el\u00e9ctrico nacional sufri\u00f3 dos arteros ataques terroristas de manos de violentos que han hecho de la siembra de zozobra a la poblaci\u00f3n su instrumento para lograr sus fines desestabilizadores y saciar sus ansias de poder\u201d. Este es el diagn\u00f3stico del Gobierno chavista, difundido por el propio Nicol\u00e1s Maduro. \u201cCada ataque contra la tranquilidad y la estabilidad de la patria, se encontrar\u00e1 con la respuesta contundente de un pueblo movilizado, en uni\u00f3n c\u00edvico-militar, que jam\u00e1s se rendir\u00e1 ante ning\u00fan imperio\u201d, mantuvo el sucesor de Hugo Ch\u00e1vez a trav\u00e9s de las redes sociales. \u201cLos criminales generaron un incendio en el patio de 765 de Guri, con la intenci\u00f3n aviesa de da\u00f1ar de modo definitivo la generaci\u00f3n y transmisi\u00f3n de la carga\u201d, mantuvo el ministro de Comunicaci\u00f3n, Jorge Rodr\u00edguez.<\/p>\n","protected":false},"excerpt":{"rendered":"<p>Seg\u00fan destaca el peri\u00f3dico El Pa\u00eds: \u00abMaduro defiende una vez m\u00e1s la teor\u00eda del sabotaje, mientras Guaid\u00f3 explica que el fallo se debe a una sobrecarga\u00bb \u00abEl apag\u00f3n registrado el lunes en Venezuela, el&#46;&#46;&#46;<\/p>\n","protected":false},"author":4,"featured_media":5885,"comment_status":"open","ping_status":"open","sticky":false,"template":"","format":"standard","meta":{"_acf_changed":false,"om_disable_all_campaigns":false,"rop_custom_images_group":[],"rop_custom_messages_group":[],"rop_publish_now":"initial","rop_publish_now_accounts":{"twitter_242054905_242054905":""},"rop_publish_now_history":[],"rop_publish_now_status":"pending","_uf_show_specific_survey":0,"_uf_disable_surveys":false,"footnotes":""},"categories":[156],"tags":[],"class_list":["post-5884","post","type-post","status-publish","format-standard","has-post-thumbnail","hentry","category-venezuela"],"acf":[],"aioseo_notices":[],"yoast_head":"<!-- This site is optimized with the Yoast SEO Premium plugin v24.9 (Yoast SEO v27.2) - https:\/\/yoast.com\/product\/yoast-seo-premium-wordpress\/ -->\n<title>Un nuevo apag\u00f3n vuelve a sumir a Venezuela en el caos - Venezuela | Noti-America.com<\/title>\n<meta name=\"robots\" content=\"index, follow, max-snippet:-1, max-image-preview:large, max-video-preview:-1\" \/>\n<link rel=\"canonical\" href=\"https:\/\/noti-america.com\/site\/venezuela\/2019\/03\/27\/un-nuevo-apagon-vuelve-a-sumir-a-venezuela-en-el-caos\/\" \/>\n<meta property=\"og:locale\" content=\"es_ES\" \/>\n<meta property=\"og:type\" content=\"article\" \/>\n<meta property=\"og:title\" content=\"Un nuevo apag\u00f3n vuelve a sumir a Venezuela en el caos\" \/>\n<meta property=\"og:description\" content=\"Seg\u00fan destaca el peri\u00f3dico El Pa\u00eds: \u00abMaduro defiende una vez m\u00e1s la teor\u00eda del sabotaje, mientras Guaid\u00f3 explica que el fallo se debe a una sobrecarga\u00bb \u00abEl apag\u00f3n registrado el lunes en Venezuela, el&#046;&#046;&#046;\" \/>\n<meta property=\"og:url\" content=\"https:\/\/noti-america.com\/site\/venezuela\/2019\/03\/27\/un-nuevo-apagon-vuelve-a-sumir-a-venezuela-en-el-caos\/\" \/>\n<meta property=\"og:site_name\" content=\"Venezuela | Noti-America.com\" \/>\n<meta property=\"article:author\" content=\"https:\/\/www.facebook.com\/AndresSalazarTV\/\" \/>\n<meta property=\"article:published_time\" content=\"2019-03-27T06:18:20+00:00\" \/>\n<meta property=\"og:image\" content=\"https:\/\/noti-america.com\/site\/venezuela\/wp-content\/uploads\/sites\/2\/2019\/03\/file_20190326182201.jpg\" \/>\n\t<meta property=\"og:image:width\" content=\"710\" \/>\n\t<meta property=\"og:image:height\" content=\"399\" \/>\n\t<meta property=\"og:image:type\" content=\"image\/jpeg\" \/>\n<meta name=\"author\" content=\"Andr\u00e9s Salazar TV\" \/>\n<meta name=\"twitter:card\" content=\"summary_large_image\" \/>\n<meta name=\"twitter:label1\" content=\"Escrito por\" \/>\n\t<meta name=\"twitter:data1\" content=\"Andr\u00e9s Salazar TV\" \/>\n\t<meta name=\"twitter:label2\" content=\"Tiempo estimado de lectura\" \/>\n\t<meta name=\"twitter:data2\" content=\"3 minutos\" \/>\n<script type=\"application\/ld+json\" class=\"yoast-schema-graph\">{\"@context\":\"https:\/\/schema.org\",\"@graph\":[{\"@type\":\"Article\",\"@id\":\"https:\/\/noti-america.com\/site\/venezuela\/2019\/03\/27\/un-nuevo-apagon-vuelve-a-sumir-a-venezuela-en-el-caos\/#article\",\"isPartOf\":{\"@id\":\"https:\/\/noti-america.com\/site\/venezuela\/2019\/03\/27\/un-nuevo-apagon-vuelve-a-sumir-a-venezuela-en-el-caos\/\"},\"author\":{\"name\":\"Andr\u00e9s Salazar TV\",\"@id\":\"https:\/\/noti-america.com\/site\/venezuela\/#\/schema\/person\/5536bbfd0e2b9220dabb68be6a79e6a2\"},\"headline\":\"Un nuevo apag\u00f3n vuelve a sumir a Venezuela en el caos\",\"datePublished\":\"2019-03-27T06:18:20+00:00\",\"mainEntityOfPage\":{\"@id\":\"https:\/\/noti-america.com\/site\/venezuela\/2019\/03\/27\/un-nuevo-apagon-vuelve-a-sumir-a-venezuela-en-el-caos\/\"},\"wordCount\":690,\"commentCount\":0,\"publisher\":{\"@id\":\"https:\/\/noti-america.com\/site\/venezuela\/#organization\"},\"image\":{\"@id\":\"https:\/\/noti-america.com\/site\/venezuela\/2019\/03\/27\/un-nuevo-apagon-vuelve-a-sumir-a-venezuela-en-el-caos\/#primaryimage\"},\"thumbnailUrl\":\"https:\/\/noti-america.com\/site\/venezuela\/wp-content\/uploads\/sites\/2\/2019\/03\/file_20190326182201.jpg\",\"articleSection\":[\"Venezuela\"],\"inLanguage\":\"es\",\"potentialAction\":[{\"@type\":\"CommentAction\",\"name\":\"Comment\",\"target\":[\"https:\/\/noti-america.com\/site\/venezuela\/2019\/03\/27\/un-nuevo-apagon-vuelve-a-sumir-a-venezuela-en-el-caos\/#respond\"]}]},{\"@type\":\"WebPage\",\"@id\":\"https:\/\/noti-america.com\/site\/venezuela\/2019\/03\/27\/un-nuevo-apagon-vuelve-a-sumir-a-venezuela-en-el-caos\/\",\"url\":\"https:\/\/noti-america.com\/site\/venezuela\/2019\/03\/27\/un-nuevo-apagon-vuelve-a-sumir-a-venezuela-en-el-caos\/\",\"name\":\"Un nuevo apag\u00f3n vuelve a sumir a Venezuela en el caos - Venezuela | Noti-America.com\",\"isPartOf\":{\"@id\":\"https:\/\/noti-america.com\/site\/venezuela\/#website\"},\"primaryImageOfPage\":{\"@id\":\"https:\/\/noti-america.com\/site\/venezuela\/2019\/03\/27\/un-nuevo-apagon-vuelve-a-sumir-a-venezuela-en-el-caos\/#primaryimage\"},\"image\":{\"@id\":\"https:\/\/noti-america.com\/site\/venezuela\/2019\/03\/27\/un-nuevo-apagon-vuelve-a-sumir-a-venezuela-en-el-caos\/#primaryimage\"},\"thumbnailUrl\":\"https:\/\/noti-america.com\/site\/venezuela\/wp-content\/uploads\/sites\/2\/2019\/03\/file_20190326182201.jpg\",\"datePublished\":\"2019-03-27T06:18:20+00:00\",\"breadcrumb\":{\"@id\":\"https:\/\/noti-america.com\/site\/venezuela\/2019\/03\/27\/un-nuevo-apagon-vuelve-a-sumir-a-venezuela-en-el-caos\/#breadcrumb\"},\"inLanguage\":\"es\",\"potentialAction\":[{\"@type\":\"ReadAction\",\"target\":[\"https:\/\/noti-america.com\/site\/venezuela\/2019\/03\/27\/un-nuevo-apagon-vuelve-a-sumir-a-venezuela-en-el-caos\/\"]}]},{\"@type\":\"ImageObject\",\"inLanguage\":\"es\",\"@id\":\"https:\/\/noti-america.com\/site\/venezuela\/2019\/03\/27\/un-nuevo-apagon-vuelve-a-sumir-a-venezuela-en-el-caos\/#primaryimage\",\"url\":\"https:\/\/noti-america.com\/site\/venezuela\/wp-content\/uploads\/sites\/2\/2019\/03\/file_20190326182201.jpg\",\"contentUrl\":\"https:\/\/noti-america.com\/site\/venezuela\/wp-content\/uploads\/sites\/2\/2019\/03\/file_20190326182201.jpg\",\"width\":710,\"height\":399},{\"@type\":\"BreadcrumbList\",\"@id\":\"https:\/\/noti-america.com\/site\/venezuela\/2019\/03\/27\/un-nuevo-apagon-vuelve-a-sumir-a-venezuela-en-el-caos\/#breadcrumb\",\"itemListElement\":[{\"@type\":\"ListItem\",\"position\":1,\"name\":\"Portada\",\"item\":\"https:\/\/noti-america.com\/site\/venezuela\/\"},{\"@type\":\"ListItem\",\"position\":2,\"name\":\"Un nuevo apag\u00f3n vuelve a sumir a Venezuela en el caos\"}]},{\"@type\":\"WebSite\",\"@id\":\"https:\/\/noti-america.com\/site\/venezuela\/#website\",\"url\":\"https:\/\/noti-america.com\/site\/venezuela\/\",\"name\":\"Venezuela | Noti-America.com\",\"description\":\"\",\"publisher\":{\"@id\":\"https:\/\/noti-america.com\/site\/venezuela\/#organization\"},\"potentialAction\":[{\"@type\":\"SearchAction\",\"target\":{\"@type\":\"EntryPoint\",\"urlTemplate\":\"https:\/\/noti-america.com\/site\/venezuela\/?s={search_term_string}\"},\"query-input\":{\"@type\":\"PropertyValueSpecification\",\"valueRequired\":true,\"valueName\":\"search_term_string\"}}],\"inLanguage\":\"es\"},{\"@type\":\"Organization\",\"@id\":\"https:\/\/noti-america.com\/site\/venezuela\/#organization\",\"name\":\"Noti-America LLC | Venezuela\",\"url\":\"https:\/\/noti-america.com\/site\/venezuela\/\",\"logo\":{\"@type\":\"ImageObject\",\"inLanguage\":\"es\",\"@id\":\"https:\/\/noti-america.com\/site\/venezuela\/#\/schema\/logo\/image\/\",\"url\":\"https:\/\/noti-america.com\/site\/venezuela\/wp-content\/uploads\/sites\/2\/2020\/07\/LogoNA-4x3-1.jpg\",\"contentUrl\":\"https:\/\/noti-america.com\/site\/venezuela\/wp-content\/uploads\/sites\/2\/2020\/07\/LogoNA-4x3-1.jpg\",\"width\":1236,\"height\":1080,\"caption\":\"Noti-America LLC | Venezuela\"},\"image\":{\"@id\":\"https:\/\/noti-america.com\/site\/venezuela\/#\/schema\/logo\/image\/\"}},{\"@type\":\"Person\",\"@id\":\"https:\/\/noti-america.com\/site\/venezuela\/#\/schema\/person\/5536bbfd0e2b9220dabb68be6a79e6a2\",\"name\":\"Andr\u00e9s Salazar TV\",\"image\":{\"@type\":\"ImageObject\",\"inLanguage\":\"es\",\"@id\":\"https:\/\/secure.gravatar.com\/avatar\/afe6826ba750395b641021d9bf08e5496b9d29671cfabb16346350901fb94310?s=96&d=mm&r=g\",\"url\":\"https:\/\/secure.gravatar.com\/avatar\/afe6826ba750395b641021d9bf08e5496b9d29671cfabb16346350901fb94310?s=96&d=mm&r=g\",\"contentUrl\":\"https:\/\/secure.gravatar.com\/avatar\/afe6826ba750395b641021d9bf08e5496b9d29671cfabb16346350901fb94310?s=96&d=mm&r=g\",\"caption\":\"Andr\u00e9s Salazar TV\"},\"description\":\"Andr\u00e9s Salazar. Corresponsal de Noti-Am\u00e9rica en Venezuela. Periodista con m\u00e1s de 14 a\u00f1os de trayectoria en la cobertura de hechos informativos. Amplia experiencia en la narrativa de eventos deportivos, musicales y sucesos de \u00faltima hora.\",\"sameAs\":[\"https:\/\/www.facebook.com\/AndresSalazarTV\/\",\"https:\/\/youtube.com\/@andressalazartv?si=fYrt2l__ee2OK_Fh\"],\"url\":\"https:\/\/noti-america.com\/site\/venezuela\/author\/asalazar\/\"}]}<\/script>\n<!-- \/ Yoast SEO Premium plugin. -->","yoast_head_json":{"title":"Un nuevo apag\u00f3n vuelve a sumir a Venezuela en el caos - Venezuela | Noti-America.com","robots":{"index":"index","follow":"follow","max-snippet":"max-snippet:-1","max-image-preview":"max-image-preview:large","max-video-preview":"max-video-preview:-1"},"canonical":"https:\/\/noti-america.com\/site\/venezuela\/2019\/03\/27\/un-nuevo-apagon-vuelve-a-sumir-a-venezuela-en-el-caos\/","og_locale":"es_ES","og_type":"article","og_title":"Un nuevo apag\u00f3n vuelve a sumir a Venezuela en el caos","og_description":"Seg\u00fan destaca el peri\u00f3dico El Pa\u00eds: \u00abMaduro defiende una vez m\u00e1s la teor\u00eda del sabotaje, mientras Guaid\u00f3 explica que el fallo se debe a una sobrecarga\u00bb \u00abEl apag\u00f3n registrado el lunes en Venezuela, el&#46;&#46;&#46;","og_url":"https:\/\/noti-america.com\/site\/venezuela\/2019\/03\/27\/un-nuevo-apagon-vuelve-a-sumir-a-venezuela-en-el-caos\/","og_site_name":"Venezuela | Noti-America.com","article_author":"https:\/\/www.facebook.com\/AndresSalazarTV\/","article_published_time":"2019-03-27T06:18:20+00:00","og_image":[{"width":710,"height":399,"url":"https:\/\/noti-america.com\/site\/venezuela\/wp-content\/uploads\/sites\/2\/2019\/03\/file_20190326182201.jpg","type":"image\/jpeg"}],"author":"Andr\u00e9s Salazar TV","twitter_card":"summary_large_image","twitter_misc":{"Escrito por":"Andr\u00e9s Salazar TV","Tiempo estimado de lectura":"3 minutos"},"schema":{"@context":"https:\/\/schema.org","@graph":[{"@type":"Article","@id":"https:\/\/noti-america.com\/site\/venezuela\/2019\/03\/27\/un-nuevo-apagon-vuelve-a-sumir-a-venezuela-en-el-caos\/#article","isPartOf":{"@id":"https:\/\/noti-america.com\/site\/venezuela\/2019\/03\/27\/un-nuevo-apagon-vuelve-a-sumir-a-venezuela-en-el-caos\/"},"author":{"name":"Andr\u00e9s Salazar TV","@id":"https:\/\/noti-america.com\/site\/venezuela\/#\/schema\/person\/5536bbfd0e2b9220dabb68be6a79e6a2"},"headline":"Un nuevo apag\u00f3n vuelve a sumir a Venezuela en el caos","datePublished":"2019-03-27T06:18:20+00:00","mainEntityOfPage":{"@id":"https:\/\/noti-america.com\/site\/venezuela\/2019\/03\/27\/un-nuevo-apagon-vuelve-a-sumir-a-venezuela-en-el-caos\/"},"wordCount":690,"commentCount":0,"publisher":{"@id":"https:\/\/noti-america.com\/site\/venezuela\/#organization"},"image":{"@id":"https:\/\/noti-america.com\/site\/venezuela\/2019\/03\/27\/un-nuevo-apagon-vuelve-a-sumir-a-venezuela-en-el-caos\/#primaryimage"},"thumbnailUrl":"https:\/\/noti-america.com\/site\/venezuela\/wp-content\/uploads\/sites\/2\/2019\/03\/file_20190326182201.jpg","articleSection":["Venezuela"],"inLanguage":"es","potentialAction":[{"@type":"CommentAction","name":"Comment","target":["https:\/\/noti-america.com\/site\/venezuela\/2019\/03\/27\/un-nuevo-apagon-vuelve-a-sumir-a-venezuela-en-el-caos\/#respond"]}]},{"@type":"WebPage","@id":"https:\/\/noti-america.com\/site\/venezuela\/2019\/03\/27\/un-nuevo-apagon-vuelve-a-sumir-a-venezuela-en-el-caos\/","url":"https:\/\/noti-america.com\/site\/venezuela\/2019\/03\/27\/un-nuevo-apagon-vuelve-a-sumir-a-venezuela-en-el-caos\/","name":"Un nuevo apag\u00f3n vuelve a sumir a Venezuela en el caos - Venezuela | Noti-America.com","isPartOf":{"@id":"https:\/\/noti-america.com\/site\/venezuela\/#website"},"primaryImageOfPage":{"@id":"https:\/\/noti-america.com\/site\/venezuela\/2019\/03\/27\/un-nuevo-apagon-vuelve-a-sumir-a-venezuela-en-el-caos\/#primaryimage"},"image":{"@id":"https:\/\/noti-america.com\/site\/venezuela\/2019\/03\/27\/un-nuevo-apagon-vuelve-a-sumir-a-venezuela-en-el-caos\/#primaryimage"},"thumbnailUrl":"https:\/\/noti-america.com\/site\/venezuela\/wp-content\/uploads\/sites\/2\/2019\/03\/file_20190326182201.jpg","datePublished":"2019-03-27T06:18:20+00:00","breadcrumb":{"@id":"https:\/\/noti-america.com\/site\/venezuela\/2019\/03\/27\/un-nuevo-apagon-vuelve-a-sumir-a-venezuela-en-el-caos\/#breadcrumb"},"inLanguage":"es","potentialAction":[{"@type":"ReadAction","target":["https:\/\/noti-america.com\/site\/venezuela\/2019\/03\/27\/un-nuevo-apagon-vuelve-a-sumir-a-venezuela-en-el-caos\/"]}]},{"@type":"ImageObject","inLanguage":"es","@id":"https:\/\/noti-america.com\/site\/venezuela\/2019\/03\/27\/un-nuevo-apagon-vuelve-a-sumir-a-venezuela-en-el-caos\/#primaryimage","url":"https:\/\/noti-america.com\/site\/venezuela\/wp-content\/uploads\/sites\/2\/2019\/03\/file_20190326182201.jpg","contentUrl":"https:\/\/noti-america.com\/site\/venezuela\/wp-content\/uploads\/sites\/2\/2019\/03\/file_20190326182201.jpg","width":710,"height":399},{"@type":"BreadcrumbList","@id":"https:\/\/noti-america.com\/site\/venezuela\/2019\/03\/27\/un-nuevo-apagon-vuelve-a-sumir-a-venezuela-en-el-caos\/#breadcrumb","itemListElement":[{"@type":"ListItem","position":1,"name":"Portada","item":"https:\/\/noti-america.com\/site\/venezuela\/"},{"@type":"ListItem","position":2,"name":"Un nuevo apag\u00f3n vuelve a sumir a Venezuela en el caos"}]},{"@type":"WebSite","@id":"https:\/\/noti-america.com\/site\/venezuela\/#website","url":"https:\/\/noti-america.com\/site\/venezuela\/","name":"Venezuela | Noti-America.com","description":"","publisher":{"@id":"https:\/\/noti-america.com\/site\/venezuela\/#organization"},"potentialAction":[{"@type":"SearchAction","target":{"@type":"EntryPoint","urlTemplate":"https:\/\/noti-america.com\/site\/venezuela\/?s={search_term_string}"},"query-input":{"@type":"PropertyValueSpecification","valueRequired":true,"valueName":"search_term_string"}}],"inLanguage":"es"},{"@type":"Organization","@id":"https:\/\/noti-america.com\/site\/venezuela\/#organization","name":"Noti-America LLC | Venezuela","url":"https:\/\/noti-america.com\/site\/venezuela\/","logo":{"@type":"ImageObject","inLanguage":"es","@id":"https:\/\/noti-america.com\/site\/venezuela\/#\/schema\/logo\/image\/","url":"https:\/\/noti-america.com\/site\/venezuela\/wp-content\/uploads\/sites\/2\/2020\/07\/LogoNA-4x3-1.jpg","contentUrl":"https:\/\/noti-america.com\/site\/venezuela\/wp-content\/uploads\/sites\/2\/2020\/07\/LogoNA-4x3-1.jpg","width":1236,"height":1080,"caption":"Noti-America LLC | Venezuela"},"image":{"@id":"https:\/\/noti-america.com\/site\/venezuela\/#\/schema\/logo\/image\/"}},{"@type":"Person","@id":"https:\/\/noti-america.com\/site\/venezuela\/#\/schema\/person\/5536bbfd0e2b9220dabb68be6a79e6a2","name":"Andr\u00e9s Salazar TV","image":{"@type":"ImageObject","inLanguage":"es","@id":"https:\/\/secure.gravatar.com\/avatar\/afe6826ba750395b641021d9bf08e5496b9d29671cfabb16346350901fb94310?s=96&d=mm&r=g","url":"https:\/\/secure.gravatar.com\/avatar\/afe6826ba750395b641021d9bf08e5496b9d29671cfabb16346350901fb94310?s=96&d=mm&r=g","contentUrl":"https:\/\/secure.gravatar.com\/avatar\/afe6826ba750395b641021d9bf08e5496b9d29671cfabb16346350901fb94310?s=96&d=mm&r=g","caption":"Andr\u00e9s Salazar TV"},"description":"Andr\u00e9s Salazar. Corresponsal de Noti-Am\u00e9rica en Venezuela. Periodista con m\u00e1s de 14 a\u00f1os de trayectoria en la cobertura de hechos informativos. Amplia experiencia en la narrativa de eventos deportivos, musicales y sucesos de \u00faltima hora.","sameAs":["https:\/\/www.facebook.com\/AndresSalazarTV\/","https:\/\/youtube.com\/@andressalazartv?si=fYrt2l__ee2OK_Fh"],"url":"https:\/\/noti-america.com\/site\/venezuela\/author\/asalazar\/"}]}},"_links":{"self":[{"href":"https:\/\/noti-america.com\/site\/venezuela\/wp-json\/wp\/v2\/posts\/5884","targetHints":{"allow":["GET"]}}],"collection":[{"href":"https:\/\/noti-america.com\/site\/venezuela\/wp-json\/wp\/v2\/posts"}],"about":[{"href":"https:\/\/noti-america.com\/site\/venezuela\/wp-json\/wp\/v2\/types\/post"}],"author":[{"embeddable":true,"href":"https:\/\/noti-america.com\/site\/venezuela\/wp-json\/wp\/v2\/users\/4"}],"replies":[{"embeddable":true,"href":"https:\/\/noti-america.com\/site\/venezuela\/wp-json\/wp\/v2\/comments?post=5884"}],"version-history":[{"count":1,"href":"https:\/\/noti-america.com\/site\/venezuela\/wp-json\/wp\/v2\/posts\/5884\/revisions"}],"predecessor-version":[{"id":5886,"href":"https:\/\/noti-america.com\/site\/venezuela\/wp-json\/wp\/v2\/posts\/5884\/revisions\/5886"}],"wp:featuredmedia":[{"embeddable":true,"href":"https:\/\/noti-america.com\/site\/venezuela\/wp-json\/wp\/v2\/media\/5885"}],"wp:attachment":[{"href":"https:\/\/noti-america.com\/site\/venezuela\/wp-json\/wp\/v2\/media?parent=5884"}],"wp:term":[{"taxonomy":"category","embeddable":true,"href":"https:\/\/noti-america.com\/site\/venezuela\/wp-json\/wp\/v2\/categories?post=5884"},{"taxonomy":"post_tag","embeddable":true,"href":"https:\/\/noti-america.com\/site\/venezuela\/wp-json\/wp\/v2\/tags?post=5884"}],"curies":[{"name":"wp","href":"https:\/\/api.w.org\/{rel}","templated":true}]}}