{"id":5816,"date":"2019-03-23T02:47:02","date_gmt":"2019-03-23T02:47:02","guid":{"rendered":"http:\/\/noti-america.com\/site\/venezuela\/?p=5816"},"modified":"2019-03-23T02:47:02","modified_gmt":"2019-03-23T02:47:02","slug":"juan-guaido-es-indetenible-el-cambio-en-venezuela-ese-regimen-ya-esta-de-salida","status":"publish","type":"post","link":"https:\/\/noti-america.com\/site\/venezuela\/2019\/03\/23\/juan-guaido-es-indetenible-el-cambio-en-venezuela-ese-regimen-ya-esta-de-salida\/","title":{"rendered":"Juan Guaid\u00f3: Es indetenible el cambio en Venezuela, ese r\u00e9gimen ya est\u00e1 de salida"},"content":{"rendered":"<p><img decoding=\"async\" class=\"aligncenter\" src=\"https:\/\/cdn.elimpulso.com\/media\/2019\/03\/FORMATO-JOS%C3%89MA-17-1-696x467.jpg\" \/><\/p>\n<p style=\"text-align: justify\">Fuerte discurso que hace temblar al gobierno de Maduro.<\/p>\n<p style=\"text-align: justify\">Seg\u00fan resalta EL IMPULSO: \u00abEl presidente encargado de Venezuela, Juan Guaid\u00f3, asegur\u00f3 este viernes 22 de marzo que el r\u00e9gimen de Nicol\u00e1s Maduro tiene sus d\u00edas contados en el poder y pidi\u00f3 a los venezolanos confianza en el poder legislativo ustedes mismos para recuperar el pa\u00eds\u00bb.<\/p>\n<p style=\"text-align: justify\">Reiter\u00f3 que el r\u00e9gimen usurpador intent\u00f3 que la oscuridad se instalara en Venezuela.<\/p>\n<p style=\"text-align: justify\">\u201cAnte este sol le decimos al r\u00e9gimen que se les acab\u00f3 el tiempo, que la oscuridad no se podr\u00e1 apoderar de nuestros corazones. Ellos son destrucci\u00f3n, ellos son robo, ellos son muerte. Por eso\u00a0no m\u00e1s petr\u00f3leo a Cuba, no m\u00e1s chuleo. Ustedes, venezolanos son luz, son vida, son reconstrucci\u00f3n\u201d, dijo Guaid\u00f3 durante su visita al estado Anzo\u00e1tegui.<\/p>\n<p style=\"text-align: justify\">Recalc\u00f3 que el pa\u00eds recuperar\u00e1 la democracia y sostuvo que el cambio es indetenible cuando\u00a0 el r\u00e9gimen decidido ponerle costo a la transici\u00f3n.<\/p>\n","protected":false},"excerpt":{"rendered":"<p>Fuerte discurso que hace temblar al gobierno de Maduro. Seg\u00fan resalta EL IMPULSO: \u00abEl presidente encargado de Venezuela, Juan Guaid\u00f3, asegur\u00f3 este viernes 22 de marzo que el r\u00e9gimen de Nicol\u00e1s Maduro tiene sus&#46;&#46;&#46;<\/p>\n","protected":false},"author":4,"featured_media":5817,"comment_status":"open","ping_status":"open","sticky":false,"template":"","format":"standard","meta":{"_acf_changed":false,"om_disable_all_campaigns":false,"rop_custom_images_group":[],"rop_custom_messages_group":[],"rop_publish_now":"initial","rop_publish_now_accounts":{"twitter_242054905_242054905":""},"rop_publish_now_history":[],"rop_publish_now_status":"pending","_uf_show_specific_survey":0,"_uf_disable_surveys":false,"footnotes":""},"categories":[3,156],"tags":[],"class_list":["post-5816","post","type-post","status-publish","format-standard","has-post-thumbnail","hentry","category-politica","category-venezuela"],"acf":[],"aioseo_notices":[],"yoast_head":"<!-- This site is optimized with the Yoast SEO Premium plugin v24.9 (Yoast SEO v27.2) - https:\/\/yoast.com\/product\/yoast-seo-premium-wordpress\/ -->\n<title>Juan Guaid\u00f3: Es indetenible el cambio en Venezuela, ese r\u00e9gimen ya est\u00e1 de salida - Venezuela | Noti-America.com<\/title>\n<meta name=\"robots\" content=\"index, follow, max-snippet:-1, max-image-preview:large, max-video-preview:-1\" \/>\n<link rel=\"canonical\" href=\"https:\/\/noti-america.com\/site\/venezuela\/2019\/03\/23\/juan-guaido-es-indetenible-el-cambio-en-venezuela-ese-regimen-ya-esta-de-salida\/\" \/>\n<meta property=\"og:locale\" content=\"es_ES\" \/>\n<meta property=\"og:type\" content=\"article\" \/>\n<meta property=\"og:title\" content=\"Juan Guaid\u00f3: Es indetenible el cambio en Venezuela, ese r\u00e9gimen ya est\u00e1 de salida\" \/>\n<meta property=\"og:description\" content=\"Fuerte discurso que hace temblar al gobierno de Maduro. Seg\u00fan resalta EL IMPULSO: \u00abEl presidente encargado de Venezuela, Juan Guaid\u00f3, asegur\u00f3 este viernes 22 de marzo que el r\u00e9gimen de Nicol\u00e1s Maduro tiene sus&#046;&#046;&#046;\" \/>\n<meta property=\"og:url\" content=\"https:\/\/noti-america.com\/site\/venezuela\/2019\/03\/23\/juan-guaido-es-indetenible-el-cambio-en-venezuela-ese-regimen-ya-esta-de-salida\/\" \/>\n<meta property=\"og:site_name\" content=\"Venezuela | Noti-America.com\" \/>\n<meta property=\"article:author\" content=\"https:\/\/www.facebook.com\/AndresSalazarTV\/\" \/>\n<meta property=\"article:published_time\" content=\"2019-03-23T02:47:02+00:00\" \/>\n<meta property=\"og:image\" content=\"https:\/\/noti-america.com\/site\/venezuela\/wp-content\/uploads\/sites\/2\/2019\/03\/FORMATO-JOS\u00c9MA-17-1-696x467.jpg\" \/>\n\t<meta property=\"og:image:width\" content=\"696\" \/>\n\t<meta property=\"og:image:height\" content=\"467\" \/>\n\t<meta property=\"og:image:type\" content=\"image\/jpeg\" \/>\n<meta name=\"author\" content=\"Andr\u00e9s Salazar TV\" \/>\n<meta name=\"twitter:card\" content=\"summary_large_image\" \/>\n<meta name=\"twitter:label1\" content=\"Escrito por\" \/>\n\t<meta name=\"twitter:data1\" content=\"Andr\u00e9s Salazar TV\" \/>\n\t<meta name=\"twitter:label2\" content=\"Tiempo estimado de lectura\" \/>\n\t<meta name=\"twitter:data2\" content=\"1 minuto\" \/>\n<script type=\"application\/ld+json\" class=\"yoast-schema-graph\">{\"@context\":\"https:\/\/schema.org\",\"@graph\":[{\"@type\":\"Article\",\"@id\":\"https:\/\/noti-america.com\/site\/venezuela\/2019\/03\/23\/juan-guaido-es-indetenible-el-cambio-en-venezuela-ese-regimen-ya-esta-de-salida\/#article\",\"isPartOf\":{\"@id\":\"https:\/\/noti-america.com\/site\/venezuela\/2019\/03\/23\/juan-guaido-es-indetenible-el-cambio-en-venezuela-ese-regimen-ya-esta-de-salida\/\"},\"author\":{\"name\":\"Andr\u00e9s Salazar TV\",\"@id\":\"https:\/\/noti-america.com\/site\/venezuela\/#\/schema\/person\/5536bbfd0e2b9220dabb68be6a79e6a2\"},\"headline\":\"Juan Guaid\u00f3: Es indetenible el cambio en Venezuela, ese r\u00e9gimen ya est\u00e1 de salida\",\"datePublished\":\"2019-03-23T02:47:02+00:00\",\"mainEntityOfPage\":{\"@id\":\"https:\/\/noti-america.com\/site\/venezuela\/2019\/03\/23\/juan-guaido-es-indetenible-el-cambio-en-venezuela-ese-regimen-ya-esta-de-salida\/\"},\"wordCount\":179,\"commentCount\":0,\"publisher\":{\"@id\":\"https:\/\/noti-america.com\/site\/venezuela\/#organization\"},\"image\":{\"@id\":\"https:\/\/noti-america.com\/site\/venezuela\/2019\/03\/23\/juan-guaido-es-indetenible-el-cambio-en-venezuela-ese-regimen-ya-esta-de-salida\/#primaryimage\"},\"thumbnailUrl\":\"https:\/\/noti-america.com\/site\/venezuela\/wp-content\/uploads\/sites\/2\/2019\/03\/FORMATO-JOS\u00c9MA-17-1-696x467.jpg\",\"articleSection\":[\"Pol\u00edtica\",\"Venezuela\"],\"inLanguage\":\"es\",\"potentialAction\":[{\"@type\":\"CommentAction\",\"name\":\"Comment\",\"target\":[\"https:\/\/noti-america.com\/site\/venezuela\/2019\/03\/23\/juan-guaido-es-indetenible-el-cambio-en-venezuela-ese-regimen-ya-esta-de-salida\/#respond\"]}]},{\"@type\":\"WebPage\",\"@id\":\"https:\/\/noti-america.com\/site\/venezuela\/2019\/03\/23\/juan-guaido-es-indetenible-el-cambio-en-venezuela-ese-regimen-ya-esta-de-salida\/\",\"url\":\"https:\/\/noti-america.com\/site\/venezuela\/2019\/03\/23\/juan-guaido-es-indetenible-el-cambio-en-venezuela-ese-regimen-ya-esta-de-salida\/\",\"name\":\"Juan Guaid\u00f3: Es indetenible el cambio en Venezuela, ese r\u00e9gimen ya est\u00e1 de salida - Venezuela | Noti-America.com\",\"isPartOf\":{\"@id\":\"https:\/\/noti-america.com\/site\/venezuela\/#website\"},\"primaryImageOfPage\":{\"@id\":\"https:\/\/noti-america.com\/site\/venezuela\/2019\/03\/23\/juan-guaido-es-indetenible-el-cambio-en-venezuela-ese-regimen-ya-esta-de-salida\/#primaryimage\"},\"image\":{\"@id\":\"https:\/\/noti-america.com\/site\/venezuela\/2019\/03\/23\/juan-guaido-es-indetenible-el-cambio-en-venezuela-ese-regimen-ya-esta-de-salida\/#primaryimage\"},\"thumbnailUrl\":\"https:\/\/noti-america.com\/site\/venezuela\/wp-content\/uploads\/sites\/2\/2019\/03\/FORMATO-JOS\u00c9MA-17-1-696x467.jpg\",\"datePublished\":\"2019-03-23T02:47:02+00:00\",\"breadcrumb\":{\"@id\":\"https:\/\/noti-america.com\/site\/venezuela\/2019\/03\/23\/juan-guaido-es-indetenible-el-cambio-en-venezuela-ese-regimen-ya-esta-de-salida\/#breadcrumb\"},\"inLanguage\":\"es\",\"potentialAction\":[{\"@type\":\"ReadAction\",\"target\":[\"https:\/\/noti-america.com\/site\/venezuela\/2019\/03\/23\/juan-guaido-es-indetenible-el-cambio-en-venezuela-ese-regimen-ya-esta-de-salida\/\"]}]},{\"@type\":\"ImageObject\",\"inLanguage\":\"es\",\"@id\":\"https:\/\/noti-america.com\/site\/venezuela\/2019\/03\/23\/juan-guaido-es-indetenible-el-cambio-en-venezuela-ese-regimen-ya-esta-de-salida\/#primaryimage\",\"url\":\"https:\/\/noti-america.com\/site\/venezuela\/wp-content\/uploads\/sites\/2\/2019\/03\/FORMATO-JOS\u00c9MA-17-1-696x467.jpg\",\"contentUrl\":\"https:\/\/noti-america.com\/site\/venezuela\/wp-content\/uploads\/sites\/2\/2019\/03\/FORMATO-JOS\u00c9MA-17-1-696x467.jpg\",\"width\":696,\"height\":467},{\"@type\":\"BreadcrumbList\",\"@id\":\"https:\/\/noti-america.com\/site\/venezuela\/2019\/03\/23\/juan-guaido-es-indetenible-el-cambio-en-venezuela-ese-regimen-ya-esta-de-salida\/#breadcrumb\",\"itemListElement\":[{\"@type\":\"ListItem\",\"position\":1,\"name\":\"Portada\",\"item\":\"https:\/\/noti-america.com\/site\/venezuela\/\"},{\"@type\":\"ListItem\",\"position\":2,\"name\":\"Juan Guaid\u00f3: Es indetenible el cambio en Venezuela, ese r\u00e9gimen ya est\u00e1 de salida\"}]},{\"@type\":\"WebSite\",\"@id\":\"https:\/\/noti-america.com\/site\/venezuela\/#website\",\"url\":\"https:\/\/noti-america.com\/site\/venezuela\/\",\"name\":\"Venezuela | Noti-America.com\",\"description\":\"\",\"publisher\":{\"@id\":\"https:\/\/noti-america.com\/site\/venezuela\/#organization\"},\"potentialAction\":[{\"@type\":\"SearchAction\",\"target\":{\"@type\":\"EntryPoint\",\"urlTemplate\":\"https:\/\/noti-america.com\/site\/venezuela\/?s={search_term_string}\"},\"query-input\":{\"@type\":\"PropertyValueSpecification\",\"valueRequired\":true,\"valueName\":\"search_term_string\"}}],\"inLanguage\":\"es\"},{\"@type\":\"Organization\",\"@id\":\"https:\/\/noti-america.com\/site\/venezuela\/#organization\",\"name\":\"Noti-America LLC | Venezuela\",\"url\":\"https:\/\/noti-america.com\/site\/venezuela\/\",\"logo\":{\"@type\":\"ImageObject\",\"inLanguage\":\"es\",\"@id\":\"https:\/\/noti-america.com\/site\/venezuela\/#\/schema\/logo\/image\/\",\"url\":\"https:\/\/noti-america.com\/site\/venezuela\/wp-content\/uploads\/sites\/2\/2020\/07\/LogoNA-4x3-1.jpg\",\"contentUrl\":\"https:\/\/noti-america.com\/site\/venezuela\/wp-content\/uploads\/sites\/2\/2020\/07\/LogoNA-4x3-1.jpg\",\"width\":1236,\"height\":1080,\"caption\":\"Noti-America LLC | Venezuela\"},\"image\":{\"@id\":\"https:\/\/noti-america.com\/site\/venezuela\/#\/schema\/logo\/image\/\"}},{\"@type\":\"Person\",\"@id\":\"https:\/\/noti-america.com\/site\/venezuela\/#\/schema\/person\/5536bbfd0e2b9220dabb68be6a79e6a2\",\"name\":\"Andr\u00e9s Salazar TV\",\"image\":{\"@type\":\"ImageObject\",\"inLanguage\":\"es\",\"@id\":\"https:\/\/secure.gravatar.com\/avatar\/afe6826ba750395b641021d9bf08e5496b9d29671cfabb16346350901fb94310?s=96&d=mm&r=g\",\"url\":\"https:\/\/secure.gravatar.com\/avatar\/afe6826ba750395b641021d9bf08e5496b9d29671cfabb16346350901fb94310?s=96&d=mm&r=g\",\"contentUrl\":\"https:\/\/secure.gravatar.com\/avatar\/afe6826ba750395b641021d9bf08e5496b9d29671cfabb16346350901fb94310?s=96&d=mm&r=g\",\"caption\":\"Andr\u00e9s Salazar TV\"},\"description\":\"Andr\u00e9s Salazar. Corresponsal de Noti-Am\u00e9rica en Venezuela. Periodista con m\u00e1s de 14 a\u00f1os de trayectoria en la cobertura de hechos informativos. Amplia experiencia en la narrativa de eventos deportivos, musicales y sucesos de \u00faltima hora.\",\"sameAs\":[\"https:\/\/www.facebook.com\/AndresSalazarTV\/\",\"https:\/\/youtube.com\/@andressalazartv?si=fYrt2l__ee2OK_Fh\"],\"url\":\"https:\/\/noti-america.com\/site\/venezuela\/author\/asalazar\/\"}]}<\/script>\n<!-- \/ Yoast SEO Premium plugin. -->","yoast_head_json":{"title":"Juan Guaid\u00f3: Es indetenible el cambio en Venezuela, ese r\u00e9gimen ya est\u00e1 de salida - Venezuela | Noti-America.com","robots":{"index":"index","follow":"follow","max-snippet":"max-snippet:-1","max-image-preview":"max-image-preview:large","max-video-preview":"max-video-preview:-1"},"canonical":"https:\/\/noti-america.com\/site\/venezuela\/2019\/03\/23\/juan-guaido-es-indetenible-el-cambio-en-venezuela-ese-regimen-ya-esta-de-salida\/","og_locale":"es_ES","og_type":"article","og_title":"Juan Guaid\u00f3: Es indetenible el cambio en Venezuela, ese r\u00e9gimen ya est\u00e1 de salida","og_description":"Fuerte discurso que hace temblar al gobierno de Maduro. Seg\u00fan resalta EL IMPULSO: \u00abEl presidente encargado de Venezuela, Juan Guaid\u00f3, asegur\u00f3 este viernes 22 de marzo que el r\u00e9gimen de Nicol\u00e1s Maduro tiene sus&#46;&#46;&#46;","og_url":"https:\/\/noti-america.com\/site\/venezuela\/2019\/03\/23\/juan-guaido-es-indetenible-el-cambio-en-venezuela-ese-regimen-ya-esta-de-salida\/","og_site_name":"Venezuela | Noti-America.com","article_author":"https:\/\/www.facebook.com\/AndresSalazarTV\/","article_published_time":"2019-03-23T02:47:02+00:00","og_image":[{"width":696,"height":467,"url":"https:\/\/noti-america.com\/site\/venezuela\/wp-content\/uploads\/sites\/2\/2019\/03\/FORMATO-JOS\u00c9MA-17-1-696x467.jpg","type":"image\/jpeg"}],"author":"Andr\u00e9s Salazar TV","twitter_card":"summary_large_image","twitter_misc":{"Escrito por":"Andr\u00e9s Salazar TV","Tiempo estimado de lectura":"1 minuto"},"schema":{"@context":"https:\/\/schema.org","@graph":[{"@type":"Article","@id":"https:\/\/noti-america.com\/site\/venezuela\/2019\/03\/23\/juan-guaido-es-indetenible-el-cambio-en-venezuela-ese-regimen-ya-esta-de-salida\/#article","isPartOf":{"@id":"https:\/\/noti-america.com\/site\/venezuela\/2019\/03\/23\/juan-guaido-es-indetenible-el-cambio-en-venezuela-ese-regimen-ya-esta-de-salida\/"},"author":{"name":"Andr\u00e9s Salazar TV","@id":"https:\/\/noti-america.com\/site\/venezuela\/#\/schema\/person\/5536bbfd0e2b9220dabb68be6a79e6a2"},"headline":"Juan Guaid\u00f3: Es indetenible el cambio en Venezuela, ese r\u00e9gimen ya est\u00e1 de salida","datePublished":"2019-03-23T02:47:02+00:00","mainEntityOfPage":{"@id":"https:\/\/noti-america.com\/site\/venezuela\/2019\/03\/23\/juan-guaido-es-indetenible-el-cambio-en-venezuela-ese-regimen-ya-esta-de-salida\/"},"wordCount":179,"commentCount":0,"publisher":{"@id":"https:\/\/noti-america.com\/site\/venezuela\/#organization"},"image":{"@id":"https:\/\/noti-america.com\/site\/venezuela\/2019\/03\/23\/juan-guaido-es-indetenible-el-cambio-en-venezuela-ese-regimen-ya-esta-de-salida\/#primaryimage"},"thumbnailUrl":"https:\/\/noti-america.com\/site\/venezuela\/wp-content\/uploads\/sites\/2\/2019\/03\/FORMATO-JOS\u00c9MA-17-1-696x467.jpg","articleSection":["Pol\u00edtica","Venezuela"],"inLanguage":"es","potentialAction":[{"@type":"CommentAction","name":"Comment","target":["https:\/\/noti-america.com\/site\/venezuela\/2019\/03\/23\/juan-guaido-es-indetenible-el-cambio-en-venezuela-ese-regimen-ya-esta-de-salida\/#respond"]}]},{"@type":"WebPage","@id":"https:\/\/noti-america.com\/site\/venezuela\/2019\/03\/23\/juan-guaido-es-indetenible-el-cambio-en-venezuela-ese-regimen-ya-esta-de-salida\/","url":"https:\/\/noti-america.com\/site\/venezuela\/2019\/03\/23\/juan-guaido-es-indetenible-el-cambio-en-venezuela-ese-regimen-ya-esta-de-salida\/","name":"Juan Guaid\u00f3: Es indetenible el cambio en Venezuela, ese r\u00e9gimen ya est\u00e1 de salida - Venezuela | Noti-America.com","isPartOf":{"@id":"https:\/\/noti-america.com\/site\/venezuela\/#website"},"primaryImageOfPage":{"@id":"https:\/\/noti-america.com\/site\/venezuela\/2019\/03\/23\/juan-guaido-es-indetenible-el-cambio-en-venezuela-ese-regimen-ya-esta-de-salida\/#primaryimage"},"image":{"@id":"https:\/\/noti-america.com\/site\/venezuela\/2019\/03\/23\/juan-guaido-es-indetenible-el-cambio-en-venezuela-ese-regimen-ya-esta-de-salida\/#primaryimage"},"thumbnailUrl":"https:\/\/noti-america.com\/site\/venezuela\/wp-content\/uploads\/sites\/2\/2019\/03\/FORMATO-JOS\u00c9MA-17-1-696x467.jpg","datePublished":"2019-03-23T02:47:02+00:00","breadcrumb":{"@id":"https:\/\/noti-america.com\/site\/venezuela\/2019\/03\/23\/juan-guaido-es-indetenible-el-cambio-en-venezuela-ese-regimen-ya-esta-de-salida\/#breadcrumb"},"inLanguage":"es","potentialAction":[{"@type":"ReadAction","target":["https:\/\/noti-america.com\/site\/venezuela\/2019\/03\/23\/juan-guaido-es-indetenible-el-cambio-en-venezuela-ese-regimen-ya-esta-de-salida\/"]}]},{"@type":"ImageObject","inLanguage":"es","@id":"https:\/\/noti-america.com\/site\/venezuela\/2019\/03\/23\/juan-guaido-es-indetenible-el-cambio-en-venezuela-ese-regimen-ya-esta-de-salida\/#primaryimage","url":"https:\/\/noti-america.com\/site\/venezuela\/wp-content\/uploads\/sites\/2\/2019\/03\/FORMATO-JOS\u00c9MA-17-1-696x467.jpg","contentUrl":"https:\/\/noti-america.com\/site\/venezuela\/wp-content\/uploads\/sites\/2\/2019\/03\/FORMATO-JOS\u00c9MA-17-1-696x467.jpg","width":696,"height":467},{"@type":"BreadcrumbList","@id":"https:\/\/noti-america.com\/site\/venezuela\/2019\/03\/23\/juan-guaido-es-indetenible-el-cambio-en-venezuela-ese-regimen-ya-esta-de-salida\/#breadcrumb","itemListElement":[{"@type":"ListItem","position":1,"name":"Portada","item":"https:\/\/noti-america.com\/site\/venezuela\/"},{"@type":"ListItem","position":2,"name":"Juan Guaid\u00f3: Es indetenible el cambio en Venezuela, ese r\u00e9gimen ya est\u00e1 de salida"}]},{"@type":"WebSite","@id":"https:\/\/noti-america.com\/site\/venezuela\/#website","url":"https:\/\/noti-america.com\/site\/venezuela\/","name":"Venezuela | Noti-America.com","description":"","publisher":{"@id":"https:\/\/noti-america.com\/site\/venezuela\/#organization"},"potentialAction":[{"@type":"SearchAction","target":{"@type":"EntryPoint","urlTemplate":"https:\/\/noti-america.com\/site\/venezuela\/?s={search_term_string}"},"query-input":{"@type":"PropertyValueSpecification","valueRequired":true,"valueName":"search_term_string"}}],"inLanguage":"es"},{"@type":"Organization","@id":"https:\/\/noti-america.com\/site\/venezuela\/#organization","name":"Noti-America LLC | Venezuela","url":"https:\/\/noti-america.com\/site\/venezuela\/","logo":{"@type":"ImageObject","inLanguage":"es","@id":"https:\/\/noti-america.com\/site\/venezuela\/#\/schema\/logo\/image\/","url":"https:\/\/noti-america.com\/site\/venezuela\/wp-content\/uploads\/sites\/2\/2020\/07\/LogoNA-4x3-1.jpg","contentUrl":"https:\/\/noti-america.com\/site\/venezuela\/wp-content\/uploads\/sites\/2\/2020\/07\/LogoNA-4x3-1.jpg","width":1236,"height":1080,"caption":"Noti-America LLC | Venezuela"},"image":{"@id":"https:\/\/noti-america.com\/site\/venezuela\/#\/schema\/logo\/image\/"}},{"@type":"Person","@id":"https:\/\/noti-america.com\/site\/venezuela\/#\/schema\/person\/5536bbfd0e2b9220dabb68be6a79e6a2","name":"Andr\u00e9s Salazar TV","image":{"@type":"ImageObject","inLanguage":"es","@id":"https:\/\/secure.gravatar.com\/avatar\/afe6826ba750395b641021d9bf08e5496b9d29671cfabb16346350901fb94310?s=96&d=mm&r=g","url":"https:\/\/secure.gravatar.com\/avatar\/afe6826ba750395b641021d9bf08e5496b9d29671cfabb16346350901fb94310?s=96&d=mm&r=g","contentUrl":"https:\/\/secure.gravatar.com\/avatar\/afe6826ba750395b641021d9bf08e5496b9d29671cfabb16346350901fb94310?s=96&d=mm&r=g","caption":"Andr\u00e9s Salazar TV"},"description":"Andr\u00e9s Salazar. Corresponsal de Noti-Am\u00e9rica en Venezuela. Periodista con m\u00e1s de 14 a\u00f1os de trayectoria en la cobertura de hechos informativos. Amplia experiencia en la narrativa de eventos deportivos, musicales y sucesos de \u00faltima hora.","sameAs":["https:\/\/www.facebook.com\/AndresSalazarTV\/","https:\/\/youtube.com\/@andressalazartv?si=fYrt2l__ee2OK_Fh"],"url":"https:\/\/noti-america.com\/site\/venezuela\/author\/asalazar\/"}]}},"_links":{"self":[{"href":"https:\/\/noti-america.com\/site\/venezuela\/wp-json\/wp\/v2\/posts\/5816","targetHints":{"allow":["GET"]}}],"collection":[{"href":"https:\/\/noti-america.com\/site\/venezuela\/wp-json\/wp\/v2\/posts"}],"about":[{"href":"https:\/\/noti-america.com\/site\/venezuela\/wp-json\/wp\/v2\/types\/post"}],"author":[{"embeddable":true,"href":"https:\/\/noti-america.com\/site\/venezuela\/wp-json\/wp\/v2\/users\/4"}],"replies":[{"embeddable":true,"href":"https:\/\/noti-america.com\/site\/venezuela\/wp-json\/wp\/v2\/comments?post=5816"}],"version-history":[{"count":1,"href":"https:\/\/noti-america.com\/site\/venezuela\/wp-json\/wp\/v2\/posts\/5816\/revisions"}],"predecessor-version":[{"id":5818,"href":"https:\/\/noti-america.com\/site\/venezuela\/wp-json\/wp\/v2\/posts\/5816\/revisions\/5818"}],"wp:featuredmedia":[{"embeddable":true,"href":"https:\/\/noti-america.com\/site\/venezuela\/wp-json\/wp\/v2\/media\/5817"}],"wp:attachment":[{"href":"https:\/\/noti-america.com\/site\/venezuela\/wp-json\/wp\/v2\/media?parent=5816"}],"wp:term":[{"taxonomy":"category","embeddable":true,"href":"https:\/\/noti-america.com\/site\/venezuela\/wp-json\/wp\/v2\/categories?post=5816"},{"taxonomy":"post_tag","embeddable":true,"href":"https:\/\/noti-america.com\/site\/venezuela\/wp-json\/wp\/v2\/tags?post=5816"}],"curies":[{"name":"wp","href":"https:\/\/api.w.org\/{rel}","templated":true}]}}