{"id":5763,"date":"2019-03-21T00:03:28","date_gmt":"2019-03-21T00:03:28","guid":{"rendered":"http:\/\/noti-america.com\/site\/venezuela\/2019\/03\/21\/bebe-nace-embarazada-de-su-hermano-gemelo\/"},"modified":"2019-03-21T00:03:28","modified_gmt":"2019-03-21T00:03:28","slug":"bebe-nace-embarazada-de-su-hermano-gemelo","status":"publish","type":"post","link":"https:\/\/noti-america.com\/site\/venezuela\/2019\/03\/21\/bebe-nace-embarazada-de-su-hermano-gemelo\/","title":{"rendered":"Beb\u00e9 nace &#8220;embarazada&#8221; de su hermano gemelo"},"content":{"rendered":"<p><img decoding=\"async\" class=\"aligncenter\" src=\"https:\/\/www.laneta.com\/s3-cached\/portal-laneta\/marilynoviedo\/bebe-nace-embarazada-de-su-hermano-gemelo-01-2019032041108118\" \/><\/p>\n<div style=\"text-align: justify\">Seg\u00fan el sitio web El Comercio:<\/p>\n<p>\u00abM\u00f3nica Vega se realiz\u00f3 una ecograf\u00eda durante el s\u00e9ptimo mes de embarazo de la que ser\u00eda su tercera hija y lo que descubri\u00f3 la dej\u00f3 perpleja y conmovida. Es que las im\u00e1genes ecogr\u00e1ficas mostraban que dentro de su vientre se estaba gestando su beba, Itzamara, y que, en el abdomen de Itzamara hab\u00eda un feto m\u00e1s peque\u00f1o, con su propio cord\u00f3n umbilical y rodeado de l\u00edquido amni\u00f3tico.<\/p>\n<\/div>\n<div style=\"text-align: justify\">El caso, que sucedi\u00f3 en la ciudad de Barranquilla, Colombia, y fue difundido por el programa televisivo local Los Informantes, de la cadena Caracol, corresponde a una rara alteraci\u00f3n en el desarrollo embrionario llamado \u00abfetus in fetu\u00bb o \u00abgemelo par\u00e1sito<strong>\u00ab<\/strong>.<\/p>\n<p>Es un fen\u00f3meno que se produce cuando las c\u00e9lulas que van a conformar a los hermanos gemelos no se dividen en el momento adecuado y los dos embriones crecen de manera asim\u00e9trica. Se trata de una alteraci\u00f3n muy poco frecuente, que se da en uno cada un mill\u00f3n de casos.<\/p>\n<p>Lo que convierte al caso de Itzamara en un fen\u00f3meno \u00fanico en el mundo, es que se haya descubierto al \u00abgemelo par\u00e1sito\u00bb en una etapa previa al nacimiento. En general, este peque\u00f1o feto que se forma dentro del cuerpo de su hermano suele descubrirse cuando el ni\u00f1o ya naci\u00f3, e incluso unos a\u00f1os despu\u00e9s, cuando es confundido con un tumor, hasta que se lo extrae y se descubre que se trata de un peque\u00f1o feto\u00bb.<\/p><\/div>\n","protected":false},"excerpt":{"rendered":"<p>Seg\u00fan el sitio web El Comercio: \u00abM\u00f3nica Vega se realiz\u00f3 una ecograf\u00eda durante el s\u00e9ptimo mes de embarazo de la que ser\u00eda su tercera hija y lo que descubri\u00f3 la dej\u00f3 perpleja y conmovida.&#46;&#46;&#46;<\/p>\n","protected":false},"author":45,"featured_media":5764,"comment_status":"open","ping_status":"open","sticky":false,"template":"","format":"standard","meta":{"_acf_changed":false,"om_disable_all_campaigns":false,"rop_custom_images_group":[],"rop_custom_messages_group":[],"rop_publish_now":"initial","rop_publish_now_accounts":{"twitter_242054905_242054905":""},"rop_publish_now_history":[],"rop_publish_now_status":"pending","_uf_show_specific_survey":0,"_uf_disable_surveys":false,"footnotes":""},"categories":[158],"tags":[],"class_list":["post-5763","post","type-post","status-publish","format-standard","has-post-thumbnail","hentry","category-curiosidades"],"acf":[],"aioseo_notices":[],"yoast_head":"<!-- This site is optimized with the Yoast SEO Premium plugin v24.9 (Yoast SEO v27.2) - https:\/\/yoast.com\/product\/yoast-seo-premium-wordpress\/ -->\n<title>Beb\u00e9 nace &#8220;embarazada&#8221; de su hermano gemelo - Venezuela | Noti-America.com<\/title>\n<meta name=\"robots\" content=\"index, follow, max-snippet:-1, max-image-preview:large, max-video-preview:-1\" \/>\n<link rel=\"canonical\" href=\"https:\/\/noti-america.com\/site\/venezuela\/2019\/03\/21\/bebe-nace-embarazada-de-su-hermano-gemelo\/\" \/>\n<meta property=\"og:locale\" content=\"es_ES\" \/>\n<meta property=\"og:type\" content=\"article\" \/>\n<meta property=\"og:title\" content=\"Beb\u00e9 nace &#8220;embarazada&#8221; de su hermano gemelo\" \/>\n<meta property=\"og:description\" content=\"Seg\u00fan el sitio web El Comercio: \u00abM\u00f3nica Vega se realiz\u00f3 una ecograf\u00eda durante el s\u00e9ptimo mes de embarazo de la que ser\u00eda su tercera hija y lo que descubri\u00f3 la dej\u00f3 perpleja y conmovida.&#046;&#046;&#046;\" \/>\n<meta property=\"og:url\" content=\"https:\/\/noti-america.com\/site\/venezuela\/2019\/03\/21\/bebe-nace-embarazada-de-su-hermano-gemelo\/\" \/>\n<meta property=\"og:site_name\" content=\"Venezuela | Noti-America.com\" \/>\n<meta property=\"article:published_time\" content=\"2019-03-21T00:03:28+00:00\" \/>\n<meta property=\"og:image\" content=\"https:\/\/noti-america.com\/site\/venezuela\/wp-content\/uploads\/sites\/2\/2019\/03\/bebe-nace-embarazada-de-su-hermano-gemelo-01-2019032041108118.jpg\" \/>\n\t<meta property=\"og:image:width\" content=\"900\" \/>\n\t<meta property=\"og:image:height\" content=\"516\" \/>\n\t<meta property=\"og:image:type\" content=\"image\/jpeg\" \/>\n<meta name=\"author\" content=\"Marilyn Oviedo\" \/>\n<meta name=\"twitter:card\" content=\"summary_large_image\" \/>\n<meta name=\"twitter:label1\" content=\"Escrito por\" \/>\n\t<meta name=\"twitter:data1\" content=\"Marilyn Oviedo\" \/>\n\t<meta name=\"twitter:label2\" content=\"Tiempo estimado de lectura\" \/>\n\t<meta name=\"twitter:data2\" content=\"1 minuto\" \/>\n<script type=\"application\/ld+json\" class=\"yoast-schema-graph\">{\"@context\":\"https:\/\/schema.org\",\"@graph\":[{\"@type\":\"Article\",\"@id\":\"https:\/\/noti-america.com\/site\/venezuela\/2019\/03\/21\/bebe-nace-embarazada-de-su-hermano-gemelo\/#article\",\"isPartOf\":{\"@id\":\"https:\/\/noti-america.com\/site\/venezuela\/2019\/03\/21\/bebe-nace-embarazada-de-su-hermano-gemelo\/\"},\"author\":{\"name\":\"Marilyn Oviedo\",\"@id\":\"https:\/\/noti-america.com\/site\/venezuela\/#\/schema\/person\/17a6ee8c9af7fe2da084805f2d45e6ef\"},\"headline\":\"Beb\u00e9 nace &#8220;embarazada&#8221; de su hermano gemelo\",\"datePublished\":\"2019-03-21T00:03:28+00:00\",\"mainEntityOfPage\":{\"@id\":\"https:\/\/noti-america.com\/site\/venezuela\/2019\/03\/21\/bebe-nace-embarazada-de-su-hermano-gemelo\/\"},\"wordCount\":272,\"commentCount\":0,\"publisher\":{\"@id\":\"https:\/\/noti-america.com\/site\/venezuela\/#organization\"},\"image\":{\"@id\":\"https:\/\/noti-america.com\/site\/venezuela\/2019\/03\/21\/bebe-nace-embarazada-de-su-hermano-gemelo\/#primaryimage\"},\"thumbnailUrl\":\"https:\/\/noti-america.com\/site\/venezuela\/wp-content\/uploads\/sites\/2\/2019\/03\/bebe-nace-embarazada-de-su-hermano-gemelo-01-2019032041108118.jpg\",\"articleSection\":[\"Curiosidades\"],\"inLanguage\":\"es\",\"potentialAction\":[{\"@type\":\"CommentAction\",\"name\":\"Comment\",\"target\":[\"https:\/\/noti-america.com\/site\/venezuela\/2019\/03\/21\/bebe-nace-embarazada-de-su-hermano-gemelo\/#respond\"]}]},{\"@type\":\"WebPage\",\"@id\":\"https:\/\/noti-america.com\/site\/venezuela\/2019\/03\/21\/bebe-nace-embarazada-de-su-hermano-gemelo\/\",\"url\":\"https:\/\/noti-america.com\/site\/venezuela\/2019\/03\/21\/bebe-nace-embarazada-de-su-hermano-gemelo\/\",\"name\":\"Beb\u00e9 nace &#8220;embarazada&#8221; de su hermano gemelo - Venezuela | Noti-America.com\",\"isPartOf\":{\"@id\":\"https:\/\/noti-america.com\/site\/venezuela\/#website\"},\"primaryImageOfPage\":{\"@id\":\"https:\/\/noti-america.com\/site\/venezuela\/2019\/03\/21\/bebe-nace-embarazada-de-su-hermano-gemelo\/#primaryimage\"},\"image\":{\"@id\":\"https:\/\/noti-america.com\/site\/venezuela\/2019\/03\/21\/bebe-nace-embarazada-de-su-hermano-gemelo\/#primaryimage\"},\"thumbnailUrl\":\"https:\/\/noti-america.com\/site\/venezuela\/wp-content\/uploads\/sites\/2\/2019\/03\/bebe-nace-embarazada-de-su-hermano-gemelo-01-2019032041108118.jpg\",\"datePublished\":\"2019-03-21T00:03:28+00:00\",\"breadcrumb\":{\"@id\":\"https:\/\/noti-america.com\/site\/venezuela\/2019\/03\/21\/bebe-nace-embarazada-de-su-hermano-gemelo\/#breadcrumb\"},\"inLanguage\":\"es\",\"potentialAction\":[{\"@type\":\"ReadAction\",\"target\":[\"https:\/\/noti-america.com\/site\/venezuela\/2019\/03\/21\/bebe-nace-embarazada-de-su-hermano-gemelo\/\"]}]},{\"@type\":\"ImageObject\",\"inLanguage\":\"es\",\"@id\":\"https:\/\/noti-america.com\/site\/venezuela\/2019\/03\/21\/bebe-nace-embarazada-de-su-hermano-gemelo\/#primaryimage\",\"url\":\"https:\/\/noti-america.com\/site\/venezuela\/wp-content\/uploads\/sites\/2\/2019\/03\/bebe-nace-embarazada-de-su-hermano-gemelo-01-2019032041108118.jpg\",\"contentUrl\":\"https:\/\/noti-america.com\/site\/venezuela\/wp-content\/uploads\/sites\/2\/2019\/03\/bebe-nace-embarazada-de-su-hermano-gemelo-01-2019032041108118.jpg\",\"width\":900,\"height\":516},{\"@type\":\"BreadcrumbList\",\"@id\":\"https:\/\/noti-america.com\/site\/venezuela\/2019\/03\/21\/bebe-nace-embarazada-de-su-hermano-gemelo\/#breadcrumb\",\"itemListElement\":[{\"@type\":\"ListItem\",\"position\":1,\"name\":\"Portada\",\"item\":\"https:\/\/noti-america.com\/site\/venezuela\/\"},{\"@type\":\"ListItem\",\"position\":2,\"name\":\"Beb\u00e9 nace &#8220;embarazada&#8221; de su hermano gemelo\"}]},{\"@type\":\"WebSite\",\"@id\":\"https:\/\/noti-america.com\/site\/venezuela\/#website\",\"url\":\"https:\/\/noti-america.com\/site\/venezuela\/\",\"name\":\"Venezuela | Noti-America.com\",\"description\":\"\",\"publisher\":{\"@id\":\"https:\/\/noti-america.com\/site\/venezuela\/#organization\"},\"potentialAction\":[{\"@type\":\"SearchAction\",\"target\":{\"@type\":\"EntryPoint\",\"urlTemplate\":\"https:\/\/noti-america.com\/site\/venezuela\/?s={search_term_string}\"},\"query-input\":{\"@type\":\"PropertyValueSpecification\",\"valueRequired\":true,\"valueName\":\"search_term_string\"}}],\"inLanguage\":\"es\"},{\"@type\":\"Organization\",\"@id\":\"https:\/\/noti-america.com\/site\/venezuela\/#organization\",\"name\":\"Noti-America LLC | Venezuela\",\"url\":\"https:\/\/noti-america.com\/site\/venezuela\/\",\"logo\":{\"@type\":\"ImageObject\",\"inLanguage\":\"es\",\"@id\":\"https:\/\/noti-america.com\/site\/venezuela\/#\/schema\/logo\/image\/\",\"url\":\"https:\/\/noti-america.com\/site\/venezuela\/wp-content\/uploads\/sites\/2\/2020\/07\/LogoNA-4x3-1.jpg\",\"contentUrl\":\"https:\/\/noti-america.com\/site\/venezuela\/wp-content\/uploads\/sites\/2\/2020\/07\/LogoNA-4x3-1.jpg\",\"width\":1236,\"height\":1080,\"caption\":\"Noti-America LLC | Venezuela\"},\"image\":{\"@id\":\"https:\/\/noti-america.com\/site\/venezuela\/#\/schema\/logo\/image\/\"}},{\"@type\":\"Person\",\"@id\":\"https:\/\/noti-america.com\/site\/venezuela\/#\/schema\/person\/17a6ee8c9af7fe2da084805f2d45e6ef\",\"name\":\"Marilyn Oviedo\",\"image\":{\"@type\":\"ImageObject\",\"inLanguage\":\"es\",\"@id\":\"https:\/\/secure.gravatar.com\/avatar\/6ab070ce76f64b066017eef1247ecdeb7c01b8e99448b515919552ac2123cc84?s=96&d=mm&r=g\",\"url\":\"https:\/\/secure.gravatar.com\/avatar\/6ab070ce76f64b066017eef1247ecdeb7c01b8e99448b515919552ac2123cc84?s=96&d=mm&r=g\",\"contentUrl\":\"https:\/\/secure.gravatar.com\/avatar\/6ab070ce76f64b066017eef1247ecdeb7c01b8e99448b515919552ac2123cc84?s=96&d=mm&r=g\",\"caption\":\"Marilyn Oviedo\"},\"description\":\"Venezolana, Licenciada en Letras | Productora | Redactora de Contenidos | Community Manager.\",\"url\":\"https:\/\/noti-america.com\/site\/venezuela\/author\/moviedo\/\"}]}<\/script>\n<!-- \/ Yoast SEO Premium plugin. -->","yoast_head_json":{"title":"Beb\u00e9 nace &#8220;embarazada&#8221; de su hermano gemelo - Venezuela | Noti-America.com","robots":{"index":"index","follow":"follow","max-snippet":"max-snippet:-1","max-image-preview":"max-image-preview:large","max-video-preview":"max-video-preview:-1"},"canonical":"https:\/\/noti-america.com\/site\/venezuela\/2019\/03\/21\/bebe-nace-embarazada-de-su-hermano-gemelo\/","og_locale":"es_ES","og_type":"article","og_title":"Beb\u00e9 nace &#8220;embarazada&#8221; de su hermano gemelo","og_description":"Seg\u00fan el sitio web El Comercio: \u00abM\u00f3nica Vega se realiz\u00f3 una ecograf\u00eda durante el s\u00e9ptimo mes de embarazo de la que ser\u00eda su tercera hija y lo que descubri\u00f3 la dej\u00f3 perpleja y conmovida.&#46;&#46;&#46;","og_url":"https:\/\/noti-america.com\/site\/venezuela\/2019\/03\/21\/bebe-nace-embarazada-de-su-hermano-gemelo\/","og_site_name":"Venezuela | Noti-America.com","article_published_time":"2019-03-21T00:03:28+00:00","og_image":[{"width":900,"height":516,"url":"https:\/\/noti-america.com\/site\/venezuela\/wp-content\/uploads\/sites\/2\/2019\/03\/bebe-nace-embarazada-de-su-hermano-gemelo-01-2019032041108118.jpg","type":"image\/jpeg"}],"author":"Marilyn Oviedo","twitter_card":"summary_large_image","twitter_misc":{"Escrito por":"Marilyn Oviedo","Tiempo estimado de lectura":"1 minuto"},"schema":{"@context":"https:\/\/schema.org","@graph":[{"@type":"Article","@id":"https:\/\/noti-america.com\/site\/venezuela\/2019\/03\/21\/bebe-nace-embarazada-de-su-hermano-gemelo\/#article","isPartOf":{"@id":"https:\/\/noti-america.com\/site\/venezuela\/2019\/03\/21\/bebe-nace-embarazada-de-su-hermano-gemelo\/"},"author":{"name":"Marilyn Oviedo","@id":"https:\/\/noti-america.com\/site\/venezuela\/#\/schema\/person\/17a6ee8c9af7fe2da084805f2d45e6ef"},"headline":"Beb\u00e9 nace &#8220;embarazada&#8221; de su hermano gemelo","datePublished":"2019-03-21T00:03:28+00:00","mainEntityOfPage":{"@id":"https:\/\/noti-america.com\/site\/venezuela\/2019\/03\/21\/bebe-nace-embarazada-de-su-hermano-gemelo\/"},"wordCount":272,"commentCount":0,"publisher":{"@id":"https:\/\/noti-america.com\/site\/venezuela\/#organization"},"image":{"@id":"https:\/\/noti-america.com\/site\/venezuela\/2019\/03\/21\/bebe-nace-embarazada-de-su-hermano-gemelo\/#primaryimage"},"thumbnailUrl":"https:\/\/noti-america.com\/site\/venezuela\/wp-content\/uploads\/sites\/2\/2019\/03\/bebe-nace-embarazada-de-su-hermano-gemelo-01-2019032041108118.jpg","articleSection":["Curiosidades"],"inLanguage":"es","potentialAction":[{"@type":"CommentAction","name":"Comment","target":["https:\/\/noti-america.com\/site\/venezuela\/2019\/03\/21\/bebe-nace-embarazada-de-su-hermano-gemelo\/#respond"]}]},{"@type":"WebPage","@id":"https:\/\/noti-america.com\/site\/venezuela\/2019\/03\/21\/bebe-nace-embarazada-de-su-hermano-gemelo\/","url":"https:\/\/noti-america.com\/site\/venezuela\/2019\/03\/21\/bebe-nace-embarazada-de-su-hermano-gemelo\/","name":"Beb\u00e9 nace &#8220;embarazada&#8221; de su hermano gemelo - Venezuela | Noti-America.com","isPartOf":{"@id":"https:\/\/noti-america.com\/site\/venezuela\/#website"},"primaryImageOfPage":{"@id":"https:\/\/noti-america.com\/site\/venezuela\/2019\/03\/21\/bebe-nace-embarazada-de-su-hermano-gemelo\/#primaryimage"},"image":{"@id":"https:\/\/noti-america.com\/site\/venezuela\/2019\/03\/21\/bebe-nace-embarazada-de-su-hermano-gemelo\/#primaryimage"},"thumbnailUrl":"https:\/\/noti-america.com\/site\/venezuela\/wp-content\/uploads\/sites\/2\/2019\/03\/bebe-nace-embarazada-de-su-hermano-gemelo-01-2019032041108118.jpg","datePublished":"2019-03-21T00:03:28+00:00","breadcrumb":{"@id":"https:\/\/noti-america.com\/site\/venezuela\/2019\/03\/21\/bebe-nace-embarazada-de-su-hermano-gemelo\/#breadcrumb"},"inLanguage":"es","potentialAction":[{"@type":"ReadAction","target":["https:\/\/noti-america.com\/site\/venezuela\/2019\/03\/21\/bebe-nace-embarazada-de-su-hermano-gemelo\/"]}]},{"@type":"ImageObject","inLanguage":"es","@id":"https:\/\/noti-america.com\/site\/venezuela\/2019\/03\/21\/bebe-nace-embarazada-de-su-hermano-gemelo\/#primaryimage","url":"https:\/\/noti-america.com\/site\/venezuela\/wp-content\/uploads\/sites\/2\/2019\/03\/bebe-nace-embarazada-de-su-hermano-gemelo-01-2019032041108118.jpg","contentUrl":"https:\/\/noti-america.com\/site\/venezuela\/wp-content\/uploads\/sites\/2\/2019\/03\/bebe-nace-embarazada-de-su-hermano-gemelo-01-2019032041108118.jpg","width":900,"height":516},{"@type":"BreadcrumbList","@id":"https:\/\/noti-america.com\/site\/venezuela\/2019\/03\/21\/bebe-nace-embarazada-de-su-hermano-gemelo\/#breadcrumb","itemListElement":[{"@type":"ListItem","position":1,"name":"Portada","item":"https:\/\/noti-america.com\/site\/venezuela\/"},{"@type":"ListItem","position":2,"name":"Beb\u00e9 nace &#8220;embarazada&#8221; de su hermano gemelo"}]},{"@type":"WebSite","@id":"https:\/\/noti-america.com\/site\/venezuela\/#website","url":"https:\/\/noti-america.com\/site\/venezuela\/","name":"Venezuela | Noti-America.com","description":"","publisher":{"@id":"https:\/\/noti-america.com\/site\/venezuela\/#organization"},"potentialAction":[{"@type":"SearchAction","target":{"@type":"EntryPoint","urlTemplate":"https:\/\/noti-america.com\/site\/venezuela\/?s={search_term_string}"},"query-input":{"@type":"PropertyValueSpecification","valueRequired":true,"valueName":"search_term_string"}}],"inLanguage":"es"},{"@type":"Organization","@id":"https:\/\/noti-america.com\/site\/venezuela\/#organization","name":"Noti-America LLC | Venezuela","url":"https:\/\/noti-america.com\/site\/venezuela\/","logo":{"@type":"ImageObject","inLanguage":"es","@id":"https:\/\/noti-america.com\/site\/venezuela\/#\/schema\/logo\/image\/","url":"https:\/\/noti-america.com\/site\/venezuela\/wp-content\/uploads\/sites\/2\/2020\/07\/LogoNA-4x3-1.jpg","contentUrl":"https:\/\/noti-america.com\/site\/venezuela\/wp-content\/uploads\/sites\/2\/2020\/07\/LogoNA-4x3-1.jpg","width":1236,"height":1080,"caption":"Noti-America LLC | Venezuela"},"image":{"@id":"https:\/\/noti-america.com\/site\/venezuela\/#\/schema\/logo\/image\/"}},{"@type":"Person","@id":"https:\/\/noti-america.com\/site\/venezuela\/#\/schema\/person\/17a6ee8c9af7fe2da084805f2d45e6ef","name":"Marilyn Oviedo","image":{"@type":"ImageObject","inLanguage":"es","@id":"https:\/\/secure.gravatar.com\/avatar\/6ab070ce76f64b066017eef1247ecdeb7c01b8e99448b515919552ac2123cc84?s=96&d=mm&r=g","url":"https:\/\/secure.gravatar.com\/avatar\/6ab070ce76f64b066017eef1247ecdeb7c01b8e99448b515919552ac2123cc84?s=96&d=mm&r=g","contentUrl":"https:\/\/secure.gravatar.com\/avatar\/6ab070ce76f64b066017eef1247ecdeb7c01b8e99448b515919552ac2123cc84?s=96&d=mm&r=g","caption":"Marilyn Oviedo"},"description":"Venezolana, Licenciada en Letras | Productora | Redactora de Contenidos | Community Manager.","url":"https:\/\/noti-america.com\/site\/venezuela\/author\/moviedo\/"}]}},"_links":{"self":[{"href":"https:\/\/noti-america.com\/site\/venezuela\/wp-json\/wp\/v2\/posts\/5763","targetHints":{"allow":["GET"]}}],"collection":[{"href":"https:\/\/noti-america.com\/site\/venezuela\/wp-json\/wp\/v2\/posts"}],"about":[{"href":"https:\/\/noti-america.com\/site\/venezuela\/wp-json\/wp\/v2\/types\/post"}],"author":[{"embeddable":true,"href":"https:\/\/noti-america.com\/site\/venezuela\/wp-json\/wp\/v2\/users\/45"}],"replies":[{"embeddable":true,"href":"https:\/\/noti-america.com\/site\/venezuela\/wp-json\/wp\/v2\/comments?post=5763"}],"version-history":[{"count":0,"href":"https:\/\/noti-america.com\/site\/venezuela\/wp-json\/wp\/v2\/posts\/5763\/revisions"}],"wp:featuredmedia":[{"embeddable":true,"href":"https:\/\/noti-america.com\/site\/venezuela\/wp-json\/wp\/v2\/media\/5764"}],"wp:attachment":[{"href":"https:\/\/noti-america.com\/site\/venezuela\/wp-json\/wp\/v2\/media?parent=5763"}],"wp:term":[{"taxonomy":"category","embeddable":true,"href":"https:\/\/noti-america.com\/site\/venezuela\/wp-json\/wp\/v2\/categories?post=5763"},{"taxonomy":"post_tag","embeddable":true,"href":"https:\/\/noti-america.com\/site\/venezuela\/wp-json\/wp\/v2\/tags?post=5763"}],"curies":[{"name":"wp","href":"https:\/\/api.w.org\/{rel}","templated":true}]}}