{"id":5755,"date":"2019-03-21T04:26:48","date_gmt":"2019-03-21T04:26:48","guid":{"rendered":"http:\/\/noti-america.com\/site\/venezuela\/?p=5755"},"modified":"2019-03-21T04:26:48","modified_gmt":"2019-03-21T04:26:48","slug":"artistas-venezolanos-se-unen-por-el-vamos-bien-de-un-pais","status":"publish","type":"post","link":"https:\/\/noti-america.com\/site\/venezuela\/2019\/03\/21\/artistas-venezolanos-se-unen-por-el-vamos-bien-de-un-pais\/","title":{"rendered":"Artistas venezolanos se unen por el \u201cVamos Bien\u201d de un pa\u00eds"},"content":{"rendered":"<div><img decoding=\"async\" class=\"aligncenter\" src=\"https:\/\/diariodecaracas.com\/sites\/default\/media\/field\/image\/11_20hhhhh.jpg\" alt=\" Artistas venezolanos unen sus voces al grito de \u00e2\u0080\u009cVamos bien\u00e2\u0080\u009d\" \/><\/div>\n<div><\/div>\n<div style=\"text-align: justify\">Seg\u00fan rese\u00f1a GossipVZLA: \u00abSin duda alguna, para lo que resalta ser la far\u00e1ndula venezolana, no dejamos atr\u00e1s las recientes noticias que se han podido compartir al respecto de lo que ha venido sucediendo en Venezuela, adem\u00e1s del apoyo ful que han venido teniendo los dirigentes pol\u00edticos que quieren el cambio en para el pa\u00eds, encabezado por el presidente encargado Juan Guaid\u00f3.<\/p>\n<\/div>\n<div style=\"text-align: justify\">El mensaje del tema se filtr\u00f3 en un\u00a0<strong>tras c\u00e1mara que realizaron los cantantes de la misma pieza<\/strong>\u00a0entre los que destacaron\u00a0<strong>Chyno Miranda, Lasso, Corina Smith, Victor Drija, Pollo Ujueta, Jonathan Moly, V\u00edctor Mu\u00f1oz, Marko M\u00fasica<\/strong>, criollos que han mostrado su apoyo recientemente por el nuevo mandato.<\/p>\n<\/div>\n<div style=\"text-align: justify\">Un pedacito del coro de la misma canci\u00f3n reza\u00a0<strong>\u201cVamos bien, vamos muy bien, despu\u00e9s de todo aqu\u00ed seguimos de pie\u201d<\/strong>, como un grito de guerra para la lucha que mantienen los venezolanos en pro de sacar a quienes actualmente est\u00e1n en el\u00a0<strong>modo de la usurpaci\u00f3n, encabezados por Nicol\u00e1s Maduro.<\/strong><\/div>\n<div><\/div>\n<div style=\"text-align: justify\">\n<div class=\"video-container\"><iframe loading=\"lazy\" title=\"Juan Guaid\u00f3: &quot;La raz\u00f3n del por qu\u00e9 VAMOS BIEN Venezuela&quot;\" width=\"500\" height=\"281\" src=\"https:\/\/www.youtube.com\/embed\/9_0Gjp3M9gs?feature=oembed&#038;wmode=opaque\" frameborder=\"0\" allow=\"accelerometer; autoplay; clipboard-write; encrypted-media; gyroscope; picture-in-picture; web-share\" referrerpolicy=\"strict-origin-when-cross-origin\" allowfullscreen><\/iframe><\/div>\n<p>Tambi\u00e9n destacar que no son solo <strong>cantantes<\/strong>\u00a0los que se han expresado sino otras\u00a0<strong>figuras p\u00fablicas tanto del cine como la televisi\u00f3n venezolana.<\/strong>\u00a0Es de buen ver que ellos con un granito de arena de poquito en poquito, hacen que un pa\u00eds en general mantenga la fe en un cambio muy pronto\u00bb.<strong><br \/>\n<\/strong><\/div>\n","protected":false},"excerpt":{"rendered":"<p>Seg\u00fan rese\u00f1a GossipVZLA: \u00abSin duda alguna, para lo que resalta ser la far\u00e1ndula venezolana, no dejamos atr\u00e1s las recientes noticias que se han podido compartir al respecto de lo que ha venido sucediendo en&#46;&#46;&#46;<\/p>\n","protected":false},"author":45,"featured_media":5757,"comment_status":"open","ping_status":"open","sticky":false,"template":"","format":"standard","meta":{"_acf_changed":false,"om_disable_all_campaigns":false,"rop_custom_images_group":[],"rop_custom_messages_group":[],"rop_publish_now":"initial","rop_publish_now_accounts":{"twitter_242054905_242054905":""},"rop_publish_now_history":[],"rop_publish_now_status":"pending","_uf_show_specific_survey":0,"_uf_disable_surveys":false,"footnotes":""},"categories":[8,156],"tags":[],"class_list":["post-5755","post","type-post","status-publish","format-standard","has-post-thumbnail","hentry","category-arte-y-espectaculos","category-venezuela"],"acf":[],"aioseo_notices":[],"yoast_head":"<!-- This site is optimized with the Yoast SEO Premium plugin v24.9 (Yoast SEO v27.2) - https:\/\/yoast.com\/product\/yoast-seo-premium-wordpress\/ -->\n<title>Artistas venezolanos se unen por el \u201cVamos Bien\u201d de un pa\u00eds - Venezuela | Noti-America.com<\/title>\n<meta name=\"robots\" content=\"index, follow, max-snippet:-1, max-image-preview:large, max-video-preview:-1\" \/>\n<link rel=\"canonical\" href=\"https:\/\/noti-america.com\/site\/venezuela\/2019\/03\/21\/artistas-venezolanos-se-unen-por-el-vamos-bien-de-un-pais\/\" \/>\n<meta property=\"og:locale\" content=\"es_ES\" \/>\n<meta property=\"og:type\" content=\"article\" \/>\n<meta property=\"og:title\" content=\"Artistas venezolanos se unen por el \u201cVamos Bien\u201d de un pa\u00eds\" \/>\n<meta property=\"og:description\" content=\"Seg\u00fan rese\u00f1a GossipVZLA: \u00abSin duda alguna, para lo que resalta ser la far\u00e1ndula venezolana, no dejamos atr\u00e1s las recientes noticias que se han podido compartir al respecto de lo que ha venido sucediendo en&#046;&#046;&#046;\" \/>\n<meta property=\"og:url\" content=\"https:\/\/noti-america.com\/site\/venezuela\/2019\/03\/21\/artistas-venezolanos-se-unen-por-el-vamos-bien-de-un-pais\/\" \/>\n<meta property=\"og:site_name\" content=\"Venezuela | Noti-America.com\" \/>\n<meta property=\"article:published_time\" content=\"2019-03-21T04:26:48+00:00\" \/>\n<meta property=\"og:image\" content=\"https:\/\/noti-america.com\/site\/venezuela\/wp-content\/uploads\/sites\/2\/2019\/03\/11_20hhhhh.jpg\" \/>\n\t<meta property=\"og:image:width\" content=\"728\" \/>\n\t<meta property=\"og:image:height\" content=\"485\" \/>\n\t<meta property=\"og:image:type\" content=\"image\/jpeg\" \/>\n<meta name=\"author\" content=\"Marilyn Oviedo\" \/>\n<meta name=\"twitter:card\" content=\"summary_large_image\" \/>\n<meta name=\"twitter:label1\" content=\"Escrito por\" \/>\n\t<meta name=\"twitter:data1\" content=\"Marilyn Oviedo\" \/>\n\t<meta name=\"twitter:label2\" content=\"Tiempo estimado de lectura\" \/>\n\t<meta name=\"twitter:data2\" content=\"1 minuto\" \/>\n<script type=\"application\/ld+json\" class=\"yoast-schema-graph\">{\"@context\":\"https:\/\/schema.org\",\"@graph\":[{\"@type\":\"Article\",\"@id\":\"https:\/\/noti-america.com\/site\/venezuela\/2019\/03\/21\/artistas-venezolanos-se-unen-por-el-vamos-bien-de-un-pais\/#article\",\"isPartOf\":{\"@id\":\"https:\/\/noti-america.com\/site\/venezuela\/2019\/03\/21\/artistas-venezolanos-se-unen-por-el-vamos-bien-de-un-pais\/\"},\"author\":{\"name\":\"Marilyn Oviedo\",\"@id\":\"https:\/\/noti-america.com\/site\/venezuela\/#\/schema\/person\/17a6ee8c9af7fe2da084805f2d45e6ef\"},\"headline\":\"Artistas venezolanos se unen por el \u201cVamos Bien\u201d de un pa\u00eds\",\"datePublished\":\"2019-03-21T04:26:48+00:00\",\"mainEntityOfPage\":{\"@id\":\"https:\/\/noti-america.com\/site\/venezuela\/2019\/03\/21\/artistas-venezolanos-se-unen-por-el-vamos-bien-de-un-pais\/\"},\"wordCount\":255,\"commentCount\":0,\"publisher\":{\"@id\":\"https:\/\/noti-america.com\/site\/venezuela\/#organization\"},\"image\":{\"@id\":\"https:\/\/noti-america.com\/site\/venezuela\/2019\/03\/21\/artistas-venezolanos-se-unen-por-el-vamos-bien-de-un-pais\/#primaryimage\"},\"thumbnailUrl\":\"https:\/\/noti-america.com\/site\/venezuela\/wp-content\/uploads\/sites\/2\/2019\/03\/11_20hhhhh.jpg\",\"articleSection\":[\"Arte y Espect\u00e1culos\",\"Venezuela\"],\"inLanguage\":\"es\",\"potentialAction\":[{\"@type\":\"CommentAction\",\"name\":\"Comment\",\"target\":[\"https:\/\/noti-america.com\/site\/venezuela\/2019\/03\/21\/artistas-venezolanos-se-unen-por-el-vamos-bien-de-un-pais\/#respond\"]}]},{\"@type\":\"WebPage\",\"@id\":\"https:\/\/noti-america.com\/site\/venezuela\/2019\/03\/21\/artistas-venezolanos-se-unen-por-el-vamos-bien-de-un-pais\/\",\"url\":\"https:\/\/noti-america.com\/site\/venezuela\/2019\/03\/21\/artistas-venezolanos-se-unen-por-el-vamos-bien-de-un-pais\/\",\"name\":\"Artistas venezolanos se unen por el \u201cVamos Bien\u201d de un pa\u00eds - Venezuela | Noti-America.com\",\"isPartOf\":{\"@id\":\"https:\/\/noti-america.com\/site\/venezuela\/#website\"},\"primaryImageOfPage\":{\"@id\":\"https:\/\/noti-america.com\/site\/venezuela\/2019\/03\/21\/artistas-venezolanos-se-unen-por-el-vamos-bien-de-un-pais\/#primaryimage\"},\"image\":{\"@id\":\"https:\/\/noti-america.com\/site\/venezuela\/2019\/03\/21\/artistas-venezolanos-se-unen-por-el-vamos-bien-de-un-pais\/#primaryimage\"},\"thumbnailUrl\":\"https:\/\/noti-america.com\/site\/venezuela\/wp-content\/uploads\/sites\/2\/2019\/03\/11_20hhhhh.jpg\",\"datePublished\":\"2019-03-21T04:26:48+00:00\",\"breadcrumb\":{\"@id\":\"https:\/\/noti-america.com\/site\/venezuela\/2019\/03\/21\/artistas-venezolanos-se-unen-por-el-vamos-bien-de-un-pais\/#breadcrumb\"},\"inLanguage\":\"es\",\"potentialAction\":[{\"@type\":\"ReadAction\",\"target\":[\"https:\/\/noti-america.com\/site\/venezuela\/2019\/03\/21\/artistas-venezolanos-se-unen-por-el-vamos-bien-de-un-pais\/\"]}]},{\"@type\":\"ImageObject\",\"inLanguage\":\"es\",\"@id\":\"https:\/\/noti-america.com\/site\/venezuela\/2019\/03\/21\/artistas-venezolanos-se-unen-por-el-vamos-bien-de-un-pais\/#primaryimage\",\"url\":\"https:\/\/noti-america.com\/site\/venezuela\/wp-content\/uploads\/sites\/2\/2019\/03\/11_20hhhhh.jpg\",\"contentUrl\":\"https:\/\/noti-america.com\/site\/venezuela\/wp-content\/uploads\/sites\/2\/2019\/03\/11_20hhhhh.jpg\",\"width\":728,\"height\":485},{\"@type\":\"BreadcrumbList\",\"@id\":\"https:\/\/noti-america.com\/site\/venezuela\/2019\/03\/21\/artistas-venezolanos-se-unen-por-el-vamos-bien-de-un-pais\/#breadcrumb\",\"itemListElement\":[{\"@type\":\"ListItem\",\"position\":1,\"name\":\"Portada\",\"item\":\"https:\/\/noti-america.com\/site\/venezuela\/\"},{\"@type\":\"ListItem\",\"position\":2,\"name\":\"Artistas venezolanos se unen por el \u201cVamos Bien\u201d de un pa\u00eds\"}]},{\"@type\":\"WebSite\",\"@id\":\"https:\/\/noti-america.com\/site\/venezuela\/#website\",\"url\":\"https:\/\/noti-america.com\/site\/venezuela\/\",\"name\":\"Venezuela | Noti-America.com\",\"description\":\"\",\"publisher\":{\"@id\":\"https:\/\/noti-america.com\/site\/venezuela\/#organization\"},\"potentialAction\":[{\"@type\":\"SearchAction\",\"target\":{\"@type\":\"EntryPoint\",\"urlTemplate\":\"https:\/\/noti-america.com\/site\/venezuela\/?s={search_term_string}\"},\"query-input\":{\"@type\":\"PropertyValueSpecification\",\"valueRequired\":true,\"valueName\":\"search_term_string\"}}],\"inLanguage\":\"es\"},{\"@type\":\"Organization\",\"@id\":\"https:\/\/noti-america.com\/site\/venezuela\/#organization\",\"name\":\"Noti-America LLC | Venezuela\",\"url\":\"https:\/\/noti-america.com\/site\/venezuela\/\",\"logo\":{\"@type\":\"ImageObject\",\"inLanguage\":\"es\",\"@id\":\"https:\/\/noti-america.com\/site\/venezuela\/#\/schema\/logo\/image\/\",\"url\":\"https:\/\/noti-america.com\/site\/venezuela\/wp-content\/uploads\/sites\/2\/2020\/07\/LogoNA-4x3-1.jpg\",\"contentUrl\":\"https:\/\/noti-america.com\/site\/venezuela\/wp-content\/uploads\/sites\/2\/2020\/07\/LogoNA-4x3-1.jpg\",\"width\":1236,\"height\":1080,\"caption\":\"Noti-America LLC | Venezuela\"},\"image\":{\"@id\":\"https:\/\/noti-america.com\/site\/venezuela\/#\/schema\/logo\/image\/\"}},{\"@type\":\"Person\",\"@id\":\"https:\/\/noti-america.com\/site\/venezuela\/#\/schema\/person\/17a6ee8c9af7fe2da084805f2d45e6ef\",\"name\":\"Marilyn Oviedo\",\"image\":{\"@type\":\"ImageObject\",\"inLanguage\":\"es\",\"@id\":\"https:\/\/secure.gravatar.com\/avatar\/6ab070ce76f64b066017eef1247ecdeb7c01b8e99448b515919552ac2123cc84?s=96&d=mm&r=g\",\"url\":\"https:\/\/secure.gravatar.com\/avatar\/6ab070ce76f64b066017eef1247ecdeb7c01b8e99448b515919552ac2123cc84?s=96&d=mm&r=g\",\"contentUrl\":\"https:\/\/secure.gravatar.com\/avatar\/6ab070ce76f64b066017eef1247ecdeb7c01b8e99448b515919552ac2123cc84?s=96&d=mm&r=g\",\"caption\":\"Marilyn Oviedo\"},\"description\":\"Venezolana, Licenciada en Letras | Productora | Redactora de Contenidos | Community Manager.\",\"url\":\"https:\/\/noti-america.com\/site\/venezuela\/author\/moviedo\/\"}]}<\/script>\n<!-- \/ Yoast SEO Premium plugin. -->","yoast_head_json":{"title":"Artistas venezolanos se unen por el \u201cVamos Bien\u201d de un pa\u00eds - Venezuela | Noti-America.com","robots":{"index":"index","follow":"follow","max-snippet":"max-snippet:-1","max-image-preview":"max-image-preview:large","max-video-preview":"max-video-preview:-1"},"canonical":"https:\/\/noti-america.com\/site\/venezuela\/2019\/03\/21\/artistas-venezolanos-se-unen-por-el-vamos-bien-de-un-pais\/","og_locale":"es_ES","og_type":"article","og_title":"Artistas venezolanos se unen por el \u201cVamos Bien\u201d de un pa\u00eds","og_description":"Seg\u00fan rese\u00f1a GossipVZLA: \u00abSin duda alguna, para lo que resalta ser la far\u00e1ndula venezolana, no dejamos atr\u00e1s las recientes noticias que se han podido compartir al respecto de lo que ha venido sucediendo en&#46;&#46;&#46;","og_url":"https:\/\/noti-america.com\/site\/venezuela\/2019\/03\/21\/artistas-venezolanos-se-unen-por-el-vamos-bien-de-un-pais\/","og_site_name":"Venezuela | Noti-America.com","article_published_time":"2019-03-21T04:26:48+00:00","og_image":[{"width":728,"height":485,"url":"https:\/\/noti-america.com\/site\/venezuela\/wp-content\/uploads\/sites\/2\/2019\/03\/11_20hhhhh.jpg","type":"image\/jpeg"}],"author":"Marilyn Oviedo","twitter_card":"summary_large_image","twitter_misc":{"Escrito por":"Marilyn Oviedo","Tiempo estimado de lectura":"1 minuto"},"schema":{"@context":"https:\/\/schema.org","@graph":[{"@type":"Article","@id":"https:\/\/noti-america.com\/site\/venezuela\/2019\/03\/21\/artistas-venezolanos-se-unen-por-el-vamos-bien-de-un-pais\/#article","isPartOf":{"@id":"https:\/\/noti-america.com\/site\/venezuela\/2019\/03\/21\/artistas-venezolanos-se-unen-por-el-vamos-bien-de-un-pais\/"},"author":{"name":"Marilyn Oviedo","@id":"https:\/\/noti-america.com\/site\/venezuela\/#\/schema\/person\/17a6ee8c9af7fe2da084805f2d45e6ef"},"headline":"Artistas venezolanos se unen por el \u201cVamos Bien\u201d de un pa\u00eds","datePublished":"2019-03-21T04:26:48+00:00","mainEntityOfPage":{"@id":"https:\/\/noti-america.com\/site\/venezuela\/2019\/03\/21\/artistas-venezolanos-se-unen-por-el-vamos-bien-de-un-pais\/"},"wordCount":255,"commentCount":0,"publisher":{"@id":"https:\/\/noti-america.com\/site\/venezuela\/#organization"},"image":{"@id":"https:\/\/noti-america.com\/site\/venezuela\/2019\/03\/21\/artistas-venezolanos-se-unen-por-el-vamos-bien-de-un-pais\/#primaryimage"},"thumbnailUrl":"https:\/\/noti-america.com\/site\/venezuela\/wp-content\/uploads\/sites\/2\/2019\/03\/11_20hhhhh.jpg","articleSection":["Arte y Espect\u00e1culos","Venezuela"],"inLanguage":"es","potentialAction":[{"@type":"CommentAction","name":"Comment","target":["https:\/\/noti-america.com\/site\/venezuela\/2019\/03\/21\/artistas-venezolanos-se-unen-por-el-vamos-bien-de-un-pais\/#respond"]}]},{"@type":"WebPage","@id":"https:\/\/noti-america.com\/site\/venezuela\/2019\/03\/21\/artistas-venezolanos-se-unen-por-el-vamos-bien-de-un-pais\/","url":"https:\/\/noti-america.com\/site\/venezuela\/2019\/03\/21\/artistas-venezolanos-se-unen-por-el-vamos-bien-de-un-pais\/","name":"Artistas venezolanos se unen por el \u201cVamos Bien\u201d de un pa\u00eds - Venezuela | Noti-America.com","isPartOf":{"@id":"https:\/\/noti-america.com\/site\/venezuela\/#website"},"primaryImageOfPage":{"@id":"https:\/\/noti-america.com\/site\/venezuela\/2019\/03\/21\/artistas-venezolanos-se-unen-por-el-vamos-bien-de-un-pais\/#primaryimage"},"image":{"@id":"https:\/\/noti-america.com\/site\/venezuela\/2019\/03\/21\/artistas-venezolanos-se-unen-por-el-vamos-bien-de-un-pais\/#primaryimage"},"thumbnailUrl":"https:\/\/noti-america.com\/site\/venezuela\/wp-content\/uploads\/sites\/2\/2019\/03\/11_20hhhhh.jpg","datePublished":"2019-03-21T04:26:48+00:00","breadcrumb":{"@id":"https:\/\/noti-america.com\/site\/venezuela\/2019\/03\/21\/artistas-venezolanos-se-unen-por-el-vamos-bien-de-un-pais\/#breadcrumb"},"inLanguage":"es","potentialAction":[{"@type":"ReadAction","target":["https:\/\/noti-america.com\/site\/venezuela\/2019\/03\/21\/artistas-venezolanos-se-unen-por-el-vamos-bien-de-un-pais\/"]}]},{"@type":"ImageObject","inLanguage":"es","@id":"https:\/\/noti-america.com\/site\/venezuela\/2019\/03\/21\/artistas-venezolanos-se-unen-por-el-vamos-bien-de-un-pais\/#primaryimage","url":"https:\/\/noti-america.com\/site\/venezuela\/wp-content\/uploads\/sites\/2\/2019\/03\/11_20hhhhh.jpg","contentUrl":"https:\/\/noti-america.com\/site\/venezuela\/wp-content\/uploads\/sites\/2\/2019\/03\/11_20hhhhh.jpg","width":728,"height":485},{"@type":"BreadcrumbList","@id":"https:\/\/noti-america.com\/site\/venezuela\/2019\/03\/21\/artistas-venezolanos-se-unen-por-el-vamos-bien-de-un-pais\/#breadcrumb","itemListElement":[{"@type":"ListItem","position":1,"name":"Portada","item":"https:\/\/noti-america.com\/site\/venezuela\/"},{"@type":"ListItem","position":2,"name":"Artistas venezolanos se unen por el \u201cVamos Bien\u201d de un pa\u00eds"}]},{"@type":"WebSite","@id":"https:\/\/noti-america.com\/site\/venezuela\/#website","url":"https:\/\/noti-america.com\/site\/venezuela\/","name":"Venezuela | Noti-America.com","description":"","publisher":{"@id":"https:\/\/noti-america.com\/site\/venezuela\/#organization"},"potentialAction":[{"@type":"SearchAction","target":{"@type":"EntryPoint","urlTemplate":"https:\/\/noti-america.com\/site\/venezuela\/?s={search_term_string}"},"query-input":{"@type":"PropertyValueSpecification","valueRequired":true,"valueName":"search_term_string"}}],"inLanguage":"es"},{"@type":"Organization","@id":"https:\/\/noti-america.com\/site\/venezuela\/#organization","name":"Noti-America LLC | Venezuela","url":"https:\/\/noti-america.com\/site\/venezuela\/","logo":{"@type":"ImageObject","inLanguage":"es","@id":"https:\/\/noti-america.com\/site\/venezuela\/#\/schema\/logo\/image\/","url":"https:\/\/noti-america.com\/site\/venezuela\/wp-content\/uploads\/sites\/2\/2020\/07\/LogoNA-4x3-1.jpg","contentUrl":"https:\/\/noti-america.com\/site\/venezuela\/wp-content\/uploads\/sites\/2\/2020\/07\/LogoNA-4x3-1.jpg","width":1236,"height":1080,"caption":"Noti-America LLC | Venezuela"},"image":{"@id":"https:\/\/noti-america.com\/site\/venezuela\/#\/schema\/logo\/image\/"}},{"@type":"Person","@id":"https:\/\/noti-america.com\/site\/venezuela\/#\/schema\/person\/17a6ee8c9af7fe2da084805f2d45e6ef","name":"Marilyn Oviedo","image":{"@type":"ImageObject","inLanguage":"es","@id":"https:\/\/secure.gravatar.com\/avatar\/6ab070ce76f64b066017eef1247ecdeb7c01b8e99448b515919552ac2123cc84?s=96&d=mm&r=g","url":"https:\/\/secure.gravatar.com\/avatar\/6ab070ce76f64b066017eef1247ecdeb7c01b8e99448b515919552ac2123cc84?s=96&d=mm&r=g","contentUrl":"https:\/\/secure.gravatar.com\/avatar\/6ab070ce76f64b066017eef1247ecdeb7c01b8e99448b515919552ac2123cc84?s=96&d=mm&r=g","caption":"Marilyn Oviedo"},"description":"Venezolana, Licenciada en Letras | Productora | Redactora de Contenidos | Community Manager.","url":"https:\/\/noti-america.com\/site\/venezuela\/author\/moviedo\/"}]}},"_links":{"self":[{"href":"https:\/\/noti-america.com\/site\/venezuela\/wp-json\/wp\/v2\/posts\/5755","targetHints":{"allow":["GET"]}}],"collection":[{"href":"https:\/\/noti-america.com\/site\/venezuela\/wp-json\/wp\/v2\/posts"}],"about":[{"href":"https:\/\/noti-america.com\/site\/venezuela\/wp-json\/wp\/v2\/types\/post"}],"author":[{"embeddable":true,"href":"https:\/\/noti-america.com\/site\/venezuela\/wp-json\/wp\/v2\/users\/45"}],"replies":[{"embeddable":true,"href":"https:\/\/noti-america.com\/site\/venezuela\/wp-json\/wp\/v2\/comments?post=5755"}],"version-history":[{"count":1,"href":"https:\/\/noti-america.com\/site\/venezuela\/wp-json\/wp\/v2\/posts\/5755\/revisions"}],"predecessor-version":[{"id":5758,"href":"https:\/\/noti-america.com\/site\/venezuela\/wp-json\/wp\/v2\/posts\/5755\/revisions\/5758"}],"wp:featuredmedia":[{"embeddable":true,"href":"https:\/\/noti-america.com\/site\/venezuela\/wp-json\/wp\/v2\/media\/5757"}],"wp:attachment":[{"href":"https:\/\/noti-america.com\/site\/venezuela\/wp-json\/wp\/v2\/media?parent=5755"}],"wp:term":[{"taxonomy":"category","embeddable":true,"href":"https:\/\/noti-america.com\/site\/venezuela\/wp-json\/wp\/v2\/categories?post=5755"},{"taxonomy":"post_tag","embeddable":true,"href":"https:\/\/noti-america.com\/site\/venezuela\/wp-json\/wp\/v2\/tags?post=5755"}],"curies":[{"name":"wp","href":"https:\/\/api.w.org\/{rel}","templated":true}]}}