{"id":56625,"date":"2026-09-04T14:51:00","date_gmt":"2026-09-04T14:51:00","guid":{"rendered":"https:\/\/noti-america.com\/site\/venezuela\/?p=56625"},"modified":"2026-09-04T14:52:30","modified_gmt":"2026-09-04T14:52:30","slug":"centro-comercial-metrocenter-consolidandose-como-el-epicentro-tecnologico-de-caracas","status":"publish","type":"post","link":"https:\/\/noti-america.com\/site\/venezuela\/2026\/09\/04\/centro-comercial-metrocenter-consolidandose-como-el-epicentro-tecnologico-de-caracas\/","title":{"rendered":"Centro Comercial Metrocenter consolidandose como el epicentro tecnol\u00f3gico de Caracas"},"content":{"rendered":"<p>El Centro Comercial\u00a0<a href=\"https:\/\/www.instagram.com\/ccmetrocenter\/?hl=es\">Metrocenter<\/a>\u00a0se posiciona oficialmente como el gran referente tecnol\u00f3gico de la ciudad de Caracas, ofreciendo a los visitantes un espacio moderno e innovador que re\u00fane a las marcas m\u00e1s reconocidas del pa\u00eds en un solo lugar.<\/p>\n<div class=\"google-anno-skip google-anno-sc\" role=\"link\" aria-label=\"Encuentra Ofertas Exclusivas\" data-google-vignette=\"false\" data-google-interstitial=\"false\"><strong>Encuentra Ofertas Exclusivas<\/strong><\/div>\n<p>Los amantes de la\u00a0<a class=\"google-anno\" href=\"https:\/\/confirmado.com.ve\/centro-comercial-metrocenter-consolidandose-como-el-epicentro-tecnologico-de-caracas\/#\" data-google-vignette=\"false\" data-google-interstitial=\"false\">\u00a0<span class=\"google-anno-t\">tecnolog\u00eda<\/span><\/a>\u00a0y los visitantes podr\u00e1n encontrar una amplia gama de opciones especializadas, destacando tiendas de renombre como Honor, Tecno, Samsung, Xiaomi, Canguro, Mundo M\u00f3vil Hogar, Imgeve, Zona Tech, entre otras. Asimismo, el centro comercial garantiza la m\u00e1xima conectividad al contar con la presencia de las operadoras de telecomunicaciones m\u00e1s importantes de Venezuela: Digitel, Movilnet y Movistar, brindando alternativas para todos los gustos y necesidades.<\/p>\n<p><img loading=\"lazy\" decoding=\"async\" class=\"wp-image-940959 entered lazyloaded aligncenter\" src=\"https:\/\/confirmado.com.ve\/conf\/conf-upload\/uploads\/2026\/09\/WhatsApp-Image-2026-09-03-at-3.06.06-PM-1.jpeg\" alt=\"\" width=\"187\" height=\"243\" data-lazy-srcset=\"https:\/\/confirmado.com.ve\/conf\/conf-upload\/uploads\/2026\/09\/WhatsApp-Image-2026-09-03-at-3.06.06-PM-1.jpeg 790w, https:\/\/confirmado.com.ve\/conf\/conf-upload\/uploads\/2026\/09\/WhatsApp-Image-2026-09-03-at-3.06.06-PM-1-110x143.jpeg 110w, https:\/\/confirmado.com.ve\/conf\/conf-upload\/uploads\/2026\/09\/WhatsApp-Image-2026-09-03-at-3.06.06-PM-1-491x637.jpeg 491w, https:\/\/confirmado.com.ve\/conf\/conf-upload\/uploads\/2026\/09\/WhatsApp-Image-2026-09-03-at-3.06.06-PM-1-768x995.jpeg 768w\" data-lazy-sizes=\"(max-width: 187px) 100vw, 187px\" data-lazy-src=\"https:\/\/confirmado.com.ve\/conf\/conf-upload\/uploads\/2026\/09\/WhatsApp-Image-2026-09-03-at-3.06.06-PM-1.jpeg\" data-ll-status=\"loaded\" \/><\/p>\n<p>Uno de los grandes atractivos de\u00a0<a href=\"https:\/\/www.instagram.com\/ccmetrocenter?igsi=enF5OG52cW16MW55\">Metrocenter<\/a>\u00a0es la facilidad para adquirir productos, ya que los visitantes pueden disfrutar de atractivos planes de financiamiento disponibles en todas las tiendas del complejo comercial, facilitando el acceso a la \u00faltima tecnolog\u00eda del mercado.<\/p>\n<p>M\u00e1s all\u00e1 de ser el destino predilecto para las compras tecnol\u00f3gicas,\u00a0<a href=\"https:\/\/www.instagram.com\/ccmetrocenter?igsi=enF5OG52cW16MW55\">Metrocenter<\/a>\u00a0se consolida como un espacio integral para el disfrute y la uni\u00f3n familiar. El centro comercial ofrece una completa experiencia de entretenimiento que incluye salas de Cines Unidos, una variada zona gourmet y \u00e1reas recreativas dise\u00f1adas para compartir momentos agradables en familia.<\/p>\n<p><a href=\"https:\/\/www.instagram.com\/ccmetrocenter?igsi=enF5OG52cW16MW55\">Metrocenter<\/a>\u00a0es, sin duda, el lugar ideal para comprar, innovar y compartir en familia en el coraz\u00f3n de Caracas.<\/p>\n","protected":false},"excerpt":{"rendered":"<p>El Centro Comercial\u00a0Metrocenter\u00a0se posiciona oficialmente como el gran referente tecnol\u00f3gico de la ciudad de Caracas, ofreciendo a los visitantes un espacio moderno e innovador que re\u00fane a las marcas m\u00e1s reconocidas del pa\u00eds en&#46;&#46;&#46;<\/p>\n","protected":false},"author":127,"featured_media":56629,"comment_status":"open","ping_status":"open","sticky":false,"template":"","format":"image","meta":{"_acf_changed":false,"om_disable_all_campaigns":false,"rop_custom_images_group":[],"rop_custom_messages_group":[],"rop_publish_now":"initial","rop_publish_now_accounts":{"twitter_242054905_242054905":""},"rop_publish_now_history":[],"rop_publish_now_status":"pending","_uf_show_specific_survey":0,"_uf_disable_surveys":false,"footnotes":""},"categories":[233],"tags":[],"class_list":["post-56625","post","type-post","status-publish","format-image","has-post-thumbnail","hentry","category-empresarios","post_format-post-format-image"],"acf":[],"aioseo_notices":[],"yoast_head":"<!-- This site is optimized with the Yoast SEO Premium plugin v24.9 (Yoast SEO v27.2) - https:\/\/yoast.com\/product\/yoast-seo-premium-wordpress\/ -->\n<title>Centro Comercial Metrocenter consolidandose como el epicentro tecnol\u00f3gico de Caracas - Venezuela | Noti-America.com<\/title>\n<meta name=\"robots\" content=\"index, follow, max-snippet:-1, max-image-preview:large, max-video-preview:-1\" \/>\n<link rel=\"canonical\" href=\"https:\/\/noti-america.com\/site\/venezuela\/2026\/09\/04\/centro-comercial-metrocenter-consolidandose-como-el-epicentro-tecnologico-de-caracas\/\" \/>\n<meta property=\"og:locale\" content=\"es_ES\" \/>\n<meta property=\"og:type\" content=\"article\" \/>\n<meta property=\"og:title\" content=\"Centro Comercial Metrocenter consolidandose como el epicentro tecnol\u00f3gico de Caracas\" \/>\n<meta property=\"og:description\" content=\"El Centro Comercial\u00a0Metrocenter\u00a0se posiciona oficialmente como el gran referente tecnol\u00f3gico de la ciudad de Caracas, ofreciendo a los visitantes un espacio moderno e innovador que re\u00fane a las marcas m\u00e1s reconocidas del pa\u00eds en&#046;&#046;&#046;\" \/>\n<meta property=\"og:url\" content=\"https:\/\/noti-america.com\/site\/venezuela\/2026\/09\/04\/centro-comercial-metrocenter-consolidandose-como-el-epicentro-tecnologico-de-caracas\/\" \/>\n<meta property=\"og:site_name\" content=\"Venezuela | Noti-America.com\" \/>\n<meta property=\"article:published_time\" content=\"2026-09-04T14:51:00+00:00\" \/>\n<meta property=\"article:modified_time\" content=\"2026-09-04T14:52:30+00:00\" \/>\n<meta property=\"og:image\" content=\"https:\/\/noti-america.com\/site\/venezuela\/wp-content\/uploads\/sites\/2\/2026\/09\/mc-1.jpg\" \/>\n\t<meta property=\"og:image:width\" content=\"1280\" \/>\n\t<meta property=\"og:image:height\" content=\"720\" \/>\n\t<meta property=\"og:image:type\" content=\"image\/jpeg\" \/>\n<meta name=\"author\" content=\"Yoelvzla\" \/>\n<meta name=\"twitter:card\" content=\"summary_large_image\" \/>\n<meta name=\"twitter:label1\" content=\"Escrito por\" \/>\n\t<meta name=\"twitter:data1\" content=\"Yoelvzla\" \/>\n\t<meta name=\"twitter:label2\" content=\"Tiempo estimado de lectura\" \/>\n\t<meta name=\"twitter:data2\" content=\"2 minutos\" \/>\n<script type=\"application\/ld+json\" class=\"yoast-schema-graph\">{\"@context\":\"https:\/\/schema.org\",\"@graph\":[{\"@type\":\"Article\",\"@id\":\"https:\/\/noti-america.com\/site\/venezuela\/2026\/09\/04\/centro-comercial-metrocenter-consolidandose-como-el-epicentro-tecnologico-de-caracas\/#article\",\"isPartOf\":{\"@id\":\"https:\/\/noti-america.com\/site\/venezuela\/2026\/09\/04\/centro-comercial-metrocenter-consolidandose-como-el-epicentro-tecnologico-de-caracas\/\"},\"author\":{\"name\":\"Yoelvzla\",\"@id\":\"https:\/\/noti-america.com\/site\/venezuela\/#\/schema\/person\/8a33cb7a57e8cf0ee6b5e6b87aceb9fb\"},\"headline\":\"Centro Comercial Metrocenter consolidandose como el epicentro tecnol\u00f3gico de Caracas\",\"datePublished\":\"2026-09-04T14:51:00+00:00\",\"dateModified\":\"2026-09-04T14:52:30+00:00\",\"mainEntityOfPage\":{\"@id\":\"https:\/\/noti-america.com\/site\/venezuela\/2026\/09\/04\/centro-comercial-metrocenter-consolidandose-como-el-epicentro-tecnologico-de-caracas\/\"},\"wordCount\":250,\"commentCount\":0,\"publisher\":{\"@id\":\"https:\/\/noti-america.com\/site\/venezuela\/#organization\"},\"image\":{\"@id\":\"https:\/\/noti-america.com\/site\/venezuela\/2026\/09\/04\/centro-comercial-metrocenter-consolidandose-como-el-epicentro-tecnologico-de-caracas\/#primaryimage\"},\"thumbnailUrl\":\"https:\/\/noti-america.com\/site\/venezuela\/wp-content\/uploads\/sites\/2\/2026\/09\/mc-1.jpg\",\"articleSection\":[\"Empresarios\"],\"inLanguage\":\"es\",\"potentialAction\":[{\"@type\":\"CommentAction\",\"name\":\"Comment\",\"target\":[\"https:\/\/noti-america.com\/site\/venezuela\/2026\/09\/04\/centro-comercial-metrocenter-consolidandose-como-el-epicentro-tecnologico-de-caracas\/#respond\"]}]},{\"@type\":\"WebPage\",\"@id\":\"https:\/\/noti-america.com\/site\/venezuela\/2026\/09\/04\/centro-comercial-metrocenter-consolidandose-como-el-epicentro-tecnologico-de-caracas\/\",\"url\":\"https:\/\/noti-america.com\/site\/venezuela\/2026\/09\/04\/centro-comercial-metrocenter-consolidandose-como-el-epicentro-tecnologico-de-caracas\/\",\"name\":\"Centro Comercial Metrocenter consolidandose como el epicentro tecnol\u00f3gico de Caracas - Venezuela | Noti-America.com\",\"isPartOf\":{\"@id\":\"https:\/\/noti-america.com\/site\/venezuela\/#website\"},\"primaryImageOfPage\":{\"@id\":\"https:\/\/noti-america.com\/site\/venezuela\/2026\/09\/04\/centro-comercial-metrocenter-consolidandose-como-el-epicentro-tecnologico-de-caracas\/#primaryimage\"},\"image\":{\"@id\":\"https:\/\/noti-america.com\/site\/venezuela\/2026\/09\/04\/centro-comercial-metrocenter-consolidandose-como-el-epicentro-tecnologico-de-caracas\/#primaryimage\"},\"thumbnailUrl\":\"https:\/\/noti-america.com\/site\/venezuela\/wp-content\/uploads\/sites\/2\/2026\/09\/mc-1.jpg\",\"datePublished\":\"2026-09-04T14:51:00+00:00\",\"dateModified\":\"2026-09-04T14:52:30+00:00\",\"breadcrumb\":{\"@id\":\"https:\/\/noti-america.com\/site\/venezuela\/2026\/09\/04\/centro-comercial-metrocenter-consolidandose-como-el-epicentro-tecnologico-de-caracas\/#breadcrumb\"},\"inLanguage\":\"es\",\"potentialAction\":[{\"@type\":\"ReadAction\",\"target\":[\"https:\/\/noti-america.com\/site\/venezuela\/2026\/09\/04\/centro-comercial-metrocenter-consolidandose-como-el-epicentro-tecnologico-de-caracas\/\"]}]},{\"@type\":\"ImageObject\",\"inLanguage\":\"es\",\"@id\":\"https:\/\/noti-america.com\/site\/venezuela\/2026\/09\/04\/centro-comercial-metrocenter-consolidandose-como-el-epicentro-tecnologico-de-caracas\/#primaryimage\",\"url\":\"https:\/\/noti-america.com\/site\/venezuela\/wp-content\/uploads\/sites\/2\/2026\/09\/mc-1.jpg\",\"contentUrl\":\"https:\/\/noti-america.com\/site\/venezuela\/wp-content\/uploads\/sites\/2\/2026\/09\/mc-1.jpg\",\"width\":1280,\"height\":720},{\"@type\":\"BreadcrumbList\",\"@id\":\"https:\/\/noti-america.com\/site\/venezuela\/2026\/09\/04\/centro-comercial-metrocenter-consolidandose-como-el-epicentro-tecnologico-de-caracas\/#breadcrumb\",\"itemListElement\":[{\"@type\":\"ListItem\",\"position\":1,\"name\":\"Portada\",\"item\":\"https:\/\/noti-america.com\/site\/venezuela\/\"},{\"@type\":\"ListItem\",\"position\":2,\"name\":\"Centro Comercial Metrocenter consolidandose como el epicentro tecnol\u00f3gico de Caracas\"}]},{\"@type\":\"WebSite\",\"@id\":\"https:\/\/noti-america.com\/site\/venezuela\/#website\",\"url\":\"https:\/\/noti-america.com\/site\/venezuela\/\",\"name\":\"Venezuela | Noti-America.com\",\"description\":\"\",\"publisher\":{\"@id\":\"https:\/\/noti-america.com\/site\/venezuela\/#organization\"},\"potentialAction\":[{\"@type\":\"SearchAction\",\"target\":{\"@type\":\"EntryPoint\",\"urlTemplate\":\"https:\/\/noti-america.com\/site\/venezuela\/?s={search_term_string}\"},\"query-input\":{\"@type\":\"PropertyValueSpecification\",\"valueRequired\":true,\"valueName\":\"search_term_string\"}}],\"inLanguage\":\"es\"},{\"@type\":\"Organization\",\"@id\":\"https:\/\/noti-america.com\/site\/venezuela\/#organization\",\"name\":\"Noti-America LLC | Venezuela\",\"url\":\"https:\/\/noti-america.com\/site\/venezuela\/\",\"logo\":{\"@type\":\"ImageObject\",\"inLanguage\":\"es\",\"@id\":\"https:\/\/noti-america.com\/site\/venezuela\/#\/schema\/logo\/image\/\",\"url\":\"https:\/\/noti-america.com\/site\/venezuela\/wp-content\/uploads\/sites\/2\/2020\/07\/LogoNA-4x3-1.jpg\",\"contentUrl\":\"https:\/\/noti-america.com\/site\/venezuela\/wp-content\/uploads\/sites\/2\/2020\/07\/LogoNA-4x3-1.jpg\",\"width\":1236,\"height\":1080,\"caption\":\"Noti-America LLC | Venezuela\"},\"image\":{\"@id\":\"https:\/\/noti-america.com\/site\/venezuela\/#\/schema\/logo\/image\/\"}},{\"@type\":\"Person\",\"@id\":\"https:\/\/noti-america.com\/site\/venezuela\/#\/schema\/person\/8a33cb7a57e8cf0ee6b5e6b87aceb9fb\",\"name\":\"Yoelvzla\",\"image\":{\"@type\":\"ImageObject\",\"inLanguage\":\"es\",\"@id\":\"https:\/\/secure.gravatar.com\/avatar\/13a96a72123e0e9aa76fe82e8847f726c63a1c5ef6a8d0fadd844c1a5a83b212?s=96&d=mm&r=g\",\"url\":\"https:\/\/secure.gravatar.com\/avatar\/13a96a72123e0e9aa76fe82e8847f726c63a1c5ef6a8d0fadd844c1a5a83b212?s=96&d=mm&r=g\",\"contentUrl\":\"https:\/\/secure.gravatar.com\/avatar\/13a96a72123e0e9aa76fe82e8847f726c63a1c5ef6a8d0fadd844c1a5a83b212?s=96&d=mm&r=g\",\"caption\":\"Yoelvzla\"},\"url\":\"https:\/\/noti-america.com\/site\/venezuela\/author\/ydiaz\/\"}]}<\/script>\n<!-- \/ Yoast SEO Premium plugin. -->","yoast_head_json":{"title":"Centro Comercial Metrocenter consolidandose como el epicentro tecnol\u00f3gico de Caracas - Venezuela | Noti-America.com","robots":{"index":"index","follow":"follow","max-snippet":"max-snippet:-1","max-image-preview":"max-image-preview:large","max-video-preview":"max-video-preview:-1"},"canonical":"https:\/\/noti-america.com\/site\/venezuela\/2026\/09\/04\/centro-comercial-metrocenter-consolidandose-como-el-epicentro-tecnologico-de-caracas\/","og_locale":"es_ES","og_type":"article","og_title":"Centro Comercial Metrocenter consolidandose como el epicentro tecnol\u00f3gico de Caracas","og_description":"El Centro Comercial\u00a0Metrocenter\u00a0se posiciona oficialmente como el gran referente tecnol\u00f3gico de la ciudad de Caracas, ofreciendo a los visitantes un espacio moderno e innovador que re\u00fane a las marcas m\u00e1s reconocidas del pa\u00eds en&#46;&#46;&#46;","og_url":"https:\/\/noti-america.com\/site\/venezuela\/2026\/09\/04\/centro-comercial-metrocenter-consolidandose-como-el-epicentro-tecnologico-de-caracas\/","og_site_name":"Venezuela | Noti-America.com","article_published_time":"2026-09-04T14:51:00+00:00","article_modified_time":"2026-09-04T14:52:30+00:00","og_image":[{"width":1280,"height":720,"url":"https:\/\/noti-america.com\/site\/venezuela\/wp-content\/uploads\/sites\/2\/2026\/09\/mc-1.jpg","type":"image\/jpeg"}],"author":"Yoelvzla","twitter_card":"summary_large_image","twitter_misc":{"Escrito por":"Yoelvzla","Tiempo estimado de lectura":"2 minutos"},"schema":{"@context":"https:\/\/schema.org","@graph":[{"@type":"Article","@id":"https:\/\/noti-america.com\/site\/venezuela\/2026\/09\/04\/centro-comercial-metrocenter-consolidandose-como-el-epicentro-tecnologico-de-caracas\/#article","isPartOf":{"@id":"https:\/\/noti-america.com\/site\/venezuela\/2026\/09\/04\/centro-comercial-metrocenter-consolidandose-como-el-epicentro-tecnologico-de-caracas\/"},"author":{"name":"Yoelvzla","@id":"https:\/\/noti-america.com\/site\/venezuela\/#\/schema\/person\/8a33cb7a57e8cf0ee6b5e6b87aceb9fb"},"headline":"Centro Comercial Metrocenter consolidandose como el epicentro tecnol\u00f3gico de Caracas","datePublished":"2026-09-04T14:51:00+00:00","dateModified":"2026-09-04T14:52:30+00:00","mainEntityOfPage":{"@id":"https:\/\/noti-america.com\/site\/venezuela\/2026\/09\/04\/centro-comercial-metrocenter-consolidandose-como-el-epicentro-tecnologico-de-caracas\/"},"wordCount":250,"commentCount":0,"publisher":{"@id":"https:\/\/noti-america.com\/site\/venezuela\/#organization"},"image":{"@id":"https:\/\/noti-america.com\/site\/venezuela\/2026\/09\/04\/centro-comercial-metrocenter-consolidandose-como-el-epicentro-tecnologico-de-caracas\/#primaryimage"},"thumbnailUrl":"https:\/\/noti-america.com\/site\/venezuela\/wp-content\/uploads\/sites\/2\/2026\/09\/mc-1.jpg","articleSection":["Empresarios"],"inLanguage":"es","potentialAction":[{"@type":"CommentAction","name":"Comment","target":["https:\/\/noti-america.com\/site\/venezuela\/2026\/09\/04\/centro-comercial-metrocenter-consolidandose-como-el-epicentro-tecnologico-de-caracas\/#respond"]}]},{"@type":"WebPage","@id":"https:\/\/noti-america.com\/site\/venezuela\/2026\/09\/04\/centro-comercial-metrocenter-consolidandose-como-el-epicentro-tecnologico-de-caracas\/","url":"https:\/\/noti-america.com\/site\/venezuela\/2026\/09\/04\/centro-comercial-metrocenter-consolidandose-como-el-epicentro-tecnologico-de-caracas\/","name":"Centro Comercial Metrocenter consolidandose como el epicentro tecnol\u00f3gico de Caracas - Venezuela | Noti-America.com","isPartOf":{"@id":"https:\/\/noti-america.com\/site\/venezuela\/#website"},"primaryImageOfPage":{"@id":"https:\/\/noti-america.com\/site\/venezuela\/2026\/09\/04\/centro-comercial-metrocenter-consolidandose-como-el-epicentro-tecnologico-de-caracas\/#primaryimage"},"image":{"@id":"https:\/\/noti-america.com\/site\/venezuela\/2026\/09\/04\/centro-comercial-metrocenter-consolidandose-como-el-epicentro-tecnologico-de-caracas\/#primaryimage"},"thumbnailUrl":"https:\/\/noti-america.com\/site\/venezuela\/wp-content\/uploads\/sites\/2\/2026\/09\/mc-1.jpg","datePublished":"2026-09-04T14:51:00+00:00","dateModified":"2026-09-04T14:52:30+00:00","breadcrumb":{"@id":"https:\/\/noti-america.com\/site\/venezuela\/2026\/09\/04\/centro-comercial-metrocenter-consolidandose-como-el-epicentro-tecnologico-de-caracas\/#breadcrumb"},"inLanguage":"es","potentialAction":[{"@type":"ReadAction","target":["https:\/\/noti-america.com\/site\/venezuela\/2026\/09\/04\/centro-comercial-metrocenter-consolidandose-como-el-epicentro-tecnologico-de-caracas\/"]}]},{"@type":"ImageObject","inLanguage":"es","@id":"https:\/\/noti-america.com\/site\/venezuela\/2026\/09\/04\/centro-comercial-metrocenter-consolidandose-como-el-epicentro-tecnologico-de-caracas\/#primaryimage","url":"https:\/\/noti-america.com\/site\/venezuela\/wp-content\/uploads\/sites\/2\/2026\/09\/mc-1.jpg","contentUrl":"https:\/\/noti-america.com\/site\/venezuela\/wp-content\/uploads\/sites\/2\/2026\/09\/mc-1.jpg","width":1280,"height":720},{"@type":"BreadcrumbList","@id":"https:\/\/noti-america.com\/site\/venezuela\/2026\/09\/04\/centro-comercial-metrocenter-consolidandose-como-el-epicentro-tecnologico-de-caracas\/#breadcrumb","itemListElement":[{"@type":"ListItem","position":1,"name":"Portada","item":"https:\/\/noti-america.com\/site\/venezuela\/"},{"@type":"ListItem","position":2,"name":"Centro Comercial Metrocenter consolidandose como el epicentro tecnol\u00f3gico de Caracas"}]},{"@type":"WebSite","@id":"https:\/\/noti-america.com\/site\/venezuela\/#website","url":"https:\/\/noti-america.com\/site\/venezuela\/","name":"Venezuela | Noti-America.com","description":"","publisher":{"@id":"https:\/\/noti-america.com\/site\/venezuela\/#organization"},"potentialAction":[{"@type":"SearchAction","target":{"@type":"EntryPoint","urlTemplate":"https:\/\/noti-america.com\/site\/venezuela\/?s={search_term_string}"},"query-input":{"@type":"PropertyValueSpecification","valueRequired":true,"valueName":"search_term_string"}}],"inLanguage":"es"},{"@type":"Organization","@id":"https:\/\/noti-america.com\/site\/venezuela\/#organization","name":"Noti-America LLC | Venezuela","url":"https:\/\/noti-america.com\/site\/venezuela\/","logo":{"@type":"ImageObject","inLanguage":"es","@id":"https:\/\/noti-america.com\/site\/venezuela\/#\/schema\/logo\/image\/","url":"https:\/\/noti-america.com\/site\/venezuela\/wp-content\/uploads\/sites\/2\/2020\/07\/LogoNA-4x3-1.jpg","contentUrl":"https:\/\/noti-america.com\/site\/venezuela\/wp-content\/uploads\/sites\/2\/2020\/07\/LogoNA-4x3-1.jpg","width":1236,"height":1080,"caption":"Noti-America LLC | Venezuela"},"image":{"@id":"https:\/\/noti-america.com\/site\/venezuela\/#\/schema\/logo\/image\/"}},{"@type":"Person","@id":"https:\/\/noti-america.com\/site\/venezuela\/#\/schema\/person\/8a33cb7a57e8cf0ee6b5e6b87aceb9fb","name":"Yoelvzla","image":{"@type":"ImageObject","inLanguage":"es","@id":"https:\/\/secure.gravatar.com\/avatar\/13a96a72123e0e9aa76fe82e8847f726c63a1c5ef6a8d0fadd844c1a5a83b212?s=96&d=mm&r=g","url":"https:\/\/secure.gravatar.com\/avatar\/13a96a72123e0e9aa76fe82e8847f726c63a1c5ef6a8d0fadd844c1a5a83b212?s=96&d=mm&r=g","contentUrl":"https:\/\/secure.gravatar.com\/avatar\/13a96a72123e0e9aa76fe82e8847f726c63a1c5ef6a8d0fadd844c1a5a83b212?s=96&d=mm&r=g","caption":"Yoelvzla"},"url":"https:\/\/noti-america.com\/site\/venezuela\/author\/ydiaz\/"}]}},"_links":{"self":[{"href":"https:\/\/noti-america.com\/site\/venezuela\/wp-json\/wp\/v2\/posts\/56625","targetHints":{"allow":["GET"]}}],"collection":[{"href":"https:\/\/noti-america.com\/site\/venezuela\/wp-json\/wp\/v2\/posts"}],"about":[{"href":"https:\/\/noti-america.com\/site\/venezuela\/wp-json\/wp\/v2\/types\/post"}],"author":[{"embeddable":true,"href":"https:\/\/noti-america.com\/site\/venezuela\/wp-json\/wp\/v2\/users\/127"}],"replies":[{"embeddable":true,"href":"https:\/\/noti-america.com\/site\/venezuela\/wp-json\/wp\/v2\/comments?post=56625"}],"version-history":[{"count":1,"href":"https:\/\/noti-america.com\/site\/venezuela\/wp-json\/wp\/v2\/posts\/56625\/revisions"}],"predecessor-version":[{"id":56628,"href":"https:\/\/noti-america.com\/site\/venezuela\/wp-json\/wp\/v2\/posts\/56625\/revisions\/56628"}],"wp:featuredmedia":[{"embeddable":true,"href":"https:\/\/noti-america.com\/site\/venezuela\/wp-json\/wp\/v2\/media\/56629"}],"wp:attachment":[{"href":"https:\/\/noti-america.com\/site\/venezuela\/wp-json\/wp\/v2\/media?parent=56625"}],"wp:term":[{"taxonomy":"category","embeddable":true,"href":"https:\/\/noti-america.com\/site\/venezuela\/wp-json\/wp\/v2\/categories?post=56625"},{"taxonomy":"post_tag","embeddable":true,"href":"https:\/\/noti-america.com\/site\/venezuela\/wp-json\/wp\/v2\/tags?post=56625"}],"curies":[{"name":"wp","href":"https:\/\/api.w.org\/{rel}","templated":true}]}}