{"id":56563,"date":"2026-09-01T15:42:16","date_gmt":"2026-09-01T15:42:16","guid":{"rendered":"https:\/\/noti-america.com\/site\/venezuela\/?p=56563"},"modified":"2026-09-01T15:42:16","modified_gmt":"2026-09-01T15:42:16","slug":"days-of-thunder-tendra-una-secuela-protagonizada-por-tom-cruise-y-anne-hathaway","status":"publish","type":"post","link":"https:\/\/noti-america.com\/site\/venezuela\/2026\/09\/01\/days-of-thunder-tendra-una-secuela-protagonizada-por-tom-cruise-y-anne-hathaway\/","title":{"rendered":"&#8216;Days of Thunder&#8217; tendr\u00e1 una secuela protagonizada por Tom Cruise y Anne Hathaway"},"content":{"rendered":"<p>NOTI-AMERICA.COM | VENEZUELA<\/p>\n<p style=\"text-align: justify\">El filme &#8216;Days of Thunder&#8217;, protagonizado hace 36 a\u00f1os por Tom Cruise, tendr\u00e1 una secuela en la que repite el actor estadounidense y a la que se incorpora Anne Hathaway, una producci\u00f3n que llegar\u00e1 a los cines el 2 de junio de 2028, seg\u00fan ha adelantado la revista especializada Variety.<\/p>\n<p style=\"text-align: justify\">La pel\u00edcula original, estrenada en 1990, estaba protagonizada por Cruise y Nicole Kidman, que interpretaba a la doctora Claire Lewicki. Hathaway no sustituir\u00e1 al personaje de Kidman, que no regresar\u00e1 en esta nueva entrega, sino que dar\u00e1 vida a una nueva protagonista: la propietaria e ingeniera de un equipo de carreras.<\/p>\n<p style=\"text-align: justify\">Cruise volver\u00e1 a ponerse al volante como Cole Trickle, el piloto de NASCAR al que interpret\u00f3 en la cinta original, dirigida por Tony Scott. La nueva pel\u00edcula se rodar\u00e1 para su exhibici\u00f3n en formato Imax, en una apuesta por trasladar a la gran pantalla el espect\u00e1culo de las carreras.<\/p>\n<p style=\"text-align: justify\">El proyecto estar\u00e1 dirigido por Jonathan Levine mientras que el guion correr\u00e1 a cargo de Will Staples. Cruise tambi\u00e9n ejercer\u00e1 como productor junto a Tommy Harper y Jerry Bruckheimer, quien ya produjo la pel\u00edcula original de 1990.<\/p>\n<p style=\"text-align: justify\">El anuncio de la secuela se produce casi cuatro d\u00e9cadas despu\u00e9s de &#8216;Days of Thunder&#8217;, que narraba la llegada de Cole Trickle al mundo de las carreras de NASCAR y su rivalidad con otros pilotos mientras trataba de hacerse un nombre en la competici\u00f3n.<\/p>\n","protected":false},"excerpt":{"rendered":"<p>NOTI-AMERICA.COM | VENEZUELA El filme &#8216;Days of Thunder&#8217;, protagonizado hace 36 a\u00f1os por Tom Cruise, tendr\u00e1 una secuela en la que repite el actor estadounidense y a la que se incorpora Anne Hathaway, una&#46;&#46;&#46;<\/p>\n","protected":false},"author":133,"featured_media":56564,"comment_status":"open","ping_status":"open","sticky":false,"template":"","format":"image","meta":{"_acf_changed":false,"om_disable_all_campaigns":false,"rop_custom_images_group":[],"rop_custom_messages_group":[],"rop_publish_now":"initial","rop_publish_now_accounts":{"twitter_242054905_242054905":""},"rop_publish_now_history":[],"rop_publish_now_status":"pending","_uf_show_specific_survey":0,"_uf_disable_surveys":false,"footnotes":""},"categories":[508],"tags":[],"class_list":["post-56563","post","type-post","status-publish","format-image","has-post-thumbnail","hentry","category-acturalidad","post_format-post-format-image"],"acf":[],"aioseo_notices":[],"yoast_head":"<!-- This site is optimized with the Yoast SEO Premium plugin v24.9 (Yoast SEO v27.2) - https:\/\/yoast.com\/product\/yoast-seo-premium-wordpress\/ -->\n<title>&#039;Days of Thunder&#039; tendr\u00e1 una secuela protagonizada por Tom Cruise y Anne Hathaway - Venezuela | Noti-America.com<\/title>\n<meta name=\"robots\" content=\"index, follow, max-snippet:-1, max-image-preview:large, max-video-preview:-1\" \/>\n<link rel=\"canonical\" href=\"https:\/\/noti-america.com\/site\/venezuela\/2026\/09\/01\/days-of-thunder-tendra-una-secuela-protagonizada-por-tom-cruise-y-anne-hathaway\/\" \/>\n<meta property=\"og:locale\" content=\"es_ES\" \/>\n<meta property=\"og:type\" content=\"article\" \/>\n<meta property=\"og:title\" content=\"&#039;Days of Thunder&#039; tendr\u00e1 una secuela protagonizada por Tom Cruise y Anne Hathaway\" \/>\n<meta property=\"og:description\" content=\"NOTI-AMERICA.COM | VENEZUELA El filme &#8216;Days of Thunder&#8217;, protagonizado hace 36 a\u00f1os por Tom Cruise, tendr\u00e1 una secuela en la que repite el actor estadounidense y a la que se incorpora Anne Hathaway, una&#046;&#046;&#046;\" \/>\n<meta property=\"og:url\" content=\"https:\/\/noti-america.com\/site\/venezuela\/2026\/09\/01\/days-of-thunder-tendra-una-secuela-protagonizada-por-tom-cruise-y-anne-hathaway\/\" \/>\n<meta property=\"og:site_name\" content=\"Venezuela | Noti-America.com\" \/>\n<meta property=\"article:author\" content=\"Mar\u00eda Valentina Noguera\" \/>\n<meta property=\"article:published_time\" content=\"2026-09-01T15:42:16+00:00\" \/>\n<meta property=\"og:image\" content=\"https:\/\/noti-america.com\/site\/venezuela\/wp-content\/uploads\/sites\/2\/2026\/09\/Screenshot_1-9-2026_114055_w2a-noticierovenevision-net.s3.amazonaws.com_.jpeg\" \/>\n\t<meta property=\"og:image:width\" content=\"542\" \/>\n\t<meta property=\"og:image:height\" content=\"476\" \/>\n\t<meta property=\"og:image:type\" content=\"image\/jpeg\" \/>\n<meta name=\"author\" content=\"Maria Valentina Noguera Medina\" \/>\n<meta name=\"twitter:card\" content=\"summary_large_image\" \/>\n<meta name=\"twitter:label1\" content=\"Escrito por\" \/>\n\t<meta name=\"twitter:data1\" content=\"Maria Valentina Noguera Medina\" \/>\n\t<meta name=\"twitter:label2\" content=\"Tiempo estimado de lectura\" \/>\n\t<meta name=\"twitter:data2\" content=\"2 minutos\" \/>\n<script type=\"application\/ld+json\" class=\"yoast-schema-graph\">{\"@context\":\"https:\/\/schema.org\",\"@graph\":[{\"@type\":\"Article\",\"@id\":\"https:\/\/noti-america.com\/site\/venezuela\/2026\/09\/01\/days-of-thunder-tendra-una-secuela-protagonizada-por-tom-cruise-y-anne-hathaway\/#article\",\"isPartOf\":{\"@id\":\"https:\/\/noti-america.com\/site\/venezuela\/2026\/09\/01\/days-of-thunder-tendra-una-secuela-protagonizada-por-tom-cruise-y-anne-hathaway\/\"},\"author\":{\"name\":\"Maria Valentina Noguera Medina\",\"@id\":\"https:\/\/noti-america.com\/site\/venezuela\/#\/schema\/person\/b0777fb8ad9a321dc446ddbbceae778f\"},\"headline\":\"&#8216;Days of Thunder&#8217; tendr\u00e1 una secuela protagonizada por Tom Cruise y Anne Hathaway\",\"datePublished\":\"2026-09-01T15:42:16+00:00\",\"mainEntityOfPage\":{\"@id\":\"https:\/\/noti-america.com\/site\/venezuela\/2026\/09\/01\/days-of-thunder-tendra-una-secuela-protagonizada-por-tom-cruise-y-anne-hathaway\/\"},\"wordCount\":254,\"commentCount\":0,\"publisher\":{\"@id\":\"https:\/\/noti-america.com\/site\/venezuela\/#organization\"},\"image\":{\"@id\":\"https:\/\/noti-america.com\/site\/venezuela\/2026\/09\/01\/days-of-thunder-tendra-una-secuela-protagonizada-por-tom-cruise-y-anne-hathaway\/#primaryimage\"},\"thumbnailUrl\":\"https:\/\/noti-america.com\/site\/venezuela\/wp-content\/uploads\/sites\/2\/2026\/09\/Screenshot_1-9-2026_114055_w2a-noticierovenevision-net.s3.amazonaws.com_.jpeg\",\"articleSection\":[\"Actualidad\"],\"inLanguage\":\"es\",\"potentialAction\":[{\"@type\":\"CommentAction\",\"name\":\"Comment\",\"target\":[\"https:\/\/noti-america.com\/site\/venezuela\/2026\/09\/01\/days-of-thunder-tendra-una-secuela-protagonizada-por-tom-cruise-y-anne-hathaway\/#respond\"]}]},{\"@type\":\"WebPage\",\"@id\":\"https:\/\/noti-america.com\/site\/venezuela\/2026\/09\/01\/days-of-thunder-tendra-una-secuela-protagonizada-por-tom-cruise-y-anne-hathaway\/\",\"url\":\"https:\/\/noti-america.com\/site\/venezuela\/2026\/09\/01\/days-of-thunder-tendra-una-secuela-protagonizada-por-tom-cruise-y-anne-hathaway\/\",\"name\":\"'Days of Thunder' tendr\u00e1 una secuela protagonizada por Tom Cruise y Anne Hathaway - Venezuela | Noti-America.com\",\"isPartOf\":{\"@id\":\"https:\/\/noti-america.com\/site\/venezuela\/#website\"},\"primaryImageOfPage\":{\"@id\":\"https:\/\/noti-america.com\/site\/venezuela\/2026\/09\/01\/days-of-thunder-tendra-una-secuela-protagonizada-por-tom-cruise-y-anne-hathaway\/#primaryimage\"},\"image\":{\"@id\":\"https:\/\/noti-america.com\/site\/venezuela\/2026\/09\/01\/days-of-thunder-tendra-una-secuela-protagonizada-por-tom-cruise-y-anne-hathaway\/#primaryimage\"},\"thumbnailUrl\":\"https:\/\/noti-america.com\/site\/venezuela\/wp-content\/uploads\/sites\/2\/2026\/09\/Screenshot_1-9-2026_114055_w2a-noticierovenevision-net.s3.amazonaws.com_.jpeg\",\"datePublished\":\"2026-09-01T15:42:16+00:00\",\"breadcrumb\":{\"@id\":\"https:\/\/noti-america.com\/site\/venezuela\/2026\/09\/01\/days-of-thunder-tendra-una-secuela-protagonizada-por-tom-cruise-y-anne-hathaway\/#breadcrumb\"},\"inLanguage\":\"es\",\"potentialAction\":[{\"@type\":\"ReadAction\",\"target\":[\"https:\/\/noti-america.com\/site\/venezuela\/2026\/09\/01\/days-of-thunder-tendra-una-secuela-protagonizada-por-tom-cruise-y-anne-hathaway\/\"]}]},{\"@type\":\"ImageObject\",\"inLanguage\":\"es\",\"@id\":\"https:\/\/noti-america.com\/site\/venezuela\/2026\/09\/01\/days-of-thunder-tendra-una-secuela-protagonizada-por-tom-cruise-y-anne-hathaway\/#primaryimage\",\"url\":\"https:\/\/noti-america.com\/site\/venezuela\/wp-content\/uploads\/sites\/2\/2026\/09\/Screenshot_1-9-2026_114055_w2a-noticierovenevision-net.s3.amazonaws.com_.jpeg\",\"contentUrl\":\"https:\/\/noti-america.com\/site\/venezuela\/wp-content\/uploads\/sites\/2\/2026\/09\/Screenshot_1-9-2026_114055_w2a-noticierovenevision-net.s3.amazonaws.com_.jpeg\",\"width\":542,\"height\":476},{\"@type\":\"BreadcrumbList\",\"@id\":\"https:\/\/noti-america.com\/site\/venezuela\/2026\/09\/01\/days-of-thunder-tendra-una-secuela-protagonizada-por-tom-cruise-y-anne-hathaway\/#breadcrumb\",\"itemListElement\":[{\"@type\":\"ListItem\",\"position\":1,\"name\":\"Portada\",\"item\":\"https:\/\/noti-america.com\/site\/venezuela\/\"},{\"@type\":\"ListItem\",\"position\":2,\"name\":\"&#8216;Days of Thunder&#8217; tendr\u00e1 una secuela protagonizada por Tom Cruise y Anne Hathaway\"}]},{\"@type\":\"WebSite\",\"@id\":\"https:\/\/noti-america.com\/site\/venezuela\/#website\",\"url\":\"https:\/\/noti-america.com\/site\/venezuela\/\",\"name\":\"Venezuela | Noti-America.com\",\"description\":\"\",\"publisher\":{\"@id\":\"https:\/\/noti-america.com\/site\/venezuela\/#organization\"},\"potentialAction\":[{\"@type\":\"SearchAction\",\"target\":{\"@type\":\"EntryPoint\",\"urlTemplate\":\"https:\/\/noti-america.com\/site\/venezuela\/?s={search_term_string}\"},\"query-input\":{\"@type\":\"PropertyValueSpecification\",\"valueRequired\":true,\"valueName\":\"search_term_string\"}}],\"inLanguage\":\"es\"},{\"@type\":\"Organization\",\"@id\":\"https:\/\/noti-america.com\/site\/venezuela\/#organization\",\"name\":\"Noti-America LLC | Venezuela\",\"url\":\"https:\/\/noti-america.com\/site\/venezuela\/\",\"logo\":{\"@type\":\"ImageObject\",\"inLanguage\":\"es\",\"@id\":\"https:\/\/noti-america.com\/site\/venezuela\/#\/schema\/logo\/image\/\",\"url\":\"https:\/\/noti-america.com\/site\/venezuela\/wp-content\/uploads\/sites\/2\/2020\/07\/LogoNA-4x3-1.jpg\",\"contentUrl\":\"https:\/\/noti-america.com\/site\/venezuela\/wp-content\/uploads\/sites\/2\/2020\/07\/LogoNA-4x3-1.jpg\",\"width\":1236,\"height\":1080,\"caption\":\"Noti-America LLC | Venezuela\"},\"image\":{\"@id\":\"https:\/\/noti-america.com\/site\/venezuela\/#\/schema\/logo\/image\/\"}},{\"@type\":\"Person\",\"@id\":\"https:\/\/noti-america.com\/site\/venezuela\/#\/schema\/person\/b0777fb8ad9a321dc446ddbbceae778f\",\"name\":\"Maria Valentina Noguera Medina\",\"image\":{\"@type\":\"ImageObject\",\"inLanguage\":\"es\",\"@id\":\"https:\/\/secure.gravatar.com\/avatar\/4ec5eb9d099f2608a49c9df6f7341f66f04f819cdffa09d56a7a0e91d2819d56?s=96&d=mm&r=g\",\"url\":\"https:\/\/secure.gravatar.com\/avatar\/4ec5eb9d099f2608a49c9df6f7341f66f04f819cdffa09d56a7a0e91d2819d56?s=96&d=mm&r=g\",\"contentUrl\":\"https:\/\/secure.gravatar.com\/avatar\/4ec5eb9d099f2608a49c9df6f7341f66f04f819cdffa09d56a7a0e91d2819d56?s=96&d=mm&r=g\",\"caption\":\"Maria Valentina Noguera Medina\"},\"description\":\"Periodista - noti-america - Promar Community Manager - Talento Plus Dise\u00f1adora\/ creadora de contenido...\",\"sameAs\":[\"Mar\u00eda Valentina Noguera\",\"https:\/\/www.facebook.com\/mariavalentina.noguera\",\"https:\/\/www.linkedin.com\/in\/mara-valentina-noguera-medina-373075165\/\",\"https:\/\/www.pinterest.es\/valentinanoguera95\/\",\"https:\/\/www.youtube.com\/channel\/UCdek6mbUZ-Tqqw0I63i4nmQ\"],\"url\":\"https:\/\/noti-america.com\/site\/venezuela\/author\/mnoguera\/\"}]}<\/script>\n<!-- \/ Yoast SEO Premium plugin. -->","yoast_head_json":{"title":"'Days of Thunder' tendr\u00e1 una secuela protagonizada por Tom Cruise y Anne Hathaway - Venezuela | Noti-America.com","robots":{"index":"index","follow":"follow","max-snippet":"max-snippet:-1","max-image-preview":"max-image-preview:large","max-video-preview":"max-video-preview:-1"},"canonical":"https:\/\/noti-america.com\/site\/venezuela\/2026\/09\/01\/days-of-thunder-tendra-una-secuela-protagonizada-por-tom-cruise-y-anne-hathaway\/","og_locale":"es_ES","og_type":"article","og_title":"'Days of Thunder' tendr\u00e1 una secuela protagonizada por Tom Cruise y Anne Hathaway","og_description":"NOTI-AMERICA.COM | VENEZUELA El filme &#8216;Days of Thunder&#8217;, protagonizado hace 36 a\u00f1os por Tom Cruise, tendr\u00e1 una secuela en la que repite el actor estadounidense y a la que se incorpora Anne Hathaway, una&#46;&#46;&#46;","og_url":"https:\/\/noti-america.com\/site\/venezuela\/2026\/09\/01\/days-of-thunder-tendra-una-secuela-protagonizada-por-tom-cruise-y-anne-hathaway\/","og_site_name":"Venezuela | Noti-America.com","article_author":"Mar\u00eda Valentina Noguera","article_published_time":"2026-09-01T15:42:16+00:00","og_image":[{"width":542,"height":476,"url":"https:\/\/noti-america.com\/site\/venezuela\/wp-content\/uploads\/sites\/2\/2026\/09\/Screenshot_1-9-2026_114055_w2a-noticierovenevision-net.s3.amazonaws.com_.jpeg","type":"image\/jpeg"}],"author":"Maria Valentina Noguera Medina","twitter_card":"summary_large_image","twitter_misc":{"Escrito por":"Maria Valentina Noguera Medina","Tiempo estimado de lectura":"2 minutos"},"schema":{"@context":"https:\/\/schema.org","@graph":[{"@type":"Article","@id":"https:\/\/noti-america.com\/site\/venezuela\/2026\/09\/01\/days-of-thunder-tendra-una-secuela-protagonizada-por-tom-cruise-y-anne-hathaway\/#article","isPartOf":{"@id":"https:\/\/noti-america.com\/site\/venezuela\/2026\/09\/01\/days-of-thunder-tendra-una-secuela-protagonizada-por-tom-cruise-y-anne-hathaway\/"},"author":{"name":"Maria Valentina Noguera Medina","@id":"https:\/\/noti-america.com\/site\/venezuela\/#\/schema\/person\/b0777fb8ad9a321dc446ddbbceae778f"},"headline":"&#8216;Days of Thunder&#8217; tendr\u00e1 una secuela protagonizada por Tom Cruise y Anne Hathaway","datePublished":"2026-09-01T15:42:16+00:00","mainEntityOfPage":{"@id":"https:\/\/noti-america.com\/site\/venezuela\/2026\/09\/01\/days-of-thunder-tendra-una-secuela-protagonizada-por-tom-cruise-y-anne-hathaway\/"},"wordCount":254,"commentCount":0,"publisher":{"@id":"https:\/\/noti-america.com\/site\/venezuela\/#organization"},"image":{"@id":"https:\/\/noti-america.com\/site\/venezuela\/2026\/09\/01\/days-of-thunder-tendra-una-secuela-protagonizada-por-tom-cruise-y-anne-hathaway\/#primaryimage"},"thumbnailUrl":"https:\/\/noti-america.com\/site\/venezuela\/wp-content\/uploads\/sites\/2\/2026\/09\/Screenshot_1-9-2026_114055_w2a-noticierovenevision-net.s3.amazonaws.com_.jpeg","articleSection":["Actualidad"],"inLanguage":"es","potentialAction":[{"@type":"CommentAction","name":"Comment","target":["https:\/\/noti-america.com\/site\/venezuela\/2026\/09\/01\/days-of-thunder-tendra-una-secuela-protagonizada-por-tom-cruise-y-anne-hathaway\/#respond"]}]},{"@type":"WebPage","@id":"https:\/\/noti-america.com\/site\/venezuela\/2026\/09\/01\/days-of-thunder-tendra-una-secuela-protagonizada-por-tom-cruise-y-anne-hathaway\/","url":"https:\/\/noti-america.com\/site\/venezuela\/2026\/09\/01\/days-of-thunder-tendra-una-secuela-protagonizada-por-tom-cruise-y-anne-hathaway\/","name":"'Days of Thunder' tendr\u00e1 una secuela protagonizada por Tom Cruise y Anne Hathaway - Venezuela | Noti-America.com","isPartOf":{"@id":"https:\/\/noti-america.com\/site\/venezuela\/#website"},"primaryImageOfPage":{"@id":"https:\/\/noti-america.com\/site\/venezuela\/2026\/09\/01\/days-of-thunder-tendra-una-secuela-protagonizada-por-tom-cruise-y-anne-hathaway\/#primaryimage"},"image":{"@id":"https:\/\/noti-america.com\/site\/venezuela\/2026\/09\/01\/days-of-thunder-tendra-una-secuela-protagonizada-por-tom-cruise-y-anne-hathaway\/#primaryimage"},"thumbnailUrl":"https:\/\/noti-america.com\/site\/venezuela\/wp-content\/uploads\/sites\/2\/2026\/09\/Screenshot_1-9-2026_114055_w2a-noticierovenevision-net.s3.amazonaws.com_.jpeg","datePublished":"2026-09-01T15:42:16+00:00","breadcrumb":{"@id":"https:\/\/noti-america.com\/site\/venezuela\/2026\/09\/01\/days-of-thunder-tendra-una-secuela-protagonizada-por-tom-cruise-y-anne-hathaway\/#breadcrumb"},"inLanguage":"es","potentialAction":[{"@type":"ReadAction","target":["https:\/\/noti-america.com\/site\/venezuela\/2026\/09\/01\/days-of-thunder-tendra-una-secuela-protagonizada-por-tom-cruise-y-anne-hathaway\/"]}]},{"@type":"ImageObject","inLanguage":"es","@id":"https:\/\/noti-america.com\/site\/venezuela\/2026\/09\/01\/days-of-thunder-tendra-una-secuela-protagonizada-por-tom-cruise-y-anne-hathaway\/#primaryimage","url":"https:\/\/noti-america.com\/site\/venezuela\/wp-content\/uploads\/sites\/2\/2026\/09\/Screenshot_1-9-2026_114055_w2a-noticierovenevision-net.s3.amazonaws.com_.jpeg","contentUrl":"https:\/\/noti-america.com\/site\/venezuela\/wp-content\/uploads\/sites\/2\/2026\/09\/Screenshot_1-9-2026_114055_w2a-noticierovenevision-net.s3.amazonaws.com_.jpeg","width":542,"height":476},{"@type":"BreadcrumbList","@id":"https:\/\/noti-america.com\/site\/venezuela\/2026\/09\/01\/days-of-thunder-tendra-una-secuela-protagonizada-por-tom-cruise-y-anne-hathaway\/#breadcrumb","itemListElement":[{"@type":"ListItem","position":1,"name":"Portada","item":"https:\/\/noti-america.com\/site\/venezuela\/"},{"@type":"ListItem","position":2,"name":"&#8216;Days of Thunder&#8217; tendr\u00e1 una secuela protagonizada por Tom Cruise y Anne Hathaway"}]},{"@type":"WebSite","@id":"https:\/\/noti-america.com\/site\/venezuela\/#website","url":"https:\/\/noti-america.com\/site\/venezuela\/","name":"Venezuela | Noti-America.com","description":"","publisher":{"@id":"https:\/\/noti-america.com\/site\/venezuela\/#organization"},"potentialAction":[{"@type":"SearchAction","target":{"@type":"EntryPoint","urlTemplate":"https:\/\/noti-america.com\/site\/venezuela\/?s={search_term_string}"},"query-input":{"@type":"PropertyValueSpecification","valueRequired":true,"valueName":"search_term_string"}}],"inLanguage":"es"},{"@type":"Organization","@id":"https:\/\/noti-america.com\/site\/venezuela\/#organization","name":"Noti-America LLC | Venezuela","url":"https:\/\/noti-america.com\/site\/venezuela\/","logo":{"@type":"ImageObject","inLanguage":"es","@id":"https:\/\/noti-america.com\/site\/venezuela\/#\/schema\/logo\/image\/","url":"https:\/\/noti-america.com\/site\/venezuela\/wp-content\/uploads\/sites\/2\/2020\/07\/LogoNA-4x3-1.jpg","contentUrl":"https:\/\/noti-america.com\/site\/venezuela\/wp-content\/uploads\/sites\/2\/2020\/07\/LogoNA-4x3-1.jpg","width":1236,"height":1080,"caption":"Noti-America LLC | Venezuela"},"image":{"@id":"https:\/\/noti-america.com\/site\/venezuela\/#\/schema\/logo\/image\/"}},{"@type":"Person","@id":"https:\/\/noti-america.com\/site\/venezuela\/#\/schema\/person\/b0777fb8ad9a321dc446ddbbceae778f","name":"Maria Valentina Noguera Medina","image":{"@type":"ImageObject","inLanguage":"es","@id":"https:\/\/secure.gravatar.com\/avatar\/4ec5eb9d099f2608a49c9df6f7341f66f04f819cdffa09d56a7a0e91d2819d56?s=96&d=mm&r=g","url":"https:\/\/secure.gravatar.com\/avatar\/4ec5eb9d099f2608a49c9df6f7341f66f04f819cdffa09d56a7a0e91d2819d56?s=96&d=mm&r=g","contentUrl":"https:\/\/secure.gravatar.com\/avatar\/4ec5eb9d099f2608a49c9df6f7341f66f04f819cdffa09d56a7a0e91d2819d56?s=96&d=mm&r=g","caption":"Maria Valentina Noguera Medina"},"description":"Periodista - noti-america - Promar Community Manager - Talento Plus Dise\u00f1adora\/ creadora de contenido...","sameAs":["Mar\u00eda Valentina Noguera","https:\/\/www.facebook.com\/mariavalentina.noguera","https:\/\/www.linkedin.com\/in\/mara-valentina-noguera-medina-373075165\/","https:\/\/www.pinterest.es\/valentinanoguera95\/","https:\/\/www.youtube.com\/channel\/UCdek6mbUZ-Tqqw0I63i4nmQ"],"url":"https:\/\/noti-america.com\/site\/venezuela\/author\/mnoguera\/"}]}},"_links":{"self":[{"href":"https:\/\/noti-america.com\/site\/venezuela\/wp-json\/wp\/v2\/posts\/56563","targetHints":{"allow":["GET"]}}],"collection":[{"href":"https:\/\/noti-america.com\/site\/venezuela\/wp-json\/wp\/v2\/posts"}],"about":[{"href":"https:\/\/noti-america.com\/site\/venezuela\/wp-json\/wp\/v2\/types\/post"}],"author":[{"embeddable":true,"href":"https:\/\/noti-america.com\/site\/venezuela\/wp-json\/wp\/v2\/users\/133"}],"replies":[{"embeddable":true,"href":"https:\/\/noti-america.com\/site\/venezuela\/wp-json\/wp\/v2\/comments?post=56563"}],"version-history":[{"count":1,"href":"https:\/\/noti-america.com\/site\/venezuela\/wp-json\/wp\/v2\/posts\/56563\/revisions"}],"predecessor-version":[{"id":56565,"href":"https:\/\/noti-america.com\/site\/venezuela\/wp-json\/wp\/v2\/posts\/56563\/revisions\/56565"}],"wp:featuredmedia":[{"embeddable":true,"href":"https:\/\/noti-america.com\/site\/venezuela\/wp-json\/wp\/v2\/media\/56564"}],"wp:attachment":[{"href":"https:\/\/noti-america.com\/site\/venezuela\/wp-json\/wp\/v2\/media?parent=56563"}],"wp:term":[{"taxonomy":"category","embeddable":true,"href":"https:\/\/noti-america.com\/site\/venezuela\/wp-json\/wp\/v2\/categories?post=56563"},{"taxonomy":"post_tag","embeddable":true,"href":"https:\/\/noti-america.com\/site\/venezuela\/wp-json\/wp\/v2\/tags?post=56563"}],"curies":[{"name":"wp","href":"https:\/\/api.w.org\/{rel}","templated":true}]}}