{"id":56480,"date":"2026-08-30T13:42:12","date_gmt":"2026-08-30T13:42:12","guid":{"rendered":"https:\/\/noti-america.com\/site\/venezuela\/2026\/08\/30\/camara-de-comercio-de-lara-rindio-un-magistral-homenaje-al-gremio-periodistico-larense\/"},"modified":"2026-08-30T13:42:12","modified_gmt":"2026-08-30T13:42:12","slug":"camara-de-comercio-de-lara-rindio-un-magistral-homenaje-al-gremio-periodistico-larense","status":"publish","type":"post","link":"https:\/\/noti-america.com\/site\/venezuela\/2026\/08\/30\/camara-de-comercio-de-lara-rindio-un-magistral-homenaje-al-gremio-periodistico-larense\/","title":{"rendered":"C\u00e1mara de Comercio de Lara rindi\u00f3 un magistral homenaje al gremio period\u00edstico larense"},"content":{"rendered":"<p><strong>NOTI-AMERICA.COM | VENEZUELA<\/strong><\/p>\n<div>\n<div style=\"text-align: center;\">C\u00e1mara de Comercio de Lara rindi\u00f3 un magistral homenaje al gremio period\u00edstico larense<\/div>\n<div><em>La instituci\u00f3n empresarial celebr\u00f3 la labor de los comunicadores este fin de semana en Barquisimeto con la escenificaci\u00f3n de la obra cl\u00e1sica \u00abEl Juez de los divorcios\u00bb.<\/em><\/div>\n<div>Barquisimeto, Estado Lara, 23 de agosto de 2026.-\u00a0La junta directiva de la C\u00e1mara de Comercio del estado Lara formaliz\u00f3 este fin de semana una funci\u00f3n extraordinaria y exclusiva orientada a homenajear y reconocer la labor de los profesionales de la comunicaci\u00f3n social de la entidad. El encuentro de car\u00e1cter institucional y gremial tuvo como escenario las tablas del Auditorio \u00abEduardo Lindheimer\u00bb, ubicado en la sede central de la organizaci\u00f3n empresarial.<\/div>\n<div>Para la ejecuci\u00f3n de la gala cultural, la instituci\u00f3n cont\u00f3 con la participaci\u00f3n especial de la reconocida compa\u00f1\u00eda teatral A Tel\u00f3n Abierto. La actividad se desarroll\u00f3 bajo una impecable estructura cronol\u00f3gica que inici\u00f3 magistralmente con la puesta en escena del mon\u00f3logo titulado \u00abYo, Miguel\u00bb, una pieza biogr\u00e1fica sobre el inmortal Miguel de Cervantes interpretada de forma sobresaliente por el primer actor Gabriel Blanco, capturando la atenci\u00f3n un\u00e1nime de los periodistas asistentes.<\/div>\n<div>Posteriormente, el elenco principal tom\u00f3 la escena larense bajo la direcci\u00f3n general de David Torres \u2014quien adem\u00e1s asumi\u00f3 un rol multifac\u00e9tico al tener una destacada participaci\u00f3n actoral\u2014. El equipo histri\u00f3nico revivi\u00f3 la c\u00e9lebre comedia cervantina \u00abEl Juez de los divorcios\u00bb, una s\u00e1tira cl\u00e1sica que combin\u00f3 la cr\u00edtica social con un ritmo c\u00f3mico brillante y un deslumbrante vestuario de \u00e9poca que desat\u00f3 aplausos masivos. Los directivos de la C\u00e1mara de Comercio ratificaron su compromiso de seguir estrechando lazos institucionales con las fuerzas vivas de la regi\u00f3n a trav\u00e9s de iniciativas que promuevan la cultura y el sano esparcimiento.<\/div>\n<div><\/div>\n<\/div>\n<div>Contacto de Prensa:<br \/>\nLicdo. Leiber Escalona<br \/>\nPeriodista | CNP: 27723<\/div>\n<div>www.noti-america.com<\/div>\n","protected":false},"excerpt":{"rendered":"<p>NOTI-AMERICA.COM | VENEZUELA C\u00e1mara de Comercio de Lara rindi\u00f3 un magistral homenaje al gremio period\u00edstico larense La instituci\u00f3n empresarial celebr\u00f3 la labor de los comunicadores este fin de semana en Barquisimeto con la escenificaci\u00f3n&#46;&#46;&#46;<\/p>\n","protected":false},"author":2,"featured_media":56366,"comment_status":"open","ping_status":"open","sticky":false,"template":"","format":"image","meta":{"_acf_changed":false,"om_disable_all_campaigns":false,"rop_custom_images_group":[],"rop_custom_messages_group":[],"rop_publish_now":"initial","rop_publish_now_accounts":{"twitter_242054905_242054905":""},"rop_publish_now_history":[],"rop_publish_now_status":"pending","_uf_show_specific_survey":0,"_uf_disable_surveys":false,"footnotes":""},"categories":[132],"tags":[],"class_list":["post-56480","post","type-post","status-publish","format-image","has-post-thumbnail","hentry","category-actualidad","post_format-post-format-image"],"acf":[],"aioseo_notices":[],"yoast_head":"<!-- This site is optimized with the Yoast SEO Premium plugin v24.9 (Yoast SEO v27.2) - https:\/\/yoast.com\/product\/yoast-seo-premium-wordpress\/ -->\n<title>C\u00e1mara de Comercio de Lara rindi\u00f3 un magistral homenaje al gremio period\u00edstico larense - Venezuela | Noti-America.com<\/title>\n<meta name=\"robots\" content=\"index, follow, max-snippet:-1, max-image-preview:large, max-video-preview:-1\" \/>\n<link rel=\"canonical\" href=\"https:\/\/noti-america.com\/site\/venezuela\/2026\/08\/30\/camara-de-comercio-de-lara-rindio-un-magistral-homenaje-al-gremio-periodistico-larense\/\" \/>\n<meta property=\"og:locale\" content=\"es_ES\" \/>\n<meta property=\"og:type\" content=\"article\" \/>\n<meta property=\"og:title\" content=\"C\u00e1mara de Comercio de Lara rindi\u00f3 un magistral homenaje al gremio period\u00edstico larense\" \/>\n<meta property=\"og:description\" content=\"NOTI-AMERICA.COM | VENEZUELA C\u00e1mara de Comercio de Lara rindi\u00f3 un magistral homenaje al gremio period\u00edstico larense La instituci\u00f3n empresarial celebr\u00f3 la labor de los comunicadores este fin de semana en Barquisimeto con la escenificaci\u00f3n&#046;&#046;&#046;\" \/>\n<meta property=\"og:url\" content=\"https:\/\/noti-america.com\/site\/venezuela\/2026\/08\/30\/camara-de-comercio-de-lara-rindio-un-magistral-homenaje-al-gremio-periodistico-larense\/\" \/>\n<meta property=\"og:site_name\" content=\"Venezuela | Noti-America.com\" \/>\n<meta property=\"article:published_time\" content=\"2026-08-30T13:42:12+00:00\" \/>\n<meta property=\"og:image\" content=\"https:\/\/noti-america.com\/site\/venezuela\/wp-content\/uploads\/sites\/2\/2026\/08\/VENEZUELA-GREMIO-PERIODISTICO-LARENSE-scaled.jpg\" \/>\n\t<meta property=\"og:image:width\" content=\"2560\" \/>\n\t<meta property=\"og:image:height\" content=\"1920\" \/>\n\t<meta property=\"og:image:type\" content=\"image\/jpeg\" \/>\n<meta name=\"author\" content=\"rloaiza\" \/>\n<meta name=\"twitter:card\" content=\"summary_large_image\" \/>\n<meta name=\"twitter:label1\" content=\"Escrito por\" \/>\n\t<meta name=\"twitter:data1\" content=\"rloaiza\" \/>\n\t<meta name=\"twitter:label2\" content=\"Tiempo estimado de lectura\" \/>\n\t<meta name=\"twitter:data2\" content=\"2 minutos\" \/>\n<script type=\"application\/ld+json\" class=\"yoast-schema-graph\">{\"@context\":\"https:\/\/schema.org\",\"@graph\":[{\"@type\":\"Article\",\"@id\":\"https:\/\/noti-america.com\/site\/venezuela\/2026\/08\/30\/camara-de-comercio-de-lara-rindio-un-magistral-homenaje-al-gremio-periodistico-larense\/#article\",\"isPartOf\":{\"@id\":\"https:\/\/noti-america.com\/site\/venezuela\/2026\/08\/30\/camara-de-comercio-de-lara-rindio-un-magistral-homenaje-al-gremio-periodistico-larense\/\"},\"author\":{\"name\":\"rloaiza\",\"@id\":\"https:\/\/noti-america.com\/site\/venezuela\/#\/schema\/person\/0d9119887edcdfd8ab4c6f5407f8b068\"},\"headline\":\"C\u00e1mara de Comercio de Lara rindi\u00f3 un magistral homenaje al gremio period\u00edstico larense\",\"datePublished\":\"2026-08-30T13:42:12+00:00\",\"mainEntityOfPage\":{\"@id\":\"https:\/\/noti-america.com\/site\/venezuela\/2026\/08\/30\/camara-de-comercio-de-lara-rindio-un-magistral-homenaje-al-gremio-periodistico-larense\/\"},\"wordCount\":340,\"commentCount\":0,\"publisher\":{\"@id\":\"https:\/\/noti-america.com\/site\/venezuela\/#organization\"},\"image\":{\"@id\":\"https:\/\/noti-america.com\/site\/venezuela\/2026\/08\/30\/camara-de-comercio-de-lara-rindio-un-magistral-homenaje-al-gremio-periodistico-larense\/#primaryimage\"},\"thumbnailUrl\":\"https:\/\/noti-america.com\/site\/venezuela\/wp-content\/uploads\/sites\/2\/2026\/08\/VENEZUELA-GREMIO-PERIODISTICO-LARENSE-scaled.jpg\",\"articleSection\":[\"Actualidad\"],\"inLanguage\":\"es\",\"potentialAction\":[{\"@type\":\"CommentAction\",\"name\":\"Comment\",\"target\":[\"https:\/\/noti-america.com\/site\/venezuela\/2026\/08\/30\/camara-de-comercio-de-lara-rindio-un-magistral-homenaje-al-gremio-periodistico-larense\/#respond\"]}]},{\"@type\":\"WebPage\",\"@id\":\"https:\/\/noti-america.com\/site\/venezuela\/2026\/08\/30\/camara-de-comercio-de-lara-rindio-un-magistral-homenaje-al-gremio-periodistico-larense\/\",\"url\":\"https:\/\/noti-america.com\/site\/venezuela\/2026\/08\/30\/camara-de-comercio-de-lara-rindio-un-magistral-homenaje-al-gremio-periodistico-larense\/\",\"name\":\"C\u00e1mara de Comercio de Lara rindi\u00f3 un magistral homenaje al gremio period\u00edstico larense - Venezuela | Noti-America.com\",\"isPartOf\":{\"@id\":\"https:\/\/noti-america.com\/site\/venezuela\/#website\"},\"primaryImageOfPage\":{\"@id\":\"https:\/\/noti-america.com\/site\/venezuela\/2026\/08\/30\/camara-de-comercio-de-lara-rindio-un-magistral-homenaje-al-gremio-periodistico-larense\/#primaryimage\"},\"image\":{\"@id\":\"https:\/\/noti-america.com\/site\/venezuela\/2026\/08\/30\/camara-de-comercio-de-lara-rindio-un-magistral-homenaje-al-gremio-periodistico-larense\/#primaryimage\"},\"thumbnailUrl\":\"https:\/\/noti-america.com\/site\/venezuela\/wp-content\/uploads\/sites\/2\/2026\/08\/VENEZUELA-GREMIO-PERIODISTICO-LARENSE-scaled.jpg\",\"datePublished\":\"2026-08-30T13:42:12+00:00\",\"breadcrumb\":{\"@id\":\"https:\/\/noti-america.com\/site\/venezuela\/2026\/08\/30\/camara-de-comercio-de-lara-rindio-un-magistral-homenaje-al-gremio-periodistico-larense\/#breadcrumb\"},\"inLanguage\":\"es\",\"potentialAction\":[{\"@type\":\"ReadAction\",\"target\":[\"https:\/\/noti-america.com\/site\/venezuela\/2026\/08\/30\/camara-de-comercio-de-lara-rindio-un-magistral-homenaje-al-gremio-periodistico-larense\/\"]}]},{\"@type\":\"ImageObject\",\"inLanguage\":\"es\",\"@id\":\"https:\/\/noti-america.com\/site\/venezuela\/2026\/08\/30\/camara-de-comercio-de-lara-rindio-un-magistral-homenaje-al-gremio-periodistico-larense\/#primaryimage\",\"url\":\"https:\/\/noti-america.com\/site\/venezuela\/wp-content\/uploads\/sites\/2\/2026\/08\/VENEZUELA-GREMIO-PERIODISTICO-LARENSE-scaled.jpg\",\"contentUrl\":\"https:\/\/noti-america.com\/site\/venezuela\/wp-content\/uploads\/sites\/2\/2026\/08\/VENEZUELA-GREMIO-PERIODISTICO-LARENSE-scaled.jpg\",\"width\":2560,\"height\":1920},{\"@type\":\"BreadcrumbList\",\"@id\":\"https:\/\/noti-america.com\/site\/venezuela\/2026\/08\/30\/camara-de-comercio-de-lara-rindio-un-magistral-homenaje-al-gremio-periodistico-larense\/#breadcrumb\",\"itemListElement\":[{\"@type\":\"ListItem\",\"position\":1,\"name\":\"Portada\",\"item\":\"https:\/\/noti-america.com\/site\/venezuela\/\"},{\"@type\":\"ListItem\",\"position\":2,\"name\":\"C\u00e1mara de Comercio de Lara rindi\u00f3 un magistral homenaje al gremio period\u00edstico larense\"}]},{\"@type\":\"WebSite\",\"@id\":\"https:\/\/noti-america.com\/site\/venezuela\/#website\",\"url\":\"https:\/\/noti-america.com\/site\/venezuela\/\",\"name\":\"Venezuela | Noti-America.com\",\"description\":\"\",\"publisher\":{\"@id\":\"https:\/\/noti-america.com\/site\/venezuela\/#organization\"},\"potentialAction\":[{\"@type\":\"SearchAction\",\"target\":{\"@type\":\"EntryPoint\",\"urlTemplate\":\"https:\/\/noti-america.com\/site\/venezuela\/?s={search_term_string}\"},\"query-input\":{\"@type\":\"PropertyValueSpecification\",\"valueRequired\":true,\"valueName\":\"search_term_string\"}}],\"inLanguage\":\"es\"},{\"@type\":\"Organization\",\"@id\":\"https:\/\/noti-america.com\/site\/venezuela\/#organization\",\"name\":\"Noti-America LLC | Venezuela\",\"url\":\"https:\/\/noti-america.com\/site\/venezuela\/\",\"logo\":{\"@type\":\"ImageObject\",\"inLanguage\":\"es\",\"@id\":\"https:\/\/noti-america.com\/site\/venezuela\/#\/schema\/logo\/image\/\",\"url\":\"https:\/\/noti-america.com\/site\/venezuela\/wp-content\/uploads\/sites\/2\/2020\/07\/LogoNA-4x3-1.jpg\",\"contentUrl\":\"https:\/\/noti-america.com\/site\/venezuela\/wp-content\/uploads\/sites\/2\/2020\/07\/LogoNA-4x3-1.jpg\",\"width\":1236,\"height\":1080,\"caption\":\"Noti-America LLC | Venezuela\"},\"image\":{\"@id\":\"https:\/\/noti-america.com\/site\/venezuela\/#\/schema\/logo\/image\/\"}},{\"@type\":\"Person\",\"@id\":\"https:\/\/noti-america.com\/site\/venezuela\/#\/schema\/person\/0d9119887edcdfd8ab4c6f5407f8b068\",\"name\":\"rloaiza\",\"image\":{\"@type\":\"ImageObject\",\"inLanguage\":\"es\",\"@id\":\"https:\/\/secure.gravatar.com\/avatar\/190058e5d4427934610b99c45aa7a6558806850adedd53ddeddd194b04773e22?s=96&d=mm&r=g\",\"url\":\"https:\/\/secure.gravatar.com\/avatar\/190058e5d4427934610b99c45aa7a6558806850adedd53ddeddd194b04773e22?s=96&d=mm&r=g\",\"contentUrl\":\"https:\/\/secure.gravatar.com\/avatar\/190058e5d4427934610b99c45aa7a6558806850adedd53ddeddd194b04773e22?s=96&d=mm&r=g\",\"caption\":\"rloaiza\"},\"url\":\"https:\/\/noti-america.com\/site\/venezuela\/author\/rloaiza\/\"}]}<\/script>\n<!-- \/ Yoast SEO Premium plugin. -->","yoast_head_json":{"title":"C\u00e1mara de Comercio de Lara rindi\u00f3 un magistral homenaje al gremio period\u00edstico larense - Venezuela | Noti-America.com","robots":{"index":"index","follow":"follow","max-snippet":"max-snippet:-1","max-image-preview":"max-image-preview:large","max-video-preview":"max-video-preview:-1"},"canonical":"https:\/\/noti-america.com\/site\/venezuela\/2026\/08\/30\/camara-de-comercio-de-lara-rindio-un-magistral-homenaje-al-gremio-periodistico-larense\/","og_locale":"es_ES","og_type":"article","og_title":"C\u00e1mara de Comercio de Lara rindi\u00f3 un magistral homenaje al gremio period\u00edstico larense","og_description":"NOTI-AMERICA.COM | VENEZUELA C\u00e1mara de Comercio de Lara rindi\u00f3 un magistral homenaje al gremio period\u00edstico larense La instituci\u00f3n empresarial celebr\u00f3 la labor de los comunicadores este fin de semana en Barquisimeto con la escenificaci\u00f3n&#46;&#46;&#46;","og_url":"https:\/\/noti-america.com\/site\/venezuela\/2026\/08\/30\/camara-de-comercio-de-lara-rindio-un-magistral-homenaje-al-gremio-periodistico-larense\/","og_site_name":"Venezuela | Noti-America.com","article_published_time":"2026-08-30T13:42:12+00:00","og_image":[{"width":2560,"height":1920,"url":"https:\/\/noti-america.com\/site\/venezuela\/wp-content\/uploads\/sites\/2\/2026\/08\/VENEZUELA-GREMIO-PERIODISTICO-LARENSE-scaled.jpg","type":"image\/jpeg"}],"author":"rloaiza","twitter_card":"summary_large_image","twitter_misc":{"Escrito por":"rloaiza","Tiempo estimado de lectura":"2 minutos"},"schema":{"@context":"https:\/\/schema.org","@graph":[{"@type":"Article","@id":"https:\/\/noti-america.com\/site\/venezuela\/2026\/08\/30\/camara-de-comercio-de-lara-rindio-un-magistral-homenaje-al-gremio-periodistico-larense\/#article","isPartOf":{"@id":"https:\/\/noti-america.com\/site\/venezuela\/2026\/08\/30\/camara-de-comercio-de-lara-rindio-un-magistral-homenaje-al-gremio-periodistico-larense\/"},"author":{"name":"rloaiza","@id":"https:\/\/noti-america.com\/site\/venezuela\/#\/schema\/person\/0d9119887edcdfd8ab4c6f5407f8b068"},"headline":"C\u00e1mara de Comercio de Lara rindi\u00f3 un magistral homenaje al gremio period\u00edstico larense","datePublished":"2026-08-30T13:42:12+00:00","mainEntityOfPage":{"@id":"https:\/\/noti-america.com\/site\/venezuela\/2026\/08\/30\/camara-de-comercio-de-lara-rindio-un-magistral-homenaje-al-gremio-periodistico-larense\/"},"wordCount":340,"commentCount":0,"publisher":{"@id":"https:\/\/noti-america.com\/site\/venezuela\/#organization"},"image":{"@id":"https:\/\/noti-america.com\/site\/venezuela\/2026\/08\/30\/camara-de-comercio-de-lara-rindio-un-magistral-homenaje-al-gremio-periodistico-larense\/#primaryimage"},"thumbnailUrl":"https:\/\/noti-america.com\/site\/venezuela\/wp-content\/uploads\/sites\/2\/2026\/08\/VENEZUELA-GREMIO-PERIODISTICO-LARENSE-scaled.jpg","articleSection":["Actualidad"],"inLanguage":"es","potentialAction":[{"@type":"CommentAction","name":"Comment","target":["https:\/\/noti-america.com\/site\/venezuela\/2026\/08\/30\/camara-de-comercio-de-lara-rindio-un-magistral-homenaje-al-gremio-periodistico-larense\/#respond"]}]},{"@type":"WebPage","@id":"https:\/\/noti-america.com\/site\/venezuela\/2026\/08\/30\/camara-de-comercio-de-lara-rindio-un-magistral-homenaje-al-gremio-periodistico-larense\/","url":"https:\/\/noti-america.com\/site\/venezuela\/2026\/08\/30\/camara-de-comercio-de-lara-rindio-un-magistral-homenaje-al-gremio-periodistico-larense\/","name":"C\u00e1mara de Comercio de Lara rindi\u00f3 un magistral homenaje al gremio period\u00edstico larense - Venezuela | Noti-America.com","isPartOf":{"@id":"https:\/\/noti-america.com\/site\/venezuela\/#website"},"primaryImageOfPage":{"@id":"https:\/\/noti-america.com\/site\/venezuela\/2026\/08\/30\/camara-de-comercio-de-lara-rindio-un-magistral-homenaje-al-gremio-periodistico-larense\/#primaryimage"},"image":{"@id":"https:\/\/noti-america.com\/site\/venezuela\/2026\/08\/30\/camara-de-comercio-de-lara-rindio-un-magistral-homenaje-al-gremio-periodistico-larense\/#primaryimage"},"thumbnailUrl":"https:\/\/noti-america.com\/site\/venezuela\/wp-content\/uploads\/sites\/2\/2026\/08\/VENEZUELA-GREMIO-PERIODISTICO-LARENSE-scaled.jpg","datePublished":"2026-08-30T13:42:12+00:00","breadcrumb":{"@id":"https:\/\/noti-america.com\/site\/venezuela\/2026\/08\/30\/camara-de-comercio-de-lara-rindio-un-magistral-homenaje-al-gremio-periodistico-larense\/#breadcrumb"},"inLanguage":"es","potentialAction":[{"@type":"ReadAction","target":["https:\/\/noti-america.com\/site\/venezuela\/2026\/08\/30\/camara-de-comercio-de-lara-rindio-un-magistral-homenaje-al-gremio-periodistico-larense\/"]}]},{"@type":"ImageObject","inLanguage":"es","@id":"https:\/\/noti-america.com\/site\/venezuela\/2026\/08\/30\/camara-de-comercio-de-lara-rindio-un-magistral-homenaje-al-gremio-periodistico-larense\/#primaryimage","url":"https:\/\/noti-america.com\/site\/venezuela\/wp-content\/uploads\/sites\/2\/2026\/08\/VENEZUELA-GREMIO-PERIODISTICO-LARENSE-scaled.jpg","contentUrl":"https:\/\/noti-america.com\/site\/venezuela\/wp-content\/uploads\/sites\/2\/2026\/08\/VENEZUELA-GREMIO-PERIODISTICO-LARENSE-scaled.jpg","width":2560,"height":1920},{"@type":"BreadcrumbList","@id":"https:\/\/noti-america.com\/site\/venezuela\/2026\/08\/30\/camara-de-comercio-de-lara-rindio-un-magistral-homenaje-al-gremio-periodistico-larense\/#breadcrumb","itemListElement":[{"@type":"ListItem","position":1,"name":"Portada","item":"https:\/\/noti-america.com\/site\/venezuela\/"},{"@type":"ListItem","position":2,"name":"C\u00e1mara de Comercio de Lara rindi\u00f3 un magistral homenaje al gremio period\u00edstico larense"}]},{"@type":"WebSite","@id":"https:\/\/noti-america.com\/site\/venezuela\/#website","url":"https:\/\/noti-america.com\/site\/venezuela\/","name":"Venezuela | Noti-America.com","description":"","publisher":{"@id":"https:\/\/noti-america.com\/site\/venezuela\/#organization"},"potentialAction":[{"@type":"SearchAction","target":{"@type":"EntryPoint","urlTemplate":"https:\/\/noti-america.com\/site\/venezuela\/?s={search_term_string}"},"query-input":{"@type":"PropertyValueSpecification","valueRequired":true,"valueName":"search_term_string"}}],"inLanguage":"es"},{"@type":"Organization","@id":"https:\/\/noti-america.com\/site\/venezuela\/#organization","name":"Noti-America LLC | Venezuela","url":"https:\/\/noti-america.com\/site\/venezuela\/","logo":{"@type":"ImageObject","inLanguage":"es","@id":"https:\/\/noti-america.com\/site\/venezuela\/#\/schema\/logo\/image\/","url":"https:\/\/noti-america.com\/site\/venezuela\/wp-content\/uploads\/sites\/2\/2020\/07\/LogoNA-4x3-1.jpg","contentUrl":"https:\/\/noti-america.com\/site\/venezuela\/wp-content\/uploads\/sites\/2\/2020\/07\/LogoNA-4x3-1.jpg","width":1236,"height":1080,"caption":"Noti-America LLC | Venezuela"},"image":{"@id":"https:\/\/noti-america.com\/site\/venezuela\/#\/schema\/logo\/image\/"}},{"@type":"Person","@id":"https:\/\/noti-america.com\/site\/venezuela\/#\/schema\/person\/0d9119887edcdfd8ab4c6f5407f8b068","name":"rloaiza","image":{"@type":"ImageObject","inLanguage":"es","@id":"https:\/\/secure.gravatar.com\/avatar\/190058e5d4427934610b99c45aa7a6558806850adedd53ddeddd194b04773e22?s=96&d=mm&r=g","url":"https:\/\/secure.gravatar.com\/avatar\/190058e5d4427934610b99c45aa7a6558806850adedd53ddeddd194b04773e22?s=96&d=mm&r=g","contentUrl":"https:\/\/secure.gravatar.com\/avatar\/190058e5d4427934610b99c45aa7a6558806850adedd53ddeddd194b04773e22?s=96&d=mm&r=g","caption":"rloaiza"},"url":"https:\/\/noti-america.com\/site\/venezuela\/author\/rloaiza\/"}]}},"_links":{"self":[{"href":"https:\/\/noti-america.com\/site\/venezuela\/wp-json\/wp\/v2\/posts\/56480","targetHints":{"allow":["GET"]}}],"collection":[{"href":"https:\/\/noti-america.com\/site\/venezuela\/wp-json\/wp\/v2\/posts"}],"about":[{"href":"https:\/\/noti-america.com\/site\/venezuela\/wp-json\/wp\/v2\/types\/post"}],"author":[{"embeddable":true,"href":"https:\/\/noti-america.com\/site\/venezuela\/wp-json\/wp\/v2\/users\/2"}],"replies":[{"embeddable":true,"href":"https:\/\/noti-america.com\/site\/venezuela\/wp-json\/wp\/v2\/comments?post=56480"}],"version-history":[{"count":0,"href":"https:\/\/noti-america.com\/site\/venezuela\/wp-json\/wp\/v2\/posts\/56480\/revisions"}],"wp:featuredmedia":[{"embeddable":true,"href":"https:\/\/noti-america.com\/site\/venezuela\/wp-json\/wp\/v2\/media\/56366"}],"wp:attachment":[{"href":"https:\/\/noti-america.com\/site\/venezuela\/wp-json\/wp\/v2\/media?parent=56480"}],"wp:term":[{"taxonomy":"category","embeddable":true,"href":"https:\/\/noti-america.com\/site\/venezuela\/wp-json\/wp\/v2\/categories?post=56480"},{"taxonomy":"post_tag","embeddable":true,"href":"https:\/\/noti-america.com\/site\/venezuela\/wp-json\/wp\/v2\/tags?post=56480"}],"curies":[{"name":"wp","href":"https:\/\/api.w.org\/{rel}","templated":true}]}}