{"id":56449,"date":"2026-08-28T15:23:08","date_gmt":"2026-08-28T15:23:08","guid":{"rendered":"https:\/\/noti-america.com\/site\/venezuela\/?p=56449"},"modified":"2026-08-28T15:23:08","modified_gmt":"2026-08-28T15:23:08","slug":"nanny-mcphee-se-convertira-en-musical-de-la-mano-de-emma-thompson-en-el-verano-de-2027","status":"publish","type":"post","link":"https:\/\/noti-america.com\/site\/venezuela\/2026\/08\/28\/nanny-mcphee-se-convertira-en-musical-de-la-mano-de-emma-thompson-en-el-verano-de-2027\/","title":{"rendered":"&#8216;Nanny McPhee&#8217; se convertir\u00e1 en musical de la mano de Emma Thompson en el verano de 2027"},"content":{"rendered":"<p>NOTI-AMERICA.COM | VENEZUELA<\/p>\n<p style=\"text-align: justify\">La pel\u00edcula &#8216;Nanny McPhee&#8217;, protagonizada en 2005 por Emma Thompson y Colin Firth, se convertir\u00e1 en un musical que se estrenar\u00e1 en Londres en el verano de 2027.<\/p>\n<p style=\"text-align: justify\">La informaci\u00f3n la dio a conocer la productora Working Title Films, en sus redes sociales este jueves, \u00abAlgunas ideas son simplemente demasiado m\u00e1gicas para resistirse\u00bb.<\/p>\n<p style=\"text-align: justify\">De esta manera, la actriz afirma que ya escribi\u00f3 el gui\u00f3n de la pel\u00edcula, que adaptaba la historia de la saga de libros &#8216;Nurse Matilda&#8217;, de Christianne Brand, y ahora trabaja en el texto y en las canciones para el musical junto al compositor Gary Clark.<\/p>\n<p style=\"text-align: justify\">Cabe destacar que Katy Rudd dirigir\u00e1 la obra, con dise\u00f1o de escenograf\u00eda y vestuario a cargo de Rob Howell, ganador de los premios Tony y Olivier.<\/p>\n","protected":false},"excerpt":{"rendered":"<p>NOTI-AMERICA.COM | VENEZUELA La pel\u00edcula &#8216;Nanny McPhee&#8217;, protagonizada en 2005 por Emma Thompson y Colin Firth, se convertir\u00e1 en un musical que se estrenar\u00e1 en Londres en el verano de 2027. La informaci\u00f3n la&#46;&#46;&#46;<\/p>\n","protected":false},"author":133,"featured_media":56450,"comment_status":"open","ping_status":"open","sticky":false,"template":"","format":"image","meta":{"_acf_changed":false,"om_disable_all_campaigns":false,"rop_custom_images_group":[],"rop_custom_messages_group":[],"rop_publish_now":"initial","rop_publish_now_accounts":{"twitter_242054905_242054905":""},"rop_publish_now_history":[],"rop_publish_now_status":"pending","_uf_show_specific_survey":0,"_uf_disable_surveys":false,"footnotes":""},"categories":[508],"tags":[],"class_list":["post-56449","post","type-post","status-publish","format-image","has-post-thumbnail","hentry","category-acturalidad","post_format-post-format-image"],"acf":[],"aioseo_notices":[],"yoast_head":"<!-- This site is optimized with the Yoast SEO Premium plugin v24.9 (Yoast SEO v27.2) - https:\/\/yoast.com\/product\/yoast-seo-premium-wordpress\/ -->\n<title>&#039;Nanny McPhee&#039; se convertir\u00e1 en musical de la mano de Emma Thompson en el verano de 2027 - Venezuela | Noti-America.com<\/title>\n<meta name=\"robots\" content=\"index, follow, max-snippet:-1, max-image-preview:large, max-video-preview:-1\" \/>\n<link rel=\"canonical\" href=\"https:\/\/noti-america.com\/site\/venezuela\/2026\/08\/28\/nanny-mcphee-se-convertira-en-musical-de-la-mano-de-emma-thompson-en-el-verano-de-2027\/\" \/>\n<meta property=\"og:locale\" content=\"es_ES\" \/>\n<meta property=\"og:type\" content=\"article\" \/>\n<meta property=\"og:title\" content=\"&#039;Nanny McPhee&#039; se convertir\u00e1 en musical de la mano de Emma Thompson en el verano de 2027\" \/>\n<meta property=\"og:description\" content=\"NOTI-AMERICA.COM | VENEZUELA La pel\u00edcula &#8216;Nanny McPhee&#8217;, protagonizada en 2005 por Emma Thompson y Colin Firth, se convertir\u00e1 en un musical que se estrenar\u00e1 en Londres en el verano de 2027. La informaci\u00f3n la&#046;&#046;&#046;\" \/>\n<meta property=\"og:url\" content=\"https:\/\/noti-america.com\/site\/venezuela\/2026\/08\/28\/nanny-mcphee-se-convertira-en-musical-de-la-mano-de-emma-thompson-en-el-verano-de-2027\/\" \/>\n<meta property=\"og:site_name\" content=\"Venezuela | Noti-America.com\" \/>\n<meta property=\"article:author\" content=\"Mar\u00eda Valentina Noguera\" \/>\n<meta property=\"article:published_time\" content=\"2026-08-28T15:23:08+00:00\" \/>\n<meta property=\"og:image\" content=\"https:\/\/noti-america.com\/site\/venezuela\/wp-content\/uploads\/sites\/2\/2026\/08\/AAAABSBKOJHnY9MnbjkhT0h2LuZhOZaG6j_4KaIQy2kWxeAMtcwnp2sMHYacloxMM4rWnR6gb-oOmLecw6mfXMXTDGlYPQQEukCVM8wG.jpg\" \/>\n\t<meta property=\"og:image:width\" content=\"992\" \/>\n\t<meta property=\"og:image:height\" content=\"558\" \/>\n\t<meta property=\"og:image:type\" content=\"image\/jpeg\" \/>\n<meta name=\"author\" content=\"Maria Valentina Noguera Medina\" \/>\n<meta name=\"twitter:card\" content=\"summary_large_image\" \/>\n<meta name=\"twitter:label1\" content=\"Escrito por\" \/>\n\t<meta name=\"twitter:data1\" content=\"Maria Valentina Noguera Medina\" \/>\n\t<meta name=\"twitter:label2\" content=\"Tiempo estimado de lectura\" \/>\n\t<meta name=\"twitter:data2\" content=\"1 minuto\" \/>\n<script type=\"application\/ld+json\" class=\"yoast-schema-graph\">{\"@context\":\"https:\/\/schema.org\",\"@graph\":[{\"@type\":\"Article\",\"@id\":\"https:\/\/noti-america.com\/site\/venezuela\/2026\/08\/28\/nanny-mcphee-se-convertira-en-musical-de-la-mano-de-emma-thompson-en-el-verano-de-2027\/#article\",\"isPartOf\":{\"@id\":\"https:\/\/noti-america.com\/site\/venezuela\/2026\/08\/28\/nanny-mcphee-se-convertira-en-musical-de-la-mano-de-emma-thompson-en-el-verano-de-2027\/\"},\"author\":{\"name\":\"Maria Valentina Noguera Medina\",\"@id\":\"https:\/\/noti-america.com\/site\/venezuela\/#\/schema\/person\/b0777fb8ad9a321dc446ddbbceae778f\"},\"headline\":\"&#8216;Nanny McPhee&#8217; se convertir\u00e1 en musical de la mano de Emma Thompson en el verano de 2027\",\"datePublished\":\"2026-08-28T15:23:08+00:00\",\"mainEntityOfPage\":{\"@id\":\"https:\/\/noti-america.com\/site\/venezuela\/2026\/08\/28\/nanny-mcphee-se-convertira-en-musical-de-la-mano-de-emma-thompson-en-el-verano-de-2027\/\"},\"wordCount\":149,\"commentCount\":0,\"publisher\":{\"@id\":\"https:\/\/noti-america.com\/site\/venezuela\/#organization\"},\"image\":{\"@id\":\"https:\/\/noti-america.com\/site\/venezuela\/2026\/08\/28\/nanny-mcphee-se-convertira-en-musical-de-la-mano-de-emma-thompson-en-el-verano-de-2027\/#primaryimage\"},\"thumbnailUrl\":\"https:\/\/noti-america.com\/site\/venezuela\/wp-content\/uploads\/sites\/2\/2026\/08\/AAAABSBKOJHnY9MnbjkhT0h2LuZhOZaG6j_4KaIQy2kWxeAMtcwnp2sMHYacloxMM4rWnR6gb-oOmLecw6mfXMXTDGlYPQQEukCVM8wG.jpg\",\"articleSection\":[\"Actualidad\"],\"inLanguage\":\"es\",\"potentialAction\":[{\"@type\":\"CommentAction\",\"name\":\"Comment\",\"target\":[\"https:\/\/noti-america.com\/site\/venezuela\/2026\/08\/28\/nanny-mcphee-se-convertira-en-musical-de-la-mano-de-emma-thompson-en-el-verano-de-2027\/#respond\"]}]},{\"@type\":\"WebPage\",\"@id\":\"https:\/\/noti-america.com\/site\/venezuela\/2026\/08\/28\/nanny-mcphee-se-convertira-en-musical-de-la-mano-de-emma-thompson-en-el-verano-de-2027\/\",\"url\":\"https:\/\/noti-america.com\/site\/venezuela\/2026\/08\/28\/nanny-mcphee-se-convertira-en-musical-de-la-mano-de-emma-thompson-en-el-verano-de-2027\/\",\"name\":\"'Nanny McPhee' se convertir\u00e1 en musical de la mano de Emma Thompson en el verano de 2027 - Venezuela | Noti-America.com\",\"isPartOf\":{\"@id\":\"https:\/\/noti-america.com\/site\/venezuela\/#website\"},\"primaryImageOfPage\":{\"@id\":\"https:\/\/noti-america.com\/site\/venezuela\/2026\/08\/28\/nanny-mcphee-se-convertira-en-musical-de-la-mano-de-emma-thompson-en-el-verano-de-2027\/#primaryimage\"},\"image\":{\"@id\":\"https:\/\/noti-america.com\/site\/venezuela\/2026\/08\/28\/nanny-mcphee-se-convertira-en-musical-de-la-mano-de-emma-thompson-en-el-verano-de-2027\/#primaryimage\"},\"thumbnailUrl\":\"https:\/\/noti-america.com\/site\/venezuela\/wp-content\/uploads\/sites\/2\/2026\/08\/AAAABSBKOJHnY9MnbjkhT0h2LuZhOZaG6j_4KaIQy2kWxeAMtcwnp2sMHYacloxMM4rWnR6gb-oOmLecw6mfXMXTDGlYPQQEukCVM8wG.jpg\",\"datePublished\":\"2026-08-28T15:23:08+00:00\",\"breadcrumb\":{\"@id\":\"https:\/\/noti-america.com\/site\/venezuela\/2026\/08\/28\/nanny-mcphee-se-convertira-en-musical-de-la-mano-de-emma-thompson-en-el-verano-de-2027\/#breadcrumb\"},\"inLanguage\":\"es\",\"potentialAction\":[{\"@type\":\"ReadAction\",\"target\":[\"https:\/\/noti-america.com\/site\/venezuela\/2026\/08\/28\/nanny-mcphee-se-convertira-en-musical-de-la-mano-de-emma-thompson-en-el-verano-de-2027\/\"]}]},{\"@type\":\"ImageObject\",\"inLanguage\":\"es\",\"@id\":\"https:\/\/noti-america.com\/site\/venezuela\/2026\/08\/28\/nanny-mcphee-se-convertira-en-musical-de-la-mano-de-emma-thompson-en-el-verano-de-2027\/#primaryimage\",\"url\":\"https:\/\/noti-america.com\/site\/venezuela\/wp-content\/uploads\/sites\/2\/2026\/08\/AAAABSBKOJHnY9MnbjkhT0h2LuZhOZaG6j_4KaIQy2kWxeAMtcwnp2sMHYacloxMM4rWnR6gb-oOmLecw6mfXMXTDGlYPQQEukCVM8wG.jpg\",\"contentUrl\":\"https:\/\/noti-america.com\/site\/venezuela\/wp-content\/uploads\/sites\/2\/2026\/08\/AAAABSBKOJHnY9MnbjkhT0h2LuZhOZaG6j_4KaIQy2kWxeAMtcwnp2sMHYacloxMM4rWnR6gb-oOmLecw6mfXMXTDGlYPQQEukCVM8wG.jpg\",\"width\":992,\"height\":558},{\"@type\":\"BreadcrumbList\",\"@id\":\"https:\/\/noti-america.com\/site\/venezuela\/2026\/08\/28\/nanny-mcphee-se-convertira-en-musical-de-la-mano-de-emma-thompson-en-el-verano-de-2027\/#breadcrumb\",\"itemListElement\":[{\"@type\":\"ListItem\",\"position\":1,\"name\":\"Portada\",\"item\":\"https:\/\/noti-america.com\/site\/venezuela\/\"},{\"@type\":\"ListItem\",\"position\":2,\"name\":\"&#8216;Nanny McPhee&#8217; se convertir\u00e1 en musical de la mano de Emma Thompson en el verano de 2027\"}]},{\"@type\":\"WebSite\",\"@id\":\"https:\/\/noti-america.com\/site\/venezuela\/#website\",\"url\":\"https:\/\/noti-america.com\/site\/venezuela\/\",\"name\":\"Venezuela | Noti-America.com\",\"description\":\"\",\"publisher\":{\"@id\":\"https:\/\/noti-america.com\/site\/venezuela\/#organization\"},\"potentialAction\":[{\"@type\":\"SearchAction\",\"target\":{\"@type\":\"EntryPoint\",\"urlTemplate\":\"https:\/\/noti-america.com\/site\/venezuela\/?s={search_term_string}\"},\"query-input\":{\"@type\":\"PropertyValueSpecification\",\"valueRequired\":true,\"valueName\":\"search_term_string\"}}],\"inLanguage\":\"es\"},{\"@type\":\"Organization\",\"@id\":\"https:\/\/noti-america.com\/site\/venezuela\/#organization\",\"name\":\"Noti-America LLC | Venezuela\",\"url\":\"https:\/\/noti-america.com\/site\/venezuela\/\",\"logo\":{\"@type\":\"ImageObject\",\"inLanguage\":\"es\",\"@id\":\"https:\/\/noti-america.com\/site\/venezuela\/#\/schema\/logo\/image\/\",\"url\":\"https:\/\/noti-america.com\/site\/venezuela\/wp-content\/uploads\/sites\/2\/2020\/07\/LogoNA-4x3-1.jpg\",\"contentUrl\":\"https:\/\/noti-america.com\/site\/venezuela\/wp-content\/uploads\/sites\/2\/2020\/07\/LogoNA-4x3-1.jpg\",\"width\":1236,\"height\":1080,\"caption\":\"Noti-America LLC | Venezuela\"},\"image\":{\"@id\":\"https:\/\/noti-america.com\/site\/venezuela\/#\/schema\/logo\/image\/\"}},{\"@type\":\"Person\",\"@id\":\"https:\/\/noti-america.com\/site\/venezuela\/#\/schema\/person\/b0777fb8ad9a321dc446ddbbceae778f\",\"name\":\"Maria Valentina Noguera Medina\",\"image\":{\"@type\":\"ImageObject\",\"inLanguage\":\"es\",\"@id\":\"https:\/\/secure.gravatar.com\/avatar\/4ec5eb9d099f2608a49c9df6f7341f66f04f819cdffa09d56a7a0e91d2819d56?s=96&d=mm&r=g\",\"url\":\"https:\/\/secure.gravatar.com\/avatar\/4ec5eb9d099f2608a49c9df6f7341f66f04f819cdffa09d56a7a0e91d2819d56?s=96&d=mm&r=g\",\"contentUrl\":\"https:\/\/secure.gravatar.com\/avatar\/4ec5eb9d099f2608a49c9df6f7341f66f04f819cdffa09d56a7a0e91d2819d56?s=96&d=mm&r=g\",\"caption\":\"Maria Valentina Noguera Medina\"},\"description\":\"Periodista - noti-america - Promar Community Manager - Talento Plus Dise\u00f1adora\/ creadora de contenido...\",\"sameAs\":[\"Mar\u00eda Valentina Noguera\",\"https:\/\/www.facebook.com\/mariavalentina.noguera\",\"https:\/\/www.linkedin.com\/in\/mara-valentina-noguera-medina-373075165\/\",\"https:\/\/www.pinterest.es\/valentinanoguera95\/\",\"https:\/\/www.youtube.com\/channel\/UCdek6mbUZ-Tqqw0I63i4nmQ\"],\"url\":\"https:\/\/noti-america.com\/site\/venezuela\/author\/mnoguera\/\"}]}<\/script>\n<!-- \/ Yoast SEO Premium plugin. -->","yoast_head_json":{"title":"'Nanny McPhee' se convertir\u00e1 en musical de la mano de Emma Thompson en el verano de 2027 - Venezuela | Noti-America.com","robots":{"index":"index","follow":"follow","max-snippet":"max-snippet:-1","max-image-preview":"max-image-preview:large","max-video-preview":"max-video-preview:-1"},"canonical":"https:\/\/noti-america.com\/site\/venezuela\/2026\/08\/28\/nanny-mcphee-se-convertira-en-musical-de-la-mano-de-emma-thompson-en-el-verano-de-2027\/","og_locale":"es_ES","og_type":"article","og_title":"'Nanny McPhee' se convertir\u00e1 en musical de la mano de Emma Thompson en el verano de 2027","og_description":"NOTI-AMERICA.COM | VENEZUELA La pel\u00edcula &#8216;Nanny McPhee&#8217;, protagonizada en 2005 por Emma Thompson y Colin Firth, se convertir\u00e1 en un musical que se estrenar\u00e1 en Londres en el verano de 2027. La informaci\u00f3n la&#46;&#46;&#46;","og_url":"https:\/\/noti-america.com\/site\/venezuela\/2026\/08\/28\/nanny-mcphee-se-convertira-en-musical-de-la-mano-de-emma-thompson-en-el-verano-de-2027\/","og_site_name":"Venezuela | Noti-America.com","article_author":"Mar\u00eda Valentina Noguera","article_published_time":"2026-08-28T15:23:08+00:00","og_image":[{"width":992,"height":558,"url":"https:\/\/noti-america.com\/site\/venezuela\/wp-content\/uploads\/sites\/2\/2026\/08\/AAAABSBKOJHnY9MnbjkhT0h2LuZhOZaG6j_4KaIQy2kWxeAMtcwnp2sMHYacloxMM4rWnR6gb-oOmLecw6mfXMXTDGlYPQQEukCVM8wG.jpg","type":"image\/jpeg"}],"author":"Maria Valentina Noguera Medina","twitter_card":"summary_large_image","twitter_misc":{"Escrito por":"Maria Valentina Noguera Medina","Tiempo estimado de lectura":"1 minuto"},"schema":{"@context":"https:\/\/schema.org","@graph":[{"@type":"Article","@id":"https:\/\/noti-america.com\/site\/venezuela\/2026\/08\/28\/nanny-mcphee-se-convertira-en-musical-de-la-mano-de-emma-thompson-en-el-verano-de-2027\/#article","isPartOf":{"@id":"https:\/\/noti-america.com\/site\/venezuela\/2026\/08\/28\/nanny-mcphee-se-convertira-en-musical-de-la-mano-de-emma-thompson-en-el-verano-de-2027\/"},"author":{"name":"Maria Valentina Noguera Medina","@id":"https:\/\/noti-america.com\/site\/venezuela\/#\/schema\/person\/b0777fb8ad9a321dc446ddbbceae778f"},"headline":"&#8216;Nanny McPhee&#8217; se convertir\u00e1 en musical de la mano de Emma Thompson en el verano de 2027","datePublished":"2026-08-28T15:23:08+00:00","mainEntityOfPage":{"@id":"https:\/\/noti-america.com\/site\/venezuela\/2026\/08\/28\/nanny-mcphee-se-convertira-en-musical-de-la-mano-de-emma-thompson-en-el-verano-de-2027\/"},"wordCount":149,"commentCount":0,"publisher":{"@id":"https:\/\/noti-america.com\/site\/venezuela\/#organization"},"image":{"@id":"https:\/\/noti-america.com\/site\/venezuela\/2026\/08\/28\/nanny-mcphee-se-convertira-en-musical-de-la-mano-de-emma-thompson-en-el-verano-de-2027\/#primaryimage"},"thumbnailUrl":"https:\/\/noti-america.com\/site\/venezuela\/wp-content\/uploads\/sites\/2\/2026\/08\/AAAABSBKOJHnY9MnbjkhT0h2LuZhOZaG6j_4KaIQy2kWxeAMtcwnp2sMHYacloxMM4rWnR6gb-oOmLecw6mfXMXTDGlYPQQEukCVM8wG.jpg","articleSection":["Actualidad"],"inLanguage":"es","potentialAction":[{"@type":"CommentAction","name":"Comment","target":["https:\/\/noti-america.com\/site\/venezuela\/2026\/08\/28\/nanny-mcphee-se-convertira-en-musical-de-la-mano-de-emma-thompson-en-el-verano-de-2027\/#respond"]}]},{"@type":"WebPage","@id":"https:\/\/noti-america.com\/site\/venezuela\/2026\/08\/28\/nanny-mcphee-se-convertira-en-musical-de-la-mano-de-emma-thompson-en-el-verano-de-2027\/","url":"https:\/\/noti-america.com\/site\/venezuela\/2026\/08\/28\/nanny-mcphee-se-convertira-en-musical-de-la-mano-de-emma-thompson-en-el-verano-de-2027\/","name":"'Nanny McPhee' se convertir\u00e1 en musical de la mano de Emma Thompson en el verano de 2027 - Venezuela | Noti-America.com","isPartOf":{"@id":"https:\/\/noti-america.com\/site\/venezuela\/#website"},"primaryImageOfPage":{"@id":"https:\/\/noti-america.com\/site\/venezuela\/2026\/08\/28\/nanny-mcphee-se-convertira-en-musical-de-la-mano-de-emma-thompson-en-el-verano-de-2027\/#primaryimage"},"image":{"@id":"https:\/\/noti-america.com\/site\/venezuela\/2026\/08\/28\/nanny-mcphee-se-convertira-en-musical-de-la-mano-de-emma-thompson-en-el-verano-de-2027\/#primaryimage"},"thumbnailUrl":"https:\/\/noti-america.com\/site\/venezuela\/wp-content\/uploads\/sites\/2\/2026\/08\/AAAABSBKOJHnY9MnbjkhT0h2LuZhOZaG6j_4KaIQy2kWxeAMtcwnp2sMHYacloxMM4rWnR6gb-oOmLecw6mfXMXTDGlYPQQEukCVM8wG.jpg","datePublished":"2026-08-28T15:23:08+00:00","breadcrumb":{"@id":"https:\/\/noti-america.com\/site\/venezuela\/2026\/08\/28\/nanny-mcphee-se-convertira-en-musical-de-la-mano-de-emma-thompson-en-el-verano-de-2027\/#breadcrumb"},"inLanguage":"es","potentialAction":[{"@type":"ReadAction","target":["https:\/\/noti-america.com\/site\/venezuela\/2026\/08\/28\/nanny-mcphee-se-convertira-en-musical-de-la-mano-de-emma-thompson-en-el-verano-de-2027\/"]}]},{"@type":"ImageObject","inLanguage":"es","@id":"https:\/\/noti-america.com\/site\/venezuela\/2026\/08\/28\/nanny-mcphee-se-convertira-en-musical-de-la-mano-de-emma-thompson-en-el-verano-de-2027\/#primaryimage","url":"https:\/\/noti-america.com\/site\/venezuela\/wp-content\/uploads\/sites\/2\/2026\/08\/AAAABSBKOJHnY9MnbjkhT0h2LuZhOZaG6j_4KaIQy2kWxeAMtcwnp2sMHYacloxMM4rWnR6gb-oOmLecw6mfXMXTDGlYPQQEukCVM8wG.jpg","contentUrl":"https:\/\/noti-america.com\/site\/venezuela\/wp-content\/uploads\/sites\/2\/2026\/08\/AAAABSBKOJHnY9MnbjkhT0h2LuZhOZaG6j_4KaIQy2kWxeAMtcwnp2sMHYacloxMM4rWnR6gb-oOmLecw6mfXMXTDGlYPQQEukCVM8wG.jpg","width":992,"height":558},{"@type":"BreadcrumbList","@id":"https:\/\/noti-america.com\/site\/venezuela\/2026\/08\/28\/nanny-mcphee-se-convertira-en-musical-de-la-mano-de-emma-thompson-en-el-verano-de-2027\/#breadcrumb","itemListElement":[{"@type":"ListItem","position":1,"name":"Portada","item":"https:\/\/noti-america.com\/site\/venezuela\/"},{"@type":"ListItem","position":2,"name":"&#8216;Nanny McPhee&#8217; se convertir\u00e1 en musical de la mano de Emma Thompson en el verano de 2027"}]},{"@type":"WebSite","@id":"https:\/\/noti-america.com\/site\/venezuela\/#website","url":"https:\/\/noti-america.com\/site\/venezuela\/","name":"Venezuela | Noti-America.com","description":"","publisher":{"@id":"https:\/\/noti-america.com\/site\/venezuela\/#organization"},"potentialAction":[{"@type":"SearchAction","target":{"@type":"EntryPoint","urlTemplate":"https:\/\/noti-america.com\/site\/venezuela\/?s={search_term_string}"},"query-input":{"@type":"PropertyValueSpecification","valueRequired":true,"valueName":"search_term_string"}}],"inLanguage":"es"},{"@type":"Organization","@id":"https:\/\/noti-america.com\/site\/venezuela\/#organization","name":"Noti-America LLC | Venezuela","url":"https:\/\/noti-america.com\/site\/venezuela\/","logo":{"@type":"ImageObject","inLanguage":"es","@id":"https:\/\/noti-america.com\/site\/venezuela\/#\/schema\/logo\/image\/","url":"https:\/\/noti-america.com\/site\/venezuela\/wp-content\/uploads\/sites\/2\/2020\/07\/LogoNA-4x3-1.jpg","contentUrl":"https:\/\/noti-america.com\/site\/venezuela\/wp-content\/uploads\/sites\/2\/2020\/07\/LogoNA-4x3-1.jpg","width":1236,"height":1080,"caption":"Noti-America LLC | Venezuela"},"image":{"@id":"https:\/\/noti-america.com\/site\/venezuela\/#\/schema\/logo\/image\/"}},{"@type":"Person","@id":"https:\/\/noti-america.com\/site\/venezuela\/#\/schema\/person\/b0777fb8ad9a321dc446ddbbceae778f","name":"Maria Valentina Noguera Medina","image":{"@type":"ImageObject","inLanguage":"es","@id":"https:\/\/secure.gravatar.com\/avatar\/4ec5eb9d099f2608a49c9df6f7341f66f04f819cdffa09d56a7a0e91d2819d56?s=96&d=mm&r=g","url":"https:\/\/secure.gravatar.com\/avatar\/4ec5eb9d099f2608a49c9df6f7341f66f04f819cdffa09d56a7a0e91d2819d56?s=96&d=mm&r=g","contentUrl":"https:\/\/secure.gravatar.com\/avatar\/4ec5eb9d099f2608a49c9df6f7341f66f04f819cdffa09d56a7a0e91d2819d56?s=96&d=mm&r=g","caption":"Maria Valentina Noguera Medina"},"description":"Periodista - noti-america - Promar Community Manager - Talento Plus Dise\u00f1adora\/ creadora de contenido...","sameAs":["Mar\u00eda Valentina Noguera","https:\/\/www.facebook.com\/mariavalentina.noguera","https:\/\/www.linkedin.com\/in\/mara-valentina-noguera-medina-373075165\/","https:\/\/www.pinterest.es\/valentinanoguera95\/","https:\/\/www.youtube.com\/channel\/UCdek6mbUZ-Tqqw0I63i4nmQ"],"url":"https:\/\/noti-america.com\/site\/venezuela\/author\/mnoguera\/"}]}},"_links":{"self":[{"href":"https:\/\/noti-america.com\/site\/venezuela\/wp-json\/wp\/v2\/posts\/56449","targetHints":{"allow":["GET"]}}],"collection":[{"href":"https:\/\/noti-america.com\/site\/venezuela\/wp-json\/wp\/v2\/posts"}],"about":[{"href":"https:\/\/noti-america.com\/site\/venezuela\/wp-json\/wp\/v2\/types\/post"}],"author":[{"embeddable":true,"href":"https:\/\/noti-america.com\/site\/venezuela\/wp-json\/wp\/v2\/users\/133"}],"replies":[{"embeddable":true,"href":"https:\/\/noti-america.com\/site\/venezuela\/wp-json\/wp\/v2\/comments?post=56449"}],"version-history":[{"count":1,"href":"https:\/\/noti-america.com\/site\/venezuela\/wp-json\/wp\/v2\/posts\/56449\/revisions"}],"predecessor-version":[{"id":56451,"href":"https:\/\/noti-america.com\/site\/venezuela\/wp-json\/wp\/v2\/posts\/56449\/revisions\/56451"}],"wp:featuredmedia":[{"embeddable":true,"href":"https:\/\/noti-america.com\/site\/venezuela\/wp-json\/wp\/v2\/media\/56450"}],"wp:attachment":[{"href":"https:\/\/noti-america.com\/site\/venezuela\/wp-json\/wp\/v2\/media?parent=56449"}],"wp:term":[{"taxonomy":"category","embeddable":true,"href":"https:\/\/noti-america.com\/site\/venezuela\/wp-json\/wp\/v2\/categories?post=56449"},{"taxonomy":"post_tag","embeddable":true,"href":"https:\/\/noti-america.com\/site\/venezuela\/wp-json\/wp\/v2\/tags?post=56449"}],"curies":[{"name":"wp","href":"https:\/\/api.w.org\/{rel}","templated":true}]}}