{"id":5623,"date":"2019-03-18T02:29:37","date_gmt":"2019-03-18T02:29:37","guid":{"rendered":"http:\/\/noti-america.com\/site\/venezuela\/2019\/03\/18\/conoce-a-la-mujer-de-baja-estatura-mas-bella-del-mundo\/"},"modified":"2019-03-18T02:29:37","modified_gmt":"2019-03-18T02:29:37","slug":"conoce-a-la-mujer-de-baja-estatura-mas-bella-del-mundo","status":"publish","type":"post","link":"https:\/\/noti-america.com\/site\/venezuela\/2019\/03\/18\/conoce-a-la-mujer-de-baja-estatura-mas-bella-del-mundo\/","title":{"rendered":"Conoce a la mujer de baja estatura m\u00e1s bella del mundo"},"content":{"rendered":"<p><img decoding=\"async\" class=\"aligncenter\" src=\"https:\/\/www.laneta.com\/s3-cached\/portal-laneta\/marilynoviedo\/conoce-a-la-mujer-de-baja-estatura-mas-bella-del-mundo-01-20190318148154815\" \/><\/p>\n<p style=\"text-align: justify\"><span style=\"vertical-align: inherit\"><span style=\"vertical-align: inherit\">S<\/span><\/span>eg\u00fan Noticias24.com:<\/p>\n<p>\u00abKarina Lemos, es una mujer oriunda de Brasil, con un cuerpo realmente despampanante, pese a su baja estatura. Lemos, es todo un \u00e9xito entre los espectadores de un programa televisivo carioca llamado \u201cP\u00e2nico na Band\u201d. R\u00e1pidamente estas personas comenzaron a notar la belleza particular de Karina que dista mucho de los rasgos que acostumbramos a ver en las personas con el padecimiento proporcionado por el enanismo.<\/p>\n<p>En poco tiempo la mujer se hizo de una fama considerable en su pa\u00eds y empez\u00f3 a recibir invitaciones para tener citas de hombres que se dejaron guiar por la fantas\u00eda de estar con una mujer enana. Karina es una mujer casada, es madre de un peque\u00f1o de 7 a\u00f1os. A continuaci\u00f3n admire su belleza en las siguientes im\u00e1genes\u00bb.<\/p>\n","protected":false},"excerpt":{"rendered":"<p>Seg\u00fan Noticias24.com: \u00abKarina Lemos, es una mujer oriunda de Brasil, con un cuerpo realmente despampanante, pese a su baja estatura. Lemos, es todo un \u00e9xito entre los espectadores de un programa televisivo carioca llamado&#46;&#46;&#46;<\/p>\n","protected":false},"author":45,"featured_media":5624,"comment_status":"open","ping_status":"open","sticky":false,"template":"","format":"standard","meta":{"_acf_changed":false,"om_disable_all_campaigns":false,"rop_custom_images_group":[],"rop_custom_messages_group":[],"rop_publish_now":"initial","rop_publish_now_accounts":{"twitter_242054905_242054905":""},"rop_publish_now_history":[],"rop_publish_now_status":"pending","_uf_show_specific_survey":0,"_uf_disable_surveys":false,"footnotes":""},"categories":[158],"tags":[],"class_list":["post-5623","post","type-post","status-publish","format-standard","has-post-thumbnail","hentry","category-curiosidades"],"acf":[],"aioseo_notices":[],"yoast_head":"<!-- This site is optimized with the Yoast SEO Premium plugin v24.9 (Yoast SEO v27.2) - https:\/\/yoast.com\/product\/yoast-seo-premium-wordpress\/ -->\n<title>Conoce a la mujer de baja estatura m\u00e1s bella del mundo - Venezuela | Noti-America.com<\/title>\n<meta name=\"robots\" content=\"index, follow, max-snippet:-1, max-image-preview:large, max-video-preview:-1\" \/>\n<link rel=\"canonical\" href=\"https:\/\/noti-america.com\/site\/venezuela\/2019\/03\/18\/conoce-a-la-mujer-de-baja-estatura-mas-bella-del-mundo\/\" \/>\n<meta property=\"og:locale\" content=\"es_ES\" \/>\n<meta property=\"og:type\" content=\"article\" \/>\n<meta property=\"og:title\" content=\"Conoce a la mujer de baja estatura m\u00e1s bella del mundo\" \/>\n<meta property=\"og:description\" content=\"Seg\u00fan Noticias24.com: \u00abKarina Lemos, es una mujer oriunda de Brasil, con un cuerpo realmente despampanante, pese a su baja estatura. Lemos, es todo un \u00e9xito entre los espectadores de un programa televisivo carioca llamado&#046;&#046;&#046;\" \/>\n<meta property=\"og:url\" content=\"https:\/\/noti-america.com\/site\/venezuela\/2019\/03\/18\/conoce-a-la-mujer-de-baja-estatura-mas-bella-del-mundo\/\" \/>\n<meta property=\"og:site_name\" content=\"Venezuela | Noti-America.com\" \/>\n<meta property=\"article:published_time\" content=\"2019-03-18T02:29:37+00:00\" \/>\n<meta property=\"og:image\" content=\"https:\/\/noti-america.com\/site\/venezuela\/wp-content\/uploads\/sites\/2\/2019\/03\/conoce-a-la-mujer-de-baja-estatura-mas-bella-del-mundo-01-20190318148154815-1.jpg\" \/>\n\t<meta property=\"og:image:width\" content=\"900\" \/>\n\t<meta property=\"og:image:height\" content=\"564\" \/>\n\t<meta property=\"og:image:type\" content=\"image\/jpeg\" \/>\n<meta name=\"author\" content=\"Marilyn Oviedo\" \/>\n<meta name=\"twitter:card\" content=\"summary_large_image\" \/>\n<meta name=\"twitter:label1\" content=\"Escrito por\" \/>\n\t<meta name=\"twitter:data1\" content=\"Marilyn Oviedo\" \/>\n\t<meta name=\"twitter:label2\" content=\"Tiempo estimado de lectura\" \/>\n\t<meta name=\"twitter:data2\" content=\"1 minuto\" \/>\n<script type=\"application\/ld+json\" class=\"yoast-schema-graph\">{\"@context\":\"https:\/\/schema.org\",\"@graph\":[{\"@type\":\"Article\",\"@id\":\"https:\/\/noti-america.com\/site\/venezuela\/2019\/03\/18\/conoce-a-la-mujer-de-baja-estatura-mas-bella-del-mundo\/#article\",\"isPartOf\":{\"@id\":\"https:\/\/noti-america.com\/site\/venezuela\/2019\/03\/18\/conoce-a-la-mujer-de-baja-estatura-mas-bella-del-mundo\/\"},\"author\":{\"name\":\"Marilyn Oviedo\",\"@id\":\"https:\/\/noti-america.com\/site\/venezuela\/#\/schema\/person\/17a6ee8c9af7fe2da084805f2d45e6ef\"},\"headline\":\"Conoce a la mujer de baja estatura m\u00e1s bella del mundo\",\"datePublished\":\"2019-03-18T02:29:37+00:00\",\"mainEntityOfPage\":{\"@id\":\"https:\/\/noti-america.com\/site\/venezuela\/2019\/03\/18\/conoce-a-la-mujer-de-baja-estatura-mas-bella-del-mundo\/\"},\"wordCount\":149,\"commentCount\":0,\"publisher\":{\"@id\":\"https:\/\/noti-america.com\/site\/venezuela\/#organization\"},\"image\":{\"@id\":\"https:\/\/noti-america.com\/site\/venezuela\/2019\/03\/18\/conoce-a-la-mujer-de-baja-estatura-mas-bella-del-mundo\/#primaryimage\"},\"thumbnailUrl\":\"https:\/\/noti-america.com\/site\/venezuela\/wp-content\/uploads\/sites\/2\/2019\/03\/conoce-a-la-mujer-de-baja-estatura-mas-bella-del-mundo-01-20190318148154815-1.jpg\",\"articleSection\":[\"Curiosidades\"],\"inLanguage\":\"es\",\"potentialAction\":[{\"@type\":\"CommentAction\",\"name\":\"Comment\",\"target\":[\"https:\/\/noti-america.com\/site\/venezuela\/2019\/03\/18\/conoce-a-la-mujer-de-baja-estatura-mas-bella-del-mundo\/#respond\"]}]},{\"@type\":\"WebPage\",\"@id\":\"https:\/\/noti-america.com\/site\/venezuela\/2019\/03\/18\/conoce-a-la-mujer-de-baja-estatura-mas-bella-del-mundo\/\",\"url\":\"https:\/\/noti-america.com\/site\/venezuela\/2019\/03\/18\/conoce-a-la-mujer-de-baja-estatura-mas-bella-del-mundo\/\",\"name\":\"Conoce a la mujer de baja estatura m\u00e1s bella del mundo - Venezuela | Noti-America.com\",\"isPartOf\":{\"@id\":\"https:\/\/noti-america.com\/site\/venezuela\/#website\"},\"primaryImageOfPage\":{\"@id\":\"https:\/\/noti-america.com\/site\/venezuela\/2019\/03\/18\/conoce-a-la-mujer-de-baja-estatura-mas-bella-del-mundo\/#primaryimage\"},\"image\":{\"@id\":\"https:\/\/noti-america.com\/site\/venezuela\/2019\/03\/18\/conoce-a-la-mujer-de-baja-estatura-mas-bella-del-mundo\/#primaryimage\"},\"thumbnailUrl\":\"https:\/\/noti-america.com\/site\/venezuela\/wp-content\/uploads\/sites\/2\/2019\/03\/conoce-a-la-mujer-de-baja-estatura-mas-bella-del-mundo-01-20190318148154815-1.jpg\",\"datePublished\":\"2019-03-18T02:29:37+00:00\",\"breadcrumb\":{\"@id\":\"https:\/\/noti-america.com\/site\/venezuela\/2019\/03\/18\/conoce-a-la-mujer-de-baja-estatura-mas-bella-del-mundo\/#breadcrumb\"},\"inLanguage\":\"es\",\"potentialAction\":[{\"@type\":\"ReadAction\",\"target\":[\"https:\/\/noti-america.com\/site\/venezuela\/2019\/03\/18\/conoce-a-la-mujer-de-baja-estatura-mas-bella-del-mundo\/\"]}]},{\"@type\":\"ImageObject\",\"inLanguage\":\"es\",\"@id\":\"https:\/\/noti-america.com\/site\/venezuela\/2019\/03\/18\/conoce-a-la-mujer-de-baja-estatura-mas-bella-del-mundo\/#primaryimage\",\"url\":\"https:\/\/noti-america.com\/site\/venezuela\/wp-content\/uploads\/sites\/2\/2019\/03\/conoce-a-la-mujer-de-baja-estatura-mas-bella-del-mundo-01-20190318148154815-1.jpg\",\"contentUrl\":\"https:\/\/noti-america.com\/site\/venezuela\/wp-content\/uploads\/sites\/2\/2019\/03\/conoce-a-la-mujer-de-baja-estatura-mas-bella-del-mundo-01-20190318148154815-1.jpg\",\"width\":900,\"height\":564},{\"@type\":\"BreadcrumbList\",\"@id\":\"https:\/\/noti-america.com\/site\/venezuela\/2019\/03\/18\/conoce-a-la-mujer-de-baja-estatura-mas-bella-del-mundo\/#breadcrumb\",\"itemListElement\":[{\"@type\":\"ListItem\",\"position\":1,\"name\":\"Portada\",\"item\":\"https:\/\/noti-america.com\/site\/venezuela\/\"},{\"@type\":\"ListItem\",\"position\":2,\"name\":\"Conoce a la mujer de baja estatura m\u00e1s bella del mundo\"}]},{\"@type\":\"WebSite\",\"@id\":\"https:\/\/noti-america.com\/site\/venezuela\/#website\",\"url\":\"https:\/\/noti-america.com\/site\/venezuela\/\",\"name\":\"Venezuela | Noti-America.com\",\"description\":\"\",\"publisher\":{\"@id\":\"https:\/\/noti-america.com\/site\/venezuela\/#organization\"},\"potentialAction\":[{\"@type\":\"SearchAction\",\"target\":{\"@type\":\"EntryPoint\",\"urlTemplate\":\"https:\/\/noti-america.com\/site\/venezuela\/?s={search_term_string}\"},\"query-input\":{\"@type\":\"PropertyValueSpecification\",\"valueRequired\":true,\"valueName\":\"search_term_string\"}}],\"inLanguage\":\"es\"},{\"@type\":\"Organization\",\"@id\":\"https:\/\/noti-america.com\/site\/venezuela\/#organization\",\"name\":\"Noti-America LLC | Venezuela\",\"url\":\"https:\/\/noti-america.com\/site\/venezuela\/\",\"logo\":{\"@type\":\"ImageObject\",\"inLanguage\":\"es\",\"@id\":\"https:\/\/noti-america.com\/site\/venezuela\/#\/schema\/logo\/image\/\",\"url\":\"https:\/\/noti-america.com\/site\/venezuela\/wp-content\/uploads\/sites\/2\/2020\/07\/LogoNA-4x3-1.jpg\",\"contentUrl\":\"https:\/\/noti-america.com\/site\/venezuela\/wp-content\/uploads\/sites\/2\/2020\/07\/LogoNA-4x3-1.jpg\",\"width\":1236,\"height\":1080,\"caption\":\"Noti-America LLC | Venezuela\"},\"image\":{\"@id\":\"https:\/\/noti-america.com\/site\/venezuela\/#\/schema\/logo\/image\/\"}},{\"@type\":\"Person\",\"@id\":\"https:\/\/noti-america.com\/site\/venezuela\/#\/schema\/person\/17a6ee8c9af7fe2da084805f2d45e6ef\",\"name\":\"Marilyn Oviedo\",\"image\":{\"@type\":\"ImageObject\",\"inLanguage\":\"es\",\"@id\":\"https:\/\/secure.gravatar.com\/avatar\/6ab070ce76f64b066017eef1247ecdeb7c01b8e99448b515919552ac2123cc84?s=96&d=mm&r=g\",\"url\":\"https:\/\/secure.gravatar.com\/avatar\/6ab070ce76f64b066017eef1247ecdeb7c01b8e99448b515919552ac2123cc84?s=96&d=mm&r=g\",\"contentUrl\":\"https:\/\/secure.gravatar.com\/avatar\/6ab070ce76f64b066017eef1247ecdeb7c01b8e99448b515919552ac2123cc84?s=96&d=mm&r=g\",\"caption\":\"Marilyn Oviedo\"},\"description\":\"Venezolana, Licenciada en Letras | Productora | Redactora de Contenidos | Community Manager.\",\"url\":\"https:\/\/noti-america.com\/site\/venezuela\/author\/moviedo\/\"}]}<\/script>\n<!-- \/ Yoast SEO Premium plugin. -->","yoast_head_json":{"title":"Conoce a la mujer de baja estatura m\u00e1s bella del mundo - Venezuela | Noti-America.com","robots":{"index":"index","follow":"follow","max-snippet":"max-snippet:-1","max-image-preview":"max-image-preview:large","max-video-preview":"max-video-preview:-1"},"canonical":"https:\/\/noti-america.com\/site\/venezuela\/2019\/03\/18\/conoce-a-la-mujer-de-baja-estatura-mas-bella-del-mundo\/","og_locale":"es_ES","og_type":"article","og_title":"Conoce a la mujer de baja estatura m\u00e1s bella del mundo","og_description":"Seg\u00fan Noticias24.com: \u00abKarina Lemos, es una mujer oriunda de Brasil, con un cuerpo realmente despampanante, pese a su baja estatura. Lemos, es todo un \u00e9xito entre los espectadores de un programa televisivo carioca llamado&#46;&#46;&#46;","og_url":"https:\/\/noti-america.com\/site\/venezuela\/2019\/03\/18\/conoce-a-la-mujer-de-baja-estatura-mas-bella-del-mundo\/","og_site_name":"Venezuela | Noti-America.com","article_published_time":"2019-03-18T02:29:37+00:00","og_image":[{"width":900,"height":564,"url":"https:\/\/noti-america.com\/site\/venezuela\/wp-content\/uploads\/sites\/2\/2019\/03\/conoce-a-la-mujer-de-baja-estatura-mas-bella-del-mundo-01-20190318148154815-1.jpg","type":"image\/jpeg"}],"author":"Marilyn Oviedo","twitter_card":"summary_large_image","twitter_misc":{"Escrito por":"Marilyn Oviedo","Tiempo estimado de lectura":"1 minuto"},"schema":{"@context":"https:\/\/schema.org","@graph":[{"@type":"Article","@id":"https:\/\/noti-america.com\/site\/venezuela\/2019\/03\/18\/conoce-a-la-mujer-de-baja-estatura-mas-bella-del-mundo\/#article","isPartOf":{"@id":"https:\/\/noti-america.com\/site\/venezuela\/2019\/03\/18\/conoce-a-la-mujer-de-baja-estatura-mas-bella-del-mundo\/"},"author":{"name":"Marilyn Oviedo","@id":"https:\/\/noti-america.com\/site\/venezuela\/#\/schema\/person\/17a6ee8c9af7fe2da084805f2d45e6ef"},"headline":"Conoce a la mujer de baja estatura m\u00e1s bella del mundo","datePublished":"2019-03-18T02:29:37+00:00","mainEntityOfPage":{"@id":"https:\/\/noti-america.com\/site\/venezuela\/2019\/03\/18\/conoce-a-la-mujer-de-baja-estatura-mas-bella-del-mundo\/"},"wordCount":149,"commentCount":0,"publisher":{"@id":"https:\/\/noti-america.com\/site\/venezuela\/#organization"},"image":{"@id":"https:\/\/noti-america.com\/site\/venezuela\/2019\/03\/18\/conoce-a-la-mujer-de-baja-estatura-mas-bella-del-mundo\/#primaryimage"},"thumbnailUrl":"https:\/\/noti-america.com\/site\/venezuela\/wp-content\/uploads\/sites\/2\/2019\/03\/conoce-a-la-mujer-de-baja-estatura-mas-bella-del-mundo-01-20190318148154815-1.jpg","articleSection":["Curiosidades"],"inLanguage":"es","potentialAction":[{"@type":"CommentAction","name":"Comment","target":["https:\/\/noti-america.com\/site\/venezuela\/2019\/03\/18\/conoce-a-la-mujer-de-baja-estatura-mas-bella-del-mundo\/#respond"]}]},{"@type":"WebPage","@id":"https:\/\/noti-america.com\/site\/venezuela\/2019\/03\/18\/conoce-a-la-mujer-de-baja-estatura-mas-bella-del-mundo\/","url":"https:\/\/noti-america.com\/site\/venezuela\/2019\/03\/18\/conoce-a-la-mujer-de-baja-estatura-mas-bella-del-mundo\/","name":"Conoce a la mujer de baja estatura m\u00e1s bella del mundo - Venezuela | Noti-America.com","isPartOf":{"@id":"https:\/\/noti-america.com\/site\/venezuela\/#website"},"primaryImageOfPage":{"@id":"https:\/\/noti-america.com\/site\/venezuela\/2019\/03\/18\/conoce-a-la-mujer-de-baja-estatura-mas-bella-del-mundo\/#primaryimage"},"image":{"@id":"https:\/\/noti-america.com\/site\/venezuela\/2019\/03\/18\/conoce-a-la-mujer-de-baja-estatura-mas-bella-del-mundo\/#primaryimage"},"thumbnailUrl":"https:\/\/noti-america.com\/site\/venezuela\/wp-content\/uploads\/sites\/2\/2019\/03\/conoce-a-la-mujer-de-baja-estatura-mas-bella-del-mundo-01-20190318148154815-1.jpg","datePublished":"2019-03-18T02:29:37+00:00","breadcrumb":{"@id":"https:\/\/noti-america.com\/site\/venezuela\/2019\/03\/18\/conoce-a-la-mujer-de-baja-estatura-mas-bella-del-mundo\/#breadcrumb"},"inLanguage":"es","potentialAction":[{"@type":"ReadAction","target":["https:\/\/noti-america.com\/site\/venezuela\/2019\/03\/18\/conoce-a-la-mujer-de-baja-estatura-mas-bella-del-mundo\/"]}]},{"@type":"ImageObject","inLanguage":"es","@id":"https:\/\/noti-america.com\/site\/venezuela\/2019\/03\/18\/conoce-a-la-mujer-de-baja-estatura-mas-bella-del-mundo\/#primaryimage","url":"https:\/\/noti-america.com\/site\/venezuela\/wp-content\/uploads\/sites\/2\/2019\/03\/conoce-a-la-mujer-de-baja-estatura-mas-bella-del-mundo-01-20190318148154815-1.jpg","contentUrl":"https:\/\/noti-america.com\/site\/venezuela\/wp-content\/uploads\/sites\/2\/2019\/03\/conoce-a-la-mujer-de-baja-estatura-mas-bella-del-mundo-01-20190318148154815-1.jpg","width":900,"height":564},{"@type":"BreadcrumbList","@id":"https:\/\/noti-america.com\/site\/venezuela\/2019\/03\/18\/conoce-a-la-mujer-de-baja-estatura-mas-bella-del-mundo\/#breadcrumb","itemListElement":[{"@type":"ListItem","position":1,"name":"Portada","item":"https:\/\/noti-america.com\/site\/venezuela\/"},{"@type":"ListItem","position":2,"name":"Conoce a la mujer de baja estatura m\u00e1s bella del mundo"}]},{"@type":"WebSite","@id":"https:\/\/noti-america.com\/site\/venezuela\/#website","url":"https:\/\/noti-america.com\/site\/venezuela\/","name":"Venezuela | Noti-America.com","description":"","publisher":{"@id":"https:\/\/noti-america.com\/site\/venezuela\/#organization"},"potentialAction":[{"@type":"SearchAction","target":{"@type":"EntryPoint","urlTemplate":"https:\/\/noti-america.com\/site\/venezuela\/?s={search_term_string}"},"query-input":{"@type":"PropertyValueSpecification","valueRequired":true,"valueName":"search_term_string"}}],"inLanguage":"es"},{"@type":"Organization","@id":"https:\/\/noti-america.com\/site\/venezuela\/#organization","name":"Noti-America LLC | Venezuela","url":"https:\/\/noti-america.com\/site\/venezuela\/","logo":{"@type":"ImageObject","inLanguage":"es","@id":"https:\/\/noti-america.com\/site\/venezuela\/#\/schema\/logo\/image\/","url":"https:\/\/noti-america.com\/site\/venezuela\/wp-content\/uploads\/sites\/2\/2020\/07\/LogoNA-4x3-1.jpg","contentUrl":"https:\/\/noti-america.com\/site\/venezuela\/wp-content\/uploads\/sites\/2\/2020\/07\/LogoNA-4x3-1.jpg","width":1236,"height":1080,"caption":"Noti-America LLC | Venezuela"},"image":{"@id":"https:\/\/noti-america.com\/site\/venezuela\/#\/schema\/logo\/image\/"}},{"@type":"Person","@id":"https:\/\/noti-america.com\/site\/venezuela\/#\/schema\/person\/17a6ee8c9af7fe2da084805f2d45e6ef","name":"Marilyn Oviedo","image":{"@type":"ImageObject","inLanguage":"es","@id":"https:\/\/secure.gravatar.com\/avatar\/6ab070ce76f64b066017eef1247ecdeb7c01b8e99448b515919552ac2123cc84?s=96&d=mm&r=g","url":"https:\/\/secure.gravatar.com\/avatar\/6ab070ce76f64b066017eef1247ecdeb7c01b8e99448b515919552ac2123cc84?s=96&d=mm&r=g","contentUrl":"https:\/\/secure.gravatar.com\/avatar\/6ab070ce76f64b066017eef1247ecdeb7c01b8e99448b515919552ac2123cc84?s=96&d=mm&r=g","caption":"Marilyn Oviedo"},"description":"Venezolana, Licenciada en Letras | Productora | Redactora de Contenidos | Community Manager.","url":"https:\/\/noti-america.com\/site\/venezuela\/author\/moviedo\/"}]}},"_links":{"self":[{"href":"https:\/\/noti-america.com\/site\/venezuela\/wp-json\/wp\/v2\/posts\/5623","targetHints":{"allow":["GET"]}}],"collection":[{"href":"https:\/\/noti-america.com\/site\/venezuela\/wp-json\/wp\/v2\/posts"}],"about":[{"href":"https:\/\/noti-america.com\/site\/venezuela\/wp-json\/wp\/v2\/types\/post"}],"author":[{"embeddable":true,"href":"https:\/\/noti-america.com\/site\/venezuela\/wp-json\/wp\/v2\/users\/45"}],"replies":[{"embeddable":true,"href":"https:\/\/noti-america.com\/site\/venezuela\/wp-json\/wp\/v2\/comments?post=5623"}],"version-history":[{"count":0,"href":"https:\/\/noti-america.com\/site\/venezuela\/wp-json\/wp\/v2\/posts\/5623\/revisions"}],"wp:featuredmedia":[{"embeddable":true,"href":"https:\/\/noti-america.com\/site\/venezuela\/wp-json\/wp\/v2\/media\/5624"}],"wp:attachment":[{"href":"https:\/\/noti-america.com\/site\/venezuela\/wp-json\/wp\/v2\/media?parent=5623"}],"wp:term":[{"taxonomy":"category","embeddable":true,"href":"https:\/\/noti-america.com\/site\/venezuela\/wp-json\/wp\/v2\/categories?post=5623"},{"taxonomy":"post_tag","embeddable":true,"href":"https:\/\/noti-america.com\/site\/venezuela\/wp-json\/wp\/v2\/tags?post=5623"}],"curies":[{"name":"wp","href":"https:\/\/api.w.org\/{rel}","templated":true}]}}