{"id":5595,"date":"2019-03-17T04:20:15","date_gmt":"2019-03-17T04:20:15","guid":{"rendered":"http:\/\/noti-america.com\/site\/venezuela\/?p=5595"},"modified":"2019-03-17T04:20:15","modified_gmt":"2019-03-17T04:20:15","slug":"increible-por-su-forma-de-vestir-la-iban-a-sacar-del-avion","status":"publish","type":"post","link":"https:\/\/noti-america.com\/site\/venezuela\/2019\/03\/17\/increible-por-su-forma-de-vestir-la-iban-a-sacar-del-avion\/","title":{"rendered":"\u00a1Incre\u00edble! por su forma de vestir la iban a sacar del avi\u00f3n"},"content":{"rendered":"<p><img decoding=\"async\" class=\"aligncenter\" src=\"https:\/\/www.laneta.com\/s3-cached\/portal-laneta\/juansol\/increible-por-su-forma-de-vestir-la-iban-a-sacar-del-avion-01-20190316727152715\" \/><\/p>\n<p style=\"text-align: justify\">La aerol\u00ednea Brit\u00e1nica Thomas Cook, intent\u00f3 expulsar una pasajera por la forma ligera en la que iba vestida. la experiencia la vivi\u00f3 la joven Emily O&#8217;connor de 21 a\u00f1os,el atuendo que llevaba la chica era de un pantal\u00f3n de talle alto y un top descubierto,esto al parecer disgust\u00f3 al Capit\u00e1n y tripulaci\u00f3n que le informaron que as\u00ed no pod\u00eda viajar porque era ofensivo para el resto del pasaje y que se cubriera,caso contrario la bajar\u00edan del avi\u00f3n.<\/p>\n<p>En efecto le facilitaron una chaqueta para que se cubriera y no la acept\u00f3, esto provoc\u00f3 la reacci\u00f3n de 4 tripulantes que la tomaron con su equipaje para que desalojara el avi\u00f3n,a lo que la joven mujer pregunt\u00f3 a los pasajeros si ella les resultaba ofensiva,y una voz respondi\u00f3,\u00a0<strong>mujer ponte la maldita chaqueta de una vez y vamonos.<\/strong><\/p>\n<p>El incidente ocurri\u00f3 el pasado\u00a0 2 de marzo en un vuelo que estaba en espera de despegar de Birmingham, Reino Unido, hacia Tenerife, Espa\u00f1a. No fue hasta que Emily O\u2019Connor se coloc\u00f3 una chaqueta que el vuelo inici\u00f3.<\/p>\n<p>Rese\u00f1a regeneracion.mx<\/p>\n","protected":false},"excerpt":{"rendered":"<p>La aerol\u00ednea Brit\u00e1nica Thomas Cook, intent\u00f3 expulsar una pasajera por la forma ligera en la que iba vestida. la experiencia la vivi\u00f3 la joven Emily O&#8217;connor de 21 a\u00f1os,el atuendo que llevaba la chica&#46;&#46;&#46;<\/p>\n","protected":false},"author":45,"featured_media":5596,"comment_status":"open","ping_status":"open","sticky":false,"template":"","format":"standard","meta":{"_acf_changed":false,"om_disable_all_campaigns":false,"rop_custom_images_group":[],"rop_custom_messages_group":[],"rop_publish_now":"initial","rop_publish_now_accounts":{"twitter_242054905_242054905":""},"rop_publish_now_history":[],"rop_publish_now_status":"pending","_uf_show_specific_survey":0,"_uf_disable_surveys":false,"footnotes":""},"categories":[158,4],"tags":[],"class_list":["post-5595","post","type-post","status-publish","format-standard","has-post-thumbnail","hentry","category-curiosidades","category-internacionales"],"acf":[],"aioseo_notices":[],"yoast_head":"<!-- This site is optimized with the Yoast SEO Premium plugin v24.9 (Yoast SEO v27.2) - https:\/\/yoast.com\/product\/yoast-seo-premium-wordpress\/ -->\n<title>\u00a1Incre\u00edble! por su forma de vestir la iban a sacar del avi\u00f3n - Venezuela | Noti-America.com<\/title>\n<meta name=\"robots\" content=\"index, follow, max-snippet:-1, max-image-preview:large, max-video-preview:-1\" \/>\n<link rel=\"canonical\" href=\"https:\/\/noti-america.com\/site\/venezuela\/2019\/03\/17\/increible-por-su-forma-de-vestir-la-iban-a-sacar-del-avion\/\" \/>\n<meta property=\"og:locale\" content=\"es_ES\" \/>\n<meta property=\"og:type\" content=\"article\" \/>\n<meta property=\"og:title\" content=\"\u00a1Incre\u00edble! por su forma de vestir la iban a sacar del avi\u00f3n\" \/>\n<meta property=\"og:description\" content=\"La aerol\u00ednea Brit\u00e1nica Thomas Cook, intent\u00f3 expulsar una pasajera por la forma ligera en la que iba vestida. la experiencia la vivi\u00f3 la joven Emily O&#8217;connor de 21 a\u00f1os,el atuendo que llevaba la chica&#046;&#046;&#046;\" \/>\n<meta property=\"og:url\" content=\"https:\/\/noti-america.com\/site\/venezuela\/2019\/03\/17\/increible-por-su-forma-de-vestir-la-iban-a-sacar-del-avion\/\" \/>\n<meta property=\"og:site_name\" content=\"Venezuela | Noti-America.com\" \/>\n<meta property=\"article:published_time\" content=\"2019-03-17T04:20:15+00:00\" \/>\n<meta property=\"og:image\" content=\"https:\/\/noti-america.com\/site\/venezuela\/wp-content\/uploads\/sites\/2\/2019\/03\/increible-por-su-forma-de-vestir-la-iban-a-sacar-del-avion-01-20190316727152715.png\" \/>\n\t<meta property=\"og:image:width\" content=\"607\" \/>\n\t<meta property=\"og:image:height\" content=\"600\" \/>\n\t<meta property=\"og:image:type\" content=\"image\/png\" \/>\n<meta name=\"author\" content=\"Marilyn Oviedo\" \/>\n<meta name=\"twitter:card\" content=\"summary_large_image\" \/>\n<meta name=\"twitter:label1\" content=\"Escrito por\" \/>\n\t<meta name=\"twitter:data1\" content=\"Marilyn Oviedo\" \/>\n\t<meta name=\"twitter:label2\" content=\"Tiempo estimado de lectura\" \/>\n\t<meta name=\"twitter:data2\" content=\"1 minuto\" \/>\n<script type=\"application\/ld+json\" class=\"yoast-schema-graph\">{\"@context\":\"https:\/\/schema.org\",\"@graph\":[{\"@type\":\"Article\",\"@id\":\"https:\/\/noti-america.com\/site\/venezuela\/2019\/03\/17\/increible-por-su-forma-de-vestir-la-iban-a-sacar-del-avion\/#article\",\"isPartOf\":{\"@id\":\"https:\/\/noti-america.com\/site\/venezuela\/2019\/03\/17\/increible-por-su-forma-de-vestir-la-iban-a-sacar-del-avion\/\"},\"author\":{\"name\":\"Marilyn Oviedo\",\"@id\":\"https:\/\/noti-america.com\/site\/venezuela\/#\/schema\/person\/17a6ee8c9af7fe2da084805f2d45e6ef\"},\"headline\":\"\u00a1Incre\u00edble! por su forma de vestir la iban a sacar del avi\u00f3n\",\"datePublished\":\"2019-03-17T04:20:15+00:00\",\"mainEntityOfPage\":{\"@id\":\"https:\/\/noti-america.com\/site\/venezuela\/2019\/03\/17\/increible-por-su-forma-de-vestir-la-iban-a-sacar-del-avion\/\"},\"wordCount\":208,\"commentCount\":0,\"publisher\":{\"@id\":\"https:\/\/noti-america.com\/site\/venezuela\/#organization\"},\"image\":{\"@id\":\"https:\/\/noti-america.com\/site\/venezuela\/2019\/03\/17\/increible-por-su-forma-de-vestir-la-iban-a-sacar-del-avion\/#primaryimage\"},\"thumbnailUrl\":\"https:\/\/noti-america.com\/site\/venezuela\/wp-content\/uploads\/sites\/2\/2019\/03\/increible-por-su-forma-de-vestir-la-iban-a-sacar-del-avion-01-20190316727152715.png\",\"articleSection\":[\"Curiosidades\",\"Internacionales\"],\"inLanguage\":\"es\",\"potentialAction\":[{\"@type\":\"CommentAction\",\"name\":\"Comment\",\"target\":[\"https:\/\/noti-america.com\/site\/venezuela\/2019\/03\/17\/increible-por-su-forma-de-vestir-la-iban-a-sacar-del-avion\/#respond\"]}]},{\"@type\":\"WebPage\",\"@id\":\"https:\/\/noti-america.com\/site\/venezuela\/2019\/03\/17\/increible-por-su-forma-de-vestir-la-iban-a-sacar-del-avion\/\",\"url\":\"https:\/\/noti-america.com\/site\/venezuela\/2019\/03\/17\/increible-por-su-forma-de-vestir-la-iban-a-sacar-del-avion\/\",\"name\":\"\u00a1Incre\u00edble! por su forma de vestir la iban a sacar del avi\u00f3n - Venezuela | Noti-America.com\",\"isPartOf\":{\"@id\":\"https:\/\/noti-america.com\/site\/venezuela\/#website\"},\"primaryImageOfPage\":{\"@id\":\"https:\/\/noti-america.com\/site\/venezuela\/2019\/03\/17\/increible-por-su-forma-de-vestir-la-iban-a-sacar-del-avion\/#primaryimage\"},\"image\":{\"@id\":\"https:\/\/noti-america.com\/site\/venezuela\/2019\/03\/17\/increible-por-su-forma-de-vestir-la-iban-a-sacar-del-avion\/#primaryimage\"},\"thumbnailUrl\":\"https:\/\/noti-america.com\/site\/venezuela\/wp-content\/uploads\/sites\/2\/2019\/03\/increible-por-su-forma-de-vestir-la-iban-a-sacar-del-avion-01-20190316727152715.png\",\"datePublished\":\"2019-03-17T04:20:15+00:00\",\"breadcrumb\":{\"@id\":\"https:\/\/noti-america.com\/site\/venezuela\/2019\/03\/17\/increible-por-su-forma-de-vestir-la-iban-a-sacar-del-avion\/#breadcrumb\"},\"inLanguage\":\"es\",\"potentialAction\":[{\"@type\":\"ReadAction\",\"target\":[\"https:\/\/noti-america.com\/site\/venezuela\/2019\/03\/17\/increible-por-su-forma-de-vestir-la-iban-a-sacar-del-avion\/\"]}]},{\"@type\":\"ImageObject\",\"inLanguage\":\"es\",\"@id\":\"https:\/\/noti-america.com\/site\/venezuela\/2019\/03\/17\/increible-por-su-forma-de-vestir-la-iban-a-sacar-del-avion\/#primaryimage\",\"url\":\"https:\/\/noti-america.com\/site\/venezuela\/wp-content\/uploads\/sites\/2\/2019\/03\/increible-por-su-forma-de-vestir-la-iban-a-sacar-del-avion-01-20190316727152715.png\",\"contentUrl\":\"https:\/\/noti-america.com\/site\/venezuela\/wp-content\/uploads\/sites\/2\/2019\/03\/increible-por-su-forma-de-vestir-la-iban-a-sacar-del-avion-01-20190316727152715.png\",\"width\":607,\"height\":600},{\"@type\":\"BreadcrumbList\",\"@id\":\"https:\/\/noti-america.com\/site\/venezuela\/2019\/03\/17\/increible-por-su-forma-de-vestir-la-iban-a-sacar-del-avion\/#breadcrumb\",\"itemListElement\":[{\"@type\":\"ListItem\",\"position\":1,\"name\":\"Portada\",\"item\":\"https:\/\/noti-america.com\/site\/venezuela\/\"},{\"@type\":\"ListItem\",\"position\":2,\"name\":\"\u00a1Incre\u00edble! por su forma de vestir la iban a sacar del avi\u00f3n\"}]},{\"@type\":\"WebSite\",\"@id\":\"https:\/\/noti-america.com\/site\/venezuela\/#website\",\"url\":\"https:\/\/noti-america.com\/site\/venezuela\/\",\"name\":\"Venezuela | Noti-America.com\",\"description\":\"\",\"publisher\":{\"@id\":\"https:\/\/noti-america.com\/site\/venezuela\/#organization\"},\"potentialAction\":[{\"@type\":\"SearchAction\",\"target\":{\"@type\":\"EntryPoint\",\"urlTemplate\":\"https:\/\/noti-america.com\/site\/venezuela\/?s={search_term_string}\"},\"query-input\":{\"@type\":\"PropertyValueSpecification\",\"valueRequired\":true,\"valueName\":\"search_term_string\"}}],\"inLanguage\":\"es\"},{\"@type\":\"Organization\",\"@id\":\"https:\/\/noti-america.com\/site\/venezuela\/#organization\",\"name\":\"Noti-America LLC | Venezuela\",\"url\":\"https:\/\/noti-america.com\/site\/venezuela\/\",\"logo\":{\"@type\":\"ImageObject\",\"inLanguage\":\"es\",\"@id\":\"https:\/\/noti-america.com\/site\/venezuela\/#\/schema\/logo\/image\/\",\"url\":\"https:\/\/noti-america.com\/site\/venezuela\/wp-content\/uploads\/sites\/2\/2020\/07\/LogoNA-4x3-1.jpg\",\"contentUrl\":\"https:\/\/noti-america.com\/site\/venezuela\/wp-content\/uploads\/sites\/2\/2020\/07\/LogoNA-4x3-1.jpg\",\"width\":1236,\"height\":1080,\"caption\":\"Noti-America LLC | Venezuela\"},\"image\":{\"@id\":\"https:\/\/noti-america.com\/site\/venezuela\/#\/schema\/logo\/image\/\"}},{\"@type\":\"Person\",\"@id\":\"https:\/\/noti-america.com\/site\/venezuela\/#\/schema\/person\/17a6ee8c9af7fe2da084805f2d45e6ef\",\"name\":\"Marilyn Oviedo\",\"image\":{\"@type\":\"ImageObject\",\"inLanguage\":\"es\",\"@id\":\"https:\/\/secure.gravatar.com\/avatar\/6ab070ce76f64b066017eef1247ecdeb7c01b8e99448b515919552ac2123cc84?s=96&d=mm&r=g\",\"url\":\"https:\/\/secure.gravatar.com\/avatar\/6ab070ce76f64b066017eef1247ecdeb7c01b8e99448b515919552ac2123cc84?s=96&d=mm&r=g\",\"contentUrl\":\"https:\/\/secure.gravatar.com\/avatar\/6ab070ce76f64b066017eef1247ecdeb7c01b8e99448b515919552ac2123cc84?s=96&d=mm&r=g\",\"caption\":\"Marilyn Oviedo\"},\"description\":\"Venezolana, Licenciada en Letras | Productora | Redactora de Contenidos | Community Manager.\",\"url\":\"https:\/\/noti-america.com\/site\/venezuela\/author\/moviedo\/\"}]}<\/script>\n<!-- \/ Yoast SEO Premium plugin. -->","yoast_head_json":{"title":"\u00a1Incre\u00edble! por su forma de vestir la iban a sacar del avi\u00f3n - Venezuela | Noti-America.com","robots":{"index":"index","follow":"follow","max-snippet":"max-snippet:-1","max-image-preview":"max-image-preview:large","max-video-preview":"max-video-preview:-1"},"canonical":"https:\/\/noti-america.com\/site\/venezuela\/2019\/03\/17\/increible-por-su-forma-de-vestir-la-iban-a-sacar-del-avion\/","og_locale":"es_ES","og_type":"article","og_title":"\u00a1Incre\u00edble! por su forma de vestir la iban a sacar del avi\u00f3n","og_description":"La aerol\u00ednea Brit\u00e1nica Thomas Cook, intent\u00f3 expulsar una pasajera por la forma ligera en la que iba vestida. la experiencia la vivi\u00f3 la joven Emily O&#8217;connor de 21 a\u00f1os,el atuendo que llevaba la chica&#46;&#46;&#46;","og_url":"https:\/\/noti-america.com\/site\/venezuela\/2019\/03\/17\/increible-por-su-forma-de-vestir-la-iban-a-sacar-del-avion\/","og_site_name":"Venezuela | Noti-America.com","article_published_time":"2019-03-17T04:20:15+00:00","og_image":[{"width":607,"height":600,"url":"https:\/\/noti-america.com\/site\/venezuela\/wp-content\/uploads\/sites\/2\/2019\/03\/increible-por-su-forma-de-vestir-la-iban-a-sacar-del-avion-01-20190316727152715.png","type":"image\/png"}],"author":"Marilyn Oviedo","twitter_card":"summary_large_image","twitter_misc":{"Escrito por":"Marilyn Oviedo","Tiempo estimado de lectura":"1 minuto"},"schema":{"@context":"https:\/\/schema.org","@graph":[{"@type":"Article","@id":"https:\/\/noti-america.com\/site\/venezuela\/2019\/03\/17\/increible-por-su-forma-de-vestir-la-iban-a-sacar-del-avion\/#article","isPartOf":{"@id":"https:\/\/noti-america.com\/site\/venezuela\/2019\/03\/17\/increible-por-su-forma-de-vestir-la-iban-a-sacar-del-avion\/"},"author":{"name":"Marilyn Oviedo","@id":"https:\/\/noti-america.com\/site\/venezuela\/#\/schema\/person\/17a6ee8c9af7fe2da084805f2d45e6ef"},"headline":"\u00a1Incre\u00edble! por su forma de vestir la iban a sacar del avi\u00f3n","datePublished":"2019-03-17T04:20:15+00:00","mainEntityOfPage":{"@id":"https:\/\/noti-america.com\/site\/venezuela\/2019\/03\/17\/increible-por-su-forma-de-vestir-la-iban-a-sacar-del-avion\/"},"wordCount":208,"commentCount":0,"publisher":{"@id":"https:\/\/noti-america.com\/site\/venezuela\/#organization"},"image":{"@id":"https:\/\/noti-america.com\/site\/venezuela\/2019\/03\/17\/increible-por-su-forma-de-vestir-la-iban-a-sacar-del-avion\/#primaryimage"},"thumbnailUrl":"https:\/\/noti-america.com\/site\/venezuela\/wp-content\/uploads\/sites\/2\/2019\/03\/increible-por-su-forma-de-vestir-la-iban-a-sacar-del-avion-01-20190316727152715.png","articleSection":["Curiosidades","Internacionales"],"inLanguage":"es","potentialAction":[{"@type":"CommentAction","name":"Comment","target":["https:\/\/noti-america.com\/site\/venezuela\/2019\/03\/17\/increible-por-su-forma-de-vestir-la-iban-a-sacar-del-avion\/#respond"]}]},{"@type":"WebPage","@id":"https:\/\/noti-america.com\/site\/venezuela\/2019\/03\/17\/increible-por-su-forma-de-vestir-la-iban-a-sacar-del-avion\/","url":"https:\/\/noti-america.com\/site\/venezuela\/2019\/03\/17\/increible-por-su-forma-de-vestir-la-iban-a-sacar-del-avion\/","name":"\u00a1Incre\u00edble! por su forma de vestir la iban a sacar del avi\u00f3n - Venezuela | Noti-America.com","isPartOf":{"@id":"https:\/\/noti-america.com\/site\/venezuela\/#website"},"primaryImageOfPage":{"@id":"https:\/\/noti-america.com\/site\/venezuela\/2019\/03\/17\/increible-por-su-forma-de-vestir-la-iban-a-sacar-del-avion\/#primaryimage"},"image":{"@id":"https:\/\/noti-america.com\/site\/venezuela\/2019\/03\/17\/increible-por-su-forma-de-vestir-la-iban-a-sacar-del-avion\/#primaryimage"},"thumbnailUrl":"https:\/\/noti-america.com\/site\/venezuela\/wp-content\/uploads\/sites\/2\/2019\/03\/increible-por-su-forma-de-vestir-la-iban-a-sacar-del-avion-01-20190316727152715.png","datePublished":"2019-03-17T04:20:15+00:00","breadcrumb":{"@id":"https:\/\/noti-america.com\/site\/venezuela\/2019\/03\/17\/increible-por-su-forma-de-vestir-la-iban-a-sacar-del-avion\/#breadcrumb"},"inLanguage":"es","potentialAction":[{"@type":"ReadAction","target":["https:\/\/noti-america.com\/site\/venezuela\/2019\/03\/17\/increible-por-su-forma-de-vestir-la-iban-a-sacar-del-avion\/"]}]},{"@type":"ImageObject","inLanguage":"es","@id":"https:\/\/noti-america.com\/site\/venezuela\/2019\/03\/17\/increible-por-su-forma-de-vestir-la-iban-a-sacar-del-avion\/#primaryimage","url":"https:\/\/noti-america.com\/site\/venezuela\/wp-content\/uploads\/sites\/2\/2019\/03\/increible-por-su-forma-de-vestir-la-iban-a-sacar-del-avion-01-20190316727152715.png","contentUrl":"https:\/\/noti-america.com\/site\/venezuela\/wp-content\/uploads\/sites\/2\/2019\/03\/increible-por-su-forma-de-vestir-la-iban-a-sacar-del-avion-01-20190316727152715.png","width":607,"height":600},{"@type":"BreadcrumbList","@id":"https:\/\/noti-america.com\/site\/venezuela\/2019\/03\/17\/increible-por-su-forma-de-vestir-la-iban-a-sacar-del-avion\/#breadcrumb","itemListElement":[{"@type":"ListItem","position":1,"name":"Portada","item":"https:\/\/noti-america.com\/site\/venezuela\/"},{"@type":"ListItem","position":2,"name":"\u00a1Incre\u00edble! por su forma de vestir la iban a sacar del avi\u00f3n"}]},{"@type":"WebSite","@id":"https:\/\/noti-america.com\/site\/venezuela\/#website","url":"https:\/\/noti-america.com\/site\/venezuela\/","name":"Venezuela | Noti-America.com","description":"","publisher":{"@id":"https:\/\/noti-america.com\/site\/venezuela\/#organization"},"potentialAction":[{"@type":"SearchAction","target":{"@type":"EntryPoint","urlTemplate":"https:\/\/noti-america.com\/site\/venezuela\/?s={search_term_string}"},"query-input":{"@type":"PropertyValueSpecification","valueRequired":true,"valueName":"search_term_string"}}],"inLanguage":"es"},{"@type":"Organization","@id":"https:\/\/noti-america.com\/site\/venezuela\/#organization","name":"Noti-America LLC | Venezuela","url":"https:\/\/noti-america.com\/site\/venezuela\/","logo":{"@type":"ImageObject","inLanguage":"es","@id":"https:\/\/noti-america.com\/site\/venezuela\/#\/schema\/logo\/image\/","url":"https:\/\/noti-america.com\/site\/venezuela\/wp-content\/uploads\/sites\/2\/2020\/07\/LogoNA-4x3-1.jpg","contentUrl":"https:\/\/noti-america.com\/site\/venezuela\/wp-content\/uploads\/sites\/2\/2020\/07\/LogoNA-4x3-1.jpg","width":1236,"height":1080,"caption":"Noti-America LLC | Venezuela"},"image":{"@id":"https:\/\/noti-america.com\/site\/venezuela\/#\/schema\/logo\/image\/"}},{"@type":"Person","@id":"https:\/\/noti-america.com\/site\/venezuela\/#\/schema\/person\/17a6ee8c9af7fe2da084805f2d45e6ef","name":"Marilyn Oviedo","image":{"@type":"ImageObject","inLanguage":"es","@id":"https:\/\/secure.gravatar.com\/avatar\/6ab070ce76f64b066017eef1247ecdeb7c01b8e99448b515919552ac2123cc84?s=96&d=mm&r=g","url":"https:\/\/secure.gravatar.com\/avatar\/6ab070ce76f64b066017eef1247ecdeb7c01b8e99448b515919552ac2123cc84?s=96&d=mm&r=g","contentUrl":"https:\/\/secure.gravatar.com\/avatar\/6ab070ce76f64b066017eef1247ecdeb7c01b8e99448b515919552ac2123cc84?s=96&d=mm&r=g","caption":"Marilyn Oviedo"},"description":"Venezolana, Licenciada en Letras | Productora | Redactora de Contenidos | Community Manager.","url":"https:\/\/noti-america.com\/site\/venezuela\/author\/moviedo\/"}]}},"_links":{"self":[{"href":"https:\/\/noti-america.com\/site\/venezuela\/wp-json\/wp\/v2\/posts\/5595","targetHints":{"allow":["GET"]}}],"collection":[{"href":"https:\/\/noti-america.com\/site\/venezuela\/wp-json\/wp\/v2\/posts"}],"about":[{"href":"https:\/\/noti-america.com\/site\/venezuela\/wp-json\/wp\/v2\/types\/post"}],"author":[{"embeddable":true,"href":"https:\/\/noti-america.com\/site\/venezuela\/wp-json\/wp\/v2\/users\/45"}],"replies":[{"embeddable":true,"href":"https:\/\/noti-america.com\/site\/venezuela\/wp-json\/wp\/v2\/comments?post=5595"}],"version-history":[{"count":2,"href":"https:\/\/noti-america.com\/site\/venezuela\/wp-json\/wp\/v2\/posts\/5595\/revisions"}],"predecessor-version":[{"id":5598,"href":"https:\/\/noti-america.com\/site\/venezuela\/wp-json\/wp\/v2\/posts\/5595\/revisions\/5598"}],"wp:featuredmedia":[{"embeddable":true,"href":"https:\/\/noti-america.com\/site\/venezuela\/wp-json\/wp\/v2\/media\/5596"}],"wp:attachment":[{"href":"https:\/\/noti-america.com\/site\/venezuela\/wp-json\/wp\/v2\/media?parent=5595"}],"wp:term":[{"taxonomy":"category","embeddable":true,"href":"https:\/\/noti-america.com\/site\/venezuela\/wp-json\/wp\/v2\/categories?post=5595"},{"taxonomy":"post_tag","embeddable":true,"href":"https:\/\/noti-america.com\/site\/venezuela\/wp-json\/wp\/v2\/tags?post=5595"}],"curies":[{"name":"wp","href":"https:\/\/api.w.org\/{rel}","templated":true}]}}