{"id":55815,"date":"2026-07-27T14:11:13","date_gmt":"2026-07-27T14:11:13","guid":{"rendered":"https:\/\/noti-america.com\/site\/venezuela\/?p=55815"},"modified":"2026-07-27T14:11:13","modified_gmt":"2026-07-27T14:11:13","slug":"oasis-dont-look-back-in-anger-debutara-en-el-festival-de-venecia","status":"publish","type":"post","link":"https:\/\/noti-america.com\/site\/venezuela\/2026\/07\/27\/oasis-dont-look-back-in-anger-debutara-en-el-festival-de-venecia\/","title":{"rendered":"\u00abOasis: Don\u2019t Look Back in Anger\u00bb debutar\u00e1 en el Festival de Venecia"},"content":{"rendered":"<p>NOTI-AMERICA.COM | VENEZUELA<\/p>\n<p style=\"text-align: justify\">\u00abOasis: Don\u2019t Look Back in Anger\u00bb, la pel\u00edcula original que muestra el regreso de la legendaria banda brit\u00e1nica Oasis, se estrenar\u00e1 mundialmente en el 83\u00ba Festival Internacional de Cine de Venecia.<\/p>\n<p style=\"text-align: justify\">Creada por el guionista, productor y director Steven Knight y dirigida por Dylan Southern y Will Lovelace, el filme llegar\u00e1 a los cines de Venezuela el venidero 10 de septiembre.<\/p>\n<p style=\"text-align: justify\">\u00abOasis: Don\u2019t Look Back in Anger\u00bb narra la triunfal gira de reuni\u00f3n de Liam y Noel Gallagher, Oasis Live \u201925, uno de los regresos al rock \u2018n\u2019 roll m\u00e1s esperados del tiempo. La pel\u00edcula es un relato inspirador de lo que podr\u00eda considerarse el mayor evento musical de 2025, que captura la experiencia y las emociones de la banda y sus fans en todo el mundo.<\/p>\n<p style=\"text-align: justify\">Esta perspectiva \u00fanica incluye acceso a los ensayos, al backstage y al escenario, as\u00ed como las primeras entrevistas conjuntas de Noel y Liam en m\u00e1s de 25 a\u00f1os. Adem\u00e1s de la gira mundial con entradas agotadas de la banda, la pel\u00edcula tambi\u00e9n explora el profundo impacto emocional de este fen\u00f3meno cultural global y lo que su m\u00fasica significa para el p\u00fablico y las generaciones de todo el mundo.<\/p>\n","protected":false},"excerpt":{"rendered":"<p>NOTI-AMERICA.COM | VENEZUELA \u00abOasis: Don\u2019t Look Back in Anger\u00bb, la pel\u00edcula original que muestra el regreso de la legendaria banda brit\u00e1nica Oasis, se estrenar\u00e1 mundialmente en el 83\u00ba Festival Internacional de Cine de Venecia.&#46;&#46;&#46;<\/p>\n","protected":false},"author":133,"featured_media":55816,"comment_status":"open","ping_status":"open","sticky":false,"template":"","format":"image","meta":{"_acf_changed":false,"om_disable_all_campaigns":false,"rop_custom_images_group":[],"rop_custom_messages_group":[],"rop_publish_now":"initial","rop_publish_now_accounts":{"twitter_242054905_242054905":""},"rop_publish_now_history":[],"rop_publish_now_status":"pending","_uf_show_specific_survey":0,"_uf_disable_surveys":false,"footnotes":""},"categories":[498],"tags":[],"class_list":["post-55815","post","type-post","status-publish","format-image","has-post-thumbnail","hentry","category-entretenimiento","post_format-post-format-image"],"acf":[],"aioseo_notices":[],"yoast_head":"<!-- This site is optimized with the Yoast SEO Premium plugin v24.9 (Yoast SEO v27.2) - https:\/\/yoast.com\/product\/yoast-seo-premium-wordpress\/ -->\n<title>&quot;Oasis: Don\u2019t Look Back in Anger&quot; debutar\u00e1 en el Festival de Venecia - Venezuela | Noti-America.com<\/title>\n<meta name=\"robots\" content=\"index, follow, max-snippet:-1, max-image-preview:large, max-video-preview:-1\" \/>\n<link rel=\"canonical\" href=\"https:\/\/noti-america.com\/site\/venezuela\/2026\/07\/27\/oasis-dont-look-back-in-anger-debutara-en-el-festival-de-venecia\/\" \/>\n<meta property=\"og:locale\" content=\"es_ES\" \/>\n<meta property=\"og:type\" content=\"article\" \/>\n<meta property=\"og:title\" content=\"&quot;Oasis: Don\u2019t Look Back in Anger&quot; debutar\u00e1 en el Festival de Venecia\" \/>\n<meta property=\"og:description\" content=\"NOTI-AMERICA.COM | VENEZUELA \u00abOasis: Don\u2019t Look Back in Anger\u00bb, la pel\u00edcula original que muestra el regreso de la legendaria banda brit\u00e1nica Oasis, se estrenar\u00e1 mundialmente en el 83\u00ba Festival Internacional de Cine de Venecia.&#046;&#046;&#046;\" \/>\n<meta property=\"og:url\" content=\"https:\/\/noti-america.com\/site\/venezuela\/2026\/07\/27\/oasis-dont-look-back-in-anger-debutara-en-el-festival-de-venecia\/\" \/>\n<meta property=\"og:site_name\" content=\"Venezuela | Noti-America.com\" \/>\n<meta property=\"article:author\" content=\"Mar\u00eda Valentina Noguera\" \/>\n<meta property=\"article:published_time\" content=\"2026-07-27T14:11:13+00:00\" \/>\n<meta property=\"og:image\" content=\"https:\/\/noti-america.com\/site\/venezuela\/wp-content\/uploads\/sites\/2\/2026\/07\/simon-emmett_oasis_tokyo_doc_-d94e59.jpg\" \/>\n\t<meta property=\"og:image:width\" content=\"800\" \/>\n\t<meta property=\"og:image:height\" content=\"500\" \/>\n\t<meta property=\"og:image:type\" content=\"image\/jpeg\" \/>\n<meta name=\"author\" content=\"Maria Valentina Noguera Medina\" \/>\n<meta name=\"twitter:card\" content=\"summary_large_image\" \/>\n<meta name=\"twitter:label1\" content=\"Escrito por\" \/>\n\t<meta name=\"twitter:data1\" content=\"Maria Valentina Noguera Medina\" \/>\n\t<meta name=\"twitter:label2\" content=\"Tiempo estimado de lectura\" \/>\n\t<meta name=\"twitter:data2\" content=\"2 minutos\" \/>\n<script type=\"application\/ld+json\" class=\"yoast-schema-graph\">{\"@context\":\"https:\/\/schema.org\",\"@graph\":[{\"@type\":\"Article\",\"@id\":\"https:\/\/noti-america.com\/site\/venezuela\/2026\/07\/27\/oasis-dont-look-back-in-anger-debutara-en-el-festival-de-venecia\/#article\",\"isPartOf\":{\"@id\":\"https:\/\/noti-america.com\/site\/venezuela\/2026\/07\/27\/oasis-dont-look-back-in-anger-debutara-en-el-festival-de-venecia\/\"},\"author\":{\"name\":\"Maria Valentina Noguera Medina\",\"@id\":\"https:\/\/noti-america.com\/site\/venezuela\/#\/schema\/person\/b0777fb8ad9a321dc446ddbbceae778f\"},\"headline\":\"\u00abOasis: Don\u2019t Look Back in Anger\u00bb debutar\u00e1 en el Festival de Venecia\",\"datePublished\":\"2026-07-27T14:11:13+00:00\",\"mainEntityOfPage\":{\"@id\":\"https:\/\/noti-america.com\/site\/venezuela\/2026\/07\/27\/oasis-dont-look-back-in-anger-debutara-en-el-festival-de-venecia\/\"},\"wordCount\":222,\"commentCount\":0,\"publisher\":{\"@id\":\"https:\/\/noti-america.com\/site\/venezuela\/#organization\"},\"image\":{\"@id\":\"https:\/\/noti-america.com\/site\/venezuela\/2026\/07\/27\/oasis-dont-look-back-in-anger-debutara-en-el-festival-de-venecia\/#primaryimage\"},\"thumbnailUrl\":\"https:\/\/noti-america.com\/site\/venezuela\/wp-content\/uploads\/sites\/2\/2026\/07\/simon-emmett_oasis_tokyo_doc_-d94e59.jpg\",\"articleSection\":[\"Entretenimiento\"],\"inLanguage\":\"es\",\"potentialAction\":[{\"@type\":\"CommentAction\",\"name\":\"Comment\",\"target\":[\"https:\/\/noti-america.com\/site\/venezuela\/2026\/07\/27\/oasis-dont-look-back-in-anger-debutara-en-el-festival-de-venecia\/#respond\"]}]},{\"@type\":\"WebPage\",\"@id\":\"https:\/\/noti-america.com\/site\/venezuela\/2026\/07\/27\/oasis-dont-look-back-in-anger-debutara-en-el-festival-de-venecia\/\",\"url\":\"https:\/\/noti-america.com\/site\/venezuela\/2026\/07\/27\/oasis-dont-look-back-in-anger-debutara-en-el-festival-de-venecia\/\",\"name\":\"\\\"Oasis: Don\u2019t Look Back in Anger\\\" debutar\u00e1 en el Festival de Venecia - Venezuela | Noti-America.com\",\"isPartOf\":{\"@id\":\"https:\/\/noti-america.com\/site\/venezuela\/#website\"},\"primaryImageOfPage\":{\"@id\":\"https:\/\/noti-america.com\/site\/venezuela\/2026\/07\/27\/oasis-dont-look-back-in-anger-debutara-en-el-festival-de-venecia\/#primaryimage\"},\"image\":{\"@id\":\"https:\/\/noti-america.com\/site\/venezuela\/2026\/07\/27\/oasis-dont-look-back-in-anger-debutara-en-el-festival-de-venecia\/#primaryimage\"},\"thumbnailUrl\":\"https:\/\/noti-america.com\/site\/venezuela\/wp-content\/uploads\/sites\/2\/2026\/07\/simon-emmett_oasis_tokyo_doc_-d94e59.jpg\",\"datePublished\":\"2026-07-27T14:11:13+00:00\",\"breadcrumb\":{\"@id\":\"https:\/\/noti-america.com\/site\/venezuela\/2026\/07\/27\/oasis-dont-look-back-in-anger-debutara-en-el-festival-de-venecia\/#breadcrumb\"},\"inLanguage\":\"es\",\"potentialAction\":[{\"@type\":\"ReadAction\",\"target\":[\"https:\/\/noti-america.com\/site\/venezuela\/2026\/07\/27\/oasis-dont-look-back-in-anger-debutara-en-el-festival-de-venecia\/\"]}]},{\"@type\":\"ImageObject\",\"inLanguage\":\"es\",\"@id\":\"https:\/\/noti-america.com\/site\/venezuela\/2026\/07\/27\/oasis-dont-look-back-in-anger-debutara-en-el-festival-de-venecia\/#primaryimage\",\"url\":\"https:\/\/noti-america.com\/site\/venezuela\/wp-content\/uploads\/sites\/2\/2026\/07\/simon-emmett_oasis_tokyo_doc_-d94e59.jpg\",\"contentUrl\":\"https:\/\/noti-america.com\/site\/venezuela\/wp-content\/uploads\/sites\/2\/2026\/07\/simon-emmett_oasis_tokyo_doc_-d94e59.jpg\",\"width\":800,\"height\":500},{\"@type\":\"BreadcrumbList\",\"@id\":\"https:\/\/noti-america.com\/site\/venezuela\/2026\/07\/27\/oasis-dont-look-back-in-anger-debutara-en-el-festival-de-venecia\/#breadcrumb\",\"itemListElement\":[{\"@type\":\"ListItem\",\"position\":1,\"name\":\"Portada\",\"item\":\"https:\/\/noti-america.com\/site\/venezuela\/\"},{\"@type\":\"ListItem\",\"position\":2,\"name\":\"\u00abOasis: Don\u2019t Look Back in Anger\u00bb debutar\u00e1 en el Festival de Venecia\"}]},{\"@type\":\"WebSite\",\"@id\":\"https:\/\/noti-america.com\/site\/venezuela\/#website\",\"url\":\"https:\/\/noti-america.com\/site\/venezuela\/\",\"name\":\"Venezuela | Noti-America.com\",\"description\":\"\",\"publisher\":{\"@id\":\"https:\/\/noti-america.com\/site\/venezuela\/#organization\"},\"potentialAction\":[{\"@type\":\"SearchAction\",\"target\":{\"@type\":\"EntryPoint\",\"urlTemplate\":\"https:\/\/noti-america.com\/site\/venezuela\/?s={search_term_string}\"},\"query-input\":{\"@type\":\"PropertyValueSpecification\",\"valueRequired\":true,\"valueName\":\"search_term_string\"}}],\"inLanguage\":\"es\"},{\"@type\":\"Organization\",\"@id\":\"https:\/\/noti-america.com\/site\/venezuela\/#organization\",\"name\":\"Noti-America LLC | Venezuela\",\"url\":\"https:\/\/noti-america.com\/site\/venezuela\/\",\"logo\":{\"@type\":\"ImageObject\",\"inLanguage\":\"es\",\"@id\":\"https:\/\/noti-america.com\/site\/venezuela\/#\/schema\/logo\/image\/\",\"url\":\"https:\/\/noti-america.com\/site\/venezuela\/wp-content\/uploads\/sites\/2\/2020\/07\/LogoNA-4x3-1.jpg\",\"contentUrl\":\"https:\/\/noti-america.com\/site\/venezuela\/wp-content\/uploads\/sites\/2\/2020\/07\/LogoNA-4x3-1.jpg\",\"width\":1236,\"height\":1080,\"caption\":\"Noti-America LLC | Venezuela\"},\"image\":{\"@id\":\"https:\/\/noti-america.com\/site\/venezuela\/#\/schema\/logo\/image\/\"}},{\"@type\":\"Person\",\"@id\":\"https:\/\/noti-america.com\/site\/venezuela\/#\/schema\/person\/b0777fb8ad9a321dc446ddbbceae778f\",\"name\":\"Maria Valentina Noguera Medina\",\"image\":{\"@type\":\"ImageObject\",\"inLanguage\":\"es\",\"@id\":\"https:\/\/secure.gravatar.com\/avatar\/4ec5eb9d099f2608a49c9df6f7341f66f04f819cdffa09d56a7a0e91d2819d56?s=96&d=mm&r=g\",\"url\":\"https:\/\/secure.gravatar.com\/avatar\/4ec5eb9d099f2608a49c9df6f7341f66f04f819cdffa09d56a7a0e91d2819d56?s=96&d=mm&r=g\",\"contentUrl\":\"https:\/\/secure.gravatar.com\/avatar\/4ec5eb9d099f2608a49c9df6f7341f66f04f819cdffa09d56a7a0e91d2819d56?s=96&d=mm&r=g\",\"caption\":\"Maria Valentina Noguera Medina\"},\"description\":\"Periodista - noti-america - Promar Community Manager - Talento Plus Dise\u00f1adora\/ creadora de contenido...\",\"sameAs\":[\"Mar\u00eda Valentina Noguera\",\"https:\/\/www.facebook.com\/mariavalentina.noguera\",\"https:\/\/www.linkedin.com\/in\/mara-valentina-noguera-medina-373075165\/\",\"https:\/\/www.pinterest.es\/valentinanoguera95\/\",\"https:\/\/www.youtube.com\/channel\/UCdek6mbUZ-Tqqw0I63i4nmQ\"],\"url\":\"https:\/\/noti-america.com\/site\/venezuela\/author\/mnoguera\/\"}]}<\/script>\n<!-- \/ Yoast SEO Premium plugin. -->","yoast_head_json":{"title":"\"Oasis: Don\u2019t Look Back in Anger\" debutar\u00e1 en el Festival de Venecia - Venezuela | Noti-America.com","robots":{"index":"index","follow":"follow","max-snippet":"max-snippet:-1","max-image-preview":"max-image-preview:large","max-video-preview":"max-video-preview:-1"},"canonical":"https:\/\/noti-america.com\/site\/venezuela\/2026\/07\/27\/oasis-dont-look-back-in-anger-debutara-en-el-festival-de-venecia\/","og_locale":"es_ES","og_type":"article","og_title":"\"Oasis: Don\u2019t Look Back in Anger\" debutar\u00e1 en el Festival de Venecia","og_description":"NOTI-AMERICA.COM | VENEZUELA \u00abOasis: Don\u2019t Look Back in Anger\u00bb, la pel\u00edcula original que muestra el regreso de la legendaria banda brit\u00e1nica Oasis, se estrenar\u00e1 mundialmente en el 83\u00ba Festival Internacional de Cine de Venecia.&#46;&#46;&#46;","og_url":"https:\/\/noti-america.com\/site\/venezuela\/2026\/07\/27\/oasis-dont-look-back-in-anger-debutara-en-el-festival-de-venecia\/","og_site_name":"Venezuela | Noti-America.com","article_author":"Mar\u00eda Valentina Noguera","article_published_time":"2026-07-27T14:11:13+00:00","og_image":[{"width":800,"height":500,"url":"https:\/\/noti-america.com\/site\/venezuela\/wp-content\/uploads\/sites\/2\/2026\/07\/simon-emmett_oasis_tokyo_doc_-d94e59.jpg","type":"image\/jpeg"}],"author":"Maria Valentina Noguera Medina","twitter_card":"summary_large_image","twitter_misc":{"Escrito por":"Maria Valentina Noguera Medina","Tiempo estimado de lectura":"2 minutos"},"schema":{"@context":"https:\/\/schema.org","@graph":[{"@type":"Article","@id":"https:\/\/noti-america.com\/site\/venezuela\/2026\/07\/27\/oasis-dont-look-back-in-anger-debutara-en-el-festival-de-venecia\/#article","isPartOf":{"@id":"https:\/\/noti-america.com\/site\/venezuela\/2026\/07\/27\/oasis-dont-look-back-in-anger-debutara-en-el-festival-de-venecia\/"},"author":{"name":"Maria Valentina Noguera Medina","@id":"https:\/\/noti-america.com\/site\/venezuela\/#\/schema\/person\/b0777fb8ad9a321dc446ddbbceae778f"},"headline":"\u00abOasis: Don\u2019t Look Back in Anger\u00bb debutar\u00e1 en el Festival de Venecia","datePublished":"2026-07-27T14:11:13+00:00","mainEntityOfPage":{"@id":"https:\/\/noti-america.com\/site\/venezuela\/2026\/07\/27\/oasis-dont-look-back-in-anger-debutara-en-el-festival-de-venecia\/"},"wordCount":222,"commentCount":0,"publisher":{"@id":"https:\/\/noti-america.com\/site\/venezuela\/#organization"},"image":{"@id":"https:\/\/noti-america.com\/site\/venezuela\/2026\/07\/27\/oasis-dont-look-back-in-anger-debutara-en-el-festival-de-venecia\/#primaryimage"},"thumbnailUrl":"https:\/\/noti-america.com\/site\/venezuela\/wp-content\/uploads\/sites\/2\/2026\/07\/simon-emmett_oasis_tokyo_doc_-d94e59.jpg","articleSection":["Entretenimiento"],"inLanguage":"es","potentialAction":[{"@type":"CommentAction","name":"Comment","target":["https:\/\/noti-america.com\/site\/venezuela\/2026\/07\/27\/oasis-dont-look-back-in-anger-debutara-en-el-festival-de-venecia\/#respond"]}]},{"@type":"WebPage","@id":"https:\/\/noti-america.com\/site\/venezuela\/2026\/07\/27\/oasis-dont-look-back-in-anger-debutara-en-el-festival-de-venecia\/","url":"https:\/\/noti-america.com\/site\/venezuela\/2026\/07\/27\/oasis-dont-look-back-in-anger-debutara-en-el-festival-de-venecia\/","name":"\"Oasis: Don\u2019t Look Back in Anger\" debutar\u00e1 en el Festival de Venecia - Venezuela | Noti-America.com","isPartOf":{"@id":"https:\/\/noti-america.com\/site\/venezuela\/#website"},"primaryImageOfPage":{"@id":"https:\/\/noti-america.com\/site\/venezuela\/2026\/07\/27\/oasis-dont-look-back-in-anger-debutara-en-el-festival-de-venecia\/#primaryimage"},"image":{"@id":"https:\/\/noti-america.com\/site\/venezuela\/2026\/07\/27\/oasis-dont-look-back-in-anger-debutara-en-el-festival-de-venecia\/#primaryimage"},"thumbnailUrl":"https:\/\/noti-america.com\/site\/venezuela\/wp-content\/uploads\/sites\/2\/2026\/07\/simon-emmett_oasis_tokyo_doc_-d94e59.jpg","datePublished":"2026-07-27T14:11:13+00:00","breadcrumb":{"@id":"https:\/\/noti-america.com\/site\/venezuela\/2026\/07\/27\/oasis-dont-look-back-in-anger-debutara-en-el-festival-de-venecia\/#breadcrumb"},"inLanguage":"es","potentialAction":[{"@type":"ReadAction","target":["https:\/\/noti-america.com\/site\/venezuela\/2026\/07\/27\/oasis-dont-look-back-in-anger-debutara-en-el-festival-de-venecia\/"]}]},{"@type":"ImageObject","inLanguage":"es","@id":"https:\/\/noti-america.com\/site\/venezuela\/2026\/07\/27\/oasis-dont-look-back-in-anger-debutara-en-el-festival-de-venecia\/#primaryimage","url":"https:\/\/noti-america.com\/site\/venezuela\/wp-content\/uploads\/sites\/2\/2026\/07\/simon-emmett_oasis_tokyo_doc_-d94e59.jpg","contentUrl":"https:\/\/noti-america.com\/site\/venezuela\/wp-content\/uploads\/sites\/2\/2026\/07\/simon-emmett_oasis_tokyo_doc_-d94e59.jpg","width":800,"height":500},{"@type":"BreadcrumbList","@id":"https:\/\/noti-america.com\/site\/venezuela\/2026\/07\/27\/oasis-dont-look-back-in-anger-debutara-en-el-festival-de-venecia\/#breadcrumb","itemListElement":[{"@type":"ListItem","position":1,"name":"Portada","item":"https:\/\/noti-america.com\/site\/venezuela\/"},{"@type":"ListItem","position":2,"name":"\u00abOasis: Don\u2019t Look Back in Anger\u00bb debutar\u00e1 en el Festival de Venecia"}]},{"@type":"WebSite","@id":"https:\/\/noti-america.com\/site\/venezuela\/#website","url":"https:\/\/noti-america.com\/site\/venezuela\/","name":"Venezuela | Noti-America.com","description":"","publisher":{"@id":"https:\/\/noti-america.com\/site\/venezuela\/#organization"},"potentialAction":[{"@type":"SearchAction","target":{"@type":"EntryPoint","urlTemplate":"https:\/\/noti-america.com\/site\/venezuela\/?s={search_term_string}"},"query-input":{"@type":"PropertyValueSpecification","valueRequired":true,"valueName":"search_term_string"}}],"inLanguage":"es"},{"@type":"Organization","@id":"https:\/\/noti-america.com\/site\/venezuela\/#organization","name":"Noti-America LLC | Venezuela","url":"https:\/\/noti-america.com\/site\/venezuela\/","logo":{"@type":"ImageObject","inLanguage":"es","@id":"https:\/\/noti-america.com\/site\/venezuela\/#\/schema\/logo\/image\/","url":"https:\/\/noti-america.com\/site\/venezuela\/wp-content\/uploads\/sites\/2\/2020\/07\/LogoNA-4x3-1.jpg","contentUrl":"https:\/\/noti-america.com\/site\/venezuela\/wp-content\/uploads\/sites\/2\/2020\/07\/LogoNA-4x3-1.jpg","width":1236,"height":1080,"caption":"Noti-America LLC | Venezuela"},"image":{"@id":"https:\/\/noti-america.com\/site\/venezuela\/#\/schema\/logo\/image\/"}},{"@type":"Person","@id":"https:\/\/noti-america.com\/site\/venezuela\/#\/schema\/person\/b0777fb8ad9a321dc446ddbbceae778f","name":"Maria Valentina Noguera Medina","image":{"@type":"ImageObject","inLanguage":"es","@id":"https:\/\/secure.gravatar.com\/avatar\/4ec5eb9d099f2608a49c9df6f7341f66f04f819cdffa09d56a7a0e91d2819d56?s=96&d=mm&r=g","url":"https:\/\/secure.gravatar.com\/avatar\/4ec5eb9d099f2608a49c9df6f7341f66f04f819cdffa09d56a7a0e91d2819d56?s=96&d=mm&r=g","contentUrl":"https:\/\/secure.gravatar.com\/avatar\/4ec5eb9d099f2608a49c9df6f7341f66f04f819cdffa09d56a7a0e91d2819d56?s=96&d=mm&r=g","caption":"Maria Valentina Noguera Medina"},"description":"Periodista - noti-america - Promar Community Manager - Talento Plus Dise\u00f1adora\/ creadora de contenido...","sameAs":["Mar\u00eda Valentina Noguera","https:\/\/www.facebook.com\/mariavalentina.noguera","https:\/\/www.linkedin.com\/in\/mara-valentina-noguera-medina-373075165\/","https:\/\/www.pinterest.es\/valentinanoguera95\/","https:\/\/www.youtube.com\/channel\/UCdek6mbUZ-Tqqw0I63i4nmQ"],"url":"https:\/\/noti-america.com\/site\/venezuela\/author\/mnoguera\/"}]}},"_links":{"self":[{"href":"https:\/\/noti-america.com\/site\/venezuela\/wp-json\/wp\/v2\/posts\/55815","targetHints":{"allow":["GET"]}}],"collection":[{"href":"https:\/\/noti-america.com\/site\/venezuela\/wp-json\/wp\/v2\/posts"}],"about":[{"href":"https:\/\/noti-america.com\/site\/venezuela\/wp-json\/wp\/v2\/types\/post"}],"author":[{"embeddable":true,"href":"https:\/\/noti-america.com\/site\/venezuela\/wp-json\/wp\/v2\/users\/133"}],"replies":[{"embeddable":true,"href":"https:\/\/noti-america.com\/site\/venezuela\/wp-json\/wp\/v2\/comments?post=55815"}],"version-history":[{"count":1,"href":"https:\/\/noti-america.com\/site\/venezuela\/wp-json\/wp\/v2\/posts\/55815\/revisions"}],"predecessor-version":[{"id":55817,"href":"https:\/\/noti-america.com\/site\/venezuela\/wp-json\/wp\/v2\/posts\/55815\/revisions\/55817"}],"wp:featuredmedia":[{"embeddable":true,"href":"https:\/\/noti-america.com\/site\/venezuela\/wp-json\/wp\/v2\/media\/55816"}],"wp:attachment":[{"href":"https:\/\/noti-america.com\/site\/venezuela\/wp-json\/wp\/v2\/media?parent=55815"}],"wp:term":[{"taxonomy":"category","embeddable":true,"href":"https:\/\/noti-america.com\/site\/venezuela\/wp-json\/wp\/v2\/categories?post=55815"},{"taxonomy":"post_tag","embeddable":true,"href":"https:\/\/noti-america.com\/site\/venezuela\/wp-json\/wp\/v2\/tags?post=55815"}],"curies":[{"name":"wp","href":"https:\/\/api.w.org\/{rel}","templated":true}]}}