{"id":53315,"date":"2026-05-01T14:19:46","date_gmt":"2026-05-01T14:19:46","guid":{"rendered":"https:\/\/noti-america.com\/site\/venezuela\/?p=53315"},"modified":"2026-05-01T14:19:46","modified_gmt":"2026-05-01T14:19:46","slug":"karol-g-agoto-en-menos-de-24-horas-las-entradas-de-sus-tres-conciertos-de-diciembre-en-bogota-previstos-para-el-4-5-y-6-de-diciembre-en-el-estadio-el-campin","status":"publish","type":"post","link":"https:\/\/noti-america.com\/site\/venezuela\/2026\/05\/01\/karol-g-agoto-en-menos-de-24-horas-las-entradas-de-sus-tres-conciertos-de-diciembre-en-bogota-previstos-para-el-4-5-y-6-de-diciembre-en-el-estadio-el-campin\/","title":{"rendered":"Karol G agot\u00f3 en menos de 24 horas las entradas de sus tres conciertos de diciembre en Bogot\u00e1: previstos para el 4, 5 y 6 de diciembre en el estadio El Camp\u00edn"},"content":{"rendered":"<p>NOTI-AMERICA.COM | VENEZUELA<\/p>\n<p style=\"text-align: justify\">La artista antioque\u00f1a, que hab\u00eda anunciado el mi\u00e9rcoles 29 la ampliaci\u00f3n de conciertos en la capital por la alta dem\u00e2nda, en menos de 24 horas, colg\u00f3 el cartel de \u2018sold out\u2019 para sus tres fechas, en uno de los principales recintos del pa\u00eds, donde recientemente se han presentado figuras como J Balvin, Shakira, Dua Lipa o Maluma. Los recitales mencionados hacen parte de la gira \u2018Tropitour Viajando por el mundo\u2019.<\/p>\n<p style=\"text-align: justify\">La cantante colombiana Karol G agot\u00f3 en pocas horas las entradas para sus tres conciertos en Bogot\u00e1, previstos para el 4, 5 y 6 de diciembre, que reunir\u00e1n a cerca de 120.000 personas en el estadio El Camp\u00edn, inform\u00f3 este jueves su equipo de prensa. \u201cEn tiempo r\u00e9cord, miles de fans aseguraron sus entradas para lo que ser\u00e1n tres noches sin precedentes en la capital, confirmando el fen\u00f3meno cultural en el que se ha convertido Karol G y la conexi\u00f3n \u00fanica con su p\u00fablico colombiano\u201d, expres\u00f3 su equipo en un comunicado.<\/p>\n<p style=\"text-align: justify\">Carolina Giraldo Navarro, conocida art\u00edsticamente como Karol G, marc\u00f3 un hito hace unas semanas al convertirse en la primera latina en encabezar y cerrar el festival Coachella en Indio, California, donde anunci\u00f3 su gira mundial \u2018Viajando por el mundo\u2019, con la que recorrer\u00e1 20 pa\u00edses de Am\u00e9rica y Europa desde el pr\u00f3ximo 24 de julio en Chicago. Su equipo tambi\u00e9n confirm\u00f3 que Medell\u00edn no har\u00e1 parte del recorrido debido a las obras de remodelaci\u00f3n del estadio Atanasio Girardot, que terminar\u00e1n en diciembre de 2027 y ampliar\u00e1n su aforo de 45.000 a 60.000 asistentes.<\/p>\n","protected":false},"excerpt":{"rendered":"<p>NOTI-AMERICA.COM | VENEZUELA La artista antioque\u00f1a, que hab\u00eda anunciado el mi\u00e9rcoles 29 la ampliaci\u00f3n de conciertos en la capital por la alta dem\u00e2nda, en menos de 24 horas, colg\u00f3 el cartel de \u2018sold out\u2019&#46;&#46;&#46;<\/p>\n","protected":false},"author":133,"featured_media":53316,"comment_status":"open","ping_status":"open","sticky":false,"template":"","format":"image","meta":{"_acf_changed":false,"om_disable_all_campaigns":false,"rop_custom_images_group":[],"rop_custom_messages_group":[],"rop_publish_now":"initial","rop_publish_now_accounts":{"twitter_242054905_242054905":""},"rop_publish_now_history":[],"rop_publish_now_status":"pending","_uf_show_specific_survey":0,"_uf_disable_surveys":false,"footnotes":""},"categories":[508],"tags":[],"class_list":["post-53315","post","type-post","status-publish","format-image","has-post-thumbnail","hentry","category-acturalidad","post_format-post-format-image"],"acf":[],"aioseo_notices":[],"yoast_head":"<!-- This site is optimized with the Yoast SEO Premium plugin v24.9 (Yoast SEO v27.2) - https:\/\/yoast.com\/product\/yoast-seo-premium-wordpress\/ -->\n<title>Karol G agot\u00f3 en menos de 24 horas las entradas de sus tres conciertos de diciembre en Bogot\u00e1: previstos para el 4, 5 y 6 de diciembre en el estadio El Camp\u00edn - Venezuela | Noti-America.com<\/title>\n<meta name=\"robots\" content=\"index, follow, max-snippet:-1, max-image-preview:large, max-video-preview:-1\" \/>\n<link rel=\"canonical\" href=\"https:\/\/noti-america.com\/site\/venezuela\/2026\/05\/01\/karol-g-agoto-en-menos-de-24-horas-las-entradas-de-sus-tres-conciertos-de-diciembre-en-bogota-previstos-para-el-4-5-y-6-de-diciembre-en-el-estadio-el-campin\/\" \/>\n<meta property=\"og:locale\" content=\"es_ES\" \/>\n<meta property=\"og:type\" content=\"article\" \/>\n<meta property=\"og:title\" content=\"Karol G agot\u00f3 en menos de 24 horas las entradas de sus tres conciertos de diciembre en Bogot\u00e1: previstos para el 4, 5 y 6 de diciembre en el estadio El Camp\u00edn\" \/>\n<meta property=\"og:description\" content=\"NOTI-AMERICA.COM | VENEZUELA La artista antioque\u00f1a, que hab\u00eda anunciado el mi\u00e9rcoles 29 la ampliaci\u00f3n de conciertos en la capital por la alta dem\u00e2nda, en menos de 24 horas, colg\u00f3 el cartel de \u2018sold out\u2019&#046;&#046;&#046;\" \/>\n<meta property=\"og:url\" content=\"https:\/\/noti-america.com\/site\/venezuela\/2026\/05\/01\/karol-g-agoto-en-menos-de-24-horas-las-entradas-de-sus-tres-conciertos-de-diciembre-en-bogota-previstos-para-el-4-5-y-6-de-diciembre-en-el-estadio-el-campin\/\" \/>\n<meta property=\"og:site_name\" content=\"Venezuela | Noti-America.com\" \/>\n<meta property=\"article:author\" content=\"Mar\u00eda Valentina Noguera\" \/>\n<meta property=\"article:published_time\" content=\"2026-05-01T14:19:46+00:00\" \/>\n<meta property=\"og:image\" content=\"https:\/\/noti-america.com\/site\/venezuela\/wp-content\/uploads\/sites\/2\/2026\/05\/Screenshot_1-5-2026_101858_www.billboard.com_.jpeg\" \/>\n\t<meta property=\"og:image:width\" content=\"1350\" \/>\n\t<meta property=\"og:image:height\" content=\"634\" \/>\n\t<meta property=\"og:image:type\" content=\"image\/jpeg\" \/>\n<meta name=\"author\" content=\"Maria Valentina Noguera Medina\" \/>\n<meta name=\"twitter:card\" content=\"summary_large_image\" \/>\n<meta name=\"twitter:label1\" content=\"Escrito por\" \/>\n\t<meta name=\"twitter:data1\" content=\"Maria Valentina Noguera Medina\" \/>\n\t<meta name=\"twitter:label2\" content=\"Tiempo estimado de lectura\" \/>\n\t<meta name=\"twitter:data2\" content=\"2 minutos\" \/>\n<script type=\"application\/ld+json\" class=\"yoast-schema-graph\">{\"@context\":\"https:\/\/schema.org\",\"@graph\":[{\"@type\":\"Article\",\"@id\":\"https:\/\/noti-america.com\/site\/venezuela\/2026\/05\/01\/karol-g-agoto-en-menos-de-24-horas-las-entradas-de-sus-tres-conciertos-de-diciembre-en-bogota-previstos-para-el-4-5-y-6-de-diciembre-en-el-estadio-el-campin\/#article\",\"isPartOf\":{\"@id\":\"https:\/\/noti-america.com\/site\/venezuela\/2026\/05\/01\/karol-g-agoto-en-menos-de-24-horas-las-entradas-de-sus-tres-conciertos-de-diciembre-en-bogota-previstos-para-el-4-5-y-6-de-diciembre-en-el-estadio-el-campin\/\"},\"author\":{\"name\":\"Maria Valentina Noguera Medina\",\"@id\":\"https:\/\/noti-america.com\/site\/venezuela\/#\/schema\/person\/22806efcc2cfc4b45efb0e17be210ea8\"},\"headline\":\"Karol G agot\u00f3 en menos de 24 horas las entradas de sus tres conciertos de diciembre en Bogot\u00e1: previstos para el 4, 5 y 6 de diciembre en el estadio El Camp\u00edn\",\"datePublished\":\"2026-05-01T14:19:46+00:00\",\"mainEntityOfPage\":{\"@id\":\"https:\/\/noti-america.com\/site\/venezuela\/2026\/05\/01\/karol-g-agoto-en-menos-de-24-horas-las-entradas-de-sus-tres-conciertos-de-diciembre-en-bogota-previstos-para-el-4-5-y-6-de-diciembre-en-el-estadio-el-campin\/\"},\"wordCount\":297,\"commentCount\":0,\"publisher\":{\"@id\":\"https:\/\/noti-america.com\/site\/venezuela\/#organization\"},\"image\":{\"@id\":\"https:\/\/noti-america.com\/site\/venezuela\/2026\/05\/01\/karol-g-agoto-en-menos-de-24-horas-las-entradas-de-sus-tres-conciertos-de-diciembre-en-bogota-previstos-para-el-4-5-y-6-de-diciembre-en-el-estadio-el-campin\/#primaryimage\"},\"thumbnailUrl\":\"https:\/\/noti-america.com\/site\/venezuela\/wp-content\/uploads\/sites\/2\/2026\/05\/Screenshot_1-5-2026_101858_www.billboard.com_.jpeg\",\"articleSection\":[\"Actualidad\"],\"inLanguage\":\"es\",\"potentialAction\":[{\"@type\":\"CommentAction\",\"name\":\"Comment\",\"target\":[\"https:\/\/noti-america.com\/site\/venezuela\/2026\/05\/01\/karol-g-agoto-en-menos-de-24-horas-las-entradas-de-sus-tres-conciertos-de-diciembre-en-bogota-previstos-para-el-4-5-y-6-de-diciembre-en-el-estadio-el-campin\/#respond\"]}]},{\"@type\":\"WebPage\",\"@id\":\"https:\/\/noti-america.com\/site\/venezuela\/2026\/05\/01\/karol-g-agoto-en-menos-de-24-horas-las-entradas-de-sus-tres-conciertos-de-diciembre-en-bogota-previstos-para-el-4-5-y-6-de-diciembre-en-el-estadio-el-campin\/\",\"url\":\"https:\/\/noti-america.com\/site\/venezuela\/2026\/05\/01\/karol-g-agoto-en-menos-de-24-horas-las-entradas-de-sus-tres-conciertos-de-diciembre-en-bogota-previstos-para-el-4-5-y-6-de-diciembre-en-el-estadio-el-campin\/\",\"name\":\"Karol G agot\u00f3 en menos de 24 horas las entradas de sus tres conciertos de diciembre en Bogot\u00e1: previstos para el 4, 5 y 6 de diciembre en el estadio El Camp\u00edn - Venezuela | Noti-America.com\",\"isPartOf\":{\"@id\":\"https:\/\/noti-america.com\/site\/venezuela\/#website\"},\"primaryImageOfPage\":{\"@id\":\"https:\/\/noti-america.com\/site\/venezuela\/2026\/05\/01\/karol-g-agoto-en-menos-de-24-horas-las-entradas-de-sus-tres-conciertos-de-diciembre-en-bogota-previstos-para-el-4-5-y-6-de-diciembre-en-el-estadio-el-campin\/#primaryimage\"},\"image\":{\"@id\":\"https:\/\/noti-america.com\/site\/venezuela\/2026\/05\/01\/karol-g-agoto-en-menos-de-24-horas-las-entradas-de-sus-tres-conciertos-de-diciembre-en-bogota-previstos-para-el-4-5-y-6-de-diciembre-en-el-estadio-el-campin\/#primaryimage\"},\"thumbnailUrl\":\"https:\/\/noti-america.com\/site\/venezuela\/wp-content\/uploads\/sites\/2\/2026\/05\/Screenshot_1-5-2026_101858_www.billboard.com_.jpeg\",\"datePublished\":\"2026-05-01T14:19:46+00:00\",\"breadcrumb\":{\"@id\":\"https:\/\/noti-america.com\/site\/venezuela\/2026\/05\/01\/karol-g-agoto-en-menos-de-24-horas-las-entradas-de-sus-tres-conciertos-de-diciembre-en-bogota-previstos-para-el-4-5-y-6-de-diciembre-en-el-estadio-el-campin\/#breadcrumb\"},\"inLanguage\":\"es\",\"potentialAction\":[{\"@type\":\"ReadAction\",\"target\":[\"https:\/\/noti-america.com\/site\/venezuela\/2026\/05\/01\/karol-g-agoto-en-menos-de-24-horas-las-entradas-de-sus-tres-conciertos-de-diciembre-en-bogota-previstos-para-el-4-5-y-6-de-diciembre-en-el-estadio-el-campin\/\"]}]},{\"@type\":\"ImageObject\",\"inLanguage\":\"es\",\"@id\":\"https:\/\/noti-america.com\/site\/venezuela\/2026\/05\/01\/karol-g-agoto-en-menos-de-24-horas-las-entradas-de-sus-tres-conciertos-de-diciembre-en-bogota-previstos-para-el-4-5-y-6-de-diciembre-en-el-estadio-el-campin\/#primaryimage\",\"url\":\"https:\/\/noti-america.com\/site\/venezuela\/wp-content\/uploads\/sites\/2\/2026\/05\/Screenshot_1-5-2026_101858_www.billboard.com_.jpeg\",\"contentUrl\":\"https:\/\/noti-america.com\/site\/venezuela\/wp-content\/uploads\/sites\/2\/2026\/05\/Screenshot_1-5-2026_101858_www.billboard.com_.jpeg\",\"width\":1350,\"height\":634},{\"@type\":\"BreadcrumbList\",\"@id\":\"https:\/\/noti-america.com\/site\/venezuela\/2026\/05\/01\/karol-g-agoto-en-menos-de-24-horas-las-entradas-de-sus-tres-conciertos-de-diciembre-en-bogota-previstos-para-el-4-5-y-6-de-diciembre-en-el-estadio-el-campin\/#breadcrumb\",\"itemListElement\":[{\"@type\":\"ListItem\",\"position\":1,\"name\":\"Portada\",\"item\":\"https:\/\/noti-america.com\/site\/venezuela\/\"},{\"@type\":\"ListItem\",\"position\":2,\"name\":\"Karol G agot\u00f3 en menos de 24 horas las entradas de sus tres conciertos de diciembre en Bogot\u00e1: previstos para el 4, 5 y 6 de diciembre en el estadio El Camp\u00edn\"}]},{\"@type\":\"WebSite\",\"@id\":\"https:\/\/noti-america.com\/site\/venezuela\/#website\",\"url\":\"https:\/\/noti-america.com\/site\/venezuela\/\",\"name\":\"Venezuela | Noti-America.com\",\"description\":\"\",\"publisher\":{\"@id\":\"https:\/\/noti-america.com\/site\/venezuela\/#organization\"},\"potentialAction\":[{\"@type\":\"SearchAction\",\"target\":{\"@type\":\"EntryPoint\",\"urlTemplate\":\"https:\/\/noti-america.com\/site\/venezuela\/?s={search_term_string}\"},\"query-input\":{\"@type\":\"PropertyValueSpecification\",\"valueRequired\":true,\"valueName\":\"search_term_string\"}}],\"inLanguage\":\"es\"},{\"@type\":\"Organization\",\"@id\":\"https:\/\/noti-america.com\/site\/venezuela\/#organization\",\"name\":\"Noti-America LLC | Venezuela\",\"url\":\"https:\/\/noti-america.com\/site\/venezuela\/\",\"logo\":{\"@type\":\"ImageObject\",\"inLanguage\":\"es\",\"@id\":\"https:\/\/noti-america.com\/site\/venezuela\/#\/schema\/logo\/image\/\",\"url\":\"https:\/\/noti-america.com\/site\/venezuela\/wp-content\/uploads\/sites\/2\/2020\/07\/LogoNA-4x3-1.jpg\",\"contentUrl\":\"https:\/\/noti-america.com\/site\/venezuela\/wp-content\/uploads\/sites\/2\/2020\/07\/LogoNA-4x3-1.jpg\",\"width\":1236,\"height\":1080,\"caption\":\"Noti-America LLC | Venezuela\"},\"image\":{\"@id\":\"https:\/\/noti-america.com\/site\/venezuela\/#\/schema\/logo\/image\/\"}},{\"@type\":\"Person\",\"@id\":\"https:\/\/noti-america.com\/site\/venezuela\/#\/schema\/person\/22806efcc2cfc4b45efb0e17be210ea8\",\"name\":\"Maria Valentina Noguera Medina\",\"image\":{\"@type\":\"ImageObject\",\"inLanguage\":\"es\",\"@id\":\"https:\/\/secure.gravatar.com\/avatar\/4ec5eb9d099f2608a49c9df6f7341f66f04f819cdffa09d56a7a0e91d2819d56?s=96&d=mm&r=g\",\"url\":\"https:\/\/secure.gravatar.com\/avatar\/4ec5eb9d099f2608a49c9df6f7341f66f04f819cdffa09d56a7a0e91d2819d56?s=96&d=mm&r=g\",\"contentUrl\":\"https:\/\/secure.gravatar.com\/avatar\/4ec5eb9d099f2608a49c9df6f7341f66f04f819cdffa09d56a7a0e91d2819d56?s=96&d=mm&r=g\",\"caption\":\"Maria Valentina Noguera Medina\"},\"description\":\"Periodista - noti-america - Promar Community Manager - Talento Plus Dise\u00f1adora\/ creadora de contenido...\",\"sameAs\":[\"Mar\u00eda Valentina Noguera\",\"https:\/\/www.facebook.com\/mariavalentina.noguera\",\"https:\/\/www.linkedin.com\/in\/mara-valentina-noguera-medina-373075165\/\",\"https:\/\/www.pinterest.es\/valentinanoguera95\/\",\"https:\/\/www.youtube.com\/channel\/UCdek6mbUZ-Tqqw0I63i4nmQ\"],\"url\":\"https:\/\/noti-america.com\/site\/venezuela\/author\/mnoguera\/\"}]}<\/script>\n<!-- \/ Yoast SEO Premium plugin. -->","yoast_head_json":{"title":"Karol G agot\u00f3 en menos de 24 horas las entradas de sus tres conciertos de diciembre en Bogot\u00e1: previstos para el 4, 5 y 6 de diciembre en el estadio El Camp\u00edn - Venezuela | Noti-America.com","robots":{"index":"index","follow":"follow","max-snippet":"max-snippet:-1","max-image-preview":"max-image-preview:large","max-video-preview":"max-video-preview:-1"},"canonical":"https:\/\/noti-america.com\/site\/venezuela\/2026\/05\/01\/karol-g-agoto-en-menos-de-24-horas-las-entradas-de-sus-tres-conciertos-de-diciembre-en-bogota-previstos-para-el-4-5-y-6-de-diciembre-en-el-estadio-el-campin\/","og_locale":"es_ES","og_type":"article","og_title":"Karol G agot\u00f3 en menos de 24 horas las entradas de sus tres conciertos de diciembre en Bogot\u00e1: previstos para el 4, 5 y 6 de diciembre en el estadio El Camp\u00edn","og_description":"NOTI-AMERICA.COM | VENEZUELA La artista antioque\u00f1a, que hab\u00eda anunciado el mi\u00e9rcoles 29 la ampliaci\u00f3n de conciertos en la capital por la alta dem\u00e2nda, en menos de 24 horas, colg\u00f3 el cartel de \u2018sold out\u2019&#46;&#46;&#46;","og_url":"https:\/\/noti-america.com\/site\/venezuela\/2026\/05\/01\/karol-g-agoto-en-menos-de-24-horas-las-entradas-de-sus-tres-conciertos-de-diciembre-en-bogota-previstos-para-el-4-5-y-6-de-diciembre-en-el-estadio-el-campin\/","og_site_name":"Venezuela | Noti-America.com","article_author":"Mar\u00eda Valentina Noguera","article_published_time":"2026-05-01T14:19:46+00:00","og_image":[{"width":1350,"height":634,"url":"https:\/\/noti-america.com\/site\/venezuela\/wp-content\/uploads\/sites\/2\/2026\/05\/Screenshot_1-5-2026_101858_www.billboard.com_.jpeg","type":"image\/jpeg"}],"author":"Maria Valentina Noguera Medina","twitter_card":"summary_large_image","twitter_misc":{"Escrito por":"Maria Valentina Noguera Medina","Tiempo estimado de lectura":"2 minutos"},"schema":{"@context":"https:\/\/schema.org","@graph":[{"@type":"Article","@id":"https:\/\/noti-america.com\/site\/venezuela\/2026\/05\/01\/karol-g-agoto-en-menos-de-24-horas-las-entradas-de-sus-tres-conciertos-de-diciembre-en-bogota-previstos-para-el-4-5-y-6-de-diciembre-en-el-estadio-el-campin\/#article","isPartOf":{"@id":"https:\/\/noti-america.com\/site\/venezuela\/2026\/05\/01\/karol-g-agoto-en-menos-de-24-horas-las-entradas-de-sus-tres-conciertos-de-diciembre-en-bogota-previstos-para-el-4-5-y-6-de-diciembre-en-el-estadio-el-campin\/"},"author":{"name":"Maria Valentina Noguera Medina","@id":"https:\/\/noti-america.com\/site\/venezuela\/#\/schema\/person\/22806efcc2cfc4b45efb0e17be210ea8"},"headline":"Karol G agot\u00f3 en menos de 24 horas las entradas de sus tres conciertos de diciembre en Bogot\u00e1: previstos para el 4, 5 y 6 de diciembre en el estadio El Camp\u00edn","datePublished":"2026-05-01T14:19:46+00:00","mainEntityOfPage":{"@id":"https:\/\/noti-america.com\/site\/venezuela\/2026\/05\/01\/karol-g-agoto-en-menos-de-24-horas-las-entradas-de-sus-tres-conciertos-de-diciembre-en-bogota-previstos-para-el-4-5-y-6-de-diciembre-en-el-estadio-el-campin\/"},"wordCount":297,"commentCount":0,"publisher":{"@id":"https:\/\/noti-america.com\/site\/venezuela\/#organization"},"image":{"@id":"https:\/\/noti-america.com\/site\/venezuela\/2026\/05\/01\/karol-g-agoto-en-menos-de-24-horas-las-entradas-de-sus-tres-conciertos-de-diciembre-en-bogota-previstos-para-el-4-5-y-6-de-diciembre-en-el-estadio-el-campin\/#primaryimage"},"thumbnailUrl":"https:\/\/noti-america.com\/site\/venezuela\/wp-content\/uploads\/sites\/2\/2026\/05\/Screenshot_1-5-2026_101858_www.billboard.com_.jpeg","articleSection":["Actualidad"],"inLanguage":"es","potentialAction":[{"@type":"CommentAction","name":"Comment","target":["https:\/\/noti-america.com\/site\/venezuela\/2026\/05\/01\/karol-g-agoto-en-menos-de-24-horas-las-entradas-de-sus-tres-conciertos-de-diciembre-en-bogota-previstos-para-el-4-5-y-6-de-diciembre-en-el-estadio-el-campin\/#respond"]}]},{"@type":"WebPage","@id":"https:\/\/noti-america.com\/site\/venezuela\/2026\/05\/01\/karol-g-agoto-en-menos-de-24-horas-las-entradas-de-sus-tres-conciertos-de-diciembre-en-bogota-previstos-para-el-4-5-y-6-de-diciembre-en-el-estadio-el-campin\/","url":"https:\/\/noti-america.com\/site\/venezuela\/2026\/05\/01\/karol-g-agoto-en-menos-de-24-horas-las-entradas-de-sus-tres-conciertos-de-diciembre-en-bogota-previstos-para-el-4-5-y-6-de-diciembre-en-el-estadio-el-campin\/","name":"Karol G agot\u00f3 en menos de 24 horas las entradas de sus tres conciertos de diciembre en Bogot\u00e1: previstos para el 4, 5 y 6 de diciembre en el estadio El Camp\u00edn - Venezuela | Noti-America.com","isPartOf":{"@id":"https:\/\/noti-america.com\/site\/venezuela\/#website"},"primaryImageOfPage":{"@id":"https:\/\/noti-america.com\/site\/venezuela\/2026\/05\/01\/karol-g-agoto-en-menos-de-24-horas-las-entradas-de-sus-tres-conciertos-de-diciembre-en-bogota-previstos-para-el-4-5-y-6-de-diciembre-en-el-estadio-el-campin\/#primaryimage"},"image":{"@id":"https:\/\/noti-america.com\/site\/venezuela\/2026\/05\/01\/karol-g-agoto-en-menos-de-24-horas-las-entradas-de-sus-tres-conciertos-de-diciembre-en-bogota-previstos-para-el-4-5-y-6-de-diciembre-en-el-estadio-el-campin\/#primaryimage"},"thumbnailUrl":"https:\/\/noti-america.com\/site\/venezuela\/wp-content\/uploads\/sites\/2\/2026\/05\/Screenshot_1-5-2026_101858_www.billboard.com_.jpeg","datePublished":"2026-05-01T14:19:46+00:00","breadcrumb":{"@id":"https:\/\/noti-america.com\/site\/venezuela\/2026\/05\/01\/karol-g-agoto-en-menos-de-24-horas-las-entradas-de-sus-tres-conciertos-de-diciembre-en-bogota-previstos-para-el-4-5-y-6-de-diciembre-en-el-estadio-el-campin\/#breadcrumb"},"inLanguage":"es","potentialAction":[{"@type":"ReadAction","target":["https:\/\/noti-america.com\/site\/venezuela\/2026\/05\/01\/karol-g-agoto-en-menos-de-24-horas-las-entradas-de-sus-tres-conciertos-de-diciembre-en-bogota-previstos-para-el-4-5-y-6-de-diciembre-en-el-estadio-el-campin\/"]}]},{"@type":"ImageObject","inLanguage":"es","@id":"https:\/\/noti-america.com\/site\/venezuela\/2026\/05\/01\/karol-g-agoto-en-menos-de-24-horas-las-entradas-de-sus-tres-conciertos-de-diciembre-en-bogota-previstos-para-el-4-5-y-6-de-diciembre-en-el-estadio-el-campin\/#primaryimage","url":"https:\/\/noti-america.com\/site\/venezuela\/wp-content\/uploads\/sites\/2\/2026\/05\/Screenshot_1-5-2026_101858_www.billboard.com_.jpeg","contentUrl":"https:\/\/noti-america.com\/site\/venezuela\/wp-content\/uploads\/sites\/2\/2026\/05\/Screenshot_1-5-2026_101858_www.billboard.com_.jpeg","width":1350,"height":634},{"@type":"BreadcrumbList","@id":"https:\/\/noti-america.com\/site\/venezuela\/2026\/05\/01\/karol-g-agoto-en-menos-de-24-horas-las-entradas-de-sus-tres-conciertos-de-diciembre-en-bogota-previstos-para-el-4-5-y-6-de-diciembre-en-el-estadio-el-campin\/#breadcrumb","itemListElement":[{"@type":"ListItem","position":1,"name":"Portada","item":"https:\/\/noti-america.com\/site\/venezuela\/"},{"@type":"ListItem","position":2,"name":"Karol G agot\u00f3 en menos de 24 horas las entradas de sus tres conciertos de diciembre en Bogot\u00e1: previstos para el 4, 5 y 6 de diciembre en el estadio El Camp\u00edn"}]},{"@type":"WebSite","@id":"https:\/\/noti-america.com\/site\/venezuela\/#website","url":"https:\/\/noti-america.com\/site\/venezuela\/","name":"Venezuela | Noti-America.com","description":"","publisher":{"@id":"https:\/\/noti-america.com\/site\/venezuela\/#organization"},"potentialAction":[{"@type":"SearchAction","target":{"@type":"EntryPoint","urlTemplate":"https:\/\/noti-america.com\/site\/venezuela\/?s={search_term_string}"},"query-input":{"@type":"PropertyValueSpecification","valueRequired":true,"valueName":"search_term_string"}}],"inLanguage":"es"},{"@type":"Organization","@id":"https:\/\/noti-america.com\/site\/venezuela\/#organization","name":"Noti-America LLC | Venezuela","url":"https:\/\/noti-america.com\/site\/venezuela\/","logo":{"@type":"ImageObject","inLanguage":"es","@id":"https:\/\/noti-america.com\/site\/venezuela\/#\/schema\/logo\/image\/","url":"https:\/\/noti-america.com\/site\/venezuela\/wp-content\/uploads\/sites\/2\/2020\/07\/LogoNA-4x3-1.jpg","contentUrl":"https:\/\/noti-america.com\/site\/venezuela\/wp-content\/uploads\/sites\/2\/2020\/07\/LogoNA-4x3-1.jpg","width":1236,"height":1080,"caption":"Noti-America LLC | Venezuela"},"image":{"@id":"https:\/\/noti-america.com\/site\/venezuela\/#\/schema\/logo\/image\/"}},{"@type":"Person","@id":"https:\/\/noti-america.com\/site\/venezuela\/#\/schema\/person\/22806efcc2cfc4b45efb0e17be210ea8","name":"Maria Valentina Noguera Medina","image":{"@type":"ImageObject","inLanguage":"es","@id":"https:\/\/secure.gravatar.com\/avatar\/4ec5eb9d099f2608a49c9df6f7341f66f04f819cdffa09d56a7a0e91d2819d56?s=96&d=mm&r=g","url":"https:\/\/secure.gravatar.com\/avatar\/4ec5eb9d099f2608a49c9df6f7341f66f04f819cdffa09d56a7a0e91d2819d56?s=96&d=mm&r=g","contentUrl":"https:\/\/secure.gravatar.com\/avatar\/4ec5eb9d099f2608a49c9df6f7341f66f04f819cdffa09d56a7a0e91d2819d56?s=96&d=mm&r=g","caption":"Maria Valentina Noguera Medina"},"description":"Periodista - noti-america - Promar Community Manager - Talento Plus Dise\u00f1adora\/ creadora de contenido...","sameAs":["Mar\u00eda Valentina Noguera","https:\/\/www.facebook.com\/mariavalentina.noguera","https:\/\/www.linkedin.com\/in\/mara-valentina-noguera-medina-373075165\/","https:\/\/www.pinterest.es\/valentinanoguera95\/","https:\/\/www.youtube.com\/channel\/UCdek6mbUZ-Tqqw0I63i4nmQ"],"url":"https:\/\/noti-america.com\/site\/venezuela\/author\/mnoguera\/"}]}},"_links":{"self":[{"href":"https:\/\/noti-america.com\/site\/venezuela\/wp-json\/wp\/v2\/posts\/53315","targetHints":{"allow":["GET"]}}],"collection":[{"href":"https:\/\/noti-america.com\/site\/venezuela\/wp-json\/wp\/v2\/posts"}],"about":[{"href":"https:\/\/noti-america.com\/site\/venezuela\/wp-json\/wp\/v2\/types\/post"}],"author":[{"embeddable":true,"href":"https:\/\/noti-america.com\/site\/venezuela\/wp-json\/wp\/v2\/users\/133"}],"replies":[{"embeddable":true,"href":"https:\/\/noti-america.com\/site\/venezuela\/wp-json\/wp\/v2\/comments?post=53315"}],"version-history":[{"count":1,"href":"https:\/\/noti-america.com\/site\/venezuela\/wp-json\/wp\/v2\/posts\/53315\/revisions"}],"predecessor-version":[{"id":53317,"href":"https:\/\/noti-america.com\/site\/venezuela\/wp-json\/wp\/v2\/posts\/53315\/revisions\/53317"}],"wp:featuredmedia":[{"embeddable":true,"href":"https:\/\/noti-america.com\/site\/venezuela\/wp-json\/wp\/v2\/media\/53316"}],"wp:attachment":[{"href":"https:\/\/noti-america.com\/site\/venezuela\/wp-json\/wp\/v2\/media?parent=53315"}],"wp:term":[{"taxonomy":"category","embeddable":true,"href":"https:\/\/noti-america.com\/site\/venezuela\/wp-json\/wp\/v2\/categories?post=53315"},{"taxonomy":"post_tag","embeddable":true,"href":"https:\/\/noti-america.com\/site\/venezuela\/wp-json\/wp\/v2\/tags?post=53315"}],"curies":[{"name":"wp","href":"https:\/\/api.w.org\/{rel}","templated":true}]}}