{"id":53238,"date":"2026-04-29T15:38:22","date_gmt":"2026-04-29T15:38:22","guid":{"rendered":"https:\/\/noti-america.com\/site\/venezuela\/?p=53238"},"modified":"2026-04-29T15:38:22","modified_gmt":"2026-04-29T15:38:22","slug":"ariana-grande-publicara-el-31-de-julio-su-nuevo-album-petal","status":"publish","type":"post","link":"https:\/\/noti-america.com\/site\/venezuela\/2026\/04\/29\/ariana-grande-publicara-el-31-de-julio-su-nuevo-album-petal\/","title":{"rendered":"Ariana Grande publicar\u00e1 el 31 de julio su nuevo \u00e1lbum: &#8216;Petal&#8217;"},"content":{"rendered":"<p>NOTI-AMERICA.COM | VENEZUELA<\/p>\n<p style=\"text-align: justify\">Ariana Grande anunci\u00f3 este martes NOTI-AMERICA.COM | VENEZUELAel inicio de una nueva etapa musical, con el lanzamiento de su octavo \u00e1lbum de estudio, que llevar\u00e1 por t\u00edtulo &#8216;Petal&#8217;, y que se publicar\u00e1 el pr\u00f3ximo 31 de julio.<\/p>\n<p style=\"text-align: justify\">La artista estadounidense ha dado la bienvenida a este nuevo cap\u00edtulo con una fotograf\u00eda en su cuenta de Instagram en la que aparece sonriendo y sin su caracter\u00edstica coleta.<\/p>\n<p style=\"text-align: justify\">El nuevo trabajo discogr\u00e1fico ha sido coescrito entre Grande y el productor sueco-persa Ilya Salmanzadeh.<\/p>\n<p style=\"text-align: justify\">El pasado 18 de abril, la artista comparti\u00f3 un v\u00eddeo en sus redes sociales en el que describ\u00eda este proyecto como \u00abalgo lleno de vida que crece a trav\u00e9s de las grietas de algo fr\u00edo, duro y desafiante\u00bb.<\/p>\n<p style=\"text-align: justify\">Este anuncio se produce en un momento de gran actividad para la artista, quien durante el verano regresar\u00e1 a los escenarios con &#8216;The Eternal Sunshine&#8217;, su primera gira en siete a\u00f1os, luego de su anterior \u00e1lbum, y con el que recorrer\u00e1 Norteam\u00e9rica y que tendr\u00e1 cinco paradas en Londres.<\/p>\n<p style=\"text-align: justify\">La gira se centrar\u00e1 en el s\u00e9ptimo \u00e1lbum de su carrera, &#8216;Eternal Sunshine&#8217; (&#8216;Luz solar eterna&#8217;), una reflexi\u00f3n sobre las relaciones de pareja y lo duro de las rupturas, tras el final de su matrimonio con el agente inmobiliario Dalton Gomez.<\/p>\n<p style=\"text-align: justify\">El tour tambi\u00e9n ser\u00e1 el regreso de Grande a los escenarios desde 2019, cuando promocion\u00f3 los \u00e1lbumes &#8216;Sweetener&#8217; y &#8216;Thank U, Next&#8217;.<\/p>\n<p style=\"text-align: justify\">Desde entonces, la cantante y actriz se ha centrado en proyectos como el exitoso musical de fantas\u00eda &#8216;Wicked&#8217;, donde interpreta a Glinda y cuya segunda parte se estren\u00f3 el pasado 21 de noviembre. La primera entrega estuvo nominada a diez premios \u00d3scar, de los cuales gan\u00f3 dos.<\/p>\n","protected":false},"excerpt":{"rendered":"<p>NOTI-AMERICA.COM | VENEZUELA Ariana Grande anunci\u00f3 este martes NOTI-AMERICA.COM | VENEZUELAel inicio de una nueva etapa musical, con el lanzamiento de su octavo \u00e1lbum de estudio, que llevar\u00e1 por t\u00edtulo &#8216;Petal&#8217;, y que se&#46;&#46;&#46;<\/p>\n","protected":false},"author":133,"featured_media":53239,"comment_status":"open","ping_status":"open","sticky":false,"template":"","format":"image","meta":{"_acf_changed":false,"om_disable_all_campaigns":false,"rop_custom_images_group":[],"rop_custom_messages_group":[],"rop_publish_now":"initial","rop_publish_now_accounts":{"twitter_242054905_242054905":""},"rop_publish_now_history":[],"rop_publish_now_status":"pending","_uf_show_specific_survey":0,"_uf_disable_surveys":false,"footnotes":""},"categories":[498],"tags":[],"class_list":["post-53238","post","type-post","status-publish","format-image","has-post-thumbnail","hentry","category-entretenimiento","post_format-post-format-image"],"acf":[],"aioseo_notices":[],"yoast_head":"<!-- This site is optimized with the Yoast SEO Premium plugin v24.9 (Yoast SEO v27.2) - https:\/\/yoast.com\/product\/yoast-seo-premium-wordpress\/ -->\n<title>Ariana Grande publicar\u00e1 el 31 de julio su nuevo \u00e1lbum: &#039;Petal&#039; - Venezuela | Noti-America.com<\/title>\n<meta name=\"robots\" content=\"index, follow, max-snippet:-1, max-image-preview:large, max-video-preview:-1\" \/>\n<link rel=\"canonical\" href=\"https:\/\/noti-america.com\/site\/venezuela\/2026\/04\/29\/ariana-grande-publicara-el-31-de-julio-su-nuevo-album-petal\/\" \/>\n<meta property=\"og:locale\" content=\"es_ES\" \/>\n<meta property=\"og:type\" content=\"article\" \/>\n<meta property=\"og:title\" content=\"Ariana Grande publicar\u00e1 el 31 de julio su nuevo \u00e1lbum: &#039;Petal&#039;\" \/>\n<meta property=\"og:description\" content=\"NOTI-AMERICA.COM | VENEZUELA Ariana Grande anunci\u00f3 este martes NOTI-AMERICA.COM | VENEZUELAel inicio de una nueva etapa musical, con el lanzamiento de su octavo \u00e1lbum de estudio, que llevar\u00e1 por t\u00edtulo &#8216;Petal&#8217;, y que se&#046;&#046;&#046;\" \/>\n<meta property=\"og:url\" content=\"https:\/\/noti-america.com\/site\/venezuela\/2026\/04\/29\/ariana-grande-publicara-el-31-de-julio-su-nuevo-album-petal\/\" \/>\n<meta property=\"og:site_name\" content=\"Venezuela | Noti-America.com\" \/>\n<meta property=\"article:author\" content=\"Mar\u00eda Valentina Noguera\" \/>\n<meta property=\"article:published_time\" content=\"2026-04-29T15:38:22+00:00\" \/>\n<meta property=\"og:image\" content=\"https:\/\/noti-america.com\/site\/venezuela\/wp-content\/uploads\/sites\/2\/2026\/04\/Screenshot_29-4-2026_113725_w2a-noticierovenevision-net.s3.amazonaws.com_.jpeg\" \/>\n\t<meta property=\"og:image:width\" content=\"1310\" \/>\n\t<meta property=\"og:image:height\" content=\"564\" \/>\n\t<meta property=\"og:image:type\" content=\"image\/jpeg\" \/>\n<meta name=\"author\" content=\"Maria Valentina Noguera Medina\" \/>\n<meta name=\"twitter:card\" content=\"summary_large_image\" \/>\n<meta name=\"twitter:label1\" content=\"Escrito por\" \/>\n\t<meta name=\"twitter:data1\" content=\"Maria Valentina Noguera Medina\" \/>\n\t<meta name=\"twitter:label2\" content=\"Tiempo estimado de lectura\" \/>\n\t<meta name=\"twitter:data2\" content=\"2 minutos\" \/>\n<script type=\"application\/ld+json\" class=\"yoast-schema-graph\">{\"@context\":\"https:\/\/schema.org\",\"@graph\":[{\"@type\":\"Article\",\"@id\":\"https:\/\/noti-america.com\/site\/venezuela\/2026\/04\/29\/ariana-grande-publicara-el-31-de-julio-su-nuevo-album-petal\/#article\",\"isPartOf\":{\"@id\":\"https:\/\/noti-america.com\/site\/venezuela\/2026\/04\/29\/ariana-grande-publicara-el-31-de-julio-su-nuevo-album-petal\/\"},\"author\":{\"name\":\"Maria Valentina Noguera Medina\",\"@id\":\"https:\/\/noti-america.com\/site\/venezuela\/#\/schema\/person\/22806efcc2cfc4b45efb0e17be210ea8\"},\"headline\":\"Ariana Grande publicar\u00e1 el 31 de julio su nuevo \u00e1lbum: &#8216;Petal&#8217;\",\"datePublished\":\"2026-04-29T15:38:22+00:00\",\"mainEntityOfPage\":{\"@id\":\"https:\/\/noti-america.com\/site\/venezuela\/2026\/04\/29\/ariana-grande-publicara-el-31-de-julio-su-nuevo-album-petal\/\"},\"wordCount\":303,\"commentCount\":0,\"publisher\":{\"@id\":\"https:\/\/noti-america.com\/site\/venezuela\/#organization\"},\"image\":{\"@id\":\"https:\/\/noti-america.com\/site\/venezuela\/2026\/04\/29\/ariana-grande-publicara-el-31-de-julio-su-nuevo-album-petal\/#primaryimage\"},\"thumbnailUrl\":\"https:\/\/noti-america.com\/site\/venezuela\/wp-content\/uploads\/sites\/2\/2026\/04\/Screenshot_29-4-2026_113725_w2a-noticierovenevision-net.s3.amazonaws.com_.jpeg\",\"articleSection\":[\"Entretenimiento\"],\"inLanguage\":\"es\",\"potentialAction\":[{\"@type\":\"CommentAction\",\"name\":\"Comment\",\"target\":[\"https:\/\/noti-america.com\/site\/venezuela\/2026\/04\/29\/ariana-grande-publicara-el-31-de-julio-su-nuevo-album-petal\/#respond\"]}]},{\"@type\":\"WebPage\",\"@id\":\"https:\/\/noti-america.com\/site\/venezuela\/2026\/04\/29\/ariana-grande-publicara-el-31-de-julio-su-nuevo-album-petal\/\",\"url\":\"https:\/\/noti-america.com\/site\/venezuela\/2026\/04\/29\/ariana-grande-publicara-el-31-de-julio-su-nuevo-album-petal\/\",\"name\":\"Ariana Grande publicar\u00e1 el 31 de julio su nuevo \u00e1lbum: 'Petal' - Venezuela | Noti-America.com\",\"isPartOf\":{\"@id\":\"https:\/\/noti-america.com\/site\/venezuela\/#website\"},\"primaryImageOfPage\":{\"@id\":\"https:\/\/noti-america.com\/site\/venezuela\/2026\/04\/29\/ariana-grande-publicara-el-31-de-julio-su-nuevo-album-petal\/#primaryimage\"},\"image\":{\"@id\":\"https:\/\/noti-america.com\/site\/venezuela\/2026\/04\/29\/ariana-grande-publicara-el-31-de-julio-su-nuevo-album-petal\/#primaryimage\"},\"thumbnailUrl\":\"https:\/\/noti-america.com\/site\/venezuela\/wp-content\/uploads\/sites\/2\/2026\/04\/Screenshot_29-4-2026_113725_w2a-noticierovenevision-net.s3.amazonaws.com_.jpeg\",\"datePublished\":\"2026-04-29T15:38:22+00:00\",\"breadcrumb\":{\"@id\":\"https:\/\/noti-america.com\/site\/venezuela\/2026\/04\/29\/ariana-grande-publicara-el-31-de-julio-su-nuevo-album-petal\/#breadcrumb\"},\"inLanguage\":\"es\",\"potentialAction\":[{\"@type\":\"ReadAction\",\"target\":[\"https:\/\/noti-america.com\/site\/venezuela\/2026\/04\/29\/ariana-grande-publicara-el-31-de-julio-su-nuevo-album-petal\/\"]}]},{\"@type\":\"ImageObject\",\"inLanguage\":\"es\",\"@id\":\"https:\/\/noti-america.com\/site\/venezuela\/2026\/04\/29\/ariana-grande-publicara-el-31-de-julio-su-nuevo-album-petal\/#primaryimage\",\"url\":\"https:\/\/noti-america.com\/site\/venezuela\/wp-content\/uploads\/sites\/2\/2026\/04\/Screenshot_29-4-2026_113725_w2a-noticierovenevision-net.s3.amazonaws.com_.jpeg\",\"contentUrl\":\"https:\/\/noti-america.com\/site\/venezuela\/wp-content\/uploads\/sites\/2\/2026\/04\/Screenshot_29-4-2026_113725_w2a-noticierovenevision-net.s3.amazonaws.com_.jpeg\",\"width\":1310,\"height\":564},{\"@type\":\"BreadcrumbList\",\"@id\":\"https:\/\/noti-america.com\/site\/venezuela\/2026\/04\/29\/ariana-grande-publicara-el-31-de-julio-su-nuevo-album-petal\/#breadcrumb\",\"itemListElement\":[{\"@type\":\"ListItem\",\"position\":1,\"name\":\"Portada\",\"item\":\"https:\/\/noti-america.com\/site\/venezuela\/\"},{\"@type\":\"ListItem\",\"position\":2,\"name\":\"Ariana Grande publicar\u00e1 el 31 de julio su nuevo \u00e1lbum: &#8216;Petal&#8217;\"}]},{\"@type\":\"WebSite\",\"@id\":\"https:\/\/noti-america.com\/site\/venezuela\/#website\",\"url\":\"https:\/\/noti-america.com\/site\/venezuela\/\",\"name\":\"Venezuela | Noti-America.com\",\"description\":\"\",\"publisher\":{\"@id\":\"https:\/\/noti-america.com\/site\/venezuela\/#organization\"},\"potentialAction\":[{\"@type\":\"SearchAction\",\"target\":{\"@type\":\"EntryPoint\",\"urlTemplate\":\"https:\/\/noti-america.com\/site\/venezuela\/?s={search_term_string}\"},\"query-input\":{\"@type\":\"PropertyValueSpecification\",\"valueRequired\":true,\"valueName\":\"search_term_string\"}}],\"inLanguage\":\"es\"},{\"@type\":\"Organization\",\"@id\":\"https:\/\/noti-america.com\/site\/venezuela\/#organization\",\"name\":\"Noti-America LLC | Venezuela\",\"url\":\"https:\/\/noti-america.com\/site\/venezuela\/\",\"logo\":{\"@type\":\"ImageObject\",\"inLanguage\":\"es\",\"@id\":\"https:\/\/noti-america.com\/site\/venezuela\/#\/schema\/logo\/image\/\",\"url\":\"https:\/\/noti-america.com\/site\/venezuela\/wp-content\/uploads\/sites\/2\/2020\/07\/LogoNA-4x3-1.jpg\",\"contentUrl\":\"https:\/\/noti-america.com\/site\/venezuela\/wp-content\/uploads\/sites\/2\/2020\/07\/LogoNA-4x3-1.jpg\",\"width\":1236,\"height\":1080,\"caption\":\"Noti-America LLC | Venezuela\"},\"image\":{\"@id\":\"https:\/\/noti-america.com\/site\/venezuela\/#\/schema\/logo\/image\/\"}},{\"@type\":\"Person\",\"@id\":\"https:\/\/noti-america.com\/site\/venezuela\/#\/schema\/person\/22806efcc2cfc4b45efb0e17be210ea8\",\"name\":\"Maria Valentina Noguera Medina\",\"image\":{\"@type\":\"ImageObject\",\"inLanguage\":\"es\",\"@id\":\"https:\/\/secure.gravatar.com\/avatar\/4ec5eb9d099f2608a49c9df6f7341f66f04f819cdffa09d56a7a0e91d2819d56?s=96&d=mm&r=g\",\"url\":\"https:\/\/secure.gravatar.com\/avatar\/4ec5eb9d099f2608a49c9df6f7341f66f04f819cdffa09d56a7a0e91d2819d56?s=96&d=mm&r=g\",\"contentUrl\":\"https:\/\/secure.gravatar.com\/avatar\/4ec5eb9d099f2608a49c9df6f7341f66f04f819cdffa09d56a7a0e91d2819d56?s=96&d=mm&r=g\",\"caption\":\"Maria Valentina Noguera Medina\"},\"description\":\"Periodista - noti-america - Promar Community Manager - Talento Plus Dise\u00f1adora\/ creadora de contenido...\",\"sameAs\":[\"Mar\u00eda Valentina Noguera\",\"https:\/\/www.facebook.com\/mariavalentina.noguera\",\"https:\/\/www.linkedin.com\/in\/mara-valentina-noguera-medina-373075165\/\",\"https:\/\/www.pinterest.es\/valentinanoguera95\/\",\"https:\/\/www.youtube.com\/channel\/UCdek6mbUZ-Tqqw0I63i4nmQ\"],\"url\":\"https:\/\/noti-america.com\/site\/venezuela\/author\/mnoguera\/\"}]}<\/script>\n<!-- \/ Yoast SEO Premium plugin. -->","yoast_head_json":{"title":"Ariana Grande publicar\u00e1 el 31 de julio su nuevo \u00e1lbum: 'Petal' - Venezuela | Noti-America.com","robots":{"index":"index","follow":"follow","max-snippet":"max-snippet:-1","max-image-preview":"max-image-preview:large","max-video-preview":"max-video-preview:-1"},"canonical":"https:\/\/noti-america.com\/site\/venezuela\/2026\/04\/29\/ariana-grande-publicara-el-31-de-julio-su-nuevo-album-petal\/","og_locale":"es_ES","og_type":"article","og_title":"Ariana Grande publicar\u00e1 el 31 de julio su nuevo \u00e1lbum: 'Petal'","og_description":"NOTI-AMERICA.COM | VENEZUELA Ariana Grande anunci\u00f3 este martes NOTI-AMERICA.COM | VENEZUELAel inicio de una nueva etapa musical, con el lanzamiento de su octavo \u00e1lbum de estudio, que llevar\u00e1 por t\u00edtulo &#8216;Petal&#8217;, y que se&#46;&#46;&#46;","og_url":"https:\/\/noti-america.com\/site\/venezuela\/2026\/04\/29\/ariana-grande-publicara-el-31-de-julio-su-nuevo-album-petal\/","og_site_name":"Venezuela | Noti-America.com","article_author":"Mar\u00eda Valentina Noguera","article_published_time":"2026-04-29T15:38:22+00:00","og_image":[{"width":1310,"height":564,"url":"https:\/\/noti-america.com\/site\/venezuela\/wp-content\/uploads\/sites\/2\/2026\/04\/Screenshot_29-4-2026_113725_w2a-noticierovenevision-net.s3.amazonaws.com_.jpeg","type":"image\/jpeg"}],"author":"Maria Valentina Noguera Medina","twitter_card":"summary_large_image","twitter_misc":{"Escrito por":"Maria Valentina Noguera Medina","Tiempo estimado de lectura":"2 minutos"},"schema":{"@context":"https:\/\/schema.org","@graph":[{"@type":"Article","@id":"https:\/\/noti-america.com\/site\/venezuela\/2026\/04\/29\/ariana-grande-publicara-el-31-de-julio-su-nuevo-album-petal\/#article","isPartOf":{"@id":"https:\/\/noti-america.com\/site\/venezuela\/2026\/04\/29\/ariana-grande-publicara-el-31-de-julio-su-nuevo-album-petal\/"},"author":{"name":"Maria Valentina Noguera Medina","@id":"https:\/\/noti-america.com\/site\/venezuela\/#\/schema\/person\/22806efcc2cfc4b45efb0e17be210ea8"},"headline":"Ariana Grande publicar\u00e1 el 31 de julio su nuevo \u00e1lbum: &#8216;Petal&#8217;","datePublished":"2026-04-29T15:38:22+00:00","mainEntityOfPage":{"@id":"https:\/\/noti-america.com\/site\/venezuela\/2026\/04\/29\/ariana-grande-publicara-el-31-de-julio-su-nuevo-album-petal\/"},"wordCount":303,"commentCount":0,"publisher":{"@id":"https:\/\/noti-america.com\/site\/venezuela\/#organization"},"image":{"@id":"https:\/\/noti-america.com\/site\/venezuela\/2026\/04\/29\/ariana-grande-publicara-el-31-de-julio-su-nuevo-album-petal\/#primaryimage"},"thumbnailUrl":"https:\/\/noti-america.com\/site\/venezuela\/wp-content\/uploads\/sites\/2\/2026\/04\/Screenshot_29-4-2026_113725_w2a-noticierovenevision-net.s3.amazonaws.com_.jpeg","articleSection":["Entretenimiento"],"inLanguage":"es","potentialAction":[{"@type":"CommentAction","name":"Comment","target":["https:\/\/noti-america.com\/site\/venezuela\/2026\/04\/29\/ariana-grande-publicara-el-31-de-julio-su-nuevo-album-petal\/#respond"]}]},{"@type":"WebPage","@id":"https:\/\/noti-america.com\/site\/venezuela\/2026\/04\/29\/ariana-grande-publicara-el-31-de-julio-su-nuevo-album-petal\/","url":"https:\/\/noti-america.com\/site\/venezuela\/2026\/04\/29\/ariana-grande-publicara-el-31-de-julio-su-nuevo-album-petal\/","name":"Ariana Grande publicar\u00e1 el 31 de julio su nuevo \u00e1lbum: 'Petal' - Venezuela | Noti-America.com","isPartOf":{"@id":"https:\/\/noti-america.com\/site\/venezuela\/#website"},"primaryImageOfPage":{"@id":"https:\/\/noti-america.com\/site\/venezuela\/2026\/04\/29\/ariana-grande-publicara-el-31-de-julio-su-nuevo-album-petal\/#primaryimage"},"image":{"@id":"https:\/\/noti-america.com\/site\/venezuela\/2026\/04\/29\/ariana-grande-publicara-el-31-de-julio-su-nuevo-album-petal\/#primaryimage"},"thumbnailUrl":"https:\/\/noti-america.com\/site\/venezuela\/wp-content\/uploads\/sites\/2\/2026\/04\/Screenshot_29-4-2026_113725_w2a-noticierovenevision-net.s3.amazonaws.com_.jpeg","datePublished":"2026-04-29T15:38:22+00:00","breadcrumb":{"@id":"https:\/\/noti-america.com\/site\/venezuela\/2026\/04\/29\/ariana-grande-publicara-el-31-de-julio-su-nuevo-album-petal\/#breadcrumb"},"inLanguage":"es","potentialAction":[{"@type":"ReadAction","target":["https:\/\/noti-america.com\/site\/venezuela\/2026\/04\/29\/ariana-grande-publicara-el-31-de-julio-su-nuevo-album-petal\/"]}]},{"@type":"ImageObject","inLanguage":"es","@id":"https:\/\/noti-america.com\/site\/venezuela\/2026\/04\/29\/ariana-grande-publicara-el-31-de-julio-su-nuevo-album-petal\/#primaryimage","url":"https:\/\/noti-america.com\/site\/venezuela\/wp-content\/uploads\/sites\/2\/2026\/04\/Screenshot_29-4-2026_113725_w2a-noticierovenevision-net.s3.amazonaws.com_.jpeg","contentUrl":"https:\/\/noti-america.com\/site\/venezuela\/wp-content\/uploads\/sites\/2\/2026\/04\/Screenshot_29-4-2026_113725_w2a-noticierovenevision-net.s3.amazonaws.com_.jpeg","width":1310,"height":564},{"@type":"BreadcrumbList","@id":"https:\/\/noti-america.com\/site\/venezuela\/2026\/04\/29\/ariana-grande-publicara-el-31-de-julio-su-nuevo-album-petal\/#breadcrumb","itemListElement":[{"@type":"ListItem","position":1,"name":"Portada","item":"https:\/\/noti-america.com\/site\/venezuela\/"},{"@type":"ListItem","position":2,"name":"Ariana Grande publicar\u00e1 el 31 de julio su nuevo \u00e1lbum: &#8216;Petal&#8217;"}]},{"@type":"WebSite","@id":"https:\/\/noti-america.com\/site\/venezuela\/#website","url":"https:\/\/noti-america.com\/site\/venezuela\/","name":"Venezuela | Noti-America.com","description":"","publisher":{"@id":"https:\/\/noti-america.com\/site\/venezuela\/#organization"},"potentialAction":[{"@type":"SearchAction","target":{"@type":"EntryPoint","urlTemplate":"https:\/\/noti-america.com\/site\/venezuela\/?s={search_term_string}"},"query-input":{"@type":"PropertyValueSpecification","valueRequired":true,"valueName":"search_term_string"}}],"inLanguage":"es"},{"@type":"Organization","@id":"https:\/\/noti-america.com\/site\/venezuela\/#organization","name":"Noti-America LLC | Venezuela","url":"https:\/\/noti-america.com\/site\/venezuela\/","logo":{"@type":"ImageObject","inLanguage":"es","@id":"https:\/\/noti-america.com\/site\/venezuela\/#\/schema\/logo\/image\/","url":"https:\/\/noti-america.com\/site\/venezuela\/wp-content\/uploads\/sites\/2\/2020\/07\/LogoNA-4x3-1.jpg","contentUrl":"https:\/\/noti-america.com\/site\/venezuela\/wp-content\/uploads\/sites\/2\/2020\/07\/LogoNA-4x3-1.jpg","width":1236,"height":1080,"caption":"Noti-America LLC | Venezuela"},"image":{"@id":"https:\/\/noti-america.com\/site\/venezuela\/#\/schema\/logo\/image\/"}},{"@type":"Person","@id":"https:\/\/noti-america.com\/site\/venezuela\/#\/schema\/person\/22806efcc2cfc4b45efb0e17be210ea8","name":"Maria Valentina Noguera Medina","image":{"@type":"ImageObject","inLanguage":"es","@id":"https:\/\/secure.gravatar.com\/avatar\/4ec5eb9d099f2608a49c9df6f7341f66f04f819cdffa09d56a7a0e91d2819d56?s=96&d=mm&r=g","url":"https:\/\/secure.gravatar.com\/avatar\/4ec5eb9d099f2608a49c9df6f7341f66f04f819cdffa09d56a7a0e91d2819d56?s=96&d=mm&r=g","contentUrl":"https:\/\/secure.gravatar.com\/avatar\/4ec5eb9d099f2608a49c9df6f7341f66f04f819cdffa09d56a7a0e91d2819d56?s=96&d=mm&r=g","caption":"Maria Valentina Noguera Medina"},"description":"Periodista - noti-america - Promar Community Manager - Talento Plus Dise\u00f1adora\/ creadora de contenido...","sameAs":["Mar\u00eda Valentina Noguera","https:\/\/www.facebook.com\/mariavalentina.noguera","https:\/\/www.linkedin.com\/in\/mara-valentina-noguera-medina-373075165\/","https:\/\/www.pinterest.es\/valentinanoguera95\/","https:\/\/www.youtube.com\/channel\/UCdek6mbUZ-Tqqw0I63i4nmQ"],"url":"https:\/\/noti-america.com\/site\/venezuela\/author\/mnoguera\/"}]}},"_links":{"self":[{"href":"https:\/\/noti-america.com\/site\/venezuela\/wp-json\/wp\/v2\/posts\/53238","targetHints":{"allow":["GET"]}}],"collection":[{"href":"https:\/\/noti-america.com\/site\/venezuela\/wp-json\/wp\/v2\/posts"}],"about":[{"href":"https:\/\/noti-america.com\/site\/venezuela\/wp-json\/wp\/v2\/types\/post"}],"author":[{"embeddable":true,"href":"https:\/\/noti-america.com\/site\/venezuela\/wp-json\/wp\/v2\/users\/133"}],"replies":[{"embeddable":true,"href":"https:\/\/noti-america.com\/site\/venezuela\/wp-json\/wp\/v2\/comments?post=53238"}],"version-history":[{"count":1,"href":"https:\/\/noti-america.com\/site\/venezuela\/wp-json\/wp\/v2\/posts\/53238\/revisions"}],"predecessor-version":[{"id":53240,"href":"https:\/\/noti-america.com\/site\/venezuela\/wp-json\/wp\/v2\/posts\/53238\/revisions\/53240"}],"wp:featuredmedia":[{"embeddable":true,"href":"https:\/\/noti-america.com\/site\/venezuela\/wp-json\/wp\/v2\/media\/53239"}],"wp:attachment":[{"href":"https:\/\/noti-america.com\/site\/venezuela\/wp-json\/wp\/v2\/media?parent=53238"}],"wp:term":[{"taxonomy":"category","embeddable":true,"href":"https:\/\/noti-america.com\/site\/venezuela\/wp-json\/wp\/v2\/categories?post=53238"},{"taxonomy":"post_tag","embeddable":true,"href":"https:\/\/noti-america.com\/site\/venezuela\/wp-json\/wp\/v2\/tags?post=53238"}],"curies":[{"name":"wp","href":"https:\/\/api.w.org\/{rel}","templated":true}]}}