{"id":53210,"date":"2026-04-28T16:50:56","date_gmt":"2026-04-28T16:50:56","guid":{"rendered":"https:\/\/noti-america.com\/site\/venezuela\/2026\/04\/28\/luka-modric-se-despide-de-la-temporada-con-el-ac-milan-tras-una-fractura-facial\/"},"modified":"2026-04-28T16:50:58","modified_gmt":"2026-04-28T16:50:58","slug":"luka-modric-se-despide-de-la-temporada-con-el-ac-milan-tras-una-fractura-facial","status":"publish","type":"post","link":"https:\/\/noti-america.com\/site\/venezuela\/2026\/04\/28\/luka-modric-se-despide-de-la-temporada-con-el-ac-milan-tras-una-fractura-facial\/","title":{"rendered":"Luka Modri\u0107 se despide de la temporada con el AC Milan tras una fractura facial"},"content":{"rendered":"<h2 dir=\"ltr\" style=\"text-align: justify\"><img loading=\"lazy\" decoding=\"async\" class=\"size-full wp-image-53211 aligncenter\" src=\"https:\/\/noti-america.com\/site\/venezuela\/wp-content\/uploads\/sites\/2\/2026\/04\/IMG_20260428_124556.jpg\" alt=\"\" width=\"1080\" height=\"552\" srcset=\"https:\/\/noti-america.com\/site\/venezuela\/wp-content\/uploads\/sites\/2\/2026\/04\/IMG_20260428_124556.jpg 1080w, https:\/\/noti-america.com\/site\/venezuela\/wp-content\/uploads\/sites\/2\/2026\/04\/IMG_20260428_124556-300x153.jpg 300w, https:\/\/noti-america.com\/site\/venezuela\/wp-content\/uploads\/sites\/2\/2026\/04\/IMG_20260428_124556-1024x523.jpg 1024w, https:\/\/noti-america.com\/site\/venezuela\/wp-content\/uploads\/sites\/2\/2026\/04\/IMG_20260428_124556-768x393.jpg 768w\" sizes=\"auto, (max-width: 1080px) 100vw, 1080px\" \/><\/h2>\n<p dir=\"ltr\" style=\"text-align: justify\">\u200bEl veterano mediocampista croata Luka Modri\u0107 ha sido descartado para lo que resta de la temporada 2025-2026 tras sufrir una grave lesi\u00f3n durante el Cl\u00e1sico italiano contra la Juventus el pasado domingo. El encuentro, que termin\u00f3 en un empate sin goles (0-0), dej\u00f3 un saldo amargo para los <i>rossoneri<\/i> con la salida forzosa de su capit\u00e1n en el minuto 79.<\/p>\n<h3 dir=\"ltr\" style=\"text-align: justify\">\u200b<b>El accidente en San Siro<\/b><\/h3>\n<p dir=\"ltr\" style=\"text-align: justify\">\u200bLa lesi\u00f3n se produjo tras un fuerte choque a\u00e9reo de cabezas con el centrocampista de la Juventus, <b>Manuel Locatelli<\/b>. Aunque Modri\u0107 intent\u00f3 mantenerse en el campo, el impacto result\u00f3 en una <b>fractura m\u00faltiple en el hueso cigom\u00e1tico izquierdo<\/b> (p\u00f3mulo). El propio Locatelli, al finalizar el encuentro, expres\u00f3 sus disculpas p\u00fablicamente: <i>\u00abEs una pena que un campe\u00f3n como \u00e9l salga as\u00ed del partido; le ped\u00ed perd\u00f3n, fue una lucha de cabezas\u00bb<\/i>.<\/p>\n<h3 dir=\"ltr\" style=\"text-align: justify\">\u200b<b>Intervenci\u00f3n quir\u00fargica exitosa<\/b><\/h3>\n<p dir=\"ltr\" style=\"text-align: justify\">\u200bEl AC Milan confirm\u00f3 mediante un comunicado oficial que el croata fue operado con \u00e9xito este lunes en una cl\u00ednica especializada. Los m\u00e9dicos del club describieron la lesi\u00f3n como una \u00abfractura compleja y multifragmentaria\u00bb, la cual requer\u00eda una intervenci\u00f3n inmediata para asegurar la correcta reconstrucci\u00f3n de la zona afectada.<\/p>\n<p dir=\"ltr\" style=\"text-align: justify\">\u200bSi bien el club no ha dado un tiempo exacto de baja, se ha confirmado que Modri\u0107 <b>se perder\u00e1 los \u00faltimos cuatro partidos de la Serie A<\/b>, donde el Milan actualmente lucha por asegurar el podio de la clasificaci\u00f3n.<\/p>\n<h3 dir=\"ltr\" style=\"text-align: justify\">\u200b<b>Optimismo de cara al Mundial 2026<\/b><\/h3>\n<p dir=\"ltr\" style=\"text-align: justify\">\u200bA pesar de la gravedad del golpe, la Federaci\u00f3n Croata de F\u00fatbol (HNS) ha enviado un mensaje de tranquilidad a los aficionados. El seleccionador <b>Zlatko Dali\u0107<\/b> afirm\u00f3 haber hablado con el jugador y conf\u00eda plenamente en su recuperaci\u00f3n para la cita mundialista de este verano en Estados Unidos, M\u00e9xico y Canad\u00e1.<\/p>\n<blockquote>\n<p dir=\"ltr\">\u200b<i>\u00abEstoy convencido de que Luka har\u00e1 todo lo posible para estar listo. Es nuestro capit\u00e1n y confiamos en que nos liderar\u00e1 en otra gran competici\u00f3n este verano\u00bb<\/i>, declar\u00f3 Dali\u0107.<\/p>\n<\/blockquote>\n<p style=\"text-align: justify\">\n<p dir=\"ltr\" style=\"text-align: justify\">\u200bSe espera que el mediocampista de 40 a\u00f1os inicie su proceso de rehabilitaci\u00f3n en las pr\u00f3ximas semanas y, de ser necesario, podr\u00eda utilizar una <b>m\u00e1scara protectora<\/b> durante los primeros encuentros de la fase de grupos del Mundial, donde Croacia debutar\u00e1 el 17 de junio contra Inglaterra.<\/p>\n<p dir=\"ltr\" style=\"text-align: justify\">\u200b<b>Dato para el cierre:<\/b><\/p>\n<p dir=\"ltr\" style=\"text-align: justify\">Con su contrato actual con el Milan expirando este verano, la incertidumbre ahora gira no solo en torno a su recuperaci\u00f3n f\u00edsica, sino tambi\u00e9n sobre su futuro en el club italiano para la pr\u00f3xima campa\u00f1a.<\/p>\n","protected":false},"excerpt":{"rendered":"<p>\u200bEl veterano mediocampista croata Luka Modri\u0107 ha sido descartado para lo que resta de la temporada 2025-2026 tras sufrir una grave lesi\u00f3n durante el Cl\u00e1sico italiano contra la Juventus el pasado domingo. El encuentro,&#46;&#46;&#46;<\/p>\n","protected":false},"author":55,"featured_media":53211,"comment_status":"open","ping_status":"open","sticky":false,"template":"","format":"standard","meta":{"_acf_changed":false,"om_disable_all_campaigns":false,"rop_custom_images_group":[],"rop_custom_messages_group":[],"rop_publish_now":"initial","rop_publish_now_accounts":{"twitter_242054905_242054905":""},"rop_publish_now_history":[],"rop_publish_now_status":"pending","_uf_show_specific_survey":0,"_uf_disable_surveys":false,"footnotes":""},"categories":[16,394],"tags":[235,1878],"class_list":["post-53210","post","type-post","status-publish","format-standard","has-post-thumbnail","hentry","category-deportes","category-futbol-internacional","tag-futbol","tag-luka-modric"],"acf":[],"aioseo_notices":[],"yoast_head":"<!-- This site is optimized with the Yoast SEO Premium plugin v24.9 (Yoast SEO v27.2) - https:\/\/yoast.com\/product\/yoast-seo-premium-wordpress\/ -->\n<title>Luka Modri\u0107 se despide de la temporada con el AC Milan tras una fractura facial - Venezuela | Noti-America.com<\/title>\n<meta name=\"robots\" content=\"index, follow, max-snippet:-1, max-image-preview:large, max-video-preview:-1\" \/>\n<link rel=\"canonical\" href=\"https:\/\/noti-america.com\/site\/venezuela\/2026\/04\/28\/luka-modric-se-despide-de-la-temporada-con-el-ac-milan-tras-una-fractura-facial\/\" \/>\n<meta property=\"og:locale\" content=\"es_ES\" \/>\n<meta property=\"og:type\" content=\"article\" \/>\n<meta property=\"og:title\" content=\"Luka Modri\u0107 se despide de la temporada con el AC Milan tras una fractura facial\" \/>\n<meta property=\"og:description\" content=\"\u200bEl veterano mediocampista croata Luka Modri\u0107 ha sido descartado para lo que resta de la temporada 2025-2026 tras sufrir una grave lesi\u00f3n durante el Cl\u00e1sico italiano contra la Juventus el pasado domingo. El encuentro,&#046;&#046;&#046;\" \/>\n<meta property=\"og:url\" content=\"https:\/\/noti-america.com\/site\/venezuela\/2026\/04\/28\/luka-modric-se-despide-de-la-temporada-con-el-ac-milan-tras-una-fractura-facial\/\" \/>\n<meta property=\"og:site_name\" content=\"Venezuela | Noti-America.com\" \/>\n<meta property=\"article:published_time\" content=\"2026-04-28T16:50:56+00:00\" \/>\n<meta property=\"article:modified_time\" content=\"2026-04-28T16:50:58+00:00\" \/>\n<meta property=\"og:image\" content=\"https:\/\/noti-america.com\/site\/venezuela\/wp-content\/uploads\/sites\/2\/2026\/04\/IMG_20260428_124556.jpg\" \/>\n\t<meta property=\"og:image:width\" content=\"1080\" \/>\n\t<meta property=\"og:image:height\" content=\"552\" \/>\n\t<meta property=\"og:image:type\" content=\"image\/jpeg\" \/>\n<meta name=\"author\" content=\"Ana Maria Correa\" \/>\n<meta name=\"twitter:card\" content=\"summary_large_image\" \/>\n<meta name=\"twitter:label1\" content=\"Escrito por\" \/>\n\t<meta name=\"twitter:data1\" content=\"Ana Maria Correa\" \/>\n\t<meta name=\"twitter:label2\" content=\"Tiempo estimado de lectura\" \/>\n\t<meta name=\"twitter:data2\" content=\"2 minutos\" \/>\n<script type=\"application\/ld+json\" class=\"yoast-schema-graph\">{\"@context\":\"https:\/\/schema.org\",\"@graph\":[{\"@type\":\"Article\",\"@id\":\"https:\/\/noti-america.com\/site\/venezuela\/2026\/04\/28\/luka-modric-se-despide-de-la-temporada-con-el-ac-milan-tras-una-fractura-facial\/#article\",\"isPartOf\":{\"@id\":\"https:\/\/noti-america.com\/site\/venezuela\/2026\/04\/28\/luka-modric-se-despide-de-la-temporada-con-el-ac-milan-tras-una-fractura-facial\/\"},\"author\":{\"name\":\"Ana Maria Correa\",\"@id\":\"https:\/\/noti-america.com\/site\/venezuela\/#\/schema\/person\/bc58472b8ba32d08cc134078067f8b58\"},\"headline\":\"Luka Modri\u0107 se despide de la temporada con el AC Milan tras una fractura facial\",\"datePublished\":\"2026-04-28T16:50:56+00:00\",\"dateModified\":\"2026-04-28T16:50:58+00:00\",\"mainEntityOfPage\":{\"@id\":\"https:\/\/noti-america.com\/site\/venezuela\/2026\/04\/28\/luka-modric-se-despide-de-la-temporada-con-el-ac-milan-tras-una-fractura-facial\/\"},\"wordCount\":445,\"commentCount\":0,\"publisher\":{\"@id\":\"https:\/\/noti-america.com\/site\/venezuela\/#organization\"},\"image\":{\"@id\":\"https:\/\/noti-america.com\/site\/venezuela\/2026\/04\/28\/luka-modric-se-despide-de-la-temporada-con-el-ac-milan-tras-una-fractura-facial\/#primaryimage\"},\"thumbnailUrl\":\"https:\/\/noti-america.com\/site\/venezuela\/wp-content\/uploads\/sites\/2\/2026\/04\/IMG_20260428_124556.jpg\",\"keywords\":[\"FUTBOL\",\"Luka Modric\"],\"articleSection\":[\"Deportes\",\"Futbol Internacional\"],\"inLanguage\":\"es\",\"potentialAction\":[{\"@type\":\"CommentAction\",\"name\":\"Comment\",\"target\":[\"https:\/\/noti-america.com\/site\/venezuela\/2026\/04\/28\/luka-modric-se-despide-de-la-temporada-con-el-ac-milan-tras-una-fractura-facial\/#respond\"]}]},{\"@type\":\"WebPage\",\"@id\":\"https:\/\/noti-america.com\/site\/venezuela\/2026\/04\/28\/luka-modric-se-despide-de-la-temporada-con-el-ac-milan-tras-una-fractura-facial\/\",\"url\":\"https:\/\/noti-america.com\/site\/venezuela\/2026\/04\/28\/luka-modric-se-despide-de-la-temporada-con-el-ac-milan-tras-una-fractura-facial\/\",\"name\":\"Luka Modri\u0107 se despide de la temporada con el AC Milan tras una fractura facial - Venezuela | Noti-America.com\",\"isPartOf\":{\"@id\":\"https:\/\/noti-america.com\/site\/venezuela\/#website\"},\"primaryImageOfPage\":{\"@id\":\"https:\/\/noti-america.com\/site\/venezuela\/2026\/04\/28\/luka-modric-se-despide-de-la-temporada-con-el-ac-milan-tras-una-fractura-facial\/#primaryimage\"},\"image\":{\"@id\":\"https:\/\/noti-america.com\/site\/venezuela\/2026\/04\/28\/luka-modric-se-despide-de-la-temporada-con-el-ac-milan-tras-una-fractura-facial\/#primaryimage\"},\"thumbnailUrl\":\"https:\/\/noti-america.com\/site\/venezuela\/wp-content\/uploads\/sites\/2\/2026\/04\/IMG_20260428_124556.jpg\",\"datePublished\":\"2026-04-28T16:50:56+00:00\",\"dateModified\":\"2026-04-28T16:50:58+00:00\",\"breadcrumb\":{\"@id\":\"https:\/\/noti-america.com\/site\/venezuela\/2026\/04\/28\/luka-modric-se-despide-de-la-temporada-con-el-ac-milan-tras-una-fractura-facial\/#breadcrumb\"},\"inLanguage\":\"es\",\"potentialAction\":[{\"@type\":\"ReadAction\",\"target\":[\"https:\/\/noti-america.com\/site\/venezuela\/2026\/04\/28\/luka-modric-se-despide-de-la-temporada-con-el-ac-milan-tras-una-fractura-facial\/\"]}]},{\"@type\":\"ImageObject\",\"inLanguage\":\"es\",\"@id\":\"https:\/\/noti-america.com\/site\/venezuela\/2026\/04\/28\/luka-modric-se-despide-de-la-temporada-con-el-ac-milan-tras-una-fractura-facial\/#primaryimage\",\"url\":\"https:\/\/noti-america.com\/site\/venezuela\/wp-content\/uploads\/sites\/2\/2026\/04\/IMG_20260428_124556.jpg\",\"contentUrl\":\"https:\/\/noti-america.com\/site\/venezuela\/wp-content\/uploads\/sites\/2\/2026\/04\/IMG_20260428_124556.jpg\",\"width\":1080,\"height\":552},{\"@type\":\"BreadcrumbList\",\"@id\":\"https:\/\/noti-america.com\/site\/venezuela\/2026\/04\/28\/luka-modric-se-despide-de-la-temporada-con-el-ac-milan-tras-una-fractura-facial\/#breadcrumb\",\"itemListElement\":[{\"@type\":\"ListItem\",\"position\":1,\"name\":\"Portada\",\"item\":\"https:\/\/noti-america.com\/site\/venezuela\/\"},{\"@type\":\"ListItem\",\"position\":2,\"name\":\"Luka Modri\u0107 se despide de la temporada con el AC Milan tras una fractura facial\"}]},{\"@type\":\"WebSite\",\"@id\":\"https:\/\/noti-america.com\/site\/venezuela\/#website\",\"url\":\"https:\/\/noti-america.com\/site\/venezuela\/\",\"name\":\"Venezuela | Noti-America.com\",\"description\":\"\",\"publisher\":{\"@id\":\"https:\/\/noti-america.com\/site\/venezuela\/#organization\"},\"potentialAction\":[{\"@type\":\"SearchAction\",\"target\":{\"@type\":\"EntryPoint\",\"urlTemplate\":\"https:\/\/noti-america.com\/site\/venezuela\/?s={search_term_string}\"},\"query-input\":{\"@type\":\"PropertyValueSpecification\",\"valueRequired\":true,\"valueName\":\"search_term_string\"}}],\"inLanguage\":\"es\"},{\"@type\":\"Organization\",\"@id\":\"https:\/\/noti-america.com\/site\/venezuela\/#organization\",\"name\":\"Noti-America LLC | Venezuela\",\"url\":\"https:\/\/noti-america.com\/site\/venezuela\/\",\"logo\":{\"@type\":\"ImageObject\",\"inLanguage\":\"es\",\"@id\":\"https:\/\/noti-america.com\/site\/venezuela\/#\/schema\/logo\/image\/\",\"url\":\"https:\/\/noti-america.com\/site\/venezuela\/wp-content\/uploads\/sites\/2\/2020\/07\/LogoNA-4x3-1.jpg\",\"contentUrl\":\"https:\/\/noti-america.com\/site\/venezuela\/wp-content\/uploads\/sites\/2\/2020\/07\/LogoNA-4x3-1.jpg\",\"width\":1236,\"height\":1080,\"caption\":\"Noti-America LLC | Venezuela\"},\"image\":{\"@id\":\"https:\/\/noti-america.com\/site\/venezuela\/#\/schema\/logo\/image\/\"}},{\"@type\":\"Person\",\"@id\":\"https:\/\/noti-america.com\/site\/venezuela\/#\/schema\/person\/bc58472b8ba32d08cc134078067f8b58\",\"name\":\"Ana Maria Correa\",\"image\":{\"@type\":\"ImageObject\",\"inLanguage\":\"es\",\"@id\":\"https:\/\/secure.gravatar.com\/avatar\/6d24af21af7e834cb1f37d9c4418e69b2eed4676de4ee948a40df971d53808d3?s=96&d=mm&r=g\",\"url\":\"https:\/\/secure.gravatar.com\/avatar\/6d24af21af7e834cb1f37d9c4418e69b2eed4676de4ee948a40df971d53808d3?s=96&d=mm&r=g\",\"contentUrl\":\"https:\/\/secure.gravatar.com\/avatar\/6d24af21af7e834cb1f37d9c4418e69b2eed4676de4ee948a40df971d53808d3?s=96&d=mm&r=g\",\"caption\":\"Ana Maria Correa\"},\"description\":\"Comunicadora Social, apasionada al Periodismo Deportivo y de investigaci\u00f3n. Mi labor es realizar reportajes y entrevistas que sirvan para informar sobre la problem\u00e1tica diaria mundial.\",\"sameAs\":[\"https:\/\/www.linkedin.com\/in\/ana-mara-correa-070b2117a\/\"],\"url\":\"https:\/\/noti-america.com\/site\/venezuela\/author\/acorrea\/\"}]}<\/script>\n<!-- \/ Yoast SEO Premium plugin. -->","yoast_head_json":{"title":"Luka Modri\u0107 se despide de la temporada con el AC Milan tras una fractura facial - Venezuela | Noti-America.com","robots":{"index":"index","follow":"follow","max-snippet":"max-snippet:-1","max-image-preview":"max-image-preview:large","max-video-preview":"max-video-preview:-1"},"canonical":"https:\/\/noti-america.com\/site\/venezuela\/2026\/04\/28\/luka-modric-se-despide-de-la-temporada-con-el-ac-milan-tras-una-fractura-facial\/","og_locale":"es_ES","og_type":"article","og_title":"Luka Modri\u0107 se despide de la temporada con el AC Milan tras una fractura facial","og_description":"\u200bEl veterano mediocampista croata Luka Modri\u0107 ha sido descartado para lo que resta de la temporada 2025-2026 tras sufrir una grave lesi\u00f3n durante el Cl\u00e1sico italiano contra la Juventus el pasado domingo. El encuentro,&#46;&#46;&#46;","og_url":"https:\/\/noti-america.com\/site\/venezuela\/2026\/04\/28\/luka-modric-se-despide-de-la-temporada-con-el-ac-milan-tras-una-fractura-facial\/","og_site_name":"Venezuela | Noti-America.com","article_published_time":"2026-04-28T16:50:56+00:00","article_modified_time":"2026-04-28T16:50:58+00:00","og_image":[{"width":1080,"height":552,"url":"https:\/\/noti-america.com\/site\/venezuela\/wp-content\/uploads\/sites\/2\/2026\/04\/IMG_20260428_124556.jpg","type":"image\/jpeg"}],"author":"Ana Maria Correa","twitter_card":"summary_large_image","twitter_misc":{"Escrito por":"Ana Maria Correa","Tiempo estimado de lectura":"2 minutos"},"schema":{"@context":"https:\/\/schema.org","@graph":[{"@type":"Article","@id":"https:\/\/noti-america.com\/site\/venezuela\/2026\/04\/28\/luka-modric-se-despide-de-la-temporada-con-el-ac-milan-tras-una-fractura-facial\/#article","isPartOf":{"@id":"https:\/\/noti-america.com\/site\/venezuela\/2026\/04\/28\/luka-modric-se-despide-de-la-temporada-con-el-ac-milan-tras-una-fractura-facial\/"},"author":{"name":"Ana Maria Correa","@id":"https:\/\/noti-america.com\/site\/venezuela\/#\/schema\/person\/bc58472b8ba32d08cc134078067f8b58"},"headline":"Luka Modri\u0107 se despide de la temporada con el AC Milan tras una fractura facial","datePublished":"2026-04-28T16:50:56+00:00","dateModified":"2026-04-28T16:50:58+00:00","mainEntityOfPage":{"@id":"https:\/\/noti-america.com\/site\/venezuela\/2026\/04\/28\/luka-modric-se-despide-de-la-temporada-con-el-ac-milan-tras-una-fractura-facial\/"},"wordCount":445,"commentCount":0,"publisher":{"@id":"https:\/\/noti-america.com\/site\/venezuela\/#organization"},"image":{"@id":"https:\/\/noti-america.com\/site\/venezuela\/2026\/04\/28\/luka-modric-se-despide-de-la-temporada-con-el-ac-milan-tras-una-fractura-facial\/#primaryimage"},"thumbnailUrl":"https:\/\/noti-america.com\/site\/venezuela\/wp-content\/uploads\/sites\/2\/2026\/04\/IMG_20260428_124556.jpg","keywords":["FUTBOL","Luka Modric"],"articleSection":["Deportes","Futbol Internacional"],"inLanguage":"es","potentialAction":[{"@type":"CommentAction","name":"Comment","target":["https:\/\/noti-america.com\/site\/venezuela\/2026\/04\/28\/luka-modric-se-despide-de-la-temporada-con-el-ac-milan-tras-una-fractura-facial\/#respond"]}]},{"@type":"WebPage","@id":"https:\/\/noti-america.com\/site\/venezuela\/2026\/04\/28\/luka-modric-se-despide-de-la-temporada-con-el-ac-milan-tras-una-fractura-facial\/","url":"https:\/\/noti-america.com\/site\/venezuela\/2026\/04\/28\/luka-modric-se-despide-de-la-temporada-con-el-ac-milan-tras-una-fractura-facial\/","name":"Luka Modri\u0107 se despide de la temporada con el AC Milan tras una fractura facial - Venezuela | Noti-America.com","isPartOf":{"@id":"https:\/\/noti-america.com\/site\/venezuela\/#website"},"primaryImageOfPage":{"@id":"https:\/\/noti-america.com\/site\/venezuela\/2026\/04\/28\/luka-modric-se-despide-de-la-temporada-con-el-ac-milan-tras-una-fractura-facial\/#primaryimage"},"image":{"@id":"https:\/\/noti-america.com\/site\/venezuela\/2026\/04\/28\/luka-modric-se-despide-de-la-temporada-con-el-ac-milan-tras-una-fractura-facial\/#primaryimage"},"thumbnailUrl":"https:\/\/noti-america.com\/site\/venezuela\/wp-content\/uploads\/sites\/2\/2026\/04\/IMG_20260428_124556.jpg","datePublished":"2026-04-28T16:50:56+00:00","dateModified":"2026-04-28T16:50:58+00:00","breadcrumb":{"@id":"https:\/\/noti-america.com\/site\/venezuela\/2026\/04\/28\/luka-modric-se-despide-de-la-temporada-con-el-ac-milan-tras-una-fractura-facial\/#breadcrumb"},"inLanguage":"es","potentialAction":[{"@type":"ReadAction","target":["https:\/\/noti-america.com\/site\/venezuela\/2026\/04\/28\/luka-modric-se-despide-de-la-temporada-con-el-ac-milan-tras-una-fractura-facial\/"]}]},{"@type":"ImageObject","inLanguage":"es","@id":"https:\/\/noti-america.com\/site\/venezuela\/2026\/04\/28\/luka-modric-se-despide-de-la-temporada-con-el-ac-milan-tras-una-fractura-facial\/#primaryimage","url":"https:\/\/noti-america.com\/site\/venezuela\/wp-content\/uploads\/sites\/2\/2026\/04\/IMG_20260428_124556.jpg","contentUrl":"https:\/\/noti-america.com\/site\/venezuela\/wp-content\/uploads\/sites\/2\/2026\/04\/IMG_20260428_124556.jpg","width":1080,"height":552},{"@type":"BreadcrumbList","@id":"https:\/\/noti-america.com\/site\/venezuela\/2026\/04\/28\/luka-modric-se-despide-de-la-temporada-con-el-ac-milan-tras-una-fractura-facial\/#breadcrumb","itemListElement":[{"@type":"ListItem","position":1,"name":"Portada","item":"https:\/\/noti-america.com\/site\/venezuela\/"},{"@type":"ListItem","position":2,"name":"Luka Modri\u0107 se despide de la temporada con el AC Milan tras una fractura facial"}]},{"@type":"WebSite","@id":"https:\/\/noti-america.com\/site\/venezuela\/#website","url":"https:\/\/noti-america.com\/site\/venezuela\/","name":"Venezuela | Noti-America.com","description":"","publisher":{"@id":"https:\/\/noti-america.com\/site\/venezuela\/#organization"},"potentialAction":[{"@type":"SearchAction","target":{"@type":"EntryPoint","urlTemplate":"https:\/\/noti-america.com\/site\/venezuela\/?s={search_term_string}"},"query-input":{"@type":"PropertyValueSpecification","valueRequired":true,"valueName":"search_term_string"}}],"inLanguage":"es"},{"@type":"Organization","@id":"https:\/\/noti-america.com\/site\/venezuela\/#organization","name":"Noti-America LLC | Venezuela","url":"https:\/\/noti-america.com\/site\/venezuela\/","logo":{"@type":"ImageObject","inLanguage":"es","@id":"https:\/\/noti-america.com\/site\/venezuela\/#\/schema\/logo\/image\/","url":"https:\/\/noti-america.com\/site\/venezuela\/wp-content\/uploads\/sites\/2\/2020\/07\/LogoNA-4x3-1.jpg","contentUrl":"https:\/\/noti-america.com\/site\/venezuela\/wp-content\/uploads\/sites\/2\/2020\/07\/LogoNA-4x3-1.jpg","width":1236,"height":1080,"caption":"Noti-America LLC | Venezuela"},"image":{"@id":"https:\/\/noti-america.com\/site\/venezuela\/#\/schema\/logo\/image\/"}},{"@type":"Person","@id":"https:\/\/noti-america.com\/site\/venezuela\/#\/schema\/person\/bc58472b8ba32d08cc134078067f8b58","name":"Ana Maria Correa","image":{"@type":"ImageObject","inLanguage":"es","@id":"https:\/\/secure.gravatar.com\/avatar\/6d24af21af7e834cb1f37d9c4418e69b2eed4676de4ee948a40df971d53808d3?s=96&d=mm&r=g","url":"https:\/\/secure.gravatar.com\/avatar\/6d24af21af7e834cb1f37d9c4418e69b2eed4676de4ee948a40df971d53808d3?s=96&d=mm&r=g","contentUrl":"https:\/\/secure.gravatar.com\/avatar\/6d24af21af7e834cb1f37d9c4418e69b2eed4676de4ee948a40df971d53808d3?s=96&d=mm&r=g","caption":"Ana Maria Correa"},"description":"Comunicadora Social, apasionada al Periodismo Deportivo y de investigaci\u00f3n. Mi labor es realizar reportajes y entrevistas que sirvan para informar sobre la problem\u00e1tica diaria mundial.","sameAs":["https:\/\/www.linkedin.com\/in\/ana-mara-correa-070b2117a\/"],"url":"https:\/\/noti-america.com\/site\/venezuela\/author\/acorrea\/"}]}},"_links":{"self":[{"href":"https:\/\/noti-america.com\/site\/venezuela\/wp-json\/wp\/v2\/posts\/53210","targetHints":{"allow":["GET"]}}],"collection":[{"href":"https:\/\/noti-america.com\/site\/venezuela\/wp-json\/wp\/v2\/posts"}],"about":[{"href":"https:\/\/noti-america.com\/site\/venezuela\/wp-json\/wp\/v2\/types\/post"}],"author":[{"embeddable":true,"href":"https:\/\/noti-america.com\/site\/venezuela\/wp-json\/wp\/v2\/users\/55"}],"replies":[{"embeddable":true,"href":"https:\/\/noti-america.com\/site\/venezuela\/wp-json\/wp\/v2\/comments?post=53210"}],"version-history":[{"count":1,"href":"https:\/\/noti-america.com\/site\/venezuela\/wp-json\/wp\/v2\/posts\/53210\/revisions"}],"predecessor-version":[{"id":53212,"href":"https:\/\/noti-america.com\/site\/venezuela\/wp-json\/wp\/v2\/posts\/53210\/revisions\/53212"}],"wp:featuredmedia":[{"embeddable":true,"href":"https:\/\/noti-america.com\/site\/venezuela\/wp-json\/wp\/v2\/media\/53211"}],"wp:attachment":[{"href":"https:\/\/noti-america.com\/site\/venezuela\/wp-json\/wp\/v2\/media?parent=53210"}],"wp:term":[{"taxonomy":"category","embeddable":true,"href":"https:\/\/noti-america.com\/site\/venezuela\/wp-json\/wp\/v2\/categories?post=53210"},{"taxonomy":"post_tag","embeddable":true,"href":"https:\/\/noti-america.com\/site\/venezuela\/wp-json\/wp\/v2\/tags?post=53210"}],"curies":[{"name":"wp","href":"https:\/\/api.w.org\/{rel}","templated":true}]}}