{"id":53187,"date":"2026-04-27T22:17:04","date_gmt":"2026-04-27T22:17:04","guid":{"rendered":"https:\/\/noti-america.com\/site\/venezuela\/?p=53187"},"modified":"2026-04-27T22:17:04","modified_gmt":"2026-04-27T22:17:04","slug":"el-mundo-del-futbol-se-paraliza-arrancan-las-semifinales-de-la-champions-con-duelos-de-infarto","status":"publish","type":"post","link":"https:\/\/noti-america.com\/site\/venezuela\/2026\/04\/27\/el-mundo-del-futbol-se-paraliza-arrancan-las-semifinales-de-la-champions-con-duelos-de-infarto\/","title":{"rendered":"El Mundo del f\u00fatbol se paraliza: Arrancan las Semifinales de la Champions con duelos de infarto"},"content":{"rendered":"<h4 style=\"text-align: justify\"><img loading=\"lazy\" decoding=\"async\" class=\"size-large wp-image-53195\" src=\"https:\/\/noti-america.com\/site\/venezuela\/wp-content\/uploads\/sites\/2\/2026\/04\/1777306502869-989x1024.png\" alt=\"\" width=\"989\" height=\"1024\" srcset=\"https:\/\/noti-america.com\/site\/venezuela\/wp-content\/uploads\/sites\/2\/2026\/04\/1777306502869-989x1024.png 989w, https:\/\/noti-america.com\/site\/venezuela\/wp-content\/uploads\/sites\/2\/2026\/04\/1777306502869-290x300.png 290w, https:\/\/noti-america.com\/site\/venezuela\/wp-content\/uploads\/sites\/2\/2026\/04\/1777306502869-768x795.png 768w, https:\/\/noti-america.com\/site\/venezuela\/wp-content\/uploads\/sites\/2\/2026\/04\/1777306502869.png 1008w\" sizes=\"auto, (max-width: 989px) 100vw, 989px\" \/><\/h4>\n<h4 style=\"text-align: justify\">Par\u00eds y Madrid ser\u00e1n las sedes de los partidos de ida este 28 y 29 de abril. PSG vs. Bayern M\u00fanich y Atl\u00e9tico de Madrid vs. Arsenal buscan el boleto a la gran final.<\/h4>\n<p style=\"text-align: justify\">Las noches m\u00e1gicas de la UEFA Champions League alcanzan su punto m\u00e1ximo de tensi\u00f3n. Tras unos cuartos de final de infarto que dejaron en el camino a gigantes como el Real Madrid y el Liverpool, los cuatro mejores equipos del continente se preparan para el primer asalto de las semifinales.<\/p>\n<h4 style=\"text-align: justify\">Martes 28\/04: \ud83c\udde8\ud83c\uddf5 PSG vs. Bayern M\u00fanich \ud83c\udde9\ud83c\uddea<\/h4>\n<h4 style=\"text-align: justify\">Revancha con aroma a final<\/h4>\n<p style=\"text-align: justify\">El Parque de los Pr\u00edncipes abrir\u00e1 sus puertas este martes para recibir un duelo que ya es un cl\u00e1sico moderno. El Paris Saint-Germain, vigente campe\u00f3n tras su t\u00edtulo en la 24\/25, busca el bicampeonato bajo el liderazgo de un Ousmane Demb\u00e9l\u00e9 en estado de gracia.<\/p>\n<p style=\"text-align: justify\">El camino no ser\u00e1 sencillo frente a un Bayern M\u00fanich que llega euf\u00f3rico tras eliminar al Real Madrid con un global de 5-4. Los alemanes cuentan con Harry Kane, actual m\u00e1ximo artillero de la competici\u00f3n con 12 tantos, y la explosividad de Michael Olise. Hist\u00f3ricamente, el Bayern domina el registro reciente con 5 victorias en sus \u00faltimos 5 enfrentamientos directos, incluyendo un triunfo 1-2 en Par\u00eds durante la fase de liga este pasado noviembre.<\/p>\n<p style=\"text-align: justify\">Hora: 3:00 p.m. (Hora de Venezuela)<\/p>\n<p style=\"text-align: justify\">Estadio: Parque de los Pr\u00edncipes, Par\u00eds.<\/p>\n<h4 style=\"text-align: justify\">Mi\u00e9rcoles 29\/04: \ud83c\uddea\ud83c\udde6 Atl\u00e9tico Madrid vs. Arsenal \ud83c\udff4\udb40\udc67\udb40\udc62\udb40\udc65\udb40\udc6e\udb40\udc67\udb40\udc7f<\/h4>\n<h4 style=\"text-align: justify\">El \u00abMuro\u00bb de Simeone contra el Sue\u00f1o Gunner<\/h4>\n<p style=\"text-align: justify\">El mi\u00e9rcoles la acci\u00f3n se traslada al Metropolitano. El Atl\u00e9tico de Madrid de Diego Simeone regresa a unas semifinales tras dejar fuera al FC Barcelona. El conjunto colchonero ha demostrado ser un equipo reactivo y peligroso en las cuerdas, liderado por la garra de Juli\u00e1n \u00c1lvarez.<\/p>\n<p style=\"text-align: justify\">En frente estar\u00e1 el Arsenal de Mikel Arteta, que vive una temporada de ensue\u00f1o peleando tanto la Premier League como su primera \u00abOrejona\u00bb. Los Gunners llegan tras superar un duro escollo ante el Sporting de Lisboa y conf\u00edan en la solidez de William Saliba y el talento de Kai Havertz. En su \u00faltimo cruce (octubre 2025), el Arsenal gole\u00f3 4-0 al Atleti, pero el Metropolitano promete un ambiente hostil que nivelar\u00e1 la balanza.<\/p>\n<p style=\"text-align: justify\">Hora: 3:00 p.m. (Hora de Venezuela)<\/p>\n<p style=\"text-align: justify\">Estadio: C\u00edvitas Metropolitano, Madrid.<\/p>\n<h4 style=\"text-align: justify\">Calendario de Vuelta<\/h4>\n<p style=\"text-align: justify\">Martes 05\/05: Arsenal vs. Atl\u00e9tico de Madrid (Emirates Stadium)<\/p>\n<p style=\"text-align: justify\">Mi\u00e9rcoles 06\/05: Bayern M\u00fanich vs. PSG (Allianz Arena)<\/p>\n<h4 style=\"text-align: justify\">Este segmento llega a ustedes gracias a LARA SPORT. Si buscas vestir el \ud83d\udc55 uniforme de tu equipo favorito, <a href=\"https:\/\/www.instagram.com\/larasportpe2020?igsh=MTJxYjJxMTFscjlhZg==\">Lara Sport <\/a>\u00a0\ud83d\udd25es tu aliado ideal para cada evento deportivo.<\/h4>\n","protected":false},"excerpt":{"rendered":"<p>Par\u00eds y Madrid ser\u00e1n las sedes de los partidos de ida este 28 y 29 de abril. PSG vs. Bayern M\u00fanich y Atl\u00e9tico de Madrid vs. Arsenal buscan el boleto a la gran final.&#46;&#46;&#46;<\/p>\n","protected":false},"author":4,"featured_media":53195,"comment_status":"open","ping_status":"open","sticky":false,"template":"","format":"standard","meta":{"_acf_changed":false,"om_disable_all_campaigns":false,"rop_custom_images_group":[],"rop_custom_messages_group":[],"rop_publish_now":"no","rop_publish_now_accounts":[],"rop_publish_now_history":[],"rop_publish_now_status":"pending","_uf_show_specific_survey":0,"_uf_disable_surveys":false,"footnotes":""},"categories":[16,394],"tags":[1734,1584,1396,235,1380,53],"class_list":["post-53187","post","type-post","status-publish","format-standard","has-post-thumbnail","hentry","category-deportes","category-futbol-internacional","tag-arsenal","tag-atletico-de-madrid","tag-bayern-munich","tag-futbol","tag-psg","tag-uefa-champions-league"],"acf":[],"aioseo_notices":[],"yoast_head":"<!-- This site is optimized with the Yoast SEO Premium plugin v24.9 (Yoast SEO v27.2) - https:\/\/yoast.com\/product\/yoast-seo-premium-wordpress\/ -->\n<title>El Mundo del f\u00fatbol se paraliza: Arrancan las Semifinales de la Champions con duelos de infarto - Venezuela | Noti-America.com<\/title>\n<meta name=\"robots\" content=\"index, follow, max-snippet:-1, max-image-preview:large, max-video-preview:-1\" \/>\n<link rel=\"canonical\" href=\"https:\/\/noti-america.com\/site\/venezuela\/2026\/04\/27\/el-mundo-del-futbol-se-paraliza-arrancan-las-semifinales-de-la-champions-con-duelos-de-infarto\/\" \/>\n<meta property=\"og:locale\" content=\"es_ES\" \/>\n<meta property=\"og:type\" content=\"article\" \/>\n<meta property=\"og:title\" content=\"El Mundo del f\u00fatbol se paraliza: Arrancan las Semifinales de la Champions con duelos de infarto\" \/>\n<meta property=\"og:description\" content=\"Par\u00eds y Madrid ser\u00e1n las sedes de los partidos de ida este 28 y 29 de abril. PSG vs. Bayern M\u00fanich y Atl\u00e9tico de Madrid vs. Arsenal buscan el boleto a la gran final.&#046;&#046;&#046;\" \/>\n<meta property=\"og:url\" content=\"https:\/\/noti-america.com\/site\/venezuela\/2026\/04\/27\/el-mundo-del-futbol-se-paraliza-arrancan-las-semifinales-de-la-champions-con-duelos-de-infarto\/\" \/>\n<meta property=\"og:site_name\" content=\"Venezuela | Noti-America.com\" \/>\n<meta property=\"article:author\" content=\"https:\/\/www.facebook.com\/AndresSalazarTV\/\" \/>\n<meta property=\"article:published_time\" content=\"2026-04-27T22:17:04+00:00\" \/>\n<meta property=\"og:image\" content=\"https:\/\/noti-america.com\/site\/venezuela\/wp-content\/uploads\/sites\/2\/2026\/04\/1777306502869.png\" \/>\n\t<meta property=\"og:image:width\" content=\"1008\" \/>\n\t<meta property=\"og:image:height\" content=\"1044\" \/>\n\t<meta property=\"og:image:type\" content=\"image\/png\" \/>\n<meta name=\"author\" content=\"Andr\u00e9s Salazar TV\" \/>\n<meta name=\"twitter:card\" content=\"summary_large_image\" \/>\n<meta name=\"twitter:label1\" content=\"Escrito por\" \/>\n\t<meta name=\"twitter:data1\" content=\"Andr\u00e9s Salazar TV\" \/>\n\t<meta name=\"twitter:label2\" content=\"Tiempo estimado de lectura\" \/>\n\t<meta name=\"twitter:data2\" content=\"3 minutos\" \/>\n<script type=\"application\/ld+json\" class=\"yoast-schema-graph\">{\"@context\":\"https:\/\/schema.org\",\"@graph\":[{\"@type\":\"Article\",\"@id\":\"https:\/\/noti-america.com\/site\/venezuela\/2026\/04\/27\/el-mundo-del-futbol-se-paraliza-arrancan-las-semifinales-de-la-champions-con-duelos-de-infarto\/#article\",\"isPartOf\":{\"@id\":\"https:\/\/noti-america.com\/site\/venezuela\/2026\/04\/27\/el-mundo-del-futbol-se-paraliza-arrancan-las-semifinales-de-la-champions-con-duelos-de-infarto\/\"},\"author\":{\"name\":\"Andr\u00e9s Salazar TV\",\"@id\":\"https:\/\/noti-america.com\/site\/venezuela\/#\/schema\/person\/5536bbfd0e2b9220dabb68be6a79e6a2\"},\"headline\":\"El Mundo del f\u00fatbol se paraliza: Arrancan las Semifinales de la Champions con duelos de infarto\",\"datePublished\":\"2026-04-27T22:17:04+00:00\",\"mainEntityOfPage\":{\"@id\":\"https:\/\/noti-america.com\/site\/venezuela\/2026\/04\/27\/el-mundo-del-futbol-se-paraliza-arrancan-las-semifinales-de-la-champions-con-duelos-de-infarto\/\"},\"wordCount\":457,\"commentCount\":0,\"publisher\":{\"@id\":\"https:\/\/noti-america.com\/site\/venezuela\/#organization\"},\"image\":{\"@id\":\"https:\/\/noti-america.com\/site\/venezuela\/2026\/04\/27\/el-mundo-del-futbol-se-paraliza-arrancan-las-semifinales-de-la-champions-con-duelos-de-infarto\/#primaryimage\"},\"thumbnailUrl\":\"https:\/\/noti-america.com\/site\/venezuela\/wp-content\/uploads\/sites\/2\/2026\/04\/1777306502869.png\",\"keywords\":[\"Arsenal\",\"Atl\u00e9tico de Madrid\",\"Bayern M\u00fanich\",\"FUTBOL\",\"PSG\",\"UEFA Champions League\"],\"articleSection\":[\"Deportes\",\"Futbol Internacional\"],\"inLanguage\":\"es\",\"potentialAction\":[{\"@type\":\"CommentAction\",\"name\":\"Comment\",\"target\":[\"https:\/\/noti-america.com\/site\/venezuela\/2026\/04\/27\/el-mundo-del-futbol-se-paraliza-arrancan-las-semifinales-de-la-champions-con-duelos-de-infarto\/#respond\"]}]},{\"@type\":\"WebPage\",\"@id\":\"https:\/\/noti-america.com\/site\/venezuela\/2026\/04\/27\/el-mundo-del-futbol-se-paraliza-arrancan-las-semifinales-de-la-champions-con-duelos-de-infarto\/\",\"url\":\"https:\/\/noti-america.com\/site\/venezuela\/2026\/04\/27\/el-mundo-del-futbol-se-paraliza-arrancan-las-semifinales-de-la-champions-con-duelos-de-infarto\/\",\"name\":\"El Mundo del f\u00fatbol se paraliza: Arrancan las Semifinales de la Champions con duelos de infarto - Venezuela | Noti-America.com\",\"isPartOf\":{\"@id\":\"https:\/\/noti-america.com\/site\/venezuela\/#website\"},\"primaryImageOfPage\":{\"@id\":\"https:\/\/noti-america.com\/site\/venezuela\/2026\/04\/27\/el-mundo-del-futbol-se-paraliza-arrancan-las-semifinales-de-la-champions-con-duelos-de-infarto\/#primaryimage\"},\"image\":{\"@id\":\"https:\/\/noti-america.com\/site\/venezuela\/2026\/04\/27\/el-mundo-del-futbol-se-paraliza-arrancan-las-semifinales-de-la-champions-con-duelos-de-infarto\/#primaryimage\"},\"thumbnailUrl\":\"https:\/\/noti-america.com\/site\/venezuela\/wp-content\/uploads\/sites\/2\/2026\/04\/1777306502869.png\",\"datePublished\":\"2026-04-27T22:17:04+00:00\",\"breadcrumb\":{\"@id\":\"https:\/\/noti-america.com\/site\/venezuela\/2026\/04\/27\/el-mundo-del-futbol-se-paraliza-arrancan-las-semifinales-de-la-champions-con-duelos-de-infarto\/#breadcrumb\"},\"inLanguage\":\"es\",\"potentialAction\":[{\"@type\":\"ReadAction\",\"target\":[\"https:\/\/noti-america.com\/site\/venezuela\/2026\/04\/27\/el-mundo-del-futbol-se-paraliza-arrancan-las-semifinales-de-la-champions-con-duelos-de-infarto\/\"]}]},{\"@type\":\"ImageObject\",\"inLanguage\":\"es\",\"@id\":\"https:\/\/noti-america.com\/site\/venezuela\/2026\/04\/27\/el-mundo-del-futbol-se-paraliza-arrancan-las-semifinales-de-la-champions-con-duelos-de-infarto\/#primaryimage\",\"url\":\"https:\/\/noti-america.com\/site\/venezuela\/wp-content\/uploads\/sites\/2\/2026\/04\/1777306502869.png\",\"contentUrl\":\"https:\/\/noti-america.com\/site\/venezuela\/wp-content\/uploads\/sites\/2\/2026\/04\/1777306502869.png\",\"width\":1008,\"height\":1044},{\"@type\":\"BreadcrumbList\",\"@id\":\"https:\/\/noti-america.com\/site\/venezuela\/2026\/04\/27\/el-mundo-del-futbol-se-paraliza-arrancan-las-semifinales-de-la-champions-con-duelos-de-infarto\/#breadcrumb\",\"itemListElement\":[{\"@type\":\"ListItem\",\"position\":1,\"name\":\"Portada\",\"item\":\"https:\/\/noti-america.com\/site\/venezuela\/\"},{\"@type\":\"ListItem\",\"position\":2,\"name\":\"El Mundo del f\u00fatbol se paraliza: Arrancan las Semifinales de la Champions con duelos de infarto\"}]},{\"@type\":\"WebSite\",\"@id\":\"https:\/\/noti-america.com\/site\/venezuela\/#website\",\"url\":\"https:\/\/noti-america.com\/site\/venezuela\/\",\"name\":\"Venezuela | Noti-America.com\",\"description\":\"\",\"publisher\":{\"@id\":\"https:\/\/noti-america.com\/site\/venezuela\/#organization\"},\"potentialAction\":[{\"@type\":\"SearchAction\",\"target\":{\"@type\":\"EntryPoint\",\"urlTemplate\":\"https:\/\/noti-america.com\/site\/venezuela\/?s={search_term_string}\"},\"query-input\":{\"@type\":\"PropertyValueSpecification\",\"valueRequired\":true,\"valueName\":\"search_term_string\"}}],\"inLanguage\":\"es\"},{\"@type\":\"Organization\",\"@id\":\"https:\/\/noti-america.com\/site\/venezuela\/#organization\",\"name\":\"Noti-America LLC | Venezuela\",\"url\":\"https:\/\/noti-america.com\/site\/venezuela\/\",\"logo\":{\"@type\":\"ImageObject\",\"inLanguage\":\"es\",\"@id\":\"https:\/\/noti-america.com\/site\/venezuela\/#\/schema\/logo\/image\/\",\"url\":\"https:\/\/noti-america.com\/site\/venezuela\/wp-content\/uploads\/sites\/2\/2020\/07\/LogoNA-4x3-1.jpg\",\"contentUrl\":\"https:\/\/noti-america.com\/site\/venezuela\/wp-content\/uploads\/sites\/2\/2020\/07\/LogoNA-4x3-1.jpg\",\"width\":1236,\"height\":1080,\"caption\":\"Noti-America LLC | Venezuela\"},\"image\":{\"@id\":\"https:\/\/noti-america.com\/site\/venezuela\/#\/schema\/logo\/image\/\"}},{\"@type\":\"Person\",\"@id\":\"https:\/\/noti-america.com\/site\/venezuela\/#\/schema\/person\/5536bbfd0e2b9220dabb68be6a79e6a2\",\"name\":\"Andr\u00e9s Salazar TV\",\"image\":{\"@type\":\"ImageObject\",\"inLanguage\":\"es\",\"@id\":\"https:\/\/secure.gravatar.com\/avatar\/afe6826ba750395b641021d9bf08e5496b9d29671cfabb16346350901fb94310?s=96&d=mm&r=g\",\"url\":\"https:\/\/secure.gravatar.com\/avatar\/afe6826ba750395b641021d9bf08e5496b9d29671cfabb16346350901fb94310?s=96&d=mm&r=g\",\"contentUrl\":\"https:\/\/secure.gravatar.com\/avatar\/afe6826ba750395b641021d9bf08e5496b9d29671cfabb16346350901fb94310?s=96&d=mm&r=g\",\"caption\":\"Andr\u00e9s Salazar TV\"},\"description\":\"Andr\u00e9s Salazar. Corresponsal de Noti-Am\u00e9rica en Venezuela. Periodista con m\u00e1s de 14 a\u00f1os de trayectoria en la cobertura de hechos informativos. Amplia experiencia en la narrativa de eventos deportivos, musicales y sucesos de \u00faltima hora.\",\"sameAs\":[\"https:\/\/www.facebook.com\/AndresSalazarTV\/\",\"https:\/\/youtube.com\/@andressalazartv?si=fYrt2l__ee2OK_Fh\"],\"url\":\"https:\/\/noti-america.com\/site\/venezuela\/author\/asalazar\/\"}]}<\/script>\n<!-- \/ Yoast SEO Premium plugin. -->","yoast_head_json":{"title":"El Mundo del f\u00fatbol se paraliza: Arrancan las Semifinales de la Champions con duelos de infarto - Venezuela | Noti-America.com","robots":{"index":"index","follow":"follow","max-snippet":"max-snippet:-1","max-image-preview":"max-image-preview:large","max-video-preview":"max-video-preview:-1"},"canonical":"https:\/\/noti-america.com\/site\/venezuela\/2026\/04\/27\/el-mundo-del-futbol-se-paraliza-arrancan-las-semifinales-de-la-champions-con-duelos-de-infarto\/","og_locale":"es_ES","og_type":"article","og_title":"El Mundo del f\u00fatbol se paraliza: Arrancan las Semifinales de la Champions con duelos de infarto","og_description":"Par\u00eds y Madrid ser\u00e1n las sedes de los partidos de ida este 28 y 29 de abril. PSG vs. Bayern M\u00fanich y Atl\u00e9tico de Madrid vs. Arsenal buscan el boleto a la gran final.&#46;&#46;&#46;","og_url":"https:\/\/noti-america.com\/site\/venezuela\/2026\/04\/27\/el-mundo-del-futbol-se-paraliza-arrancan-las-semifinales-de-la-champions-con-duelos-de-infarto\/","og_site_name":"Venezuela | Noti-America.com","article_author":"https:\/\/www.facebook.com\/AndresSalazarTV\/","article_published_time":"2026-04-27T22:17:04+00:00","og_image":[{"width":1008,"height":1044,"url":"https:\/\/noti-america.com\/site\/venezuela\/wp-content\/uploads\/sites\/2\/2026\/04\/1777306502869.png","type":"image\/png"}],"author":"Andr\u00e9s Salazar TV","twitter_card":"summary_large_image","twitter_misc":{"Escrito por":"Andr\u00e9s Salazar TV","Tiempo estimado de lectura":"3 minutos"},"schema":{"@context":"https:\/\/schema.org","@graph":[{"@type":"Article","@id":"https:\/\/noti-america.com\/site\/venezuela\/2026\/04\/27\/el-mundo-del-futbol-se-paraliza-arrancan-las-semifinales-de-la-champions-con-duelos-de-infarto\/#article","isPartOf":{"@id":"https:\/\/noti-america.com\/site\/venezuela\/2026\/04\/27\/el-mundo-del-futbol-se-paraliza-arrancan-las-semifinales-de-la-champions-con-duelos-de-infarto\/"},"author":{"name":"Andr\u00e9s Salazar TV","@id":"https:\/\/noti-america.com\/site\/venezuela\/#\/schema\/person\/5536bbfd0e2b9220dabb68be6a79e6a2"},"headline":"El Mundo del f\u00fatbol se paraliza: Arrancan las Semifinales de la Champions con duelos de infarto","datePublished":"2026-04-27T22:17:04+00:00","mainEntityOfPage":{"@id":"https:\/\/noti-america.com\/site\/venezuela\/2026\/04\/27\/el-mundo-del-futbol-se-paraliza-arrancan-las-semifinales-de-la-champions-con-duelos-de-infarto\/"},"wordCount":457,"commentCount":0,"publisher":{"@id":"https:\/\/noti-america.com\/site\/venezuela\/#organization"},"image":{"@id":"https:\/\/noti-america.com\/site\/venezuela\/2026\/04\/27\/el-mundo-del-futbol-se-paraliza-arrancan-las-semifinales-de-la-champions-con-duelos-de-infarto\/#primaryimage"},"thumbnailUrl":"https:\/\/noti-america.com\/site\/venezuela\/wp-content\/uploads\/sites\/2\/2026\/04\/1777306502869.png","keywords":["Arsenal","Atl\u00e9tico de Madrid","Bayern M\u00fanich","FUTBOL","PSG","UEFA Champions League"],"articleSection":["Deportes","Futbol Internacional"],"inLanguage":"es","potentialAction":[{"@type":"CommentAction","name":"Comment","target":["https:\/\/noti-america.com\/site\/venezuela\/2026\/04\/27\/el-mundo-del-futbol-se-paraliza-arrancan-las-semifinales-de-la-champions-con-duelos-de-infarto\/#respond"]}]},{"@type":"WebPage","@id":"https:\/\/noti-america.com\/site\/venezuela\/2026\/04\/27\/el-mundo-del-futbol-se-paraliza-arrancan-las-semifinales-de-la-champions-con-duelos-de-infarto\/","url":"https:\/\/noti-america.com\/site\/venezuela\/2026\/04\/27\/el-mundo-del-futbol-se-paraliza-arrancan-las-semifinales-de-la-champions-con-duelos-de-infarto\/","name":"El Mundo del f\u00fatbol se paraliza: Arrancan las Semifinales de la Champions con duelos de infarto - Venezuela | Noti-America.com","isPartOf":{"@id":"https:\/\/noti-america.com\/site\/venezuela\/#website"},"primaryImageOfPage":{"@id":"https:\/\/noti-america.com\/site\/venezuela\/2026\/04\/27\/el-mundo-del-futbol-se-paraliza-arrancan-las-semifinales-de-la-champions-con-duelos-de-infarto\/#primaryimage"},"image":{"@id":"https:\/\/noti-america.com\/site\/venezuela\/2026\/04\/27\/el-mundo-del-futbol-se-paraliza-arrancan-las-semifinales-de-la-champions-con-duelos-de-infarto\/#primaryimage"},"thumbnailUrl":"https:\/\/noti-america.com\/site\/venezuela\/wp-content\/uploads\/sites\/2\/2026\/04\/1777306502869.png","datePublished":"2026-04-27T22:17:04+00:00","breadcrumb":{"@id":"https:\/\/noti-america.com\/site\/venezuela\/2026\/04\/27\/el-mundo-del-futbol-se-paraliza-arrancan-las-semifinales-de-la-champions-con-duelos-de-infarto\/#breadcrumb"},"inLanguage":"es","potentialAction":[{"@type":"ReadAction","target":["https:\/\/noti-america.com\/site\/venezuela\/2026\/04\/27\/el-mundo-del-futbol-se-paraliza-arrancan-las-semifinales-de-la-champions-con-duelos-de-infarto\/"]}]},{"@type":"ImageObject","inLanguage":"es","@id":"https:\/\/noti-america.com\/site\/venezuela\/2026\/04\/27\/el-mundo-del-futbol-se-paraliza-arrancan-las-semifinales-de-la-champions-con-duelos-de-infarto\/#primaryimage","url":"https:\/\/noti-america.com\/site\/venezuela\/wp-content\/uploads\/sites\/2\/2026\/04\/1777306502869.png","contentUrl":"https:\/\/noti-america.com\/site\/venezuela\/wp-content\/uploads\/sites\/2\/2026\/04\/1777306502869.png","width":1008,"height":1044},{"@type":"BreadcrumbList","@id":"https:\/\/noti-america.com\/site\/venezuela\/2026\/04\/27\/el-mundo-del-futbol-se-paraliza-arrancan-las-semifinales-de-la-champions-con-duelos-de-infarto\/#breadcrumb","itemListElement":[{"@type":"ListItem","position":1,"name":"Portada","item":"https:\/\/noti-america.com\/site\/venezuela\/"},{"@type":"ListItem","position":2,"name":"El Mundo del f\u00fatbol se paraliza: Arrancan las Semifinales de la Champions con duelos de infarto"}]},{"@type":"WebSite","@id":"https:\/\/noti-america.com\/site\/venezuela\/#website","url":"https:\/\/noti-america.com\/site\/venezuela\/","name":"Venezuela | Noti-America.com","description":"","publisher":{"@id":"https:\/\/noti-america.com\/site\/venezuela\/#organization"},"potentialAction":[{"@type":"SearchAction","target":{"@type":"EntryPoint","urlTemplate":"https:\/\/noti-america.com\/site\/venezuela\/?s={search_term_string}"},"query-input":{"@type":"PropertyValueSpecification","valueRequired":true,"valueName":"search_term_string"}}],"inLanguage":"es"},{"@type":"Organization","@id":"https:\/\/noti-america.com\/site\/venezuela\/#organization","name":"Noti-America LLC | Venezuela","url":"https:\/\/noti-america.com\/site\/venezuela\/","logo":{"@type":"ImageObject","inLanguage":"es","@id":"https:\/\/noti-america.com\/site\/venezuela\/#\/schema\/logo\/image\/","url":"https:\/\/noti-america.com\/site\/venezuela\/wp-content\/uploads\/sites\/2\/2020\/07\/LogoNA-4x3-1.jpg","contentUrl":"https:\/\/noti-america.com\/site\/venezuela\/wp-content\/uploads\/sites\/2\/2020\/07\/LogoNA-4x3-1.jpg","width":1236,"height":1080,"caption":"Noti-America LLC | Venezuela"},"image":{"@id":"https:\/\/noti-america.com\/site\/venezuela\/#\/schema\/logo\/image\/"}},{"@type":"Person","@id":"https:\/\/noti-america.com\/site\/venezuela\/#\/schema\/person\/5536bbfd0e2b9220dabb68be6a79e6a2","name":"Andr\u00e9s Salazar TV","image":{"@type":"ImageObject","inLanguage":"es","@id":"https:\/\/secure.gravatar.com\/avatar\/afe6826ba750395b641021d9bf08e5496b9d29671cfabb16346350901fb94310?s=96&d=mm&r=g","url":"https:\/\/secure.gravatar.com\/avatar\/afe6826ba750395b641021d9bf08e5496b9d29671cfabb16346350901fb94310?s=96&d=mm&r=g","contentUrl":"https:\/\/secure.gravatar.com\/avatar\/afe6826ba750395b641021d9bf08e5496b9d29671cfabb16346350901fb94310?s=96&d=mm&r=g","caption":"Andr\u00e9s Salazar TV"},"description":"Andr\u00e9s Salazar. Corresponsal de Noti-Am\u00e9rica en Venezuela. Periodista con m\u00e1s de 14 a\u00f1os de trayectoria en la cobertura de hechos informativos. Amplia experiencia en la narrativa de eventos deportivos, musicales y sucesos de \u00faltima hora.","sameAs":["https:\/\/www.facebook.com\/AndresSalazarTV\/","https:\/\/youtube.com\/@andressalazartv?si=fYrt2l__ee2OK_Fh"],"url":"https:\/\/noti-america.com\/site\/venezuela\/author\/asalazar\/"}]}},"_links":{"self":[{"href":"https:\/\/noti-america.com\/site\/venezuela\/wp-json\/wp\/v2\/posts\/53187","targetHints":{"allow":["GET"]}}],"collection":[{"href":"https:\/\/noti-america.com\/site\/venezuela\/wp-json\/wp\/v2\/posts"}],"about":[{"href":"https:\/\/noti-america.com\/site\/venezuela\/wp-json\/wp\/v2\/types\/post"}],"author":[{"embeddable":true,"href":"https:\/\/noti-america.com\/site\/venezuela\/wp-json\/wp\/v2\/users\/4"}],"replies":[{"embeddable":true,"href":"https:\/\/noti-america.com\/site\/venezuela\/wp-json\/wp\/v2\/comments?post=53187"}],"version-history":[{"count":2,"href":"https:\/\/noti-america.com\/site\/venezuela\/wp-json\/wp\/v2\/posts\/53187\/revisions"}],"predecessor-version":[{"id":53196,"href":"https:\/\/noti-america.com\/site\/venezuela\/wp-json\/wp\/v2\/posts\/53187\/revisions\/53196"}],"wp:featuredmedia":[{"embeddable":true,"href":"https:\/\/noti-america.com\/site\/venezuela\/wp-json\/wp\/v2\/media\/53195"}],"wp:attachment":[{"href":"https:\/\/noti-america.com\/site\/venezuela\/wp-json\/wp\/v2\/media?parent=53187"}],"wp:term":[{"taxonomy":"category","embeddable":true,"href":"https:\/\/noti-america.com\/site\/venezuela\/wp-json\/wp\/v2\/categories?post=53187"},{"taxonomy":"post_tag","embeddable":true,"href":"https:\/\/noti-america.com\/site\/venezuela\/wp-json\/wp\/v2\/tags?post=53187"}],"curies":[{"name":"wp","href":"https:\/\/api.w.org\/{rel}","templated":true}]}}