{"id":53162,"date":"2026-04-26T23:20:55","date_gmt":"2026-04-26T23:20:55","guid":{"rendered":"https:\/\/noti-america.com\/site\/venezuela\/2026\/04\/26\/el-gigante-de-baviera-rompe-el-maleficio-el-bayern-munich-vuelve-a-la-final-de-la-dfb-pokal-seis-anos-despues\/"},"modified":"2026-04-26T23:20:57","modified_gmt":"2026-04-26T23:20:57","slug":"el-gigante-de-baviera-rompe-el-maleficio-el-bayern-munich-vuelve-a-la-final-de-la-dfb-pokal-seis-anos-despues","status":"publish","type":"post","link":"https:\/\/noti-america.com\/site\/venezuela\/2026\/04\/26\/el-gigante-de-baviera-rompe-el-maleficio-el-bayern-munich-vuelve-a-la-final-de-la-dfb-pokal-seis-anos-despues\/","title":{"rendered":"El \u00abGigante de Baviera\u00bb rompe el maleficio: El Bayern M\u00fanich vuelve a la final de la DFB-Pokal seis a\u00f1os despu\u00e9s"},"content":{"rendered":"<h2 dir=\"ltr\" style=\"text-align: justify\"><img loading=\"lazy\" decoding=\"async\" class=\"size-full wp-image-53163 aligncenter\" src=\"https:\/\/noti-america.com\/site\/venezuela\/wp-content\/uploads\/sites\/2\/2026\/04\/IMG_20260426_191644.jpg\" alt=\"\" width=\"972\" height=\"672\" srcset=\"https:\/\/noti-america.com\/site\/venezuela\/wp-content\/uploads\/sites\/2\/2026\/04\/IMG_20260426_191644.jpg 972w, https:\/\/noti-america.com\/site\/venezuela\/wp-content\/uploads\/sites\/2\/2026\/04\/IMG_20260426_191644-300x207.jpg 300w, https:\/\/noti-america.com\/site\/venezuela\/wp-content\/uploads\/sites\/2\/2026\/04\/IMG_20260426_191644-768x531.jpg 768w\" sizes=\"auto, (max-width: 972px) 100vw, 972px\" \/><\/h2>\n<p dir=\"ltr\" style=\"text-align: justify\">El <b>Bayern M\u00fanich<\/b> ha puesto fin a una de sus ausencias m\u00e1s prolongadas en el escenario final del f\u00fatbol alem\u00e1n. Tras vencer 2-0 al Leverkusen y sellar as\u00ed su clasificaci\u00f3n a la gran final de la <b>Copa de Alemania (DFB-Pokal) 2025-26<\/b>, rompiendo una sequ\u00eda de seis a\u00f1os sin disputar el partido por el t\u00edtulo en el Estadio Ol\u00edmpico de Berl\u00edn.<\/p>\n<p dir=\"ltr\" style=\"text-align: justify\">\u200bLa \u00faltima vez que el Bayern hab\u00eda llegado a la instancia definitiva fue en la temporada <b>2019-20<\/b>, cuando levant\u00f3 el trofeo tras vencer al Bayer Leverkusen. Desde entonces, una serie de eliminaciones prematuras y sorpresivas hab\u00edan mantenido al m\u00e1ximo ganador hist\u00f3rico alejado de su competici\u00f3n fetiche.<\/p>\n<h3 dir=\"ltr\" style=\"text-align: justify\">\u200b<b>Dominio absoluto en semifinales<\/b><\/h3>\n<p dir=\"ltr\" style=\"text-align: justify\">\u200bEl camino a Berl\u00edn se paviment\u00f3 con una victoria contundente que reafirma el gran momento de forma del equipo bajo la direcci\u00f3n t\u00e9cnica. Con un juego basado en la presi\u00f3n alta y la efectividad de sus referentes ofensivos, el Bayern no dio margen a la sorpresa, controlando los tiempos del partido de principio a fin.<\/p>\n<p dir=\"ltr\" style=\"text-align: justify\">\u200bLa intensidad mostrada en esta semifinal deja claro que el club no solo busca ampliar su palmar\u00e9s (que ya cuenta con <b>20 trofeos<\/b> de esta competici\u00f3n), sino tambi\u00e9n enviar un mensaje de dominio total en el f\u00fatbol dom\u00e9stico.<\/p>\n<h3 dir=\"ltr\" style=\"text-align: justify\">\u200b<b>Cita en Berl\u00edn: La final esperada<\/b><\/h3>\n<p dir=\"ltr\" style=\"text-align: justify\">\u200bLa gran final de la DFB-Pokal se disputar\u00e1 el pr\u00f3ximo <b>s\u00e1bado 23 de mayo de 2026<\/b>. El Estadio Ol\u00edmpico de Berl\u00edn se vestir\u00e1 de gala para recibir a los miles de aficionados b\u00e1varos que esperan ver a su equipo recuperar el trono que tradicionalmente les pertenece.<\/p>\n<h3 dir=\"ltr\" style=\"text-align: justify\">\u200b<b>Datos clave de la clasificaci\u00f3n:<\/b><\/h3>\n<ul>\n<li dir=\"ltr\" style=\"text-align: justify\">\u200b<b>Sequ\u00eda terminada:<\/b> El Bayern no jugaba una final de Copa desde el a\u00f1o 2020.<\/li>\n<li dir=\"ltr\" style=\"text-align: justify\">\u200b<b>Hegemon\u00eda hist\u00f3rica:<\/b> Es el club con m\u00e1s t\u00edtulos (20) y m\u00e1s finales disputadas en la historia del torneo.<\/li>\n<li dir=\"ltr\" style=\"text-align: justify\">\u200b<b>Objetivo Triplete:<\/b> Con la Bundesliga encaminada y su presencia en fases finales de Europa, el Bayern sue\u00f1a con volver a conquistar el tr\u00e9bol de t\u00edtulos esta temporada.<\/li>\n<\/ul>\n","protected":false},"excerpt":{"rendered":"<p>El Bayern M\u00fanich ha puesto fin a una de sus ausencias m\u00e1s prolongadas en el escenario final del f\u00fatbol alem\u00e1n. Tras vencer 2-0 al Leverkusen y sellar as\u00ed su clasificaci\u00f3n a la gran final&#46;&#46;&#46;<\/p>\n","protected":false},"author":55,"featured_media":53163,"comment_status":"open","ping_status":"open","sticky":false,"template":"","format":"standard","meta":{"_acf_changed":false,"om_disable_all_campaigns":false,"rop_custom_images_group":[],"rop_custom_messages_group":[],"rop_publish_now":"initial","rop_publish_now_accounts":{"twitter_242054905_242054905":""},"rop_publish_now_history":[],"rop_publish_now_status":"pending","_uf_show_specific_survey":0,"_uf_disable_surveys":false,"footnotes":""},"categories":[16,394],"tags":[1396,1874,235],"class_list":["post-53162","post","type-post","status-publish","format-standard","has-post-thumbnail","hentry","category-deportes","category-futbol-internacional","tag-bayern-munich","tag-dfb-pokal","tag-futbol"],"acf":[],"aioseo_notices":[],"yoast_head":"<!-- This site is optimized with the Yoast SEO Premium plugin v24.9 (Yoast SEO v27.2) - https:\/\/yoast.com\/product\/yoast-seo-premium-wordpress\/ -->\n<title>El \u00abGigante de Baviera\u00bb rompe el maleficio: El Bayern M\u00fanich vuelve a la final de la DFB-Pokal seis a\u00f1os despu\u00e9s - Venezuela | Noti-America.com<\/title>\n<meta name=\"robots\" content=\"index, follow, max-snippet:-1, max-image-preview:large, max-video-preview:-1\" \/>\n<link rel=\"canonical\" href=\"https:\/\/noti-america.com\/site\/venezuela\/2026\/04\/26\/el-gigante-de-baviera-rompe-el-maleficio-el-bayern-munich-vuelve-a-la-final-de-la-dfb-pokal-seis-anos-despues\/\" \/>\n<meta property=\"og:locale\" content=\"es_ES\" \/>\n<meta property=\"og:type\" content=\"article\" \/>\n<meta property=\"og:title\" content=\"El \u00abGigante de Baviera\u00bb rompe el maleficio: El Bayern M\u00fanich vuelve a la final de la DFB-Pokal seis a\u00f1os despu\u00e9s\" \/>\n<meta property=\"og:description\" content=\"El Bayern M\u00fanich ha puesto fin a una de sus ausencias m\u00e1s prolongadas en el escenario final del f\u00fatbol alem\u00e1n. Tras vencer 2-0 al Leverkusen y sellar as\u00ed su clasificaci\u00f3n a la gran final&#046;&#046;&#046;\" \/>\n<meta property=\"og:url\" content=\"https:\/\/noti-america.com\/site\/venezuela\/2026\/04\/26\/el-gigante-de-baviera-rompe-el-maleficio-el-bayern-munich-vuelve-a-la-final-de-la-dfb-pokal-seis-anos-despues\/\" \/>\n<meta property=\"og:site_name\" content=\"Venezuela | Noti-America.com\" \/>\n<meta property=\"article:published_time\" content=\"2026-04-26T23:20:55+00:00\" \/>\n<meta property=\"article:modified_time\" content=\"2026-04-26T23:20:57+00:00\" \/>\n<meta property=\"og:image\" content=\"https:\/\/noti-america.com\/site\/venezuela\/wp-content\/uploads\/sites\/2\/2026\/04\/IMG_20260426_191644.jpg\" \/>\n\t<meta property=\"og:image:width\" content=\"972\" \/>\n\t<meta property=\"og:image:height\" content=\"672\" \/>\n\t<meta property=\"og:image:type\" content=\"image\/jpeg\" \/>\n<meta name=\"author\" content=\"Ana Maria Correa\" \/>\n<meta name=\"twitter:card\" content=\"summary_large_image\" \/>\n<meta name=\"twitter:label1\" content=\"Escrito por\" \/>\n\t<meta name=\"twitter:data1\" content=\"Ana Maria Correa\" \/>\n\t<meta name=\"twitter:label2\" content=\"Tiempo estimado de lectura\" \/>\n\t<meta name=\"twitter:data2\" content=\"2 minutos\" \/>\n<script type=\"application\/ld+json\" class=\"yoast-schema-graph\">{\"@context\":\"https:\/\/schema.org\",\"@graph\":[{\"@type\":\"Article\",\"@id\":\"https:\/\/noti-america.com\/site\/venezuela\/2026\/04\/26\/el-gigante-de-baviera-rompe-el-maleficio-el-bayern-munich-vuelve-a-la-final-de-la-dfb-pokal-seis-anos-despues\/#article\",\"isPartOf\":{\"@id\":\"https:\/\/noti-america.com\/site\/venezuela\/2026\/04\/26\/el-gigante-de-baviera-rompe-el-maleficio-el-bayern-munich-vuelve-a-la-final-de-la-dfb-pokal-seis-anos-despues\/\"},\"author\":{\"name\":\"Ana Maria Correa\",\"@id\":\"https:\/\/noti-america.com\/site\/venezuela\/#\/schema\/person\/bc58472b8ba32d08cc134078067f8b58\"},\"headline\":\"El \u00abGigante de Baviera\u00bb rompe el maleficio: El Bayern M\u00fanich vuelve a la final de la DFB-Pokal seis a\u00f1os despu\u00e9s\",\"datePublished\":\"2026-04-26T23:20:55+00:00\",\"dateModified\":\"2026-04-26T23:20:57+00:00\",\"mainEntityOfPage\":{\"@id\":\"https:\/\/noti-america.com\/site\/venezuela\/2026\/04\/26\/el-gigante-de-baviera-rompe-el-maleficio-el-bayern-munich-vuelve-a-la-final-de-la-dfb-pokal-seis-anos-despues\/\"},\"wordCount\":378,\"commentCount\":0,\"publisher\":{\"@id\":\"https:\/\/noti-america.com\/site\/venezuela\/#organization\"},\"image\":{\"@id\":\"https:\/\/noti-america.com\/site\/venezuela\/2026\/04\/26\/el-gigante-de-baviera-rompe-el-maleficio-el-bayern-munich-vuelve-a-la-final-de-la-dfb-pokal-seis-anos-despues\/#primaryimage\"},\"thumbnailUrl\":\"https:\/\/noti-america.com\/site\/venezuela\/wp-content\/uploads\/sites\/2\/2026\/04\/IMG_20260426_191644.jpg\",\"keywords\":[\"Bayern M\u00fanich\",\"DFB-Pokal\",\"FUTBOL\"],\"articleSection\":[\"Deportes\",\"Futbol Internacional\"],\"inLanguage\":\"es\",\"potentialAction\":[{\"@type\":\"CommentAction\",\"name\":\"Comment\",\"target\":[\"https:\/\/noti-america.com\/site\/venezuela\/2026\/04\/26\/el-gigante-de-baviera-rompe-el-maleficio-el-bayern-munich-vuelve-a-la-final-de-la-dfb-pokal-seis-anos-despues\/#respond\"]}]},{\"@type\":\"WebPage\",\"@id\":\"https:\/\/noti-america.com\/site\/venezuela\/2026\/04\/26\/el-gigante-de-baviera-rompe-el-maleficio-el-bayern-munich-vuelve-a-la-final-de-la-dfb-pokal-seis-anos-despues\/\",\"url\":\"https:\/\/noti-america.com\/site\/venezuela\/2026\/04\/26\/el-gigante-de-baviera-rompe-el-maleficio-el-bayern-munich-vuelve-a-la-final-de-la-dfb-pokal-seis-anos-despues\/\",\"name\":\"El \u00abGigante de Baviera\u00bb rompe el maleficio: El Bayern M\u00fanich vuelve a la final de la DFB-Pokal seis a\u00f1os despu\u00e9s - Venezuela | Noti-America.com\",\"isPartOf\":{\"@id\":\"https:\/\/noti-america.com\/site\/venezuela\/#website\"},\"primaryImageOfPage\":{\"@id\":\"https:\/\/noti-america.com\/site\/venezuela\/2026\/04\/26\/el-gigante-de-baviera-rompe-el-maleficio-el-bayern-munich-vuelve-a-la-final-de-la-dfb-pokal-seis-anos-despues\/#primaryimage\"},\"image\":{\"@id\":\"https:\/\/noti-america.com\/site\/venezuela\/2026\/04\/26\/el-gigante-de-baviera-rompe-el-maleficio-el-bayern-munich-vuelve-a-la-final-de-la-dfb-pokal-seis-anos-despues\/#primaryimage\"},\"thumbnailUrl\":\"https:\/\/noti-america.com\/site\/venezuela\/wp-content\/uploads\/sites\/2\/2026\/04\/IMG_20260426_191644.jpg\",\"datePublished\":\"2026-04-26T23:20:55+00:00\",\"dateModified\":\"2026-04-26T23:20:57+00:00\",\"breadcrumb\":{\"@id\":\"https:\/\/noti-america.com\/site\/venezuela\/2026\/04\/26\/el-gigante-de-baviera-rompe-el-maleficio-el-bayern-munich-vuelve-a-la-final-de-la-dfb-pokal-seis-anos-despues\/#breadcrumb\"},\"inLanguage\":\"es\",\"potentialAction\":[{\"@type\":\"ReadAction\",\"target\":[\"https:\/\/noti-america.com\/site\/venezuela\/2026\/04\/26\/el-gigante-de-baviera-rompe-el-maleficio-el-bayern-munich-vuelve-a-la-final-de-la-dfb-pokal-seis-anos-despues\/\"]}]},{\"@type\":\"ImageObject\",\"inLanguage\":\"es\",\"@id\":\"https:\/\/noti-america.com\/site\/venezuela\/2026\/04\/26\/el-gigante-de-baviera-rompe-el-maleficio-el-bayern-munich-vuelve-a-la-final-de-la-dfb-pokal-seis-anos-despues\/#primaryimage\",\"url\":\"https:\/\/noti-america.com\/site\/venezuela\/wp-content\/uploads\/sites\/2\/2026\/04\/IMG_20260426_191644.jpg\",\"contentUrl\":\"https:\/\/noti-america.com\/site\/venezuela\/wp-content\/uploads\/sites\/2\/2026\/04\/IMG_20260426_191644.jpg\",\"width\":972,\"height\":672},{\"@type\":\"BreadcrumbList\",\"@id\":\"https:\/\/noti-america.com\/site\/venezuela\/2026\/04\/26\/el-gigante-de-baviera-rompe-el-maleficio-el-bayern-munich-vuelve-a-la-final-de-la-dfb-pokal-seis-anos-despues\/#breadcrumb\",\"itemListElement\":[{\"@type\":\"ListItem\",\"position\":1,\"name\":\"Portada\",\"item\":\"https:\/\/noti-america.com\/site\/venezuela\/\"},{\"@type\":\"ListItem\",\"position\":2,\"name\":\"El \u00abGigante de Baviera\u00bb rompe el maleficio: El Bayern M\u00fanich vuelve a la final de la DFB-Pokal seis a\u00f1os despu\u00e9s\"}]},{\"@type\":\"WebSite\",\"@id\":\"https:\/\/noti-america.com\/site\/venezuela\/#website\",\"url\":\"https:\/\/noti-america.com\/site\/venezuela\/\",\"name\":\"Venezuela | Noti-America.com\",\"description\":\"\",\"publisher\":{\"@id\":\"https:\/\/noti-america.com\/site\/venezuela\/#organization\"},\"potentialAction\":[{\"@type\":\"SearchAction\",\"target\":{\"@type\":\"EntryPoint\",\"urlTemplate\":\"https:\/\/noti-america.com\/site\/venezuela\/?s={search_term_string}\"},\"query-input\":{\"@type\":\"PropertyValueSpecification\",\"valueRequired\":true,\"valueName\":\"search_term_string\"}}],\"inLanguage\":\"es\"},{\"@type\":\"Organization\",\"@id\":\"https:\/\/noti-america.com\/site\/venezuela\/#organization\",\"name\":\"Noti-America LLC | Venezuela\",\"url\":\"https:\/\/noti-america.com\/site\/venezuela\/\",\"logo\":{\"@type\":\"ImageObject\",\"inLanguage\":\"es\",\"@id\":\"https:\/\/noti-america.com\/site\/venezuela\/#\/schema\/logo\/image\/\",\"url\":\"https:\/\/noti-america.com\/site\/venezuela\/wp-content\/uploads\/sites\/2\/2020\/07\/LogoNA-4x3-1.jpg\",\"contentUrl\":\"https:\/\/noti-america.com\/site\/venezuela\/wp-content\/uploads\/sites\/2\/2020\/07\/LogoNA-4x3-1.jpg\",\"width\":1236,\"height\":1080,\"caption\":\"Noti-America LLC | Venezuela\"},\"image\":{\"@id\":\"https:\/\/noti-america.com\/site\/venezuela\/#\/schema\/logo\/image\/\"}},{\"@type\":\"Person\",\"@id\":\"https:\/\/noti-america.com\/site\/venezuela\/#\/schema\/person\/bc58472b8ba32d08cc134078067f8b58\",\"name\":\"Ana Maria Correa\",\"image\":{\"@type\":\"ImageObject\",\"inLanguage\":\"es\",\"@id\":\"https:\/\/secure.gravatar.com\/avatar\/6d24af21af7e834cb1f37d9c4418e69b2eed4676de4ee948a40df971d53808d3?s=96&d=mm&r=g\",\"url\":\"https:\/\/secure.gravatar.com\/avatar\/6d24af21af7e834cb1f37d9c4418e69b2eed4676de4ee948a40df971d53808d3?s=96&d=mm&r=g\",\"contentUrl\":\"https:\/\/secure.gravatar.com\/avatar\/6d24af21af7e834cb1f37d9c4418e69b2eed4676de4ee948a40df971d53808d3?s=96&d=mm&r=g\",\"caption\":\"Ana Maria Correa\"},\"description\":\"Comunicadora Social, apasionada al Periodismo Deportivo y de investigaci\u00f3n. Mi labor es realizar reportajes y entrevistas que sirvan para informar sobre la problem\u00e1tica diaria mundial.\",\"sameAs\":[\"https:\/\/www.linkedin.com\/in\/ana-mara-correa-070b2117a\/\"],\"url\":\"https:\/\/noti-america.com\/site\/venezuela\/author\/acorrea\/\"}]}<\/script>\n<!-- \/ Yoast SEO Premium plugin. -->","yoast_head_json":{"title":"El \u00abGigante de Baviera\u00bb rompe el maleficio: El Bayern M\u00fanich vuelve a la final de la DFB-Pokal seis a\u00f1os despu\u00e9s - Venezuela | Noti-America.com","robots":{"index":"index","follow":"follow","max-snippet":"max-snippet:-1","max-image-preview":"max-image-preview:large","max-video-preview":"max-video-preview:-1"},"canonical":"https:\/\/noti-america.com\/site\/venezuela\/2026\/04\/26\/el-gigante-de-baviera-rompe-el-maleficio-el-bayern-munich-vuelve-a-la-final-de-la-dfb-pokal-seis-anos-despues\/","og_locale":"es_ES","og_type":"article","og_title":"El \u00abGigante de Baviera\u00bb rompe el maleficio: El Bayern M\u00fanich vuelve a la final de la DFB-Pokal seis a\u00f1os despu\u00e9s","og_description":"El Bayern M\u00fanich ha puesto fin a una de sus ausencias m\u00e1s prolongadas en el escenario final del f\u00fatbol alem\u00e1n. Tras vencer 2-0 al Leverkusen y sellar as\u00ed su clasificaci\u00f3n a la gran final&#46;&#46;&#46;","og_url":"https:\/\/noti-america.com\/site\/venezuela\/2026\/04\/26\/el-gigante-de-baviera-rompe-el-maleficio-el-bayern-munich-vuelve-a-la-final-de-la-dfb-pokal-seis-anos-despues\/","og_site_name":"Venezuela | Noti-America.com","article_published_time":"2026-04-26T23:20:55+00:00","article_modified_time":"2026-04-26T23:20:57+00:00","og_image":[{"width":972,"height":672,"url":"https:\/\/noti-america.com\/site\/venezuela\/wp-content\/uploads\/sites\/2\/2026\/04\/IMG_20260426_191644.jpg","type":"image\/jpeg"}],"author":"Ana Maria Correa","twitter_card":"summary_large_image","twitter_misc":{"Escrito por":"Ana Maria Correa","Tiempo estimado de lectura":"2 minutos"},"schema":{"@context":"https:\/\/schema.org","@graph":[{"@type":"Article","@id":"https:\/\/noti-america.com\/site\/venezuela\/2026\/04\/26\/el-gigante-de-baviera-rompe-el-maleficio-el-bayern-munich-vuelve-a-la-final-de-la-dfb-pokal-seis-anos-despues\/#article","isPartOf":{"@id":"https:\/\/noti-america.com\/site\/venezuela\/2026\/04\/26\/el-gigante-de-baviera-rompe-el-maleficio-el-bayern-munich-vuelve-a-la-final-de-la-dfb-pokal-seis-anos-despues\/"},"author":{"name":"Ana Maria Correa","@id":"https:\/\/noti-america.com\/site\/venezuela\/#\/schema\/person\/bc58472b8ba32d08cc134078067f8b58"},"headline":"El \u00abGigante de Baviera\u00bb rompe el maleficio: El Bayern M\u00fanich vuelve a la final de la DFB-Pokal seis a\u00f1os despu\u00e9s","datePublished":"2026-04-26T23:20:55+00:00","dateModified":"2026-04-26T23:20:57+00:00","mainEntityOfPage":{"@id":"https:\/\/noti-america.com\/site\/venezuela\/2026\/04\/26\/el-gigante-de-baviera-rompe-el-maleficio-el-bayern-munich-vuelve-a-la-final-de-la-dfb-pokal-seis-anos-despues\/"},"wordCount":378,"commentCount":0,"publisher":{"@id":"https:\/\/noti-america.com\/site\/venezuela\/#organization"},"image":{"@id":"https:\/\/noti-america.com\/site\/venezuela\/2026\/04\/26\/el-gigante-de-baviera-rompe-el-maleficio-el-bayern-munich-vuelve-a-la-final-de-la-dfb-pokal-seis-anos-despues\/#primaryimage"},"thumbnailUrl":"https:\/\/noti-america.com\/site\/venezuela\/wp-content\/uploads\/sites\/2\/2026\/04\/IMG_20260426_191644.jpg","keywords":["Bayern M\u00fanich","DFB-Pokal","FUTBOL"],"articleSection":["Deportes","Futbol Internacional"],"inLanguage":"es","potentialAction":[{"@type":"CommentAction","name":"Comment","target":["https:\/\/noti-america.com\/site\/venezuela\/2026\/04\/26\/el-gigante-de-baviera-rompe-el-maleficio-el-bayern-munich-vuelve-a-la-final-de-la-dfb-pokal-seis-anos-despues\/#respond"]}]},{"@type":"WebPage","@id":"https:\/\/noti-america.com\/site\/venezuela\/2026\/04\/26\/el-gigante-de-baviera-rompe-el-maleficio-el-bayern-munich-vuelve-a-la-final-de-la-dfb-pokal-seis-anos-despues\/","url":"https:\/\/noti-america.com\/site\/venezuela\/2026\/04\/26\/el-gigante-de-baviera-rompe-el-maleficio-el-bayern-munich-vuelve-a-la-final-de-la-dfb-pokal-seis-anos-despues\/","name":"El \u00abGigante de Baviera\u00bb rompe el maleficio: El Bayern M\u00fanich vuelve a la final de la DFB-Pokal seis a\u00f1os despu\u00e9s - Venezuela | Noti-America.com","isPartOf":{"@id":"https:\/\/noti-america.com\/site\/venezuela\/#website"},"primaryImageOfPage":{"@id":"https:\/\/noti-america.com\/site\/venezuela\/2026\/04\/26\/el-gigante-de-baviera-rompe-el-maleficio-el-bayern-munich-vuelve-a-la-final-de-la-dfb-pokal-seis-anos-despues\/#primaryimage"},"image":{"@id":"https:\/\/noti-america.com\/site\/venezuela\/2026\/04\/26\/el-gigante-de-baviera-rompe-el-maleficio-el-bayern-munich-vuelve-a-la-final-de-la-dfb-pokal-seis-anos-despues\/#primaryimage"},"thumbnailUrl":"https:\/\/noti-america.com\/site\/venezuela\/wp-content\/uploads\/sites\/2\/2026\/04\/IMG_20260426_191644.jpg","datePublished":"2026-04-26T23:20:55+00:00","dateModified":"2026-04-26T23:20:57+00:00","breadcrumb":{"@id":"https:\/\/noti-america.com\/site\/venezuela\/2026\/04\/26\/el-gigante-de-baviera-rompe-el-maleficio-el-bayern-munich-vuelve-a-la-final-de-la-dfb-pokal-seis-anos-despues\/#breadcrumb"},"inLanguage":"es","potentialAction":[{"@type":"ReadAction","target":["https:\/\/noti-america.com\/site\/venezuela\/2026\/04\/26\/el-gigante-de-baviera-rompe-el-maleficio-el-bayern-munich-vuelve-a-la-final-de-la-dfb-pokal-seis-anos-despues\/"]}]},{"@type":"ImageObject","inLanguage":"es","@id":"https:\/\/noti-america.com\/site\/venezuela\/2026\/04\/26\/el-gigante-de-baviera-rompe-el-maleficio-el-bayern-munich-vuelve-a-la-final-de-la-dfb-pokal-seis-anos-despues\/#primaryimage","url":"https:\/\/noti-america.com\/site\/venezuela\/wp-content\/uploads\/sites\/2\/2026\/04\/IMG_20260426_191644.jpg","contentUrl":"https:\/\/noti-america.com\/site\/venezuela\/wp-content\/uploads\/sites\/2\/2026\/04\/IMG_20260426_191644.jpg","width":972,"height":672},{"@type":"BreadcrumbList","@id":"https:\/\/noti-america.com\/site\/venezuela\/2026\/04\/26\/el-gigante-de-baviera-rompe-el-maleficio-el-bayern-munich-vuelve-a-la-final-de-la-dfb-pokal-seis-anos-despues\/#breadcrumb","itemListElement":[{"@type":"ListItem","position":1,"name":"Portada","item":"https:\/\/noti-america.com\/site\/venezuela\/"},{"@type":"ListItem","position":2,"name":"El \u00abGigante de Baviera\u00bb rompe el maleficio: El Bayern M\u00fanich vuelve a la final de la DFB-Pokal seis a\u00f1os despu\u00e9s"}]},{"@type":"WebSite","@id":"https:\/\/noti-america.com\/site\/venezuela\/#website","url":"https:\/\/noti-america.com\/site\/venezuela\/","name":"Venezuela | Noti-America.com","description":"","publisher":{"@id":"https:\/\/noti-america.com\/site\/venezuela\/#organization"},"potentialAction":[{"@type":"SearchAction","target":{"@type":"EntryPoint","urlTemplate":"https:\/\/noti-america.com\/site\/venezuela\/?s={search_term_string}"},"query-input":{"@type":"PropertyValueSpecification","valueRequired":true,"valueName":"search_term_string"}}],"inLanguage":"es"},{"@type":"Organization","@id":"https:\/\/noti-america.com\/site\/venezuela\/#organization","name":"Noti-America LLC | Venezuela","url":"https:\/\/noti-america.com\/site\/venezuela\/","logo":{"@type":"ImageObject","inLanguage":"es","@id":"https:\/\/noti-america.com\/site\/venezuela\/#\/schema\/logo\/image\/","url":"https:\/\/noti-america.com\/site\/venezuela\/wp-content\/uploads\/sites\/2\/2020\/07\/LogoNA-4x3-1.jpg","contentUrl":"https:\/\/noti-america.com\/site\/venezuela\/wp-content\/uploads\/sites\/2\/2020\/07\/LogoNA-4x3-1.jpg","width":1236,"height":1080,"caption":"Noti-America LLC | Venezuela"},"image":{"@id":"https:\/\/noti-america.com\/site\/venezuela\/#\/schema\/logo\/image\/"}},{"@type":"Person","@id":"https:\/\/noti-america.com\/site\/venezuela\/#\/schema\/person\/bc58472b8ba32d08cc134078067f8b58","name":"Ana Maria Correa","image":{"@type":"ImageObject","inLanguage":"es","@id":"https:\/\/secure.gravatar.com\/avatar\/6d24af21af7e834cb1f37d9c4418e69b2eed4676de4ee948a40df971d53808d3?s=96&d=mm&r=g","url":"https:\/\/secure.gravatar.com\/avatar\/6d24af21af7e834cb1f37d9c4418e69b2eed4676de4ee948a40df971d53808d3?s=96&d=mm&r=g","contentUrl":"https:\/\/secure.gravatar.com\/avatar\/6d24af21af7e834cb1f37d9c4418e69b2eed4676de4ee948a40df971d53808d3?s=96&d=mm&r=g","caption":"Ana Maria Correa"},"description":"Comunicadora Social, apasionada al Periodismo Deportivo y de investigaci\u00f3n. Mi labor es realizar reportajes y entrevistas que sirvan para informar sobre la problem\u00e1tica diaria mundial.","sameAs":["https:\/\/www.linkedin.com\/in\/ana-mara-correa-070b2117a\/"],"url":"https:\/\/noti-america.com\/site\/venezuela\/author\/acorrea\/"}]}},"_links":{"self":[{"href":"https:\/\/noti-america.com\/site\/venezuela\/wp-json\/wp\/v2\/posts\/53162","targetHints":{"allow":["GET"]}}],"collection":[{"href":"https:\/\/noti-america.com\/site\/venezuela\/wp-json\/wp\/v2\/posts"}],"about":[{"href":"https:\/\/noti-america.com\/site\/venezuela\/wp-json\/wp\/v2\/types\/post"}],"author":[{"embeddable":true,"href":"https:\/\/noti-america.com\/site\/venezuela\/wp-json\/wp\/v2\/users\/55"}],"replies":[{"embeddable":true,"href":"https:\/\/noti-america.com\/site\/venezuela\/wp-json\/wp\/v2\/comments?post=53162"}],"version-history":[{"count":1,"href":"https:\/\/noti-america.com\/site\/venezuela\/wp-json\/wp\/v2\/posts\/53162\/revisions"}],"predecessor-version":[{"id":53164,"href":"https:\/\/noti-america.com\/site\/venezuela\/wp-json\/wp\/v2\/posts\/53162\/revisions\/53164"}],"wp:featuredmedia":[{"embeddable":true,"href":"https:\/\/noti-america.com\/site\/venezuela\/wp-json\/wp\/v2\/media\/53163"}],"wp:attachment":[{"href":"https:\/\/noti-america.com\/site\/venezuela\/wp-json\/wp\/v2\/media?parent=53162"}],"wp:term":[{"taxonomy":"category","embeddable":true,"href":"https:\/\/noti-america.com\/site\/venezuela\/wp-json\/wp\/v2\/categories?post=53162"},{"taxonomy":"post_tag","embeddable":true,"href":"https:\/\/noti-america.com\/site\/venezuela\/wp-json\/wp\/v2\/tags?post=53162"}],"curies":[{"name":"wp","href":"https:\/\/api.w.org\/{rel}","templated":true}]}}