{"id":53156,"date":"2026-04-26T22:56:51","date_gmt":"2026-04-26T22:56:51","guid":{"rendered":"https:\/\/noti-america.com\/site\/venezuela\/2026\/04\/26\/el-cometa-del-siglo-se-fragmenta-astronomos-advierten-sobre-su-inesperado-destino\/"},"modified":"2026-04-26T22:56:52","modified_gmt":"2026-04-26T22:56:52","slug":"el-cometa-del-siglo-se-fragmenta-astronomos-advierten-sobre-su-inesperado-destino","status":"publish","type":"post","link":"https:\/\/noti-america.com\/site\/venezuela\/2026\/04\/26\/el-cometa-del-siglo-se-fragmenta-astronomos-advierten-sobre-su-inesperado-destino\/","title":{"rendered":"El \u00abCometa del Siglo\u00bb se fragmenta: Astr\u00f3nomos advierten sobre su inesperado destino"},"content":{"rendered":"<h2 dir=\"ltr\" style=\"text-align: justify\"><img loading=\"lazy\" decoding=\"async\" class=\"size-full wp-image-53157 aligncenter\" src=\"https:\/\/noti-america.com\/site\/venezuela\/wp-content\/uploads\/sites\/2\/2026\/04\/IMG_20260426_185335.jpg\" alt=\"\" width=\"1074\" height=\"601\" srcset=\"https:\/\/noti-america.com\/site\/venezuela\/wp-content\/uploads\/sites\/2\/2026\/04\/IMG_20260426_185335.jpg 1074w, https:\/\/noti-america.com\/site\/venezuela\/wp-content\/uploads\/sites\/2\/2026\/04\/IMG_20260426_185335-300x168.jpg 300w, https:\/\/noti-america.com\/site\/venezuela\/wp-content\/uploads\/sites\/2\/2026\/04\/IMG_20260426_185335-1024x573.jpg 1024w, https:\/\/noti-america.com\/site\/venezuela\/wp-content\/uploads\/sites\/2\/2026\/04\/IMG_20260426_185335-768x430.jpg 768w\" sizes=\"auto, (max-width: 1074px) 100vw, 1074px\" \/><\/h2>\n<p dir=\"ltr\" style=\"text-align: justify\">\u200bLo que la comunidad cient\u00edfica y los aficionados a la astronom\u00eda esperaban como el evento astron\u00f3mico m\u00e1s espectacular de la d\u00e9cada ha tomado un rumbo incierto. El cometa <b>C\/2026 A1 (MAPS)<\/b>, que se perfilaba para iluminar nuestros cielos este mes de abril, ha sufrido un proceso de fragmentaci\u00f3n catastr\u00f3fica tras su encuentro cercano con el Sol.<\/p>\n<h3 dir=\"ltr\" style=\"text-align: justify\">\u200bUn roce solar fatal<\/h3>\n<p dir=\"ltr\" style=\"text-align: justify\">\u200bEl pasado <b>4 de abril<\/b>, el cometa MAPS alcanz\u00f3 su perihelio \u2014el punto m\u00e1s cercano a nuestra estrella\u2014 a una distancia extremadamente reducida de apenas <b>170.000 kil\u00f3metros<\/b> sobre la superficie solar. Esta cercan\u00eda lo clasific\u00f3 como un \u00absungrazer\u00bb (rasante solar), someti\u00e9ndolo a fuerzas gravitacionales y t\u00e9rmicas que finalmente superaron la cohesi\u00f3n de su n\u00facleo.<\/p>\n<p dir=\"ltr\" style=\"text-align: justify\">\u200bIm\u00e1genes captadas por los coron\u00f3grafos de la NASA revelaron que, en lugar de emerger una cabeza cometaria s\u00f3lida y brillante por detr\u00e1s del Sol, lo que apareci\u00f3 fue una pluma de polvo difusa y curvada. Este fen\u00f3meno indica que el n\u00facleo se desintegr\u00f3 por completo bajo el calor extremo, liberando una gran cantidad de material en el espacio.<\/p>\n<h3 dir=\"ltr\" style=\"text-align: justify\">\u200b\u00bfQu\u00e9 significa esto para los observadores?<\/h3>\n<p dir=\"ltr\" style=\"text-align: justify\">\u200bAunque inicialmente hubo esperanzas de presenciar un \u00abcometa sin cabeza\u00bb (una cola brillante que persiste tras la ruptura del n\u00facleo), los \u00faltimos reportes indican que la nube de escombros se est\u00e1 dispersando r\u00e1pidamente.<\/p>\n<ul style=\"text-align: justify\">\n<li dir=\"ltr\">\u200b<b>Visibilidad:<\/b> Las posibilidades de verlo a simple vista han ca\u00eddo dr\u00e1sticamente.<\/li>\n<li dir=\"ltr\">\u200b<b>Destino:<\/b> Los restos del MAPS ahora forman parte del polvo interplanetario, dejando atr\u00e1s la promesa de un espect\u00e1culo nocturno.<\/li>\n<\/ul>\n<h3 dir=\"ltr\" style=\"text-align: justify\">\u200bLa mirada puesta en nuevos objetivos<\/h3>\n<p dir=\"ltr\" style=\"text-align: justify\">\u200bA pesar de la p\u00e9rdida del cometa MAPS, los astr\u00f3nomos ya han redirigido sus telescopios hacia otros candidatos. El cometa <b>C\/2025 R3 (PanSTARRS)<\/b> se presenta ahora como el objetivo m\u00e1s prometedor para lo que resta de abril, aunque no se espera que alcance la magnitud de brillo que promet\u00eda el malogrado \u00abCometa del Siglo\u00bb.<\/p>\n<p dir=\"ltr\" style=\"text-align: justify\">\u200bLa desintegraci\u00f3n del MAPS nos recuerda la naturaleza impredecible de estos visitantes del sistema solar exterior, cuya fragilidad suele ser proporcional a su belleza.<\/p>\n","protected":false},"excerpt":{"rendered":"<p>\u200bLo que la comunidad cient\u00edfica y los aficionados a la astronom\u00eda esperaban como el evento astron\u00f3mico m\u00e1s espectacular de la d\u00e9cada ha tomado un rumbo incierto. El cometa C\/2026 A1 (MAPS), que se perfilaba&#46;&#46;&#46;<\/p>\n","protected":false},"author":55,"featured_media":53157,"comment_status":"open","ping_status":"open","sticky":false,"template":"","format":"standard","meta":{"_acf_changed":false,"om_disable_all_campaigns":false,"rop_custom_images_group":[],"rop_custom_messages_group":[],"rop_publish_now":"initial","rop_publish_now_accounts":{"twitter_242054905_242054905":""},"rop_publish_now_history":[],"rop_publish_now_status":"pending","_uf_show_specific_survey":0,"_uf_disable_surveys":false,"footnotes":""},"categories":[177],"tags":[1873],"class_list":["post-53156","post","type-post","status-publish","format-standard","has-post-thumbnail","hentry","category-ciencia-y-tecnologia","tag-el-cometa-del-siglo"],"acf":[],"aioseo_notices":[],"yoast_head":"<!-- This site is optimized with the Yoast SEO Premium plugin v24.9 (Yoast SEO v27.2) - https:\/\/yoast.com\/product\/yoast-seo-premium-wordpress\/ -->\n<title>El \u00abCometa del Siglo\u00bb se fragmenta: Astr\u00f3nomos advierten sobre su inesperado destino - Venezuela | Noti-America.com<\/title>\n<meta name=\"robots\" content=\"index, follow, max-snippet:-1, max-image-preview:large, max-video-preview:-1\" \/>\n<link rel=\"canonical\" href=\"https:\/\/noti-america.com\/site\/venezuela\/2026\/04\/26\/el-cometa-del-siglo-se-fragmenta-astronomos-advierten-sobre-su-inesperado-destino\/\" \/>\n<meta property=\"og:locale\" content=\"es_ES\" \/>\n<meta property=\"og:type\" content=\"article\" \/>\n<meta property=\"og:title\" content=\"El \u00abCometa del Siglo\u00bb se fragmenta: Astr\u00f3nomos advierten sobre su inesperado destino\" \/>\n<meta property=\"og:description\" content=\"\u200bLo que la comunidad cient\u00edfica y los aficionados a la astronom\u00eda esperaban como el evento astron\u00f3mico m\u00e1s espectacular de la d\u00e9cada ha tomado un rumbo incierto. El cometa C\/2026 A1 (MAPS), que se perfilaba&#046;&#046;&#046;\" \/>\n<meta property=\"og:url\" content=\"https:\/\/noti-america.com\/site\/venezuela\/2026\/04\/26\/el-cometa-del-siglo-se-fragmenta-astronomos-advierten-sobre-su-inesperado-destino\/\" \/>\n<meta property=\"og:site_name\" content=\"Venezuela | Noti-America.com\" \/>\n<meta property=\"article:published_time\" content=\"2026-04-26T22:56:51+00:00\" \/>\n<meta property=\"article:modified_time\" content=\"2026-04-26T22:56:52+00:00\" \/>\n<meta property=\"og:image\" content=\"https:\/\/noti-america.com\/site\/venezuela\/wp-content\/uploads\/sites\/2\/2026\/04\/IMG_20260426_185335.jpg\" \/>\n\t<meta property=\"og:image:width\" content=\"1074\" \/>\n\t<meta property=\"og:image:height\" content=\"601\" \/>\n\t<meta property=\"og:image:type\" content=\"image\/jpeg\" \/>\n<meta name=\"author\" content=\"Ana Maria Correa\" \/>\n<meta name=\"twitter:card\" content=\"summary_large_image\" \/>\n<meta name=\"twitter:label1\" content=\"Escrito por\" \/>\n\t<meta name=\"twitter:data1\" content=\"Ana Maria Correa\" \/>\n\t<meta name=\"twitter:label2\" content=\"Tiempo estimado de lectura\" \/>\n\t<meta name=\"twitter:data2\" content=\"2 minutos\" \/>\n<script type=\"application\/ld+json\" class=\"yoast-schema-graph\">{\"@context\":\"https:\/\/schema.org\",\"@graph\":[{\"@type\":\"Article\",\"@id\":\"https:\/\/noti-america.com\/site\/venezuela\/2026\/04\/26\/el-cometa-del-siglo-se-fragmenta-astronomos-advierten-sobre-su-inesperado-destino\/#article\",\"isPartOf\":{\"@id\":\"https:\/\/noti-america.com\/site\/venezuela\/2026\/04\/26\/el-cometa-del-siglo-se-fragmenta-astronomos-advierten-sobre-su-inesperado-destino\/\"},\"author\":{\"name\":\"Ana Maria Correa\",\"@id\":\"https:\/\/noti-america.com\/site\/venezuela\/#\/schema\/person\/bc58472b8ba32d08cc134078067f8b58\"},\"headline\":\"El \u00abCometa del Siglo\u00bb se fragmenta: Astr\u00f3nomos advierten sobre su inesperado destino\",\"datePublished\":\"2026-04-26T22:56:51+00:00\",\"dateModified\":\"2026-04-26T22:56:52+00:00\",\"mainEntityOfPage\":{\"@id\":\"https:\/\/noti-america.com\/site\/venezuela\/2026\/04\/26\/el-cometa-del-siglo-se-fragmenta-astronomos-advierten-sobre-su-inesperado-destino\/\"},\"wordCount\":367,\"commentCount\":0,\"publisher\":{\"@id\":\"https:\/\/noti-america.com\/site\/venezuela\/#organization\"},\"image\":{\"@id\":\"https:\/\/noti-america.com\/site\/venezuela\/2026\/04\/26\/el-cometa-del-siglo-se-fragmenta-astronomos-advierten-sobre-su-inesperado-destino\/#primaryimage\"},\"thumbnailUrl\":\"https:\/\/noti-america.com\/site\/venezuela\/wp-content\/uploads\/sites\/2\/2026\/04\/IMG_20260426_185335.jpg\",\"keywords\":[\"El Cometa del Siglo\"],\"articleSection\":[\"Ciencia y Tecnolog\u00eda\"],\"inLanguage\":\"es\",\"potentialAction\":[{\"@type\":\"CommentAction\",\"name\":\"Comment\",\"target\":[\"https:\/\/noti-america.com\/site\/venezuela\/2026\/04\/26\/el-cometa-del-siglo-se-fragmenta-astronomos-advierten-sobre-su-inesperado-destino\/#respond\"]}]},{\"@type\":\"WebPage\",\"@id\":\"https:\/\/noti-america.com\/site\/venezuela\/2026\/04\/26\/el-cometa-del-siglo-se-fragmenta-astronomos-advierten-sobre-su-inesperado-destino\/\",\"url\":\"https:\/\/noti-america.com\/site\/venezuela\/2026\/04\/26\/el-cometa-del-siglo-se-fragmenta-astronomos-advierten-sobre-su-inesperado-destino\/\",\"name\":\"El \u00abCometa del Siglo\u00bb se fragmenta: Astr\u00f3nomos advierten sobre su inesperado destino - Venezuela | Noti-America.com\",\"isPartOf\":{\"@id\":\"https:\/\/noti-america.com\/site\/venezuela\/#website\"},\"primaryImageOfPage\":{\"@id\":\"https:\/\/noti-america.com\/site\/venezuela\/2026\/04\/26\/el-cometa-del-siglo-se-fragmenta-astronomos-advierten-sobre-su-inesperado-destino\/#primaryimage\"},\"image\":{\"@id\":\"https:\/\/noti-america.com\/site\/venezuela\/2026\/04\/26\/el-cometa-del-siglo-se-fragmenta-astronomos-advierten-sobre-su-inesperado-destino\/#primaryimage\"},\"thumbnailUrl\":\"https:\/\/noti-america.com\/site\/venezuela\/wp-content\/uploads\/sites\/2\/2026\/04\/IMG_20260426_185335.jpg\",\"datePublished\":\"2026-04-26T22:56:51+00:00\",\"dateModified\":\"2026-04-26T22:56:52+00:00\",\"breadcrumb\":{\"@id\":\"https:\/\/noti-america.com\/site\/venezuela\/2026\/04\/26\/el-cometa-del-siglo-se-fragmenta-astronomos-advierten-sobre-su-inesperado-destino\/#breadcrumb\"},\"inLanguage\":\"es\",\"potentialAction\":[{\"@type\":\"ReadAction\",\"target\":[\"https:\/\/noti-america.com\/site\/venezuela\/2026\/04\/26\/el-cometa-del-siglo-se-fragmenta-astronomos-advierten-sobre-su-inesperado-destino\/\"]}]},{\"@type\":\"ImageObject\",\"inLanguage\":\"es\",\"@id\":\"https:\/\/noti-america.com\/site\/venezuela\/2026\/04\/26\/el-cometa-del-siglo-se-fragmenta-astronomos-advierten-sobre-su-inesperado-destino\/#primaryimage\",\"url\":\"https:\/\/noti-america.com\/site\/venezuela\/wp-content\/uploads\/sites\/2\/2026\/04\/IMG_20260426_185335.jpg\",\"contentUrl\":\"https:\/\/noti-america.com\/site\/venezuela\/wp-content\/uploads\/sites\/2\/2026\/04\/IMG_20260426_185335.jpg\",\"width\":1074,\"height\":601},{\"@type\":\"BreadcrumbList\",\"@id\":\"https:\/\/noti-america.com\/site\/venezuela\/2026\/04\/26\/el-cometa-del-siglo-se-fragmenta-astronomos-advierten-sobre-su-inesperado-destino\/#breadcrumb\",\"itemListElement\":[{\"@type\":\"ListItem\",\"position\":1,\"name\":\"Portada\",\"item\":\"https:\/\/noti-america.com\/site\/venezuela\/\"},{\"@type\":\"ListItem\",\"position\":2,\"name\":\"El \u00abCometa del Siglo\u00bb se fragmenta: Astr\u00f3nomos advierten sobre su inesperado destino\"}]},{\"@type\":\"WebSite\",\"@id\":\"https:\/\/noti-america.com\/site\/venezuela\/#website\",\"url\":\"https:\/\/noti-america.com\/site\/venezuela\/\",\"name\":\"Venezuela | Noti-America.com\",\"description\":\"\",\"publisher\":{\"@id\":\"https:\/\/noti-america.com\/site\/venezuela\/#organization\"},\"potentialAction\":[{\"@type\":\"SearchAction\",\"target\":{\"@type\":\"EntryPoint\",\"urlTemplate\":\"https:\/\/noti-america.com\/site\/venezuela\/?s={search_term_string}\"},\"query-input\":{\"@type\":\"PropertyValueSpecification\",\"valueRequired\":true,\"valueName\":\"search_term_string\"}}],\"inLanguage\":\"es\"},{\"@type\":\"Organization\",\"@id\":\"https:\/\/noti-america.com\/site\/venezuela\/#organization\",\"name\":\"Noti-America LLC | Venezuela\",\"url\":\"https:\/\/noti-america.com\/site\/venezuela\/\",\"logo\":{\"@type\":\"ImageObject\",\"inLanguage\":\"es\",\"@id\":\"https:\/\/noti-america.com\/site\/venezuela\/#\/schema\/logo\/image\/\",\"url\":\"https:\/\/noti-america.com\/site\/venezuela\/wp-content\/uploads\/sites\/2\/2020\/07\/LogoNA-4x3-1.jpg\",\"contentUrl\":\"https:\/\/noti-america.com\/site\/venezuela\/wp-content\/uploads\/sites\/2\/2020\/07\/LogoNA-4x3-1.jpg\",\"width\":1236,\"height\":1080,\"caption\":\"Noti-America LLC | Venezuela\"},\"image\":{\"@id\":\"https:\/\/noti-america.com\/site\/venezuela\/#\/schema\/logo\/image\/\"}},{\"@type\":\"Person\",\"@id\":\"https:\/\/noti-america.com\/site\/venezuela\/#\/schema\/person\/bc58472b8ba32d08cc134078067f8b58\",\"name\":\"Ana Maria Correa\",\"image\":{\"@type\":\"ImageObject\",\"inLanguage\":\"es\",\"@id\":\"https:\/\/secure.gravatar.com\/avatar\/6d24af21af7e834cb1f37d9c4418e69b2eed4676de4ee948a40df971d53808d3?s=96&d=mm&r=g\",\"url\":\"https:\/\/secure.gravatar.com\/avatar\/6d24af21af7e834cb1f37d9c4418e69b2eed4676de4ee948a40df971d53808d3?s=96&d=mm&r=g\",\"contentUrl\":\"https:\/\/secure.gravatar.com\/avatar\/6d24af21af7e834cb1f37d9c4418e69b2eed4676de4ee948a40df971d53808d3?s=96&d=mm&r=g\",\"caption\":\"Ana Maria Correa\"},\"description\":\"Comunicadora Social, apasionada al Periodismo Deportivo y de investigaci\u00f3n. Mi labor es realizar reportajes y entrevistas que sirvan para informar sobre la problem\u00e1tica diaria mundial.\",\"sameAs\":[\"https:\/\/www.linkedin.com\/in\/ana-mara-correa-070b2117a\/\"],\"url\":\"https:\/\/noti-america.com\/site\/venezuela\/author\/acorrea\/\"}]}<\/script>\n<!-- \/ Yoast SEO Premium plugin. -->","yoast_head_json":{"title":"El \u00abCometa del Siglo\u00bb se fragmenta: Astr\u00f3nomos advierten sobre su inesperado destino - Venezuela | Noti-America.com","robots":{"index":"index","follow":"follow","max-snippet":"max-snippet:-1","max-image-preview":"max-image-preview:large","max-video-preview":"max-video-preview:-1"},"canonical":"https:\/\/noti-america.com\/site\/venezuela\/2026\/04\/26\/el-cometa-del-siglo-se-fragmenta-astronomos-advierten-sobre-su-inesperado-destino\/","og_locale":"es_ES","og_type":"article","og_title":"El \u00abCometa del Siglo\u00bb se fragmenta: Astr\u00f3nomos advierten sobre su inesperado destino","og_description":"\u200bLo que la comunidad cient\u00edfica y los aficionados a la astronom\u00eda esperaban como el evento astron\u00f3mico m\u00e1s espectacular de la d\u00e9cada ha tomado un rumbo incierto. El cometa C\/2026 A1 (MAPS), que se perfilaba&#46;&#46;&#46;","og_url":"https:\/\/noti-america.com\/site\/venezuela\/2026\/04\/26\/el-cometa-del-siglo-se-fragmenta-astronomos-advierten-sobre-su-inesperado-destino\/","og_site_name":"Venezuela | Noti-America.com","article_published_time":"2026-04-26T22:56:51+00:00","article_modified_time":"2026-04-26T22:56:52+00:00","og_image":[{"width":1074,"height":601,"url":"https:\/\/noti-america.com\/site\/venezuela\/wp-content\/uploads\/sites\/2\/2026\/04\/IMG_20260426_185335.jpg","type":"image\/jpeg"}],"author":"Ana Maria Correa","twitter_card":"summary_large_image","twitter_misc":{"Escrito por":"Ana Maria Correa","Tiempo estimado de lectura":"2 minutos"},"schema":{"@context":"https:\/\/schema.org","@graph":[{"@type":"Article","@id":"https:\/\/noti-america.com\/site\/venezuela\/2026\/04\/26\/el-cometa-del-siglo-se-fragmenta-astronomos-advierten-sobre-su-inesperado-destino\/#article","isPartOf":{"@id":"https:\/\/noti-america.com\/site\/venezuela\/2026\/04\/26\/el-cometa-del-siglo-se-fragmenta-astronomos-advierten-sobre-su-inesperado-destino\/"},"author":{"name":"Ana Maria Correa","@id":"https:\/\/noti-america.com\/site\/venezuela\/#\/schema\/person\/bc58472b8ba32d08cc134078067f8b58"},"headline":"El \u00abCometa del Siglo\u00bb se fragmenta: Astr\u00f3nomos advierten sobre su inesperado destino","datePublished":"2026-04-26T22:56:51+00:00","dateModified":"2026-04-26T22:56:52+00:00","mainEntityOfPage":{"@id":"https:\/\/noti-america.com\/site\/venezuela\/2026\/04\/26\/el-cometa-del-siglo-se-fragmenta-astronomos-advierten-sobre-su-inesperado-destino\/"},"wordCount":367,"commentCount":0,"publisher":{"@id":"https:\/\/noti-america.com\/site\/venezuela\/#organization"},"image":{"@id":"https:\/\/noti-america.com\/site\/venezuela\/2026\/04\/26\/el-cometa-del-siglo-se-fragmenta-astronomos-advierten-sobre-su-inesperado-destino\/#primaryimage"},"thumbnailUrl":"https:\/\/noti-america.com\/site\/venezuela\/wp-content\/uploads\/sites\/2\/2026\/04\/IMG_20260426_185335.jpg","keywords":["El Cometa del Siglo"],"articleSection":["Ciencia y Tecnolog\u00eda"],"inLanguage":"es","potentialAction":[{"@type":"CommentAction","name":"Comment","target":["https:\/\/noti-america.com\/site\/venezuela\/2026\/04\/26\/el-cometa-del-siglo-se-fragmenta-astronomos-advierten-sobre-su-inesperado-destino\/#respond"]}]},{"@type":"WebPage","@id":"https:\/\/noti-america.com\/site\/venezuela\/2026\/04\/26\/el-cometa-del-siglo-se-fragmenta-astronomos-advierten-sobre-su-inesperado-destino\/","url":"https:\/\/noti-america.com\/site\/venezuela\/2026\/04\/26\/el-cometa-del-siglo-se-fragmenta-astronomos-advierten-sobre-su-inesperado-destino\/","name":"El \u00abCometa del Siglo\u00bb se fragmenta: Astr\u00f3nomos advierten sobre su inesperado destino - Venezuela | Noti-America.com","isPartOf":{"@id":"https:\/\/noti-america.com\/site\/venezuela\/#website"},"primaryImageOfPage":{"@id":"https:\/\/noti-america.com\/site\/venezuela\/2026\/04\/26\/el-cometa-del-siglo-se-fragmenta-astronomos-advierten-sobre-su-inesperado-destino\/#primaryimage"},"image":{"@id":"https:\/\/noti-america.com\/site\/venezuela\/2026\/04\/26\/el-cometa-del-siglo-se-fragmenta-astronomos-advierten-sobre-su-inesperado-destino\/#primaryimage"},"thumbnailUrl":"https:\/\/noti-america.com\/site\/venezuela\/wp-content\/uploads\/sites\/2\/2026\/04\/IMG_20260426_185335.jpg","datePublished":"2026-04-26T22:56:51+00:00","dateModified":"2026-04-26T22:56:52+00:00","breadcrumb":{"@id":"https:\/\/noti-america.com\/site\/venezuela\/2026\/04\/26\/el-cometa-del-siglo-se-fragmenta-astronomos-advierten-sobre-su-inesperado-destino\/#breadcrumb"},"inLanguage":"es","potentialAction":[{"@type":"ReadAction","target":["https:\/\/noti-america.com\/site\/venezuela\/2026\/04\/26\/el-cometa-del-siglo-se-fragmenta-astronomos-advierten-sobre-su-inesperado-destino\/"]}]},{"@type":"ImageObject","inLanguage":"es","@id":"https:\/\/noti-america.com\/site\/venezuela\/2026\/04\/26\/el-cometa-del-siglo-se-fragmenta-astronomos-advierten-sobre-su-inesperado-destino\/#primaryimage","url":"https:\/\/noti-america.com\/site\/venezuela\/wp-content\/uploads\/sites\/2\/2026\/04\/IMG_20260426_185335.jpg","contentUrl":"https:\/\/noti-america.com\/site\/venezuela\/wp-content\/uploads\/sites\/2\/2026\/04\/IMG_20260426_185335.jpg","width":1074,"height":601},{"@type":"BreadcrumbList","@id":"https:\/\/noti-america.com\/site\/venezuela\/2026\/04\/26\/el-cometa-del-siglo-se-fragmenta-astronomos-advierten-sobre-su-inesperado-destino\/#breadcrumb","itemListElement":[{"@type":"ListItem","position":1,"name":"Portada","item":"https:\/\/noti-america.com\/site\/venezuela\/"},{"@type":"ListItem","position":2,"name":"El \u00abCometa del Siglo\u00bb se fragmenta: Astr\u00f3nomos advierten sobre su inesperado destino"}]},{"@type":"WebSite","@id":"https:\/\/noti-america.com\/site\/venezuela\/#website","url":"https:\/\/noti-america.com\/site\/venezuela\/","name":"Venezuela | Noti-America.com","description":"","publisher":{"@id":"https:\/\/noti-america.com\/site\/venezuela\/#organization"},"potentialAction":[{"@type":"SearchAction","target":{"@type":"EntryPoint","urlTemplate":"https:\/\/noti-america.com\/site\/venezuela\/?s={search_term_string}"},"query-input":{"@type":"PropertyValueSpecification","valueRequired":true,"valueName":"search_term_string"}}],"inLanguage":"es"},{"@type":"Organization","@id":"https:\/\/noti-america.com\/site\/venezuela\/#organization","name":"Noti-America LLC | Venezuela","url":"https:\/\/noti-america.com\/site\/venezuela\/","logo":{"@type":"ImageObject","inLanguage":"es","@id":"https:\/\/noti-america.com\/site\/venezuela\/#\/schema\/logo\/image\/","url":"https:\/\/noti-america.com\/site\/venezuela\/wp-content\/uploads\/sites\/2\/2020\/07\/LogoNA-4x3-1.jpg","contentUrl":"https:\/\/noti-america.com\/site\/venezuela\/wp-content\/uploads\/sites\/2\/2020\/07\/LogoNA-4x3-1.jpg","width":1236,"height":1080,"caption":"Noti-America LLC | Venezuela"},"image":{"@id":"https:\/\/noti-america.com\/site\/venezuela\/#\/schema\/logo\/image\/"}},{"@type":"Person","@id":"https:\/\/noti-america.com\/site\/venezuela\/#\/schema\/person\/bc58472b8ba32d08cc134078067f8b58","name":"Ana Maria Correa","image":{"@type":"ImageObject","inLanguage":"es","@id":"https:\/\/secure.gravatar.com\/avatar\/6d24af21af7e834cb1f37d9c4418e69b2eed4676de4ee948a40df971d53808d3?s=96&d=mm&r=g","url":"https:\/\/secure.gravatar.com\/avatar\/6d24af21af7e834cb1f37d9c4418e69b2eed4676de4ee948a40df971d53808d3?s=96&d=mm&r=g","contentUrl":"https:\/\/secure.gravatar.com\/avatar\/6d24af21af7e834cb1f37d9c4418e69b2eed4676de4ee948a40df971d53808d3?s=96&d=mm&r=g","caption":"Ana Maria Correa"},"description":"Comunicadora Social, apasionada al Periodismo Deportivo y de investigaci\u00f3n. Mi labor es realizar reportajes y entrevistas que sirvan para informar sobre la problem\u00e1tica diaria mundial.","sameAs":["https:\/\/www.linkedin.com\/in\/ana-mara-correa-070b2117a\/"],"url":"https:\/\/noti-america.com\/site\/venezuela\/author\/acorrea\/"}]}},"_links":{"self":[{"href":"https:\/\/noti-america.com\/site\/venezuela\/wp-json\/wp\/v2\/posts\/53156","targetHints":{"allow":["GET"]}}],"collection":[{"href":"https:\/\/noti-america.com\/site\/venezuela\/wp-json\/wp\/v2\/posts"}],"about":[{"href":"https:\/\/noti-america.com\/site\/venezuela\/wp-json\/wp\/v2\/types\/post"}],"author":[{"embeddable":true,"href":"https:\/\/noti-america.com\/site\/venezuela\/wp-json\/wp\/v2\/users\/55"}],"replies":[{"embeddable":true,"href":"https:\/\/noti-america.com\/site\/venezuela\/wp-json\/wp\/v2\/comments?post=53156"}],"version-history":[{"count":1,"href":"https:\/\/noti-america.com\/site\/venezuela\/wp-json\/wp\/v2\/posts\/53156\/revisions"}],"predecessor-version":[{"id":53158,"href":"https:\/\/noti-america.com\/site\/venezuela\/wp-json\/wp\/v2\/posts\/53156\/revisions\/53158"}],"wp:featuredmedia":[{"embeddable":true,"href":"https:\/\/noti-america.com\/site\/venezuela\/wp-json\/wp\/v2\/media\/53157"}],"wp:attachment":[{"href":"https:\/\/noti-america.com\/site\/venezuela\/wp-json\/wp\/v2\/media?parent=53156"}],"wp:term":[{"taxonomy":"category","embeddable":true,"href":"https:\/\/noti-america.com\/site\/venezuela\/wp-json\/wp\/v2\/categories?post=53156"},{"taxonomy":"post_tag","embeddable":true,"href":"https:\/\/noti-america.com\/site\/venezuela\/wp-json\/wp\/v2\/tags?post=53156"}],"curies":[{"name":"wp","href":"https:\/\/api.w.org\/{rel}","templated":true}]}}