{"id":53136,"date":"2026-04-26T22:11:57","date_gmt":"2026-04-26T22:11:57","guid":{"rendered":"https:\/\/noti-america.com\/site\/venezuela\/?p=53136"},"modified":"2026-04-26T22:12:52","modified_gmt":"2026-04-26T22:12:52","slug":"alcalde-jose-cheo-mosquera-lleva-soluciones-que-benefician-a-mas-de-650-familias-con-jornada-social-integral-en-la-parroquia-paraute","status":"publish","type":"post","link":"https:\/\/noti-america.com\/site\/venezuela\/2026\/04\/26\/alcalde-jose-cheo-mosquera-lleva-soluciones-que-benefician-a-mas-de-650-familias-con-jornada-social-integral-en-la-parroquia-paraute\/","title":{"rendered":"Alcalde Jos\u00e9 \u201cCheo\u201d Mosquera lleva soluciones que benefician a m\u00e1s de 650 familias con Jornada Social Integral en la parroquia Paraute"},"content":{"rendered":"\r\n<p><img loading=\"lazy\" decoding=\"async\" class=\"size-medium wp-image-53139 aligncenter\" src=\"https:\/\/noti-america.com\/site\/venezuela\/wp-content\/uploads\/sites\/2\/2026\/04\/IMG-20260426-WA0150-300x169.jpg\" alt=\"\" width=\"300\" height=\"169\" srcset=\"https:\/\/noti-america.com\/site\/venezuela\/wp-content\/uploads\/sites\/2\/2026\/04\/IMG-20260426-WA0150-300x169.jpg 300w, https:\/\/noti-america.com\/site\/venezuela\/wp-content\/uploads\/sites\/2\/2026\/04\/IMG-20260426-WA0150-1024x576.jpg 1024w, https:\/\/noti-america.com\/site\/venezuela\/wp-content\/uploads\/sites\/2\/2026\/04\/IMG-20260426-WA0150-768x432.jpg 768w, https:\/\/noti-america.com\/site\/venezuela\/wp-content\/uploads\/sites\/2\/2026\/04\/IMG-20260426-WA0150-1536x865.jpg 1536w, https:\/\/noti-america.com\/site\/venezuela\/wp-content\/uploads\/sites\/2\/2026\/04\/IMG-20260426-WA0150-2048x1153.jpg 2048w\" sizes=\"auto, (max-width: 300px) 100vw, 300px\" \/><br \/>La gesti\u00f3n municipal avanza con acciones que priorizan el bienestar social ofreciendo servicios esenciales para mejorar la calidad de vida de los lagunillenses.<\/p>\r\n<p><img loading=\"lazy\" decoding=\"async\" class=\"size-medium wp-image-53140 aligncenter\" src=\"https:\/\/noti-america.com\/site\/venezuela\/wp-content\/uploads\/sites\/2\/2026\/04\/IMG-20260426-WA0167-300x169.jpg\" alt=\"\" width=\"300\" height=\"169\" srcset=\"https:\/\/noti-america.com\/site\/venezuela\/wp-content\/uploads\/sites\/2\/2026\/04\/IMG-20260426-WA0167-300x169.jpg 300w, https:\/\/noti-america.com\/site\/venezuela\/wp-content\/uploads\/sites\/2\/2026\/04\/IMG-20260426-WA0167-1024x576.jpg 1024w, https:\/\/noti-america.com\/site\/venezuela\/wp-content\/uploads\/sites\/2\/2026\/04\/IMG-20260426-WA0167-768x432.jpg 768w, https:\/\/noti-america.com\/site\/venezuela\/wp-content\/uploads\/sites\/2\/2026\/04\/IMG-20260426-WA0167-1536x865.jpg 1536w, https:\/\/noti-america.com\/site\/venezuela\/wp-content\/uploads\/sites\/2\/2026\/04\/IMG-20260426-WA0167-2048x1153.jpg 2048w\" sizes=\"auto, (max-width: 300px) 100vw, 300px\" \/><\/p>\r\n<p>En una nueva demostraci\u00f3n de presencia institucional en las comunidades, el alcalde de Lagunillas, Jos\u00e9 \u201cCheo\u201d Mosquera, encabez\u00f3 una jornada social integral en el sector Eleazar L\u00f3pez Contreras, segunda etapa en la parroquia Paraute, donde m\u00e1s de 650 familias recibieron atenci\u00f3n directa en distintas \u00e1reas clave.<\/p>\r\n<p><img loading=\"lazy\" decoding=\"async\" class=\"size-medium wp-image-53141 aligncenter\" src=\"https:\/\/noti-america.com\/site\/venezuela\/wp-content\/uploads\/sites\/2\/2026\/04\/IMG-20260426-WA0168-300x169.jpg\" alt=\"\" width=\"300\" height=\"169\" srcset=\"https:\/\/noti-america.com\/site\/venezuela\/wp-content\/uploads\/sites\/2\/2026\/04\/IMG-20260426-WA0168-300x169.jpg 300w, https:\/\/noti-america.com\/site\/venezuela\/wp-content\/uploads\/sites\/2\/2026\/04\/IMG-20260426-WA0168-1024x576.jpg 1024w, https:\/\/noti-america.com\/site\/venezuela\/wp-content\/uploads\/sites\/2\/2026\/04\/IMG-20260426-WA0168-768x432.jpg 768w, https:\/\/noti-america.com\/site\/venezuela\/wp-content\/uploads\/sites\/2\/2026\/04\/IMG-20260426-WA0168-1536x865.jpg 1536w, https:\/\/noti-america.com\/site\/venezuela\/wp-content\/uploads\/sites\/2\/2026\/04\/IMG-20260426-WA0168-2048x1153.jpg 2048w\" sizes=\"auto, (max-width: 300px) 100vw, 300px\" \/><\/p>\r\n<p>La actividad concentr\u00f3 en un solo espacio servicios m\u00e9dicos, asistencia legal y tr\u00e1mites administrativos, facilitando soluciones inmediatas a los vecinos. Consultas generales y pedi\u00e1tricas, vacunaci\u00f3n y entrega gratuita de medicamentos formaron parte del componente de salud, mientras que instancias municipales ofrecieron orientaci\u00f3n y gesti\u00f3n de documentos esenciales.<br \/><img loading=\"lazy\" decoding=\"async\" class=\"size-medium wp-image-53143 aligncenter\" src=\"https:\/\/noti-america.com\/site\/venezuela\/wp-content\/uploads\/sites\/2\/2026\/04\/IMG-20260426-WA0169-300x169.jpg\" alt=\"\" width=\"300\" height=\"169\" srcset=\"https:\/\/noti-america.com\/site\/venezuela\/wp-content\/uploads\/sites\/2\/2026\/04\/IMG-20260426-WA0169-300x169.jpg 300w, https:\/\/noti-america.com\/site\/venezuela\/wp-content\/uploads\/sites\/2\/2026\/04\/IMG-20260426-WA0169-1024x576.jpg 1024w, https:\/\/noti-america.com\/site\/venezuela\/wp-content\/uploads\/sites\/2\/2026\/04\/IMG-20260426-WA0169-768x432.jpg 768w, https:\/\/noti-america.com\/site\/venezuela\/wp-content\/uploads\/sites\/2\/2026\/04\/IMG-20260426-WA0169-1536x865.jpg 1536w, https:\/\/noti-america.com\/site\/venezuela\/wp-content\/uploads\/sites\/2\/2026\/04\/IMG-20260426-WA0169-2048x1153.jpg 2048w\" sizes=\"auto, (max-width: 300px) 100vw, 300px\" \/><br \/>Por su parte, el alcalde Mosquera destac\u00f3 que estas acciones son posibles gracias a un trabajo articulado.<\/p>\r\n<p><img loading=\"lazy\" decoding=\"async\" class=\"size-medium wp-image-53144 aligncenter\" src=\"https:\/\/noti-america.com\/site\/venezuela\/wp-content\/uploads\/sites\/2\/2026\/04\/IMG-20260426-WA0154-300x169.jpg\" alt=\"\" width=\"300\" height=\"169\" srcset=\"https:\/\/noti-america.com\/site\/venezuela\/wp-content\/uploads\/sites\/2\/2026\/04\/IMG-20260426-WA0154-300x169.jpg 300w, https:\/\/noti-america.com\/site\/venezuela\/wp-content\/uploads\/sites\/2\/2026\/04\/IMG-20260426-WA0154-1024x576.jpg 1024w, https:\/\/noti-america.com\/site\/venezuela\/wp-content\/uploads\/sites\/2\/2026\/04\/IMG-20260426-WA0154-768x432.jpg 768w, https:\/\/noti-america.com\/site\/venezuela\/wp-content\/uploads\/sites\/2\/2026\/04\/IMG-20260426-WA0154.jpg 1080w\" sizes=\"auto, (max-width: 300px) 100vw, 300px\" \/><\/p>\r\n<p style=\"text-align: justify\"><em><strong>\u00abNuestro compromiso es estar en la calle, escuchando y resolviendo. Con estas jornadas llevamos la alcald\u00eda directamente al coraz\u00f3n de nuestras comunidades para asegurar que nadie se quede sin atenci\u00f3n\u00bb, afirm\u00f3 el burgomaestre<\/strong><\/em>.<\/p>\r\n<p><img loading=\"lazy\" decoding=\"async\" class=\"size-medium wp-image-53145 aligncenter\" src=\"https:\/\/noti-america.com\/site\/venezuela\/wp-content\/uploads\/sites\/2\/2026\/04\/IMG-20260426-WA0157-300x233.jpg\" alt=\"\" width=\"300\" height=\"233\" srcset=\"https:\/\/noti-america.com\/site\/venezuela\/wp-content\/uploads\/sites\/2\/2026\/04\/IMG-20260426-WA0157-300x233.jpg 300w, https:\/\/noti-america.com\/site\/venezuela\/wp-content\/uploads\/sites\/2\/2026\/04\/IMG-20260426-WA0157-1024x795.jpg 1024w, https:\/\/noti-america.com\/site\/venezuela\/wp-content\/uploads\/sites\/2\/2026\/04\/IMG-20260426-WA0157-768x596.jpg 768w, https:\/\/noti-america.com\/site\/venezuela\/wp-content\/uploads\/sites\/2\/2026\/04\/IMG-20260426-WA0157.jpg 1080w\" sizes=\"auto, (max-width: 300px) 100vw, 300px\" \/><\/p>\r\n<p>Este despliegue evidencia un modelo de atenci\u00f3n basado en la cercan\u00eda, que busca reducir barreras de acceso a servicios p\u00fablicos y fortalecer la relaci\u00f3n entre la gesti\u00f3n municipal y los ciudadanos.<\/p>\r\n<p><img loading=\"lazy\" decoding=\"async\" class=\"size-medium wp-image-53153 aligncenter\" src=\"https:\/\/noti-america.com\/site\/venezuela\/wp-content\/uploads\/sites\/2\/2026\/04\/IMG-20260426-WA0173-300x169.jpg\" alt=\"\" width=\"300\" height=\"169\" srcset=\"https:\/\/noti-america.com\/site\/venezuela\/wp-content\/uploads\/sites\/2\/2026\/04\/IMG-20260426-WA0173-300x169.jpg 300w, https:\/\/noti-america.com\/site\/venezuela\/wp-content\/uploads\/sites\/2\/2026\/04\/IMG-20260426-WA0173-1024x576.jpg 1024w, https:\/\/noti-america.com\/site\/venezuela\/wp-content\/uploads\/sites\/2\/2026\/04\/IMG-20260426-WA0173-768x432.jpg 768w, https:\/\/noti-america.com\/site\/venezuela\/wp-content\/uploads\/sites\/2\/2026\/04\/IMG-20260426-WA0173-1536x865.jpg 1536w, https:\/\/noti-america.com\/site\/venezuela\/wp-content\/uploads\/sites\/2\/2026\/04\/IMG-20260426-WA0173-2048x1153.jpg 2048w\" sizes=\"auto, (max-width: 300px) 100vw, 300px\" \/><\/p>\r\n<p>La jornada tambi\u00e9n integr\u00f3 la participaci\u00f3n de organismos de atenci\u00f3n social, ampliando el alcance del operativo con asesor\u00edas en materia de protecci\u00f3n familiar, derechos ciudadanos y acompa\u00f1amiento institucional.<\/p>\r\n<p><img loading=\"lazy\" decoding=\"async\" class=\"size-medium wp-image-53147 aligncenter\" src=\"https:\/\/noti-america.com\/site\/venezuela\/wp-content\/uploads\/sites\/2\/2026\/04\/IMG-20260426-WA0149-1-300x169.jpg\" alt=\"\" width=\"300\" height=\"169\" srcset=\"https:\/\/noti-america.com\/site\/venezuela\/wp-content\/uploads\/sites\/2\/2026\/04\/IMG-20260426-WA0149-1-300x169.jpg 300w, https:\/\/noti-america.com\/site\/venezuela\/wp-content\/uploads\/sites\/2\/2026\/04\/IMG-20260426-WA0149-1-1024x578.jpg 1024w, https:\/\/noti-america.com\/site\/venezuela\/wp-content\/uploads\/sites\/2\/2026\/04\/IMG-20260426-WA0149-1-768x434.jpg 768w, https:\/\/noti-america.com\/site\/venezuela\/wp-content\/uploads\/sites\/2\/2026\/04\/IMG-20260426-WA0149-1.jpg 1080w\" sizes=\"auto, (max-width: 300px) 100vw, 300px\" \/><\/p>\r\n<p>De igual modo, el evento sum\u00f3 adem\u00e1s espacios de recreaci\u00f3n y bienestar familiar, con actividades dirigidas a ni\u00f1os y adultos, lo que permiti\u00f3 convertir la jornada en un punto de encuentro comunitario.<\/p>\r\n<p><img loading=\"lazy\" decoding=\"async\" class=\"size-medium wp-image-53148 aligncenter\" src=\"https:\/\/noti-america.com\/site\/venezuela\/wp-content\/uploads\/sites\/2\/2026\/04\/IMG-20260426-WA0147-1-300x169.jpg\" alt=\"\" width=\"300\" height=\"169\" srcset=\"https:\/\/noti-america.com\/site\/venezuela\/wp-content\/uploads\/sites\/2\/2026\/04\/IMG-20260426-WA0147-1-300x169.jpg 300w, https:\/\/noti-america.com\/site\/venezuela\/wp-content\/uploads\/sites\/2\/2026\/04\/IMG-20260426-WA0147-1-1024x576.jpg 1024w, https:\/\/noti-america.com\/site\/venezuela\/wp-content\/uploads\/sites\/2\/2026\/04\/IMG-20260426-WA0147-1-768x432.jpg 768w, https:\/\/noti-america.com\/site\/venezuela\/wp-content\/uploads\/sites\/2\/2026\/04\/IMG-20260426-WA0147-1-1536x865.jpg 1536w, https:\/\/noti-america.com\/site\/venezuela\/wp-content\/uploads\/sites\/2\/2026\/04\/IMG-20260426-WA0147-1-2048x1153.jpg 2048w\" sizes=\"auto, (max-width: 300px) 100vw, 300px\" \/><\/p>\r\n<p>La continuidad de estos operativos consolida un esquema de trabajo que prioriza la presencia activa en las comunidades, fortaleciendo la confianza ciudadana y proyectando un liderazgo basado en soluciones reales.<br \/><br \/>Nota de prensa Alcald\u00eda de Lagunillas\/<\/p>\r\n","protected":false},"excerpt":{"rendered":"<p>La gesti\u00f3n municipal avanza con acciones que priorizan el bienestar social ofreciendo servicios esenciales para mejorar la calidad de vida de los lagunillenses. En una nueva demostraci\u00f3n de presencia institucional en las comunidades, el&#46;&#46;&#46;<\/p>\n","protected":false},"author":40,"featured_media":53151,"comment_status":"open","ping_status":"open","sticky":false,"template":"","format":"standard","meta":{"_acf_changed":false,"om_disable_all_campaigns":false,"rop_custom_images_group":[],"rop_custom_messages_group":[],"rop_publish_now":"no","rop_publish_now_accounts":{"twitter_242054905_242054905":""},"rop_publish_now_history":[{"account":"twitter_242054905_242054905","service":"twitter","timestamp":1777241534,"status":"error"}],"rop_publish_now_status":"done","_uf_show_specific_survey":0,"_uf_disable_surveys":false,"footnotes":""},"categories":[164,215,166,156],"tags":[1872,1405],"class_list":["post-53136","post","type-post","status-publish","format-standard","has-post-thumbnail","hentry","category-comunidades","category-es-noticia-en","category-salud","category-venezuela","tag-jornada-social-integral","tag-municipio-lagunillas"],"acf":[],"aioseo_notices":[],"yoast_head":"<!-- This site is optimized with the Yoast SEO Premium plugin v24.9 (Yoast SEO v27.2) - https:\/\/yoast.com\/product\/yoast-seo-premium-wordpress\/ -->\n<title>Alcalde Jos\u00e9 \u201cCheo\u201d Mosquera lleva soluciones que benefician a m\u00e1s de 650 familias con Jornada Social Integral en la parroquia Paraute - Venezuela | Noti-America.com<\/title>\n<meta name=\"robots\" content=\"index, follow, max-snippet:-1, max-image-preview:large, max-video-preview:-1\" \/>\n<link rel=\"canonical\" href=\"https:\/\/noti-america.com\/site\/venezuela\/2026\/04\/26\/alcalde-jose-cheo-mosquera-lleva-soluciones-que-benefician-a-mas-de-650-familias-con-jornada-social-integral-en-la-parroquia-paraute\/\" \/>\n<meta property=\"og:locale\" content=\"es_ES\" \/>\n<meta property=\"og:type\" content=\"article\" \/>\n<meta property=\"og:title\" content=\"Alcalde Jos\u00e9 \u201cCheo\u201d Mosquera lleva soluciones que benefician a m\u00e1s de 650 familias con Jornada Social Integral en la parroquia Paraute\" \/>\n<meta property=\"og:description\" content=\"La gesti\u00f3n municipal avanza con acciones que priorizan el bienestar social ofreciendo servicios esenciales para mejorar la calidad de vida de los lagunillenses. En una nueva demostraci\u00f3n de presencia institucional en las comunidades, el&#046;&#046;&#046;\" \/>\n<meta property=\"og:url\" content=\"https:\/\/noti-america.com\/site\/venezuela\/2026\/04\/26\/alcalde-jose-cheo-mosquera-lleva-soluciones-que-benefician-a-mas-de-650-familias-con-jornada-social-integral-en-la-parroquia-paraute\/\" \/>\n<meta property=\"og:site_name\" content=\"Venezuela | Noti-America.com\" \/>\n<meta property=\"article:published_time\" content=\"2026-04-26T22:11:57+00:00\" \/>\n<meta property=\"article:modified_time\" content=\"2026-04-26T22:12:52+00:00\" \/>\n<meta property=\"og:image\" content=\"https:\/\/noti-america.com\/site\/venezuela\/wp-content\/uploads\/sites\/2\/2026\/04\/IMG-20260426-WA0171.jpg\" \/>\n\t<meta property=\"og:image:width\" content=\"2560\" \/>\n\t<meta property=\"og:image:height\" content=\"1441\" \/>\n\t<meta property=\"og:image:type\" content=\"image\/jpeg\" \/>\n<meta name=\"author\" content=\"Hendrick Garcia\" \/>\n<meta name=\"twitter:card\" content=\"summary_large_image\" \/>\n<meta name=\"twitter:label1\" content=\"Escrito por\" \/>\n\t<meta name=\"twitter:data1\" content=\"Hendrick Garcia\" \/>\n\t<meta name=\"twitter:label2\" content=\"Tiempo estimado de lectura\" \/>\n\t<meta name=\"twitter:data2\" content=\"4 minutos\" \/>\n<script type=\"application\/ld+json\" class=\"yoast-schema-graph\">{\"@context\":\"https:\/\/schema.org\",\"@graph\":[{\"@type\":\"Article\",\"@id\":\"https:\/\/noti-america.com\/site\/venezuela\/2026\/04\/26\/alcalde-jose-cheo-mosquera-lleva-soluciones-que-benefician-a-mas-de-650-familias-con-jornada-social-integral-en-la-parroquia-paraute\/#article\",\"isPartOf\":{\"@id\":\"https:\/\/noti-america.com\/site\/venezuela\/2026\/04\/26\/alcalde-jose-cheo-mosquera-lleva-soluciones-que-benefician-a-mas-de-650-familias-con-jornada-social-integral-en-la-parroquia-paraute\/\"},\"author\":{\"name\":\"Hendrick Garcia\",\"@id\":\"https:\/\/noti-america.com\/site\/venezuela\/#\/schema\/person\/2f37ed06a1cd058e8d611b3d42cce678\"},\"headline\":\"Alcalde Jos\u00e9 \u201cCheo\u201d Mosquera lleva soluciones que benefician a m\u00e1s de 650 familias con Jornada Social Integral en la parroquia Paraute\",\"datePublished\":\"2026-04-26T22:11:57+00:00\",\"dateModified\":\"2026-04-26T22:12:52+00:00\",\"mainEntityOfPage\":{\"@id\":\"https:\/\/noti-america.com\/site\/venezuela\/2026\/04\/26\/alcalde-jose-cheo-mosquera-lleva-soluciones-que-benefician-a-mas-de-650-familias-con-jornada-social-integral-en-la-parroquia-paraute\/\"},\"wordCount\":342,\"commentCount\":0,\"publisher\":{\"@id\":\"https:\/\/noti-america.com\/site\/venezuela\/#organization\"},\"image\":{\"@id\":\"https:\/\/noti-america.com\/site\/venezuela\/2026\/04\/26\/alcalde-jose-cheo-mosquera-lleva-soluciones-que-benefician-a-mas-de-650-familias-con-jornada-social-integral-en-la-parroquia-paraute\/#primaryimage\"},\"thumbnailUrl\":\"https:\/\/noti-america.com\/site\/venezuela\/wp-content\/uploads\/sites\/2\/2026\/04\/IMG-20260426-WA0171.jpg\",\"keywords\":[\"jornada social integral\",\"Municipio Lagunillas\"],\"articleSection\":[\"Comunidades\",\"Es Noticia en\",\"Salud\",\"Venezuela\"],\"inLanguage\":\"es\",\"potentialAction\":[{\"@type\":\"CommentAction\",\"name\":\"Comment\",\"target\":[\"https:\/\/noti-america.com\/site\/venezuela\/2026\/04\/26\/alcalde-jose-cheo-mosquera-lleva-soluciones-que-benefician-a-mas-de-650-familias-con-jornada-social-integral-en-la-parroquia-paraute\/#respond\"]}]},{\"@type\":\"WebPage\",\"@id\":\"https:\/\/noti-america.com\/site\/venezuela\/2026\/04\/26\/alcalde-jose-cheo-mosquera-lleva-soluciones-que-benefician-a-mas-de-650-familias-con-jornada-social-integral-en-la-parroquia-paraute\/\",\"url\":\"https:\/\/noti-america.com\/site\/venezuela\/2026\/04\/26\/alcalde-jose-cheo-mosquera-lleva-soluciones-que-benefician-a-mas-de-650-familias-con-jornada-social-integral-en-la-parroquia-paraute\/\",\"name\":\"Alcalde Jos\u00e9 \u201cCheo\u201d Mosquera lleva soluciones que benefician a m\u00e1s de 650 familias con Jornada Social Integral en la parroquia Paraute - Venezuela | Noti-America.com\",\"isPartOf\":{\"@id\":\"https:\/\/noti-america.com\/site\/venezuela\/#website\"},\"primaryImageOfPage\":{\"@id\":\"https:\/\/noti-america.com\/site\/venezuela\/2026\/04\/26\/alcalde-jose-cheo-mosquera-lleva-soluciones-que-benefician-a-mas-de-650-familias-con-jornada-social-integral-en-la-parroquia-paraute\/#primaryimage\"},\"image\":{\"@id\":\"https:\/\/noti-america.com\/site\/venezuela\/2026\/04\/26\/alcalde-jose-cheo-mosquera-lleva-soluciones-que-benefician-a-mas-de-650-familias-con-jornada-social-integral-en-la-parroquia-paraute\/#primaryimage\"},\"thumbnailUrl\":\"https:\/\/noti-america.com\/site\/venezuela\/wp-content\/uploads\/sites\/2\/2026\/04\/IMG-20260426-WA0171.jpg\",\"datePublished\":\"2026-04-26T22:11:57+00:00\",\"dateModified\":\"2026-04-26T22:12:52+00:00\",\"breadcrumb\":{\"@id\":\"https:\/\/noti-america.com\/site\/venezuela\/2026\/04\/26\/alcalde-jose-cheo-mosquera-lleva-soluciones-que-benefician-a-mas-de-650-familias-con-jornada-social-integral-en-la-parroquia-paraute\/#breadcrumb\"},\"inLanguage\":\"es\",\"potentialAction\":[{\"@type\":\"ReadAction\",\"target\":[\"https:\/\/noti-america.com\/site\/venezuela\/2026\/04\/26\/alcalde-jose-cheo-mosquera-lleva-soluciones-que-benefician-a-mas-de-650-familias-con-jornada-social-integral-en-la-parroquia-paraute\/\"]}]},{\"@type\":\"ImageObject\",\"inLanguage\":\"es\",\"@id\":\"https:\/\/noti-america.com\/site\/venezuela\/2026\/04\/26\/alcalde-jose-cheo-mosquera-lleva-soluciones-que-benefician-a-mas-de-650-familias-con-jornada-social-integral-en-la-parroquia-paraute\/#primaryimage\",\"url\":\"https:\/\/noti-america.com\/site\/venezuela\/wp-content\/uploads\/sites\/2\/2026\/04\/IMG-20260426-WA0171.jpg\",\"contentUrl\":\"https:\/\/noti-america.com\/site\/venezuela\/wp-content\/uploads\/sites\/2\/2026\/04\/IMG-20260426-WA0171.jpg\",\"width\":2560,\"height\":1441},{\"@type\":\"BreadcrumbList\",\"@id\":\"https:\/\/noti-america.com\/site\/venezuela\/2026\/04\/26\/alcalde-jose-cheo-mosquera-lleva-soluciones-que-benefician-a-mas-de-650-familias-con-jornada-social-integral-en-la-parroquia-paraute\/#breadcrumb\",\"itemListElement\":[{\"@type\":\"ListItem\",\"position\":1,\"name\":\"Portada\",\"item\":\"https:\/\/noti-america.com\/site\/venezuela\/\"},{\"@type\":\"ListItem\",\"position\":2,\"name\":\"Alcalde Jos\u00e9 \u201cCheo\u201d Mosquera lleva soluciones que benefician a m\u00e1s de 650 familias con Jornada Social Integral en la parroquia Paraute\"}]},{\"@type\":\"WebSite\",\"@id\":\"https:\/\/noti-america.com\/site\/venezuela\/#website\",\"url\":\"https:\/\/noti-america.com\/site\/venezuela\/\",\"name\":\"Venezuela | Noti-America.com\",\"description\":\"\",\"publisher\":{\"@id\":\"https:\/\/noti-america.com\/site\/venezuela\/#organization\"},\"potentialAction\":[{\"@type\":\"SearchAction\",\"target\":{\"@type\":\"EntryPoint\",\"urlTemplate\":\"https:\/\/noti-america.com\/site\/venezuela\/?s={search_term_string}\"},\"query-input\":{\"@type\":\"PropertyValueSpecification\",\"valueRequired\":true,\"valueName\":\"search_term_string\"}}],\"inLanguage\":\"es\"},{\"@type\":\"Organization\",\"@id\":\"https:\/\/noti-america.com\/site\/venezuela\/#organization\",\"name\":\"Noti-America LLC | Venezuela\",\"url\":\"https:\/\/noti-america.com\/site\/venezuela\/\",\"logo\":{\"@type\":\"ImageObject\",\"inLanguage\":\"es\",\"@id\":\"https:\/\/noti-america.com\/site\/venezuela\/#\/schema\/logo\/image\/\",\"url\":\"https:\/\/noti-america.com\/site\/venezuela\/wp-content\/uploads\/sites\/2\/2020\/07\/LogoNA-4x3-1.jpg\",\"contentUrl\":\"https:\/\/noti-america.com\/site\/venezuela\/wp-content\/uploads\/sites\/2\/2020\/07\/LogoNA-4x3-1.jpg\",\"width\":1236,\"height\":1080,\"caption\":\"Noti-America LLC | Venezuela\"},\"image\":{\"@id\":\"https:\/\/noti-america.com\/site\/venezuela\/#\/schema\/logo\/image\/\"}},{\"@type\":\"Person\",\"@id\":\"https:\/\/noti-america.com\/site\/venezuela\/#\/schema\/person\/2f37ed06a1cd058e8d611b3d42cce678\",\"name\":\"Hendrick Garcia\",\"image\":{\"@type\":\"ImageObject\",\"inLanguage\":\"es\",\"@id\":\"https:\/\/secure.gravatar.com\/avatar\/07f13ce868ede7f0937b7abbada276f430e4ed25cfff75dbe7f98f95ac02358c?s=96&d=mm&r=g\",\"url\":\"https:\/\/secure.gravatar.com\/avatar\/07f13ce868ede7f0937b7abbada276f430e4ed25cfff75dbe7f98f95ac02358c?s=96&d=mm&r=g\",\"contentUrl\":\"https:\/\/secure.gravatar.com\/avatar\/07f13ce868ede7f0937b7abbada276f430e4ed25cfff75dbe7f98f95ac02358c?s=96&d=mm&r=g\",\"caption\":\"Hendrick Garcia\"},\"url\":\"https:\/\/noti-america.com\/site\/venezuela\/author\/hegarcia\/\"}]}<\/script>\n<!-- \/ Yoast SEO Premium plugin. -->","yoast_head_json":{"title":"Alcalde Jos\u00e9 \u201cCheo\u201d Mosquera lleva soluciones que benefician a m\u00e1s de 650 familias con Jornada Social Integral en la parroquia Paraute - Venezuela | Noti-America.com","robots":{"index":"index","follow":"follow","max-snippet":"max-snippet:-1","max-image-preview":"max-image-preview:large","max-video-preview":"max-video-preview:-1"},"canonical":"https:\/\/noti-america.com\/site\/venezuela\/2026\/04\/26\/alcalde-jose-cheo-mosquera-lleva-soluciones-que-benefician-a-mas-de-650-familias-con-jornada-social-integral-en-la-parroquia-paraute\/","og_locale":"es_ES","og_type":"article","og_title":"Alcalde Jos\u00e9 \u201cCheo\u201d Mosquera lleva soluciones que benefician a m\u00e1s de 650 familias con Jornada Social Integral en la parroquia Paraute","og_description":"La gesti\u00f3n municipal avanza con acciones que priorizan el bienestar social ofreciendo servicios esenciales para mejorar la calidad de vida de los lagunillenses. En una nueva demostraci\u00f3n de presencia institucional en las comunidades, el&#46;&#46;&#46;","og_url":"https:\/\/noti-america.com\/site\/venezuela\/2026\/04\/26\/alcalde-jose-cheo-mosquera-lleva-soluciones-que-benefician-a-mas-de-650-familias-con-jornada-social-integral-en-la-parroquia-paraute\/","og_site_name":"Venezuela | Noti-America.com","article_published_time":"2026-04-26T22:11:57+00:00","article_modified_time":"2026-04-26T22:12:52+00:00","og_image":[{"width":2560,"height":1441,"url":"https:\/\/noti-america.com\/site\/venezuela\/wp-content\/uploads\/sites\/2\/2026\/04\/IMG-20260426-WA0171.jpg","type":"image\/jpeg"}],"author":"Hendrick Garcia","twitter_card":"summary_large_image","twitter_misc":{"Escrito por":"Hendrick Garcia","Tiempo estimado de lectura":"4 minutos"},"schema":{"@context":"https:\/\/schema.org","@graph":[{"@type":"Article","@id":"https:\/\/noti-america.com\/site\/venezuela\/2026\/04\/26\/alcalde-jose-cheo-mosquera-lleva-soluciones-que-benefician-a-mas-de-650-familias-con-jornada-social-integral-en-la-parroquia-paraute\/#article","isPartOf":{"@id":"https:\/\/noti-america.com\/site\/venezuela\/2026\/04\/26\/alcalde-jose-cheo-mosquera-lleva-soluciones-que-benefician-a-mas-de-650-familias-con-jornada-social-integral-en-la-parroquia-paraute\/"},"author":{"name":"Hendrick Garcia","@id":"https:\/\/noti-america.com\/site\/venezuela\/#\/schema\/person\/2f37ed06a1cd058e8d611b3d42cce678"},"headline":"Alcalde Jos\u00e9 \u201cCheo\u201d Mosquera lleva soluciones que benefician a m\u00e1s de 650 familias con Jornada Social Integral en la parroquia Paraute","datePublished":"2026-04-26T22:11:57+00:00","dateModified":"2026-04-26T22:12:52+00:00","mainEntityOfPage":{"@id":"https:\/\/noti-america.com\/site\/venezuela\/2026\/04\/26\/alcalde-jose-cheo-mosquera-lleva-soluciones-que-benefician-a-mas-de-650-familias-con-jornada-social-integral-en-la-parroquia-paraute\/"},"wordCount":342,"commentCount":0,"publisher":{"@id":"https:\/\/noti-america.com\/site\/venezuela\/#organization"},"image":{"@id":"https:\/\/noti-america.com\/site\/venezuela\/2026\/04\/26\/alcalde-jose-cheo-mosquera-lleva-soluciones-que-benefician-a-mas-de-650-familias-con-jornada-social-integral-en-la-parroquia-paraute\/#primaryimage"},"thumbnailUrl":"https:\/\/noti-america.com\/site\/venezuela\/wp-content\/uploads\/sites\/2\/2026\/04\/IMG-20260426-WA0171.jpg","keywords":["jornada social integral","Municipio Lagunillas"],"articleSection":["Comunidades","Es Noticia en","Salud","Venezuela"],"inLanguage":"es","potentialAction":[{"@type":"CommentAction","name":"Comment","target":["https:\/\/noti-america.com\/site\/venezuela\/2026\/04\/26\/alcalde-jose-cheo-mosquera-lleva-soluciones-que-benefician-a-mas-de-650-familias-con-jornada-social-integral-en-la-parroquia-paraute\/#respond"]}]},{"@type":"WebPage","@id":"https:\/\/noti-america.com\/site\/venezuela\/2026\/04\/26\/alcalde-jose-cheo-mosquera-lleva-soluciones-que-benefician-a-mas-de-650-familias-con-jornada-social-integral-en-la-parroquia-paraute\/","url":"https:\/\/noti-america.com\/site\/venezuela\/2026\/04\/26\/alcalde-jose-cheo-mosquera-lleva-soluciones-que-benefician-a-mas-de-650-familias-con-jornada-social-integral-en-la-parroquia-paraute\/","name":"Alcalde Jos\u00e9 \u201cCheo\u201d Mosquera lleva soluciones que benefician a m\u00e1s de 650 familias con Jornada Social Integral en la parroquia Paraute - Venezuela | Noti-America.com","isPartOf":{"@id":"https:\/\/noti-america.com\/site\/venezuela\/#website"},"primaryImageOfPage":{"@id":"https:\/\/noti-america.com\/site\/venezuela\/2026\/04\/26\/alcalde-jose-cheo-mosquera-lleva-soluciones-que-benefician-a-mas-de-650-familias-con-jornada-social-integral-en-la-parroquia-paraute\/#primaryimage"},"image":{"@id":"https:\/\/noti-america.com\/site\/venezuela\/2026\/04\/26\/alcalde-jose-cheo-mosquera-lleva-soluciones-que-benefician-a-mas-de-650-familias-con-jornada-social-integral-en-la-parroquia-paraute\/#primaryimage"},"thumbnailUrl":"https:\/\/noti-america.com\/site\/venezuela\/wp-content\/uploads\/sites\/2\/2026\/04\/IMG-20260426-WA0171.jpg","datePublished":"2026-04-26T22:11:57+00:00","dateModified":"2026-04-26T22:12:52+00:00","breadcrumb":{"@id":"https:\/\/noti-america.com\/site\/venezuela\/2026\/04\/26\/alcalde-jose-cheo-mosquera-lleva-soluciones-que-benefician-a-mas-de-650-familias-con-jornada-social-integral-en-la-parroquia-paraute\/#breadcrumb"},"inLanguage":"es","potentialAction":[{"@type":"ReadAction","target":["https:\/\/noti-america.com\/site\/venezuela\/2026\/04\/26\/alcalde-jose-cheo-mosquera-lleva-soluciones-que-benefician-a-mas-de-650-familias-con-jornada-social-integral-en-la-parroquia-paraute\/"]}]},{"@type":"ImageObject","inLanguage":"es","@id":"https:\/\/noti-america.com\/site\/venezuela\/2026\/04\/26\/alcalde-jose-cheo-mosquera-lleva-soluciones-que-benefician-a-mas-de-650-familias-con-jornada-social-integral-en-la-parroquia-paraute\/#primaryimage","url":"https:\/\/noti-america.com\/site\/venezuela\/wp-content\/uploads\/sites\/2\/2026\/04\/IMG-20260426-WA0171.jpg","contentUrl":"https:\/\/noti-america.com\/site\/venezuela\/wp-content\/uploads\/sites\/2\/2026\/04\/IMG-20260426-WA0171.jpg","width":2560,"height":1441},{"@type":"BreadcrumbList","@id":"https:\/\/noti-america.com\/site\/venezuela\/2026\/04\/26\/alcalde-jose-cheo-mosquera-lleva-soluciones-que-benefician-a-mas-de-650-familias-con-jornada-social-integral-en-la-parroquia-paraute\/#breadcrumb","itemListElement":[{"@type":"ListItem","position":1,"name":"Portada","item":"https:\/\/noti-america.com\/site\/venezuela\/"},{"@type":"ListItem","position":2,"name":"Alcalde Jos\u00e9 \u201cCheo\u201d Mosquera lleva soluciones que benefician a m\u00e1s de 650 familias con Jornada Social Integral en la parroquia Paraute"}]},{"@type":"WebSite","@id":"https:\/\/noti-america.com\/site\/venezuela\/#website","url":"https:\/\/noti-america.com\/site\/venezuela\/","name":"Venezuela | Noti-America.com","description":"","publisher":{"@id":"https:\/\/noti-america.com\/site\/venezuela\/#organization"},"potentialAction":[{"@type":"SearchAction","target":{"@type":"EntryPoint","urlTemplate":"https:\/\/noti-america.com\/site\/venezuela\/?s={search_term_string}"},"query-input":{"@type":"PropertyValueSpecification","valueRequired":true,"valueName":"search_term_string"}}],"inLanguage":"es"},{"@type":"Organization","@id":"https:\/\/noti-america.com\/site\/venezuela\/#organization","name":"Noti-America LLC | Venezuela","url":"https:\/\/noti-america.com\/site\/venezuela\/","logo":{"@type":"ImageObject","inLanguage":"es","@id":"https:\/\/noti-america.com\/site\/venezuela\/#\/schema\/logo\/image\/","url":"https:\/\/noti-america.com\/site\/venezuela\/wp-content\/uploads\/sites\/2\/2020\/07\/LogoNA-4x3-1.jpg","contentUrl":"https:\/\/noti-america.com\/site\/venezuela\/wp-content\/uploads\/sites\/2\/2020\/07\/LogoNA-4x3-1.jpg","width":1236,"height":1080,"caption":"Noti-America LLC | Venezuela"},"image":{"@id":"https:\/\/noti-america.com\/site\/venezuela\/#\/schema\/logo\/image\/"}},{"@type":"Person","@id":"https:\/\/noti-america.com\/site\/venezuela\/#\/schema\/person\/2f37ed06a1cd058e8d611b3d42cce678","name":"Hendrick Garcia","image":{"@type":"ImageObject","inLanguage":"es","@id":"https:\/\/secure.gravatar.com\/avatar\/07f13ce868ede7f0937b7abbada276f430e4ed25cfff75dbe7f98f95ac02358c?s=96&d=mm&r=g","url":"https:\/\/secure.gravatar.com\/avatar\/07f13ce868ede7f0937b7abbada276f430e4ed25cfff75dbe7f98f95ac02358c?s=96&d=mm&r=g","contentUrl":"https:\/\/secure.gravatar.com\/avatar\/07f13ce868ede7f0937b7abbada276f430e4ed25cfff75dbe7f98f95ac02358c?s=96&d=mm&r=g","caption":"Hendrick Garcia"},"url":"https:\/\/noti-america.com\/site\/venezuela\/author\/hegarcia\/"}]}},"_links":{"self":[{"href":"https:\/\/noti-america.com\/site\/venezuela\/wp-json\/wp\/v2\/posts\/53136","targetHints":{"allow":["GET"]}}],"collection":[{"href":"https:\/\/noti-america.com\/site\/venezuela\/wp-json\/wp\/v2\/posts"}],"about":[{"href":"https:\/\/noti-america.com\/site\/venezuela\/wp-json\/wp\/v2\/types\/post"}],"author":[{"embeddable":true,"href":"https:\/\/noti-america.com\/site\/venezuela\/wp-json\/wp\/v2\/users\/40"}],"replies":[{"embeddable":true,"href":"https:\/\/noti-america.com\/site\/venezuela\/wp-json\/wp\/v2\/comments?post=53136"}],"version-history":[{"count":3,"href":"https:\/\/noti-america.com\/site\/venezuela\/wp-json\/wp\/v2\/posts\/53136\/revisions"}],"predecessor-version":[{"id":53155,"href":"https:\/\/noti-america.com\/site\/venezuela\/wp-json\/wp\/v2\/posts\/53136\/revisions\/53155"}],"wp:featuredmedia":[{"embeddable":true,"href":"https:\/\/noti-america.com\/site\/venezuela\/wp-json\/wp\/v2\/media\/53151"}],"wp:attachment":[{"href":"https:\/\/noti-america.com\/site\/venezuela\/wp-json\/wp\/v2\/media?parent=53136"}],"wp:term":[{"taxonomy":"category","embeddable":true,"href":"https:\/\/noti-america.com\/site\/venezuela\/wp-json\/wp\/v2\/categories?post=53136"},{"taxonomy":"post_tag","embeddable":true,"href":"https:\/\/noti-america.com\/site\/venezuela\/wp-json\/wp\/v2\/tags?post=53136"}],"curies":[{"name":"wp","href":"https:\/\/api.w.org\/{rel}","templated":true}]}}