{"id":53134,"date":"2026-04-26T13:38:42","date_gmt":"2026-04-26T13:38:42","guid":{"rendered":"https:\/\/noti-america.com\/site\/venezuela\/2026\/04\/26\/politica-en-la-pluralidad-por-marlon-s-jimenez-garcia\/"},"modified":"2026-04-26T13:38:42","modified_gmt":"2026-04-26T13:38:42","slug":"politica-en-la-pluralidad-por-marlon-s-jimenez-garcia","status":"publish","type":"post","link":"https:\/\/noti-america.com\/site\/venezuela\/2026\/04\/26\/politica-en-la-pluralidad-por-marlon-s-jimenez-garcia\/","title":{"rendered":"POL\u00cdTICA EN LA PLURALIDAD.   Por: Marlon S Jim\u00e9nez Garc\u00eda"},"content":{"rendered":"<p><strong>NOTI-AMERICA.COM | VENEZUELA<\/strong><\/p>\n<div dir=\"auto\" style=\"text-align: center;\">POL\u00cdTICA EN LA PLURALIDAD.<\/div>\n<div dir=\"auto\" style=\"text-align: center;\"><\/div>\n<div dir=\"auto\" style=\"text-align: center;\">Por: Marlon S Jim\u00e9nez Garc\u00eda<\/div>\n<div dir=\"auto\"><\/div>\n<div dir=\"auto\">La pol\u00edtica en la pluralidad, o pluralismo pol\u00edtico, es el reconocimiento de la diversidad de ideas, intereses y grupos dentro de una sociedad como una fortaleza democr\u00e1tica.<\/div>\n<div dir=\"auto\">Garantiza la coexistencia de posturas antag\u00f3nicas y la libre participaci\u00f3n, evitando que el poder se concentre en una sola \u00e9lite,\u00a0 fomentando en su lugar la competencia, la tolerancia y el debate entre\u00a0 mayor\u00edas y minor\u00edas.<\/div>\n<div dir=\"auto\">El pluralismo es esencial para la democracia, permitiendo la existencia de diversos partidos politicos, elecciones libres y libertad de expresi\u00f3n sin censuras<\/div>\n<div dir=\"auto\"><\/div>\n<div dir=\"auto\">Todos los dictadores en sus discursos hablan de: democracia, de libertad, de defensa de los derechos humanos, de soberan\u00eda; en fin, de todo lo que significa relaciones plenas entre el Estado y el Ciudadano y lo que menos desean es ese escenario. Lo peor del caso\u00a0 es que, derivado de la ignorancia sobre pol\u00edtica, quienes la manejan han llevado a muchos pueblos desde la prehistoria a las m\u00e1s indignas de las situaciones sociales, desde la esclavitud y la sumisi\u00f3n hasta la represi\u00f3n y el terrorismo de Estado, actualmente desplegados en centenas de pa\u00edses, todos subdesarrollados y bajo el yugo del comunismo o la tiran\u00eda, siendo las m\u00e1s suaves, las dictaduras solapadas como democr\u00e1ticas, mediante la obtenci\u00f3n del poder de cualquier manera, entre ellas, el robo de elecciones o golpe de estado, no con armas, sino con el control institucional, entre otros el CNE.<\/div>\n<div dir=\"auto\"><\/div>\n<div dir=\"auto\">Desde Arist\u00f3teles en su obra \u00abPol\u00edtica\u00bb hasta Carlo Altini en su obra \u00abFabrica de la Soberan\u00eda\u00bb, se ha venido planteando,\u00a0 denunciando y descubriendo todos los ejemplos habidos y por haber de gobiernos perversos, los cuales desarrollan (pacto con el diablo como lo afirma el dominico GirolamoSavonarola) las m\u00e1s diversas formas de someter al populacho.<\/div>\n<div dir=\"auto\"><\/div>\n<div dir=\"auto\">Los mas avezados z\u00e1nganos (corruptos pol\u00edticos seg\u00fan Plat\u00f3n) han adoptado, despu\u00e9s del renacimiento europeo hasta nuestros tiempos las ideas derivadas de la ciencia pol\u00edtica de Maquiavelo (Fundador de la Ciencia Pol\u00edtica. \u00abEl Principe\u00bb); por supuesto,\u00a0 interpretada de manera maligna, siendo sus principales mentados los fascistas, los nazis, los comunistas y otros, con una estrategia disfrazada que no tiene nada que ver, en lo absoluto, con la vindicaci\u00f3n del pueblo, ni del trabajador o proletario. Estos son las v\u00edctimas.<\/div>\n<div dir=\"auto\"><\/div>\n<div dir=\"auto\">El Tutelaje Impositivo Cooperante (TIC), a escondidas del TUTOR plantea, con que moral, reformas constitucionales con el mensaje de democratizar la sociedad, a sabiendas que tiene un rechazo popular por encima del 90% y todo es para continuar con el \u00abdesface de la ciudadan\u00eda\u00bb y para el control pol\u00edtico.<\/div>\n<div dir=\"auto\"><\/div>\n<div dir=\"auto\">Para que haya democracia debe existir libremente el PLURALISMO pol\u00edtico y no monopolio pol\u00edtico, como lo pretenden, con la tal reforma, imponer, (entre otros vacuum), un partido \u00fanico, como lo plante\u00f3 hace unos cuantos a\u00f1os, el hoy inquilino del MDC de Brooklyn, al PSUV.<\/div>\n<div dir=\"auto\"><\/div>\n<div dir=\"auto\">La pol\u00edtica necesita pol\u00edticos, y la pol\u00edtica significa la din\u00e1mica exponencial y estructural de una sociedad. La \u00fanica condici\u00f3n que se le pide a un pol\u00edtico es el \u00absentido com\u00fan\u00bb, all\u00ed est\u00e1 todo registrado.En una democracia plural perder el poder es normal y natural; pero en una tiran\u00eda eso es una felon\u00eda para quienes detentan el poder.<\/div>\n<div dir=\"auto\"><\/div>\n<div dir=\"auto\">Acostumbrarse al poder y perderlo, est\u00e1 demostrado que genera una violencia natural. Sin embargo, a pesar de que, el ser humano es violento por naturaleza,\u00a0 en pol\u00edtica y en democracia es necesario, una formaci\u00f3n ciudadana integral, basada en la convivencia pac\u00edfica y en el respeto de las leyes. La Europa imperialista e invasora, el \u00c1frica tribal, el Asia lejana, han dejado huellas y aun presentan signos evidentes de esa fuerza arrolladora. Venezuela es un pa\u00eds violento, no es adquirida pero si volitiva.<\/div>\n<div dir=\"auto\"><\/div>\n<div dir=\"auto\">La conducta social de nuestro presente es como una especie de un r\u00edo desbordado que rompe los instintos represados, empujando sus aguas al ritmo del odio social, el caudillismo, las carencias, la corrupci\u00f3n, la impunidad\u00a0 y sobre todo una ausencia de buenas intenciones de quienes dirigen el poder, y transmitirla como normalidad en la conducta colectiva. Todas las revoluciones en nuestro pa\u00eds y la mal\u00e9vola revoluci\u00f3n del siglo XXI, es un fiel modelo, han tenido; por supuesto, la b\u00fasqueda del poder y la riqueza f\u00e1cil. Eso si, en nombre del \u00abpueblo\u00bb, ese al cual subyugan e ignoran,\u00a0 sembrando pobreza y deficiente educaci\u00f3n.<\/div>\n<div dir=\"auto\"><\/div>\n<div dir=\"auto\">Es imposible igualar ante la ley a un pueblo cuando su gobierno ejerce el poder fuera de esa misma ley. No puede haber paz cuando vivimos en una permanente violencia y moral que, tiende al control y sometimiento social, generando tenebrosas desigualdades entre los que eran pro r\u00e9gimen y los que son ahora, pro TIC, una ultra minor\u00eda, y quienes no lo son.<\/div>\n<div dir=\"auto\"><\/div>\n<div dir=\"auto\">El clamor a la sensatez, recibe o\u00eddos sordos; la paz est\u00e1 cada vez m\u00e1s inalcanzable, la educaci\u00f3n que pudiera ser un punto de apoyo es un instrumento de filo retr\u00f3grado. El populismo utilitario se convierte en la \u00fanica acci\u00f3n en la relaci\u00f3n entre el poder y su colectivo. Las taras sociales se convierten en el oasis revolucionario y \u00e9stas sirven de propaganda pol\u00edtica. Quien calla, sufre la paz de los sepulcros (seguridad ante la violencia pol\u00edtica); quien se rebela, en cualquiera de sus formas, es la \u00abviolencia extrema\u00bb que lo acobija en su sede natural: EL RODEO I, II y III.<\/div>\n<div dir=\"auto\">Cada d\u00eda es irrelevante pensar en la DEMOCRACIA, sino existe LIBERTAD; lo relevante es hacer POL\u00cfTICA y m\u00e1s POL\u00cfTICA, en la b\u00fasqueda de la conciencia social extraviada, As\u00ed estamos en nuestro pa\u00eds.<\/div>\n<div dir=\"auto\"><\/div>\n<div dir=\"auto\">Profesor Universitario<\/div>\n<div dir=\"auto\"><a href=\"mailto:marlons.jimenez55@gmail.com\" rel=\"noreferrer\">marlons.jimenez55@gmail.com<\/a><\/div>\n<div dir=\"auto\">@marlonJ03650037<\/div>\n","protected":false},"excerpt":{"rendered":"<p>NOTI-AMERICA.COM | VENEZUELA POL\u00cdTICA EN LA PLURALIDAD. Por: Marlon S Jim\u00e9nez Garc\u00eda La pol\u00edtica en la pluralidad, o pluralismo pol\u00edtico, es el reconocimiento de la diversidad de ideas, intereses y grupos dentro de una&#46;&#46;&#46;<\/p>\n","protected":false},"author":2,"featured_media":17111,"comment_status":"open","ping_status":"open","sticky":false,"template":"","format":"image","meta":{"_acf_changed":false,"om_disable_all_campaigns":false,"rop_custom_images_group":[],"rop_custom_messages_group":[],"rop_publish_now":"initial","rop_publish_now_accounts":{"twitter_242054905_242054905":""},"rop_publish_now_history":[],"rop_publish_now_status":"pending","_uf_show_specific_survey":0,"_uf_disable_surveys":false,"footnotes":""},"categories":[160,12],"tags":[],"class_list":["post-53134","post","type-post","status-publish","format-image","has-post-thumbnail","hentry","category-articulo","category-opinion","post_format-post-format-image"],"acf":[],"aioseo_notices":[],"yoast_head":"<!-- This site is optimized with the Yoast SEO Premium plugin v24.9 (Yoast SEO v27.2) - https:\/\/yoast.com\/product\/yoast-seo-premium-wordpress\/ -->\n<title>POL\u00cdTICA EN LA PLURALIDAD.  Por: Marlon S Jim\u00e9nez Garc\u00eda - Venezuela | Noti-America.com<\/title>\n<meta name=\"robots\" content=\"index, follow, max-snippet:-1, max-image-preview:large, max-video-preview:-1\" \/>\n<link rel=\"canonical\" href=\"https:\/\/noti-america.com\/site\/venezuela\/2026\/04\/26\/politica-en-la-pluralidad-por-marlon-s-jimenez-garcia\/\" \/>\n<meta property=\"og:locale\" content=\"es_ES\" \/>\n<meta property=\"og:type\" content=\"article\" \/>\n<meta property=\"og:title\" content=\"POL\u00cdTICA EN LA PLURALIDAD.  Por: Marlon S Jim\u00e9nez Garc\u00eda\" \/>\n<meta property=\"og:description\" content=\"NOTI-AMERICA.COM | VENEZUELA POL\u00cdTICA EN LA PLURALIDAD. Por: Marlon S Jim\u00e9nez Garc\u00eda La pol\u00edtica en la pluralidad, o pluralismo pol\u00edtico, es el reconocimiento de la diversidad de ideas, intereses y grupos dentro de una&#046;&#046;&#046;\" \/>\n<meta property=\"og:url\" content=\"https:\/\/noti-america.com\/site\/venezuela\/2026\/04\/26\/politica-en-la-pluralidad-por-marlon-s-jimenez-garcia\/\" \/>\n<meta property=\"og:site_name\" content=\"Venezuela | Noti-America.com\" \/>\n<meta property=\"article:published_time\" content=\"2026-04-26T13:38:42+00:00\" \/>\n<meta property=\"og:image\" content=\"https:\/\/noti-america.com\/site\/venezuela\/wp-content\/uploads\/sites\/2\/2021\/11\/MARLON-JIMENEZ2-scaled.jpg\" \/>\n\t<meta property=\"og:image:width\" content=\"1\" \/>\n\t<meta property=\"og:image:height\" content=\"1\" \/>\n\t<meta property=\"og:image:type\" content=\"image\/jpeg\" \/>\n<meta name=\"author\" content=\"rloaiza\" \/>\n<meta name=\"twitter:card\" content=\"summary_large_image\" \/>\n<meta name=\"twitter:label1\" content=\"Escrito por\" \/>\n\t<meta name=\"twitter:data1\" content=\"rloaiza\" \/>\n\t<meta name=\"twitter:label2\" content=\"Tiempo estimado de lectura\" \/>\n\t<meta name=\"twitter:data2\" content=\"5 minutos\" \/>\n<script type=\"application\/ld+json\" class=\"yoast-schema-graph\">{\"@context\":\"https:\/\/schema.org\",\"@graph\":[{\"@type\":\"Article\",\"@id\":\"https:\/\/noti-america.com\/site\/venezuela\/2026\/04\/26\/politica-en-la-pluralidad-por-marlon-s-jimenez-garcia\/#article\",\"isPartOf\":{\"@id\":\"https:\/\/noti-america.com\/site\/venezuela\/2026\/04\/26\/politica-en-la-pluralidad-por-marlon-s-jimenez-garcia\/\"},\"author\":{\"name\":\"rloaiza\",\"@id\":\"https:\/\/noti-america.com\/site\/venezuela\/#\/schema\/person\/a2e478ba496331ce89bcd0c731cd6533\"},\"headline\":\"POL\u00cdTICA EN LA PLURALIDAD. Por: Marlon S Jim\u00e9nez Garc\u00eda\",\"datePublished\":\"2026-04-26T13:38:42+00:00\",\"mainEntityOfPage\":{\"@id\":\"https:\/\/noti-america.com\/site\/venezuela\/2026\/04\/26\/politica-en-la-pluralidad-por-marlon-s-jimenez-garcia\/\"},\"wordCount\":996,\"commentCount\":0,\"publisher\":{\"@id\":\"https:\/\/noti-america.com\/site\/venezuela\/#organization\"},\"image\":{\"@id\":\"https:\/\/noti-america.com\/site\/venezuela\/2026\/04\/26\/politica-en-la-pluralidad-por-marlon-s-jimenez-garcia\/#primaryimage\"},\"thumbnailUrl\":\"https:\/\/noti-america.com\/site\/venezuela\/wp-content\/uploads\/sites\/2\/2021\/11\/MARLON-JIMENEZ2-scaled.jpg\",\"articleSection\":[\"Articulo\",\"Opini\u00f3n\"],\"inLanguage\":\"es\",\"potentialAction\":[{\"@type\":\"CommentAction\",\"name\":\"Comment\",\"target\":[\"https:\/\/noti-america.com\/site\/venezuela\/2026\/04\/26\/politica-en-la-pluralidad-por-marlon-s-jimenez-garcia\/#respond\"]}]},{\"@type\":\"WebPage\",\"@id\":\"https:\/\/noti-america.com\/site\/venezuela\/2026\/04\/26\/politica-en-la-pluralidad-por-marlon-s-jimenez-garcia\/\",\"url\":\"https:\/\/noti-america.com\/site\/venezuela\/2026\/04\/26\/politica-en-la-pluralidad-por-marlon-s-jimenez-garcia\/\",\"name\":\"POL\u00cdTICA EN LA PLURALIDAD. Por: Marlon S Jim\u00e9nez Garc\u00eda - Venezuela | Noti-America.com\",\"isPartOf\":{\"@id\":\"https:\/\/noti-america.com\/site\/venezuela\/#website\"},\"primaryImageOfPage\":{\"@id\":\"https:\/\/noti-america.com\/site\/venezuela\/2026\/04\/26\/politica-en-la-pluralidad-por-marlon-s-jimenez-garcia\/#primaryimage\"},\"image\":{\"@id\":\"https:\/\/noti-america.com\/site\/venezuela\/2026\/04\/26\/politica-en-la-pluralidad-por-marlon-s-jimenez-garcia\/#primaryimage\"},\"thumbnailUrl\":\"https:\/\/noti-america.com\/site\/venezuela\/wp-content\/uploads\/sites\/2\/2021\/11\/MARLON-JIMENEZ2-scaled.jpg\",\"datePublished\":\"2026-04-26T13:38:42+00:00\",\"breadcrumb\":{\"@id\":\"https:\/\/noti-america.com\/site\/venezuela\/2026\/04\/26\/politica-en-la-pluralidad-por-marlon-s-jimenez-garcia\/#breadcrumb\"},\"inLanguage\":\"es\",\"potentialAction\":[{\"@type\":\"ReadAction\",\"target\":[\"https:\/\/noti-america.com\/site\/venezuela\/2026\/04\/26\/politica-en-la-pluralidad-por-marlon-s-jimenez-garcia\/\"]}]},{\"@type\":\"ImageObject\",\"inLanguage\":\"es\",\"@id\":\"https:\/\/noti-america.com\/site\/venezuela\/2026\/04\/26\/politica-en-la-pluralidad-por-marlon-s-jimenez-garcia\/#primaryimage\",\"url\":\"https:\/\/noti-america.com\/site\/venezuela\/wp-content\/uploads\/sites\/2\/2021\/11\/MARLON-JIMENEZ2-scaled.jpg\",\"contentUrl\":\"https:\/\/noti-america.com\/site\/venezuela\/wp-content\/uploads\/sites\/2\/2021\/11\/MARLON-JIMENEZ2-scaled.jpg\"},{\"@type\":\"BreadcrumbList\",\"@id\":\"https:\/\/noti-america.com\/site\/venezuela\/2026\/04\/26\/politica-en-la-pluralidad-por-marlon-s-jimenez-garcia\/#breadcrumb\",\"itemListElement\":[{\"@type\":\"ListItem\",\"position\":1,\"name\":\"Portada\",\"item\":\"https:\/\/noti-america.com\/site\/venezuela\/\"},{\"@type\":\"ListItem\",\"position\":2,\"name\":\"POL\u00cdTICA EN LA PLURALIDAD. Por: Marlon S Jim\u00e9nez Garc\u00eda\"}]},{\"@type\":\"WebSite\",\"@id\":\"https:\/\/noti-america.com\/site\/venezuela\/#website\",\"url\":\"https:\/\/noti-america.com\/site\/venezuela\/\",\"name\":\"Venezuela | Noti-America.com\",\"description\":\"\",\"publisher\":{\"@id\":\"https:\/\/noti-america.com\/site\/venezuela\/#organization\"},\"potentialAction\":[{\"@type\":\"SearchAction\",\"target\":{\"@type\":\"EntryPoint\",\"urlTemplate\":\"https:\/\/noti-america.com\/site\/venezuela\/?s={search_term_string}\"},\"query-input\":{\"@type\":\"PropertyValueSpecification\",\"valueRequired\":true,\"valueName\":\"search_term_string\"}}],\"inLanguage\":\"es\"},{\"@type\":\"Organization\",\"@id\":\"https:\/\/noti-america.com\/site\/venezuela\/#organization\",\"name\":\"Noti-America LLC | Venezuela\",\"url\":\"https:\/\/noti-america.com\/site\/venezuela\/\",\"logo\":{\"@type\":\"ImageObject\",\"inLanguage\":\"es\",\"@id\":\"https:\/\/noti-america.com\/site\/venezuela\/#\/schema\/logo\/image\/\",\"url\":\"https:\/\/noti-america.com\/site\/venezuela\/wp-content\/uploads\/sites\/2\/2020\/07\/LogoNA-4x3-1.jpg\",\"contentUrl\":\"https:\/\/noti-america.com\/site\/venezuela\/wp-content\/uploads\/sites\/2\/2020\/07\/LogoNA-4x3-1.jpg\",\"width\":1236,\"height\":1080,\"caption\":\"Noti-America LLC | Venezuela\"},\"image\":{\"@id\":\"https:\/\/noti-america.com\/site\/venezuela\/#\/schema\/logo\/image\/\"}},{\"@type\":\"Person\",\"@id\":\"https:\/\/noti-america.com\/site\/venezuela\/#\/schema\/person\/a2e478ba496331ce89bcd0c731cd6533\",\"name\":\"rloaiza\",\"image\":{\"@type\":\"ImageObject\",\"inLanguage\":\"es\",\"@id\":\"https:\/\/secure.gravatar.com\/avatar\/190058e5d4427934610b99c45aa7a6558806850adedd53ddeddd194b04773e22?s=96&d=mm&r=g\",\"url\":\"https:\/\/secure.gravatar.com\/avatar\/190058e5d4427934610b99c45aa7a6558806850adedd53ddeddd194b04773e22?s=96&d=mm&r=g\",\"contentUrl\":\"https:\/\/secure.gravatar.com\/avatar\/190058e5d4427934610b99c45aa7a6558806850adedd53ddeddd194b04773e22?s=96&d=mm&r=g\",\"caption\":\"rloaiza\"},\"url\":\"https:\/\/noti-america.com\/site\/venezuela\/author\/rloaiza\/\"}]}<\/script>\n<!-- \/ Yoast SEO Premium plugin. -->","yoast_head_json":{"title":"POL\u00cdTICA EN LA PLURALIDAD.  Por: Marlon S Jim\u00e9nez Garc\u00eda - Venezuela | Noti-America.com","robots":{"index":"index","follow":"follow","max-snippet":"max-snippet:-1","max-image-preview":"max-image-preview:large","max-video-preview":"max-video-preview:-1"},"canonical":"https:\/\/noti-america.com\/site\/venezuela\/2026\/04\/26\/politica-en-la-pluralidad-por-marlon-s-jimenez-garcia\/","og_locale":"es_ES","og_type":"article","og_title":"POL\u00cdTICA EN LA PLURALIDAD.  Por: Marlon S Jim\u00e9nez Garc\u00eda","og_description":"NOTI-AMERICA.COM | VENEZUELA POL\u00cdTICA EN LA PLURALIDAD. Por: Marlon S Jim\u00e9nez Garc\u00eda La pol\u00edtica en la pluralidad, o pluralismo pol\u00edtico, es el reconocimiento de la diversidad de ideas, intereses y grupos dentro de una&#46;&#46;&#46;","og_url":"https:\/\/noti-america.com\/site\/venezuela\/2026\/04\/26\/politica-en-la-pluralidad-por-marlon-s-jimenez-garcia\/","og_site_name":"Venezuela | Noti-America.com","article_published_time":"2026-04-26T13:38:42+00:00","og_image":[{"url":"https:\/\/noti-america.com\/site\/venezuela\/wp-content\/uploads\/sites\/2\/2021\/11\/MARLON-JIMENEZ2-scaled.jpg","width":1,"height":1,"type":"image\/jpeg"}],"author":"rloaiza","twitter_card":"summary_large_image","twitter_misc":{"Escrito por":"rloaiza","Tiempo estimado de lectura":"5 minutos"},"schema":{"@context":"https:\/\/schema.org","@graph":[{"@type":"Article","@id":"https:\/\/noti-america.com\/site\/venezuela\/2026\/04\/26\/politica-en-la-pluralidad-por-marlon-s-jimenez-garcia\/#article","isPartOf":{"@id":"https:\/\/noti-america.com\/site\/venezuela\/2026\/04\/26\/politica-en-la-pluralidad-por-marlon-s-jimenez-garcia\/"},"author":{"name":"rloaiza","@id":"https:\/\/noti-america.com\/site\/venezuela\/#\/schema\/person\/a2e478ba496331ce89bcd0c731cd6533"},"headline":"POL\u00cdTICA EN LA PLURALIDAD. Por: Marlon S Jim\u00e9nez Garc\u00eda","datePublished":"2026-04-26T13:38:42+00:00","mainEntityOfPage":{"@id":"https:\/\/noti-america.com\/site\/venezuela\/2026\/04\/26\/politica-en-la-pluralidad-por-marlon-s-jimenez-garcia\/"},"wordCount":996,"commentCount":0,"publisher":{"@id":"https:\/\/noti-america.com\/site\/venezuela\/#organization"},"image":{"@id":"https:\/\/noti-america.com\/site\/venezuela\/2026\/04\/26\/politica-en-la-pluralidad-por-marlon-s-jimenez-garcia\/#primaryimage"},"thumbnailUrl":"https:\/\/noti-america.com\/site\/venezuela\/wp-content\/uploads\/sites\/2\/2021\/11\/MARLON-JIMENEZ2-scaled.jpg","articleSection":["Articulo","Opini\u00f3n"],"inLanguage":"es","potentialAction":[{"@type":"CommentAction","name":"Comment","target":["https:\/\/noti-america.com\/site\/venezuela\/2026\/04\/26\/politica-en-la-pluralidad-por-marlon-s-jimenez-garcia\/#respond"]}]},{"@type":"WebPage","@id":"https:\/\/noti-america.com\/site\/venezuela\/2026\/04\/26\/politica-en-la-pluralidad-por-marlon-s-jimenez-garcia\/","url":"https:\/\/noti-america.com\/site\/venezuela\/2026\/04\/26\/politica-en-la-pluralidad-por-marlon-s-jimenez-garcia\/","name":"POL\u00cdTICA EN LA PLURALIDAD. Por: Marlon S Jim\u00e9nez Garc\u00eda - Venezuela | Noti-America.com","isPartOf":{"@id":"https:\/\/noti-america.com\/site\/venezuela\/#website"},"primaryImageOfPage":{"@id":"https:\/\/noti-america.com\/site\/venezuela\/2026\/04\/26\/politica-en-la-pluralidad-por-marlon-s-jimenez-garcia\/#primaryimage"},"image":{"@id":"https:\/\/noti-america.com\/site\/venezuela\/2026\/04\/26\/politica-en-la-pluralidad-por-marlon-s-jimenez-garcia\/#primaryimage"},"thumbnailUrl":"https:\/\/noti-america.com\/site\/venezuela\/wp-content\/uploads\/sites\/2\/2021\/11\/MARLON-JIMENEZ2-scaled.jpg","datePublished":"2026-04-26T13:38:42+00:00","breadcrumb":{"@id":"https:\/\/noti-america.com\/site\/venezuela\/2026\/04\/26\/politica-en-la-pluralidad-por-marlon-s-jimenez-garcia\/#breadcrumb"},"inLanguage":"es","potentialAction":[{"@type":"ReadAction","target":["https:\/\/noti-america.com\/site\/venezuela\/2026\/04\/26\/politica-en-la-pluralidad-por-marlon-s-jimenez-garcia\/"]}]},{"@type":"ImageObject","inLanguage":"es","@id":"https:\/\/noti-america.com\/site\/venezuela\/2026\/04\/26\/politica-en-la-pluralidad-por-marlon-s-jimenez-garcia\/#primaryimage","url":"https:\/\/noti-america.com\/site\/venezuela\/wp-content\/uploads\/sites\/2\/2021\/11\/MARLON-JIMENEZ2-scaled.jpg","contentUrl":"https:\/\/noti-america.com\/site\/venezuela\/wp-content\/uploads\/sites\/2\/2021\/11\/MARLON-JIMENEZ2-scaled.jpg"},{"@type":"BreadcrumbList","@id":"https:\/\/noti-america.com\/site\/venezuela\/2026\/04\/26\/politica-en-la-pluralidad-por-marlon-s-jimenez-garcia\/#breadcrumb","itemListElement":[{"@type":"ListItem","position":1,"name":"Portada","item":"https:\/\/noti-america.com\/site\/venezuela\/"},{"@type":"ListItem","position":2,"name":"POL\u00cdTICA EN LA PLURALIDAD. Por: Marlon S Jim\u00e9nez Garc\u00eda"}]},{"@type":"WebSite","@id":"https:\/\/noti-america.com\/site\/venezuela\/#website","url":"https:\/\/noti-america.com\/site\/venezuela\/","name":"Venezuela | Noti-America.com","description":"","publisher":{"@id":"https:\/\/noti-america.com\/site\/venezuela\/#organization"},"potentialAction":[{"@type":"SearchAction","target":{"@type":"EntryPoint","urlTemplate":"https:\/\/noti-america.com\/site\/venezuela\/?s={search_term_string}"},"query-input":{"@type":"PropertyValueSpecification","valueRequired":true,"valueName":"search_term_string"}}],"inLanguage":"es"},{"@type":"Organization","@id":"https:\/\/noti-america.com\/site\/venezuela\/#organization","name":"Noti-America LLC | Venezuela","url":"https:\/\/noti-america.com\/site\/venezuela\/","logo":{"@type":"ImageObject","inLanguage":"es","@id":"https:\/\/noti-america.com\/site\/venezuela\/#\/schema\/logo\/image\/","url":"https:\/\/noti-america.com\/site\/venezuela\/wp-content\/uploads\/sites\/2\/2020\/07\/LogoNA-4x3-1.jpg","contentUrl":"https:\/\/noti-america.com\/site\/venezuela\/wp-content\/uploads\/sites\/2\/2020\/07\/LogoNA-4x3-1.jpg","width":1236,"height":1080,"caption":"Noti-America LLC | Venezuela"},"image":{"@id":"https:\/\/noti-america.com\/site\/venezuela\/#\/schema\/logo\/image\/"}},{"@type":"Person","@id":"https:\/\/noti-america.com\/site\/venezuela\/#\/schema\/person\/a2e478ba496331ce89bcd0c731cd6533","name":"rloaiza","image":{"@type":"ImageObject","inLanguage":"es","@id":"https:\/\/secure.gravatar.com\/avatar\/190058e5d4427934610b99c45aa7a6558806850adedd53ddeddd194b04773e22?s=96&d=mm&r=g","url":"https:\/\/secure.gravatar.com\/avatar\/190058e5d4427934610b99c45aa7a6558806850adedd53ddeddd194b04773e22?s=96&d=mm&r=g","contentUrl":"https:\/\/secure.gravatar.com\/avatar\/190058e5d4427934610b99c45aa7a6558806850adedd53ddeddd194b04773e22?s=96&d=mm&r=g","caption":"rloaiza"},"url":"https:\/\/noti-america.com\/site\/venezuela\/author\/rloaiza\/"}]}},"_links":{"self":[{"href":"https:\/\/noti-america.com\/site\/venezuela\/wp-json\/wp\/v2\/posts\/53134","targetHints":{"allow":["GET"]}}],"collection":[{"href":"https:\/\/noti-america.com\/site\/venezuela\/wp-json\/wp\/v2\/posts"}],"about":[{"href":"https:\/\/noti-america.com\/site\/venezuela\/wp-json\/wp\/v2\/types\/post"}],"author":[{"embeddable":true,"href":"https:\/\/noti-america.com\/site\/venezuela\/wp-json\/wp\/v2\/users\/2"}],"replies":[{"embeddable":true,"href":"https:\/\/noti-america.com\/site\/venezuela\/wp-json\/wp\/v2\/comments?post=53134"}],"version-history":[{"count":0,"href":"https:\/\/noti-america.com\/site\/venezuela\/wp-json\/wp\/v2\/posts\/53134\/revisions"}],"wp:featuredmedia":[{"embeddable":true,"href":"https:\/\/noti-america.com\/site\/venezuela\/wp-json\/wp\/v2\/media\/17111"}],"wp:attachment":[{"href":"https:\/\/noti-america.com\/site\/venezuela\/wp-json\/wp\/v2\/media?parent=53134"}],"wp:term":[{"taxonomy":"category","embeddable":true,"href":"https:\/\/noti-america.com\/site\/venezuela\/wp-json\/wp\/v2\/categories?post=53134"},{"taxonomy":"post_tag","embeddable":true,"href":"https:\/\/noti-america.com\/site\/venezuela\/wp-json\/wp\/v2\/tags?post=53134"}],"curies":[{"name":"wp","href":"https:\/\/api.w.org\/{rel}","templated":true}]}}