{"id":52913,"date":"2026-04-16T15:51:48","date_gmt":"2026-04-16T15:51:48","guid":{"rendered":"https:\/\/noti-america.com\/site\/venezuela\/?p=52913"},"modified":"2026-04-16T15:51:48","modified_gmt":"2026-04-16T15:51:48","slug":"el-influencer-venezolano-enyerson-urdaneta-lanza-su-marca-bens-de-gorras-y-medias-en-estados-unidos","status":"publish","type":"post","link":"https:\/\/noti-america.com\/site\/venezuela\/2026\/04\/16\/el-influencer-venezolano-enyerson-urdaneta-lanza-su-marca-bens-de-gorras-y-medias-en-estados-unidos\/","title":{"rendered":"El Influencer Venezolano Enyerson Urdaneta Lanza Su Marca \u201cBenS\u201d de Gorras y Medias en Estados Unidos"},"content":{"rendered":"<p><strong>NOTI-AMERICA.COM | VENEZUELA<\/strong><\/p>\n<div class=\"entry-content entry clearfix\">\n<p>El influencer venezolano Enyerson Urdaneta ha dado un paso significativo en su carrera al anunciar el lanzamiento de su nueva marca \u00abBenS\u00bb, especializada en gorras y medias. Con una propuesta fresca y aut\u00e9ntica, Enyerson busca conectar con su audiencia a trav\u00e9s de productos que reflejan su estilo personal y su pasi\u00f3n por la moda.<\/p>\n<p>Actualmente, Enyerson se encuentra en Estados Unidos, donde su marca sigue creciendo y ganando popularidad. Su dedicaci\u00f3n y esfuerzo son un testimonio de que los sue\u00f1os pueden hacerse realidad, sin importar las circunstancias. \u00abBenS\u00bb no solo representa un negocio, sino tambi\u00e9n un s\u00edmbolo de perseverancia y creatividad.<\/p>\n<p>Enyerson Urdaneta invita a todos a ser parte de esta nueva aventura y a recordar que, con trabajo duro y determinaci\u00f3n, es posible alcanzar metas que parecen lejanas. La historia de \u00abBenS\u00bb es una inspiraci\u00f3n para quienes buscan hacer una diferencia en el mundo, demostrando que cada paso cuenta en el camino hacia el \u00e9xito.<\/p>\n<\/div>\n<div id=\"post-extra-info\">\n<div class=\"theiaStickySidebar\">\n<div class=\"single-post-meta post-meta clearfix\"><\/div>\n<\/div>\n<\/div>\n","protected":false},"excerpt":{"rendered":"<p>NOTI-AMERICA.COM | VENEZUELA El influencer venezolano Enyerson Urdaneta ha dado un paso significativo en su carrera al anunciar el lanzamiento de su nueva marca \u00abBenS\u00bb, especializada en gorras y medias. Con una propuesta fresca&#46;&#46;&#46;<\/p>\n","protected":false},"author":127,"featured_media":52914,"comment_status":"open","ping_status":"open","sticky":false,"template":"","format":"image","meta":{"_acf_changed":false,"om_disable_all_campaigns":false,"rop_custom_images_group":[],"rop_custom_messages_group":[],"rop_publish_now":"initial","rop_publish_now_accounts":{"twitter_242054905_242054905":""},"rop_publish_now_history":[],"rop_publish_now_status":"pending","_uf_show_specific_survey":0,"_uf_disable_surveys":false,"footnotes":""},"categories":[847],"tags":[],"class_list":["post-52913","post","type-post","status-publish","format-image","has-post-thumbnail","hentry","category-moda","post_format-post-format-image"],"acf":[],"aioseo_notices":[],"yoast_head":"<!-- This site is optimized with the Yoast SEO Premium plugin v24.9 (Yoast SEO v27.2) - https:\/\/yoast.com\/product\/yoast-seo-premium-wordpress\/ -->\n<title>El Influencer Venezolano Enyerson Urdaneta Lanza Su Marca \u201cBenS\u201d de Gorras y Medias en Estados Unidos - Venezuela | Noti-America.com<\/title>\n<meta name=\"robots\" content=\"index, follow, max-snippet:-1, max-image-preview:large, max-video-preview:-1\" \/>\n<link rel=\"canonical\" href=\"https:\/\/noti-america.com\/site\/venezuela\/2026\/04\/16\/el-influencer-venezolano-enyerson-urdaneta-lanza-su-marca-bens-de-gorras-y-medias-en-estados-unidos\/\" \/>\n<meta property=\"og:locale\" content=\"es_ES\" \/>\n<meta property=\"og:type\" content=\"article\" \/>\n<meta property=\"og:title\" content=\"El Influencer Venezolano Enyerson Urdaneta Lanza Su Marca \u201cBenS\u201d de Gorras y Medias en Estados Unidos\" \/>\n<meta property=\"og:description\" content=\"NOTI-AMERICA.COM | VENEZUELA El influencer venezolano Enyerson Urdaneta ha dado un paso significativo en su carrera al anunciar el lanzamiento de su nueva marca \u00abBenS\u00bb, especializada en gorras y medias. Con una propuesta fresca&#046;&#046;&#046;\" \/>\n<meta property=\"og:url\" content=\"https:\/\/noti-america.com\/site\/venezuela\/2026\/04\/16\/el-influencer-venezolano-enyerson-urdaneta-lanza-su-marca-bens-de-gorras-y-medias-en-estados-unidos\/\" \/>\n<meta property=\"og:site_name\" content=\"Venezuela | Noti-America.com\" \/>\n<meta property=\"article:published_time\" content=\"2026-04-16T15:51:48+00:00\" \/>\n<meta property=\"og:image\" content=\"https:\/\/noti-america.com\/site\/venezuela\/wp-content\/uploads\/sites\/2\/2026\/04\/WhatsApp-Image-2026-04-14-at-23.10.15.jpeg\" \/>\n\t<meta property=\"og:image:width\" content=\"1080\" \/>\n\t<meta property=\"og:image:height\" content=\"656\" \/>\n\t<meta property=\"og:image:type\" content=\"image\/jpeg\" \/>\n<meta name=\"author\" content=\"Yoelvzla\" \/>\n<meta name=\"twitter:card\" content=\"summary_large_image\" \/>\n<meta name=\"twitter:label1\" content=\"Escrito por\" \/>\n\t<meta name=\"twitter:data1\" content=\"Yoelvzla\" \/>\n\t<meta name=\"twitter:label2\" content=\"Tiempo estimado de lectura\" \/>\n\t<meta name=\"twitter:data2\" content=\"1 minuto\" \/>\n<script type=\"application\/ld+json\" class=\"yoast-schema-graph\">{\"@context\":\"https:\/\/schema.org\",\"@graph\":[{\"@type\":\"Article\",\"@id\":\"https:\/\/noti-america.com\/site\/venezuela\/2026\/04\/16\/el-influencer-venezolano-enyerson-urdaneta-lanza-su-marca-bens-de-gorras-y-medias-en-estados-unidos\/#article\",\"isPartOf\":{\"@id\":\"https:\/\/noti-america.com\/site\/venezuela\/2026\/04\/16\/el-influencer-venezolano-enyerson-urdaneta-lanza-su-marca-bens-de-gorras-y-medias-en-estados-unidos\/\"},\"author\":{\"name\":\"Yoelvzla\",\"@id\":\"https:\/\/noti-america.com\/site\/venezuela\/#\/schema\/person\/376ccc7b3cc7a8d5a43c3ece07a43857\"},\"headline\":\"El Influencer Venezolano Enyerson Urdaneta Lanza Su Marca \u201cBenS\u201d de Gorras y Medias en Estados Unidos\",\"datePublished\":\"2026-04-16T15:51:48+00:00\",\"mainEntityOfPage\":{\"@id\":\"https:\/\/noti-america.com\/site\/venezuela\/2026\/04\/16\/el-influencer-venezolano-enyerson-urdaneta-lanza-su-marca-bens-de-gorras-y-medias-en-estados-unidos\/\"},\"wordCount\":184,\"commentCount\":0,\"publisher\":{\"@id\":\"https:\/\/noti-america.com\/site\/venezuela\/#organization\"},\"image\":{\"@id\":\"https:\/\/noti-america.com\/site\/venezuela\/2026\/04\/16\/el-influencer-venezolano-enyerson-urdaneta-lanza-su-marca-bens-de-gorras-y-medias-en-estados-unidos\/#primaryimage\"},\"thumbnailUrl\":\"https:\/\/noti-america.com\/site\/venezuela\/wp-content\/uploads\/sites\/2\/2026\/04\/WhatsApp-Image-2026-04-14-at-23.10.15.jpeg\",\"articleSection\":[\"Moda\"],\"inLanguage\":\"es\",\"potentialAction\":[{\"@type\":\"CommentAction\",\"name\":\"Comment\",\"target\":[\"https:\/\/noti-america.com\/site\/venezuela\/2026\/04\/16\/el-influencer-venezolano-enyerson-urdaneta-lanza-su-marca-bens-de-gorras-y-medias-en-estados-unidos\/#respond\"]}]},{\"@type\":\"WebPage\",\"@id\":\"https:\/\/noti-america.com\/site\/venezuela\/2026\/04\/16\/el-influencer-venezolano-enyerson-urdaneta-lanza-su-marca-bens-de-gorras-y-medias-en-estados-unidos\/\",\"url\":\"https:\/\/noti-america.com\/site\/venezuela\/2026\/04\/16\/el-influencer-venezolano-enyerson-urdaneta-lanza-su-marca-bens-de-gorras-y-medias-en-estados-unidos\/\",\"name\":\"El Influencer Venezolano Enyerson Urdaneta Lanza Su Marca \u201cBenS\u201d de Gorras y Medias en Estados Unidos - Venezuela | Noti-America.com\",\"isPartOf\":{\"@id\":\"https:\/\/noti-america.com\/site\/venezuela\/#website\"},\"primaryImageOfPage\":{\"@id\":\"https:\/\/noti-america.com\/site\/venezuela\/2026\/04\/16\/el-influencer-venezolano-enyerson-urdaneta-lanza-su-marca-bens-de-gorras-y-medias-en-estados-unidos\/#primaryimage\"},\"image\":{\"@id\":\"https:\/\/noti-america.com\/site\/venezuela\/2026\/04\/16\/el-influencer-venezolano-enyerson-urdaneta-lanza-su-marca-bens-de-gorras-y-medias-en-estados-unidos\/#primaryimage\"},\"thumbnailUrl\":\"https:\/\/noti-america.com\/site\/venezuela\/wp-content\/uploads\/sites\/2\/2026\/04\/WhatsApp-Image-2026-04-14-at-23.10.15.jpeg\",\"datePublished\":\"2026-04-16T15:51:48+00:00\",\"breadcrumb\":{\"@id\":\"https:\/\/noti-america.com\/site\/venezuela\/2026\/04\/16\/el-influencer-venezolano-enyerson-urdaneta-lanza-su-marca-bens-de-gorras-y-medias-en-estados-unidos\/#breadcrumb\"},\"inLanguage\":\"es\",\"potentialAction\":[{\"@type\":\"ReadAction\",\"target\":[\"https:\/\/noti-america.com\/site\/venezuela\/2026\/04\/16\/el-influencer-venezolano-enyerson-urdaneta-lanza-su-marca-bens-de-gorras-y-medias-en-estados-unidos\/\"]}]},{\"@type\":\"ImageObject\",\"inLanguage\":\"es\",\"@id\":\"https:\/\/noti-america.com\/site\/venezuela\/2026\/04\/16\/el-influencer-venezolano-enyerson-urdaneta-lanza-su-marca-bens-de-gorras-y-medias-en-estados-unidos\/#primaryimage\",\"url\":\"https:\/\/noti-america.com\/site\/venezuela\/wp-content\/uploads\/sites\/2\/2026\/04\/WhatsApp-Image-2026-04-14-at-23.10.15.jpeg\",\"contentUrl\":\"https:\/\/noti-america.com\/site\/venezuela\/wp-content\/uploads\/sites\/2\/2026\/04\/WhatsApp-Image-2026-04-14-at-23.10.15.jpeg\",\"width\":1080,\"height\":656},{\"@type\":\"BreadcrumbList\",\"@id\":\"https:\/\/noti-america.com\/site\/venezuela\/2026\/04\/16\/el-influencer-venezolano-enyerson-urdaneta-lanza-su-marca-bens-de-gorras-y-medias-en-estados-unidos\/#breadcrumb\",\"itemListElement\":[{\"@type\":\"ListItem\",\"position\":1,\"name\":\"Portada\",\"item\":\"https:\/\/noti-america.com\/site\/venezuela\/\"},{\"@type\":\"ListItem\",\"position\":2,\"name\":\"El Influencer Venezolano Enyerson Urdaneta Lanza Su Marca \u201cBenS\u201d de Gorras y Medias en Estados Unidos\"}]},{\"@type\":\"WebSite\",\"@id\":\"https:\/\/noti-america.com\/site\/venezuela\/#website\",\"url\":\"https:\/\/noti-america.com\/site\/venezuela\/\",\"name\":\"Venezuela | Noti-America.com\",\"description\":\"\",\"publisher\":{\"@id\":\"https:\/\/noti-america.com\/site\/venezuela\/#organization\"},\"potentialAction\":[{\"@type\":\"SearchAction\",\"target\":{\"@type\":\"EntryPoint\",\"urlTemplate\":\"https:\/\/noti-america.com\/site\/venezuela\/?s={search_term_string}\"},\"query-input\":{\"@type\":\"PropertyValueSpecification\",\"valueRequired\":true,\"valueName\":\"search_term_string\"}}],\"inLanguage\":\"es\"},{\"@type\":\"Organization\",\"@id\":\"https:\/\/noti-america.com\/site\/venezuela\/#organization\",\"name\":\"Noti-America LLC | Venezuela\",\"url\":\"https:\/\/noti-america.com\/site\/venezuela\/\",\"logo\":{\"@type\":\"ImageObject\",\"inLanguage\":\"es\",\"@id\":\"https:\/\/noti-america.com\/site\/venezuela\/#\/schema\/logo\/image\/\",\"url\":\"https:\/\/noti-america.com\/site\/venezuela\/wp-content\/uploads\/sites\/2\/2020\/07\/LogoNA-4x3-1.jpg\",\"contentUrl\":\"https:\/\/noti-america.com\/site\/venezuela\/wp-content\/uploads\/sites\/2\/2020\/07\/LogoNA-4x3-1.jpg\",\"width\":1236,\"height\":1080,\"caption\":\"Noti-America LLC | Venezuela\"},\"image\":{\"@id\":\"https:\/\/noti-america.com\/site\/venezuela\/#\/schema\/logo\/image\/\"}},{\"@type\":\"Person\",\"@id\":\"https:\/\/noti-america.com\/site\/venezuela\/#\/schema\/person\/376ccc7b3cc7a8d5a43c3ece07a43857\",\"name\":\"Yoelvzla\",\"image\":{\"@type\":\"ImageObject\",\"inLanguage\":\"es\",\"@id\":\"https:\/\/secure.gravatar.com\/avatar\/13a96a72123e0e9aa76fe82e8847f726c63a1c5ef6a8d0fadd844c1a5a83b212?s=96&d=mm&r=g\",\"url\":\"https:\/\/secure.gravatar.com\/avatar\/13a96a72123e0e9aa76fe82e8847f726c63a1c5ef6a8d0fadd844c1a5a83b212?s=96&d=mm&r=g\",\"contentUrl\":\"https:\/\/secure.gravatar.com\/avatar\/13a96a72123e0e9aa76fe82e8847f726c63a1c5ef6a8d0fadd844c1a5a83b212?s=96&d=mm&r=g\",\"caption\":\"Yoelvzla\"},\"url\":\"https:\/\/noti-america.com\/site\/venezuela\/author\/ydiaz\/\"}]}<\/script>\n<!-- \/ Yoast SEO Premium plugin. -->","yoast_head_json":{"title":"El Influencer Venezolano Enyerson Urdaneta Lanza Su Marca \u201cBenS\u201d de Gorras y Medias en Estados Unidos - Venezuela | Noti-America.com","robots":{"index":"index","follow":"follow","max-snippet":"max-snippet:-1","max-image-preview":"max-image-preview:large","max-video-preview":"max-video-preview:-1"},"canonical":"https:\/\/noti-america.com\/site\/venezuela\/2026\/04\/16\/el-influencer-venezolano-enyerson-urdaneta-lanza-su-marca-bens-de-gorras-y-medias-en-estados-unidos\/","og_locale":"es_ES","og_type":"article","og_title":"El Influencer Venezolano Enyerson Urdaneta Lanza Su Marca \u201cBenS\u201d de Gorras y Medias en Estados Unidos","og_description":"NOTI-AMERICA.COM | VENEZUELA El influencer venezolano Enyerson Urdaneta ha dado un paso significativo en su carrera al anunciar el lanzamiento de su nueva marca \u00abBenS\u00bb, especializada en gorras y medias. Con una propuesta fresca&#46;&#46;&#46;","og_url":"https:\/\/noti-america.com\/site\/venezuela\/2026\/04\/16\/el-influencer-venezolano-enyerson-urdaneta-lanza-su-marca-bens-de-gorras-y-medias-en-estados-unidos\/","og_site_name":"Venezuela | Noti-America.com","article_published_time":"2026-04-16T15:51:48+00:00","og_image":[{"width":1080,"height":656,"url":"https:\/\/noti-america.com\/site\/venezuela\/wp-content\/uploads\/sites\/2\/2026\/04\/WhatsApp-Image-2026-04-14-at-23.10.15.jpeg","type":"image\/jpeg"}],"author":"Yoelvzla","twitter_card":"summary_large_image","twitter_misc":{"Escrito por":"Yoelvzla","Tiempo estimado de lectura":"1 minuto"},"schema":{"@context":"https:\/\/schema.org","@graph":[{"@type":"Article","@id":"https:\/\/noti-america.com\/site\/venezuela\/2026\/04\/16\/el-influencer-venezolano-enyerson-urdaneta-lanza-su-marca-bens-de-gorras-y-medias-en-estados-unidos\/#article","isPartOf":{"@id":"https:\/\/noti-america.com\/site\/venezuela\/2026\/04\/16\/el-influencer-venezolano-enyerson-urdaneta-lanza-su-marca-bens-de-gorras-y-medias-en-estados-unidos\/"},"author":{"name":"Yoelvzla","@id":"https:\/\/noti-america.com\/site\/venezuela\/#\/schema\/person\/376ccc7b3cc7a8d5a43c3ece07a43857"},"headline":"El Influencer Venezolano Enyerson Urdaneta Lanza Su Marca \u201cBenS\u201d de Gorras y Medias en Estados Unidos","datePublished":"2026-04-16T15:51:48+00:00","mainEntityOfPage":{"@id":"https:\/\/noti-america.com\/site\/venezuela\/2026\/04\/16\/el-influencer-venezolano-enyerson-urdaneta-lanza-su-marca-bens-de-gorras-y-medias-en-estados-unidos\/"},"wordCount":184,"commentCount":0,"publisher":{"@id":"https:\/\/noti-america.com\/site\/venezuela\/#organization"},"image":{"@id":"https:\/\/noti-america.com\/site\/venezuela\/2026\/04\/16\/el-influencer-venezolano-enyerson-urdaneta-lanza-su-marca-bens-de-gorras-y-medias-en-estados-unidos\/#primaryimage"},"thumbnailUrl":"https:\/\/noti-america.com\/site\/venezuela\/wp-content\/uploads\/sites\/2\/2026\/04\/WhatsApp-Image-2026-04-14-at-23.10.15.jpeg","articleSection":["Moda"],"inLanguage":"es","potentialAction":[{"@type":"CommentAction","name":"Comment","target":["https:\/\/noti-america.com\/site\/venezuela\/2026\/04\/16\/el-influencer-venezolano-enyerson-urdaneta-lanza-su-marca-bens-de-gorras-y-medias-en-estados-unidos\/#respond"]}]},{"@type":"WebPage","@id":"https:\/\/noti-america.com\/site\/venezuela\/2026\/04\/16\/el-influencer-venezolano-enyerson-urdaneta-lanza-su-marca-bens-de-gorras-y-medias-en-estados-unidos\/","url":"https:\/\/noti-america.com\/site\/venezuela\/2026\/04\/16\/el-influencer-venezolano-enyerson-urdaneta-lanza-su-marca-bens-de-gorras-y-medias-en-estados-unidos\/","name":"El Influencer Venezolano Enyerson Urdaneta Lanza Su Marca \u201cBenS\u201d de Gorras y Medias en Estados Unidos - Venezuela | Noti-America.com","isPartOf":{"@id":"https:\/\/noti-america.com\/site\/venezuela\/#website"},"primaryImageOfPage":{"@id":"https:\/\/noti-america.com\/site\/venezuela\/2026\/04\/16\/el-influencer-venezolano-enyerson-urdaneta-lanza-su-marca-bens-de-gorras-y-medias-en-estados-unidos\/#primaryimage"},"image":{"@id":"https:\/\/noti-america.com\/site\/venezuela\/2026\/04\/16\/el-influencer-venezolano-enyerson-urdaneta-lanza-su-marca-bens-de-gorras-y-medias-en-estados-unidos\/#primaryimage"},"thumbnailUrl":"https:\/\/noti-america.com\/site\/venezuela\/wp-content\/uploads\/sites\/2\/2026\/04\/WhatsApp-Image-2026-04-14-at-23.10.15.jpeg","datePublished":"2026-04-16T15:51:48+00:00","breadcrumb":{"@id":"https:\/\/noti-america.com\/site\/venezuela\/2026\/04\/16\/el-influencer-venezolano-enyerson-urdaneta-lanza-su-marca-bens-de-gorras-y-medias-en-estados-unidos\/#breadcrumb"},"inLanguage":"es","potentialAction":[{"@type":"ReadAction","target":["https:\/\/noti-america.com\/site\/venezuela\/2026\/04\/16\/el-influencer-venezolano-enyerson-urdaneta-lanza-su-marca-bens-de-gorras-y-medias-en-estados-unidos\/"]}]},{"@type":"ImageObject","inLanguage":"es","@id":"https:\/\/noti-america.com\/site\/venezuela\/2026\/04\/16\/el-influencer-venezolano-enyerson-urdaneta-lanza-su-marca-bens-de-gorras-y-medias-en-estados-unidos\/#primaryimage","url":"https:\/\/noti-america.com\/site\/venezuela\/wp-content\/uploads\/sites\/2\/2026\/04\/WhatsApp-Image-2026-04-14-at-23.10.15.jpeg","contentUrl":"https:\/\/noti-america.com\/site\/venezuela\/wp-content\/uploads\/sites\/2\/2026\/04\/WhatsApp-Image-2026-04-14-at-23.10.15.jpeg","width":1080,"height":656},{"@type":"BreadcrumbList","@id":"https:\/\/noti-america.com\/site\/venezuela\/2026\/04\/16\/el-influencer-venezolano-enyerson-urdaneta-lanza-su-marca-bens-de-gorras-y-medias-en-estados-unidos\/#breadcrumb","itemListElement":[{"@type":"ListItem","position":1,"name":"Portada","item":"https:\/\/noti-america.com\/site\/venezuela\/"},{"@type":"ListItem","position":2,"name":"El Influencer Venezolano Enyerson Urdaneta Lanza Su Marca \u201cBenS\u201d de Gorras y Medias en Estados Unidos"}]},{"@type":"WebSite","@id":"https:\/\/noti-america.com\/site\/venezuela\/#website","url":"https:\/\/noti-america.com\/site\/venezuela\/","name":"Venezuela | Noti-America.com","description":"","publisher":{"@id":"https:\/\/noti-america.com\/site\/venezuela\/#organization"},"potentialAction":[{"@type":"SearchAction","target":{"@type":"EntryPoint","urlTemplate":"https:\/\/noti-america.com\/site\/venezuela\/?s={search_term_string}"},"query-input":{"@type":"PropertyValueSpecification","valueRequired":true,"valueName":"search_term_string"}}],"inLanguage":"es"},{"@type":"Organization","@id":"https:\/\/noti-america.com\/site\/venezuela\/#organization","name":"Noti-America LLC | Venezuela","url":"https:\/\/noti-america.com\/site\/venezuela\/","logo":{"@type":"ImageObject","inLanguage":"es","@id":"https:\/\/noti-america.com\/site\/venezuela\/#\/schema\/logo\/image\/","url":"https:\/\/noti-america.com\/site\/venezuela\/wp-content\/uploads\/sites\/2\/2020\/07\/LogoNA-4x3-1.jpg","contentUrl":"https:\/\/noti-america.com\/site\/venezuela\/wp-content\/uploads\/sites\/2\/2020\/07\/LogoNA-4x3-1.jpg","width":1236,"height":1080,"caption":"Noti-America LLC | Venezuela"},"image":{"@id":"https:\/\/noti-america.com\/site\/venezuela\/#\/schema\/logo\/image\/"}},{"@type":"Person","@id":"https:\/\/noti-america.com\/site\/venezuela\/#\/schema\/person\/376ccc7b3cc7a8d5a43c3ece07a43857","name":"Yoelvzla","image":{"@type":"ImageObject","inLanguage":"es","@id":"https:\/\/secure.gravatar.com\/avatar\/13a96a72123e0e9aa76fe82e8847f726c63a1c5ef6a8d0fadd844c1a5a83b212?s=96&d=mm&r=g","url":"https:\/\/secure.gravatar.com\/avatar\/13a96a72123e0e9aa76fe82e8847f726c63a1c5ef6a8d0fadd844c1a5a83b212?s=96&d=mm&r=g","contentUrl":"https:\/\/secure.gravatar.com\/avatar\/13a96a72123e0e9aa76fe82e8847f726c63a1c5ef6a8d0fadd844c1a5a83b212?s=96&d=mm&r=g","caption":"Yoelvzla"},"url":"https:\/\/noti-america.com\/site\/venezuela\/author\/ydiaz\/"}]}},"_links":{"self":[{"href":"https:\/\/noti-america.com\/site\/venezuela\/wp-json\/wp\/v2\/posts\/52913","targetHints":{"allow":["GET"]}}],"collection":[{"href":"https:\/\/noti-america.com\/site\/venezuela\/wp-json\/wp\/v2\/posts"}],"about":[{"href":"https:\/\/noti-america.com\/site\/venezuela\/wp-json\/wp\/v2\/types\/post"}],"author":[{"embeddable":true,"href":"https:\/\/noti-america.com\/site\/venezuela\/wp-json\/wp\/v2\/users\/127"}],"replies":[{"embeddable":true,"href":"https:\/\/noti-america.com\/site\/venezuela\/wp-json\/wp\/v2\/comments?post=52913"}],"version-history":[{"count":1,"href":"https:\/\/noti-america.com\/site\/venezuela\/wp-json\/wp\/v2\/posts\/52913\/revisions"}],"predecessor-version":[{"id":52915,"href":"https:\/\/noti-america.com\/site\/venezuela\/wp-json\/wp\/v2\/posts\/52913\/revisions\/52915"}],"wp:featuredmedia":[{"embeddable":true,"href":"https:\/\/noti-america.com\/site\/venezuela\/wp-json\/wp\/v2\/media\/52914"}],"wp:attachment":[{"href":"https:\/\/noti-america.com\/site\/venezuela\/wp-json\/wp\/v2\/media?parent=52913"}],"wp:term":[{"taxonomy":"category","embeddable":true,"href":"https:\/\/noti-america.com\/site\/venezuela\/wp-json\/wp\/v2\/categories?post=52913"},{"taxonomy":"post_tag","embeddable":true,"href":"https:\/\/noti-america.com\/site\/venezuela\/wp-json\/wp\/v2\/tags?post=52913"}],"curies":[{"name":"wp","href":"https:\/\/api.w.org\/{rel}","templated":true}]}}