{"id":52020,"date":"2026-03-14T15:42:19","date_gmt":"2026-03-14T15:42:19","guid":{"rendered":"https:\/\/noti-america.com\/site\/venezuela\/?p=52020"},"modified":"2026-03-14T15:44:26","modified_gmt":"2026-03-14T15:44:26","slug":"yoel-diaz-aterriza-en-la-perla-del-caribe-para-proyectar-lo-mejor-del-turismo-nacional","status":"publish","type":"post","link":"https:\/\/noti-america.com\/site\/venezuela\/2026\/03\/14\/yoel-diaz-aterriza-en-la-perla-del-caribe-para-proyectar-lo-mejor-del-turismo-nacional\/","title":{"rendered":"Yoel D\u00edaz aterriza en la Perla del Caribe para proyectar lo mejor del turismo nacional"},"content":{"rendered":"<p><strong>NOTI-AMERICA.COM | VENEZUELA\u00a0<\/strong><\/p>\n<p>El destacado periodista viajero, locutor de Difusi\u00f3n Latina y piloto privado, Yoel D\u00edaz, lleg\u00f3 a la isla de Margarita con el objetivo de resaltar la importancia del turismo en este hermoso destino caribe\u00f1o. Su visita, en colaboraci\u00f3n con Venezolana de Aviaci\u00f3n, busc\u00f3 inspirar a los viajeros a descubrir las maravillas que ofrece la perla del Caribe.<\/p>\n<p>A lo largo de su estancia, Yoel D\u00edaz comparti\u00f3 su experiencia en redes sociales y en su programa de radio, destacando la riqueza natural y cultural de Margarita. Su enfoque se centr\u00f3 en mostrar no solo las atractivas playas y paisajes, sino tambi\u00e9n la calidez de su gente y la diversidad de actividades que la isla ofrec\u00eda a los visitantes.<\/p>\n<p>D\u00edaz estuvo acompa\u00f1ado por sus aliados comerciales, incluyendo el restaurante <strong>\u201cLa Mar Margarita\u201d<\/strong>, que se destac\u00f3 por su deliciosa gastronom\u00eda marina, y \u201cMargarita Island\u201d, responsable de facilitar su movilidad en la isla a trav\u00e9s de un servicio de alquiler de veh\u00edculos. Esta colaboraci\u00f3n le permiti\u00f3 explorar a fondo los encantos de Margarita y compartir sus descubrimientos con su audiencia.<\/p>\n<p>Entre los destinos que Yoel visit\u00f3 se encontraban Playa El Agua, conocida por su belleza esc\u00e9nica; La Asunci\u00f3n, la capital de Nueva Esparta, rica en historia y cultura; y el Parque Nacional La Restinga, un para\u00edso natural que invitaba a la exploraci\u00f3n. Cada uno de estos lugares represent\u00f3 una oportunidad para resaltar el potencial tur\u00edstico de la isla y atraer a m\u00e1s visitantes.<\/p>\n<p>Yoel D\u00edaz enfatiz\u00f3 la importancia de reactivar el turismo en Margarita y promover la isla como un destino seguro y atractivo. \u00abMargarita es un lugar lleno de encanto y posibilidades. Invito a todos a descubrir lo que esta hermosa isla tiene para ofrecer\u00bb, afirm\u00f3. Su mensaje busc\u00f3 no solo atraer turistas, sino tambi\u00e9n generar un sentido de orgullo entre los venezolanos por su patrimonio cultural y natural.<\/p>\n<p>La colaboraci\u00f3n entre Yoel D\u00edaz, Venezolana de Aviaci\u00f3n, \u201cLa Mar Margarita\u201d y \u201cMargarita Island\u201d tuvo como objetivo fomentar el turismo y generar un sentido de orgullo por la riqueza cultural y natural de Venezuela. Con esta iniciativa, se espera que m\u00e1s personas se sientan motivadas a visitar Margarita y disfrutar de todo lo que esta maravillosa isla tiene para ofrecer.<\/p>\n","protected":false},"excerpt":{"rendered":"<p>NOTI-AMERICA.COM | VENEZUELA\u00a0 El destacado periodista viajero, locutor de Difusi\u00f3n Latina y piloto privado, Yoel D\u00edaz, lleg\u00f3 a la isla de Margarita con el objetivo de resaltar la importancia del turismo en este hermoso&#46;&#46;&#46;<\/p>\n","protected":false},"author":127,"featured_media":52019,"comment_status":"open","ping_status":"open","sticky":false,"template":"","format":"image","meta":{"_acf_changed":false,"om_disable_all_campaigns":false,"rop_custom_images_group":[],"rop_custom_messages_group":[],"rop_publish_now":"initial","rop_publish_now_accounts":{"twitter_242054905_242054905":""},"rop_publish_now_history":[],"rop_publish_now_status":"pending","_uf_show_specific_survey":0,"_uf_disable_surveys":false,"footnotes":""},"categories":[8],"tags":[],"class_list":["post-52020","post","type-post","status-publish","format-image","has-post-thumbnail","hentry","category-arte-y-espectaculos","post_format-post-format-image"],"acf":[],"aioseo_notices":[],"yoast_head":"<!-- This site is optimized with the Yoast SEO Premium plugin v24.9 (Yoast SEO v27.2) - https:\/\/yoast.com\/product\/yoast-seo-premium-wordpress\/ -->\n<title>Yoel D\u00edaz aterriza en la Perla del Caribe para proyectar lo mejor del turismo nacional - Venezuela | Noti-America.com<\/title>\n<meta name=\"robots\" content=\"index, follow, max-snippet:-1, max-image-preview:large, max-video-preview:-1\" \/>\n<link rel=\"canonical\" href=\"https:\/\/noti-america.com\/site\/venezuela\/2026\/03\/14\/yoel-diaz-aterriza-en-la-perla-del-caribe-para-proyectar-lo-mejor-del-turismo-nacional\/\" \/>\n<meta property=\"og:locale\" content=\"es_ES\" \/>\n<meta property=\"og:type\" content=\"article\" \/>\n<meta property=\"og:title\" content=\"Yoel D\u00edaz aterriza en la Perla del Caribe para proyectar lo mejor del turismo nacional\" \/>\n<meta property=\"og:description\" content=\"NOTI-AMERICA.COM | VENEZUELA\u00a0 El destacado periodista viajero, locutor de Difusi\u00f3n Latina y piloto privado, Yoel D\u00edaz, lleg\u00f3 a la isla de Margarita con el objetivo de resaltar la importancia del turismo en este hermoso&#046;&#046;&#046;\" \/>\n<meta property=\"og:url\" content=\"https:\/\/noti-america.com\/site\/venezuela\/2026\/03\/14\/yoel-diaz-aterriza-en-la-perla-del-caribe-para-proyectar-lo-mejor-del-turismo-nacional\/\" \/>\n<meta property=\"og:site_name\" content=\"Venezuela | Noti-America.com\" \/>\n<meta property=\"article:published_time\" content=\"2026-03-14T15:42:19+00:00\" \/>\n<meta property=\"article:modified_time\" content=\"2026-03-14T15:44:26+00:00\" \/>\n<meta property=\"og:image\" content=\"https:\/\/noti-america.com\/site\/venezuela\/wp-content\/uploads\/sites\/2\/2026\/03\/Sin-titulo1.jpg\" \/>\n\t<meta property=\"og:image:width\" content=\"1111\" \/>\n\t<meta property=\"og:image:height\" content=\"676\" \/>\n\t<meta property=\"og:image:type\" content=\"image\/jpeg\" \/>\n<meta name=\"author\" content=\"Yoelvzla\" \/>\n<meta name=\"twitter:card\" content=\"summary_large_image\" \/>\n<meta name=\"twitter:label1\" content=\"Escrito por\" \/>\n\t<meta name=\"twitter:data1\" content=\"Yoelvzla\" \/>\n\t<meta name=\"twitter:label2\" content=\"Tiempo estimado de lectura\" \/>\n\t<meta name=\"twitter:data2\" content=\"2 minutos\" \/>\n<script type=\"application\/ld+json\" class=\"yoast-schema-graph\">{\"@context\":\"https:\/\/schema.org\",\"@graph\":[{\"@type\":\"Article\",\"@id\":\"https:\/\/noti-america.com\/site\/venezuela\/2026\/03\/14\/yoel-diaz-aterriza-en-la-perla-del-caribe-para-proyectar-lo-mejor-del-turismo-nacional\/#article\",\"isPartOf\":{\"@id\":\"https:\/\/noti-america.com\/site\/venezuela\/2026\/03\/14\/yoel-diaz-aterriza-en-la-perla-del-caribe-para-proyectar-lo-mejor-del-turismo-nacional\/\"},\"author\":{\"name\":\"Yoelvzla\",\"@id\":\"https:\/\/noti-america.com\/site\/venezuela\/#\/schema\/person\/376ccc7b3cc7a8d5a43c3ece07a43857\"},\"headline\":\"Yoel D\u00edaz aterriza en la Perla del Caribe para proyectar lo mejor del turismo nacional\",\"datePublished\":\"2026-03-14T15:42:19+00:00\",\"dateModified\":\"2026-03-14T15:44:26+00:00\",\"mainEntityOfPage\":{\"@id\":\"https:\/\/noti-america.com\/site\/venezuela\/2026\/03\/14\/yoel-diaz-aterriza-en-la-perla-del-caribe-para-proyectar-lo-mejor-del-turismo-nacional\/\"},\"wordCount\":410,\"commentCount\":0,\"publisher\":{\"@id\":\"https:\/\/noti-america.com\/site\/venezuela\/#organization\"},\"image\":{\"@id\":\"https:\/\/noti-america.com\/site\/venezuela\/2026\/03\/14\/yoel-diaz-aterriza-en-la-perla-del-caribe-para-proyectar-lo-mejor-del-turismo-nacional\/#primaryimage\"},\"thumbnailUrl\":\"https:\/\/noti-america.com\/site\/venezuela\/wp-content\/uploads\/sites\/2\/2026\/03\/Sin-titulo1.jpg\",\"articleSection\":[\"Arte y Espect\u00e1culos\"],\"inLanguage\":\"es\",\"potentialAction\":[{\"@type\":\"CommentAction\",\"name\":\"Comment\",\"target\":[\"https:\/\/noti-america.com\/site\/venezuela\/2026\/03\/14\/yoel-diaz-aterriza-en-la-perla-del-caribe-para-proyectar-lo-mejor-del-turismo-nacional\/#respond\"]}]},{\"@type\":\"WebPage\",\"@id\":\"https:\/\/noti-america.com\/site\/venezuela\/2026\/03\/14\/yoel-diaz-aterriza-en-la-perla-del-caribe-para-proyectar-lo-mejor-del-turismo-nacional\/\",\"url\":\"https:\/\/noti-america.com\/site\/venezuela\/2026\/03\/14\/yoel-diaz-aterriza-en-la-perla-del-caribe-para-proyectar-lo-mejor-del-turismo-nacional\/\",\"name\":\"Yoel D\u00edaz aterriza en la Perla del Caribe para proyectar lo mejor del turismo nacional - Venezuela | Noti-America.com\",\"isPartOf\":{\"@id\":\"https:\/\/noti-america.com\/site\/venezuela\/#website\"},\"primaryImageOfPage\":{\"@id\":\"https:\/\/noti-america.com\/site\/venezuela\/2026\/03\/14\/yoel-diaz-aterriza-en-la-perla-del-caribe-para-proyectar-lo-mejor-del-turismo-nacional\/#primaryimage\"},\"image\":{\"@id\":\"https:\/\/noti-america.com\/site\/venezuela\/2026\/03\/14\/yoel-diaz-aterriza-en-la-perla-del-caribe-para-proyectar-lo-mejor-del-turismo-nacional\/#primaryimage\"},\"thumbnailUrl\":\"https:\/\/noti-america.com\/site\/venezuela\/wp-content\/uploads\/sites\/2\/2026\/03\/Sin-titulo1.jpg\",\"datePublished\":\"2026-03-14T15:42:19+00:00\",\"dateModified\":\"2026-03-14T15:44:26+00:00\",\"breadcrumb\":{\"@id\":\"https:\/\/noti-america.com\/site\/venezuela\/2026\/03\/14\/yoel-diaz-aterriza-en-la-perla-del-caribe-para-proyectar-lo-mejor-del-turismo-nacional\/#breadcrumb\"},\"inLanguage\":\"es\",\"potentialAction\":[{\"@type\":\"ReadAction\",\"target\":[\"https:\/\/noti-america.com\/site\/venezuela\/2026\/03\/14\/yoel-diaz-aterriza-en-la-perla-del-caribe-para-proyectar-lo-mejor-del-turismo-nacional\/\"]}]},{\"@type\":\"ImageObject\",\"inLanguage\":\"es\",\"@id\":\"https:\/\/noti-america.com\/site\/venezuela\/2026\/03\/14\/yoel-diaz-aterriza-en-la-perla-del-caribe-para-proyectar-lo-mejor-del-turismo-nacional\/#primaryimage\",\"url\":\"https:\/\/noti-america.com\/site\/venezuela\/wp-content\/uploads\/sites\/2\/2026\/03\/Sin-titulo1.jpg\",\"contentUrl\":\"https:\/\/noti-america.com\/site\/venezuela\/wp-content\/uploads\/sites\/2\/2026\/03\/Sin-titulo1.jpg\",\"width\":1111,\"height\":676},{\"@type\":\"BreadcrumbList\",\"@id\":\"https:\/\/noti-america.com\/site\/venezuela\/2026\/03\/14\/yoel-diaz-aterriza-en-la-perla-del-caribe-para-proyectar-lo-mejor-del-turismo-nacional\/#breadcrumb\",\"itemListElement\":[{\"@type\":\"ListItem\",\"position\":1,\"name\":\"Portada\",\"item\":\"https:\/\/noti-america.com\/site\/venezuela\/\"},{\"@type\":\"ListItem\",\"position\":2,\"name\":\"Yoel D\u00edaz aterriza en la Perla del Caribe para proyectar lo mejor del turismo nacional\"}]},{\"@type\":\"WebSite\",\"@id\":\"https:\/\/noti-america.com\/site\/venezuela\/#website\",\"url\":\"https:\/\/noti-america.com\/site\/venezuela\/\",\"name\":\"Venezuela | Noti-America.com\",\"description\":\"\",\"publisher\":{\"@id\":\"https:\/\/noti-america.com\/site\/venezuela\/#organization\"},\"potentialAction\":[{\"@type\":\"SearchAction\",\"target\":{\"@type\":\"EntryPoint\",\"urlTemplate\":\"https:\/\/noti-america.com\/site\/venezuela\/?s={search_term_string}\"},\"query-input\":{\"@type\":\"PropertyValueSpecification\",\"valueRequired\":true,\"valueName\":\"search_term_string\"}}],\"inLanguage\":\"es\"},{\"@type\":\"Organization\",\"@id\":\"https:\/\/noti-america.com\/site\/venezuela\/#organization\",\"name\":\"Noti-America LLC | Venezuela\",\"url\":\"https:\/\/noti-america.com\/site\/venezuela\/\",\"logo\":{\"@type\":\"ImageObject\",\"inLanguage\":\"es\",\"@id\":\"https:\/\/noti-america.com\/site\/venezuela\/#\/schema\/logo\/image\/\",\"url\":\"https:\/\/noti-america.com\/site\/venezuela\/wp-content\/uploads\/sites\/2\/2020\/07\/LogoNA-4x3-1.jpg\",\"contentUrl\":\"https:\/\/noti-america.com\/site\/venezuela\/wp-content\/uploads\/sites\/2\/2020\/07\/LogoNA-4x3-1.jpg\",\"width\":1236,\"height\":1080,\"caption\":\"Noti-America LLC | Venezuela\"},\"image\":{\"@id\":\"https:\/\/noti-america.com\/site\/venezuela\/#\/schema\/logo\/image\/\"}},{\"@type\":\"Person\",\"@id\":\"https:\/\/noti-america.com\/site\/venezuela\/#\/schema\/person\/376ccc7b3cc7a8d5a43c3ece07a43857\",\"name\":\"Yoelvzla\",\"image\":{\"@type\":\"ImageObject\",\"inLanguage\":\"es\",\"@id\":\"https:\/\/secure.gravatar.com\/avatar\/13a96a72123e0e9aa76fe82e8847f726c63a1c5ef6a8d0fadd844c1a5a83b212?s=96&d=mm&r=g\",\"url\":\"https:\/\/secure.gravatar.com\/avatar\/13a96a72123e0e9aa76fe82e8847f726c63a1c5ef6a8d0fadd844c1a5a83b212?s=96&d=mm&r=g\",\"contentUrl\":\"https:\/\/secure.gravatar.com\/avatar\/13a96a72123e0e9aa76fe82e8847f726c63a1c5ef6a8d0fadd844c1a5a83b212?s=96&d=mm&r=g\",\"caption\":\"Yoelvzla\"},\"url\":\"https:\/\/noti-america.com\/site\/venezuela\/author\/ydiaz\/\"}]}<\/script>\n<!-- \/ Yoast SEO Premium plugin. -->","yoast_head_json":{"title":"Yoel D\u00edaz aterriza en la Perla del Caribe para proyectar lo mejor del turismo nacional - Venezuela | Noti-America.com","robots":{"index":"index","follow":"follow","max-snippet":"max-snippet:-1","max-image-preview":"max-image-preview:large","max-video-preview":"max-video-preview:-1"},"canonical":"https:\/\/noti-america.com\/site\/venezuela\/2026\/03\/14\/yoel-diaz-aterriza-en-la-perla-del-caribe-para-proyectar-lo-mejor-del-turismo-nacional\/","og_locale":"es_ES","og_type":"article","og_title":"Yoel D\u00edaz aterriza en la Perla del Caribe para proyectar lo mejor del turismo nacional","og_description":"NOTI-AMERICA.COM | VENEZUELA\u00a0 El destacado periodista viajero, locutor de Difusi\u00f3n Latina y piloto privado, Yoel D\u00edaz, lleg\u00f3 a la isla de Margarita con el objetivo de resaltar la importancia del turismo en este hermoso&#46;&#46;&#46;","og_url":"https:\/\/noti-america.com\/site\/venezuela\/2026\/03\/14\/yoel-diaz-aterriza-en-la-perla-del-caribe-para-proyectar-lo-mejor-del-turismo-nacional\/","og_site_name":"Venezuela | Noti-America.com","article_published_time":"2026-03-14T15:42:19+00:00","article_modified_time":"2026-03-14T15:44:26+00:00","og_image":[{"width":1111,"height":676,"url":"https:\/\/noti-america.com\/site\/venezuela\/wp-content\/uploads\/sites\/2\/2026\/03\/Sin-titulo1.jpg","type":"image\/jpeg"}],"author":"Yoelvzla","twitter_card":"summary_large_image","twitter_misc":{"Escrito por":"Yoelvzla","Tiempo estimado de lectura":"2 minutos"},"schema":{"@context":"https:\/\/schema.org","@graph":[{"@type":"Article","@id":"https:\/\/noti-america.com\/site\/venezuela\/2026\/03\/14\/yoel-diaz-aterriza-en-la-perla-del-caribe-para-proyectar-lo-mejor-del-turismo-nacional\/#article","isPartOf":{"@id":"https:\/\/noti-america.com\/site\/venezuela\/2026\/03\/14\/yoel-diaz-aterriza-en-la-perla-del-caribe-para-proyectar-lo-mejor-del-turismo-nacional\/"},"author":{"name":"Yoelvzla","@id":"https:\/\/noti-america.com\/site\/venezuela\/#\/schema\/person\/376ccc7b3cc7a8d5a43c3ece07a43857"},"headline":"Yoel D\u00edaz aterriza en la Perla del Caribe para proyectar lo mejor del turismo nacional","datePublished":"2026-03-14T15:42:19+00:00","dateModified":"2026-03-14T15:44:26+00:00","mainEntityOfPage":{"@id":"https:\/\/noti-america.com\/site\/venezuela\/2026\/03\/14\/yoel-diaz-aterriza-en-la-perla-del-caribe-para-proyectar-lo-mejor-del-turismo-nacional\/"},"wordCount":410,"commentCount":0,"publisher":{"@id":"https:\/\/noti-america.com\/site\/venezuela\/#organization"},"image":{"@id":"https:\/\/noti-america.com\/site\/venezuela\/2026\/03\/14\/yoel-diaz-aterriza-en-la-perla-del-caribe-para-proyectar-lo-mejor-del-turismo-nacional\/#primaryimage"},"thumbnailUrl":"https:\/\/noti-america.com\/site\/venezuela\/wp-content\/uploads\/sites\/2\/2026\/03\/Sin-titulo1.jpg","articleSection":["Arte y Espect\u00e1culos"],"inLanguage":"es","potentialAction":[{"@type":"CommentAction","name":"Comment","target":["https:\/\/noti-america.com\/site\/venezuela\/2026\/03\/14\/yoel-diaz-aterriza-en-la-perla-del-caribe-para-proyectar-lo-mejor-del-turismo-nacional\/#respond"]}]},{"@type":"WebPage","@id":"https:\/\/noti-america.com\/site\/venezuela\/2026\/03\/14\/yoel-diaz-aterriza-en-la-perla-del-caribe-para-proyectar-lo-mejor-del-turismo-nacional\/","url":"https:\/\/noti-america.com\/site\/venezuela\/2026\/03\/14\/yoel-diaz-aterriza-en-la-perla-del-caribe-para-proyectar-lo-mejor-del-turismo-nacional\/","name":"Yoel D\u00edaz aterriza en la Perla del Caribe para proyectar lo mejor del turismo nacional - Venezuela | Noti-America.com","isPartOf":{"@id":"https:\/\/noti-america.com\/site\/venezuela\/#website"},"primaryImageOfPage":{"@id":"https:\/\/noti-america.com\/site\/venezuela\/2026\/03\/14\/yoel-diaz-aterriza-en-la-perla-del-caribe-para-proyectar-lo-mejor-del-turismo-nacional\/#primaryimage"},"image":{"@id":"https:\/\/noti-america.com\/site\/venezuela\/2026\/03\/14\/yoel-diaz-aterriza-en-la-perla-del-caribe-para-proyectar-lo-mejor-del-turismo-nacional\/#primaryimage"},"thumbnailUrl":"https:\/\/noti-america.com\/site\/venezuela\/wp-content\/uploads\/sites\/2\/2026\/03\/Sin-titulo1.jpg","datePublished":"2026-03-14T15:42:19+00:00","dateModified":"2026-03-14T15:44:26+00:00","breadcrumb":{"@id":"https:\/\/noti-america.com\/site\/venezuela\/2026\/03\/14\/yoel-diaz-aterriza-en-la-perla-del-caribe-para-proyectar-lo-mejor-del-turismo-nacional\/#breadcrumb"},"inLanguage":"es","potentialAction":[{"@type":"ReadAction","target":["https:\/\/noti-america.com\/site\/venezuela\/2026\/03\/14\/yoel-diaz-aterriza-en-la-perla-del-caribe-para-proyectar-lo-mejor-del-turismo-nacional\/"]}]},{"@type":"ImageObject","inLanguage":"es","@id":"https:\/\/noti-america.com\/site\/venezuela\/2026\/03\/14\/yoel-diaz-aterriza-en-la-perla-del-caribe-para-proyectar-lo-mejor-del-turismo-nacional\/#primaryimage","url":"https:\/\/noti-america.com\/site\/venezuela\/wp-content\/uploads\/sites\/2\/2026\/03\/Sin-titulo1.jpg","contentUrl":"https:\/\/noti-america.com\/site\/venezuela\/wp-content\/uploads\/sites\/2\/2026\/03\/Sin-titulo1.jpg","width":1111,"height":676},{"@type":"BreadcrumbList","@id":"https:\/\/noti-america.com\/site\/venezuela\/2026\/03\/14\/yoel-diaz-aterriza-en-la-perla-del-caribe-para-proyectar-lo-mejor-del-turismo-nacional\/#breadcrumb","itemListElement":[{"@type":"ListItem","position":1,"name":"Portada","item":"https:\/\/noti-america.com\/site\/venezuela\/"},{"@type":"ListItem","position":2,"name":"Yoel D\u00edaz aterriza en la Perla del Caribe para proyectar lo mejor del turismo nacional"}]},{"@type":"WebSite","@id":"https:\/\/noti-america.com\/site\/venezuela\/#website","url":"https:\/\/noti-america.com\/site\/venezuela\/","name":"Venezuela | Noti-America.com","description":"","publisher":{"@id":"https:\/\/noti-america.com\/site\/venezuela\/#organization"},"potentialAction":[{"@type":"SearchAction","target":{"@type":"EntryPoint","urlTemplate":"https:\/\/noti-america.com\/site\/venezuela\/?s={search_term_string}"},"query-input":{"@type":"PropertyValueSpecification","valueRequired":true,"valueName":"search_term_string"}}],"inLanguage":"es"},{"@type":"Organization","@id":"https:\/\/noti-america.com\/site\/venezuela\/#organization","name":"Noti-America LLC | Venezuela","url":"https:\/\/noti-america.com\/site\/venezuela\/","logo":{"@type":"ImageObject","inLanguage":"es","@id":"https:\/\/noti-america.com\/site\/venezuela\/#\/schema\/logo\/image\/","url":"https:\/\/noti-america.com\/site\/venezuela\/wp-content\/uploads\/sites\/2\/2020\/07\/LogoNA-4x3-1.jpg","contentUrl":"https:\/\/noti-america.com\/site\/venezuela\/wp-content\/uploads\/sites\/2\/2020\/07\/LogoNA-4x3-1.jpg","width":1236,"height":1080,"caption":"Noti-America LLC | Venezuela"},"image":{"@id":"https:\/\/noti-america.com\/site\/venezuela\/#\/schema\/logo\/image\/"}},{"@type":"Person","@id":"https:\/\/noti-america.com\/site\/venezuela\/#\/schema\/person\/376ccc7b3cc7a8d5a43c3ece07a43857","name":"Yoelvzla","image":{"@type":"ImageObject","inLanguage":"es","@id":"https:\/\/secure.gravatar.com\/avatar\/13a96a72123e0e9aa76fe82e8847f726c63a1c5ef6a8d0fadd844c1a5a83b212?s=96&d=mm&r=g","url":"https:\/\/secure.gravatar.com\/avatar\/13a96a72123e0e9aa76fe82e8847f726c63a1c5ef6a8d0fadd844c1a5a83b212?s=96&d=mm&r=g","contentUrl":"https:\/\/secure.gravatar.com\/avatar\/13a96a72123e0e9aa76fe82e8847f726c63a1c5ef6a8d0fadd844c1a5a83b212?s=96&d=mm&r=g","caption":"Yoelvzla"},"url":"https:\/\/noti-america.com\/site\/venezuela\/author\/ydiaz\/"}]}},"_links":{"self":[{"href":"https:\/\/noti-america.com\/site\/venezuela\/wp-json\/wp\/v2\/posts\/52020","targetHints":{"allow":["GET"]}}],"collection":[{"href":"https:\/\/noti-america.com\/site\/venezuela\/wp-json\/wp\/v2\/posts"}],"about":[{"href":"https:\/\/noti-america.com\/site\/venezuela\/wp-json\/wp\/v2\/types\/post"}],"author":[{"embeddable":true,"href":"https:\/\/noti-america.com\/site\/venezuela\/wp-json\/wp\/v2\/users\/127"}],"replies":[{"embeddable":true,"href":"https:\/\/noti-america.com\/site\/venezuela\/wp-json\/wp\/v2\/comments?post=52020"}],"version-history":[{"count":3,"href":"https:\/\/noti-america.com\/site\/venezuela\/wp-json\/wp\/v2\/posts\/52020\/revisions"}],"predecessor-version":[{"id":52023,"href":"https:\/\/noti-america.com\/site\/venezuela\/wp-json\/wp\/v2\/posts\/52020\/revisions\/52023"}],"wp:featuredmedia":[{"embeddable":true,"href":"https:\/\/noti-america.com\/site\/venezuela\/wp-json\/wp\/v2\/media\/52019"}],"wp:attachment":[{"href":"https:\/\/noti-america.com\/site\/venezuela\/wp-json\/wp\/v2\/media?parent=52020"}],"wp:term":[{"taxonomy":"category","embeddable":true,"href":"https:\/\/noti-america.com\/site\/venezuela\/wp-json\/wp\/v2\/categories?post=52020"},{"taxonomy":"post_tag","embeddable":true,"href":"https:\/\/noti-america.com\/site\/venezuela\/wp-json\/wp\/v2\/tags?post=52020"}],"curies":[{"name":"wp","href":"https:\/\/api.w.org\/{rel}","templated":true}]}}