{"id":51719,"date":"2026-03-05T14:02:00","date_gmt":"2026-03-05T14:02:00","guid":{"rendered":"https:\/\/noti-america.com\/site\/venezuela\/2026\/03\/05\/dunk-y-egg-regresan-todo-lo-que-sabemos-sobre-la-temporada-2-de-el-caballero-de-los-siete-reinos\/"},"modified":"2026-03-05T14:02:03","modified_gmt":"2026-03-05T14:02:03","slug":"dunk-y-egg-regresan-todo-lo-que-sabemos-sobre-la-temporada-2-de-el-caballero-de-los-siete-reinos","status":"publish","type":"post","link":"https:\/\/noti-america.com\/site\/venezuela\/2026\/03\/05\/dunk-y-egg-regresan-todo-lo-que-sabemos-sobre-la-temporada-2-de-el-caballero-de-los-siete-reinos\/","title":{"rendered":"Dunk y Egg regresan: Todo lo que sabemos sobre la temporada 2 de El Caballero de los Siete Reinos"},"content":{"rendered":"<h2 dir=\"ltr\" style=\"text-align: justify\"><img loading=\"lazy\" decoding=\"async\" class=\"size-full wp-image-51720 aligncenter\" src=\"https:\/\/noti-america.com\/site\/venezuela\/wp-content\/uploads\/sites\/2\/2026\/03\/IMG_20260305_095550.jpg\" alt=\"\" width=\"941\" height=\"647\" srcset=\"https:\/\/noti-america.com\/site\/venezuela\/wp-content\/uploads\/sites\/2\/2026\/03\/IMG_20260305_095550.jpg 941w, https:\/\/noti-america.com\/site\/venezuela\/wp-content\/uploads\/sites\/2\/2026\/03\/IMG_20260305_095550-300x206.jpg 300w, https:\/\/noti-america.com\/site\/venezuela\/wp-content\/uploads\/sites\/2\/2026\/03\/IMG_20260305_095550-768x528.jpg 768w\" sizes=\"auto, (max-width: 941px) 100vw, 941px\" \/><\/h2>\n<p dir=\"ltr\" style=\"text-align: justify\">\u200b<b>Tras el aclamado cierre de su primera entrega en febrero, la precuela de <\/b><i><b>Juego de Tronos<\/b><\/i><b> ya est\u00e1 en producci\u00f3n. Nuevos fichajes estelares y un rodaje en Espa\u00f1a marcar\u00e1n la adaptaci\u00f3n de \u00abLa Espada Leal\u00bb.<\/b><\/p>\n<p dir=\"ltr\" style=\"text-align: justify\">El universo de Poniente no descansa. Apenas unas semanas despu\u00e9s de que la primera temporada de <b><i>El Caballero de los Siete Reinos<\/i><\/b> (<i>A Knight of the Seven Kingdoms<\/i>) conquistara a la cr\u00edtica por su tono m\u00e1s \u00edntimo y aventurero, HBO ha confirmado que la segunda temporada ya se encuentra en fase de rodaje.<\/p>\n<p dir=\"ltr\" style=\"text-align: justify\">\u200bEsta nueva entrega adaptar\u00e1 la segunda novela corta de George R.R. Martin, <b>\u00abLa Espada Leal\u00bb<\/b> (<i>The Sworn Sword<\/i>), y promete mantener el formato de seis episodios que tan buenos resultados dio en su debut.<\/p>\n<h3 dir=\"ltr\" style=\"text-align: justify\">\u200b<b>Nuevos rostros para una tierra en sequ\u00eda<\/b><\/h3>\n<p dir=\"ltr\" style=\"text-align: justify\">\u200bLa producci\u00f3n ha anunciado recientemente tres incorporaciones clave que dar\u00e1n vida a los personajes m\u00e1s esperados por los lectores de la saga:<\/p>\n<ul style=\"text-align: justify\">\n<li dir=\"ltr\" style=\"text-align: justify\">\u200b<b>Lucy Boynton<\/b> (<i>Bohemian Rhapsody<\/i>): Interpretar\u00e1 a la enigm\u00e1tica <b>Lady Rohanne Webber<\/b>, conocida como la \u00abViuda Escarlata\u00bb, una noble astuta atrapada en una disputa de tierras.<\/li>\n<li dir=\"ltr\" style=\"text-align: justify\">\u200b<b>Peter Mullan<\/b> (<i>The Rings of Power<\/i>): Dar\u00e1 vida a <b>Ser Eustace Osgrey<\/b>, un viejo caballero con un pasado ligado a las rebeliones Fuegoscuro al que Dunk jurar\u00e1 su espada.<\/li>\n<li dir=\"ltr\" style=\"text-align: justify\">\u200b<b>Babou Ceesay<\/b> (<i>Alien: Earth<\/i>): Se une como <b>Ser Bennis del Escudo Marr\u00f3n<\/b>, un rudo caballero errante cuyas costumbres contrastan con el honor de nuestro protagonista.<\/li>\n<\/ul>\n<h3 dir=\"ltr\" style=\"text-align: justify\">\u200b<b>Rumbo a Espa\u00f1a: En busca de \u00abpastos m\u00e1s secos\u00bb<\/b><\/h3>\n<p dir=\"ltr\" style=\"text-align: justify\">\u200bUna de las grandes novedades de esta temporada es el cambio de escenario. Mientras que la primera temporada se centr\u00f3 en los verdes campos de Ashford (rodados en Irlanda), la trama de <i>La Espada Leal<\/i> ocurre durante una <b>devastadora sequ\u00eda en El Dominio<\/b>.<\/p>\n<p dir=\"ltr\" style=\"text-align: justify\">\u200bEl <i>showrunner<\/i> <b>Ira Parker<\/b> ha confirmado que, aunque los interiores se mantendr\u00e1n en los Titanic Studios de Belfast, el equipo se trasladar\u00e1 a <b>Espa\u00f1a<\/b> para filmar los exteriores. Las \u00e1ridas llanuras espa\u00f1olas servir\u00e1n para representar el paisaje agrietado por el sol que define este arco narrativo.<\/p>\n<h3 dir=\"ltr\" style=\"text-align: justify\">\u200b<b>Fecha de estreno y expectativas<\/b><\/h3>\n<p dir=\"ltr\" style=\"text-align: justify\">\u200bAunque el rodaje ya ha comenzado, los fans deber\u00e1n armarse de paciencia. HBO tiene previsto el estreno de esta segunda temporada para el <b>a\u00f1o 2027<\/b>.<\/p>\n<p dir=\"ltr\" style=\"text-align: justify\">\u200bA diferencia de <i>La Casa del Drag\u00f3n<\/i>, esta serie busca explorar los conflictos pol\u00edticos y sociales a nivel de suelo, centr\u00e1ndose en la lealtad, las secuelas de la guerra y la creciente amistad entre el gigantesco <b>Ser Duncan el Alto<\/b> (Peter Claffey) y su joven escudero <b>Egg<\/b> (Dexter Sol Ansell), el futuro rey Aegon V Targaryen.<\/p>\n","protected":false},"excerpt":{"rendered":"<p>\u200bTras el aclamado cierre de su primera entrega en febrero, la precuela de Juego de Tronos ya est\u00e1 en producci\u00f3n. Nuevos fichajes estelares y un rodaje en Espa\u00f1a marcar\u00e1n la adaptaci\u00f3n de \u00abLa Espada&#46;&#46;&#46;<\/p>\n","protected":false},"author":55,"featured_media":51720,"comment_status":"open","ping_status":"open","sticky":false,"template":"","format":"standard","meta":{"_acf_changed":false,"om_disable_all_campaigns":false,"rop_custom_images_group":[],"rop_custom_messages_group":[],"rop_publish_now":"initial","rop_publish_now_accounts":{"twitter_242054905_242054905":""},"rop_publish_now_history":[],"rop_publish_now_status":"pending","_uf_show_specific_survey":0,"_uf_disable_surveys":false,"footnotes":""},"categories":[132,8,498],"tags":[1812,1678],"class_list":["post-51719","post","type-post","status-publish","format-standard","has-post-thumbnail","hentry","category-actualidad","category-arte-y-espectaculos","category-entretenimiento","tag-el-caballero-de-los-siete-reinos","tag-hbo-max"],"acf":[],"aioseo_notices":[],"yoast_head":"<!-- This site is optimized with the Yoast SEO Premium plugin v24.9 (Yoast SEO v27.2) - https:\/\/yoast.com\/product\/yoast-seo-premium-wordpress\/ -->\n<title>Dunk y Egg regresan: Todo lo que sabemos sobre la temporada 2 de El Caballero de los Siete Reinos - Venezuela | Noti-America.com<\/title>\n<meta name=\"robots\" content=\"index, follow, max-snippet:-1, max-image-preview:large, max-video-preview:-1\" \/>\n<link rel=\"canonical\" href=\"https:\/\/noti-america.com\/site\/venezuela\/2026\/03\/05\/dunk-y-egg-regresan-todo-lo-que-sabemos-sobre-la-temporada-2-de-el-caballero-de-los-siete-reinos\/\" \/>\n<meta property=\"og:locale\" content=\"es_ES\" \/>\n<meta property=\"og:type\" content=\"article\" \/>\n<meta property=\"og:title\" content=\"Dunk y Egg regresan: Todo lo que sabemos sobre la temporada 2 de El Caballero de los Siete Reinos\" \/>\n<meta property=\"og:description\" content=\"\u200bTras el aclamado cierre de su primera entrega en febrero, la precuela de Juego de Tronos ya est\u00e1 en producci\u00f3n. Nuevos fichajes estelares y un rodaje en Espa\u00f1a marcar\u00e1n la adaptaci\u00f3n de \u00abLa Espada&#046;&#046;&#046;\" \/>\n<meta property=\"og:url\" content=\"https:\/\/noti-america.com\/site\/venezuela\/2026\/03\/05\/dunk-y-egg-regresan-todo-lo-que-sabemos-sobre-la-temporada-2-de-el-caballero-de-los-siete-reinos\/\" \/>\n<meta property=\"og:site_name\" content=\"Venezuela | Noti-America.com\" \/>\n<meta property=\"article:published_time\" content=\"2026-03-05T14:02:00+00:00\" \/>\n<meta property=\"article:modified_time\" content=\"2026-03-05T14:02:03+00:00\" \/>\n<meta property=\"og:image\" content=\"https:\/\/noti-america.com\/site\/venezuela\/wp-content\/uploads\/sites\/2\/2026\/03\/IMG_20260305_095550.jpg\" \/>\n\t<meta property=\"og:image:width\" content=\"941\" \/>\n\t<meta property=\"og:image:height\" content=\"647\" \/>\n\t<meta property=\"og:image:type\" content=\"image\/jpeg\" \/>\n<meta name=\"author\" content=\"Ana Maria Correa\" \/>\n<meta name=\"twitter:card\" content=\"summary_large_image\" \/>\n<meta name=\"twitter:label1\" content=\"Escrito por\" \/>\n\t<meta name=\"twitter:data1\" content=\"Ana Maria Correa\" \/>\n\t<meta name=\"twitter:label2\" content=\"Tiempo estimado de lectura\" \/>\n\t<meta name=\"twitter:data2\" content=\"2 minutos\" \/>\n<script type=\"application\/ld+json\" class=\"yoast-schema-graph\">{\"@context\":\"https:\/\/schema.org\",\"@graph\":[{\"@type\":\"Article\",\"@id\":\"https:\/\/noti-america.com\/site\/venezuela\/2026\/03\/05\/dunk-y-egg-regresan-todo-lo-que-sabemos-sobre-la-temporada-2-de-el-caballero-de-los-siete-reinos\/#article\",\"isPartOf\":{\"@id\":\"https:\/\/noti-america.com\/site\/venezuela\/2026\/03\/05\/dunk-y-egg-regresan-todo-lo-que-sabemos-sobre-la-temporada-2-de-el-caballero-de-los-siete-reinos\/\"},\"author\":{\"name\":\"Ana Maria Correa\",\"@id\":\"https:\/\/noti-america.com\/site\/venezuela\/#\/schema\/person\/bc58472b8ba32d08cc134078067f8b58\"},\"headline\":\"Dunk y Egg regresan: Todo lo que sabemos sobre la temporada 2 de El Caballero de los Siete Reinos\",\"datePublished\":\"2026-03-05T14:02:00+00:00\",\"dateModified\":\"2026-03-05T14:02:03+00:00\",\"mainEntityOfPage\":{\"@id\":\"https:\/\/noti-america.com\/site\/venezuela\/2026\/03\/05\/dunk-y-egg-regresan-todo-lo-que-sabemos-sobre-la-temporada-2-de-el-caballero-de-los-siete-reinos\/\"},\"wordCount\":457,\"commentCount\":0,\"publisher\":{\"@id\":\"https:\/\/noti-america.com\/site\/venezuela\/#organization\"},\"image\":{\"@id\":\"https:\/\/noti-america.com\/site\/venezuela\/2026\/03\/05\/dunk-y-egg-regresan-todo-lo-que-sabemos-sobre-la-temporada-2-de-el-caballero-de-los-siete-reinos\/#primaryimage\"},\"thumbnailUrl\":\"https:\/\/noti-america.com\/site\/venezuela\/wp-content\/uploads\/sites\/2\/2026\/03\/IMG_20260305_095550.jpg\",\"keywords\":[\"El Caballero de los Siete Reinos\",\"HBO MAX\"],\"articleSection\":[\"Actualidad\",\"Arte y Espect\u00e1culos\",\"Entretenimiento\"],\"inLanguage\":\"es\",\"potentialAction\":[{\"@type\":\"CommentAction\",\"name\":\"Comment\",\"target\":[\"https:\/\/noti-america.com\/site\/venezuela\/2026\/03\/05\/dunk-y-egg-regresan-todo-lo-que-sabemos-sobre-la-temporada-2-de-el-caballero-de-los-siete-reinos\/#respond\"]}]},{\"@type\":\"WebPage\",\"@id\":\"https:\/\/noti-america.com\/site\/venezuela\/2026\/03\/05\/dunk-y-egg-regresan-todo-lo-que-sabemos-sobre-la-temporada-2-de-el-caballero-de-los-siete-reinos\/\",\"url\":\"https:\/\/noti-america.com\/site\/venezuela\/2026\/03\/05\/dunk-y-egg-regresan-todo-lo-que-sabemos-sobre-la-temporada-2-de-el-caballero-de-los-siete-reinos\/\",\"name\":\"Dunk y Egg regresan: Todo lo que sabemos sobre la temporada 2 de El Caballero de los Siete Reinos - Venezuela | Noti-America.com\",\"isPartOf\":{\"@id\":\"https:\/\/noti-america.com\/site\/venezuela\/#website\"},\"primaryImageOfPage\":{\"@id\":\"https:\/\/noti-america.com\/site\/venezuela\/2026\/03\/05\/dunk-y-egg-regresan-todo-lo-que-sabemos-sobre-la-temporada-2-de-el-caballero-de-los-siete-reinos\/#primaryimage\"},\"image\":{\"@id\":\"https:\/\/noti-america.com\/site\/venezuela\/2026\/03\/05\/dunk-y-egg-regresan-todo-lo-que-sabemos-sobre-la-temporada-2-de-el-caballero-de-los-siete-reinos\/#primaryimage\"},\"thumbnailUrl\":\"https:\/\/noti-america.com\/site\/venezuela\/wp-content\/uploads\/sites\/2\/2026\/03\/IMG_20260305_095550.jpg\",\"datePublished\":\"2026-03-05T14:02:00+00:00\",\"dateModified\":\"2026-03-05T14:02:03+00:00\",\"breadcrumb\":{\"@id\":\"https:\/\/noti-america.com\/site\/venezuela\/2026\/03\/05\/dunk-y-egg-regresan-todo-lo-que-sabemos-sobre-la-temporada-2-de-el-caballero-de-los-siete-reinos\/#breadcrumb\"},\"inLanguage\":\"es\",\"potentialAction\":[{\"@type\":\"ReadAction\",\"target\":[\"https:\/\/noti-america.com\/site\/venezuela\/2026\/03\/05\/dunk-y-egg-regresan-todo-lo-que-sabemos-sobre-la-temporada-2-de-el-caballero-de-los-siete-reinos\/\"]}]},{\"@type\":\"ImageObject\",\"inLanguage\":\"es\",\"@id\":\"https:\/\/noti-america.com\/site\/venezuela\/2026\/03\/05\/dunk-y-egg-regresan-todo-lo-que-sabemos-sobre-la-temporada-2-de-el-caballero-de-los-siete-reinos\/#primaryimage\",\"url\":\"https:\/\/noti-america.com\/site\/venezuela\/wp-content\/uploads\/sites\/2\/2026\/03\/IMG_20260305_095550.jpg\",\"contentUrl\":\"https:\/\/noti-america.com\/site\/venezuela\/wp-content\/uploads\/sites\/2\/2026\/03\/IMG_20260305_095550.jpg\",\"width\":941,\"height\":647},{\"@type\":\"BreadcrumbList\",\"@id\":\"https:\/\/noti-america.com\/site\/venezuela\/2026\/03\/05\/dunk-y-egg-regresan-todo-lo-que-sabemos-sobre-la-temporada-2-de-el-caballero-de-los-siete-reinos\/#breadcrumb\",\"itemListElement\":[{\"@type\":\"ListItem\",\"position\":1,\"name\":\"Portada\",\"item\":\"https:\/\/noti-america.com\/site\/venezuela\/\"},{\"@type\":\"ListItem\",\"position\":2,\"name\":\"Dunk y Egg regresan: Todo lo que sabemos sobre la temporada 2 de El Caballero de los Siete Reinos\"}]},{\"@type\":\"WebSite\",\"@id\":\"https:\/\/noti-america.com\/site\/venezuela\/#website\",\"url\":\"https:\/\/noti-america.com\/site\/venezuela\/\",\"name\":\"Venezuela | Noti-America.com\",\"description\":\"\",\"publisher\":{\"@id\":\"https:\/\/noti-america.com\/site\/venezuela\/#organization\"},\"potentialAction\":[{\"@type\":\"SearchAction\",\"target\":{\"@type\":\"EntryPoint\",\"urlTemplate\":\"https:\/\/noti-america.com\/site\/venezuela\/?s={search_term_string}\"},\"query-input\":{\"@type\":\"PropertyValueSpecification\",\"valueRequired\":true,\"valueName\":\"search_term_string\"}}],\"inLanguage\":\"es\"},{\"@type\":\"Organization\",\"@id\":\"https:\/\/noti-america.com\/site\/venezuela\/#organization\",\"name\":\"Noti-America LLC | Venezuela\",\"url\":\"https:\/\/noti-america.com\/site\/venezuela\/\",\"logo\":{\"@type\":\"ImageObject\",\"inLanguage\":\"es\",\"@id\":\"https:\/\/noti-america.com\/site\/venezuela\/#\/schema\/logo\/image\/\",\"url\":\"https:\/\/noti-america.com\/site\/venezuela\/wp-content\/uploads\/sites\/2\/2020\/07\/LogoNA-4x3-1.jpg\",\"contentUrl\":\"https:\/\/noti-america.com\/site\/venezuela\/wp-content\/uploads\/sites\/2\/2020\/07\/LogoNA-4x3-1.jpg\",\"width\":1236,\"height\":1080,\"caption\":\"Noti-America LLC | Venezuela\"},\"image\":{\"@id\":\"https:\/\/noti-america.com\/site\/venezuela\/#\/schema\/logo\/image\/\"}},{\"@type\":\"Person\",\"@id\":\"https:\/\/noti-america.com\/site\/venezuela\/#\/schema\/person\/bc58472b8ba32d08cc134078067f8b58\",\"name\":\"Ana Maria Correa\",\"image\":{\"@type\":\"ImageObject\",\"inLanguage\":\"es\",\"@id\":\"https:\/\/secure.gravatar.com\/avatar\/6d24af21af7e834cb1f37d9c4418e69b2eed4676de4ee948a40df971d53808d3?s=96&d=mm&r=g\",\"url\":\"https:\/\/secure.gravatar.com\/avatar\/6d24af21af7e834cb1f37d9c4418e69b2eed4676de4ee948a40df971d53808d3?s=96&d=mm&r=g\",\"contentUrl\":\"https:\/\/secure.gravatar.com\/avatar\/6d24af21af7e834cb1f37d9c4418e69b2eed4676de4ee948a40df971d53808d3?s=96&d=mm&r=g\",\"caption\":\"Ana Maria Correa\"},\"description\":\"Comunicadora Social, apasionada al Periodismo Deportivo y de investigaci\u00f3n. Mi labor es realizar reportajes y entrevistas que sirvan para informar sobre la problem\u00e1tica diaria mundial.\",\"sameAs\":[\"https:\/\/www.linkedin.com\/in\/ana-mara-correa-070b2117a\/\"],\"url\":\"https:\/\/noti-america.com\/site\/venezuela\/author\/acorrea\/\"}]}<\/script>\n<!-- \/ Yoast SEO Premium plugin. -->","yoast_head_json":{"title":"Dunk y Egg regresan: Todo lo que sabemos sobre la temporada 2 de El Caballero de los Siete Reinos - Venezuela | Noti-America.com","robots":{"index":"index","follow":"follow","max-snippet":"max-snippet:-1","max-image-preview":"max-image-preview:large","max-video-preview":"max-video-preview:-1"},"canonical":"https:\/\/noti-america.com\/site\/venezuela\/2026\/03\/05\/dunk-y-egg-regresan-todo-lo-que-sabemos-sobre-la-temporada-2-de-el-caballero-de-los-siete-reinos\/","og_locale":"es_ES","og_type":"article","og_title":"Dunk y Egg regresan: Todo lo que sabemos sobre la temporada 2 de El Caballero de los Siete Reinos","og_description":"\u200bTras el aclamado cierre de su primera entrega en febrero, la precuela de Juego de Tronos ya est\u00e1 en producci\u00f3n. Nuevos fichajes estelares y un rodaje en Espa\u00f1a marcar\u00e1n la adaptaci\u00f3n de \u00abLa Espada&#46;&#46;&#46;","og_url":"https:\/\/noti-america.com\/site\/venezuela\/2026\/03\/05\/dunk-y-egg-regresan-todo-lo-que-sabemos-sobre-la-temporada-2-de-el-caballero-de-los-siete-reinos\/","og_site_name":"Venezuela | Noti-America.com","article_published_time":"2026-03-05T14:02:00+00:00","article_modified_time":"2026-03-05T14:02:03+00:00","og_image":[{"width":941,"height":647,"url":"https:\/\/noti-america.com\/site\/venezuela\/wp-content\/uploads\/sites\/2\/2026\/03\/IMG_20260305_095550.jpg","type":"image\/jpeg"}],"author":"Ana Maria Correa","twitter_card":"summary_large_image","twitter_misc":{"Escrito por":"Ana Maria Correa","Tiempo estimado de lectura":"2 minutos"},"schema":{"@context":"https:\/\/schema.org","@graph":[{"@type":"Article","@id":"https:\/\/noti-america.com\/site\/venezuela\/2026\/03\/05\/dunk-y-egg-regresan-todo-lo-que-sabemos-sobre-la-temporada-2-de-el-caballero-de-los-siete-reinos\/#article","isPartOf":{"@id":"https:\/\/noti-america.com\/site\/venezuela\/2026\/03\/05\/dunk-y-egg-regresan-todo-lo-que-sabemos-sobre-la-temporada-2-de-el-caballero-de-los-siete-reinos\/"},"author":{"name":"Ana Maria Correa","@id":"https:\/\/noti-america.com\/site\/venezuela\/#\/schema\/person\/bc58472b8ba32d08cc134078067f8b58"},"headline":"Dunk y Egg regresan: Todo lo que sabemos sobre la temporada 2 de El Caballero de los Siete Reinos","datePublished":"2026-03-05T14:02:00+00:00","dateModified":"2026-03-05T14:02:03+00:00","mainEntityOfPage":{"@id":"https:\/\/noti-america.com\/site\/venezuela\/2026\/03\/05\/dunk-y-egg-regresan-todo-lo-que-sabemos-sobre-la-temporada-2-de-el-caballero-de-los-siete-reinos\/"},"wordCount":457,"commentCount":0,"publisher":{"@id":"https:\/\/noti-america.com\/site\/venezuela\/#organization"},"image":{"@id":"https:\/\/noti-america.com\/site\/venezuela\/2026\/03\/05\/dunk-y-egg-regresan-todo-lo-que-sabemos-sobre-la-temporada-2-de-el-caballero-de-los-siete-reinos\/#primaryimage"},"thumbnailUrl":"https:\/\/noti-america.com\/site\/venezuela\/wp-content\/uploads\/sites\/2\/2026\/03\/IMG_20260305_095550.jpg","keywords":["El Caballero de los Siete Reinos","HBO MAX"],"articleSection":["Actualidad","Arte y Espect\u00e1culos","Entretenimiento"],"inLanguage":"es","potentialAction":[{"@type":"CommentAction","name":"Comment","target":["https:\/\/noti-america.com\/site\/venezuela\/2026\/03\/05\/dunk-y-egg-regresan-todo-lo-que-sabemos-sobre-la-temporada-2-de-el-caballero-de-los-siete-reinos\/#respond"]}]},{"@type":"WebPage","@id":"https:\/\/noti-america.com\/site\/venezuela\/2026\/03\/05\/dunk-y-egg-regresan-todo-lo-que-sabemos-sobre-la-temporada-2-de-el-caballero-de-los-siete-reinos\/","url":"https:\/\/noti-america.com\/site\/venezuela\/2026\/03\/05\/dunk-y-egg-regresan-todo-lo-que-sabemos-sobre-la-temporada-2-de-el-caballero-de-los-siete-reinos\/","name":"Dunk y Egg regresan: Todo lo que sabemos sobre la temporada 2 de El Caballero de los Siete Reinos - Venezuela | Noti-America.com","isPartOf":{"@id":"https:\/\/noti-america.com\/site\/venezuela\/#website"},"primaryImageOfPage":{"@id":"https:\/\/noti-america.com\/site\/venezuela\/2026\/03\/05\/dunk-y-egg-regresan-todo-lo-que-sabemos-sobre-la-temporada-2-de-el-caballero-de-los-siete-reinos\/#primaryimage"},"image":{"@id":"https:\/\/noti-america.com\/site\/venezuela\/2026\/03\/05\/dunk-y-egg-regresan-todo-lo-que-sabemos-sobre-la-temporada-2-de-el-caballero-de-los-siete-reinos\/#primaryimage"},"thumbnailUrl":"https:\/\/noti-america.com\/site\/venezuela\/wp-content\/uploads\/sites\/2\/2026\/03\/IMG_20260305_095550.jpg","datePublished":"2026-03-05T14:02:00+00:00","dateModified":"2026-03-05T14:02:03+00:00","breadcrumb":{"@id":"https:\/\/noti-america.com\/site\/venezuela\/2026\/03\/05\/dunk-y-egg-regresan-todo-lo-que-sabemos-sobre-la-temporada-2-de-el-caballero-de-los-siete-reinos\/#breadcrumb"},"inLanguage":"es","potentialAction":[{"@type":"ReadAction","target":["https:\/\/noti-america.com\/site\/venezuela\/2026\/03\/05\/dunk-y-egg-regresan-todo-lo-que-sabemos-sobre-la-temporada-2-de-el-caballero-de-los-siete-reinos\/"]}]},{"@type":"ImageObject","inLanguage":"es","@id":"https:\/\/noti-america.com\/site\/venezuela\/2026\/03\/05\/dunk-y-egg-regresan-todo-lo-que-sabemos-sobre-la-temporada-2-de-el-caballero-de-los-siete-reinos\/#primaryimage","url":"https:\/\/noti-america.com\/site\/venezuela\/wp-content\/uploads\/sites\/2\/2026\/03\/IMG_20260305_095550.jpg","contentUrl":"https:\/\/noti-america.com\/site\/venezuela\/wp-content\/uploads\/sites\/2\/2026\/03\/IMG_20260305_095550.jpg","width":941,"height":647},{"@type":"BreadcrumbList","@id":"https:\/\/noti-america.com\/site\/venezuela\/2026\/03\/05\/dunk-y-egg-regresan-todo-lo-que-sabemos-sobre-la-temporada-2-de-el-caballero-de-los-siete-reinos\/#breadcrumb","itemListElement":[{"@type":"ListItem","position":1,"name":"Portada","item":"https:\/\/noti-america.com\/site\/venezuela\/"},{"@type":"ListItem","position":2,"name":"Dunk y Egg regresan: Todo lo que sabemos sobre la temporada 2 de El Caballero de los Siete Reinos"}]},{"@type":"WebSite","@id":"https:\/\/noti-america.com\/site\/venezuela\/#website","url":"https:\/\/noti-america.com\/site\/venezuela\/","name":"Venezuela | Noti-America.com","description":"","publisher":{"@id":"https:\/\/noti-america.com\/site\/venezuela\/#organization"},"potentialAction":[{"@type":"SearchAction","target":{"@type":"EntryPoint","urlTemplate":"https:\/\/noti-america.com\/site\/venezuela\/?s={search_term_string}"},"query-input":{"@type":"PropertyValueSpecification","valueRequired":true,"valueName":"search_term_string"}}],"inLanguage":"es"},{"@type":"Organization","@id":"https:\/\/noti-america.com\/site\/venezuela\/#organization","name":"Noti-America LLC | Venezuela","url":"https:\/\/noti-america.com\/site\/venezuela\/","logo":{"@type":"ImageObject","inLanguage":"es","@id":"https:\/\/noti-america.com\/site\/venezuela\/#\/schema\/logo\/image\/","url":"https:\/\/noti-america.com\/site\/venezuela\/wp-content\/uploads\/sites\/2\/2020\/07\/LogoNA-4x3-1.jpg","contentUrl":"https:\/\/noti-america.com\/site\/venezuela\/wp-content\/uploads\/sites\/2\/2020\/07\/LogoNA-4x3-1.jpg","width":1236,"height":1080,"caption":"Noti-America LLC | Venezuela"},"image":{"@id":"https:\/\/noti-america.com\/site\/venezuela\/#\/schema\/logo\/image\/"}},{"@type":"Person","@id":"https:\/\/noti-america.com\/site\/venezuela\/#\/schema\/person\/bc58472b8ba32d08cc134078067f8b58","name":"Ana Maria Correa","image":{"@type":"ImageObject","inLanguage":"es","@id":"https:\/\/secure.gravatar.com\/avatar\/6d24af21af7e834cb1f37d9c4418e69b2eed4676de4ee948a40df971d53808d3?s=96&d=mm&r=g","url":"https:\/\/secure.gravatar.com\/avatar\/6d24af21af7e834cb1f37d9c4418e69b2eed4676de4ee948a40df971d53808d3?s=96&d=mm&r=g","contentUrl":"https:\/\/secure.gravatar.com\/avatar\/6d24af21af7e834cb1f37d9c4418e69b2eed4676de4ee948a40df971d53808d3?s=96&d=mm&r=g","caption":"Ana Maria Correa"},"description":"Comunicadora Social, apasionada al Periodismo Deportivo y de investigaci\u00f3n. Mi labor es realizar reportajes y entrevistas que sirvan para informar sobre la problem\u00e1tica diaria mundial.","sameAs":["https:\/\/www.linkedin.com\/in\/ana-mara-correa-070b2117a\/"],"url":"https:\/\/noti-america.com\/site\/venezuela\/author\/acorrea\/"}]}},"_links":{"self":[{"href":"https:\/\/noti-america.com\/site\/venezuela\/wp-json\/wp\/v2\/posts\/51719","targetHints":{"allow":["GET"]}}],"collection":[{"href":"https:\/\/noti-america.com\/site\/venezuela\/wp-json\/wp\/v2\/posts"}],"about":[{"href":"https:\/\/noti-america.com\/site\/venezuela\/wp-json\/wp\/v2\/types\/post"}],"author":[{"embeddable":true,"href":"https:\/\/noti-america.com\/site\/venezuela\/wp-json\/wp\/v2\/users\/55"}],"replies":[{"embeddable":true,"href":"https:\/\/noti-america.com\/site\/venezuela\/wp-json\/wp\/v2\/comments?post=51719"}],"version-history":[{"count":1,"href":"https:\/\/noti-america.com\/site\/venezuela\/wp-json\/wp\/v2\/posts\/51719\/revisions"}],"predecessor-version":[{"id":51721,"href":"https:\/\/noti-america.com\/site\/venezuela\/wp-json\/wp\/v2\/posts\/51719\/revisions\/51721"}],"wp:featuredmedia":[{"embeddable":true,"href":"https:\/\/noti-america.com\/site\/venezuela\/wp-json\/wp\/v2\/media\/51720"}],"wp:attachment":[{"href":"https:\/\/noti-america.com\/site\/venezuela\/wp-json\/wp\/v2\/media?parent=51719"}],"wp:term":[{"taxonomy":"category","embeddable":true,"href":"https:\/\/noti-america.com\/site\/venezuela\/wp-json\/wp\/v2\/categories?post=51719"},{"taxonomy":"post_tag","embeddable":true,"href":"https:\/\/noti-america.com\/site\/venezuela\/wp-json\/wp\/v2\/tags?post=51719"}],"curies":[{"name":"wp","href":"https:\/\/api.w.org\/{rel}","templated":true}]}}