{"id":51664,"date":"2026-03-01T15:17:01","date_gmt":"2026-03-01T15:17:01","guid":{"rendered":"https:\/\/noti-america.com\/site\/venezuela\/?p=51664"},"modified":"2026-03-01T15:21:01","modified_gmt":"2026-03-01T15:21:01","slug":"el-polifacetico-yoel-diaz-aterrizo-en-san-fernando-de-apure-para-animar-la-eleccion-de-la-reina-de-la-fiesta-del-alma-llanera-2026","status":"publish","type":"post","link":"https:\/\/noti-america.com\/site\/venezuela\/2026\/03\/01\/el-polifacetico-yoel-diaz-aterrizo-en-san-fernando-de-apure-para-animar-la-eleccion-de-la-reina-de-la-fiesta-del-alma-llanera-2026\/","title":{"rendered":"Yoel D\u00edaz conquist\u00f3 San Fernando de Apure en una noche inolvidable para la \u00abFiesta del Alma Llanera\u00bb"},"content":{"rendered":"<p><strong>NOTI-AMERICA.COM | VENEZUELA\u00a0<\/strong><\/p>\n<p>El reconocido periodista, locutor y piloto <strong>Yoel D\u00edaz<\/strong> marc\u00f3 un hito en la celebraci\u00f3n de la<strong> \u201cFiesta del Alma Llanera 2026\u201d<\/strong> al arribar a la capital apure\u00f1a para conducir uno de los eventos m\u00e1s esperados del calendario regional: la elecci\u00f3n y coronaci\u00f3n de la nueva soberana de las fiestas.<\/p>\n<p><strong>D\u00edaz<\/strong>, cuya versatilidad frente a los micr\u00f3fonos y en los controles de mando es ampliamente conocida, aterriz\u00f3 en suelo sanfernandino expresando su entusiasmo por formar parte de esta tradici\u00f3n que exalta la identidad del llano venezolano.<\/p>\n<p><strong>Reconocimiento a la gesti\u00f3n cultural<\/strong><\/p>\n<p>Durante su intervenci\u00f3n, el comunicador extendi\u00f3 un agradecimiento p\u00fablico al Gobernador del estado Apure, <strong>Wilmer Rodr\u00edguez<\/strong>, y al Alcalde del municipio San Fernando, <strong>Lisandro Sol\u00f3rzano<\/strong>, por la invitaci\u00f3n y por el esfuerzo en mantener vivas las festividades que promueven la idiosincrasia local.<\/p>\n<p>\u00abQu\u00e9 bonito es ver c\u00f3mo este estado se consolida como una verdadera ventana para el turismo. <strong>Apure<\/strong> no solo es tierra de leyendas, sino un destino con un potencial incre\u00edble que merece ser mostrado al mundo\u00bb, afirm\u00f3 D\u00edaz durante el evento.<\/p>\n<p><strong>Talento y elegancia en el escenario<\/strong><\/p>\n<p>La animaci\u00f3n de la gala no estuvo solo a cargo del piloto; Yoel D\u00edaz comparti\u00f3 el escenario con el talento local de la destacada apure\u00f1a Alexa Franco. Juntos, formaron una dupla llena de carisma y profesionalismo que mantuvo el ritmo y la emoci\u00f3n de la noche, mientras el p\u00fablico ovacionaba a las candidatas en su camino a la corona.<\/p>\n<p>La participaci\u00f3n de figuras de trayectoria nacional como D\u00edaz en la Fiesta del Alma Llanera 2026 refuerza el compromiso de las autoridades por elevar el nivel de los espect\u00e1culos regionales y atraer la mirada de visitantes de todo el pa\u00eds.<\/p>\n","protected":false},"excerpt":{"rendered":"<p>NOTI-AMERICA.COM | VENEZUELA\u00a0 El reconocido periodista, locutor y piloto Yoel D\u00edaz marc\u00f3 un hito en la celebraci\u00f3n de la \u201cFiesta del Alma Llanera 2026\u201d al arribar a la capital apure\u00f1a para conducir uno de&#46;&#46;&#46;<\/p>\n","protected":false},"author":127,"featured_media":51665,"comment_status":"open","ping_status":"open","sticky":false,"template":"","format":"image","meta":{"_acf_changed":false,"om_disable_all_campaigns":false,"rop_custom_images_group":[],"rop_custom_messages_group":[],"rop_publish_now":"initial","rop_publish_now_accounts":{"twitter_242054905_242054905":""},"rop_publish_now_history":[],"rop_publish_now_status":"pending","_uf_show_specific_survey":0,"_uf_disable_surveys":false,"footnotes":""},"categories":[8],"tags":[],"class_list":["post-51664","post","type-post","status-publish","format-image","has-post-thumbnail","hentry","category-arte-y-espectaculos","post_format-post-format-image"],"acf":[],"aioseo_notices":[],"yoast_head":"<!-- This site is optimized with the Yoast SEO Premium plugin v24.9 (Yoast SEO v27.2) - https:\/\/yoast.com\/product\/yoast-seo-premium-wordpress\/ -->\n<title>Yoel D\u00edaz conquist\u00f3 San Fernando de Apure en una noche inolvidable para la &quot;Fiesta del Alma Llanera&quot; - Venezuela | Noti-America.com<\/title>\n<meta name=\"robots\" content=\"index, follow, max-snippet:-1, max-image-preview:large, max-video-preview:-1\" \/>\n<link rel=\"canonical\" href=\"https:\/\/noti-america.com\/site\/venezuela\/2026\/03\/01\/el-polifacetico-yoel-diaz-aterrizo-en-san-fernando-de-apure-para-animar-la-eleccion-de-la-reina-de-la-fiesta-del-alma-llanera-2026\/\" \/>\n<meta property=\"og:locale\" content=\"es_ES\" \/>\n<meta property=\"og:type\" content=\"article\" \/>\n<meta property=\"og:title\" content=\"Yoel D\u00edaz conquist\u00f3 San Fernando de Apure en una noche inolvidable para la &quot;Fiesta del Alma Llanera&quot;\" \/>\n<meta property=\"og:description\" content=\"NOTI-AMERICA.COM | VENEZUELA\u00a0 El reconocido periodista, locutor y piloto Yoel D\u00edaz marc\u00f3 un hito en la celebraci\u00f3n de la \u201cFiesta del Alma Llanera 2026\u201d al arribar a la capital apure\u00f1a para conducir uno de&#046;&#046;&#046;\" \/>\n<meta property=\"og:url\" content=\"https:\/\/noti-america.com\/site\/venezuela\/2026\/03\/01\/el-polifacetico-yoel-diaz-aterrizo-en-san-fernando-de-apure-para-animar-la-eleccion-de-la-reina-de-la-fiesta-del-alma-llanera-2026\/\" \/>\n<meta property=\"og:site_name\" content=\"Venezuela | Noti-America.com\" \/>\n<meta property=\"article:published_time\" content=\"2026-03-01T15:17:01+00:00\" \/>\n<meta property=\"article:modified_time\" content=\"2026-03-01T15:21:01+00:00\" \/>\n<meta property=\"og:image\" content=\"https:\/\/noti-america.com\/site\/venezuela\/wp-content\/uploads\/sites\/2\/2026\/03\/WhatsApp-Image-2026-02-28-at-21.13.40-1.jpg\" \/>\n\t<meta property=\"og:image:width\" content=\"920\" \/>\n\t<meta property=\"og:image:height\" content=\"563\" \/>\n\t<meta property=\"og:image:type\" content=\"image\/jpeg\" \/>\n<meta name=\"author\" content=\"Yoelvzla\" \/>\n<meta name=\"twitter:card\" content=\"summary_large_image\" \/>\n<meta name=\"twitter:label1\" content=\"Escrito por\" \/>\n\t<meta name=\"twitter:data1\" content=\"Yoelvzla\" \/>\n\t<meta name=\"twitter:label2\" content=\"Tiempo estimado de lectura\" \/>\n\t<meta name=\"twitter:data2\" content=\"2 minutos\" \/>\n<script type=\"application\/ld+json\" class=\"yoast-schema-graph\">{\"@context\":\"https:\/\/schema.org\",\"@graph\":[{\"@type\":\"Article\",\"@id\":\"https:\/\/noti-america.com\/site\/venezuela\/2026\/03\/01\/el-polifacetico-yoel-diaz-aterrizo-en-san-fernando-de-apure-para-animar-la-eleccion-de-la-reina-de-la-fiesta-del-alma-llanera-2026\/#article\",\"isPartOf\":{\"@id\":\"https:\/\/noti-america.com\/site\/venezuela\/2026\/03\/01\/el-polifacetico-yoel-diaz-aterrizo-en-san-fernando-de-apure-para-animar-la-eleccion-de-la-reina-de-la-fiesta-del-alma-llanera-2026\/\"},\"author\":{\"name\":\"Yoelvzla\",\"@id\":\"https:\/\/noti-america.com\/site\/venezuela\/#\/schema\/person\/376ccc7b3cc7a8d5a43c3ece07a43857\"},\"headline\":\"Yoel D\u00edaz conquist\u00f3 San Fernando de Apure en una noche inolvidable para la \u00abFiesta del Alma Llanera\u00bb\",\"datePublished\":\"2026-03-01T15:17:01+00:00\",\"dateModified\":\"2026-03-01T15:21:01+00:00\",\"mainEntityOfPage\":{\"@id\":\"https:\/\/noti-america.com\/site\/venezuela\/2026\/03\/01\/el-polifacetico-yoel-diaz-aterrizo-en-san-fernando-de-apure-para-animar-la-eleccion-de-la-reina-de-la-fiesta-del-alma-llanera-2026\/\"},\"wordCount\":324,\"commentCount\":0,\"publisher\":{\"@id\":\"https:\/\/noti-america.com\/site\/venezuela\/#organization\"},\"image\":{\"@id\":\"https:\/\/noti-america.com\/site\/venezuela\/2026\/03\/01\/el-polifacetico-yoel-diaz-aterrizo-en-san-fernando-de-apure-para-animar-la-eleccion-de-la-reina-de-la-fiesta-del-alma-llanera-2026\/#primaryimage\"},\"thumbnailUrl\":\"https:\/\/noti-america.com\/site\/venezuela\/wp-content\/uploads\/sites\/2\/2026\/03\/WhatsApp-Image-2026-02-28-at-21.13.40-1.jpg\",\"articleSection\":[\"Arte y Espect\u00e1culos\"],\"inLanguage\":\"es\",\"potentialAction\":[{\"@type\":\"CommentAction\",\"name\":\"Comment\",\"target\":[\"https:\/\/noti-america.com\/site\/venezuela\/2026\/03\/01\/el-polifacetico-yoel-diaz-aterrizo-en-san-fernando-de-apure-para-animar-la-eleccion-de-la-reina-de-la-fiesta-del-alma-llanera-2026\/#respond\"]}]},{\"@type\":\"WebPage\",\"@id\":\"https:\/\/noti-america.com\/site\/venezuela\/2026\/03\/01\/el-polifacetico-yoel-diaz-aterrizo-en-san-fernando-de-apure-para-animar-la-eleccion-de-la-reina-de-la-fiesta-del-alma-llanera-2026\/\",\"url\":\"https:\/\/noti-america.com\/site\/venezuela\/2026\/03\/01\/el-polifacetico-yoel-diaz-aterrizo-en-san-fernando-de-apure-para-animar-la-eleccion-de-la-reina-de-la-fiesta-del-alma-llanera-2026\/\",\"name\":\"Yoel D\u00edaz conquist\u00f3 San Fernando de Apure en una noche inolvidable para la \\\"Fiesta del Alma Llanera\\\" - Venezuela | Noti-America.com\",\"isPartOf\":{\"@id\":\"https:\/\/noti-america.com\/site\/venezuela\/#website\"},\"primaryImageOfPage\":{\"@id\":\"https:\/\/noti-america.com\/site\/venezuela\/2026\/03\/01\/el-polifacetico-yoel-diaz-aterrizo-en-san-fernando-de-apure-para-animar-la-eleccion-de-la-reina-de-la-fiesta-del-alma-llanera-2026\/#primaryimage\"},\"image\":{\"@id\":\"https:\/\/noti-america.com\/site\/venezuela\/2026\/03\/01\/el-polifacetico-yoel-diaz-aterrizo-en-san-fernando-de-apure-para-animar-la-eleccion-de-la-reina-de-la-fiesta-del-alma-llanera-2026\/#primaryimage\"},\"thumbnailUrl\":\"https:\/\/noti-america.com\/site\/venezuela\/wp-content\/uploads\/sites\/2\/2026\/03\/WhatsApp-Image-2026-02-28-at-21.13.40-1.jpg\",\"datePublished\":\"2026-03-01T15:17:01+00:00\",\"dateModified\":\"2026-03-01T15:21:01+00:00\",\"breadcrumb\":{\"@id\":\"https:\/\/noti-america.com\/site\/venezuela\/2026\/03\/01\/el-polifacetico-yoel-diaz-aterrizo-en-san-fernando-de-apure-para-animar-la-eleccion-de-la-reina-de-la-fiesta-del-alma-llanera-2026\/#breadcrumb\"},\"inLanguage\":\"es\",\"potentialAction\":[{\"@type\":\"ReadAction\",\"target\":[\"https:\/\/noti-america.com\/site\/venezuela\/2026\/03\/01\/el-polifacetico-yoel-diaz-aterrizo-en-san-fernando-de-apure-para-animar-la-eleccion-de-la-reina-de-la-fiesta-del-alma-llanera-2026\/\"]}]},{\"@type\":\"ImageObject\",\"inLanguage\":\"es\",\"@id\":\"https:\/\/noti-america.com\/site\/venezuela\/2026\/03\/01\/el-polifacetico-yoel-diaz-aterrizo-en-san-fernando-de-apure-para-animar-la-eleccion-de-la-reina-de-la-fiesta-del-alma-llanera-2026\/#primaryimage\",\"url\":\"https:\/\/noti-america.com\/site\/venezuela\/wp-content\/uploads\/sites\/2\/2026\/03\/WhatsApp-Image-2026-02-28-at-21.13.40-1.jpg\",\"contentUrl\":\"https:\/\/noti-america.com\/site\/venezuela\/wp-content\/uploads\/sites\/2\/2026\/03\/WhatsApp-Image-2026-02-28-at-21.13.40-1.jpg\",\"width\":920,\"height\":563},{\"@type\":\"BreadcrumbList\",\"@id\":\"https:\/\/noti-america.com\/site\/venezuela\/2026\/03\/01\/el-polifacetico-yoel-diaz-aterrizo-en-san-fernando-de-apure-para-animar-la-eleccion-de-la-reina-de-la-fiesta-del-alma-llanera-2026\/#breadcrumb\",\"itemListElement\":[{\"@type\":\"ListItem\",\"position\":1,\"name\":\"Portada\",\"item\":\"https:\/\/noti-america.com\/site\/venezuela\/\"},{\"@type\":\"ListItem\",\"position\":2,\"name\":\"Yoel D\u00edaz conquist\u00f3 San Fernando de Apure en una noche inolvidable para la \u00abFiesta del Alma Llanera\u00bb\"}]},{\"@type\":\"WebSite\",\"@id\":\"https:\/\/noti-america.com\/site\/venezuela\/#website\",\"url\":\"https:\/\/noti-america.com\/site\/venezuela\/\",\"name\":\"Venezuela | Noti-America.com\",\"description\":\"\",\"publisher\":{\"@id\":\"https:\/\/noti-america.com\/site\/venezuela\/#organization\"},\"potentialAction\":[{\"@type\":\"SearchAction\",\"target\":{\"@type\":\"EntryPoint\",\"urlTemplate\":\"https:\/\/noti-america.com\/site\/venezuela\/?s={search_term_string}\"},\"query-input\":{\"@type\":\"PropertyValueSpecification\",\"valueRequired\":true,\"valueName\":\"search_term_string\"}}],\"inLanguage\":\"es\"},{\"@type\":\"Organization\",\"@id\":\"https:\/\/noti-america.com\/site\/venezuela\/#organization\",\"name\":\"Noti-America LLC | Venezuela\",\"url\":\"https:\/\/noti-america.com\/site\/venezuela\/\",\"logo\":{\"@type\":\"ImageObject\",\"inLanguage\":\"es\",\"@id\":\"https:\/\/noti-america.com\/site\/venezuela\/#\/schema\/logo\/image\/\",\"url\":\"https:\/\/noti-america.com\/site\/venezuela\/wp-content\/uploads\/sites\/2\/2020\/07\/LogoNA-4x3-1.jpg\",\"contentUrl\":\"https:\/\/noti-america.com\/site\/venezuela\/wp-content\/uploads\/sites\/2\/2020\/07\/LogoNA-4x3-1.jpg\",\"width\":1236,\"height\":1080,\"caption\":\"Noti-America LLC | Venezuela\"},\"image\":{\"@id\":\"https:\/\/noti-america.com\/site\/venezuela\/#\/schema\/logo\/image\/\"}},{\"@type\":\"Person\",\"@id\":\"https:\/\/noti-america.com\/site\/venezuela\/#\/schema\/person\/376ccc7b3cc7a8d5a43c3ece07a43857\",\"name\":\"Yoelvzla\",\"image\":{\"@type\":\"ImageObject\",\"inLanguage\":\"es\",\"@id\":\"https:\/\/secure.gravatar.com\/avatar\/13a96a72123e0e9aa76fe82e8847f726c63a1c5ef6a8d0fadd844c1a5a83b212?s=96&d=mm&r=g\",\"url\":\"https:\/\/secure.gravatar.com\/avatar\/13a96a72123e0e9aa76fe82e8847f726c63a1c5ef6a8d0fadd844c1a5a83b212?s=96&d=mm&r=g\",\"contentUrl\":\"https:\/\/secure.gravatar.com\/avatar\/13a96a72123e0e9aa76fe82e8847f726c63a1c5ef6a8d0fadd844c1a5a83b212?s=96&d=mm&r=g\",\"caption\":\"Yoelvzla\"},\"url\":\"https:\/\/noti-america.com\/site\/venezuela\/author\/ydiaz\/\"}]}<\/script>\n<!-- \/ Yoast SEO Premium plugin. -->","yoast_head_json":{"title":"Yoel D\u00edaz conquist\u00f3 San Fernando de Apure en una noche inolvidable para la \"Fiesta del Alma Llanera\" - Venezuela | Noti-America.com","robots":{"index":"index","follow":"follow","max-snippet":"max-snippet:-1","max-image-preview":"max-image-preview:large","max-video-preview":"max-video-preview:-1"},"canonical":"https:\/\/noti-america.com\/site\/venezuela\/2026\/03\/01\/el-polifacetico-yoel-diaz-aterrizo-en-san-fernando-de-apure-para-animar-la-eleccion-de-la-reina-de-la-fiesta-del-alma-llanera-2026\/","og_locale":"es_ES","og_type":"article","og_title":"Yoel D\u00edaz conquist\u00f3 San Fernando de Apure en una noche inolvidable para la \"Fiesta del Alma Llanera\"","og_description":"NOTI-AMERICA.COM | VENEZUELA\u00a0 El reconocido periodista, locutor y piloto Yoel D\u00edaz marc\u00f3 un hito en la celebraci\u00f3n de la \u201cFiesta del Alma Llanera 2026\u201d al arribar a la capital apure\u00f1a para conducir uno de&#46;&#46;&#46;","og_url":"https:\/\/noti-america.com\/site\/venezuela\/2026\/03\/01\/el-polifacetico-yoel-diaz-aterrizo-en-san-fernando-de-apure-para-animar-la-eleccion-de-la-reina-de-la-fiesta-del-alma-llanera-2026\/","og_site_name":"Venezuela | Noti-America.com","article_published_time":"2026-03-01T15:17:01+00:00","article_modified_time":"2026-03-01T15:21:01+00:00","og_image":[{"width":920,"height":563,"url":"https:\/\/noti-america.com\/site\/venezuela\/wp-content\/uploads\/sites\/2\/2026\/03\/WhatsApp-Image-2026-02-28-at-21.13.40-1.jpg","type":"image\/jpeg"}],"author":"Yoelvzla","twitter_card":"summary_large_image","twitter_misc":{"Escrito por":"Yoelvzla","Tiempo estimado de lectura":"2 minutos"},"schema":{"@context":"https:\/\/schema.org","@graph":[{"@type":"Article","@id":"https:\/\/noti-america.com\/site\/venezuela\/2026\/03\/01\/el-polifacetico-yoel-diaz-aterrizo-en-san-fernando-de-apure-para-animar-la-eleccion-de-la-reina-de-la-fiesta-del-alma-llanera-2026\/#article","isPartOf":{"@id":"https:\/\/noti-america.com\/site\/venezuela\/2026\/03\/01\/el-polifacetico-yoel-diaz-aterrizo-en-san-fernando-de-apure-para-animar-la-eleccion-de-la-reina-de-la-fiesta-del-alma-llanera-2026\/"},"author":{"name":"Yoelvzla","@id":"https:\/\/noti-america.com\/site\/venezuela\/#\/schema\/person\/376ccc7b3cc7a8d5a43c3ece07a43857"},"headline":"Yoel D\u00edaz conquist\u00f3 San Fernando de Apure en una noche inolvidable para la \u00abFiesta del Alma Llanera\u00bb","datePublished":"2026-03-01T15:17:01+00:00","dateModified":"2026-03-01T15:21:01+00:00","mainEntityOfPage":{"@id":"https:\/\/noti-america.com\/site\/venezuela\/2026\/03\/01\/el-polifacetico-yoel-diaz-aterrizo-en-san-fernando-de-apure-para-animar-la-eleccion-de-la-reina-de-la-fiesta-del-alma-llanera-2026\/"},"wordCount":324,"commentCount":0,"publisher":{"@id":"https:\/\/noti-america.com\/site\/venezuela\/#organization"},"image":{"@id":"https:\/\/noti-america.com\/site\/venezuela\/2026\/03\/01\/el-polifacetico-yoel-diaz-aterrizo-en-san-fernando-de-apure-para-animar-la-eleccion-de-la-reina-de-la-fiesta-del-alma-llanera-2026\/#primaryimage"},"thumbnailUrl":"https:\/\/noti-america.com\/site\/venezuela\/wp-content\/uploads\/sites\/2\/2026\/03\/WhatsApp-Image-2026-02-28-at-21.13.40-1.jpg","articleSection":["Arte y Espect\u00e1culos"],"inLanguage":"es","potentialAction":[{"@type":"CommentAction","name":"Comment","target":["https:\/\/noti-america.com\/site\/venezuela\/2026\/03\/01\/el-polifacetico-yoel-diaz-aterrizo-en-san-fernando-de-apure-para-animar-la-eleccion-de-la-reina-de-la-fiesta-del-alma-llanera-2026\/#respond"]}]},{"@type":"WebPage","@id":"https:\/\/noti-america.com\/site\/venezuela\/2026\/03\/01\/el-polifacetico-yoel-diaz-aterrizo-en-san-fernando-de-apure-para-animar-la-eleccion-de-la-reina-de-la-fiesta-del-alma-llanera-2026\/","url":"https:\/\/noti-america.com\/site\/venezuela\/2026\/03\/01\/el-polifacetico-yoel-diaz-aterrizo-en-san-fernando-de-apure-para-animar-la-eleccion-de-la-reina-de-la-fiesta-del-alma-llanera-2026\/","name":"Yoel D\u00edaz conquist\u00f3 San Fernando de Apure en una noche inolvidable para la \"Fiesta del Alma Llanera\" - Venezuela | Noti-America.com","isPartOf":{"@id":"https:\/\/noti-america.com\/site\/venezuela\/#website"},"primaryImageOfPage":{"@id":"https:\/\/noti-america.com\/site\/venezuela\/2026\/03\/01\/el-polifacetico-yoel-diaz-aterrizo-en-san-fernando-de-apure-para-animar-la-eleccion-de-la-reina-de-la-fiesta-del-alma-llanera-2026\/#primaryimage"},"image":{"@id":"https:\/\/noti-america.com\/site\/venezuela\/2026\/03\/01\/el-polifacetico-yoel-diaz-aterrizo-en-san-fernando-de-apure-para-animar-la-eleccion-de-la-reina-de-la-fiesta-del-alma-llanera-2026\/#primaryimage"},"thumbnailUrl":"https:\/\/noti-america.com\/site\/venezuela\/wp-content\/uploads\/sites\/2\/2026\/03\/WhatsApp-Image-2026-02-28-at-21.13.40-1.jpg","datePublished":"2026-03-01T15:17:01+00:00","dateModified":"2026-03-01T15:21:01+00:00","breadcrumb":{"@id":"https:\/\/noti-america.com\/site\/venezuela\/2026\/03\/01\/el-polifacetico-yoel-diaz-aterrizo-en-san-fernando-de-apure-para-animar-la-eleccion-de-la-reina-de-la-fiesta-del-alma-llanera-2026\/#breadcrumb"},"inLanguage":"es","potentialAction":[{"@type":"ReadAction","target":["https:\/\/noti-america.com\/site\/venezuela\/2026\/03\/01\/el-polifacetico-yoel-diaz-aterrizo-en-san-fernando-de-apure-para-animar-la-eleccion-de-la-reina-de-la-fiesta-del-alma-llanera-2026\/"]}]},{"@type":"ImageObject","inLanguage":"es","@id":"https:\/\/noti-america.com\/site\/venezuela\/2026\/03\/01\/el-polifacetico-yoel-diaz-aterrizo-en-san-fernando-de-apure-para-animar-la-eleccion-de-la-reina-de-la-fiesta-del-alma-llanera-2026\/#primaryimage","url":"https:\/\/noti-america.com\/site\/venezuela\/wp-content\/uploads\/sites\/2\/2026\/03\/WhatsApp-Image-2026-02-28-at-21.13.40-1.jpg","contentUrl":"https:\/\/noti-america.com\/site\/venezuela\/wp-content\/uploads\/sites\/2\/2026\/03\/WhatsApp-Image-2026-02-28-at-21.13.40-1.jpg","width":920,"height":563},{"@type":"BreadcrumbList","@id":"https:\/\/noti-america.com\/site\/venezuela\/2026\/03\/01\/el-polifacetico-yoel-diaz-aterrizo-en-san-fernando-de-apure-para-animar-la-eleccion-de-la-reina-de-la-fiesta-del-alma-llanera-2026\/#breadcrumb","itemListElement":[{"@type":"ListItem","position":1,"name":"Portada","item":"https:\/\/noti-america.com\/site\/venezuela\/"},{"@type":"ListItem","position":2,"name":"Yoel D\u00edaz conquist\u00f3 San Fernando de Apure en una noche inolvidable para la \u00abFiesta del Alma Llanera\u00bb"}]},{"@type":"WebSite","@id":"https:\/\/noti-america.com\/site\/venezuela\/#website","url":"https:\/\/noti-america.com\/site\/venezuela\/","name":"Venezuela | Noti-America.com","description":"","publisher":{"@id":"https:\/\/noti-america.com\/site\/venezuela\/#organization"},"potentialAction":[{"@type":"SearchAction","target":{"@type":"EntryPoint","urlTemplate":"https:\/\/noti-america.com\/site\/venezuela\/?s={search_term_string}"},"query-input":{"@type":"PropertyValueSpecification","valueRequired":true,"valueName":"search_term_string"}}],"inLanguage":"es"},{"@type":"Organization","@id":"https:\/\/noti-america.com\/site\/venezuela\/#organization","name":"Noti-America LLC | Venezuela","url":"https:\/\/noti-america.com\/site\/venezuela\/","logo":{"@type":"ImageObject","inLanguage":"es","@id":"https:\/\/noti-america.com\/site\/venezuela\/#\/schema\/logo\/image\/","url":"https:\/\/noti-america.com\/site\/venezuela\/wp-content\/uploads\/sites\/2\/2020\/07\/LogoNA-4x3-1.jpg","contentUrl":"https:\/\/noti-america.com\/site\/venezuela\/wp-content\/uploads\/sites\/2\/2020\/07\/LogoNA-4x3-1.jpg","width":1236,"height":1080,"caption":"Noti-America LLC | Venezuela"},"image":{"@id":"https:\/\/noti-america.com\/site\/venezuela\/#\/schema\/logo\/image\/"}},{"@type":"Person","@id":"https:\/\/noti-america.com\/site\/venezuela\/#\/schema\/person\/376ccc7b3cc7a8d5a43c3ece07a43857","name":"Yoelvzla","image":{"@type":"ImageObject","inLanguage":"es","@id":"https:\/\/secure.gravatar.com\/avatar\/13a96a72123e0e9aa76fe82e8847f726c63a1c5ef6a8d0fadd844c1a5a83b212?s=96&d=mm&r=g","url":"https:\/\/secure.gravatar.com\/avatar\/13a96a72123e0e9aa76fe82e8847f726c63a1c5ef6a8d0fadd844c1a5a83b212?s=96&d=mm&r=g","contentUrl":"https:\/\/secure.gravatar.com\/avatar\/13a96a72123e0e9aa76fe82e8847f726c63a1c5ef6a8d0fadd844c1a5a83b212?s=96&d=mm&r=g","caption":"Yoelvzla"},"url":"https:\/\/noti-america.com\/site\/venezuela\/author\/ydiaz\/"}]}},"_links":{"self":[{"href":"https:\/\/noti-america.com\/site\/venezuela\/wp-json\/wp\/v2\/posts\/51664","targetHints":{"allow":["GET"]}}],"collection":[{"href":"https:\/\/noti-america.com\/site\/venezuela\/wp-json\/wp\/v2\/posts"}],"about":[{"href":"https:\/\/noti-america.com\/site\/venezuela\/wp-json\/wp\/v2\/types\/post"}],"author":[{"embeddable":true,"href":"https:\/\/noti-america.com\/site\/venezuela\/wp-json\/wp\/v2\/users\/127"}],"replies":[{"embeddable":true,"href":"https:\/\/noti-america.com\/site\/venezuela\/wp-json\/wp\/v2\/comments?post=51664"}],"version-history":[{"count":3,"href":"https:\/\/noti-america.com\/site\/venezuela\/wp-json\/wp\/v2\/posts\/51664\/revisions"}],"predecessor-version":[{"id":51668,"href":"https:\/\/noti-america.com\/site\/venezuela\/wp-json\/wp\/v2\/posts\/51664\/revisions\/51668"}],"wp:featuredmedia":[{"embeddable":true,"href":"https:\/\/noti-america.com\/site\/venezuela\/wp-json\/wp\/v2\/media\/51665"}],"wp:attachment":[{"href":"https:\/\/noti-america.com\/site\/venezuela\/wp-json\/wp\/v2\/media?parent=51664"}],"wp:term":[{"taxonomy":"category","embeddable":true,"href":"https:\/\/noti-america.com\/site\/venezuela\/wp-json\/wp\/v2\/categories?post=51664"},{"taxonomy":"post_tag","embeddable":true,"href":"https:\/\/noti-america.com\/site\/venezuela\/wp-json\/wp\/v2\/tags?post=51664"}],"curies":[{"name":"wp","href":"https:\/\/api.w.org\/{rel}","templated":true}]}}