{"id":5105,"date":"2019-02-25T19:34:12","date_gmt":"2019-02-25T19:34:12","guid":{"rendered":"http:\/\/noti-america.com\/site\/venezuela\/?p=5105"},"modified":"2019-02-25T19:34:12","modified_gmt":"2019-02-25T19:34:12","slug":"yanet-garcia-prueba-que-su-trasero-es-natural","status":"publish","type":"post","link":"https:\/\/noti-america.com\/site\/venezuela\/2019\/02\/25\/yanet-garcia-prueba-que-su-trasero-es-natural\/","title":{"rendered":"Yanet Garc\u00eda prueba que su trasero es natural"},"content":{"rendered":"<p><img decoding=\"async\" class=\"aligncenter\" src=\"https:\/\/www.laneta.com\/s3-cached\/portal-laneta\/marilynoviedo\/yanet-garcia-prueba-que-su-trasero-es-natural-01-20190224110836836\" \/><\/p>\n<div style=\"text-align: justify\">Una de las presentadoras m\u00e1s famosas de M\u00e9xico \u201d<strong>Yanet Garc\u00eda\u201d,\u00a0<\/strong>ha despertado pol\u00e9mica luego de colgar algunas fotograf\u00edas y un video donde muestra claramente que sus gl\u00fateos son totalmente naturales.<\/div>\n<div style=\"text-align: justify\">\nSeg\u00fan Lanetanoticias.com: \u201cEn las \u00faltimas semanas se ha puesto en tela de juicio la naturaleza de sus encantos, pues usuarios de las redes aseguran que sus atractivos son resultado de un muy buen cirujano pl\u00e1stico. Por eso, con el fin de callar las cr\u00edticas mal intencionadas a su figura, la presentadora del programa matutino\u00a0<em>Hoy<\/em>\u00a0comparti\u00f3 su rutina de ejercicios en el gimnasio para trabajar la parte inferior de su cuerpo\u201d.<\/div>\n","protected":false},"excerpt":{"rendered":"<p>Una de las presentadoras m\u00e1s famosas de M\u00e9xico \u201dYanet Garc\u00eda\u201d,\u00a0ha despertado pol\u00e9mica luego de colgar algunas fotograf\u00edas y un video donde muestra claramente que sus gl\u00fateos son totalmente naturales. Seg\u00fan Lanetanoticias.com: \u201cEn las \u00faltimas&#46;&#46;&#46;<\/p>\n","protected":false},"author":45,"featured_media":5106,"comment_status":"open","ping_status":"open","sticky":false,"template":"","format":"standard","meta":{"_acf_changed":false,"om_disable_all_campaigns":false,"rop_custom_images_group":[],"rop_custom_messages_group":[],"rop_publish_now":"initial","rop_publish_now_accounts":{"twitter_242054905_242054905":""},"rop_publish_now_history":[],"rop_publish_now_status":"pending","_uf_show_specific_survey":0,"_uf_disable_surveys":false,"footnotes":""},"categories":[8],"tags":[],"class_list":["post-5105","post","type-post","status-publish","format-standard","has-post-thumbnail","hentry","category-arte-y-espectaculos"],"acf":[],"aioseo_notices":[],"yoast_head":"<!-- This site is optimized with the Yoast SEO Premium plugin v24.9 (Yoast SEO v27.2) - https:\/\/yoast.com\/product\/yoast-seo-premium-wordpress\/ -->\n<title>Yanet Garc\u00eda prueba que su trasero es natural - Venezuela | Noti-America.com<\/title>\n<meta name=\"robots\" content=\"index, follow, max-snippet:-1, max-image-preview:large, max-video-preview:-1\" \/>\n<link rel=\"canonical\" href=\"https:\/\/noti-america.com\/site\/venezuela\/2019\/02\/25\/yanet-garcia-prueba-que-su-trasero-es-natural\/\" \/>\n<meta property=\"og:locale\" content=\"es_ES\" \/>\n<meta property=\"og:type\" content=\"article\" \/>\n<meta property=\"og:title\" content=\"Yanet Garc\u00eda prueba que su trasero es natural\" \/>\n<meta property=\"og:description\" content=\"Una de las presentadoras m\u00e1s famosas de M\u00e9xico \u201dYanet Garc\u00eda\u201d,\u00a0ha despertado pol\u00e9mica luego de colgar algunas fotograf\u00edas y un video donde muestra claramente que sus gl\u00fateos son totalmente naturales. Seg\u00fan Lanetanoticias.com: \u201cEn las \u00faltimas&#046;&#046;&#046;\" \/>\n<meta property=\"og:url\" content=\"https:\/\/noti-america.com\/site\/venezuela\/2019\/02\/25\/yanet-garcia-prueba-que-su-trasero-es-natural\/\" \/>\n<meta property=\"og:site_name\" content=\"Venezuela | Noti-America.com\" \/>\n<meta property=\"article:published_time\" content=\"2019-02-25T19:34:12+00:00\" \/>\n<meta property=\"og:image\" content=\"https:\/\/noti-america.com\/site\/venezuela\/wp-content\/uploads\/sites\/2\/2019\/02\/maxresdefault-34994dc617713fb133efd72446a95a64-1200x600.jpg\" \/>\n\t<meta property=\"og:image:width\" content=\"1200\" \/>\n\t<meta property=\"og:image:height\" content=\"600\" \/>\n\t<meta property=\"og:image:type\" content=\"image\/jpeg\" \/>\n<meta name=\"author\" content=\"Marilyn Oviedo\" \/>\n<meta name=\"twitter:card\" content=\"summary_large_image\" \/>\n<meta name=\"twitter:label1\" content=\"Escrito por\" \/>\n\t<meta name=\"twitter:data1\" content=\"Marilyn Oviedo\" \/>\n\t<meta name=\"twitter:label2\" content=\"Tiempo estimado de lectura\" \/>\n\t<meta name=\"twitter:data2\" content=\"1 minuto\" \/>\n<script type=\"application\/ld+json\" class=\"yoast-schema-graph\">{\"@context\":\"https:\/\/schema.org\",\"@graph\":[{\"@type\":\"Article\",\"@id\":\"https:\/\/noti-america.com\/site\/venezuela\/2019\/02\/25\/yanet-garcia-prueba-que-su-trasero-es-natural\/#article\",\"isPartOf\":{\"@id\":\"https:\/\/noti-america.com\/site\/venezuela\/2019\/02\/25\/yanet-garcia-prueba-que-su-trasero-es-natural\/\"},\"author\":{\"name\":\"Marilyn Oviedo\",\"@id\":\"https:\/\/noti-america.com\/site\/venezuela\/#\/schema\/person\/17a6ee8c9af7fe2da084805f2d45e6ef\"},\"headline\":\"Yanet Garc\u00eda prueba que su trasero es natural\",\"datePublished\":\"2019-02-25T19:34:12+00:00\",\"mainEntityOfPage\":{\"@id\":\"https:\/\/noti-america.com\/site\/venezuela\/2019\/02\/25\/yanet-garcia-prueba-que-su-trasero-es-natural\/\"},\"wordCount\":120,\"commentCount\":0,\"publisher\":{\"@id\":\"https:\/\/noti-america.com\/site\/venezuela\/#organization\"},\"image\":{\"@id\":\"https:\/\/noti-america.com\/site\/venezuela\/2019\/02\/25\/yanet-garcia-prueba-que-su-trasero-es-natural\/#primaryimage\"},\"thumbnailUrl\":\"https:\/\/noti-america.com\/site\/venezuela\/wp-content\/uploads\/sites\/2\/2019\/02\/maxresdefault-34994dc617713fb133efd72446a95a64-1200x600.jpg\",\"articleSection\":[\"Arte y Espect\u00e1culos\"],\"inLanguage\":\"es\",\"potentialAction\":[{\"@type\":\"CommentAction\",\"name\":\"Comment\",\"target\":[\"https:\/\/noti-america.com\/site\/venezuela\/2019\/02\/25\/yanet-garcia-prueba-que-su-trasero-es-natural\/#respond\"]}]},{\"@type\":\"WebPage\",\"@id\":\"https:\/\/noti-america.com\/site\/venezuela\/2019\/02\/25\/yanet-garcia-prueba-que-su-trasero-es-natural\/\",\"url\":\"https:\/\/noti-america.com\/site\/venezuela\/2019\/02\/25\/yanet-garcia-prueba-que-su-trasero-es-natural\/\",\"name\":\"Yanet Garc\u00eda prueba que su trasero es natural - Venezuela | Noti-America.com\",\"isPartOf\":{\"@id\":\"https:\/\/noti-america.com\/site\/venezuela\/#website\"},\"primaryImageOfPage\":{\"@id\":\"https:\/\/noti-america.com\/site\/venezuela\/2019\/02\/25\/yanet-garcia-prueba-que-su-trasero-es-natural\/#primaryimage\"},\"image\":{\"@id\":\"https:\/\/noti-america.com\/site\/venezuela\/2019\/02\/25\/yanet-garcia-prueba-que-su-trasero-es-natural\/#primaryimage\"},\"thumbnailUrl\":\"https:\/\/noti-america.com\/site\/venezuela\/wp-content\/uploads\/sites\/2\/2019\/02\/maxresdefault-34994dc617713fb133efd72446a95a64-1200x600.jpg\",\"datePublished\":\"2019-02-25T19:34:12+00:00\",\"breadcrumb\":{\"@id\":\"https:\/\/noti-america.com\/site\/venezuela\/2019\/02\/25\/yanet-garcia-prueba-que-su-trasero-es-natural\/#breadcrumb\"},\"inLanguage\":\"es\",\"potentialAction\":[{\"@type\":\"ReadAction\",\"target\":[\"https:\/\/noti-america.com\/site\/venezuela\/2019\/02\/25\/yanet-garcia-prueba-que-su-trasero-es-natural\/\"]}]},{\"@type\":\"ImageObject\",\"inLanguage\":\"es\",\"@id\":\"https:\/\/noti-america.com\/site\/venezuela\/2019\/02\/25\/yanet-garcia-prueba-que-su-trasero-es-natural\/#primaryimage\",\"url\":\"https:\/\/noti-america.com\/site\/venezuela\/wp-content\/uploads\/sites\/2\/2019\/02\/maxresdefault-34994dc617713fb133efd72446a95a64-1200x600.jpg\",\"contentUrl\":\"https:\/\/noti-america.com\/site\/venezuela\/wp-content\/uploads\/sites\/2\/2019\/02\/maxresdefault-34994dc617713fb133efd72446a95a64-1200x600.jpg\",\"width\":1200,\"height\":600},{\"@type\":\"BreadcrumbList\",\"@id\":\"https:\/\/noti-america.com\/site\/venezuela\/2019\/02\/25\/yanet-garcia-prueba-que-su-trasero-es-natural\/#breadcrumb\",\"itemListElement\":[{\"@type\":\"ListItem\",\"position\":1,\"name\":\"Portada\",\"item\":\"https:\/\/noti-america.com\/site\/venezuela\/\"},{\"@type\":\"ListItem\",\"position\":2,\"name\":\"Yanet Garc\u00eda prueba que su trasero es natural\"}]},{\"@type\":\"WebSite\",\"@id\":\"https:\/\/noti-america.com\/site\/venezuela\/#website\",\"url\":\"https:\/\/noti-america.com\/site\/venezuela\/\",\"name\":\"Venezuela | Noti-America.com\",\"description\":\"\",\"publisher\":{\"@id\":\"https:\/\/noti-america.com\/site\/venezuela\/#organization\"},\"potentialAction\":[{\"@type\":\"SearchAction\",\"target\":{\"@type\":\"EntryPoint\",\"urlTemplate\":\"https:\/\/noti-america.com\/site\/venezuela\/?s={search_term_string}\"},\"query-input\":{\"@type\":\"PropertyValueSpecification\",\"valueRequired\":true,\"valueName\":\"search_term_string\"}}],\"inLanguage\":\"es\"},{\"@type\":\"Organization\",\"@id\":\"https:\/\/noti-america.com\/site\/venezuela\/#organization\",\"name\":\"Noti-America LLC | Venezuela\",\"url\":\"https:\/\/noti-america.com\/site\/venezuela\/\",\"logo\":{\"@type\":\"ImageObject\",\"inLanguage\":\"es\",\"@id\":\"https:\/\/noti-america.com\/site\/venezuela\/#\/schema\/logo\/image\/\",\"url\":\"https:\/\/noti-america.com\/site\/venezuela\/wp-content\/uploads\/sites\/2\/2020\/07\/LogoNA-4x3-1.jpg\",\"contentUrl\":\"https:\/\/noti-america.com\/site\/venezuela\/wp-content\/uploads\/sites\/2\/2020\/07\/LogoNA-4x3-1.jpg\",\"width\":1236,\"height\":1080,\"caption\":\"Noti-America LLC | Venezuela\"},\"image\":{\"@id\":\"https:\/\/noti-america.com\/site\/venezuela\/#\/schema\/logo\/image\/\"}},{\"@type\":\"Person\",\"@id\":\"https:\/\/noti-america.com\/site\/venezuela\/#\/schema\/person\/17a6ee8c9af7fe2da084805f2d45e6ef\",\"name\":\"Marilyn Oviedo\",\"image\":{\"@type\":\"ImageObject\",\"inLanguage\":\"es\",\"@id\":\"https:\/\/secure.gravatar.com\/avatar\/6ab070ce76f64b066017eef1247ecdeb7c01b8e99448b515919552ac2123cc84?s=96&d=mm&r=g\",\"url\":\"https:\/\/secure.gravatar.com\/avatar\/6ab070ce76f64b066017eef1247ecdeb7c01b8e99448b515919552ac2123cc84?s=96&d=mm&r=g\",\"contentUrl\":\"https:\/\/secure.gravatar.com\/avatar\/6ab070ce76f64b066017eef1247ecdeb7c01b8e99448b515919552ac2123cc84?s=96&d=mm&r=g\",\"caption\":\"Marilyn Oviedo\"},\"description\":\"Venezolana, Licenciada en Letras | Productora | Redactora de Contenidos | Community Manager.\",\"url\":\"https:\/\/noti-america.com\/site\/venezuela\/author\/moviedo\/\"}]}<\/script>\n<!-- \/ Yoast SEO Premium plugin. -->","yoast_head_json":{"title":"Yanet Garc\u00eda prueba que su trasero es natural - Venezuela | Noti-America.com","robots":{"index":"index","follow":"follow","max-snippet":"max-snippet:-1","max-image-preview":"max-image-preview:large","max-video-preview":"max-video-preview:-1"},"canonical":"https:\/\/noti-america.com\/site\/venezuela\/2019\/02\/25\/yanet-garcia-prueba-que-su-trasero-es-natural\/","og_locale":"es_ES","og_type":"article","og_title":"Yanet Garc\u00eda prueba que su trasero es natural","og_description":"Una de las presentadoras m\u00e1s famosas de M\u00e9xico \u201dYanet Garc\u00eda\u201d,\u00a0ha despertado pol\u00e9mica luego de colgar algunas fotograf\u00edas y un video donde muestra claramente que sus gl\u00fateos son totalmente naturales. Seg\u00fan Lanetanoticias.com: \u201cEn las \u00faltimas&#46;&#46;&#46;","og_url":"https:\/\/noti-america.com\/site\/venezuela\/2019\/02\/25\/yanet-garcia-prueba-que-su-trasero-es-natural\/","og_site_name":"Venezuela | Noti-America.com","article_published_time":"2019-02-25T19:34:12+00:00","og_image":[{"width":1200,"height":600,"url":"https:\/\/noti-america.com\/site\/venezuela\/wp-content\/uploads\/sites\/2\/2019\/02\/maxresdefault-34994dc617713fb133efd72446a95a64-1200x600.jpg","type":"image\/jpeg"}],"author":"Marilyn Oviedo","twitter_card":"summary_large_image","twitter_misc":{"Escrito por":"Marilyn Oviedo","Tiempo estimado de lectura":"1 minuto"},"schema":{"@context":"https:\/\/schema.org","@graph":[{"@type":"Article","@id":"https:\/\/noti-america.com\/site\/venezuela\/2019\/02\/25\/yanet-garcia-prueba-que-su-trasero-es-natural\/#article","isPartOf":{"@id":"https:\/\/noti-america.com\/site\/venezuela\/2019\/02\/25\/yanet-garcia-prueba-que-su-trasero-es-natural\/"},"author":{"name":"Marilyn Oviedo","@id":"https:\/\/noti-america.com\/site\/venezuela\/#\/schema\/person\/17a6ee8c9af7fe2da084805f2d45e6ef"},"headline":"Yanet Garc\u00eda prueba que su trasero es natural","datePublished":"2019-02-25T19:34:12+00:00","mainEntityOfPage":{"@id":"https:\/\/noti-america.com\/site\/venezuela\/2019\/02\/25\/yanet-garcia-prueba-que-su-trasero-es-natural\/"},"wordCount":120,"commentCount":0,"publisher":{"@id":"https:\/\/noti-america.com\/site\/venezuela\/#organization"},"image":{"@id":"https:\/\/noti-america.com\/site\/venezuela\/2019\/02\/25\/yanet-garcia-prueba-que-su-trasero-es-natural\/#primaryimage"},"thumbnailUrl":"https:\/\/noti-america.com\/site\/venezuela\/wp-content\/uploads\/sites\/2\/2019\/02\/maxresdefault-34994dc617713fb133efd72446a95a64-1200x600.jpg","articleSection":["Arte y Espect\u00e1culos"],"inLanguage":"es","potentialAction":[{"@type":"CommentAction","name":"Comment","target":["https:\/\/noti-america.com\/site\/venezuela\/2019\/02\/25\/yanet-garcia-prueba-que-su-trasero-es-natural\/#respond"]}]},{"@type":"WebPage","@id":"https:\/\/noti-america.com\/site\/venezuela\/2019\/02\/25\/yanet-garcia-prueba-que-su-trasero-es-natural\/","url":"https:\/\/noti-america.com\/site\/venezuela\/2019\/02\/25\/yanet-garcia-prueba-que-su-trasero-es-natural\/","name":"Yanet Garc\u00eda prueba que su trasero es natural - Venezuela | Noti-America.com","isPartOf":{"@id":"https:\/\/noti-america.com\/site\/venezuela\/#website"},"primaryImageOfPage":{"@id":"https:\/\/noti-america.com\/site\/venezuela\/2019\/02\/25\/yanet-garcia-prueba-que-su-trasero-es-natural\/#primaryimage"},"image":{"@id":"https:\/\/noti-america.com\/site\/venezuela\/2019\/02\/25\/yanet-garcia-prueba-que-su-trasero-es-natural\/#primaryimage"},"thumbnailUrl":"https:\/\/noti-america.com\/site\/venezuela\/wp-content\/uploads\/sites\/2\/2019\/02\/maxresdefault-34994dc617713fb133efd72446a95a64-1200x600.jpg","datePublished":"2019-02-25T19:34:12+00:00","breadcrumb":{"@id":"https:\/\/noti-america.com\/site\/venezuela\/2019\/02\/25\/yanet-garcia-prueba-que-su-trasero-es-natural\/#breadcrumb"},"inLanguage":"es","potentialAction":[{"@type":"ReadAction","target":["https:\/\/noti-america.com\/site\/venezuela\/2019\/02\/25\/yanet-garcia-prueba-que-su-trasero-es-natural\/"]}]},{"@type":"ImageObject","inLanguage":"es","@id":"https:\/\/noti-america.com\/site\/venezuela\/2019\/02\/25\/yanet-garcia-prueba-que-su-trasero-es-natural\/#primaryimage","url":"https:\/\/noti-america.com\/site\/venezuela\/wp-content\/uploads\/sites\/2\/2019\/02\/maxresdefault-34994dc617713fb133efd72446a95a64-1200x600.jpg","contentUrl":"https:\/\/noti-america.com\/site\/venezuela\/wp-content\/uploads\/sites\/2\/2019\/02\/maxresdefault-34994dc617713fb133efd72446a95a64-1200x600.jpg","width":1200,"height":600},{"@type":"BreadcrumbList","@id":"https:\/\/noti-america.com\/site\/venezuela\/2019\/02\/25\/yanet-garcia-prueba-que-su-trasero-es-natural\/#breadcrumb","itemListElement":[{"@type":"ListItem","position":1,"name":"Portada","item":"https:\/\/noti-america.com\/site\/venezuela\/"},{"@type":"ListItem","position":2,"name":"Yanet Garc\u00eda prueba que su trasero es natural"}]},{"@type":"WebSite","@id":"https:\/\/noti-america.com\/site\/venezuela\/#website","url":"https:\/\/noti-america.com\/site\/venezuela\/","name":"Venezuela | Noti-America.com","description":"","publisher":{"@id":"https:\/\/noti-america.com\/site\/venezuela\/#organization"},"potentialAction":[{"@type":"SearchAction","target":{"@type":"EntryPoint","urlTemplate":"https:\/\/noti-america.com\/site\/venezuela\/?s={search_term_string}"},"query-input":{"@type":"PropertyValueSpecification","valueRequired":true,"valueName":"search_term_string"}}],"inLanguage":"es"},{"@type":"Organization","@id":"https:\/\/noti-america.com\/site\/venezuela\/#organization","name":"Noti-America LLC | Venezuela","url":"https:\/\/noti-america.com\/site\/venezuela\/","logo":{"@type":"ImageObject","inLanguage":"es","@id":"https:\/\/noti-america.com\/site\/venezuela\/#\/schema\/logo\/image\/","url":"https:\/\/noti-america.com\/site\/venezuela\/wp-content\/uploads\/sites\/2\/2020\/07\/LogoNA-4x3-1.jpg","contentUrl":"https:\/\/noti-america.com\/site\/venezuela\/wp-content\/uploads\/sites\/2\/2020\/07\/LogoNA-4x3-1.jpg","width":1236,"height":1080,"caption":"Noti-America LLC | Venezuela"},"image":{"@id":"https:\/\/noti-america.com\/site\/venezuela\/#\/schema\/logo\/image\/"}},{"@type":"Person","@id":"https:\/\/noti-america.com\/site\/venezuela\/#\/schema\/person\/17a6ee8c9af7fe2da084805f2d45e6ef","name":"Marilyn Oviedo","image":{"@type":"ImageObject","inLanguage":"es","@id":"https:\/\/secure.gravatar.com\/avatar\/6ab070ce76f64b066017eef1247ecdeb7c01b8e99448b515919552ac2123cc84?s=96&d=mm&r=g","url":"https:\/\/secure.gravatar.com\/avatar\/6ab070ce76f64b066017eef1247ecdeb7c01b8e99448b515919552ac2123cc84?s=96&d=mm&r=g","contentUrl":"https:\/\/secure.gravatar.com\/avatar\/6ab070ce76f64b066017eef1247ecdeb7c01b8e99448b515919552ac2123cc84?s=96&d=mm&r=g","caption":"Marilyn Oviedo"},"description":"Venezolana, Licenciada en Letras | Productora | Redactora de Contenidos | Community Manager.","url":"https:\/\/noti-america.com\/site\/venezuela\/author\/moviedo\/"}]}},"_links":{"self":[{"href":"https:\/\/noti-america.com\/site\/venezuela\/wp-json\/wp\/v2\/posts\/5105","targetHints":{"allow":["GET"]}}],"collection":[{"href":"https:\/\/noti-america.com\/site\/venezuela\/wp-json\/wp\/v2\/posts"}],"about":[{"href":"https:\/\/noti-america.com\/site\/venezuela\/wp-json\/wp\/v2\/types\/post"}],"author":[{"embeddable":true,"href":"https:\/\/noti-america.com\/site\/venezuela\/wp-json\/wp\/v2\/users\/45"}],"replies":[{"embeddable":true,"href":"https:\/\/noti-america.com\/site\/venezuela\/wp-json\/wp\/v2\/comments?post=5105"}],"version-history":[{"count":1,"href":"https:\/\/noti-america.com\/site\/venezuela\/wp-json\/wp\/v2\/posts\/5105\/revisions"}],"predecessor-version":[{"id":5107,"href":"https:\/\/noti-america.com\/site\/venezuela\/wp-json\/wp\/v2\/posts\/5105\/revisions\/5107"}],"wp:featuredmedia":[{"embeddable":true,"href":"https:\/\/noti-america.com\/site\/venezuela\/wp-json\/wp\/v2\/media\/5106"}],"wp:attachment":[{"href":"https:\/\/noti-america.com\/site\/venezuela\/wp-json\/wp\/v2\/media?parent=5105"}],"wp:term":[{"taxonomy":"category","embeddable":true,"href":"https:\/\/noti-america.com\/site\/venezuela\/wp-json\/wp\/v2\/categories?post=5105"},{"taxonomy":"post_tag","embeddable":true,"href":"https:\/\/noti-america.com\/site\/venezuela\/wp-json\/wp\/v2\/tags?post=5105"}],"curies":[{"name":"wp","href":"https:\/\/api.w.org\/{rel}","templated":true}]}}