{"id":5080,"date":"2019-02-24T02:24:49","date_gmt":"2019-02-24T02:24:49","guid":{"rendered":"http:\/\/noti-america.com\/site\/venezuela\/?p=5080"},"modified":"2019-02-24T02:24:49","modified_gmt":"2019-02-24T02:24:49","slug":"venezuela-rompe-relaciones-con-gobierno-de-colombia","status":"publish","type":"post","link":"https:\/\/noti-america.com\/site\/venezuela\/2019\/02\/24\/venezuela-rompe-relaciones-con-gobierno-de-colombia\/","title":{"rendered":"Venezuela rompe relaciones con Gobierno de Colombia"},"content":{"rendered":"<div class=\"row post-author-wrap in collapse\" aria-hidden=\"false\">\n<div><img decoding=\"async\" class=\"aligncenter\" src=\"https:\/\/www.laneta.com\/s3-cached\/portal-laneta\/engel19cfc\/venezuela-rompe-relaciones-con-gobierno-de-colombia-01-20190223317271727\" \/><\/div>\n<div><\/div>\n<div style=\"text-align: justify\">El presidente constitucional de Venezuela, Nicol\u00e1s Maduro, anunci\u00f3 el rompimiento de relaciones diplom\u00e1ticas con el Gobierno de Colombia, luego de que la administraci\u00f3n de Iv\u00e1n Duque, permitiera la \u00abagresi\u00f3n contra Venezuela\u00bb, por presiones de Estados Unidos, al tratar de \u00abingresar\u00bb a la fuerza la supuesta \u00abayuda humanitaria\u00bb.<\/p>\n<p>De acuerdo a lo rese\u00f1ado por la televisora estatal, el mandatario realiz\u00f3 el anuncio ante decenas de miles de personas que marcharon en las calles de la ciudad capital Caracas, en respaldo a su Gobierno y contra la \u00abagresi\u00f3n imperialista de Trump\u00bb.<\/p>\n<p>As\u00ed mismo, le dio 24 horas al personal de la embajada de Colombia para retirarse.<\/p><\/div>\n<\/div>\n","protected":false},"excerpt":{"rendered":"<p>El presidente constitucional de Venezuela, Nicol\u00e1s Maduro, anunci\u00f3 el rompimiento de relaciones diplom\u00e1ticas con el Gobierno de Colombia, luego de que la administraci\u00f3n de Iv\u00e1n Duque, permitiera la \u00abagresi\u00f3n contra Venezuela\u00bb, por presiones de&#46;&#46;&#46;<\/p>\n","protected":false},"author":4,"featured_media":5081,"comment_status":"open","ping_status":"open","sticky":false,"template":"","format":"standard","meta":{"_acf_changed":false,"om_disable_all_campaigns":false,"rop_custom_images_group":[],"rop_custom_messages_group":[],"rop_publish_now":"initial","rop_publish_now_accounts":{"twitter_242054905_242054905":""},"rop_publish_now_history":[],"rop_publish_now_status":"pending","_uf_show_specific_survey":0,"_uf_disable_surveys":false,"footnotes":""},"categories":[3,156],"tags":[],"class_list":["post-5080","post","type-post","status-publish","format-standard","has-post-thumbnail","hentry","category-politica","category-venezuela"],"acf":[],"aioseo_notices":[],"yoast_head":"<!-- This site is optimized with the Yoast SEO Premium plugin v24.9 (Yoast SEO v27.2) - https:\/\/yoast.com\/product\/yoast-seo-premium-wordpress\/ -->\n<title>Venezuela rompe relaciones con Gobierno de Colombia - Venezuela | Noti-America.com<\/title>\n<meta name=\"robots\" content=\"index, follow, max-snippet:-1, max-image-preview:large, max-video-preview:-1\" \/>\n<link rel=\"canonical\" href=\"https:\/\/noti-america.com\/site\/venezuela\/2019\/02\/24\/venezuela-rompe-relaciones-con-gobierno-de-colombia\/\" \/>\n<meta property=\"og:locale\" content=\"es_ES\" \/>\n<meta property=\"og:type\" content=\"article\" \/>\n<meta property=\"og:title\" content=\"Venezuela rompe relaciones con Gobierno de Colombia\" \/>\n<meta property=\"og:description\" content=\"El presidente constitucional de Venezuela, Nicol\u00e1s Maduro, anunci\u00f3 el rompimiento de relaciones diplom\u00e1ticas con el Gobierno de Colombia, luego de que la administraci\u00f3n de Iv\u00e1n Duque, permitiera la \u00abagresi\u00f3n contra Venezuela\u00bb, por presiones de&#046;&#046;&#046;\" \/>\n<meta property=\"og:url\" content=\"https:\/\/noti-america.com\/site\/venezuela\/2019\/02\/24\/venezuela-rompe-relaciones-con-gobierno-de-colombia\/\" \/>\n<meta property=\"og:site_name\" content=\"Venezuela | Noti-America.com\" \/>\n<meta property=\"article:author\" content=\"https:\/\/www.facebook.com\/AndresSalazarTV\/\" \/>\n<meta property=\"article:published_time\" content=\"2019-02-24T02:24:49+00:00\" \/>\n<meta property=\"og:image\" content=\"https:\/\/noti-america.com\/site\/venezuela\/wp-content\/uploads\/sites\/2\/2019\/02\/venezuela-rompe-relaciones-con-gobierno-de-colombia-01-20190223317271727.jpg\" \/>\n\t<meta property=\"og:image:width\" content=\"900\" \/>\n\t<meta property=\"og:image:height\" content=\"506\" \/>\n\t<meta property=\"og:image:type\" content=\"image\/jpeg\" \/>\n<meta name=\"author\" content=\"Andr\u00e9s Salazar TV\" \/>\n<meta name=\"twitter:card\" content=\"summary_large_image\" \/>\n<meta name=\"twitter:label1\" content=\"Escrito por\" \/>\n\t<meta name=\"twitter:data1\" content=\"Andr\u00e9s Salazar TV\" \/>\n\t<meta name=\"twitter:label2\" content=\"Tiempo estimado de lectura\" \/>\n\t<meta name=\"twitter:data2\" content=\"1 minuto\" \/>\n<script type=\"application\/ld+json\" class=\"yoast-schema-graph\">{\"@context\":\"https:\/\/schema.org\",\"@graph\":[{\"@type\":\"Article\",\"@id\":\"https:\/\/noti-america.com\/site\/venezuela\/2019\/02\/24\/venezuela-rompe-relaciones-con-gobierno-de-colombia\/#article\",\"isPartOf\":{\"@id\":\"https:\/\/noti-america.com\/site\/venezuela\/2019\/02\/24\/venezuela-rompe-relaciones-con-gobierno-de-colombia\/\"},\"author\":{\"name\":\"Andr\u00e9s Salazar TV\",\"@id\":\"https:\/\/noti-america.com\/site\/venezuela\/#\/schema\/person\/5536bbfd0e2b9220dabb68be6a79e6a2\"},\"headline\":\"Venezuela rompe relaciones con Gobierno de Colombia\",\"datePublished\":\"2019-02-24T02:24:49+00:00\",\"mainEntityOfPage\":{\"@id\":\"https:\/\/noti-america.com\/site\/venezuela\/2019\/02\/24\/venezuela-rompe-relaciones-con-gobierno-de-colombia\/\"},\"wordCount\":117,\"commentCount\":0,\"publisher\":{\"@id\":\"https:\/\/noti-america.com\/site\/venezuela\/#organization\"},\"image\":{\"@id\":\"https:\/\/noti-america.com\/site\/venezuela\/2019\/02\/24\/venezuela-rompe-relaciones-con-gobierno-de-colombia\/#primaryimage\"},\"thumbnailUrl\":\"https:\/\/noti-america.com\/site\/venezuela\/wp-content\/uploads\/sites\/2\/2019\/02\/venezuela-rompe-relaciones-con-gobierno-de-colombia-01-20190223317271727.jpg\",\"articleSection\":[\"Pol\u00edtica\",\"Venezuela\"],\"inLanguage\":\"es\",\"potentialAction\":[{\"@type\":\"CommentAction\",\"name\":\"Comment\",\"target\":[\"https:\/\/noti-america.com\/site\/venezuela\/2019\/02\/24\/venezuela-rompe-relaciones-con-gobierno-de-colombia\/#respond\"]}]},{\"@type\":\"WebPage\",\"@id\":\"https:\/\/noti-america.com\/site\/venezuela\/2019\/02\/24\/venezuela-rompe-relaciones-con-gobierno-de-colombia\/\",\"url\":\"https:\/\/noti-america.com\/site\/venezuela\/2019\/02\/24\/venezuela-rompe-relaciones-con-gobierno-de-colombia\/\",\"name\":\"Venezuela rompe relaciones con Gobierno de Colombia - Venezuela | Noti-America.com\",\"isPartOf\":{\"@id\":\"https:\/\/noti-america.com\/site\/venezuela\/#website\"},\"primaryImageOfPage\":{\"@id\":\"https:\/\/noti-america.com\/site\/venezuela\/2019\/02\/24\/venezuela-rompe-relaciones-con-gobierno-de-colombia\/#primaryimage\"},\"image\":{\"@id\":\"https:\/\/noti-america.com\/site\/venezuela\/2019\/02\/24\/venezuela-rompe-relaciones-con-gobierno-de-colombia\/#primaryimage\"},\"thumbnailUrl\":\"https:\/\/noti-america.com\/site\/venezuela\/wp-content\/uploads\/sites\/2\/2019\/02\/venezuela-rompe-relaciones-con-gobierno-de-colombia-01-20190223317271727.jpg\",\"datePublished\":\"2019-02-24T02:24:49+00:00\",\"breadcrumb\":{\"@id\":\"https:\/\/noti-america.com\/site\/venezuela\/2019\/02\/24\/venezuela-rompe-relaciones-con-gobierno-de-colombia\/#breadcrumb\"},\"inLanguage\":\"es\",\"potentialAction\":[{\"@type\":\"ReadAction\",\"target\":[\"https:\/\/noti-america.com\/site\/venezuela\/2019\/02\/24\/venezuela-rompe-relaciones-con-gobierno-de-colombia\/\"]}]},{\"@type\":\"ImageObject\",\"inLanguage\":\"es\",\"@id\":\"https:\/\/noti-america.com\/site\/venezuela\/2019\/02\/24\/venezuela-rompe-relaciones-con-gobierno-de-colombia\/#primaryimage\",\"url\":\"https:\/\/noti-america.com\/site\/venezuela\/wp-content\/uploads\/sites\/2\/2019\/02\/venezuela-rompe-relaciones-con-gobierno-de-colombia-01-20190223317271727.jpg\",\"contentUrl\":\"https:\/\/noti-america.com\/site\/venezuela\/wp-content\/uploads\/sites\/2\/2019\/02\/venezuela-rompe-relaciones-con-gobierno-de-colombia-01-20190223317271727.jpg\",\"width\":900,\"height\":506},{\"@type\":\"BreadcrumbList\",\"@id\":\"https:\/\/noti-america.com\/site\/venezuela\/2019\/02\/24\/venezuela-rompe-relaciones-con-gobierno-de-colombia\/#breadcrumb\",\"itemListElement\":[{\"@type\":\"ListItem\",\"position\":1,\"name\":\"Portada\",\"item\":\"https:\/\/noti-america.com\/site\/venezuela\/\"},{\"@type\":\"ListItem\",\"position\":2,\"name\":\"Venezuela rompe relaciones con Gobierno de Colombia\"}]},{\"@type\":\"WebSite\",\"@id\":\"https:\/\/noti-america.com\/site\/venezuela\/#website\",\"url\":\"https:\/\/noti-america.com\/site\/venezuela\/\",\"name\":\"Venezuela | Noti-America.com\",\"description\":\"\",\"publisher\":{\"@id\":\"https:\/\/noti-america.com\/site\/venezuela\/#organization\"},\"potentialAction\":[{\"@type\":\"SearchAction\",\"target\":{\"@type\":\"EntryPoint\",\"urlTemplate\":\"https:\/\/noti-america.com\/site\/venezuela\/?s={search_term_string}\"},\"query-input\":{\"@type\":\"PropertyValueSpecification\",\"valueRequired\":true,\"valueName\":\"search_term_string\"}}],\"inLanguage\":\"es\"},{\"@type\":\"Organization\",\"@id\":\"https:\/\/noti-america.com\/site\/venezuela\/#organization\",\"name\":\"Noti-America LLC | Venezuela\",\"url\":\"https:\/\/noti-america.com\/site\/venezuela\/\",\"logo\":{\"@type\":\"ImageObject\",\"inLanguage\":\"es\",\"@id\":\"https:\/\/noti-america.com\/site\/venezuela\/#\/schema\/logo\/image\/\",\"url\":\"https:\/\/noti-america.com\/site\/venezuela\/wp-content\/uploads\/sites\/2\/2020\/07\/LogoNA-4x3-1.jpg\",\"contentUrl\":\"https:\/\/noti-america.com\/site\/venezuela\/wp-content\/uploads\/sites\/2\/2020\/07\/LogoNA-4x3-1.jpg\",\"width\":1236,\"height\":1080,\"caption\":\"Noti-America LLC | Venezuela\"},\"image\":{\"@id\":\"https:\/\/noti-america.com\/site\/venezuela\/#\/schema\/logo\/image\/\"}},{\"@type\":\"Person\",\"@id\":\"https:\/\/noti-america.com\/site\/venezuela\/#\/schema\/person\/5536bbfd0e2b9220dabb68be6a79e6a2\",\"name\":\"Andr\u00e9s Salazar TV\",\"image\":{\"@type\":\"ImageObject\",\"inLanguage\":\"es\",\"@id\":\"https:\/\/secure.gravatar.com\/avatar\/afe6826ba750395b641021d9bf08e5496b9d29671cfabb16346350901fb94310?s=96&d=mm&r=g\",\"url\":\"https:\/\/secure.gravatar.com\/avatar\/afe6826ba750395b641021d9bf08e5496b9d29671cfabb16346350901fb94310?s=96&d=mm&r=g\",\"contentUrl\":\"https:\/\/secure.gravatar.com\/avatar\/afe6826ba750395b641021d9bf08e5496b9d29671cfabb16346350901fb94310?s=96&d=mm&r=g\",\"caption\":\"Andr\u00e9s Salazar TV\"},\"description\":\"Andr\u00e9s Salazar. Corresponsal de Noti-Am\u00e9rica en Venezuela. Periodista con m\u00e1s de 14 a\u00f1os de trayectoria en la cobertura de hechos informativos. Amplia experiencia en la narrativa de eventos deportivos, musicales y sucesos de \u00faltima hora.\",\"sameAs\":[\"https:\/\/www.facebook.com\/AndresSalazarTV\/\",\"https:\/\/youtube.com\/@andressalazartv?si=fYrt2l__ee2OK_Fh\"],\"url\":\"https:\/\/noti-america.com\/site\/venezuela\/author\/asalazar\/\"}]}<\/script>\n<!-- \/ Yoast SEO Premium plugin. -->","yoast_head_json":{"title":"Venezuela rompe relaciones con Gobierno de Colombia - Venezuela | Noti-America.com","robots":{"index":"index","follow":"follow","max-snippet":"max-snippet:-1","max-image-preview":"max-image-preview:large","max-video-preview":"max-video-preview:-1"},"canonical":"https:\/\/noti-america.com\/site\/venezuela\/2019\/02\/24\/venezuela-rompe-relaciones-con-gobierno-de-colombia\/","og_locale":"es_ES","og_type":"article","og_title":"Venezuela rompe relaciones con Gobierno de Colombia","og_description":"El presidente constitucional de Venezuela, Nicol\u00e1s Maduro, anunci\u00f3 el rompimiento de relaciones diplom\u00e1ticas con el Gobierno de Colombia, luego de que la administraci\u00f3n de Iv\u00e1n Duque, permitiera la \u00abagresi\u00f3n contra Venezuela\u00bb, por presiones de&#46;&#46;&#46;","og_url":"https:\/\/noti-america.com\/site\/venezuela\/2019\/02\/24\/venezuela-rompe-relaciones-con-gobierno-de-colombia\/","og_site_name":"Venezuela | Noti-America.com","article_author":"https:\/\/www.facebook.com\/AndresSalazarTV\/","article_published_time":"2019-02-24T02:24:49+00:00","og_image":[{"width":900,"height":506,"url":"https:\/\/noti-america.com\/site\/venezuela\/wp-content\/uploads\/sites\/2\/2019\/02\/venezuela-rompe-relaciones-con-gobierno-de-colombia-01-20190223317271727.jpg","type":"image\/jpeg"}],"author":"Andr\u00e9s Salazar TV","twitter_card":"summary_large_image","twitter_misc":{"Escrito por":"Andr\u00e9s Salazar TV","Tiempo estimado de lectura":"1 minuto"},"schema":{"@context":"https:\/\/schema.org","@graph":[{"@type":"Article","@id":"https:\/\/noti-america.com\/site\/venezuela\/2019\/02\/24\/venezuela-rompe-relaciones-con-gobierno-de-colombia\/#article","isPartOf":{"@id":"https:\/\/noti-america.com\/site\/venezuela\/2019\/02\/24\/venezuela-rompe-relaciones-con-gobierno-de-colombia\/"},"author":{"name":"Andr\u00e9s Salazar TV","@id":"https:\/\/noti-america.com\/site\/venezuela\/#\/schema\/person\/5536bbfd0e2b9220dabb68be6a79e6a2"},"headline":"Venezuela rompe relaciones con Gobierno de Colombia","datePublished":"2019-02-24T02:24:49+00:00","mainEntityOfPage":{"@id":"https:\/\/noti-america.com\/site\/venezuela\/2019\/02\/24\/venezuela-rompe-relaciones-con-gobierno-de-colombia\/"},"wordCount":117,"commentCount":0,"publisher":{"@id":"https:\/\/noti-america.com\/site\/venezuela\/#organization"},"image":{"@id":"https:\/\/noti-america.com\/site\/venezuela\/2019\/02\/24\/venezuela-rompe-relaciones-con-gobierno-de-colombia\/#primaryimage"},"thumbnailUrl":"https:\/\/noti-america.com\/site\/venezuela\/wp-content\/uploads\/sites\/2\/2019\/02\/venezuela-rompe-relaciones-con-gobierno-de-colombia-01-20190223317271727.jpg","articleSection":["Pol\u00edtica","Venezuela"],"inLanguage":"es","potentialAction":[{"@type":"CommentAction","name":"Comment","target":["https:\/\/noti-america.com\/site\/venezuela\/2019\/02\/24\/venezuela-rompe-relaciones-con-gobierno-de-colombia\/#respond"]}]},{"@type":"WebPage","@id":"https:\/\/noti-america.com\/site\/venezuela\/2019\/02\/24\/venezuela-rompe-relaciones-con-gobierno-de-colombia\/","url":"https:\/\/noti-america.com\/site\/venezuela\/2019\/02\/24\/venezuela-rompe-relaciones-con-gobierno-de-colombia\/","name":"Venezuela rompe relaciones con Gobierno de Colombia - Venezuela | Noti-America.com","isPartOf":{"@id":"https:\/\/noti-america.com\/site\/venezuela\/#website"},"primaryImageOfPage":{"@id":"https:\/\/noti-america.com\/site\/venezuela\/2019\/02\/24\/venezuela-rompe-relaciones-con-gobierno-de-colombia\/#primaryimage"},"image":{"@id":"https:\/\/noti-america.com\/site\/venezuela\/2019\/02\/24\/venezuela-rompe-relaciones-con-gobierno-de-colombia\/#primaryimage"},"thumbnailUrl":"https:\/\/noti-america.com\/site\/venezuela\/wp-content\/uploads\/sites\/2\/2019\/02\/venezuela-rompe-relaciones-con-gobierno-de-colombia-01-20190223317271727.jpg","datePublished":"2019-02-24T02:24:49+00:00","breadcrumb":{"@id":"https:\/\/noti-america.com\/site\/venezuela\/2019\/02\/24\/venezuela-rompe-relaciones-con-gobierno-de-colombia\/#breadcrumb"},"inLanguage":"es","potentialAction":[{"@type":"ReadAction","target":["https:\/\/noti-america.com\/site\/venezuela\/2019\/02\/24\/venezuela-rompe-relaciones-con-gobierno-de-colombia\/"]}]},{"@type":"ImageObject","inLanguage":"es","@id":"https:\/\/noti-america.com\/site\/venezuela\/2019\/02\/24\/venezuela-rompe-relaciones-con-gobierno-de-colombia\/#primaryimage","url":"https:\/\/noti-america.com\/site\/venezuela\/wp-content\/uploads\/sites\/2\/2019\/02\/venezuela-rompe-relaciones-con-gobierno-de-colombia-01-20190223317271727.jpg","contentUrl":"https:\/\/noti-america.com\/site\/venezuela\/wp-content\/uploads\/sites\/2\/2019\/02\/venezuela-rompe-relaciones-con-gobierno-de-colombia-01-20190223317271727.jpg","width":900,"height":506},{"@type":"BreadcrumbList","@id":"https:\/\/noti-america.com\/site\/venezuela\/2019\/02\/24\/venezuela-rompe-relaciones-con-gobierno-de-colombia\/#breadcrumb","itemListElement":[{"@type":"ListItem","position":1,"name":"Portada","item":"https:\/\/noti-america.com\/site\/venezuela\/"},{"@type":"ListItem","position":2,"name":"Venezuela rompe relaciones con Gobierno de Colombia"}]},{"@type":"WebSite","@id":"https:\/\/noti-america.com\/site\/venezuela\/#website","url":"https:\/\/noti-america.com\/site\/venezuela\/","name":"Venezuela | Noti-America.com","description":"","publisher":{"@id":"https:\/\/noti-america.com\/site\/venezuela\/#organization"},"potentialAction":[{"@type":"SearchAction","target":{"@type":"EntryPoint","urlTemplate":"https:\/\/noti-america.com\/site\/venezuela\/?s={search_term_string}"},"query-input":{"@type":"PropertyValueSpecification","valueRequired":true,"valueName":"search_term_string"}}],"inLanguage":"es"},{"@type":"Organization","@id":"https:\/\/noti-america.com\/site\/venezuela\/#organization","name":"Noti-America LLC | Venezuela","url":"https:\/\/noti-america.com\/site\/venezuela\/","logo":{"@type":"ImageObject","inLanguage":"es","@id":"https:\/\/noti-america.com\/site\/venezuela\/#\/schema\/logo\/image\/","url":"https:\/\/noti-america.com\/site\/venezuela\/wp-content\/uploads\/sites\/2\/2020\/07\/LogoNA-4x3-1.jpg","contentUrl":"https:\/\/noti-america.com\/site\/venezuela\/wp-content\/uploads\/sites\/2\/2020\/07\/LogoNA-4x3-1.jpg","width":1236,"height":1080,"caption":"Noti-America LLC | Venezuela"},"image":{"@id":"https:\/\/noti-america.com\/site\/venezuela\/#\/schema\/logo\/image\/"}},{"@type":"Person","@id":"https:\/\/noti-america.com\/site\/venezuela\/#\/schema\/person\/5536bbfd0e2b9220dabb68be6a79e6a2","name":"Andr\u00e9s Salazar TV","image":{"@type":"ImageObject","inLanguage":"es","@id":"https:\/\/secure.gravatar.com\/avatar\/afe6826ba750395b641021d9bf08e5496b9d29671cfabb16346350901fb94310?s=96&d=mm&r=g","url":"https:\/\/secure.gravatar.com\/avatar\/afe6826ba750395b641021d9bf08e5496b9d29671cfabb16346350901fb94310?s=96&d=mm&r=g","contentUrl":"https:\/\/secure.gravatar.com\/avatar\/afe6826ba750395b641021d9bf08e5496b9d29671cfabb16346350901fb94310?s=96&d=mm&r=g","caption":"Andr\u00e9s Salazar TV"},"description":"Andr\u00e9s Salazar. Corresponsal de Noti-Am\u00e9rica en Venezuela. Periodista con m\u00e1s de 14 a\u00f1os de trayectoria en la cobertura de hechos informativos. Amplia experiencia en la narrativa de eventos deportivos, musicales y sucesos de \u00faltima hora.","sameAs":["https:\/\/www.facebook.com\/AndresSalazarTV\/","https:\/\/youtube.com\/@andressalazartv?si=fYrt2l__ee2OK_Fh"],"url":"https:\/\/noti-america.com\/site\/venezuela\/author\/asalazar\/"}]}},"_links":{"self":[{"href":"https:\/\/noti-america.com\/site\/venezuela\/wp-json\/wp\/v2\/posts\/5080","targetHints":{"allow":["GET"]}}],"collection":[{"href":"https:\/\/noti-america.com\/site\/venezuela\/wp-json\/wp\/v2\/posts"}],"about":[{"href":"https:\/\/noti-america.com\/site\/venezuela\/wp-json\/wp\/v2\/types\/post"}],"author":[{"embeddable":true,"href":"https:\/\/noti-america.com\/site\/venezuela\/wp-json\/wp\/v2\/users\/4"}],"replies":[{"embeddable":true,"href":"https:\/\/noti-america.com\/site\/venezuela\/wp-json\/wp\/v2\/comments?post=5080"}],"version-history":[{"count":1,"href":"https:\/\/noti-america.com\/site\/venezuela\/wp-json\/wp\/v2\/posts\/5080\/revisions"}],"predecessor-version":[{"id":5082,"href":"https:\/\/noti-america.com\/site\/venezuela\/wp-json\/wp\/v2\/posts\/5080\/revisions\/5082"}],"wp:featuredmedia":[{"embeddable":true,"href":"https:\/\/noti-america.com\/site\/venezuela\/wp-json\/wp\/v2\/media\/5081"}],"wp:attachment":[{"href":"https:\/\/noti-america.com\/site\/venezuela\/wp-json\/wp\/v2\/media?parent=5080"}],"wp:term":[{"taxonomy":"category","embeddable":true,"href":"https:\/\/noti-america.com\/site\/venezuela\/wp-json\/wp\/v2\/categories?post=5080"},{"taxonomy":"post_tag","embeddable":true,"href":"https:\/\/noti-america.com\/site\/venezuela\/wp-json\/wp\/v2\/tags?post=5080"}],"curies":[{"name":"wp","href":"https:\/\/api.w.org\/{rel}","templated":true}]}}