{"id":4949,"date":"2019-02-19T13:25:48","date_gmt":"2019-02-19T13:25:48","guid":{"rendered":"http:\/\/noti-america.com\/site\/venezuela\/2019\/02\/19\/ayuda-humanitaria-si-o-no-por-prof-marlon-s-jimenez-garcia\/"},"modified":"2019-02-19T13:25:48","modified_gmt":"2019-02-19T13:25:48","slug":"ayuda-humanitaria-si-o-no-por-prof-marlon-s-jimenez-garcia","status":"publish","type":"post","link":"https:\/\/noti-america.com\/site\/venezuela\/2019\/02\/19\/ayuda-humanitaria-si-o-no-por-prof-marlon-s-jimenez-garcia\/","title":{"rendered":"AYUDA HUMANITARIA \u00bfS\u00cd O NO?  Por: Prof. Marlon S Jim\u00e9nez Garc\u00eda"},"content":{"rendered":"<p>AYUDA HUMANITARIA \u00bfS\u00cd O NO?<\/p>\n<p>Por: Prof. Marlon S Jim\u00e9nez Garc\u00eda<\/p>\n<p>Profesor Universitario.<\/p>\n<p><a href=\"mailto:Marjimgar54@hotmail.com\">Marjimgar54@hotmail.com<\/a><\/p>\n<p>El engendro usurpador y su r\u00e9gimen est\u00e1n, por acci\u00f3n y omisi\u00f3n, en una completa decadencia; sufre desde hace tiempo una p\u00e9rdida de fuerza y su importancia para la sociedad es \u201cnula absolutamente\u201d. Hoy se oponen a la llegada de una \u201cayuda humanitaria\u201d; esgrimen razones irracionales: violaci\u00f3n de la soberan\u00eda nacional por fuerzas militares externas; que los venezolanos no est\u00e1n en condiciones de precariedad alimentaria y mucho menos que exista en el pa\u00eds ausencia de medicinas en los centros hospitalarios del pa\u00eds; que eso es un plan del imperio y de la derecha nacional e internacional para desacreditar las pol\u00edticas p\u00fablicas del r\u00e9gimen y por \u00faltimo esgrimen razones que la comida que ofrecen no est\u00e1 en condiciones \u00f3ptimas para el consumo humano y los que medicamentos est\u00e1n vencidos.<\/p>\n<p>La verdad verdadera, es que el engendro usurpador demoli\u00f3 todas las potencialidades que se hab\u00edan convertido en la fortaleza y oportunidades que hicieron de nuestro pa\u00eds una potencia en lo econ\u00f3mico y en lo social fundamentalmente. Esa malsana \u201cfilosof\u00eda de acci\u00f3n\u201d trajo consecuencias nefastas para todos los venezolanos; el hambre, la miseria y la muerte constituyen en la actualidad un principio irrefutable de destrucci\u00f3n del hombre y de la sociedad en general.<\/p>\n<p>En esta gesti\u00f3n del engendro usurpador tambi\u00e9n tiene un rol estelar\u00edsimo la FAN; \u00bfqui\u00e9n duda que el alto mando militar sea impulsor del fracaso alcanzado por nuestro pa\u00eds? Ellos aceptaron de rodillas que los cubanos gobernaran el pa\u00eds y permitieron que el G2 cubano asumieran las riendas de la totalidad del gobierno. La FAN entreg\u00f3 a los cubanos la soberan\u00eda nacional, violando irresolutamente lo que est\u00e1n obligados a cumplir: la Constituci\u00f3n Nacional. Adem\u00e1s son protagonistas in situ de todo el espectro de corrupci\u00f3n que desfalc\u00f3 las arcas del tesoro nacional y que tiene al pueblo al borde de la muerte. Ahora esa \u201cdupla macabra\u201d habla de \u201cinvasi\u00f3n\u201d lo que a todas luces es una ayuda humanitaria necesaria, salvadora de vidas, sobre todo de ni\u00f1os y de ancianos que han sido los m\u00e1s castigados por la omisi\u00f3n funcional y corrupta de la \u201cdupla macabra\u201d.<\/p>\n<p>El Presidente interino Juan Guaid\u00f3 est\u00e1 cumpliendo cabalmente con todo lo taxativamente dispuesto en nuestra CN; el hambre, la miseria y la muerte no pueden seguir siendo la raz\u00f3n gubernamental de la \u201cdupla macabra\u201d y est\u00e1 estrat\u00e9gicamente muy bien posicionado en la opini\u00f3n p\u00fablica nacional (m\u00e1s del 90% de respaldo) para llevar hacia adelante, como coyuntura de gesti\u00f3n, la r\u00e1pida ayuda humanitaria que el mundo, en apoyo a los venezolanos, est\u00e1 generando y que se est\u00e1 convirtiendo, a lo interno, en una esperanza para la vida y para un futuro de progreso y bienestar.<\/p>\n<p>El presidente interino Guaid\u00f3, con su seriedad y responsabilidad que lo caracteriza, ha dicho que el d\u00eda \u201c23 de febrero de 2019\u201d es el d\u00eda del despertar de la sociedad venezolana y que ese d\u00eda se iniciar\u00e1 el ingreso de las fuerzas multinacionales, a nuestro pa\u00eds, con la ayuda humanitaria requerida. S\u00ed estaremos ah\u00ed, en las fronteras, en las carreteras, en nuestros mares, como un todo para apoyar denodadamente esa esperanza de cambio, que no es otra cosa que la salida del poder de la \u201cdupla macabra\u201d del r\u00e9gimen.<\/p>\n","protected":false},"excerpt":{"rendered":"<p>AYUDA HUMANITARIA \u00bfS\u00cd O NO? Por: Prof. Marlon S Jim\u00e9nez Garc\u00eda Profesor Universitario. Marjimgar54@hotmail.com El engendro usurpador y su r\u00e9gimen est\u00e1n, por acci\u00f3n y omisi\u00f3n, en una completa decadencia; sufre desde hace tiempo una&#46;&#46;&#46;<\/p>\n","protected":false},"author":2,"featured_media":1837,"comment_status":"open","ping_status":"open","sticky":false,"template":"","format":"standard","meta":{"_acf_changed":false,"om_disable_all_campaigns":false,"rop_custom_images_group":[],"rop_custom_messages_group":[],"rop_publish_now":"initial","rop_publish_now_accounts":{"twitter_242054905_242054905":""},"rop_publish_now_history":[],"rop_publish_now_status":"pending","_uf_show_specific_survey":0,"_uf_disable_surveys":false,"footnotes":""},"categories":[3],"tags":[],"class_list":["post-4949","post","type-post","status-publish","format-standard","has-post-thumbnail","hentry","category-politica"],"acf":[],"aioseo_notices":[],"yoast_head":"<!-- This site is optimized with the Yoast SEO Premium plugin v24.9 (Yoast SEO v27.2) - https:\/\/yoast.com\/product\/yoast-seo-premium-wordpress\/ -->\n<title>AYUDA HUMANITARIA \u00bfS\u00cd O NO? Por: Prof. Marlon S Jim\u00e9nez Garc\u00eda - Venezuela | Noti-America.com<\/title>\n<meta name=\"robots\" content=\"index, follow, max-snippet:-1, max-image-preview:large, max-video-preview:-1\" \/>\n<link rel=\"canonical\" href=\"https:\/\/noti-america.com\/site\/venezuela\/2019\/02\/19\/ayuda-humanitaria-si-o-no-por-prof-marlon-s-jimenez-garcia\/\" \/>\n<meta property=\"og:locale\" content=\"es_ES\" \/>\n<meta property=\"og:type\" content=\"article\" \/>\n<meta property=\"og:title\" content=\"AYUDA HUMANITARIA \u00bfS\u00cd O NO? Por: Prof. Marlon S Jim\u00e9nez Garc\u00eda\" \/>\n<meta property=\"og:description\" content=\"AYUDA HUMANITARIA \u00bfS\u00cd O NO? Por: Prof. Marlon S Jim\u00e9nez Garc\u00eda Profesor Universitario. Marjimgar54@hotmail.com El engendro usurpador y su r\u00e9gimen est\u00e1n, por acci\u00f3n y omisi\u00f3n, en una completa decadencia; sufre desde hace tiempo una&#046;&#046;&#046;\" \/>\n<meta property=\"og:url\" content=\"https:\/\/noti-america.com\/site\/venezuela\/2019\/02\/19\/ayuda-humanitaria-si-o-no-por-prof-marlon-s-jimenez-garcia\/\" \/>\n<meta property=\"og:site_name\" content=\"Venezuela | Noti-America.com\" \/>\n<meta property=\"article:published_time\" content=\"2019-02-19T13:25:48+00:00\" \/>\n<meta property=\"og:image\" content=\"https:\/\/noti-america.com\/site\/venezuela\/wp-content\/uploads\/sites\/2\/2018\/04\/marlon.jpg\" \/>\n\t<meta property=\"og:image:width\" content=\"1\" \/>\n\t<meta property=\"og:image:height\" content=\"1\" \/>\n\t<meta property=\"og:image:type\" content=\"image\/jpeg\" \/>\n<meta name=\"author\" content=\"rloaiza\" \/>\n<meta name=\"twitter:card\" content=\"summary_large_image\" \/>\n<meta name=\"twitter:label1\" content=\"Escrito por\" \/>\n\t<meta name=\"twitter:data1\" content=\"rloaiza\" \/>\n\t<meta name=\"twitter:label2\" content=\"Tiempo estimado de lectura\" \/>\n\t<meta name=\"twitter:data2\" content=\"3 minutos\" \/>\n<script type=\"application\/ld+json\" class=\"yoast-schema-graph\">{\"@context\":\"https:\/\/schema.org\",\"@graph\":[{\"@type\":\"Article\",\"@id\":\"https:\/\/noti-america.com\/site\/venezuela\/2019\/02\/19\/ayuda-humanitaria-si-o-no-por-prof-marlon-s-jimenez-garcia\/#article\",\"isPartOf\":{\"@id\":\"https:\/\/noti-america.com\/site\/venezuela\/2019\/02\/19\/ayuda-humanitaria-si-o-no-por-prof-marlon-s-jimenez-garcia\/\"},\"author\":{\"name\":\"rloaiza\",\"@id\":\"https:\/\/noti-america.com\/site\/venezuela\/#\/schema\/person\/a2e478ba496331ce89bcd0c731cd6533\"},\"headline\":\"AYUDA HUMANITARIA \u00bfS\u00cd O NO? Por: Prof. Marlon S Jim\u00e9nez Garc\u00eda\",\"datePublished\":\"2019-02-19T13:25:48+00:00\",\"mainEntityOfPage\":{\"@id\":\"https:\/\/noti-america.com\/site\/venezuela\/2019\/02\/19\/ayuda-humanitaria-si-o-no-por-prof-marlon-s-jimenez-garcia\/\"},\"wordCount\":600,\"commentCount\":0,\"publisher\":{\"@id\":\"https:\/\/noti-america.com\/site\/venezuela\/#organization\"},\"image\":{\"@id\":\"https:\/\/noti-america.com\/site\/venezuela\/2019\/02\/19\/ayuda-humanitaria-si-o-no-por-prof-marlon-s-jimenez-garcia\/#primaryimage\"},\"thumbnailUrl\":\"https:\/\/noti-america.com\/site\/venezuela\/wp-content\/uploads\/sites\/2\/2018\/04\/marlon.jpg\",\"articleSection\":[\"Pol\u00edtica\"],\"inLanguage\":\"es\",\"potentialAction\":[{\"@type\":\"CommentAction\",\"name\":\"Comment\",\"target\":[\"https:\/\/noti-america.com\/site\/venezuela\/2019\/02\/19\/ayuda-humanitaria-si-o-no-por-prof-marlon-s-jimenez-garcia\/#respond\"]}]},{\"@type\":\"WebPage\",\"@id\":\"https:\/\/noti-america.com\/site\/venezuela\/2019\/02\/19\/ayuda-humanitaria-si-o-no-por-prof-marlon-s-jimenez-garcia\/\",\"url\":\"https:\/\/noti-america.com\/site\/venezuela\/2019\/02\/19\/ayuda-humanitaria-si-o-no-por-prof-marlon-s-jimenez-garcia\/\",\"name\":\"AYUDA HUMANITARIA \u00bfS\u00cd O NO? Por: Prof. Marlon S Jim\u00e9nez Garc\u00eda - Venezuela | Noti-America.com\",\"isPartOf\":{\"@id\":\"https:\/\/noti-america.com\/site\/venezuela\/#website\"},\"primaryImageOfPage\":{\"@id\":\"https:\/\/noti-america.com\/site\/venezuela\/2019\/02\/19\/ayuda-humanitaria-si-o-no-por-prof-marlon-s-jimenez-garcia\/#primaryimage\"},\"image\":{\"@id\":\"https:\/\/noti-america.com\/site\/venezuela\/2019\/02\/19\/ayuda-humanitaria-si-o-no-por-prof-marlon-s-jimenez-garcia\/#primaryimage\"},\"thumbnailUrl\":\"https:\/\/noti-america.com\/site\/venezuela\/wp-content\/uploads\/sites\/2\/2018\/04\/marlon.jpg\",\"datePublished\":\"2019-02-19T13:25:48+00:00\",\"breadcrumb\":{\"@id\":\"https:\/\/noti-america.com\/site\/venezuela\/2019\/02\/19\/ayuda-humanitaria-si-o-no-por-prof-marlon-s-jimenez-garcia\/#breadcrumb\"},\"inLanguage\":\"es\",\"potentialAction\":[{\"@type\":\"ReadAction\",\"target\":[\"https:\/\/noti-america.com\/site\/venezuela\/2019\/02\/19\/ayuda-humanitaria-si-o-no-por-prof-marlon-s-jimenez-garcia\/\"]}]},{\"@type\":\"ImageObject\",\"inLanguage\":\"es\",\"@id\":\"https:\/\/noti-america.com\/site\/venezuela\/2019\/02\/19\/ayuda-humanitaria-si-o-no-por-prof-marlon-s-jimenez-garcia\/#primaryimage\",\"url\":\"https:\/\/noti-america.com\/site\/venezuela\/wp-content\/uploads\/sites\/2\/2018\/04\/marlon.jpg\",\"contentUrl\":\"https:\/\/noti-america.com\/site\/venezuela\/wp-content\/uploads\/sites\/2\/2018\/04\/marlon.jpg\"},{\"@type\":\"BreadcrumbList\",\"@id\":\"https:\/\/noti-america.com\/site\/venezuela\/2019\/02\/19\/ayuda-humanitaria-si-o-no-por-prof-marlon-s-jimenez-garcia\/#breadcrumb\",\"itemListElement\":[{\"@type\":\"ListItem\",\"position\":1,\"name\":\"Portada\",\"item\":\"https:\/\/noti-america.com\/site\/venezuela\/\"},{\"@type\":\"ListItem\",\"position\":2,\"name\":\"AYUDA HUMANITARIA \u00bfS\u00cd O NO? Por: Prof. Marlon S Jim\u00e9nez Garc\u00eda\"}]},{\"@type\":\"WebSite\",\"@id\":\"https:\/\/noti-america.com\/site\/venezuela\/#website\",\"url\":\"https:\/\/noti-america.com\/site\/venezuela\/\",\"name\":\"Venezuela | Noti-America.com\",\"description\":\"\",\"publisher\":{\"@id\":\"https:\/\/noti-america.com\/site\/venezuela\/#organization\"},\"potentialAction\":[{\"@type\":\"SearchAction\",\"target\":{\"@type\":\"EntryPoint\",\"urlTemplate\":\"https:\/\/noti-america.com\/site\/venezuela\/?s={search_term_string}\"},\"query-input\":{\"@type\":\"PropertyValueSpecification\",\"valueRequired\":true,\"valueName\":\"search_term_string\"}}],\"inLanguage\":\"es\"},{\"@type\":\"Organization\",\"@id\":\"https:\/\/noti-america.com\/site\/venezuela\/#organization\",\"name\":\"Noti-America LLC | Venezuela\",\"url\":\"https:\/\/noti-america.com\/site\/venezuela\/\",\"logo\":{\"@type\":\"ImageObject\",\"inLanguage\":\"es\",\"@id\":\"https:\/\/noti-america.com\/site\/venezuela\/#\/schema\/logo\/image\/\",\"url\":\"https:\/\/noti-america.com\/site\/venezuela\/wp-content\/uploads\/sites\/2\/2020\/07\/LogoNA-4x3-1.jpg\",\"contentUrl\":\"https:\/\/noti-america.com\/site\/venezuela\/wp-content\/uploads\/sites\/2\/2020\/07\/LogoNA-4x3-1.jpg\",\"width\":1236,\"height\":1080,\"caption\":\"Noti-America LLC | Venezuela\"},\"image\":{\"@id\":\"https:\/\/noti-america.com\/site\/venezuela\/#\/schema\/logo\/image\/\"}},{\"@type\":\"Person\",\"@id\":\"https:\/\/noti-america.com\/site\/venezuela\/#\/schema\/person\/a2e478ba496331ce89bcd0c731cd6533\",\"name\":\"rloaiza\",\"image\":{\"@type\":\"ImageObject\",\"inLanguage\":\"es\",\"@id\":\"https:\/\/secure.gravatar.com\/avatar\/190058e5d4427934610b99c45aa7a6558806850adedd53ddeddd194b04773e22?s=96&d=mm&r=g\",\"url\":\"https:\/\/secure.gravatar.com\/avatar\/190058e5d4427934610b99c45aa7a6558806850adedd53ddeddd194b04773e22?s=96&d=mm&r=g\",\"contentUrl\":\"https:\/\/secure.gravatar.com\/avatar\/190058e5d4427934610b99c45aa7a6558806850adedd53ddeddd194b04773e22?s=96&d=mm&r=g\",\"caption\":\"rloaiza\"},\"url\":\"https:\/\/noti-america.com\/site\/venezuela\/author\/rloaiza\/\"}]}<\/script>\n<!-- \/ Yoast SEO Premium plugin. -->","yoast_head_json":{"title":"AYUDA HUMANITARIA \u00bfS\u00cd O NO? Por: Prof. Marlon S Jim\u00e9nez Garc\u00eda - Venezuela | Noti-America.com","robots":{"index":"index","follow":"follow","max-snippet":"max-snippet:-1","max-image-preview":"max-image-preview:large","max-video-preview":"max-video-preview:-1"},"canonical":"https:\/\/noti-america.com\/site\/venezuela\/2019\/02\/19\/ayuda-humanitaria-si-o-no-por-prof-marlon-s-jimenez-garcia\/","og_locale":"es_ES","og_type":"article","og_title":"AYUDA HUMANITARIA \u00bfS\u00cd O NO? Por: Prof. Marlon S Jim\u00e9nez Garc\u00eda","og_description":"AYUDA HUMANITARIA \u00bfS\u00cd O NO? Por: Prof. Marlon S Jim\u00e9nez Garc\u00eda Profesor Universitario. Marjimgar54@hotmail.com El engendro usurpador y su r\u00e9gimen est\u00e1n, por acci\u00f3n y omisi\u00f3n, en una completa decadencia; sufre desde hace tiempo una&#46;&#46;&#46;","og_url":"https:\/\/noti-america.com\/site\/venezuela\/2019\/02\/19\/ayuda-humanitaria-si-o-no-por-prof-marlon-s-jimenez-garcia\/","og_site_name":"Venezuela | Noti-America.com","article_published_time":"2019-02-19T13:25:48+00:00","og_image":[{"url":"https:\/\/noti-america.com\/site\/venezuela\/wp-content\/uploads\/sites\/2\/2018\/04\/marlon.jpg","width":1,"height":1,"type":"image\/jpeg"}],"author":"rloaiza","twitter_card":"summary_large_image","twitter_misc":{"Escrito por":"rloaiza","Tiempo estimado de lectura":"3 minutos"},"schema":{"@context":"https:\/\/schema.org","@graph":[{"@type":"Article","@id":"https:\/\/noti-america.com\/site\/venezuela\/2019\/02\/19\/ayuda-humanitaria-si-o-no-por-prof-marlon-s-jimenez-garcia\/#article","isPartOf":{"@id":"https:\/\/noti-america.com\/site\/venezuela\/2019\/02\/19\/ayuda-humanitaria-si-o-no-por-prof-marlon-s-jimenez-garcia\/"},"author":{"name":"rloaiza","@id":"https:\/\/noti-america.com\/site\/venezuela\/#\/schema\/person\/a2e478ba496331ce89bcd0c731cd6533"},"headline":"AYUDA HUMANITARIA \u00bfS\u00cd O NO? Por: Prof. Marlon S Jim\u00e9nez Garc\u00eda","datePublished":"2019-02-19T13:25:48+00:00","mainEntityOfPage":{"@id":"https:\/\/noti-america.com\/site\/venezuela\/2019\/02\/19\/ayuda-humanitaria-si-o-no-por-prof-marlon-s-jimenez-garcia\/"},"wordCount":600,"commentCount":0,"publisher":{"@id":"https:\/\/noti-america.com\/site\/venezuela\/#organization"},"image":{"@id":"https:\/\/noti-america.com\/site\/venezuela\/2019\/02\/19\/ayuda-humanitaria-si-o-no-por-prof-marlon-s-jimenez-garcia\/#primaryimage"},"thumbnailUrl":"https:\/\/noti-america.com\/site\/venezuela\/wp-content\/uploads\/sites\/2\/2018\/04\/marlon.jpg","articleSection":["Pol\u00edtica"],"inLanguage":"es","potentialAction":[{"@type":"CommentAction","name":"Comment","target":["https:\/\/noti-america.com\/site\/venezuela\/2019\/02\/19\/ayuda-humanitaria-si-o-no-por-prof-marlon-s-jimenez-garcia\/#respond"]}]},{"@type":"WebPage","@id":"https:\/\/noti-america.com\/site\/venezuela\/2019\/02\/19\/ayuda-humanitaria-si-o-no-por-prof-marlon-s-jimenez-garcia\/","url":"https:\/\/noti-america.com\/site\/venezuela\/2019\/02\/19\/ayuda-humanitaria-si-o-no-por-prof-marlon-s-jimenez-garcia\/","name":"AYUDA HUMANITARIA \u00bfS\u00cd O NO? Por: Prof. Marlon S Jim\u00e9nez Garc\u00eda - Venezuela | Noti-America.com","isPartOf":{"@id":"https:\/\/noti-america.com\/site\/venezuela\/#website"},"primaryImageOfPage":{"@id":"https:\/\/noti-america.com\/site\/venezuela\/2019\/02\/19\/ayuda-humanitaria-si-o-no-por-prof-marlon-s-jimenez-garcia\/#primaryimage"},"image":{"@id":"https:\/\/noti-america.com\/site\/venezuela\/2019\/02\/19\/ayuda-humanitaria-si-o-no-por-prof-marlon-s-jimenez-garcia\/#primaryimage"},"thumbnailUrl":"https:\/\/noti-america.com\/site\/venezuela\/wp-content\/uploads\/sites\/2\/2018\/04\/marlon.jpg","datePublished":"2019-02-19T13:25:48+00:00","breadcrumb":{"@id":"https:\/\/noti-america.com\/site\/venezuela\/2019\/02\/19\/ayuda-humanitaria-si-o-no-por-prof-marlon-s-jimenez-garcia\/#breadcrumb"},"inLanguage":"es","potentialAction":[{"@type":"ReadAction","target":["https:\/\/noti-america.com\/site\/venezuela\/2019\/02\/19\/ayuda-humanitaria-si-o-no-por-prof-marlon-s-jimenez-garcia\/"]}]},{"@type":"ImageObject","inLanguage":"es","@id":"https:\/\/noti-america.com\/site\/venezuela\/2019\/02\/19\/ayuda-humanitaria-si-o-no-por-prof-marlon-s-jimenez-garcia\/#primaryimage","url":"https:\/\/noti-america.com\/site\/venezuela\/wp-content\/uploads\/sites\/2\/2018\/04\/marlon.jpg","contentUrl":"https:\/\/noti-america.com\/site\/venezuela\/wp-content\/uploads\/sites\/2\/2018\/04\/marlon.jpg"},{"@type":"BreadcrumbList","@id":"https:\/\/noti-america.com\/site\/venezuela\/2019\/02\/19\/ayuda-humanitaria-si-o-no-por-prof-marlon-s-jimenez-garcia\/#breadcrumb","itemListElement":[{"@type":"ListItem","position":1,"name":"Portada","item":"https:\/\/noti-america.com\/site\/venezuela\/"},{"@type":"ListItem","position":2,"name":"AYUDA HUMANITARIA \u00bfS\u00cd O NO? Por: Prof. Marlon S Jim\u00e9nez Garc\u00eda"}]},{"@type":"WebSite","@id":"https:\/\/noti-america.com\/site\/venezuela\/#website","url":"https:\/\/noti-america.com\/site\/venezuela\/","name":"Venezuela | Noti-America.com","description":"","publisher":{"@id":"https:\/\/noti-america.com\/site\/venezuela\/#organization"},"potentialAction":[{"@type":"SearchAction","target":{"@type":"EntryPoint","urlTemplate":"https:\/\/noti-america.com\/site\/venezuela\/?s={search_term_string}"},"query-input":{"@type":"PropertyValueSpecification","valueRequired":true,"valueName":"search_term_string"}}],"inLanguage":"es"},{"@type":"Organization","@id":"https:\/\/noti-america.com\/site\/venezuela\/#organization","name":"Noti-America LLC | Venezuela","url":"https:\/\/noti-america.com\/site\/venezuela\/","logo":{"@type":"ImageObject","inLanguage":"es","@id":"https:\/\/noti-america.com\/site\/venezuela\/#\/schema\/logo\/image\/","url":"https:\/\/noti-america.com\/site\/venezuela\/wp-content\/uploads\/sites\/2\/2020\/07\/LogoNA-4x3-1.jpg","contentUrl":"https:\/\/noti-america.com\/site\/venezuela\/wp-content\/uploads\/sites\/2\/2020\/07\/LogoNA-4x3-1.jpg","width":1236,"height":1080,"caption":"Noti-America LLC | Venezuela"},"image":{"@id":"https:\/\/noti-america.com\/site\/venezuela\/#\/schema\/logo\/image\/"}},{"@type":"Person","@id":"https:\/\/noti-america.com\/site\/venezuela\/#\/schema\/person\/a2e478ba496331ce89bcd0c731cd6533","name":"rloaiza","image":{"@type":"ImageObject","inLanguage":"es","@id":"https:\/\/secure.gravatar.com\/avatar\/190058e5d4427934610b99c45aa7a6558806850adedd53ddeddd194b04773e22?s=96&d=mm&r=g","url":"https:\/\/secure.gravatar.com\/avatar\/190058e5d4427934610b99c45aa7a6558806850adedd53ddeddd194b04773e22?s=96&d=mm&r=g","contentUrl":"https:\/\/secure.gravatar.com\/avatar\/190058e5d4427934610b99c45aa7a6558806850adedd53ddeddd194b04773e22?s=96&d=mm&r=g","caption":"rloaiza"},"url":"https:\/\/noti-america.com\/site\/venezuela\/author\/rloaiza\/"}]}},"_links":{"self":[{"href":"https:\/\/noti-america.com\/site\/venezuela\/wp-json\/wp\/v2\/posts\/4949","targetHints":{"allow":["GET"]}}],"collection":[{"href":"https:\/\/noti-america.com\/site\/venezuela\/wp-json\/wp\/v2\/posts"}],"about":[{"href":"https:\/\/noti-america.com\/site\/venezuela\/wp-json\/wp\/v2\/types\/post"}],"author":[{"embeddable":true,"href":"https:\/\/noti-america.com\/site\/venezuela\/wp-json\/wp\/v2\/users\/2"}],"replies":[{"embeddable":true,"href":"https:\/\/noti-america.com\/site\/venezuela\/wp-json\/wp\/v2\/comments?post=4949"}],"version-history":[{"count":0,"href":"https:\/\/noti-america.com\/site\/venezuela\/wp-json\/wp\/v2\/posts\/4949\/revisions"}],"wp:featuredmedia":[{"embeddable":true,"href":"https:\/\/noti-america.com\/site\/venezuela\/wp-json\/wp\/v2\/media\/1837"}],"wp:attachment":[{"href":"https:\/\/noti-america.com\/site\/venezuela\/wp-json\/wp\/v2\/media?parent=4949"}],"wp:term":[{"taxonomy":"category","embeddable":true,"href":"https:\/\/noti-america.com\/site\/venezuela\/wp-json\/wp\/v2\/categories?post=4949"},{"taxonomy":"post_tag","embeddable":true,"href":"https:\/\/noti-america.com\/site\/venezuela\/wp-json\/wp\/v2\/tags?post=4949"}],"curies":[{"name":"wp","href":"https:\/\/api.w.org\/{rel}","templated":true}]}}