{"id":48743,"date":"2025-10-22T12:46:16","date_gmt":"2025-10-22T12:46:16","guid":{"rendered":"https:\/\/noti-america.com\/site\/venezuela\/?p=48743"},"modified":"2025-10-22T12:46:16","modified_gmt":"2025-10-22T12:46:16","slug":"gremio-medico-rechaza-por-arbitraria-detencion-del-urologo-pedro-fernandez","status":"publish","type":"post","link":"https:\/\/noti-america.com\/site\/venezuela\/2025\/10\/22\/gremio-medico-rechaza-por-arbitraria-detencion-del-urologo-pedro-fernandez\/","title":{"rendered":"Gremio m\u00e9dico rechaza por arbitraria detenci\u00f3n del ur\u00f3logo Pedro Fern\u00e1ndez"},"content":{"rendered":"<p><img loading=\"lazy\" decoding=\"async\" class=\"aligncenter size-large wp-image-48744\" src=\"https:\/\/noti-america.com\/site\/venezuela\/wp-content\/uploads\/sites\/2\/2025\/10\/Dr.-Pedro-Fernandez-1024x1024.jpg\" alt=\"\" width=\"1024\" height=\"1024\" srcset=\"https:\/\/noti-america.com\/site\/venezuela\/wp-content\/uploads\/sites\/2\/2025\/10\/Dr.-Pedro-Fernandez-1024x1024.jpg 1024w, https:\/\/noti-america.com\/site\/venezuela\/wp-content\/uploads\/sites\/2\/2025\/10\/Dr.-Pedro-Fernandez-300x300.jpg 300w, https:\/\/noti-america.com\/site\/venezuela\/wp-content\/uploads\/sites\/2\/2025\/10\/Dr.-Pedro-Fernandez-150x150.jpg 150w, https:\/\/noti-america.com\/site\/venezuela\/wp-content\/uploads\/sites\/2\/2025\/10\/Dr.-Pedro-Fernandez-768x768.jpg 768w, https:\/\/noti-america.com\/site\/venezuela\/wp-content\/uploads\/sites\/2\/2025\/10\/Dr.-Pedro-Fernandez-80x80.jpg 80w, https:\/\/noti-america.com\/site\/venezuela\/wp-content\/uploads\/sites\/2\/2025\/10\/Dr.-Pedro-Fernandez-320x320.jpg 320w, https:\/\/noti-america.com\/site\/venezuela\/wp-content\/uploads\/sites\/2\/2025\/10\/Dr.-Pedro-Fernandez.jpg 1080w\" sizes=\"auto, (max-width: 1024px) 100vw, 1024px\" \/><\/p>\n<p><span style=\"font-weight: 400;color: #000000\">El gremio m\u00e9dico venezolano rechaz\u00f3 por arbitraria la detenci\u00f3n del ur\u00f3logo y profesor universitario, Pedro Fern\u00e1ndez, quien a la fuerza fue sacado por encapuchados de su consultorio en el Estado M\u00e9rida.\u00a0<\/span><\/p>\n<p><span style=\"font-weight: 400;color: #000000\">La Federaci\u00f3n M\u00e9dica Venezolana (FMV), en un comunicado firmado por su presidente Douglas Le\u00f3n Natera y el secretario general Rafael Belmonte, ve con \u201cestupor\u201d la aprehensi\u00f3n \u201csin causa conocida\u201d.\u00a0<\/span><\/p>\n<p><span style=\"font-weight: 400;color: #000000\">\u201cLe ofrecemos nuestro apoyo solidario en estos terribles momentos de angustia y atropello\u201d, dice el comunicado del gremio m\u00e9dico venezolano.\u00a0<\/span><\/p>\n<p><span style=\"font-weight: 400;color: #000000\">\u201cExigimos garant\u00edas por su vida, de su seguridad personal e integridad f\u00edsica para que se le garanticen y respeten todos sus derechos fundamentales humanos civiles y ciudadanos conculcados\u201d.\u00a0<\/span><\/p>\n<p><span style=\"font-weight: 400;color: #000000\">En el comunicado, la FMV exige al gobierno la \u201cinmediata y plena libertad\u201d del doctor Pedro Fern\u00e1ndez.<\/span><\/p>\n<p><span style=\"color: #000000\"><a style=\"color: #000000\" href=\"https:\/\/x.com\/FMVoficial2023\/status\/1980739056158863624?t=VJmLCkS9I60KA0skO0lWYw&amp;s=19\"><span style=\"font-weight: 400\">https:\/\/x.com\/FMVoficial2023\/status\/1980739056158863624?t=VJmLCkS9I60KA0skO0lWYw&amp;s=19<\/span><\/a><\/span><\/p>\n","protected":false},"excerpt":{"rendered":"<p>A trav\u00e9s de un comunicado, la Federaci\u00f3n M\u00e9dica Venezolana expres\u00f3 su solidaridad con el galeno \u201cen estos momentos de angustia y atropello\u201d y exigi\u00f3 al gobierno respetar sus derechos \u201cconculcados\u201d. <\/p>\n","protected":false},"author":124,"featured_media":48744,"comment_status":"open","ping_status":"open","sticky":false,"template":"","format":"standard","meta":{"_acf_changed":false,"om_disable_all_campaigns":false,"rop_custom_images_group":[],"rop_custom_messages_group":[],"rop_publish_now":"initial","rop_publish_now_accounts":{"twitter_242054905_242054905":""},"rop_publish_now_history":[],"rop_publish_now_status":"pending","_uf_show_specific_survey":0,"_uf_disable_surveys":false,"footnotes":""},"categories":[508,3,156],"tags":[1701],"class_list":["post-48743","post","type-post","status-publish","format-standard","has-post-thumbnail","hentry","category-acturalidad","category-politica","category-venezuela","tag-comunicado-fmv"],"acf":[],"aioseo_notices":[],"yoast_head":"<!-- This site is optimized with the Yoast SEO Premium plugin v24.9 (Yoast SEO v27.2) - https:\/\/yoast.com\/product\/yoast-seo-premium-wordpress\/ -->\n<title>Gremio m\u00e9dico rechaza por arbitraria detenci\u00f3n del ur\u00f3logo Pedro Fern\u00e1ndez - Venezuela | Noti-America.com<\/title>\n<meta name=\"description\" content=\"En un comunicado, el gremio m\u00e9dico venezolano rechaz\u00f3 por arbitraria la detenci\u00f3n del ur\u00f3logo y profesor universitario, Pedro Fern\u00e1ndez.\" \/>\n<meta name=\"robots\" content=\"index, follow, max-snippet:-1, max-image-preview:large, max-video-preview:-1\" \/>\n<link rel=\"canonical\" href=\"https:\/\/noti-america.com\/site\/venezuela\/2025\/10\/22\/gremio-medico-rechaza-por-arbitraria-detencion-del-urologo-pedro-fernandez\/\" \/>\n<meta property=\"og:locale\" content=\"es_ES\" \/>\n<meta property=\"og:type\" content=\"article\" \/>\n<meta property=\"og:title\" content=\"Gremio m\u00e9dico rechaza por arbitraria detenci\u00f3n del ur\u00f3logo Pedro Fern\u00e1ndez\" \/>\n<meta property=\"og:description\" content=\"En un comunicado, el gremio m\u00e9dico venezolano rechaz\u00f3 por arbitraria la detenci\u00f3n del ur\u00f3logo y profesor universitario, Pedro Fern\u00e1ndez.\" \/>\n<meta property=\"og:url\" content=\"https:\/\/noti-america.com\/site\/venezuela\/2025\/10\/22\/gremio-medico-rechaza-por-arbitraria-detencion-del-urologo-pedro-fernandez\/\" \/>\n<meta property=\"og:site_name\" content=\"Venezuela | Noti-America.com\" \/>\n<meta property=\"article:published_time\" content=\"2025-10-22T12:46:16+00:00\" \/>\n<meta property=\"og:image\" content=\"https:\/\/noti-america.com\/site\/venezuela\/wp-content\/uploads\/sites\/2\/2025\/10\/Dr.-Pedro-Fernandez.jpg\" \/>\n\t<meta property=\"og:image:width\" content=\"1080\" \/>\n\t<meta property=\"og:image:height\" content=\"1080\" \/>\n\t<meta property=\"og:image:type\" content=\"image\/jpeg\" \/>\n<meta name=\"author\" content=\"Dick Torres\" \/>\n<meta name=\"twitter:card\" content=\"summary_large_image\" \/>\n<meta name=\"twitter:creator\" content=\"@dickeliastorres\" \/>\n<meta name=\"twitter:label1\" content=\"Escrito por\" \/>\n\t<meta name=\"twitter:data1\" content=\"Dick Torres\" \/>\n\t<meta name=\"twitter:label2\" content=\"Tiempo estimado de lectura\" \/>\n\t<meta name=\"twitter:data2\" content=\"1 minuto\" \/>\n<script type=\"application\/ld+json\" class=\"yoast-schema-graph\">{\"@context\":\"https:\/\/schema.org\",\"@graph\":[{\"@type\":\"Article\",\"@id\":\"https:\/\/noti-america.com\/site\/venezuela\/2025\/10\/22\/gremio-medico-rechaza-por-arbitraria-detencion-del-urologo-pedro-fernandez\/#article\",\"isPartOf\":{\"@id\":\"https:\/\/noti-america.com\/site\/venezuela\/2025\/10\/22\/gremio-medico-rechaza-por-arbitraria-detencion-del-urologo-pedro-fernandez\/\"},\"author\":{\"name\":\"Dick Torres\",\"@id\":\"https:\/\/noti-america.com\/site\/venezuela\/#\/schema\/person\/092d7f1dbdda6ac44e6dc5b0a6bd2e3e\"},\"headline\":\"Gremio m\u00e9dico rechaza por arbitraria detenci\u00f3n del ur\u00f3logo Pedro Fern\u00e1ndez\",\"datePublished\":\"2025-10-22T12:46:16+00:00\",\"mainEntityOfPage\":{\"@id\":\"https:\/\/noti-america.com\/site\/venezuela\/2025\/10\/22\/gremio-medico-rechaza-por-arbitraria-detencion-del-urologo-pedro-fernandez\/\"},\"wordCount\":165,\"commentCount\":0,\"publisher\":{\"@id\":\"https:\/\/noti-america.com\/site\/venezuela\/#organization\"},\"image\":{\"@id\":\"https:\/\/noti-america.com\/site\/venezuela\/2025\/10\/22\/gremio-medico-rechaza-por-arbitraria-detencion-del-urologo-pedro-fernandez\/#primaryimage\"},\"thumbnailUrl\":\"https:\/\/noti-america.com\/site\/venezuela\/wp-content\/uploads\/sites\/2\/2025\/10\/Dr.-Pedro-Fernandez.jpg\",\"keywords\":[\"Comunicado FMV\"],\"articleSection\":[\"Actualidad\",\"Pol\u00edtica\",\"Venezuela\"],\"inLanguage\":\"es\",\"potentialAction\":[{\"@type\":\"CommentAction\",\"name\":\"Comment\",\"target\":[\"https:\/\/noti-america.com\/site\/venezuela\/2025\/10\/22\/gremio-medico-rechaza-por-arbitraria-detencion-del-urologo-pedro-fernandez\/#respond\"]}]},{\"@type\":\"WebPage\",\"@id\":\"https:\/\/noti-america.com\/site\/venezuela\/2025\/10\/22\/gremio-medico-rechaza-por-arbitraria-detencion-del-urologo-pedro-fernandez\/\",\"url\":\"https:\/\/noti-america.com\/site\/venezuela\/2025\/10\/22\/gremio-medico-rechaza-por-arbitraria-detencion-del-urologo-pedro-fernandez\/\",\"name\":\"Gremio m\u00e9dico rechaza por arbitraria detenci\u00f3n del ur\u00f3logo Pedro Fern\u00e1ndez - Venezuela | Noti-America.com\",\"isPartOf\":{\"@id\":\"https:\/\/noti-america.com\/site\/venezuela\/#website\"},\"primaryImageOfPage\":{\"@id\":\"https:\/\/noti-america.com\/site\/venezuela\/2025\/10\/22\/gremio-medico-rechaza-por-arbitraria-detencion-del-urologo-pedro-fernandez\/#primaryimage\"},\"image\":{\"@id\":\"https:\/\/noti-america.com\/site\/venezuela\/2025\/10\/22\/gremio-medico-rechaza-por-arbitraria-detencion-del-urologo-pedro-fernandez\/#primaryimage\"},\"thumbnailUrl\":\"https:\/\/noti-america.com\/site\/venezuela\/wp-content\/uploads\/sites\/2\/2025\/10\/Dr.-Pedro-Fernandez.jpg\",\"datePublished\":\"2025-10-22T12:46:16+00:00\",\"description\":\"En un comunicado, el gremio m\u00e9dico venezolano rechaz\u00f3 por arbitraria la detenci\u00f3n del ur\u00f3logo y profesor universitario, Pedro Fern\u00e1ndez.\",\"breadcrumb\":{\"@id\":\"https:\/\/noti-america.com\/site\/venezuela\/2025\/10\/22\/gremio-medico-rechaza-por-arbitraria-detencion-del-urologo-pedro-fernandez\/#breadcrumb\"},\"inLanguage\":\"es\",\"potentialAction\":[{\"@type\":\"ReadAction\",\"target\":[\"https:\/\/noti-america.com\/site\/venezuela\/2025\/10\/22\/gremio-medico-rechaza-por-arbitraria-detencion-del-urologo-pedro-fernandez\/\"]}]},{\"@type\":\"ImageObject\",\"inLanguage\":\"es\",\"@id\":\"https:\/\/noti-america.com\/site\/venezuela\/2025\/10\/22\/gremio-medico-rechaza-por-arbitraria-detencion-del-urologo-pedro-fernandez\/#primaryimage\",\"url\":\"https:\/\/noti-america.com\/site\/venezuela\/wp-content\/uploads\/sites\/2\/2025\/10\/Dr.-Pedro-Fernandez.jpg\",\"contentUrl\":\"https:\/\/noti-america.com\/site\/venezuela\/wp-content\/uploads\/sites\/2\/2025\/10\/Dr.-Pedro-Fernandez.jpg\",\"width\":1080,\"height\":1080},{\"@type\":\"BreadcrumbList\",\"@id\":\"https:\/\/noti-america.com\/site\/venezuela\/2025\/10\/22\/gremio-medico-rechaza-por-arbitraria-detencion-del-urologo-pedro-fernandez\/#breadcrumb\",\"itemListElement\":[{\"@type\":\"ListItem\",\"position\":1,\"name\":\"Portada\",\"item\":\"https:\/\/noti-america.com\/site\/venezuela\/\"},{\"@type\":\"ListItem\",\"position\":2,\"name\":\"Gremio m\u00e9dico rechaza por arbitraria detenci\u00f3n del ur\u00f3logo Pedro Fern\u00e1ndez\"}]},{\"@type\":\"WebSite\",\"@id\":\"https:\/\/noti-america.com\/site\/venezuela\/#website\",\"url\":\"https:\/\/noti-america.com\/site\/venezuela\/\",\"name\":\"Venezuela | Noti-America.com\",\"description\":\"\",\"publisher\":{\"@id\":\"https:\/\/noti-america.com\/site\/venezuela\/#organization\"},\"potentialAction\":[{\"@type\":\"SearchAction\",\"target\":{\"@type\":\"EntryPoint\",\"urlTemplate\":\"https:\/\/noti-america.com\/site\/venezuela\/?s={search_term_string}\"},\"query-input\":{\"@type\":\"PropertyValueSpecification\",\"valueRequired\":true,\"valueName\":\"search_term_string\"}}],\"inLanguage\":\"es\"},{\"@type\":\"Organization\",\"@id\":\"https:\/\/noti-america.com\/site\/venezuela\/#organization\",\"name\":\"Noti-America LLC | Venezuela\",\"url\":\"https:\/\/noti-america.com\/site\/venezuela\/\",\"logo\":{\"@type\":\"ImageObject\",\"inLanguage\":\"es\",\"@id\":\"https:\/\/noti-america.com\/site\/venezuela\/#\/schema\/logo\/image\/\",\"url\":\"https:\/\/noti-america.com\/site\/venezuela\/wp-content\/uploads\/sites\/2\/2020\/07\/LogoNA-4x3-1.jpg\",\"contentUrl\":\"https:\/\/noti-america.com\/site\/venezuela\/wp-content\/uploads\/sites\/2\/2020\/07\/LogoNA-4x3-1.jpg\",\"width\":1236,\"height\":1080,\"caption\":\"Noti-America LLC | Venezuela\"},\"image\":{\"@id\":\"https:\/\/noti-america.com\/site\/venezuela\/#\/schema\/logo\/image\/\"}},{\"@type\":\"Person\",\"@id\":\"https:\/\/noti-america.com\/site\/venezuela\/#\/schema\/person\/092d7f1dbdda6ac44e6dc5b0a6bd2e3e\",\"name\":\"Dick Torres\",\"image\":{\"@type\":\"ImageObject\",\"inLanguage\":\"es\",\"@id\":\"https:\/\/secure.gravatar.com\/avatar\/22e2833e6c12bf848665976635702488aba7ca5765137638ba39eb1b11664a55?s=96&d=mm&r=g\",\"url\":\"https:\/\/secure.gravatar.com\/avatar\/22e2833e6c12bf848665976635702488aba7ca5765137638ba39eb1b11664a55?s=96&d=mm&r=g\",\"contentUrl\":\"https:\/\/secure.gravatar.com\/avatar\/22e2833e6c12bf848665976635702488aba7ca5765137638ba39eb1b11664a55?s=96&d=mm&r=g\",\"caption\":\"Dick Torres\"},\"description\":\"Periodista\",\"sameAs\":[\"https:\/\/x.com\/dickeliastorres\"],\"url\":\"https:\/\/noti-america.com\/site\/venezuela\/author\/dtorres\/\"}]}<\/script>\n<!-- \/ Yoast SEO Premium plugin. -->","yoast_head_json":{"title":"Gremio m\u00e9dico rechaza por arbitraria detenci\u00f3n del ur\u00f3logo Pedro Fern\u00e1ndez - Venezuela | Noti-America.com","description":"En un comunicado, el gremio m\u00e9dico venezolano rechaz\u00f3 por arbitraria la detenci\u00f3n del ur\u00f3logo y profesor universitario, Pedro Fern\u00e1ndez.","robots":{"index":"index","follow":"follow","max-snippet":"max-snippet:-1","max-image-preview":"max-image-preview:large","max-video-preview":"max-video-preview:-1"},"canonical":"https:\/\/noti-america.com\/site\/venezuela\/2025\/10\/22\/gremio-medico-rechaza-por-arbitraria-detencion-del-urologo-pedro-fernandez\/","og_locale":"es_ES","og_type":"article","og_title":"Gremio m\u00e9dico rechaza por arbitraria detenci\u00f3n del ur\u00f3logo Pedro Fern\u00e1ndez","og_description":"En un comunicado, el gremio m\u00e9dico venezolano rechaz\u00f3 por arbitraria la detenci\u00f3n del ur\u00f3logo y profesor universitario, Pedro Fern\u00e1ndez.","og_url":"https:\/\/noti-america.com\/site\/venezuela\/2025\/10\/22\/gremio-medico-rechaza-por-arbitraria-detencion-del-urologo-pedro-fernandez\/","og_site_name":"Venezuela | Noti-America.com","article_published_time":"2025-10-22T12:46:16+00:00","og_image":[{"width":1080,"height":1080,"url":"https:\/\/noti-america.com\/site\/venezuela\/wp-content\/uploads\/sites\/2\/2025\/10\/Dr.-Pedro-Fernandez.jpg","type":"image\/jpeg"}],"author":"Dick Torres","twitter_card":"summary_large_image","twitter_creator":"@dickeliastorres","twitter_misc":{"Escrito por":"Dick Torres","Tiempo estimado de lectura":"1 minuto"},"schema":{"@context":"https:\/\/schema.org","@graph":[{"@type":"Article","@id":"https:\/\/noti-america.com\/site\/venezuela\/2025\/10\/22\/gremio-medico-rechaza-por-arbitraria-detencion-del-urologo-pedro-fernandez\/#article","isPartOf":{"@id":"https:\/\/noti-america.com\/site\/venezuela\/2025\/10\/22\/gremio-medico-rechaza-por-arbitraria-detencion-del-urologo-pedro-fernandez\/"},"author":{"name":"Dick Torres","@id":"https:\/\/noti-america.com\/site\/venezuela\/#\/schema\/person\/092d7f1dbdda6ac44e6dc5b0a6bd2e3e"},"headline":"Gremio m\u00e9dico rechaza por arbitraria detenci\u00f3n del ur\u00f3logo Pedro Fern\u00e1ndez","datePublished":"2025-10-22T12:46:16+00:00","mainEntityOfPage":{"@id":"https:\/\/noti-america.com\/site\/venezuela\/2025\/10\/22\/gremio-medico-rechaza-por-arbitraria-detencion-del-urologo-pedro-fernandez\/"},"wordCount":165,"commentCount":0,"publisher":{"@id":"https:\/\/noti-america.com\/site\/venezuela\/#organization"},"image":{"@id":"https:\/\/noti-america.com\/site\/venezuela\/2025\/10\/22\/gremio-medico-rechaza-por-arbitraria-detencion-del-urologo-pedro-fernandez\/#primaryimage"},"thumbnailUrl":"https:\/\/noti-america.com\/site\/venezuela\/wp-content\/uploads\/sites\/2\/2025\/10\/Dr.-Pedro-Fernandez.jpg","keywords":["Comunicado FMV"],"articleSection":["Actualidad","Pol\u00edtica","Venezuela"],"inLanguage":"es","potentialAction":[{"@type":"CommentAction","name":"Comment","target":["https:\/\/noti-america.com\/site\/venezuela\/2025\/10\/22\/gremio-medico-rechaza-por-arbitraria-detencion-del-urologo-pedro-fernandez\/#respond"]}]},{"@type":"WebPage","@id":"https:\/\/noti-america.com\/site\/venezuela\/2025\/10\/22\/gremio-medico-rechaza-por-arbitraria-detencion-del-urologo-pedro-fernandez\/","url":"https:\/\/noti-america.com\/site\/venezuela\/2025\/10\/22\/gremio-medico-rechaza-por-arbitraria-detencion-del-urologo-pedro-fernandez\/","name":"Gremio m\u00e9dico rechaza por arbitraria detenci\u00f3n del ur\u00f3logo Pedro Fern\u00e1ndez - Venezuela | Noti-America.com","isPartOf":{"@id":"https:\/\/noti-america.com\/site\/venezuela\/#website"},"primaryImageOfPage":{"@id":"https:\/\/noti-america.com\/site\/venezuela\/2025\/10\/22\/gremio-medico-rechaza-por-arbitraria-detencion-del-urologo-pedro-fernandez\/#primaryimage"},"image":{"@id":"https:\/\/noti-america.com\/site\/venezuela\/2025\/10\/22\/gremio-medico-rechaza-por-arbitraria-detencion-del-urologo-pedro-fernandez\/#primaryimage"},"thumbnailUrl":"https:\/\/noti-america.com\/site\/venezuela\/wp-content\/uploads\/sites\/2\/2025\/10\/Dr.-Pedro-Fernandez.jpg","datePublished":"2025-10-22T12:46:16+00:00","description":"En un comunicado, el gremio m\u00e9dico venezolano rechaz\u00f3 por arbitraria la detenci\u00f3n del ur\u00f3logo y profesor universitario, Pedro Fern\u00e1ndez.","breadcrumb":{"@id":"https:\/\/noti-america.com\/site\/venezuela\/2025\/10\/22\/gremio-medico-rechaza-por-arbitraria-detencion-del-urologo-pedro-fernandez\/#breadcrumb"},"inLanguage":"es","potentialAction":[{"@type":"ReadAction","target":["https:\/\/noti-america.com\/site\/venezuela\/2025\/10\/22\/gremio-medico-rechaza-por-arbitraria-detencion-del-urologo-pedro-fernandez\/"]}]},{"@type":"ImageObject","inLanguage":"es","@id":"https:\/\/noti-america.com\/site\/venezuela\/2025\/10\/22\/gremio-medico-rechaza-por-arbitraria-detencion-del-urologo-pedro-fernandez\/#primaryimage","url":"https:\/\/noti-america.com\/site\/venezuela\/wp-content\/uploads\/sites\/2\/2025\/10\/Dr.-Pedro-Fernandez.jpg","contentUrl":"https:\/\/noti-america.com\/site\/venezuela\/wp-content\/uploads\/sites\/2\/2025\/10\/Dr.-Pedro-Fernandez.jpg","width":1080,"height":1080},{"@type":"BreadcrumbList","@id":"https:\/\/noti-america.com\/site\/venezuela\/2025\/10\/22\/gremio-medico-rechaza-por-arbitraria-detencion-del-urologo-pedro-fernandez\/#breadcrumb","itemListElement":[{"@type":"ListItem","position":1,"name":"Portada","item":"https:\/\/noti-america.com\/site\/venezuela\/"},{"@type":"ListItem","position":2,"name":"Gremio m\u00e9dico rechaza por arbitraria detenci\u00f3n del ur\u00f3logo Pedro Fern\u00e1ndez"}]},{"@type":"WebSite","@id":"https:\/\/noti-america.com\/site\/venezuela\/#website","url":"https:\/\/noti-america.com\/site\/venezuela\/","name":"Venezuela | Noti-America.com","description":"","publisher":{"@id":"https:\/\/noti-america.com\/site\/venezuela\/#organization"},"potentialAction":[{"@type":"SearchAction","target":{"@type":"EntryPoint","urlTemplate":"https:\/\/noti-america.com\/site\/venezuela\/?s={search_term_string}"},"query-input":{"@type":"PropertyValueSpecification","valueRequired":true,"valueName":"search_term_string"}}],"inLanguage":"es"},{"@type":"Organization","@id":"https:\/\/noti-america.com\/site\/venezuela\/#organization","name":"Noti-America LLC | Venezuela","url":"https:\/\/noti-america.com\/site\/venezuela\/","logo":{"@type":"ImageObject","inLanguage":"es","@id":"https:\/\/noti-america.com\/site\/venezuela\/#\/schema\/logo\/image\/","url":"https:\/\/noti-america.com\/site\/venezuela\/wp-content\/uploads\/sites\/2\/2020\/07\/LogoNA-4x3-1.jpg","contentUrl":"https:\/\/noti-america.com\/site\/venezuela\/wp-content\/uploads\/sites\/2\/2020\/07\/LogoNA-4x3-1.jpg","width":1236,"height":1080,"caption":"Noti-America LLC | Venezuela"},"image":{"@id":"https:\/\/noti-america.com\/site\/venezuela\/#\/schema\/logo\/image\/"}},{"@type":"Person","@id":"https:\/\/noti-america.com\/site\/venezuela\/#\/schema\/person\/092d7f1dbdda6ac44e6dc5b0a6bd2e3e","name":"Dick Torres","image":{"@type":"ImageObject","inLanguage":"es","@id":"https:\/\/secure.gravatar.com\/avatar\/22e2833e6c12bf848665976635702488aba7ca5765137638ba39eb1b11664a55?s=96&d=mm&r=g","url":"https:\/\/secure.gravatar.com\/avatar\/22e2833e6c12bf848665976635702488aba7ca5765137638ba39eb1b11664a55?s=96&d=mm&r=g","contentUrl":"https:\/\/secure.gravatar.com\/avatar\/22e2833e6c12bf848665976635702488aba7ca5765137638ba39eb1b11664a55?s=96&d=mm&r=g","caption":"Dick Torres"},"description":"Periodista","sameAs":["https:\/\/x.com\/dickeliastorres"],"url":"https:\/\/noti-america.com\/site\/venezuela\/author\/dtorres\/"}]}},"_links":{"self":[{"href":"https:\/\/noti-america.com\/site\/venezuela\/wp-json\/wp\/v2\/posts\/48743","targetHints":{"allow":["GET"]}}],"collection":[{"href":"https:\/\/noti-america.com\/site\/venezuela\/wp-json\/wp\/v2\/posts"}],"about":[{"href":"https:\/\/noti-america.com\/site\/venezuela\/wp-json\/wp\/v2\/types\/post"}],"author":[{"embeddable":true,"href":"https:\/\/noti-america.com\/site\/venezuela\/wp-json\/wp\/v2\/users\/124"}],"replies":[{"embeddable":true,"href":"https:\/\/noti-america.com\/site\/venezuela\/wp-json\/wp\/v2\/comments?post=48743"}],"version-history":[{"count":1,"href":"https:\/\/noti-america.com\/site\/venezuela\/wp-json\/wp\/v2\/posts\/48743\/revisions"}],"predecessor-version":[{"id":48745,"href":"https:\/\/noti-america.com\/site\/venezuela\/wp-json\/wp\/v2\/posts\/48743\/revisions\/48745"}],"wp:featuredmedia":[{"embeddable":true,"href":"https:\/\/noti-america.com\/site\/venezuela\/wp-json\/wp\/v2\/media\/48744"}],"wp:attachment":[{"href":"https:\/\/noti-america.com\/site\/venezuela\/wp-json\/wp\/v2\/media?parent=48743"}],"wp:term":[{"taxonomy":"category","embeddable":true,"href":"https:\/\/noti-america.com\/site\/venezuela\/wp-json\/wp\/v2\/categories?post=48743"},{"taxonomy":"post_tag","embeddable":true,"href":"https:\/\/noti-america.com\/site\/venezuela\/wp-json\/wp\/v2\/tags?post=48743"}],"curies":[{"name":"wp","href":"https:\/\/api.w.org\/{rel}","templated":true}]}}