{"id":48702,"date":"2025-10-21T02:53:51","date_gmt":"2025-10-21T02:53:51","guid":{"rendered":"https:\/\/noti-america.com\/site\/venezuela\/?p=48702"},"modified":"2025-10-21T02:55:20","modified_gmt":"2025-10-21T02:55:20","slug":"aquiles-warrick-regresa-como-modelo-de-marca-e-influencer-en-venezuela","status":"publish","type":"post","link":"https:\/\/noti-america.com\/site\/venezuela\/2025\/10\/21\/aquiles-warrick-regresa-como-modelo-de-marca-e-influencer-en-venezuela\/","title":{"rendered":"Aquiles Warrick Regresa como Modelo de Marca e Influencer en Venezuela"},"content":{"rendered":"<div data-olk-copy-source=\"MessageBody\"><strong>NOTI-AMERICA.COM | VENEZUELA<\/strong><\/div>\n<div data-olk-copy-source=\"MessageBody\"><\/div>\n<div style=\"border: 0px;font-size: 12pt;line-height: inherit;font-family: Aptos, Aptos_MSFontService, -apple-system, Roboto, Arial, Helvetica, sans-serif;margin: 0px;padding: 0px;vertical-align: baseline;color: #000000 !important\" data-olk-copy-source=\"MessageBody\"><strong>Aquiles Warrick<\/strong>, reconocido por su carisma y estilo \u00fanico, regresa al mundo del modelaje y las redes sociales con un objetivo claro: convertirse en un modelo de marcas e influencer, dejando una huella positiva en su pa\u00eds natal, Venezuela.<\/div>\n<div dir=\"ltr\" style=\"border: 0px;font-size: 12pt;line-height: inherit;font-family: Aptos, Aptos_MSFontService, -apple-system, Roboto, Arial, Helvetica, sans-serif;margin: 0px;padding: 0px;vertical-align: baseline;color: #000000 !important\"><\/div>\n<div style=\"border: 0px;font-size: 12pt;line-height: inherit;font-family: Aptos, Aptos_MSFontService, -apple-system, Roboto, Arial, Helvetica, sans-serif;margin: 0px;padding: 0px;vertical-align: baseline;color: #000000 !important\">Despu\u00e9s de un per\u00edodo de reflexi\u00f3n y crecimiento personal, Aquiles ha decidido retomar su carrera en el modelaje, aprovechando su influencia en plataformas digitales para inspirar a la juventud venezolana. Con una visi\u00f3n enfocada en la autenticidad y la conexi\u00f3n con su audiencia, Aquiles planea colaborar con diversas marcas que compartan su compromiso con la calidad y la innovaci\u00f3n.<\/div>\n<div dir=\"ltr\" style=\"border: 0px;font-size: 12pt;line-height: inherit;font-family: Aptos, Aptos_MSFontService, -apple-system, Roboto, Arial, Helvetica, sans-serif;margin: 0px;padding: 0px;vertical-align: baseline;color: #000000 !important\"><\/div>\n<div style=\"border: 0px;font-size: 12pt;line-height: inherit;font-family: Aptos, Aptos_MSFontService, -apple-system, Roboto, Arial, Helvetica, sans-serif;margin: 0px;padding: 0px;vertical-align: baseline;color: #000000 !important\"><strong>\u00abQuiero ser un referente para los j\u00f3venes de Venezuela, mostrando que, a pesar de los desaf\u00edos, siempre hay espacio para so\u00f1ar y alcanzar nuestras metas\u00bb<\/strong>, coment\u00f3 <strong>Aquiles Warrick<\/strong>. \u00abMi objetivo es utilizar mis redes sociales no solo para mostrar moda, sino tambi\u00e9n para promover valores de perseverancia y creatividad.\u00bb<\/div>\n<div dir=\"ltr\" style=\"border: 0px;font-size: 12pt;line-height: inherit;font-family: Aptos, Aptos_MSFontService, -apple-system, Roboto, Arial, Helvetica, sans-serif;margin: 0px;padding: 0px;vertical-align: baseline;color: #000000 !important\"><\/div>\n<div style=\"border: 0px;font-size: 12pt;line-height: inherit;font-family: Aptos, Aptos_MSFontService, -apple-system, Roboto, Arial, Helvetica, sans-serif;margin: 0px;padding: 0px;vertical-align: baseline;color: #000000 !important\">Aquiles ha estado trabajando en una serie de proyectos que incluyen sesiones fotogr\u00e1ficas, campa\u00f1as publicitarias y colaboraciones con dise\u00f1adores emergentes. A trav\u00e9s de su contenido, espera destacar el talento local y fomentar el orgullo nacional.<\/div>\n<div dir=\"ltr\" style=\"border: 0px;font-size: 12pt;line-height: inherit;font-family: Aptos, Aptos_MSFontService, -apple-system, Roboto, Arial, Helvetica, sans-serif;margin: 0px;padding: 0px;vertical-align: baseline;color: #000000 !important\"><\/div>\n<div style=\"border: 0px;font-size: 12pt;line-height: inherit;font-family: Aptos, Aptos_MSFontService, -apple-system, Roboto, Arial, Helvetica, sans-serif;margin: 0px;padding: 0px;vertical-align: baseline;color: #000000 !important\">Los seguidores de Aquiles pueden esperar un enfoque fresco y aut\u00e9ntico en sus publicaciones, donde compartir\u00e1n no solo su estilo de vida, sino tambi\u00e9n su pasi\u00f3n por la cultura y la belleza de Venezuela.<\/div>\n","protected":false},"excerpt":{"rendered":"<p>NOTI-AMERICA.COM | VENEZUELA Aquiles Warrick, reconocido por su carisma y estilo \u00fanico, regresa al mundo del modelaje y las redes sociales con un objetivo claro: convertirse en un modelo de marcas e influencer, dejando&#46;&#46;&#46;<\/p>\n","protected":false},"author":127,"featured_media":48703,"comment_status":"open","ping_status":"open","sticky":false,"template":"","format":"image","meta":{"_acf_changed":false,"om_disable_all_campaigns":false,"rop_custom_images_group":[],"rop_custom_messages_group":[],"rop_publish_now":"initial","rop_publish_now_accounts":{"twitter_242054905_242054905":""},"rop_publish_now_history":[],"rop_publish_now_status":"pending","_uf_show_specific_survey":0,"_uf_disable_surveys":false,"footnotes":""},"categories":[8],"tags":[],"class_list":["post-48702","post","type-post","status-publish","format-image","has-post-thumbnail","hentry","category-arte-y-espectaculos","post_format-post-format-image"],"acf":[],"aioseo_notices":[],"yoast_head":"<!-- This site is optimized with the Yoast SEO Premium plugin v24.9 (Yoast SEO v27.2) - https:\/\/yoast.com\/product\/yoast-seo-premium-wordpress\/ -->\n<title>Aquiles Warrick Regresa como Modelo de Marca e Influencer en Venezuela - Venezuela | Noti-America.com<\/title>\n<meta name=\"robots\" content=\"index, follow, max-snippet:-1, max-image-preview:large, max-video-preview:-1\" \/>\n<link rel=\"canonical\" href=\"https:\/\/noti-america.com\/site\/venezuela\/2025\/10\/21\/aquiles-warrick-regresa-como-modelo-de-marca-e-influencer-en-venezuela\/\" \/>\n<meta property=\"og:locale\" content=\"es_ES\" \/>\n<meta property=\"og:type\" content=\"article\" \/>\n<meta property=\"og:title\" content=\"Aquiles Warrick Regresa como Modelo de Marca e Influencer en Venezuela\" \/>\n<meta property=\"og:description\" content=\"NOTI-AMERICA.COM | VENEZUELA Aquiles Warrick, reconocido por su carisma y estilo \u00fanico, regresa al mundo del modelaje y las redes sociales con un objetivo claro: convertirse en un modelo de marcas e influencer, dejando&#046;&#046;&#046;\" \/>\n<meta property=\"og:url\" content=\"https:\/\/noti-america.com\/site\/venezuela\/2025\/10\/21\/aquiles-warrick-regresa-como-modelo-de-marca-e-influencer-en-venezuela\/\" \/>\n<meta property=\"og:site_name\" content=\"Venezuela | Noti-America.com\" \/>\n<meta property=\"article:published_time\" content=\"2025-10-21T02:53:51+00:00\" \/>\n<meta property=\"article:modified_time\" content=\"2025-10-21T02:55:20+00:00\" \/>\n<meta property=\"og:image\" content=\"https:\/\/noti-america.com\/site\/venezuela\/wp-content\/uploads\/sites\/2\/2025\/10\/thumbnail_processed-E4EBE852-B333-41A9-8862-95C0A4F21E68.jpg\" \/>\n\t<meta property=\"og:image:width\" content=\"1920\" \/>\n\t<meta property=\"og:image:height\" content=\"1533\" \/>\n\t<meta property=\"og:image:type\" content=\"image\/jpeg\" \/>\n<meta name=\"author\" content=\"Yoelvzla\" \/>\n<meta name=\"twitter:card\" content=\"summary_large_image\" \/>\n<meta name=\"twitter:label1\" content=\"Escrito por\" \/>\n\t<meta name=\"twitter:data1\" content=\"Yoelvzla\" \/>\n\t<meta name=\"twitter:label2\" content=\"Tiempo estimado de lectura\" \/>\n\t<meta name=\"twitter:data2\" content=\"2 minutos\" \/>\n<script type=\"application\/ld+json\" class=\"yoast-schema-graph\">{\"@context\":\"https:\/\/schema.org\",\"@graph\":[{\"@type\":\"Article\",\"@id\":\"https:\/\/noti-america.com\/site\/venezuela\/2025\/10\/21\/aquiles-warrick-regresa-como-modelo-de-marca-e-influencer-en-venezuela\/#article\",\"isPartOf\":{\"@id\":\"https:\/\/noti-america.com\/site\/venezuela\/2025\/10\/21\/aquiles-warrick-regresa-como-modelo-de-marca-e-influencer-en-venezuela\/\"},\"author\":{\"name\":\"Yoelvzla\",\"@id\":\"https:\/\/noti-america.com\/site\/venezuela\/#\/schema\/person\/376ccc7b3cc7a8d5a43c3ece07a43857\"},\"headline\":\"Aquiles Warrick Regresa como Modelo de Marca e Influencer en Venezuela\",\"datePublished\":\"2025-10-21T02:53:51+00:00\",\"dateModified\":\"2025-10-21T02:55:20+00:00\",\"mainEntityOfPage\":{\"@id\":\"https:\/\/noti-america.com\/site\/venezuela\/2025\/10\/21\/aquiles-warrick-regresa-como-modelo-de-marca-e-influencer-en-venezuela\/\"},\"wordCount\":249,\"commentCount\":0,\"publisher\":{\"@id\":\"https:\/\/noti-america.com\/site\/venezuela\/#organization\"},\"image\":{\"@id\":\"https:\/\/noti-america.com\/site\/venezuela\/2025\/10\/21\/aquiles-warrick-regresa-como-modelo-de-marca-e-influencer-en-venezuela\/#primaryimage\"},\"thumbnailUrl\":\"https:\/\/noti-america.com\/site\/venezuela\/wp-content\/uploads\/sites\/2\/2025\/10\/thumbnail_processed-E4EBE852-B333-41A9-8862-95C0A4F21E68.jpg\",\"articleSection\":[\"Arte y Espect\u00e1culos\"],\"inLanguage\":\"es\",\"potentialAction\":[{\"@type\":\"CommentAction\",\"name\":\"Comment\",\"target\":[\"https:\/\/noti-america.com\/site\/venezuela\/2025\/10\/21\/aquiles-warrick-regresa-como-modelo-de-marca-e-influencer-en-venezuela\/#respond\"]}]},{\"@type\":\"WebPage\",\"@id\":\"https:\/\/noti-america.com\/site\/venezuela\/2025\/10\/21\/aquiles-warrick-regresa-como-modelo-de-marca-e-influencer-en-venezuela\/\",\"url\":\"https:\/\/noti-america.com\/site\/venezuela\/2025\/10\/21\/aquiles-warrick-regresa-como-modelo-de-marca-e-influencer-en-venezuela\/\",\"name\":\"Aquiles Warrick Regresa como Modelo de Marca e Influencer en Venezuela - Venezuela | Noti-America.com\",\"isPartOf\":{\"@id\":\"https:\/\/noti-america.com\/site\/venezuela\/#website\"},\"primaryImageOfPage\":{\"@id\":\"https:\/\/noti-america.com\/site\/venezuela\/2025\/10\/21\/aquiles-warrick-regresa-como-modelo-de-marca-e-influencer-en-venezuela\/#primaryimage\"},\"image\":{\"@id\":\"https:\/\/noti-america.com\/site\/venezuela\/2025\/10\/21\/aquiles-warrick-regresa-como-modelo-de-marca-e-influencer-en-venezuela\/#primaryimage\"},\"thumbnailUrl\":\"https:\/\/noti-america.com\/site\/venezuela\/wp-content\/uploads\/sites\/2\/2025\/10\/thumbnail_processed-E4EBE852-B333-41A9-8862-95C0A4F21E68.jpg\",\"datePublished\":\"2025-10-21T02:53:51+00:00\",\"dateModified\":\"2025-10-21T02:55:20+00:00\",\"breadcrumb\":{\"@id\":\"https:\/\/noti-america.com\/site\/venezuela\/2025\/10\/21\/aquiles-warrick-regresa-como-modelo-de-marca-e-influencer-en-venezuela\/#breadcrumb\"},\"inLanguage\":\"es\",\"potentialAction\":[{\"@type\":\"ReadAction\",\"target\":[\"https:\/\/noti-america.com\/site\/venezuela\/2025\/10\/21\/aquiles-warrick-regresa-como-modelo-de-marca-e-influencer-en-venezuela\/\"]}]},{\"@type\":\"ImageObject\",\"inLanguage\":\"es\",\"@id\":\"https:\/\/noti-america.com\/site\/venezuela\/2025\/10\/21\/aquiles-warrick-regresa-como-modelo-de-marca-e-influencer-en-venezuela\/#primaryimage\",\"url\":\"https:\/\/noti-america.com\/site\/venezuela\/wp-content\/uploads\/sites\/2\/2025\/10\/thumbnail_processed-E4EBE852-B333-41A9-8862-95C0A4F21E68.jpg\",\"contentUrl\":\"https:\/\/noti-america.com\/site\/venezuela\/wp-content\/uploads\/sites\/2\/2025\/10\/thumbnail_processed-E4EBE852-B333-41A9-8862-95C0A4F21E68.jpg\",\"width\":1920,\"height\":1533},{\"@type\":\"BreadcrumbList\",\"@id\":\"https:\/\/noti-america.com\/site\/venezuela\/2025\/10\/21\/aquiles-warrick-regresa-como-modelo-de-marca-e-influencer-en-venezuela\/#breadcrumb\",\"itemListElement\":[{\"@type\":\"ListItem\",\"position\":1,\"name\":\"Portada\",\"item\":\"https:\/\/noti-america.com\/site\/venezuela\/\"},{\"@type\":\"ListItem\",\"position\":2,\"name\":\"Aquiles Warrick Regresa como Modelo de Marca e Influencer en Venezuela\"}]},{\"@type\":\"WebSite\",\"@id\":\"https:\/\/noti-america.com\/site\/venezuela\/#website\",\"url\":\"https:\/\/noti-america.com\/site\/venezuela\/\",\"name\":\"Venezuela | Noti-America.com\",\"description\":\"\",\"publisher\":{\"@id\":\"https:\/\/noti-america.com\/site\/venezuela\/#organization\"},\"potentialAction\":[{\"@type\":\"SearchAction\",\"target\":{\"@type\":\"EntryPoint\",\"urlTemplate\":\"https:\/\/noti-america.com\/site\/venezuela\/?s={search_term_string}\"},\"query-input\":{\"@type\":\"PropertyValueSpecification\",\"valueRequired\":true,\"valueName\":\"search_term_string\"}}],\"inLanguage\":\"es\"},{\"@type\":\"Organization\",\"@id\":\"https:\/\/noti-america.com\/site\/venezuela\/#organization\",\"name\":\"Noti-America LLC | Venezuela\",\"url\":\"https:\/\/noti-america.com\/site\/venezuela\/\",\"logo\":{\"@type\":\"ImageObject\",\"inLanguage\":\"es\",\"@id\":\"https:\/\/noti-america.com\/site\/venezuela\/#\/schema\/logo\/image\/\",\"url\":\"https:\/\/noti-america.com\/site\/venezuela\/wp-content\/uploads\/sites\/2\/2020\/07\/LogoNA-4x3-1.jpg\",\"contentUrl\":\"https:\/\/noti-america.com\/site\/venezuela\/wp-content\/uploads\/sites\/2\/2020\/07\/LogoNA-4x3-1.jpg\",\"width\":1236,\"height\":1080,\"caption\":\"Noti-America LLC | Venezuela\"},\"image\":{\"@id\":\"https:\/\/noti-america.com\/site\/venezuela\/#\/schema\/logo\/image\/\"}},{\"@type\":\"Person\",\"@id\":\"https:\/\/noti-america.com\/site\/venezuela\/#\/schema\/person\/376ccc7b3cc7a8d5a43c3ece07a43857\",\"name\":\"Yoelvzla\",\"image\":{\"@type\":\"ImageObject\",\"inLanguage\":\"es\",\"@id\":\"https:\/\/secure.gravatar.com\/avatar\/13a96a72123e0e9aa76fe82e8847f726c63a1c5ef6a8d0fadd844c1a5a83b212?s=96&d=mm&r=g\",\"url\":\"https:\/\/secure.gravatar.com\/avatar\/13a96a72123e0e9aa76fe82e8847f726c63a1c5ef6a8d0fadd844c1a5a83b212?s=96&d=mm&r=g\",\"contentUrl\":\"https:\/\/secure.gravatar.com\/avatar\/13a96a72123e0e9aa76fe82e8847f726c63a1c5ef6a8d0fadd844c1a5a83b212?s=96&d=mm&r=g\",\"caption\":\"Yoelvzla\"},\"url\":\"https:\/\/noti-america.com\/site\/venezuela\/author\/ydiaz\/\"}]}<\/script>\n<!-- \/ Yoast SEO Premium plugin. -->","yoast_head_json":{"title":"Aquiles Warrick Regresa como Modelo de Marca e Influencer en Venezuela - Venezuela | Noti-America.com","robots":{"index":"index","follow":"follow","max-snippet":"max-snippet:-1","max-image-preview":"max-image-preview:large","max-video-preview":"max-video-preview:-1"},"canonical":"https:\/\/noti-america.com\/site\/venezuela\/2025\/10\/21\/aquiles-warrick-regresa-como-modelo-de-marca-e-influencer-en-venezuela\/","og_locale":"es_ES","og_type":"article","og_title":"Aquiles Warrick Regresa como Modelo de Marca e Influencer en Venezuela","og_description":"NOTI-AMERICA.COM | VENEZUELA Aquiles Warrick, reconocido por su carisma y estilo \u00fanico, regresa al mundo del modelaje y las redes sociales con un objetivo claro: convertirse en un modelo de marcas e influencer, dejando&#46;&#46;&#46;","og_url":"https:\/\/noti-america.com\/site\/venezuela\/2025\/10\/21\/aquiles-warrick-regresa-como-modelo-de-marca-e-influencer-en-venezuela\/","og_site_name":"Venezuela | Noti-America.com","article_published_time":"2025-10-21T02:53:51+00:00","article_modified_time":"2025-10-21T02:55:20+00:00","og_image":[{"width":1920,"height":1533,"url":"https:\/\/noti-america.com\/site\/venezuela\/wp-content\/uploads\/sites\/2\/2025\/10\/thumbnail_processed-E4EBE852-B333-41A9-8862-95C0A4F21E68.jpg","type":"image\/jpeg"}],"author":"Yoelvzla","twitter_card":"summary_large_image","twitter_misc":{"Escrito por":"Yoelvzla","Tiempo estimado de lectura":"2 minutos"},"schema":{"@context":"https:\/\/schema.org","@graph":[{"@type":"Article","@id":"https:\/\/noti-america.com\/site\/venezuela\/2025\/10\/21\/aquiles-warrick-regresa-como-modelo-de-marca-e-influencer-en-venezuela\/#article","isPartOf":{"@id":"https:\/\/noti-america.com\/site\/venezuela\/2025\/10\/21\/aquiles-warrick-regresa-como-modelo-de-marca-e-influencer-en-venezuela\/"},"author":{"name":"Yoelvzla","@id":"https:\/\/noti-america.com\/site\/venezuela\/#\/schema\/person\/376ccc7b3cc7a8d5a43c3ece07a43857"},"headline":"Aquiles Warrick Regresa como Modelo de Marca e Influencer en Venezuela","datePublished":"2025-10-21T02:53:51+00:00","dateModified":"2025-10-21T02:55:20+00:00","mainEntityOfPage":{"@id":"https:\/\/noti-america.com\/site\/venezuela\/2025\/10\/21\/aquiles-warrick-regresa-como-modelo-de-marca-e-influencer-en-venezuela\/"},"wordCount":249,"commentCount":0,"publisher":{"@id":"https:\/\/noti-america.com\/site\/venezuela\/#organization"},"image":{"@id":"https:\/\/noti-america.com\/site\/venezuela\/2025\/10\/21\/aquiles-warrick-regresa-como-modelo-de-marca-e-influencer-en-venezuela\/#primaryimage"},"thumbnailUrl":"https:\/\/noti-america.com\/site\/venezuela\/wp-content\/uploads\/sites\/2\/2025\/10\/thumbnail_processed-E4EBE852-B333-41A9-8862-95C0A4F21E68.jpg","articleSection":["Arte y Espect\u00e1culos"],"inLanguage":"es","potentialAction":[{"@type":"CommentAction","name":"Comment","target":["https:\/\/noti-america.com\/site\/venezuela\/2025\/10\/21\/aquiles-warrick-regresa-como-modelo-de-marca-e-influencer-en-venezuela\/#respond"]}]},{"@type":"WebPage","@id":"https:\/\/noti-america.com\/site\/venezuela\/2025\/10\/21\/aquiles-warrick-regresa-como-modelo-de-marca-e-influencer-en-venezuela\/","url":"https:\/\/noti-america.com\/site\/venezuela\/2025\/10\/21\/aquiles-warrick-regresa-como-modelo-de-marca-e-influencer-en-venezuela\/","name":"Aquiles Warrick Regresa como Modelo de Marca e Influencer en Venezuela - Venezuela | Noti-America.com","isPartOf":{"@id":"https:\/\/noti-america.com\/site\/venezuela\/#website"},"primaryImageOfPage":{"@id":"https:\/\/noti-america.com\/site\/venezuela\/2025\/10\/21\/aquiles-warrick-regresa-como-modelo-de-marca-e-influencer-en-venezuela\/#primaryimage"},"image":{"@id":"https:\/\/noti-america.com\/site\/venezuela\/2025\/10\/21\/aquiles-warrick-regresa-como-modelo-de-marca-e-influencer-en-venezuela\/#primaryimage"},"thumbnailUrl":"https:\/\/noti-america.com\/site\/venezuela\/wp-content\/uploads\/sites\/2\/2025\/10\/thumbnail_processed-E4EBE852-B333-41A9-8862-95C0A4F21E68.jpg","datePublished":"2025-10-21T02:53:51+00:00","dateModified":"2025-10-21T02:55:20+00:00","breadcrumb":{"@id":"https:\/\/noti-america.com\/site\/venezuela\/2025\/10\/21\/aquiles-warrick-regresa-como-modelo-de-marca-e-influencer-en-venezuela\/#breadcrumb"},"inLanguage":"es","potentialAction":[{"@type":"ReadAction","target":["https:\/\/noti-america.com\/site\/venezuela\/2025\/10\/21\/aquiles-warrick-regresa-como-modelo-de-marca-e-influencer-en-venezuela\/"]}]},{"@type":"ImageObject","inLanguage":"es","@id":"https:\/\/noti-america.com\/site\/venezuela\/2025\/10\/21\/aquiles-warrick-regresa-como-modelo-de-marca-e-influencer-en-venezuela\/#primaryimage","url":"https:\/\/noti-america.com\/site\/venezuela\/wp-content\/uploads\/sites\/2\/2025\/10\/thumbnail_processed-E4EBE852-B333-41A9-8862-95C0A4F21E68.jpg","contentUrl":"https:\/\/noti-america.com\/site\/venezuela\/wp-content\/uploads\/sites\/2\/2025\/10\/thumbnail_processed-E4EBE852-B333-41A9-8862-95C0A4F21E68.jpg","width":1920,"height":1533},{"@type":"BreadcrumbList","@id":"https:\/\/noti-america.com\/site\/venezuela\/2025\/10\/21\/aquiles-warrick-regresa-como-modelo-de-marca-e-influencer-en-venezuela\/#breadcrumb","itemListElement":[{"@type":"ListItem","position":1,"name":"Portada","item":"https:\/\/noti-america.com\/site\/venezuela\/"},{"@type":"ListItem","position":2,"name":"Aquiles Warrick Regresa como Modelo de Marca e Influencer en Venezuela"}]},{"@type":"WebSite","@id":"https:\/\/noti-america.com\/site\/venezuela\/#website","url":"https:\/\/noti-america.com\/site\/venezuela\/","name":"Venezuela | Noti-America.com","description":"","publisher":{"@id":"https:\/\/noti-america.com\/site\/venezuela\/#organization"},"potentialAction":[{"@type":"SearchAction","target":{"@type":"EntryPoint","urlTemplate":"https:\/\/noti-america.com\/site\/venezuela\/?s={search_term_string}"},"query-input":{"@type":"PropertyValueSpecification","valueRequired":true,"valueName":"search_term_string"}}],"inLanguage":"es"},{"@type":"Organization","@id":"https:\/\/noti-america.com\/site\/venezuela\/#organization","name":"Noti-America LLC | Venezuela","url":"https:\/\/noti-america.com\/site\/venezuela\/","logo":{"@type":"ImageObject","inLanguage":"es","@id":"https:\/\/noti-america.com\/site\/venezuela\/#\/schema\/logo\/image\/","url":"https:\/\/noti-america.com\/site\/venezuela\/wp-content\/uploads\/sites\/2\/2020\/07\/LogoNA-4x3-1.jpg","contentUrl":"https:\/\/noti-america.com\/site\/venezuela\/wp-content\/uploads\/sites\/2\/2020\/07\/LogoNA-4x3-1.jpg","width":1236,"height":1080,"caption":"Noti-America LLC | Venezuela"},"image":{"@id":"https:\/\/noti-america.com\/site\/venezuela\/#\/schema\/logo\/image\/"}},{"@type":"Person","@id":"https:\/\/noti-america.com\/site\/venezuela\/#\/schema\/person\/376ccc7b3cc7a8d5a43c3ece07a43857","name":"Yoelvzla","image":{"@type":"ImageObject","inLanguage":"es","@id":"https:\/\/secure.gravatar.com\/avatar\/13a96a72123e0e9aa76fe82e8847f726c63a1c5ef6a8d0fadd844c1a5a83b212?s=96&d=mm&r=g","url":"https:\/\/secure.gravatar.com\/avatar\/13a96a72123e0e9aa76fe82e8847f726c63a1c5ef6a8d0fadd844c1a5a83b212?s=96&d=mm&r=g","contentUrl":"https:\/\/secure.gravatar.com\/avatar\/13a96a72123e0e9aa76fe82e8847f726c63a1c5ef6a8d0fadd844c1a5a83b212?s=96&d=mm&r=g","caption":"Yoelvzla"},"url":"https:\/\/noti-america.com\/site\/venezuela\/author\/ydiaz\/"}]}},"_links":{"self":[{"href":"https:\/\/noti-america.com\/site\/venezuela\/wp-json\/wp\/v2\/posts\/48702","targetHints":{"allow":["GET"]}}],"collection":[{"href":"https:\/\/noti-america.com\/site\/venezuela\/wp-json\/wp\/v2\/posts"}],"about":[{"href":"https:\/\/noti-america.com\/site\/venezuela\/wp-json\/wp\/v2\/types\/post"}],"author":[{"embeddable":true,"href":"https:\/\/noti-america.com\/site\/venezuela\/wp-json\/wp\/v2\/users\/127"}],"replies":[{"embeddable":true,"href":"https:\/\/noti-america.com\/site\/venezuela\/wp-json\/wp\/v2\/comments?post=48702"}],"version-history":[{"count":2,"href":"https:\/\/noti-america.com\/site\/venezuela\/wp-json\/wp\/v2\/posts\/48702\/revisions"}],"predecessor-version":[{"id":48705,"href":"https:\/\/noti-america.com\/site\/venezuela\/wp-json\/wp\/v2\/posts\/48702\/revisions\/48705"}],"wp:featuredmedia":[{"embeddable":true,"href":"https:\/\/noti-america.com\/site\/venezuela\/wp-json\/wp\/v2\/media\/48703"}],"wp:attachment":[{"href":"https:\/\/noti-america.com\/site\/venezuela\/wp-json\/wp\/v2\/media?parent=48702"}],"wp:term":[{"taxonomy":"category","embeddable":true,"href":"https:\/\/noti-america.com\/site\/venezuela\/wp-json\/wp\/v2\/categories?post=48702"},{"taxonomy":"post_tag","embeddable":true,"href":"https:\/\/noti-america.com\/site\/venezuela\/wp-json\/wp\/v2\/tags?post=48702"}],"curies":[{"name":"wp","href":"https:\/\/api.w.org\/{rel}","templated":true}]}}