{"id":48523,"date":"2025-10-14T03:38:58","date_gmt":"2025-10-14T03:38:58","guid":{"rendered":"https:\/\/noti-america.com\/site\/venezuela\/?p=48523"},"modified":"2025-10-14T03:38:58","modified_gmt":"2025-10-14T03:38:58","slug":"sherryl-peralta-dordi-un-icono-de-belleza-y-talento-en-el-mundo-de-la-moda","status":"publish","type":"post","link":"https:\/\/noti-america.com\/site\/venezuela\/2025\/10\/14\/sherryl-peralta-dordi-un-icono-de-belleza-y-talento-en-el-mundo-de-la-moda\/","title":{"rendered":"Sherryl Peralta Dordi: Un \u00cdcono de Belleza y Talento en el Mundo de la Moda"},"content":{"rendered":"<div data-olk-copy-source=\"MessageBody\"><strong>NOTI-AMERICA.COM | VENEZUELA\u00a0<\/strong><\/div>\n<div data-olk-copy-source=\"MessageBody\"><\/div>\n<div data-olk-copy-source=\"MessageBody\"><strong>Sherryl Peralta Dordi<\/strong>, proveniente de una dinast\u00eda de mujeres destacadas en el mundo de las pasarelas y los concursos de belleza en su pa\u00eds natal, ha consolidado su carrera como modelo a nivel internacional. Su participaci\u00f3n en el certamen <strong>Miss Earth<\/strong> marc\u00f3 un hito en su trayectoria, llev\u00e1ndola a ser reconocida en importantes medios y revistas. Desde entonces, su imagen ha sido sin\u00f3nimo de elegancia y sofisticaci\u00f3n, convirti\u00e9ndola en un referente para muchas aspirantes a modelos.<\/div>\n<div dir=\"ltr\"><\/div>\n<div>Actualmente, Sherryl se destaca en M\u00e9xico como la imagen de prestigiosas marcas, siendo la representante de la reconocida marca mexicana Pineda Covalin. Su trabajo en la industria de la moda no solo resalta su belleza, sino tambi\u00e9n su profesionalismo. Cada desfile y sesi\u00f3n fotogr\u00e1fica en la que participa es una oportunidad para demostrar su versatilidad y su capacidad para adaptarse a diferentes estilos y conceptos, lo que la ha llevado a colaborar con dise\u00f1adores de renombre y a participar en eventos de gran prestigio.<\/div>\n<div dir=\"ltr\"><\/div>\n<div><strong>Una Influencia en las Pasarelas<\/strong><\/div>\n<div dir=\"ltr\"><\/div>\n<div>Como venezolana influyente en el mundo de la moda, <strong>Sherryl<\/strong> ha dejado una huella imborrable en las pasarelas. Su estilo \u00fanico y su capacidad para conectar con el p\u00fablico han inspirado a muchas j\u00f3venes a perseguir sus sue\u00f1os en la industria del modelaje. A trav\u00e9s de su presencia en redes sociales y su participaci\u00f3n en eventos comunitarios, Sherryl comparte su experiencia y consejos, alentando a las nuevas generaciones a ser aut\u00e9nticas y a valorarse a s\u00ed mismas. Su historia es un testimonio de que la belleza va m\u00e1s all\u00e1 de lo f\u00edsico; es tambi\u00e9n una cuesti\u00f3n de confianza y actitud.<\/div>\n<div dir=\"ltr\"><\/div>\n<div>Adem\u00e1s,<strong> Sherryl<\/strong> ha utilizado su plataforma para abogar por causas sociales que le apasionan, como la conservaci\u00f3n del medio ambiente y el empoderamiento femenino. Su compromiso con proyectos que promueven la sostenibilidad refleja su deseo de utilizar su influencia para generar un impacto positivo en la sociedad. En cada aparici\u00f3n p\u00fablica, Sherryl no solo brilla por su apariencia, sino tambi\u00e9n por su mensaje de responsabilidad y solidaridad.<\/div>\n<div dir=\"ltr\"><\/div>\n<div><strong>Inspiraci\u00f3n y Empoderamiento<\/strong><\/div>\n<div dir=\"ltr\"><\/div>\n<div><strong>Sherryl Peralta Dordi<\/strong> no solo es un s\u00edmbolo de belleza, sino tambi\u00e9n de empoderamiento. Su trayectoria demuestra que con dedicaci\u00f3n y perseverancia, es posible superar obst\u00e1culos y alcanzar metas ambiciosas. A trav\u00e9s de su ejemplo, invita a todas las mujeres a abrazar su autenticidad y a creer en su propio potencial. Su historia es un recordatorio de que cada paso en el camino hacia el \u00e9xito es una oportunidad para brillar y hacer una diferencia en el mundo.<\/div>\n<div dir=\"ltr\"><\/div>\n<div>En un sector donde a menudo se enfrentan a est\u00e1ndares de belleza inalcanzables, Sherryl se manifiesta como un modelo a seguir que promueve la diversidad y la inclusi\u00f3n. Ella anima a las mujeres a ser valientes, a luchar por sus sue\u00f1os y a no dejarse intimidar por las adversidades. Con su carisma y determinaci\u00f3n, Sherryl Peralta Dordi contin\u00faa inspirando a muchos, demostrando que la verdadera belleza radica en la autenticidad y en la capacidad de impactar positivamente en la vida de los dem\u00e1s.<\/div>\n<div id=\"x_ms-outlook-mobile-body-separator-line\" dir=\"ltr\" data-applydefaultfontstyles=\"true\">\n<div dir=\"ltr\"><\/div>\n<\/div>\n","protected":false},"excerpt":{"rendered":"<p>NOTI-AMERICA.COM | VENEZUELA\u00a0 Sherryl Peralta Dordi, proveniente de una dinast\u00eda de mujeres destacadas en el mundo de las pasarelas y los concursos de belleza en su pa\u00eds natal, ha consolidado su carrera como modelo&#46;&#46;&#46;<\/p>\n","protected":false},"author":127,"featured_media":48524,"comment_status":"open","ping_status":"open","sticky":false,"template":"","format":"image","meta":{"_acf_changed":false,"om_disable_all_campaigns":false,"rop_custom_images_group":[],"rop_custom_messages_group":[],"rop_publish_now":"initial","rop_publish_now_accounts":{"twitter_242054905_242054905":""},"rop_publish_now_history":[],"rop_publish_now_status":"pending","_uf_show_specific_survey":0,"_uf_disable_surveys":false,"footnotes":""},"categories":[847],"tags":[1747],"class_list":["post-48523","post","type-post","status-publish","format-image","has-post-thumbnail","hentry","category-moda","tag-sherrylperaltadordi","post_format-post-format-image"],"acf":[],"aioseo_notices":[],"yoast_head":"<!-- This site is optimized with the Yoast SEO Premium plugin v24.9 (Yoast SEO v27.2) - https:\/\/yoast.com\/product\/yoast-seo-premium-wordpress\/ -->\n<title>Sherryl Peralta Dordi: Un \u00cdcono de Belleza y Talento en el Mundo de la Moda - Venezuela | Noti-America.com<\/title>\n<meta name=\"robots\" content=\"index, follow, max-snippet:-1, max-image-preview:large, max-video-preview:-1\" \/>\n<link rel=\"canonical\" href=\"https:\/\/noti-america.com\/site\/venezuela\/2025\/10\/14\/sherryl-peralta-dordi-un-icono-de-belleza-y-talento-en-el-mundo-de-la-moda\/\" \/>\n<meta property=\"og:locale\" content=\"es_ES\" \/>\n<meta property=\"og:type\" content=\"article\" \/>\n<meta property=\"og:title\" content=\"Sherryl Peralta Dordi: Un \u00cdcono de Belleza y Talento en el Mundo de la Moda\" \/>\n<meta property=\"og:description\" content=\"NOTI-AMERICA.COM | VENEZUELA\u00a0 Sherryl Peralta Dordi, proveniente de una dinast\u00eda de mujeres destacadas en el mundo de las pasarelas y los concursos de belleza en su pa\u00eds natal, ha consolidado su carrera como modelo&#046;&#046;&#046;\" \/>\n<meta property=\"og:url\" content=\"https:\/\/noti-america.com\/site\/venezuela\/2025\/10\/14\/sherryl-peralta-dordi-un-icono-de-belleza-y-talento-en-el-mundo-de-la-moda\/\" \/>\n<meta property=\"og:site_name\" content=\"Venezuela | Noti-America.com\" \/>\n<meta property=\"article:published_time\" content=\"2025-10-14T03:38:58+00:00\" \/>\n<meta property=\"og:image\" content=\"https:\/\/noti-america.com\/site\/venezuela\/wp-content\/uploads\/sites\/2\/2025\/10\/thumbnail_processed-2A0A1929-7F3E-41FE-A7F6-B05377F0D585.jpg\" \/>\n\t<meta property=\"og:image:width\" content=\"853\" \/>\n\t<meta property=\"og:image:height\" content=\"709\" \/>\n\t<meta property=\"og:image:type\" content=\"image\/jpeg\" \/>\n<meta name=\"author\" content=\"Yoelvzla\" \/>\n<meta name=\"twitter:card\" content=\"summary_large_image\" \/>\n<meta name=\"twitter:label1\" content=\"Escrito por\" \/>\n\t<meta name=\"twitter:data1\" content=\"Yoelvzla\" \/>\n\t<meta name=\"twitter:label2\" content=\"Tiempo estimado de lectura\" \/>\n\t<meta name=\"twitter:data2\" content=\"3 minutos\" \/>\n<script type=\"application\/ld+json\" class=\"yoast-schema-graph\">{\"@context\":\"https:\/\/schema.org\",\"@graph\":[{\"@type\":\"Article\",\"@id\":\"https:\/\/noti-america.com\/site\/venezuela\/2025\/10\/14\/sherryl-peralta-dordi-un-icono-de-belleza-y-talento-en-el-mundo-de-la-moda\/#article\",\"isPartOf\":{\"@id\":\"https:\/\/noti-america.com\/site\/venezuela\/2025\/10\/14\/sherryl-peralta-dordi-un-icono-de-belleza-y-talento-en-el-mundo-de-la-moda\/\"},\"author\":{\"name\":\"Yoelvzla\",\"@id\":\"https:\/\/noti-america.com\/site\/venezuela\/#\/schema\/person\/376ccc7b3cc7a8d5a43c3ece07a43857\"},\"headline\":\"Sherryl Peralta Dordi: Un \u00cdcono de Belleza y Talento en el Mundo de la Moda\",\"datePublished\":\"2025-10-14T03:38:58+00:00\",\"mainEntityOfPage\":{\"@id\":\"https:\/\/noti-america.com\/site\/venezuela\/2025\/10\/14\/sherryl-peralta-dordi-un-icono-de-belleza-y-talento-en-el-mundo-de-la-moda\/\"},\"wordCount\":553,\"commentCount\":0,\"publisher\":{\"@id\":\"https:\/\/noti-america.com\/site\/venezuela\/#organization\"},\"image\":{\"@id\":\"https:\/\/noti-america.com\/site\/venezuela\/2025\/10\/14\/sherryl-peralta-dordi-un-icono-de-belleza-y-talento-en-el-mundo-de-la-moda\/#primaryimage\"},\"thumbnailUrl\":\"https:\/\/noti-america.com\/site\/venezuela\/wp-content\/uploads\/sites\/2\/2025\/10\/thumbnail_processed-2A0A1929-7F3E-41FE-A7F6-B05377F0D585.jpg\",\"keywords\":[\"#SherrylPeraltaDordi\"],\"articleSection\":[\"Moda\"],\"inLanguage\":\"es\",\"potentialAction\":[{\"@type\":\"CommentAction\",\"name\":\"Comment\",\"target\":[\"https:\/\/noti-america.com\/site\/venezuela\/2025\/10\/14\/sherryl-peralta-dordi-un-icono-de-belleza-y-talento-en-el-mundo-de-la-moda\/#respond\"]}]},{\"@type\":\"WebPage\",\"@id\":\"https:\/\/noti-america.com\/site\/venezuela\/2025\/10\/14\/sherryl-peralta-dordi-un-icono-de-belleza-y-talento-en-el-mundo-de-la-moda\/\",\"url\":\"https:\/\/noti-america.com\/site\/venezuela\/2025\/10\/14\/sherryl-peralta-dordi-un-icono-de-belleza-y-talento-en-el-mundo-de-la-moda\/\",\"name\":\"Sherryl Peralta Dordi: Un \u00cdcono de Belleza y Talento en el Mundo de la Moda - Venezuela | Noti-America.com\",\"isPartOf\":{\"@id\":\"https:\/\/noti-america.com\/site\/venezuela\/#website\"},\"primaryImageOfPage\":{\"@id\":\"https:\/\/noti-america.com\/site\/venezuela\/2025\/10\/14\/sherryl-peralta-dordi-un-icono-de-belleza-y-talento-en-el-mundo-de-la-moda\/#primaryimage\"},\"image\":{\"@id\":\"https:\/\/noti-america.com\/site\/venezuela\/2025\/10\/14\/sherryl-peralta-dordi-un-icono-de-belleza-y-talento-en-el-mundo-de-la-moda\/#primaryimage\"},\"thumbnailUrl\":\"https:\/\/noti-america.com\/site\/venezuela\/wp-content\/uploads\/sites\/2\/2025\/10\/thumbnail_processed-2A0A1929-7F3E-41FE-A7F6-B05377F0D585.jpg\",\"datePublished\":\"2025-10-14T03:38:58+00:00\",\"breadcrumb\":{\"@id\":\"https:\/\/noti-america.com\/site\/venezuela\/2025\/10\/14\/sherryl-peralta-dordi-un-icono-de-belleza-y-talento-en-el-mundo-de-la-moda\/#breadcrumb\"},\"inLanguage\":\"es\",\"potentialAction\":[{\"@type\":\"ReadAction\",\"target\":[\"https:\/\/noti-america.com\/site\/venezuela\/2025\/10\/14\/sherryl-peralta-dordi-un-icono-de-belleza-y-talento-en-el-mundo-de-la-moda\/\"]}]},{\"@type\":\"ImageObject\",\"inLanguage\":\"es\",\"@id\":\"https:\/\/noti-america.com\/site\/venezuela\/2025\/10\/14\/sherryl-peralta-dordi-un-icono-de-belleza-y-talento-en-el-mundo-de-la-moda\/#primaryimage\",\"url\":\"https:\/\/noti-america.com\/site\/venezuela\/wp-content\/uploads\/sites\/2\/2025\/10\/thumbnail_processed-2A0A1929-7F3E-41FE-A7F6-B05377F0D585.jpg\",\"contentUrl\":\"https:\/\/noti-america.com\/site\/venezuela\/wp-content\/uploads\/sites\/2\/2025\/10\/thumbnail_processed-2A0A1929-7F3E-41FE-A7F6-B05377F0D585.jpg\",\"width\":853,\"height\":709},{\"@type\":\"BreadcrumbList\",\"@id\":\"https:\/\/noti-america.com\/site\/venezuela\/2025\/10\/14\/sherryl-peralta-dordi-un-icono-de-belleza-y-talento-en-el-mundo-de-la-moda\/#breadcrumb\",\"itemListElement\":[{\"@type\":\"ListItem\",\"position\":1,\"name\":\"Portada\",\"item\":\"https:\/\/noti-america.com\/site\/venezuela\/\"},{\"@type\":\"ListItem\",\"position\":2,\"name\":\"Sherryl Peralta Dordi: Un \u00cdcono de Belleza y Talento en el Mundo de la Moda\"}]},{\"@type\":\"WebSite\",\"@id\":\"https:\/\/noti-america.com\/site\/venezuela\/#website\",\"url\":\"https:\/\/noti-america.com\/site\/venezuela\/\",\"name\":\"Venezuela | Noti-America.com\",\"description\":\"\",\"publisher\":{\"@id\":\"https:\/\/noti-america.com\/site\/venezuela\/#organization\"},\"potentialAction\":[{\"@type\":\"SearchAction\",\"target\":{\"@type\":\"EntryPoint\",\"urlTemplate\":\"https:\/\/noti-america.com\/site\/venezuela\/?s={search_term_string}\"},\"query-input\":{\"@type\":\"PropertyValueSpecification\",\"valueRequired\":true,\"valueName\":\"search_term_string\"}}],\"inLanguage\":\"es\"},{\"@type\":\"Organization\",\"@id\":\"https:\/\/noti-america.com\/site\/venezuela\/#organization\",\"name\":\"Noti-America LLC | Venezuela\",\"url\":\"https:\/\/noti-america.com\/site\/venezuela\/\",\"logo\":{\"@type\":\"ImageObject\",\"inLanguage\":\"es\",\"@id\":\"https:\/\/noti-america.com\/site\/venezuela\/#\/schema\/logo\/image\/\",\"url\":\"https:\/\/noti-america.com\/site\/venezuela\/wp-content\/uploads\/sites\/2\/2020\/07\/LogoNA-4x3-1.jpg\",\"contentUrl\":\"https:\/\/noti-america.com\/site\/venezuela\/wp-content\/uploads\/sites\/2\/2020\/07\/LogoNA-4x3-1.jpg\",\"width\":1236,\"height\":1080,\"caption\":\"Noti-America LLC | Venezuela\"},\"image\":{\"@id\":\"https:\/\/noti-america.com\/site\/venezuela\/#\/schema\/logo\/image\/\"}},{\"@type\":\"Person\",\"@id\":\"https:\/\/noti-america.com\/site\/venezuela\/#\/schema\/person\/376ccc7b3cc7a8d5a43c3ece07a43857\",\"name\":\"Yoelvzla\",\"image\":{\"@type\":\"ImageObject\",\"inLanguage\":\"es\",\"@id\":\"https:\/\/secure.gravatar.com\/avatar\/13a96a72123e0e9aa76fe82e8847f726c63a1c5ef6a8d0fadd844c1a5a83b212?s=96&d=mm&r=g\",\"url\":\"https:\/\/secure.gravatar.com\/avatar\/13a96a72123e0e9aa76fe82e8847f726c63a1c5ef6a8d0fadd844c1a5a83b212?s=96&d=mm&r=g\",\"contentUrl\":\"https:\/\/secure.gravatar.com\/avatar\/13a96a72123e0e9aa76fe82e8847f726c63a1c5ef6a8d0fadd844c1a5a83b212?s=96&d=mm&r=g\",\"caption\":\"Yoelvzla\"},\"url\":\"https:\/\/noti-america.com\/site\/venezuela\/author\/ydiaz\/\"}]}<\/script>\n<!-- \/ Yoast SEO Premium plugin. -->","yoast_head_json":{"title":"Sherryl Peralta Dordi: Un \u00cdcono de Belleza y Talento en el Mundo de la Moda - Venezuela | Noti-America.com","robots":{"index":"index","follow":"follow","max-snippet":"max-snippet:-1","max-image-preview":"max-image-preview:large","max-video-preview":"max-video-preview:-1"},"canonical":"https:\/\/noti-america.com\/site\/venezuela\/2025\/10\/14\/sherryl-peralta-dordi-un-icono-de-belleza-y-talento-en-el-mundo-de-la-moda\/","og_locale":"es_ES","og_type":"article","og_title":"Sherryl Peralta Dordi: Un \u00cdcono de Belleza y Talento en el Mundo de la Moda","og_description":"NOTI-AMERICA.COM | VENEZUELA\u00a0 Sherryl Peralta Dordi, proveniente de una dinast\u00eda de mujeres destacadas en el mundo de las pasarelas y los concursos de belleza en su pa\u00eds natal, ha consolidado su carrera como modelo&#46;&#46;&#46;","og_url":"https:\/\/noti-america.com\/site\/venezuela\/2025\/10\/14\/sherryl-peralta-dordi-un-icono-de-belleza-y-talento-en-el-mundo-de-la-moda\/","og_site_name":"Venezuela | Noti-America.com","article_published_time":"2025-10-14T03:38:58+00:00","og_image":[{"width":853,"height":709,"url":"https:\/\/noti-america.com\/site\/venezuela\/wp-content\/uploads\/sites\/2\/2025\/10\/thumbnail_processed-2A0A1929-7F3E-41FE-A7F6-B05377F0D585.jpg","type":"image\/jpeg"}],"author":"Yoelvzla","twitter_card":"summary_large_image","twitter_misc":{"Escrito por":"Yoelvzla","Tiempo estimado de lectura":"3 minutos"},"schema":{"@context":"https:\/\/schema.org","@graph":[{"@type":"Article","@id":"https:\/\/noti-america.com\/site\/venezuela\/2025\/10\/14\/sherryl-peralta-dordi-un-icono-de-belleza-y-talento-en-el-mundo-de-la-moda\/#article","isPartOf":{"@id":"https:\/\/noti-america.com\/site\/venezuela\/2025\/10\/14\/sherryl-peralta-dordi-un-icono-de-belleza-y-talento-en-el-mundo-de-la-moda\/"},"author":{"name":"Yoelvzla","@id":"https:\/\/noti-america.com\/site\/venezuela\/#\/schema\/person\/376ccc7b3cc7a8d5a43c3ece07a43857"},"headline":"Sherryl Peralta Dordi: Un \u00cdcono de Belleza y Talento en el Mundo de la Moda","datePublished":"2025-10-14T03:38:58+00:00","mainEntityOfPage":{"@id":"https:\/\/noti-america.com\/site\/venezuela\/2025\/10\/14\/sherryl-peralta-dordi-un-icono-de-belleza-y-talento-en-el-mundo-de-la-moda\/"},"wordCount":553,"commentCount":0,"publisher":{"@id":"https:\/\/noti-america.com\/site\/venezuela\/#organization"},"image":{"@id":"https:\/\/noti-america.com\/site\/venezuela\/2025\/10\/14\/sherryl-peralta-dordi-un-icono-de-belleza-y-talento-en-el-mundo-de-la-moda\/#primaryimage"},"thumbnailUrl":"https:\/\/noti-america.com\/site\/venezuela\/wp-content\/uploads\/sites\/2\/2025\/10\/thumbnail_processed-2A0A1929-7F3E-41FE-A7F6-B05377F0D585.jpg","keywords":["#SherrylPeraltaDordi"],"articleSection":["Moda"],"inLanguage":"es","potentialAction":[{"@type":"CommentAction","name":"Comment","target":["https:\/\/noti-america.com\/site\/venezuela\/2025\/10\/14\/sherryl-peralta-dordi-un-icono-de-belleza-y-talento-en-el-mundo-de-la-moda\/#respond"]}]},{"@type":"WebPage","@id":"https:\/\/noti-america.com\/site\/venezuela\/2025\/10\/14\/sherryl-peralta-dordi-un-icono-de-belleza-y-talento-en-el-mundo-de-la-moda\/","url":"https:\/\/noti-america.com\/site\/venezuela\/2025\/10\/14\/sherryl-peralta-dordi-un-icono-de-belleza-y-talento-en-el-mundo-de-la-moda\/","name":"Sherryl Peralta Dordi: Un \u00cdcono de Belleza y Talento en el Mundo de la Moda - Venezuela | Noti-America.com","isPartOf":{"@id":"https:\/\/noti-america.com\/site\/venezuela\/#website"},"primaryImageOfPage":{"@id":"https:\/\/noti-america.com\/site\/venezuela\/2025\/10\/14\/sherryl-peralta-dordi-un-icono-de-belleza-y-talento-en-el-mundo-de-la-moda\/#primaryimage"},"image":{"@id":"https:\/\/noti-america.com\/site\/venezuela\/2025\/10\/14\/sherryl-peralta-dordi-un-icono-de-belleza-y-talento-en-el-mundo-de-la-moda\/#primaryimage"},"thumbnailUrl":"https:\/\/noti-america.com\/site\/venezuela\/wp-content\/uploads\/sites\/2\/2025\/10\/thumbnail_processed-2A0A1929-7F3E-41FE-A7F6-B05377F0D585.jpg","datePublished":"2025-10-14T03:38:58+00:00","breadcrumb":{"@id":"https:\/\/noti-america.com\/site\/venezuela\/2025\/10\/14\/sherryl-peralta-dordi-un-icono-de-belleza-y-talento-en-el-mundo-de-la-moda\/#breadcrumb"},"inLanguage":"es","potentialAction":[{"@type":"ReadAction","target":["https:\/\/noti-america.com\/site\/venezuela\/2025\/10\/14\/sherryl-peralta-dordi-un-icono-de-belleza-y-talento-en-el-mundo-de-la-moda\/"]}]},{"@type":"ImageObject","inLanguage":"es","@id":"https:\/\/noti-america.com\/site\/venezuela\/2025\/10\/14\/sherryl-peralta-dordi-un-icono-de-belleza-y-talento-en-el-mundo-de-la-moda\/#primaryimage","url":"https:\/\/noti-america.com\/site\/venezuela\/wp-content\/uploads\/sites\/2\/2025\/10\/thumbnail_processed-2A0A1929-7F3E-41FE-A7F6-B05377F0D585.jpg","contentUrl":"https:\/\/noti-america.com\/site\/venezuela\/wp-content\/uploads\/sites\/2\/2025\/10\/thumbnail_processed-2A0A1929-7F3E-41FE-A7F6-B05377F0D585.jpg","width":853,"height":709},{"@type":"BreadcrumbList","@id":"https:\/\/noti-america.com\/site\/venezuela\/2025\/10\/14\/sherryl-peralta-dordi-un-icono-de-belleza-y-talento-en-el-mundo-de-la-moda\/#breadcrumb","itemListElement":[{"@type":"ListItem","position":1,"name":"Portada","item":"https:\/\/noti-america.com\/site\/venezuela\/"},{"@type":"ListItem","position":2,"name":"Sherryl Peralta Dordi: Un \u00cdcono de Belleza y Talento en el Mundo de la Moda"}]},{"@type":"WebSite","@id":"https:\/\/noti-america.com\/site\/venezuela\/#website","url":"https:\/\/noti-america.com\/site\/venezuela\/","name":"Venezuela | Noti-America.com","description":"","publisher":{"@id":"https:\/\/noti-america.com\/site\/venezuela\/#organization"},"potentialAction":[{"@type":"SearchAction","target":{"@type":"EntryPoint","urlTemplate":"https:\/\/noti-america.com\/site\/venezuela\/?s={search_term_string}"},"query-input":{"@type":"PropertyValueSpecification","valueRequired":true,"valueName":"search_term_string"}}],"inLanguage":"es"},{"@type":"Organization","@id":"https:\/\/noti-america.com\/site\/venezuela\/#organization","name":"Noti-America LLC | Venezuela","url":"https:\/\/noti-america.com\/site\/venezuela\/","logo":{"@type":"ImageObject","inLanguage":"es","@id":"https:\/\/noti-america.com\/site\/venezuela\/#\/schema\/logo\/image\/","url":"https:\/\/noti-america.com\/site\/venezuela\/wp-content\/uploads\/sites\/2\/2020\/07\/LogoNA-4x3-1.jpg","contentUrl":"https:\/\/noti-america.com\/site\/venezuela\/wp-content\/uploads\/sites\/2\/2020\/07\/LogoNA-4x3-1.jpg","width":1236,"height":1080,"caption":"Noti-America LLC | Venezuela"},"image":{"@id":"https:\/\/noti-america.com\/site\/venezuela\/#\/schema\/logo\/image\/"}},{"@type":"Person","@id":"https:\/\/noti-america.com\/site\/venezuela\/#\/schema\/person\/376ccc7b3cc7a8d5a43c3ece07a43857","name":"Yoelvzla","image":{"@type":"ImageObject","inLanguage":"es","@id":"https:\/\/secure.gravatar.com\/avatar\/13a96a72123e0e9aa76fe82e8847f726c63a1c5ef6a8d0fadd844c1a5a83b212?s=96&d=mm&r=g","url":"https:\/\/secure.gravatar.com\/avatar\/13a96a72123e0e9aa76fe82e8847f726c63a1c5ef6a8d0fadd844c1a5a83b212?s=96&d=mm&r=g","contentUrl":"https:\/\/secure.gravatar.com\/avatar\/13a96a72123e0e9aa76fe82e8847f726c63a1c5ef6a8d0fadd844c1a5a83b212?s=96&d=mm&r=g","caption":"Yoelvzla"},"url":"https:\/\/noti-america.com\/site\/venezuela\/author\/ydiaz\/"}]}},"_links":{"self":[{"href":"https:\/\/noti-america.com\/site\/venezuela\/wp-json\/wp\/v2\/posts\/48523","targetHints":{"allow":["GET"]}}],"collection":[{"href":"https:\/\/noti-america.com\/site\/venezuela\/wp-json\/wp\/v2\/posts"}],"about":[{"href":"https:\/\/noti-america.com\/site\/venezuela\/wp-json\/wp\/v2\/types\/post"}],"author":[{"embeddable":true,"href":"https:\/\/noti-america.com\/site\/venezuela\/wp-json\/wp\/v2\/users\/127"}],"replies":[{"embeddable":true,"href":"https:\/\/noti-america.com\/site\/venezuela\/wp-json\/wp\/v2\/comments?post=48523"}],"version-history":[{"count":1,"href":"https:\/\/noti-america.com\/site\/venezuela\/wp-json\/wp\/v2\/posts\/48523\/revisions"}],"predecessor-version":[{"id":48525,"href":"https:\/\/noti-america.com\/site\/venezuela\/wp-json\/wp\/v2\/posts\/48523\/revisions\/48525"}],"wp:featuredmedia":[{"embeddable":true,"href":"https:\/\/noti-america.com\/site\/venezuela\/wp-json\/wp\/v2\/media\/48524"}],"wp:attachment":[{"href":"https:\/\/noti-america.com\/site\/venezuela\/wp-json\/wp\/v2\/media?parent=48523"}],"wp:term":[{"taxonomy":"category","embeddable":true,"href":"https:\/\/noti-america.com\/site\/venezuela\/wp-json\/wp\/v2\/categories?post=48523"},{"taxonomy":"post_tag","embeddable":true,"href":"https:\/\/noti-america.com\/site\/venezuela\/wp-json\/wp\/v2\/tags?post=48523"}],"curies":[{"name":"wp","href":"https:\/\/api.w.org\/{rel}","templated":true}]}}