{"id":47327,"date":"2025-08-30T14:44:16","date_gmt":"2025-08-30T14:44:16","guid":{"rendered":"https:\/\/noti-america.com\/site\/venezuela\/?p=47327"},"modified":"2025-08-30T14:44:16","modified_gmt":"2025-08-30T14:44:16","slug":"desde-las-gradas-con-victoria-celebra-su-segundo-aniversario-premiando-a-los-jugadores-mas-destacados-del-ucv-fc","status":"publish","type":"post","link":"https:\/\/noti-america.com\/site\/venezuela\/2025\/08\/30\/desde-las-gradas-con-victoria-celebra-su-segundo-aniversario-premiando-a-los-jugadores-mas-destacados-del-ucv-fc\/","title":{"rendered":"\u201cDesde las gradas con Victoria\u201d celebra su segundo aniversario premiando a los jugadores m\u00e1s destacados del UCV FC"},"content":{"rendered":"<p dir=\"ltr\"><span data-olk-copy-source=\"MessageBody\">Con motivo de su segundo aniversario, el proyecto \u201cDesde las Gradas con Victoria\u201d, anunci\u00f3 la creaci\u00f3n de unos premios especiales para reconocer el talento y la entrega de los jugadores m\u00e1s sobresalientes del UCV FC., que se llevar\u00e1n a cabo en la ciudad de Caracas, en una gala privada el pr\u00f3ximo 2 de septiembre.<\/span><\/p>\n<p>El anuncio se realiz\u00f3 a trav\u00e9s de la cuenta oficial de Instagram @desdelasgradasconvictoria, plataforma que se ha consolidado durante dos a\u00f1os como un espacio de entrevistas y conversaci\u00f3n con los protagonistas del f\u00fatbol venezolano.<\/p>\n<p>Votaci\u00f3n abierta para los seguidores<\/p>\n<p>Los galardones ser\u00e1n otorgados mediante un sistema de votaci\u00f3n abierta al p\u00fablico, en el que los seguidores podr\u00e1n elegir a sus jugadores favoritos a trav\u00e9s de un formulario digital. La iniciativa busca darle voz a la afici\u00f3n y fortalecer el v\u00ednculo entre el equipo y sus hinchas. El link para las votaciones est\u00e1 en el perfil de la cuenta @desdelasgradasconvictoria.<\/p>\n<p>Categor\u00edas de premiaci\u00f3n<\/p>\n<p>Los seguidores podr\u00e1n participar votando en las siguientes categor\u00edas:<\/p>\n<p><strong>Mejor arquero<\/strong><\/p>\n<p><strong>Mejor defensa<\/strong><\/p>\n<p><strong>Mejor mediocampista<\/strong><\/p>\n<p><strong>Mejor delantero<\/strong><\/p>\n<p><strong>Mejor jugador joven<\/strong><\/p>\n<p><strong>mejor extranjero<\/strong><\/p>\n<p><strong>Mejor gol de temporada<\/strong><\/p>\n<p><strong>Mejor guardameta<\/strong><\/p>\n<p><strong>Mejor defensor central<\/strong><\/p>\n<p><strong>Mejor lateral derecho<\/strong><\/p>\n<p><strong>Mejor lateral izquierdo<\/strong><\/p>\n<p><strong>Mejor medio campista<\/strong><\/p>\n<p><strong>Extremo derecho<\/strong><\/p>\n<p><strong>Extremo izquierdo<\/strong><\/p>\n<p><strong>Mejor delantero<\/strong><\/p>\n<p><strong>Premiaci\u00f3n en vivo<\/strong><\/p>\n<p>Los resultados se dar\u00e1n a conocer el pr\u00f3ximo 2 de septiembre a las 7:00 p.m. en un Instagram Live desde la cuenta oficial del proyecto, donde se celebrar\u00e1 la interacci\u00f3n con los fan\u00e1ticos y se rendir\u00e1 homenaje a quienes han dejado todo en la cancha vistiendo los colores del UCV FC.<\/p>\n<p>Con estos premios, \u201cDesde las Gradas con Victoria\u201d reafirma su compromiso de seguir visibilizando el talento futbol\u00edstico venezolano y consolidarse como un espacio cercano, din\u00e1mico y referente en la cobertura deportiva del pa\u00eds.<\/p>\n","protected":false},"excerpt":{"rendered":"<p>Con motivo de su segundo aniversario, el proyecto \u201cDesde las Gradas con Victoria\u201d, anunci\u00f3 la creaci\u00f3n de unos premios especiales para reconocer el talento y la entrega de los jugadores m\u00e1s sobresalientes del UCV&#46;&#46;&#46;<\/p>\n","protected":false},"author":127,"featured_media":47328,"comment_status":"open","ping_status":"open","sticky":false,"template":"","format":"image","meta":{"_acf_changed":false,"om_disable_all_campaigns":false,"rop_custom_images_group":[],"rop_custom_messages_group":[],"rop_publish_now":"initial","rop_publish_now_accounts":{"twitter_242054905_242054905":""},"rop_publish_now_history":[],"rop_publish_now_status":"pending","_uf_show_specific_survey":0,"_uf_disable_surveys":false,"footnotes":""},"categories":[680],"tags":[],"class_list":["post-47327","post","type-post","status-publish","format-image","has-post-thumbnail","hentry","category-futbol-nacional","post_format-post-format-image"],"acf":[],"aioseo_notices":[],"yoast_head":"<!-- This site is optimized with the Yoast SEO Premium plugin v24.9 (Yoast SEO v27.2) - https:\/\/yoast.com\/product\/yoast-seo-premium-wordpress\/ -->\n<title>\u201cDesde las gradas con Victoria\u201d celebra su segundo aniversario premiando a los jugadores m\u00e1s destacados del UCV FC - Venezuela | Noti-America.com<\/title>\n<meta name=\"robots\" content=\"index, follow, max-snippet:-1, max-image-preview:large, max-video-preview:-1\" \/>\n<link rel=\"canonical\" href=\"https:\/\/noti-america.com\/site\/venezuela\/2025\/08\/30\/desde-las-gradas-con-victoria-celebra-su-segundo-aniversario-premiando-a-los-jugadores-mas-destacados-del-ucv-fc\/\" \/>\n<meta property=\"og:locale\" content=\"es_ES\" \/>\n<meta property=\"og:type\" content=\"article\" \/>\n<meta property=\"og:title\" content=\"\u201cDesde las gradas con Victoria\u201d celebra su segundo aniversario premiando a los jugadores m\u00e1s destacados del UCV FC\" \/>\n<meta property=\"og:description\" content=\"Con motivo de su segundo aniversario, el proyecto \u201cDesde las Gradas con Victoria\u201d, anunci\u00f3 la creaci\u00f3n de unos premios especiales para reconocer el talento y la entrega de los jugadores m\u00e1s sobresalientes del UCV&#046;&#046;&#046;\" \/>\n<meta property=\"og:url\" content=\"https:\/\/noti-america.com\/site\/venezuela\/2025\/08\/30\/desde-las-gradas-con-victoria-celebra-su-segundo-aniversario-premiando-a-los-jugadores-mas-destacados-del-ucv-fc\/\" \/>\n<meta property=\"og:site_name\" content=\"Venezuela | Noti-America.com\" \/>\n<meta property=\"article:published_time\" content=\"2025-08-30T14:44:16+00:00\" \/>\n<meta property=\"og:image\" content=\"https:\/\/noti-america.com\/site\/venezuela\/wp-content\/uploads\/sites\/2\/2025\/08\/thumbnail_processed-2C4D1F50-5168-4318-9E41-9714FBF1E0A9.jpg\" \/>\n\t<meta property=\"og:image:width\" content=\"1706\" \/>\n\t<meta property=\"og:image:height\" content=\"1306\" \/>\n\t<meta property=\"og:image:type\" content=\"image\/jpeg\" \/>\n<meta name=\"author\" content=\"Yoelvzla\" \/>\n<meta name=\"twitter:card\" content=\"summary_large_image\" \/>\n<meta name=\"twitter:label1\" content=\"Escrito por\" \/>\n\t<meta name=\"twitter:data1\" content=\"Yoelvzla\" \/>\n\t<meta name=\"twitter:label2\" content=\"Tiempo estimado de lectura\" \/>\n\t<meta name=\"twitter:data2\" content=\"2 minutos\" \/>\n<script type=\"application\/ld+json\" class=\"yoast-schema-graph\">{\"@context\":\"https:\/\/schema.org\",\"@graph\":[{\"@type\":\"Article\",\"@id\":\"https:\/\/noti-america.com\/site\/venezuela\/2025\/08\/30\/desde-las-gradas-con-victoria-celebra-su-segundo-aniversario-premiando-a-los-jugadores-mas-destacados-del-ucv-fc\/#article\",\"isPartOf\":{\"@id\":\"https:\/\/noti-america.com\/site\/venezuela\/2025\/08\/30\/desde-las-gradas-con-victoria-celebra-su-segundo-aniversario-premiando-a-los-jugadores-mas-destacados-del-ucv-fc\/\"},\"author\":{\"name\":\"Yoelvzla\",\"@id\":\"https:\/\/noti-america.com\/site\/venezuela\/#\/schema\/person\/376ccc7b3cc7a8d5a43c3ece07a43857\"},\"headline\":\"\u201cDesde las gradas con Victoria\u201d celebra su segundo aniversario premiando a los jugadores m\u00e1s destacados del UCV FC\",\"datePublished\":\"2025-08-30T14:44:16+00:00\",\"mainEntityOfPage\":{\"@id\":\"https:\/\/noti-america.com\/site\/venezuela\/2025\/08\/30\/desde-las-gradas-con-victoria-celebra-su-segundo-aniversario-premiando-a-los-jugadores-mas-destacados-del-ucv-fc\/\"},\"wordCount\":334,\"commentCount\":0,\"publisher\":{\"@id\":\"https:\/\/noti-america.com\/site\/venezuela\/#organization\"},\"image\":{\"@id\":\"https:\/\/noti-america.com\/site\/venezuela\/2025\/08\/30\/desde-las-gradas-con-victoria-celebra-su-segundo-aniversario-premiando-a-los-jugadores-mas-destacados-del-ucv-fc\/#primaryimage\"},\"thumbnailUrl\":\"https:\/\/noti-america.com\/site\/venezuela\/wp-content\/uploads\/sites\/2\/2025\/08\/thumbnail_processed-2C4D1F50-5168-4318-9E41-9714FBF1E0A9.jpg\",\"articleSection\":[\"Futbol Nacional\"],\"inLanguage\":\"es\",\"potentialAction\":[{\"@type\":\"CommentAction\",\"name\":\"Comment\",\"target\":[\"https:\/\/noti-america.com\/site\/venezuela\/2025\/08\/30\/desde-las-gradas-con-victoria-celebra-su-segundo-aniversario-premiando-a-los-jugadores-mas-destacados-del-ucv-fc\/#respond\"]}]},{\"@type\":\"WebPage\",\"@id\":\"https:\/\/noti-america.com\/site\/venezuela\/2025\/08\/30\/desde-las-gradas-con-victoria-celebra-su-segundo-aniversario-premiando-a-los-jugadores-mas-destacados-del-ucv-fc\/\",\"url\":\"https:\/\/noti-america.com\/site\/venezuela\/2025\/08\/30\/desde-las-gradas-con-victoria-celebra-su-segundo-aniversario-premiando-a-los-jugadores-mas-destacados-del-ucv-fc\/\",\"name\":\"\u201cDesde las gradas con Victoria\u201d celebra su segundo aniversario premiando a los jugadores m\u00e1s destacados del UCV FC - Venezuela | Noti-America.com\",\"isPartOf\":{\"@id\":\"https:\/\/noti-america.com\/site\/venezuela\/#website\"},\"primaryImageOfPage\":{\"@id\":\"https:\/\/noti-america.com\/site\/venezuela\/2025\/08\/30\/desde-las-gradas-con-victoria-celebra-su-segundo-aniversario-premiando-a-los-jugadores-mas-destacados-del-ucv-fc\/#primaryimage\"},\"image\":{\"@id\":\"https:\/\/noti-america.com\/site\/venezuela\/2025\/08\/30\/desde-las-gradas-con-victoria-celebra-su-segundo-aniversario-premiando-a-los-jugadores-mas-destacados-del-ucv-fc\/#primaryimage\"},\"thumbnailUrl\":\"https:\/\/noti-america.com\/site\/venezuela\/wp-content\/uploads\/sites\/2\/2025\/08\/thumbnail_processed-2C4D1F50-5168-4318-9E41-9714FBF1E0A9.jpg\",\"datePublished\":\"2025-08-30T14:44:16+00:00\",\"breadcrumb\":{\"@id\":\"https:\/\/noti-america.com\/site\/venezuela\/2025\/08\/30\/desde-las-gradas-con-victoria-celebra-su-segundo-aniversario-premiando-a-los-jugadores-mas-destacados-del-ucv-fc\/#breadcrumb\"},\"inLanguage\":\"es\",\"potentialAction\":[{\"@type\":\"ReadAction\",\"target\":[\"https:\/\/noti-america.com\/site\/venezuela\/2025\/08\/30\/desde-las-gradas-con-victoria-celebra-su-segundo-aniversario-premiando-a-los-jugadores-mas-destacados-del-ucv-fc\/\"]}]},{\"@type\":\"ImageObject\",\"inLanguage\":\"es\",\"@id\":\"https:\/\/noti-america.com\/site\/venezuela\/2025\/08\/30\/desde-las-gradas-con-victoria-celebra-su-segundo-aniversario-premiando-a-los-jugadores-mas-destacados-del-ucv-fc\/#primaryimage\",\"url\":\"https:\/\/noti-america.com\/site\/venezuela\/wp-content\/uploads\/sites\/2\/2025\/08\/thumbnail_processed-2C4D1F50-5168-4318-9E41-9714FBF1E0A9.jpg\",\"contentUrl\":\"https:\/\/noti-america.com\/site\/venezuela\/wp-content\/uploads\/sites\/2\/2025\/08\/thumbnail_processed-2C4D1F50-5168-4318-9E41-9714FBF1E0A9.jpg\",\"width\":1706,\"height\":1306},{\"@type\":\"BreadcrumbList\",\"@id\":\"https:\/\/noti-america.com\/site\/venezuela\/2025\/08\/30\/desde-las-gradas-con-victoria-celebra-su-segundo-aniversario-premiando-a-los-jugadores-mas-destacados-del-ucv-fc\/#breadcrumb\",\"itemListElement\":[{\"@type\":\"ListItem\",\"position\":1,\"name\":\"Portada\",\"item\":\"https:\/\/noti-america.com\/site\/venezuela\/\"},{\"@type\":\"ListItem\",\"position\":2,\"name\":\"\u201cDesde las gradas con Victoria\u201d celebra su segundo aniversario premiando a los jugadores m\u00e1s destacados del UCV FC\"}]},{\"@type\":\"WebSite\",\"@id\":\"https:\/\/noti-america.com\/site\/venezuela\/#website\",\"url\":\"https:\/\/noti-america.com\/site\/venezuela\/\",\"name\":\"Venezuela | Noti-America.com\",\"description\":\"\",\"publisher\":{\"@id\":\"https:\/\/noti-america.com\/site\/venezuela\/#organization\"},\"potentialAction\":[{\"@type\":\"SearchAction\",\"target\":{\"@type\":\"EntryPoint\",\"urlTemplate\":\"https:\/\/noti-america.com\/site\/venezuela\/?s={search_term_string}\"},\"query-input\":{\"@type\":\"PropertyValueSpecification\",\"valueRequired\":true,\"valueName\":\"search_term_string\"}}],\"inLanguage\":\"es\"},{\"@type\":\"Organization\",\"@id\":\"https:\/\/noti-america.com\/site\/venezuela\/#organization\",\"name\":\"Noti-America LLC | Venezuela\",\"url\":\"https:\/\/noti-america.com\/site\/venezuela\/\",\"logo\":{\"@type\":\"ImageObject\",\"inLanguage\":\"es\",\"@id\":\"https:\/\/noti-america.com\/site\/venezuela\/#\/schema\/logo\/image\/\",\"url\":\"https:\/\/noti-america.com\/site\/venezuela\/wp-content\/uploads\/sites\/2\/2020\/07\/LogoNA-4x3-1.jpg\",\"contentUrl\":\"https:\/\/noti-america.com\/site\/venezuela\/wp-content\/uploads\/sites\/2\/2020\/07\/LogoNA-4x3-1.jpg\",\"width\":1236,\"height\":1080,\"caption\":\"Noti-America LLC | Venezuela\"},\"image\":{\"@id\":\"https:\/\/noti-america.com\/site\/venezuela\/#\/schema\/logo\/image\/\"}},{\"@type\":\"Person\",\"@id\":\"https:\/\/noti-america.com\/site\/venezuela\/#\/schema\/person\/376ccc7b3cc7a8d5a43c3ece07a43857\",\"name\":\"Yoelvzla\",\"image\":{\"@type\":\"ImageObject\",\"inLanguage\":\"es\",\"@id\":\"https:\/\/secure.gravatar.com\/avatar\/13a96a72123e0e9aa76fe82e8847f726c63a1c5ef6a8d0fadd844c1a5a83b212?s=96&d=mm&r=g\",\"url\":\"https:\/\/secure.gravatar.com\/avatar\/13a96a72123e0e9aa76fe82e8847f726c63a1c5ef6a8d0fadd844c1a5a83b212?s=96&d=mm&r=g\",\"contentUrl\":\"https:\/\/secure.gravatar.com\/avatar\/13a96a72123e0e9aa76fe82e8847f726c63a1c5ef6a8d0fadd844c1a5a83b212?s=96&d=mm&r=g\",\"caption\":\"Yoelvzla\"},\"url\":\"https:\/\/noti-america.com\/site\/venezuela\/author\/ydiaz\/\"}]}<\/script>\n<!-- \/ Yoast SEO Premium plugin. -->","yoast_head_json":{"title":"\u201cDesde las gradas con Victoria\u201d celebra su segundo aniversario premiando a los jugadores m\u00e1s destacados del UCV FC - Venezuela | Noti-America.com","robots":{"index":"index","follow":"follow","max-snippet":"max-snippet:-1","max-image-preview":"max-image-preview:large","max-video-preview":"max-video-preview:-1"},"canonical":"https:\/\/noti-america.com\/site\/venezuela\/2025\/08\/30\/desde-las-gradas-con-victoria-celebra-su-segundo-aniversario-premiando-a-los-jugadores-mas-destacados-del-ucv-fc\/","og_locale":"es_ES","og_type":"article","og_title":"\u201cDesde las gradas con Victoria\u201d celebra su segundo aniversario premiando a los jugadores m\u00e1s destacados del UCV FC","og_description":"Con motivo de su segundo aniversario, el proyecto \u201cDesde las Gradas con Victoria\u201d, anunci\u00f3 la creaci\u00f3n de unos premios especiales para reconocer el talento y la entrega de los jugadores m\u00e1s sobresalientes del UCV&#46;&#46;&#46;","og_url":"https:\/\/noti-america.com\/site\/venezuela\/2025\/08\/30\/desde-las-gradas-con-victoria-celebra-su-segundo-aniversario-premiando-a-los-jugadores-mas-destacados-del-ucv-fc\/","og_site_name":"Venezuela | Noti-America.com","article_published_time":"2025-08-30T14:44:16+00:00","og_image":[{"width":1706,"height":1306,"url":"https:\/\/noti-america.com\/site\/venezuela\/wp-content\/uploads\/sites\/2\/2025\/08\/thumbnail_processed-2C4D1F50-5168-4318-9E41-9714FBF1E0A9.jpg","type":"image\/jpeg"}],"author":"Yoelvzla","twitter_card":"summary_large_image","twitter_misc":{"Escrito por":"Yoelvzla","Tiempo estimado de lectura":"2 minutos"},"schema":{"@context":"https:\/\/schema.org","@graph":[{"@type":"Article","@id":"https:\/\/noti-america.com\/site\/venezuela\/2025\/08\/30\/desde-las-gradas-con-victoria-celebra-su-segundo-aniversario-premiando-a-los-jugadores-mas-destacados-del-ucv-fc\/#article","isPartOf":{"@id":"https:\/\/noti-america.com\/site\/venezuela\/2025\/08\/30\/desde-las-gradas-con-victoria-celebra-su-segundo-aniversario-premiando-a-los-jugadores-mas-destacados-del-ucv-fc\/"},"author":{"name":"Yoelvzla","@id":"https:\/\/noti-america.com\/site\/venezuela\/#\/schema\/person\/376ccc7b3cc7a8d5a43c3ece07a43857"},"headline":"\u201cDesde las gradas con Victoria\u201d celebra su segundo aniversario premiando a los jugadores m\u00e1s destacados del UCV FC","datePublished":"2025-08-30T14:44:16+00:00","mainEntityOfPage":{"@id":"https:\/\/noti-america.com\/site\/venezuela\/2025\/08\/30\/desde-las-gradas-con-victoria-celebra-su-segundo-aniversario-premiando-a-los-jugadores-mas-destacados-del-ucv-fc\/"},"wordCount":334,"commentCount":0,"publisher":{"@id":"https:\/\/noti-america.com\/site\/venezuela\/#organization"},"image":{"@id":"https:\/\/noti-america.com\/site\/venezuela\/2025\/08\/30\/desde-las-gradas-con-victoria-celebra-su-segundo-aniversario-premiando-a-los-jugadores-mas-destacados-del-ucv-fc\/#primaryimage"},"thumbnailUrl":"https:\/\/noti-america.com\/site\/venezuela\/wp-content\/uploads\/sites\/2\/2025\/08\/thumbnail_processed-2C4D1F50-5168-4318-9E41-9714FBF1E0A9.jpg","articleSection":["Futbol Nacional"],"inLanguage":"es","potentialAction":[{"@type":"CommentAction","name":"Comment","target":["https:\/\/noti-america.com\/site\/venezuela\/2025\/08\/30\/desde-las-gradas-con-victoria-celebra-su-segundo-aniversario-premiando-a-los-jugadores-mas-destacados-del-ucv-fc\/#respond"]}]},{"@type":"WebPage","@id":"https:\/\/noti-america.com\/site\/venezuela\/2025\/08\/30\/desde-las-gradas-con-victoria-celebra-su-segundo-aniversario-premiando-a-los-jugadores-mas-destacados-del-ucv-fc\/","url":"https:\/\/noti-america.com\/site\/venezuela\/2025\/08\/30\/desde-las-gradas-con-victoria-celebra-su-segundo-aniversario-premiando-a-los-jugadores-mas-destacados-del-ucv-fc\/","name":"\u201cDesde las gradas con Victoria\u201d celebra su segundo aniversario premiando a los jugadores m\u00e1s destacados del UCV FC - Venezuela | Noti-America.com","isPartOf":{"@id":"https:\/\/noti-america.com\/site\/venezuela\/#website"},"primaryImageOfPage":{"@id":"https:\/\/noti-america.com\/site\/venezuela\/2025\/08\/30\/desde-las-gradas-con-victoria-celebra-su-segundo-aniversario-premiando-a-los-jugadores-mas-destacados-del-ucv-fc\/#primaryimage"},"image":{"@id":"https:\/\/noti-america.com\/site\/venezuela\/2025\/08\/30\/desde-las-gradas-con-victoria-celebra-su-segundo-aniversario-premiando-a-los-jugadores-mas-destacados-del-ucv-fc\/#primaryimage"},"thumbnailUrl":"https:\/\/noti-america.com\/site\/venezuela\/wp-content\/uploads\/sites\/2\/2025\/08\/thumbnail_processed-2C4D1F50-5168-4318-9E41-9714FBF1E0A9.jpg","datePublished":"2025-08-30T14:44:16+00:00","breadcrumb":{"@id":"https:\/\/noti-america.com\/site\/venezuela\/2025\/08\/30\/desde-las-gradas-con-victoria-celebra-su-segundo-aniversario-premiando-a-los-jugadores-mas-destacados-del-ucv-fc\/#breadcrumb"},"inLanguage":"es","potentialAction":[{"@type":"ReadAction","target":["https:\/\/noti-america.com\/site\/venezuela\/2025\/08\/30\/desde-las-gradas-con-victoria-celebra-su-segundo-aniversario-premiando-a-los-jugadores-mas-destacados-del-ucv-fc\/"]}]},{"@type":"ImageObject","inLanguage":"es","@id":"https:\/\/noti-america.com\/site\/venezuela\/2025\/08\/30\/desde-las-gradas-con-victoria-celebra-su-segundo-aniversario-premiando-a-los-jugadores-mas-destacados-del-ucv-fc\/#primaryimage","url":"https:\/\/noti-america.com\/site\/venezuela\/wp-content\/uploads\/sites\/2\/2025\/08\/thumbnail_processed-2C4D1F50-5168-4318-9E41-9714FBF1E0A9.jpg","contentUrl":"https:\/\/noti-america.com\/site\/venezuela\/wp-content\/uploads\/sites\/2\/2025\/08\/thumbnail_processed-2C4D1F50-5168-4318-9E41-9714FBF1E0A9.jpg","width":1706,"height":1306},{"@type":"BreadcrumbList","@id":"https:\/\/noti-america.com\/site\/venezuela\/2025\/08\/30\/desde-las-gradas-con-victoria-celebra-su-segundo-aniversario-premiando-a-los-jugadores-mas-destacados-del-ucv-fc\/#breadcrumb","itemListElement":[{"@type":"ListItem","position":1,"name":"Portada","item":"https:\/\/noti-america.com\/site\/venezuela\/"},{"@type":"ListItem","position":2,"name":"\u201cDesde las gradas con Victoria\u201d celebra su segundo aniversario premiando a los jugadores m\u00e1s destacados del UCV FC"}]},{"@type":"WebSite","@id":"https:\/\/noti-america.com\/site\/venezuela\/#website","url":"https:\/\/noti-america.com\/site\/venezuela\/","name":"Venezuela | Noti-America.com","description":"","publisher":{"@id":"https:\/\/noti-america.com\/site\/venezuela\/#organization"},"potentialAction":[{"@type":"SearchAction","target":{"@type":"EntryPoint","urlTemplate":"https:\/\/noti-america.com\/site\/venezuela\/?s={search_term_string}"},"query-input":{"@type":"PropertyValueSpecification","valueRequired":true,"valueName":"search_term_string"}}],"inLanguage":"es"},{"@type":"Organization","@id":"https:\/\/noti-america.com\/site\/venezuela\/#organization","name":"Noti-America LLC | Venezuela","url":"https:\/\/noti-america.com\/site\/venezuela\/","logo":{"@type":"ImageObject","inLanguage":"es","@id":"https:\/\/noti-america.com\/site\/venezuela\/#\/schema\/logo\/image\/","url":"https:\/\/noti-america.com\/site\/venezuela\/wp-content\/uploads\/sites\/2\/2020\/07\/LogoNA-4x3-1.jpg","contentUrl":"https:\/\/noti-america.com\/site\/venezuela\/wp-content\/uploads\/sites\/2\/2020\/07\/LogoNA-4x3-1.jpg","width":1236,"height":1080,"caption":"Noti-America LLC | Venezuela"},"image":{"@id":"https:\/\/noti-america.com\/site\/venezuela\/#\/schema\/logo\/image\/"}},{"@type":"Person","@id":"https:\/\/noti-america.com\/site\/venezuela\/#\/schema\/person\/376ccc7b3cc7a8d5a43c3ece07a43857","name":"Yoelvzla","image":{"@type":"ImageObject","inLanguage":"es","@id":"https:\/\/secure.gravatar.com\/avatar\/13a96a72123e0e9aa76fe82e8847f726c63a1c5ef6a8d0fadd844c1a5a83b212?s=96&d=mm&r=g","url":"https:\/\/secure.gravatar.com\/avatar\/13a96a72123e0e9aa76fe82e8847f726c63a1c5ef6a8d0fadd844c1a5a83b212?s=96&d=mm&r=g","contentUrl":"https:\/\/secure.gravatar.com\/avatar\/13a96a72123e0e9aa76fe82e8847f726c63a1c5ef6a8d0fadd844c1a5a83b212?s=96&d=mm&r=g","caption":"Yoelvzla"},"url":"https:\/\/noti-america.com\/site\/venezuela\/author\/ydiaz\/"}]}},"_links":{"self":[{"href":"https:\/\/noti-america.com\/site\/venezuela\/wp-json\/wp\/v2\/posts\/47327","targetHints":{"allow":["GET"]}}],"collection":[{"href":"https:\/\/noti-america.com\/site\/venezuela\/wp-json\/wp\/v2\/posts"}],"about":[{"href":"https:\/\/noti-america.com\/site\/venezuela\/wp-json\/wp\/v2\/types\/post"}],"author":[{"embeddable":true,"href":"https:\/\/noti-america.com\/site\/venezuela\/wp-json\/wp\/v2\/users\/127"}],"replies":[{"embeddable":true,"href":"https:\/\/noti-america.com\/site\/venezuela\/wp-json\/wp\/v2\/comments?post=47327"}],"version-history":[{"count":1,"href":"https:\/\/noti-america.com\/site\/venezuela\/wp-json\/wp\/v2\/posts\/47327\/revisions"}],"predecessor-version":[{"id":47329,"href":"https:\/\/noti-america.com\/site\/venezuela\/wp-json\/wp\/v2\/posts\/47327\/revisions\/47329"}],"wp:featuredmedia":[{"embeddable":true,"href":"https:\/\/noti-america.com\/site\/venezuela\/wp-json\/wp\/v2\/media\/47328"}],"wp:attachment":[{"href":"https:\/\/noti-america.com\/site\/venezuela\/wp-json\/wp\/v2\/media?parent=47327"}],"wp:term":[{"taxonomy":"category","embeddable":true,"href":"https:\/\/noti-america.com\/site\/venezuela\/wp-json\/wp\/v2\/categories?post=47327"},{"taxonomy":"post_tag","embeddable":true,"href":"https:\/\/noti-america.com\/site\/venezuela\/wp-json\/wp\/v2\/tags?post=47327"}],"curies":[{"name":"wp","href":"https:\/\/api.w.org\/{rel}","templated":true}]}}