{"id":47237,"date":"2025-08-27T14:39:44","date_gmt":"2025-08-27T14:39:44","guid":{"rendered":"https:\/\/noti-america.com\/site\/venezuela\/?p=47237"},"modified":"2025-08-27T14:39:44","modified_gmt":"2025-08-27T14:39:44","slug":"importacion-de-azucar-y-maiz-blanco-se-redujo-entre-96-y-100","status":"publish","type":"post","link":"https:\/\/noti-america.com\/site\/venezuela\/2025\/08\/27\/importacion-de-azucar-y-maiz-blanco-se-redujo-entre-96-y-100\/","title":{"rendered":"Importaci\u00f3n de az\u00facar y ma\u00edz blanco se redujo entre 96% y 100%"},"content":{"rendered":"<p>NOTI-AMERICA.COM | VENEZUELA<\/p>\n<p style=\"text-align: justify\">La vicepresidenta Ejecutiva, Delcy Rodr\u00edguez inform\u00f3 la compra de alimentos en mercados internacionales ha disminuido, como parte de una pol\u00edtica de sustituci\u00f3n de importaciones. En ese sentido, afirm\u00f3 que la importaci\u00f3n de rubros como el az\u00facar disminuy\u00f3 en un 96% y de ma\u00edz blanco en un 100%.<\/p>\n<p style=\"text-align: justify\">\u201cEsto no quiere decir que no haya az\u00facar en el pa\u00eds, sino que la que se comercializa en el territorio es de producci\u00f3n nacional\u201d, destac\u00f3 Rodr\u00edguez, quien detall\u00f3 que de igual forma se ha reducido la importaci\u00f3n de arroz paddy en un 72%, la compra de frijol de soya disminuy\u00f3 un 12% y la de torta de soya en un 20%.<\/p>\n<p style=\"text-align: justify\">Con estos datos, la alta funcionaria asever\u00f3 que el pa\u00eds cuenta con un abastecimiento alimentario de 98% y que esto es el resultado de \u201cinversi\u00f3n, producci\u00f3n y ahorro de divisa a trav\u00e9s de la sustituci\u00f3n estrat\u00e9gica de importaciones\u201d.<\/p>\n","protected":false},"excerpt":{"rendered":"<p>NOTI-AMERICA.COM | VENEZUELA La vicepresidenta Ejecutiva, Delcy Rodr\u00edguez inform\u00f3 la compra de alimentos en mercados internacionales ha disminuido, como parte de una pol\u00edtica de sustituci\u00f3n de importaciones. En ese sentido, afirm\u00f3 que la importaci\u00f3n&#46;&#46;&#46;<\/p>\n","protected":false},"author":133,"featured_media":47238,"comment_status":"open","ping_status":"open","sticky":false,"template":"","format":"image","meta":{"_acf_changed":false,"om_disable_all_campaigns":false,"rop_custom_images_group":[],"rop_custom_messages_group":[],"rop_publish_now":"initial","rop_publish_now_accounts":{"twitter_242054905_242054905":""},"rop_publish_now_history":[],"rop_publish_now_status":"pending","_uf_show_specific_survey":0,"_uf_disable_surveys":false,"footnotes":""},"categories":[5],"tags":[],"class_list":["post-47237","post","type-post","status-publish","format-image","has-post-thumbnail","hentry","category-economia","post_format-post-format-image"],"acf":[],"aioseo_notices":[],"yoast_head":"<!-- This site is optimized with the Yoast SEO Premium plugin v24.9 (Yoast SEO v27.2) - https:\/\/yoast.com\/product\/yoast-seo-premium-wordpress\/ -->\n<title>Importaci\u00f3n de az\u00facar y ma\u00edz blanco se redujo entre 96% y 100% - Venezuela | Noti-America.com<\/title>\n<meta name=\"robots\" content=\"index, follow, max-snippet:-1, max-image-preview:large, max-video-preview:-1\" \/>\n<link rel=\"canonical\" href=\"https:\/\/noti-america.com\/site\/venezuela\/2025\/08\/27\/importacion-de-azucar-y-maiz-blanco-se-redujo-entre-96-y-100\/\" \/>\n<meta property=\"og:locale\" content=\"es_ES\" \/>\n<meta property=\"og:type\" content=\"article\" \/>\n<meta property=\"og:title\" content=\"Importaci\u00f3n de az\u00facar y ma\u00edz blanco se redujo entre 96% y 100%\" \/>\n<meta property=\"og:description\" content=\"NOTI-AMERICA.COM | VENEZUELA La vicepresidenta Ejecutiva, Delcy Rodr\u00edguez inform\u00f3 la compra de alimentos en mercados internacionales ha disminuido, como parte de una pol\u00edtica de sustituci\u00f3n de importaciones. En ese sentido, afirm\u00f3 que la importaci\u00f3n&#046;&#046;&#046;\" \/>\n<meta property=\"og:url\" content=\"https:\/\/noti-america.com\/site\/venezuela\/2025\/08\/27\/importacion-de-azucar-y-maiz-blanco-se-redujo-entre-96-y-100\/\" \/>\n<meta property=\"og:site_name\" content=\"Venezuela | Noti-America.com\" \/>\n<meta property=\"article:author\" content=\"Mar\u00eda Valentina Noguera\" \/>\n<meta property=\"article:published_time\" content=\"2025-08-27T14:39:44+00:00\" \/>\n<meta property=\"og:image\" content=\"https:\/\/noti-america.com\/site\/venezuela\/wp-content\/uploads\/sites\/2\/2025\/08\/Screenshot_27-8-2025_103840_w2a-noticierovenevision-net.s3.amazonaws.com_.jpeg\" \/>\n\t<meta property=\"og:image:width\" content=\"795\" \/>\n\t<meta property=\"og:image:height\" content=\"505\" \/>\n\t<meta property=\"og:image:type\" content=\"image\/jpeg\" \/>\n<meta name=\"author\" content=\"Maria Valentina Noguera Medina\" \/>\n<meta name=\"twitter:card\" content=\"summary_large_image\" \/>\n<meta name=\"twitter:label1\" content=\"Escrito por\" \/>\n\t<meta name=\"twitter:data1\" content=\"Maria Valentina Noguera Medina\" \/>\n\t<meta name=\"twitter:label2\" content=\"Tiempo estimado de lectura\" \/>\n\t<meta name=\"twitter:data2\" content=\"1 minuto\" \/>\n<script type=\"application\/ld+json\" class=\"yoast-schema-graph\">{\"@context\":\"https:\/\/schema.org\",\"@graph\":[{\"@type\":\"Article\",\"@id\":\"https:\/\/noti-america.com\/site\/venezuela\/2025\/08\/27\/importacion-de-azucar-y-maiz-blanco-se-redujo-entre-96-y-100\/#article\",\"isPartOf\":{\"@id\":\"https:\/\/noti-america.com\/site\/venezuela\/2025\/08\/27\/importacion-de-azucar-y-maiz-blanco-se-redujo-entre-96-y-100\/\"},\"author\":{\"name\":\"Maria Valentina Noguera Medina\",\"@id\":\"https:\/\/noti-america.com\/site\/venezuela\/#\/schema\/person\/22806efcc2cfc4b45efb0e17be210ea8\"},\"headline\":\"Importaci\u00f3n de az\u00facar y ma\u00edz blanco se redujo entre 96% y 100%\",\"datePublished\":\"2025-08-27T14:39:44+00:00\",\"mainEntityOfPage\":{\"@id\":\"https:\/\/noti-america.com\/site\/venezuela\/2025\/08\/27\/importacion-de-azucar-y-maiz-blanco-se-redujo-entre-96-y-100\/\"},\"wordCount\":173,\"commentCount\":0,\"publisher\":{\"@id\":\"https:\/\/noti-america.com\/site\/venezuela\/#organization\"},\"image\":{\"@id\":\"https:\/\/noti-america.com\/site\/venezuela\/2025\/08\/27\/importacion-de-azucar-y-maiz-blanco-se-redujo-entre-96-y-100\/#primaryimage\"},\"thumbnailUrl\":\"https:\/\/noti-america.com\/site\/venezuela\/wp-content\/uploads\/sites\/2\/2025\/08\/Screenshot_27-8-2025_103840_w2a-noticierovenevision-net.s3.amazonaws.com_.jpeg\",\"articleSection\":[\"Econom\u00eda\"],\"inLanguage\":\"es\",\"potentialAction\":[{\"@type\":\"CommentAction\",\"name\":\"Comment\",\"target\":[\"https:\/\/noti-america.com\/site\/venezuela\/2025\/08\/27\/importacion-de-azucar-y-maiz-blanco-se-redujo-entre-96-y-100\/#respond\"]}]},{\"@type\":\"WebPage\",\"@id\":\"https:\/\/noti-america.com\/site\/venezuela\/2025\/08\/27\/importacion-de-azucar-y-maiz-blanco-se-redujo-entre-96-y-100\/\",\"url\":\"https:\/\/noti-america.com\/site\/venezuela\/2025\/08\/27\/importacion-de-azucar-y-maiz-blanco-se-redujo-entre-96-y-100\/\",\"name\":\"Importaci\u00f3n de az\u00facar y ma\u00edz blanco se redujo entre 96% y 100% - Venezuela | Noti-America.com\",\"isPartOf\":{\"@id\":\"https:\/\/noti-america.com\/site\/venezuela\/#website\"},\"primaryImageOfPage\":{\"@id\":\"https:\/\/noti-america.com\/site\/venezuela\/2025\/08\/27\/importacion-de-azucar-y-maiz-blanco-se-redujo-entre-96-y-100\/#primaryimage\"},\"image\":{\"@id\":\"https:\/\/noti-america.com\/site\/venezuela\/2025\/08\/27\/importacion-de-azucar-y-maiz-blanco-se-redujo-entre-96-y-100\/#primaryimage\"},\"thumbnailUrl\":\"https:\/\/noti-america.com\/site\/venezuela\/wp-content\/uploads\/sites\/2\/2025\/08\/Screenshot_27-8-2025_103840_w2a-noticierovenevision-net.s3.amazonaws.com_.jpeg\",\"datePublished\":\"2025-08-27T14:39:44+00:00\",\"breadcrumb\":{\"@id\":\"https:\/\/noti-america.com\/site\/venezuela\/2025\/08\/27\/importacion-de-azucar-y-maiz-blanco-se-redujo-entre-96-y-100\/#breadcrumb\"},\"inLanguage\":\"es\",\"potentialAction\":[{\"@type\":\"ReadAction\",\"target\":[\"https:\/\/noti-america.com\/site\/venezuela\/2025\/08\/27\/importacion-de-azucar-y-maiz-blanco-se-redujo-entre-96-y-100\/\"]}]},{\"@type\":\"ImageObject\",\"inLanguage\":\"es\",\"@id\":\"https:\/\/noti-america.com\/site\/venezuela\/2025\/08\/27\/importacion-de-azucar-y-maiz-blanco-se-redujo-entre-96-y-100\/#primaryimage\",\"url\":\"https:\/\/noti-america.com\/site\/venezuela\/wp-content\/uploads\/sites\/2\/2025\/08\/Screenshot_27-8-2025_103840_w2a-noticierovenevision-net.s3.amazonaws.com_.jpeg\",\"contentUrl\":\"https:\/\/noti-america.com\/site\/venezuela\/wp-content\/uploads\/sites\/2\/2025\/08\/Screenshot_27-8-2025_103840_w2a-noticierovenevision-net.s3.amazonaws.com_.jpeg\",\"width\":795,\"height\":505},{\"@type\":\"BreadcrumbList\",\"@id\":\"https:\/\/noti-america.com\/site\/venezuela\/2025\/08\/27\/importacion-de-azucar-y-maiz-blanco-se-redujo-entre-96-y-100\/#breadcrumb\",\"itemListElement\":[{\"@type\":\"ListItem\",\"position\":1,\"name\":\"Portada\",\"item\":\"https:\/\/noti-america.com\/site\/venezuela\/\"},{\"@type\":\"ListItem\",\"position\":2,\"name\":\"Importaci\u00f3n de az\u00facar y ma\u00edz blanco se redujo entre 96% y 100%\"}]},{\"@type\":\"WebSite\",\"@id\":\"https:\/\/noti-america.com\/site\/venezuela\/#website\",\"url\":\"https:\/\/noti-america.com\/site\/venezuela\/\",\"name\":\"Venezuela | Noti-America.com\",\"description\":\"\",\"publisher\":{\"@id\":\"https:\/\/noti-america.com\/site\/venezuela\/#organization\"},\"potentialAction\":[{\"@type\":\"SearchAction\",\"target\":{\"@type\":\"EntryPoint\",\"urlTemplate\":\"https:\/\/noti-america.com\/site\/venezuela\/?s={search_term_string}\"},\"query-input\":{\"@type\":\"PropertyValueSpecification\",\"valueRequired\":true,\"valueName\":\"search_term_string\"}}],\"inLanguage\":\"es\"},{\"@type\":\"Organization\",\"@id\":\"https:\/\/noti-america.com\/site\/venezuela\/#organization\",\"name\":\"Noti-America LLC | Venezuela\",\"url\":\"https:\/\/noti-america.com\/site\/venezuela\/\",\"logo\":{\"@type\":\"ImageObject\",\"inLanguage\":\"es\",\"@id\":\"https:\/\/noti-america.com\/site\/venezuela\/#\/schema\/logo\/image\/\",\"url\":\"https:\/\/noti-america.com\/site\/venezuela\/wp-content\/uploads\/sites\/2\/2020\/07\/LogoNA-4x3-1.jpg\",\"contentUrl\":\"https:\/\/noti-america.com\/site\/venezuela\/wp-content\/uploads\/sites\/2\/2020\/07\/LogoNA-4x3-1.jpg\",\"width\":1236,\"height\":1080,\"caption\":\"Noti-America LLC | Venezuela\"},\"image\":{\"@id\":\"https:\/\/noti-america.com\/site\/venezuela\/#\/schema\/logo\/image\/\"}},{\"@type\":\"Person\",\"@id\":\"https:\/\/noti-america.com\/site\/venezuela\/#\/schema\/person\/22806efcc2cfc4b45efb0e17be210ea8\",\"name\":\"Maria Valentina Noguera Medina\",\"image\":{\"@type\":\"ImageObject\",\"inLanguage\":\"es\",\"@id\":\"https:\/\/secure.gravatar.com\/avatar\/4ec5eb9d099f2608a49c9df6f7341f66f04f819cdffa09d56a7a0e91d2819d56?s=96&d=mm&r=g\",\"url\":\"https:\/\/secure.gravatar.com\/avatar\/4ec5eb9d099f2608a49c9df6f7341f66f04f819cdffa09d56a7a0e91d2819d56?s=96&d=mm&r=g\",\"contentUrl\":\"https:\/\/secure.gravatar.com\/avatar\/4ec5eb9d099f2608a49c9df6f7341f66f04f819cdffa09d56a7a0e91d2819d56?s=96&d=mm&r=g\",\"caption\":\"Maria Valentina Noguera Medina\"},\"description\":\"Periodista - noti-america - Promar Community Manager - Talento Plus Dise\u00f1adora\/ creadora de contenido...\",\"sameAs\":[\"Mar\u00eda Valentina Noguera\",\"https:\/\/www.facebook.com\/mariavalentina.noguera\",\"https:\/\/www.linkedin.com\/in\/mara-valentina-noguera-medina-373075165\/\",\"https:\/\/www.pinterest.es\/valentinanoguera95\/\",\"https:\/\/www.youtube.com\/channel\/UCdek6mbUZ-Tqqw0I63i4nmQ\"],\"url\":\"https:\/\/noti-america.com\/site\/venezuela\/author\/mnoguera\/\"}]}<\/script>\n<!-- \/ Yoast SEO Premium plugin. -->","yoast_head_json":{"title":"Importaci\u00f3n de az\u00facar y ma\u00edz blanco se redujo entre 96% y 100% - Venezuela | Noti-America.com","robots":{"index":"index","follow":"follow","max-snippet":"max-snippet:-1","max-image-preview":"max-image-preview:large","max-video-preview":"max-video-preview:-1"},"canonical":"https:\/\/noti-america.com\/site\/venezuela\/2025\/08\/27\/importacion-de-azucar-y-maiz-blanco-se-redujo-entre-96-y-100\/","og_locale":"es_ES","og_type":"article","og_title":"Importaci\u00f3n de az\u00facar y ma\u00edz blanco se redujo entre 96% y 100%","og_description":"NOTI-AMERICA.COM | VENEZUELA La vicepresidenta Ejecutiva, Delcy Rodr\u00edguez inform\u00f3 la compra de alimentos en mercados internacionales ha disminuido, como parte de una pol\u00edtica de sustituci\u00f3n de importaciones. En ese sentido, afirm\u00f3 que la importaci\u00f3n&#46;&#46;&#46;","og_url":"https:\/\/noti-america.com\/site\/venezuela\/2025\/08\/27\/importacion-de-azucar-y-maiz-blanco-se-redujo-entre-96-y-100\/","og_site_name":"Venezuela | Noti-America.com","article_author":"Mar\u00eda Valentina Noguera","article_published_time":"2025-08-27T14:39:44+00:00","og_image":[{"width":795,"height":505,"url":"https:\/\/noti-america.com\/site\/venezuela\/wp-content\/uploads\/sites\/2\/2025\/08\/Screenshot_27-8-2025_103840_w2a-noticierovenevision-net.s3.amazonaws.com_.jpeg","type":"image\/jpeg"}],"author":"Maria Valentina Noguera Medina","twitter_card":"summary_large_image","twitter_misc":{"Escrito por":"Maria Valentina Noguera Medina","Tiempo estimado de lectura":"1 minuto"},"schema":{"@context":"https:\/\/schema.org","@graph":[{"@type":"Article","@id":"https:\/\/noti-america.com\/site\/venezuela\/2025\/08\/27\/importacion-de-azucar-y-maiz-blanco-se-redujo-entre-96-y-100\/#article","isPartOf":{"@id":"https:\/\/noti-america.com\/site\/venezuela\/2025\/08\/27\/importacion-de-azucar-y-maiz-blanco-se-redujo-entre-96-y-100\/"},"author":{"name":"Maria Valentina Noguera Medina","@id":"https:\/\/noti-america.com\/site\/venezuela\/#\/schema\/person\/22806efcc2cfc4b45efb0e17be210ea8"},"headline":"Importaci\u00f3n de az\u00facar y ma\u00edz blanco se redujo entre 96% y 100%","datePublished":"2025-08-27T14:39:44+00:00","mainEntityOfPage":{"@id":"https:\/\/noti-america.com\/site\/venezuela\/2025\/08\/27\/importacion-de-azucar-y-maiz-blanco-se-redujo-entre-96-y-100\/"},"wordCount":173,"commentCount":0,"publisher":{"@id":"https:\/\/noti-america.com\/site\/venezuela\/#organization"},"image":{"@id":"https:\/\/noti-america.com\/site\/venezuela\/2025\/08\/27\/importacion-de-azucar-y-maiz-blanco-se-redujo-entre-96-y-100\/#primaryimage"},"thumbnailUrl":"https:\/\/noti-america.com\/site\/venezuela\/wp-content\/uploads\/sites\/2\/2025\/08\/Screenshot_27-8-2025_103840_w2a-noticierovenevision-net.s3.amazonaws.com_.jpeg","articleSection":["Econom\u00eda"],"inLanguage":"es","potentialAction":[{"@type":"CommentAction","name":"Comment","target":["https:\/\/noti-america.com\/site\/venezuela\/2025\/08\/27\/importacion-de-azucar-y-maiz-blanco-se-redujo-entre-96-y-100\/#respond"]}]},{"@type":"WebPage","@id":"https:\/\/noti-america.com\/site\/venezuela\/2025\/08\/27\/importacion-de-azucar-y-maiz-blanco-se-redujo-entre-96-y-100\/","url":"https:\/\/noti-america.com\/site\/venezuela\/2025\/08\/27\/importacion-de-azucar-y-maiz-blanco-se-redujo-entre-96-y-100\/","name":"Importaci\u00f3n de az\u00facar y ma\u00edz blanco se redujo entre 96% y 100% - Venezuela | Noti-America.com","isPartOf":{"@id":"https:\/\/noti-america.com\/site\/venezuela\/#website"},"primaryImageOfPage":{"@id":"https:\/\/noti-america.com\/site\/venezuela\/2025\/08\/27\/importacion-de-azucar-y-maiz-blanco-se-redujo-entre-96-y-100\/#primaryimage"},"image":{"@id":"https:\/\/noti-america.com\/site\/venezuela\/2025\/08\/27\/importacion-de-azucar-y-maiz-blanco-se-redujo-entre-96-y-100\/#primaryimage"},"thumbnailUrl":"https:\/\/noti-america.com\/site\/venezuela\/wp-content\/uploads\/sites\/2\/2025\/08\/Screenshot_27-8-2025_103840_w2a-noticierovenevision-net.s3.amazonaws.com_.jpeg","datePublished":"2025-08-27T14:39:44+00:00","breadcrumb":{"@id":"https:\/\/noti-america.com\/site\/venezuela\/2025\/08\/27\/importacion-de-azucar-y-maiz-blanco-se-redujo-entre-96-y-100\/#breadcrumb"},"inLanguage":"es","potentialAction":[{"@type":"ReadAction","target":["https:\/\/noti-america.com\/site\/venezuela\/2025\/08\/27\/importacion-de-azucar-y-maiz-blanco-se-redujo-entre-96-y-100\/"]}]},{"@type":"ImageObject","inLanguage":"es","@id":"https:\/\/noti-america.com\/site\/venezuela\/2025\/08\/27\/importacion-de-azucar-y-maiz-blanco-se-redujo-entre-96-y-100\/#primaryimage","url":"https:\/\/noti-america.com\/site\/venezuela\/wp-content\/uploads\/sites\/2\/2025\/08\/Screenshot_27-8-2025_103840_w2a-noticierovenevision-net.s3.amazonaws.com_.jpeg","contentUrl":"https:\/\/noti-america.com\/site\/venezuela\/wp-content\/uploads\/sites\/2\/2025\/08\/Screenshot_27-8-2025_103840_w2a-noticierovenevision-net.s3.amazonaws.com_.jpeg","width":795,"height":505},{"@type":"BreadcrumbList","@id":"https:\/\/noti-america.com\/site\/venezuela\/2025\/08\/27\/importacion-de-azucar-y-maiz-blanco-se-redujo-entre-96-y-100\/#breadcrumb","itemListElement":[{"@type":"ListItem","position":1,"name":"Portada","item":"https:\/\/noti-america.com\/site\/venezuela\/"},{"@type":"ListItem","position":2,"name":"Importaci\u00f3n de az\u00facar y ma\u00edz blanco se redujo entre 96% y 100%"}]},{"@type":"WebSite","@id":"https:\/\/noti-america.com\/site\/venezuela\/#website","url":"https:\/\/noti-america.com\/site\/venezuela\/","name":"Venezuela | Noti-America.com","description":"","publisher":{"@id":"https:\/\/noti-america.com\/site\/venezuela\/#organization"},"potentialAction":[{"@type":"SearchAction","target":{"@type":"EntryPoint","urlTemplate":"https:\/\/noti-america.com\/site\/venezuela\/?s={search_term_string}"},"query-input":{"@type":"PropertyValueSpecification","valueRequired":true,"valueName":"search_term_string"}}],"inLanguage":"es"},{"@type":"Organization","@id":"https:\/\/noti-america.com\/site\/venezuela\/#organization","name":"Noti-America LLC | Venezuela","url":"https:\/\/noti-america.com\/site\/venezuela\/","logo":{"@type":"ImageObject","inLanguage":"es","@id":"https:\/\/noti-america.com\/site\/venezuela\/#\/schema\/logo\/image\/","url":"https:\/\/noti-america.com\/site\/venezuela\/wp-content\/uploads\/sites\/2\/2020\/07\/LogoNA-4x3-1.jpg","contentUrl":"https:\/\/noti-america.com\/site\/venezuela\/wp-content\/uploads\/sites\/2\/2020\/07\/LogoNA-4x3-1.jpg","width":1236,"height":1080,"caption":"Noti-America LLC | Venezuela"},"image":{"@id":"https:\/\/noti-america.com\/site\/venezuela\/#\/schema\/logo\/image\/"}},{"@type":"Person","@id":"https:\/\/noti-america.com\/site\/venezuela\/#\/schema\/person\/22806efcc2cfc4b45efb0e17be210ea8","name":"Maria Valentina Noguera Medina","image":{"@type":"ImageObject","inLanguage":"es","@id":"https:\/\/secure.gravatar.com\/avatar\/4ec5eb9d099f2608a49c9df6f7341f66f04f819cdffa09d56a7a0e91d2819d56?s=96&d=mm&r=g","url":"https:\/\/secure.gravatar.com\/avatar\/4ec5eb9d099f2608a49c9df6f7341f66f04f819cdffa09d56a7a0e91d2819d56?s=96&d=mm&r=g","contentUrl":"https:\/\/secure.gravatar.com\/avatar\/4ec5eb9d099f2608a49c9df6f7341f66f04f819cdffa09d56a7a0e91d2819d56?s=96&d=mm&r=g","caption":"Maria Valentina Noguera Medina"},"description":"Periodista - noti-america - Promar Community Manager - Talento Plus Dise\u00f1adora\/ creadora de contenido...","sameAs":["Mar\u00eda Valentina Noguera","https:\/\/www.facebook.com\/mariavalentina.noguera","https:\/\/www.linkedin.com\/in\/mara-valentina-noguera-medina-373075165\/","https:\/\/www.pinterest.es\/valentinanoguera95\/","https:\/\/www.youtube.com\/channel\/UCdek6mbUZ-Tqqw0I63i4nmQ"],"url":"https:\/\/noti-america.com\/site\/venezuela\/author\/mnoguera\/"}]}},"_links":{"self":[{"href":"https:\/\/noti-america.com\/site\/venezuela\/wp-json\/wp\/v2\/posts\/47237","targetHints":{"allow":["GET"]}}],"collection":[{"href":"https:\/\/noti-america.com\/site\/venezuela\/wp-json\/wp\/v2\/posts"}],"about":[{"href":"https:\/\/noti-america.com\/site\/venezuela\/wp-json\/wp\/v2\/types\/post"}],"author":[{"embeddable":true,"href":"https:\/\/noti-america.com\/site\/venezuela\/wp-json\/wp\/v2\/users\/133"}],"replies":[{"embeddable":true,"href":"https:\/\/noti-america.com\/site\/venezuela\/wp-json\/wp\/v2\/comments?post=47237"}],"version-history":[{"count":1,"href":"https:\/\/noti-america.com\/site\/venezuela\/wp-json\/wp\/v2\/posts\/47237\/revisions"}],"predecessor-version":[{"id":47239,"href":"https:\/\/noti-america.com\/site\/venezuela\/wp-json\/wp\/v2\/posts\/47237\/revisions\/47239"}],"wp:featuredmedia":[{"embeddable":true,"href":"https:\/\/noti-america.com\/site\/venezuela\/wp-json\/wp\/v2\/media\/47238"}],"wp:attachment":[{"href":"https:\/\/noti-america.com\/site\/venezuela\/wp-json\/wp\/v2\/media?parent=47237"}],"wp:term":[{"taxonomy":"category","embeddable":true,"href":"https:\/\/noti-america.com\/site\/venezuela\/wp-json\/wp\/v2\/categories?post=47237"},{"taxonomy":"post_tag","embeddable":true,"href":"https:\/\/noti-america.com\/site\/venezuela\/wp-json\/wp\/v2\/tags?post=47237"}],"curies":[{"name":"wp","href":"https:\/\/api.w.org\/{rel}","templated":true}]}}