{"id":46246,"date":"2025-07-25T14:44:07","date_gmt":"2025-07-25T14:44:07","guid":{"rendered":"https:\/\/noti-america.com\/site\/venezuela\/?p=46246"},"modified":"2025-07-25T14:44:07","modified_gmt":"2025-07-25T14:44:07","slug":"bce-mantendra-previsiblemente-las-tasas-de-interes-de-referencia-en-el-2","status":"publish","type":"post","link":"https:\/\/noti-america.com\/site\/venezuela\/2025\/07\/25\/bce-mantendra-previsiblemente-las-tasas-de-interes-de-referencia-en-el-2\/","title":{"rendered":"BCE mantendr\u00e1 previsiblemente las tasas de inter\u00e9s de referencia en el 2%"},"content":{"rendered":"<p>NOTI-AMERICA.COM | VENEZUELA<\/p>\n<p style=\"text-align: justify\">El Banco Central Europeo (BCE) mantendr\u00e1 previsiblemente el jueves los tipos de inter\u00e9s de referencia en la zona del euro en el 2 %, mientras se mantiene la incertidumbre sobre la pol\u00edtica comercial de aranceles de EEUU.<\/p>\n<p style=\"text-align: justify\">El BCE comenz\u00f3 el ciclo bajista de su pol\u00edtica monetaria en junio de 2024, cuando los tipos de inter\u00e9s a los dep\u00f3sitos estaban en el 4 %, y los ha recortado en ocho ocasiones, las \u00faltimas siete de forma consecutiva.<\/p>\n<p style=\"text-align: justify\">La inflaci\u00f3n de la zona del euro se sit\u00faa en el 2 % y por ello, como dijo la presidenta del BCE, Christine Lagarde, la entidad ha logrado su objetivo y est\u00e1n en una buena posici\u00f3n para afrontar la incertidumbre actual.<\/p>\n<p style=\"text-align: justify\">Los mercados prev\u00e9n que la zona del euro crecer\u00e1 en torno al 1 % tanto en 2025 como en 2026 a pesar del recorte de tipos del BCE en el \u00faltimo a\u00f1o y del aumento del gasto en Alemania.<\/p>\n<p style=\"text-align: justify\">Algunos miembros del Consejo de Gobierno han mostrado su preocupaci\u00f3n por una mayor desinflaci\u00f3n en el futuro y que la inflaci\u00f3n se mantenga por debajo del objetivo.<\/p>\n<p style=\"text-align: justify\">Entre otros motivos porque la apreciaci\u00f3n del euro frente al d\u00f3lar durante 2025 ejerce presiones desinflacionarias adicionales y podr\u00eda afectar negativamente al crecimiento porque perjudica las exportaciones.<\/p>\n<p style=\"text-align: justify\">Adem\u00e1s, los salarios suben con menor fuerza y las importaciones chinas, que desv\u00eda a Europa parte de sus exportaciones a EEUU, aumentan la competencia.<br \/>\nEl vicepresidente del BCE, Luis de Guindos, dijo que un tipo de cambio en torno a 1,20 d\u00f3lares podr\u00eda empezar a ser problem\u00e1tico.<\/p>\n<p style=\"text-align: justify\">El euro est\u00e1 ahora a 1,17 d\u00f3lares, entre un 2 y un 3 % m\u00e1s elevado de lo que el BCE consider\u00f3 en su previsiones en junio.<\/p>\n<p style=\"text-align: justify\">Pero otros miembros del Consejo de Gobierno como el presidente del Bundesbank alem\u00e1n, Joachim Nagel, y la economista alemana Isabel Schnabel se han mostrado claramente a favor de mantener los tipos de inter\u00e9s en esta reuni\u00f3n.<\/p>\n<p style=\"text-align: justify\">Consideran que la pol\u00edtica monetaria est\u00e1 en territorio neutral y existen riesgos al alza para la inflaci\u00f3n por el impulso presupuestario de Alemania.<\/p>\n<p style=\"text-align: justify\">El economista senior en Generali Investments Martin Wolburg considera que \u00abel crecimiento es d\u00e9bil y est\u00e1 rodeado de riesgos geopol\u00edticos y arancelarios a la baja\u00bb.<\/p>\n<p style=\"text-align: justify\">\u00abEs probable que el BCE mantenga los tipos sin cambios en la reuni\u00f3n del 24 de julio, pero con una pol\u00edtica abierta\u00bb, a\u00f1ade Wolburg.<\/p>\n<p style=\"text-align: justify\">La pol\u00edtica comercial de EEUU impide una recuperaci\u00f3n mayor<\/p>\n<p style=\"text-align: justify\">El BCE contabiliz\u00f3 en sus proyecciones macroecon\u00f3micas de junio un arancel de EEUU del 10 % y del 20 % en el peor de los casos, pero aumenta el riesgo de que vaya a ser m\u00e1s elevado.<\/p>\n<p style=\"text-align: justify\">El presidente estadounidense, Donald Trump, ha amenazado con un arancel del 30 % a la Uni\u00f3n Europea (UE) si no llegan a un acuerdo antes del 1 de agosto.<\/p>\n<p style=\"text-align: justify\">El director de inversiones de mercado p\u00fablicos de Allianz Global Investors, Michael Krautzberger, tambi\u00e9n prev\u00e9 que el BCE va a mantener ma\u00f1ana los tipos y destaca que la escalada de las tensiones comerciales con EEUU \u00abes el principal riesgo a corto plazo para la eurozona\u00bb.<\/p>\n<p style=\"text-align: justify\">Los analistas prev\u00e9n m\u00e1s recortes de los tipos de inter\u00e9s en septiembre o en oto\u00f1o<\/p>\n<p style=\"text-align: justify\">El BCE tendr\u00e1 en septiembre sus proyecciones macroecon\u00f3micas actualizadas y mayor claridad sobre los aranceles para decidir qu\u00e9 hacer con los tipos de inter\u00e9s.<\/p>\n<p style=\"text-align: justify\">\u00abLa actualizaci\u00f3n de las proyecciones macroecon\u00f3micas en septiembre deber\u00eda desencadenar un recorte de 25 puntos b\u00e1sicos, hasta el 1,75 %\u00bb, opina Wolburg.<\/p>\n<p style=\"text-align: justify\">Los aranceles pueden impulsar nuevas rebajas de tipos, advierte el economista jefe de Bank of America para Europa, Rub\u00e9n Segura-Cayuela.<\/p>\n<p style=\"text-align: justify\">Bank of America prev\u00e9 que el BCE bajar\u00e1 los tipos de inter\u00e9s de nuevo en septiembre y en diciembre en 25 puntos b\u00e1sicos respectivamente, por lo que la tasa de inter\u00e9s a los dep\u00f3sitos bancarios se situar\u00e1 en el 1,50 % a finales de a\u00f1o.<\/p>\n<p style=\"text-align: justify\">Los datos econ\u00f3micos van a ser \u00ablos que marquen la actuaci\u00f3n de la autoridad monetaria europea\u00bb, considera la jefa de renta fija y gestora de fondos de Ibercaja Gesti\u00f3n, Cristina Gav\u00edn.<\/p>\n<p style=\"text-align: justify\">\u00abLas dudas en relaci\u00f3n a la guerra arancelaria y su efecto sobre la econom\u00eda europea nos lleva a anticipar que todav\u00eda asistiremos antes de fin de a\u00f1o a una bajada adicional por parte del BCE que har\u00e1 que finalicemos 2025 con la facilidad de dep\u00f3sito en niveles del 1,75 %\u00bb, prev\u00e9 Gav\u00edn.<\/p>\n","protected":false},"excerpt":{"rendered":"<p>NOTI-AMERICA.COM | VENEZUELA El Banco Central Europeo (BCE) mantendr\u00e1 previsiblemente el jueves los tipos de inter\u00e9s de referencia en la zona del euro en el 2 %, mientras se mantiene la incertidumbre sobre la&#46;&#46;&#46;<\/p>\n","protected":false},"author":133,"featured_media":46247,"comment_status":"open","ping_status":"open","sticky":false,"template":"","format":"image","meta":{"_acf_changed":false,"om_disable_all_campaigns":false,"rop_custom_images_group":[],"rop_custom_messages_group":[],"rop_publish_now":"initial","rop_publish_now_accounts":{"twitter_242054905_242054905":""},"rop_publish_now_history":[],"rop_publish_now_status":"pending","_uf_show_specific_survey":0,"_uf_disable_surveys":false,"footnotes":""},"categories":[5],"tags":[],"class_list":["post-46246","post","type-post","status-publish","format-image","has-post-thumbnail","hentry","category-economia","post_format-post-format-image"],"acf":[],"aioseo_notices":[],"yoast_head":"<!-- This site is optimized with the Yoast SEO Premium plugin v24.9 (Yoast SEO v27.2) - https:\/\/yoast.com\/product\/yoast-seo-premium-wordpress\/ -->\n<title>BCE mantendr\u00e1 previsiblemente las tasas de inter\u00e9s de referencia en el 2% - Venezuela | Noti-America.com<\/title>\n<meta name=\"robots\" content=\"index, follow, max-snippet:-1, max-image-preview:large, max-video-preview:-1\" \/>\n<link rel=\"canonical\" href=\"https:\/\/noti-america.com\/site\/venezuela\/2025\/07\/25\/bce-mantendra-previsiblemente-las-tasas-de-interes-de-referencia-en-el-2\/\" \/>\n<meta property=\"og:locale\" content=\"es_ES\" \/>\n<meta property=\"og:type\" content=\"article\" \/>\n<meta property=\"og:title\" content=\"BCE mantendr\u00e1 previsiblemente las tasas de inter\u00e9s de referencia en el 2%\" \/>\n<meta property=\"og:description\" content=\"NOTI-AMERICA.COM | VENEZUELA El Banco Central Europeo (BCE) mantendr\u00e1 previsiblemente el jueves los tipos de inter\u00e9s de referencia en la zona del euro en el 2 %, mientras se mantiene la incertidumbre sobre la&#046;&#046;&#046;\" \/>\n<meta property=\"og:url\" content=\"https:\/\/noti-america.com\/site\/venezuela\/2025\/07\/25\/bce-mantendra-previsiblemente-las-tasas-de-interes-de-referencia-en-el-2\/\" \/>\n<meta property=\"og:site_name\" content=\"Venezuela | Noti-America.com\" \/>\n<meta property=\"article:author\" content=\"Mar\u00eda Valentina Noguera\" \/>\n<meta property=\"article:published_time\" content=\"2025-07-25T14:44:07+00:00\" \/>\n<meta property=\"og:image\" content=\"https:\/\/noti-america.com\/site\/venezuela\/wp-content\/uploads\/sites\/2\/2025\/07\/3f8e9a011c16044752a32238fdc992a4.jpg\" \/>\n\t<meta property=\"og:image:width\" content=\"639\" \/>\n\t<meta property=\"og:image:height\" content=\"426\" \/>\n\t<meta property=\"og:image:type\" content=\"image\/jpeg\" \/>\n<meta name=\"author\" content=\"Maria Valentina Noguera Medina\" \/>\n<meta name=\"twitter:card\" content=\"summary_large_image\" \/>\n<meta name=\"twitter:label1\" content=\"Escrito por\" \/>\n\t<meta name=\"twitter:data1\" content=\"Maria Valentina Noguera Medina\" \/>\n\t<meta name=\"twitter:label2\" content=\"Tiempo estimado de lectura\" \/>\n\t<meta name=\"twitter:data2\" content=\"4 minutos\" \/>\n<script type=\"application\/ld+json\" class=\"yoast-schema-graph\">{\"@context\":\"https:\/\/schema.org\",\"@graph\":[{\"@type\":\"Article\",\"@id\":\"https:\/\/noti-america.com\/site\/venezuela\/2025\/07\/25\/bce-mantendra-previsiblemente-las-tasas-de-interes-de-referencia-en-el-2\/#article\",\"isPartOf\":{\"@id\":\"https:\/\/noti-america.com\/site\/venezuela\/2025\/07\/25\/bce-mantendra-previsiblemente-las-tasas-de-interes-de-referencia-en-el-2\/\"},\"author\":{\"name\":\"Maria Valentina Noguera Medina\",\"@id\":\"https:\/\/noti-america.com\/site\/venezuela\/#\/schema\/person\/22806efcc2cfc4b45efb0e17be210ea8\"},\"headline\":\"BCE mantendr\u00e1 previsiblemente las tasas de inter\u00e9s de referencia en el 2%\",\"datePublished\":\"2025-07-25T14:44:07+00:00\",\"mainEntityOfPage\":{\"@id\":\"https:\/\/noti-america.com\/site\/venezuela\/2025\/07\/25\/bce-mantendra-previsiblemente-las-tasas-de-interes-de-referencia-en-el-2\/\"},\"wordCount\":771,\"commentCount\":0,\"publisher\":{\"@id\":\"https:\/\/noti-america.com\/site\/venezuela\/#organization\"},\"image\":{\"@id\":\"https:\/\/noti-america.com\/site\/venezuela\/2025\/07\/25\/bce-mantendra-previsiblemente-las-tasas-de-interes-de-referencia-en-el-2\/#primaryimage\"},\"thumbnailUrl\":\"https:\/\/noti-america.com\/site\/venezuela\/wp-content\/uploads\/sites\/2\/2025\/07\/3f8e9a011c16044752a32238fdc992a4.jpg\",\"articleSection\":[\"Econom\u00eda\"],\"inLanguage\":\"es\",\"potentialAction\":[{\"@type\":\"CommentAction\",\"name\":\"Comment\",\"target\":[\"https:\/\/noti-america.com\/site\/venezuela\/2025\/07\/25\/bce-mantendra-previsiblemente-las-tasas-de-interes-de-referencia-en-el-2\/#respond\"]}]},{\"@type\":\"WebPage\",\"@id\":\"https:\/\/noti-america.com\/site\/venezuela\/2025\/07\/25\/bce-mantendra-previsiblemente-las-tasas-de-interes-de-referencia-en-el-2\/\",\"url\":\"https:\/\/noti-america.com\/site\/venezuela\/2025\/07\/25\/bce-mantendra-previsiblemente-las-tasas-de-interes-de-referencia-en-el-2\/\",\"name\":\"BCE mantendr\u00e1 previsiblemente las tasas de inter\u00e9s de referencia en el 2% - Venezuela | Noti-America.com\",\"isPartOf\":{\"@id\":\"https:\/\/noti-america.com\/site\/venezuela\/#website\"},\"primaryImageOfPage\":{\"@id\":\"https:\/\/noti-america.com\/site\/venezuela\/2025\/07\/25\/bce-mantendra-previsiblemente-las-tasas-de-interes-de-referencia-en-el-2\/#primaryimage\"},\"image\":{\"@id\":\"https:\/\/noti-america.com\/site\/venezuela\/2025\/07\/25\/bce-mantendra-previsiblemente-las-tasas-de-interes-de-referencia-en-el-2\/#primaryimage\"},\"thumbnailUrl\":\"https:\/\/noti-america.com\/site\/venezuela\/wp-content\/uploads\/sites\/2\/2025\/07\/3f8e9a011c16044752a32238fdc992a4.jpg\",\"datePublished\":\"2025-07-25T14:44:07+00:00\",\"breadcrumb\":{\"@id\":\"https:\/\/noti-america.com\/site\/venezuela\/2025\/07\/25\/bce-mantendra-previsiblemente-las-tasas-de-interes-de-referencia-en-el-2\/#breadcrumb\"},\"inLanguage\":\"es\",\"potentialAction\":[{\"@type\":\"ReadAction\",\"target\":[\"https:\/\/noti-america.com\/site\/venezuela\/2025\/07\/25\/bce-mantendra-previsiblemente-las-tasas-de-interes-de-referencia-en-el-2\/\"]}]},{\"@type\":\"ImageObject\",\"inLanguage\":\"es\",\"@id\":\"https:\/\/noti-america.com\/site\/venezuela\/2025\/07\/25\/bce-mantendra-previsiblemente-las-tasas-de-interes-de-referencia-en-el-2\/#primaryimage\",\"url\":\"https:\/\/noti-america.com\/site\/venezuela\/wp-content\/uploads\/sites\/2\/2025\/07\/3f8e9a011c16044752a32238fdc992a4.jpg\",\"contentUrl\":\"https:\/\/noti-america.com\/site\/venezuela\/wp-content\/uploads\/sites\/2\/2025\/07\/3f8e9a011c16044752a32238fdc992a4.jpg\",\"width\":639,\"height\":426},{\"@type\":\"BreadcrumbList\",\"@id\":\"https:\/\/noti-america.com\/site\/venezuela\/2025\/07\/25\/bce-mantendra-previsiblemente-las-tasas-de-interes-de-referencia-en-el-2\/#breadcrumb\",\"itemListElement\":[{\"@type\":\"ListItem\",\"position\":1,\"name\":\"Portada\",\"item\":\"https:\/\/noti-america.com\/site\/venezuela\/\"},{\"@type\":\"ListItem\",\"position\":2,\"name\":\"BCE mantendr\u00e1 previsiblemente las tasas de inter\u00e9s de referencia en el 2%\"}]},{\"@type\":\"WebSite\",\"@id\":\"https:\/\/noti-america.com\/site\/venezuela\/#website\",\"url\":\"https:\/\/noti-america.com\/site\/venezuela\/\",\"name\":\"Venezuela | Noti-America.com\",\"description\":\"\",\"publisher\":{\"@id\":\"https:\/\/noti-america.com\/site\/venezuela\/#organization\"},\"potentialAction\":[{\"@type\":\"SearchAction\",\"target\":{\"@type\":\"EntryPoint\",\"urlTemplate\":\"https:\/\/noti-america.com\/site\/venezuela\/?s={search_term_string}\"},\"query-input\":{\"@type\":\"PropertyValueSpecification\",\"valueRequired\":true,\"valueName\":\"search_term_string\"}}],\"inLanguage\":\"es\"},{\"@type\":\"Organization\",\"@id\":\"https:\/\/noti-america.com\/site\/venezuela\/#organization\",\"name\":\"Noti-America LLC | Venezuela\",\"url\":\"https:\/\/noti-america.com\/site\/venezuela\/\",\"logo\":{\"@type\":\"ImageObject\",\"inLanguage\":\"es\",\"@id\":\"https:\/\/noti-america.com\/site\/venezuela\/#\/schema\/logo\/image\/\",\"url\":\"https:\/\/noti-america.com\/site\/venezuela\/wp-content\/uploads\/sites\/2\/2020\/07\/LogoNA-4x3-1.jpg\",\"contentUrl\":\"https:\/\/noti-america.com\/site\/venezuela\/wp-content\/uploads\/sites\/2\/2020\/07\/LogoNA-4x3-1.jpg\",\"width\":1236,\"height\":1080,\"caption\":\"Noti-America LLC | Venezuela\"},\"image\":{\"@id\":\"https:\/\/noti-america.com\/site\/venezuela\/#\/schema\/logo\/image\/\"}},{\"@type\":\"Person\",\"@id\":\"https:\/\/noti-america.com\/site\/venezuela\/#\/schema\/person\/22806efcc2cfc4b45efb0e17be210ea8\",\"name\":\"Maria Valentina Noguera Medina\",\"image\":{\"@type\":\"ImageObject\",\"inLanguage\":\"es\",\"@id\":\"https:\/\/secure.gravatar.com\/avatar\/4ec5eb9d099f2608a49c9df6f7341f66f04f819cdffa09d56a7a0e91d2819d56?s=96&d=mm&r=g\",\"url\":\"https:\/\/secure.gravatar.com\/avatar\/4ec5eb9d099f2608a49c9df6f7341f66f04f819cdffa09d56a7a0e91d2819d56?s=96&d=mm&r=g\",\"contentUrl\":\"https:\/\/secure.gravatar.com\/avatar\/4ec5eb9d099f2608a49c9df6f7341f66f04f819cdffa09d56a7a0e91d2819d56?s=96&d=mm&r=g\",\"caption\":\"Maria Valentina Noguera Medina\"},\"description\":\"Periodista - noti-america - Promar Community Manager - Talento Plus Dise\u00f1adora\/ creadora de contenido...\",\"sameAs\":[\"Mar\u00eda Valentina Noguera\",\"https:\/\/www.facebook.com\/mariavalentina.noguera\",\"https:\/\/www.linkedin.com\/in\/mara-valentina-noguera-medina-373075165\/\",\"https:\/\/www.pinterest.es\/valentinanoguera95\/\",\"https:\/\/www.youtube.com\/channel\/UCdek6mbUZ-Tqqw0I63i4nmQ\"],\"url\":\"https:\/\/noti-america.com\/site\/venezuela\/author\/mnoguera\/\"}]}<\/script>\n<!-- \/ Yoast SEO Premium plugin. -->","yoast_head_json":{"title":"BCE mantendr\u00e1 previsiblemente las tasas de inter\u00e9s de referencia en el 2% - Venezuela | Noti-America.com","robots":{"index":"index","follow":"follow","max-snippet":"max-snippet:-1","max-image-preview":"max-image-preview:large","max-video-preview":"max-video-preview:-1"},"canonical":"https:\/\/noti-america.com\/site\/venezuela\/2025\/07\/25\/bce-mantendra-previsiblemente-las-tasas-de-interes-de-referencia-en-el-2\/","og_locale":"es_ES","og_type":"article","og_title":"BCE mantendr\u00e1 previsiblemente las tasas de inter\u00e9s de referencia en el 2%","og_description":"NOTI-AMERICA.COM | VENEZUELA El Banco Central Europeo (BCE) mantendr\u00e1 previsiblemente el jueves los tipos de inter\u00e9s de referencia en la zona del euro en el 2 %, mientras se mantiene la incertidumbre sobre la&#46;&#46;&#46;","og_url":"https:\/\/noti-america.com\/site\/venezuela\/2025\/07\/25\/bce-mantendra-previsiblemente-las-tasas-de-interes-de-referencia-en-el-2\/","og_site_name":"Venezuela | Noti-America.com","article_author":"Mar\u00eda Valentina Noguera","article_published_time":"2025-07-25T14:44:07+00:00","og_image":[{"width":639,"height":426,"url":"https:\/\/noti-america.com\/site\/venezuela\/wp-content\/uploads\/sites\/2\/2025\/07\/3f8e9a011c16044752a32238fdc992a4.jpg","type":"image\/jpeg"}],"author":"Maria Valentina Noguera Medina","twitter_card":"summary_large_image","twitter_misc":{"Escrito por":"Maria Valentina Noguera Medina","Tiempo estimado de lectura":"4 minutos"},"schema":{"@context":"https:\/\/schema.org","@graph":[{"@type":"Article","@id":"https:\/\/noti-america.com\/site\/venezuela\/2025\/07\/25\/bce-mantendra-previsiblemente-las-tasas-de-interes-de-referencia-en-el-2\/#article","isPartOf":{"@id":"https:\/\/noti-america.com\/site\/venezuela\/2025\/07\/25\/bce-mantendra-previsiblemente-las-tasas-de-interes-de-referencia-en-el-2\/"},"author":{"name":"Maria Valentina Noguera Medina","@id":"https:\/\/noti-america.com\/site\/venezuela\/#\/schema\/person\/22806efcc2cfc4b45efb0e17be210ea8"},"headline":"BCE mantendr\u00e1 previsiblemente las tasas de inter\u00e9s de referencia en el 2%","datePublished":"2025-07-25T14:44:07+00:00","mainEntityOfPage":{"@id":"https:\/\/noti-america.com\/site\/venezuela\/2025\/07\/25\/bce-mantendra-previsiblemente-las-tasas-de-interes-de-referencia-en-el-2\/"},"wordCount":771,"commentCount":0,"publisher":{"@id":"https:\/\/noti-america.com\/site\/venezuela\/#organization"},"image":{"@id":"https:\/\/noti-america.com\/site\/venezuela\/2025\/07\/25\/bce-mantendra-previsiblemente-las-tasas-de-interes-de-referencia-en-el-2\/#primaryimage"},"thumbnailUrl":"https:\/\/noti-america.com\/site\/venezuela\/wp-content\/uploads\/sites\/2\/2025\/07\/3f8e9a011c16044752a32238fdc992a4.jpg","articleSection":["Econom\u00eda"],"inLanguage":"es","potentialAction":[{"@type":"CommentAction","name":"Comment","target":["https:\/\/noti-america.com\/site\/venezuela\/2025\/07\/25\/bce-mantendra-previsiblemente-las-tasas-de-interes-de-referencia-en-el-2\/#respond"]}]},{"@type":"WebPage","@id":"https:\/\/noti-america.com\/site\/venezuela\/2025\/07\/25\/bce-mantendra-previsiblemente-las-tasas-de-interes-de-referencia-en-el-2\/","url":"https:\/\/noti-america.com\/site\/venezuela\/2025\/07\/25\/bce-mantendra-previsiblemente-las-tasas-de-interes-de-referencia-en-el-2\/","name":"BCE mantendr\u00e1 previsiblemente las tasas de inter\u00e9s de referencia en el 2% - Venezuela | Noti-America.com","isPartOf":{"@id":"https:\/\/noti-america.com\/site\/venezuela\/#website"},"primaryImageOfPage":{"@id":"https:\/\/noti-america.com\/site\/venezuela\/2025\/07\/25\/bce-mantendra-previsiblemente-las-tasas-de-interes-de-referencia-en-el-2\/#primaryimage"},"image":{"@id":"https:\/\/noti-america.com\/site\/venezuela\/2025\/07\/25\/bce-mantendra-previsiblemente-las-tasas-de-interes-de-referencia-en-el-2\/#primaryimage"},"thumbnailUrl":"https:\/\/noti-america.com\/site\/venezuela\/wp-content\/uploads\/sites\/2\/2025\/07\/3f8e9a011c16044752a32238fdc992a4.jpg","datePublished":"2025-07-25T14:44:07+00:00","breadcrumb":{"@id":"https:\/\/noti-america.com\/site\/venezuela\/2025\/07\/25\/bce-mantendra-previsiblemente-las-tasas-de-interes-de-referencia-en-el-2\/#breadcrumb"},"inLanguage":"es","potentialAction":[{"@type":"ReadAction","target":["https:\/\/noti-america.com\/site\/venezuela\/2025\/07\/25\/bce-mantendra-previsiblemente-las-tasas-de-interes-de-referencia-en-el-2\/"]}]},{"@type":"ImageObject","inLanguage":"es","@id":"https:\/\/noti-america.com\/site\/venezuela\/2025\/07\/25\/bce-mantendra-previsiblemente-las-tasas-de-interes-de-referencia-en-el-2\/#primaryimage","url":"https:\/\/noti-america.com\/site\/venezuela\/wp-content\/uploads\/sites\/2\/2025\/07\/3f8e9a011c16044752a32238fdc992a4.jpg","contentUrl":"https:\/\/noti-america.com\/site\/venezuela\/wp-content\/uploads\/sites\/2\/2025\/07\/3f8e9a011c16044752a32238fdc992a4.jpg","width":639,"height":426},{"@type":"BreadcrumbList","@id":"https:\/\/noti-america.com\/site\/venezuela\/2025\/07\/25\/bce-mantendra-previsiblemente-las-tasas-de-interes-de-referencia-en-el-2\/#breadcrumb","itemListElement":[{"@type":"ListItem","position":1,"name":"Portada","item":"https:\/\/noti-america.com\/site\/venezuela\/"},{"@type":"ListItem","position":2,"name":"BCE mantendr\u00e1 previsiblemente las tasas de inter\u00e9s de referencia en el 2%"}]},{"@type":"WebSite","@id":"https:\/\/noti-america.com\/site\/venezuela\/#website","url":"https:\/\/noti-america.com\/site\/venezuela\/","name":"Venezuela | Noti-America.com","description":"","publisher":{"@id":"https:\/\/noti-america.com\/site\/venezuela\/#organization"},"potentialAction":[{"@type":"SearchAction","target":{"@type":"EntryPoint","urlTemplate":"https:\/\/noti-america.com\/site\/venezuela\/?s={search_term_string}"},"query-input":{"@type":"PropertyValueSpecification","valueRequired":true,"valueName":"search_term_string"}}],"inLanguage":"es"},{"@type":"Organization","@id":"https:\/\/noti-america.com\/site\/venezuela\/#organization","name":"Noti-America LLC | Venezuela","url":"https:\/\/noti-america.com\/site\/venezuela\/","logo":{"@type":"ImageObject","inLanguage":"es","@id":"https:\/\/noti-america.com\/site\/venezuela\/#\/schema\/logo\/image\/","url":"https:\/\/noti-america.com\/site\/venezuela\/wp-content\/uploads\/sites\/2\/2020\/07\/LogoNA-4x3-1.jpg","contentUrl":"https:\/\/noti-america.com\/site\/venezuela\/wp-content\/uploads\/sites\/2\/2020\/07\/LogoNA-4x3-1.jpg","width":1236,"height":1080,"caption":"Noti-America LLC | Venezuela"},"image":{"@id":"https:\/\/noti-america.com\/site\/venezuela\/#\/schema\/logo\/image\/"}},{"@type":"Person","@id":"https:\/\/noti-america.com\/site\/venezuela\/#\/schema\/person\/22806efcc2cfc4b45efb0e17be210ea8","name":"Maria Valentina Noguera Medina","image":{"@type":"ImageObject","inLanguage":"es","@id":"https:\/\/secure.gravatar.com\/avatar\/4ec5eb9d099f2608a49c9df6f7341f66f04f819cdffa09d56a7a0e91d2819d56?s=96&d=mm&r=g","url":"https:\/\/secure.gravatar.com\/avatar\/4ec5eb9d099f2608a49c9df6f7341f66f04f819cdffa09d56a7a0e91d2819d56?s=96&d=mm&r=g","contentUrl":"https:\/\/secure.gravatar.com\/avatar\/4ec5eb9d099f2608a49c9df6f7341f66f04f819cdffa09d56a7a0e91d2819d56?s=96&d=mm&r=g","caption":"Maria Valentina Noguera Medina"},"description":"Periodista - noti-america - Promar Community Manager - Talento Plus Dise\u00f1adora\/ creadora de contenido...","sameAs":["Mar\u00eda Valentina Noguera","https:\/\/www.facebook.com\/mariavalentina.noguera","https:\/\/www.linkedin.com\/in\/mara-valentina-noguera-medina-373075165\/","https:\/\/www.pinterest.es\/valentinanoguera95\/","https:\/\/www.youtube.com\/channel\/UCdek6mbUZ-Tqqw0I63i4nmQ"],"url":"https:\/\/noti-america.com\/site\/venezuela\/author\/mnoguera\/"}]}},"_links":{"self":[{"href":"https:\/\/noti-america.com\/site\/venezuela\/wp-json\/wp\/v2\/posts\/46246","targetHints":{"allow":["GET"]}}],"collection":[{"href":"https:\/\/noti-america.com\/site\/venezuela\/wp-json\/wp\/v2\/posts"}],"about":[{"href":"https:\/\/noti-america.com\/site\/venezuela\/wp-json\/wp\/v2\/types\/post"}],"author":[{"embeddable":true,"href":"https:\/\/noti-america.com\/site\/venezuela\/wp-json\/wp\/v2\/users\/133"}],"replies":[{"embeddable":true,"href":"https:\/\/noti-america.com\/site\/venezuela\/wp-json\/wp\/v2\/comments?post=46246"}],"version-history":[{"count":1,"href":"https:\/\/noti-america.com\/site\/venezuela\/wp-json\/wp\/v2\/posts\/46246\/revisions"}],"predecessor-version":[{"id":46248,"href":"https:\/\/noti-america.com\/site\/venezuela\/wp-json\/wp\/v2\/posts\/46246\/revisions\/46248"}],"wp:featuredmedia":[{"embeddable":true,"href":"https:\/\/noti-america.com\/site\/venezuela\/wp-json\/wp\/v2\/media\/46247"}],"wp:attachment":[{"href":"https:\/\/noti-america.com\/site\/venezuela\/wp-json\/wp\/v2\/media?parent=46246"}],"wp:term":[{"taxonomy":"category","embeddable":true,"href":"https:\/\/noti-america.com\/site\/venezuela\/wp-json\/wp\/v2\/categories?post=46246"},{"taxonomy":"post_tag","embeddable":true,"href":"https:\/\/noti-america.com\/site\/venezuela\/wp-json\/wp\/v2\/tags?post=46246"}],"curies":[{"name":"wp","href":"https:\/\/api.w.org\/{rel}","templated":true}]}}