{"id":4616,"date":"2019-01-24T20:27:03","date_gmt":"2019-01-24T20:27:03","guid":{"rendered":"http:\/\/noti-america.com\/site\/venezuela\/2019\/01\/24\/nicolas-maduro-dispuesto-al-dialogo-con-sectores-golpistas\/"},"modified":"2019-01-24T20:27:03","modified_gmt":"2019-01-24T20:27:03","slug":"nicolas-maduro-dispuesto-al-dialogo-con-sectores-golpistas","status":"publish","type":"post","link":"https:\/\/noti-america.com\/site\/venezuela\/2019\/01\/24\/nicolas-maduro-dispuesto-al-dialogo-con-sectores-golpistas\/","title":{"rendered":"Nicol\u00e1s Maduro dispuesto al di\u00e1logo con sectores &#8220;golpistas&#8221;"},"content":{"rendered":"<p><img decoding=\"async\" class=\"aligncenter\" src=\"https:\/\/www.entornointeligente.com\/wp-content\/uploads\/2018\/06\/Maduro_quiere_dialogar_sobre__persecuci__n__a_Venezuela.jpg\" alt=\"Resultado de imagen para maduro quiere dialogar\" \/><\/p>\n<p style=\"text-align: justify\">El presidente constitucional de Venezuela, Nicol\u00e1s Maduro, asegur\u00f3 que est\u00e1 dispuesto a la apertura de canales de di\u00e1logo, nuevamente, con la oposici\u00f3n venezolana, luego de la autoproclamaci\u00f3n como \u00abpresidente interino\u00bb de Venezuela, del diputado Juan Guaid\u00f3, quien funge como presidente de la Asamblea Nacional, en un abierto desconocimiento al orden constitucional.<\/p>\n<p style=\"text-align: justify\">Seg\u00fan rese\u00f1\u00f3 la televisora estatal del pa\u00eds petrolero, el mandatario se acogi\u00f3 a la propuesta de varios Gobiernos de la regi\u00f3n liderados por Uruguay y M\u00e9xico, que habr\u00edan realizado la propuesta, luego de que Estados Unidos y sus Gobiernos aliados decidieron \u00abreconocer\u00bb a Guaid\u00f3 como supuesto presidente.<\/p>\n","protected":false},"excerpt":{"rendered":"<p>El presidente constitucional de Venezuela, Nicol\u00e1s Maduro, asegur\u00f3 que est\u00e1 dispuesto a la apertura de canales de di\u00e1logo, nuevamente, con la oposici\u00f3n venezolana, luego de la autoproclamaci\u00f3n como \u00abpresidente interino\u00bb de Venezuela, del diputado&#46;&#46;&#46;<\/p>\n","protected":false},"author":4,"featured_media":4617,"comment_status":"open","ping_status":"open","sticky":false,"template":"","format":"standard","meta":{"_acf_changed":false,"om_disable_all_campaigns":false,"rop_custom_images_group":[],"rop_custom_messages_group":[],"rop_publish_now":"initial","rop_publish_now_accounts":{"twitter_242054905_242054905":""},"rop_publish_now_history":[],"rop_publish_now_status":"pending","_uf_show_specific_survey":0,"_uf_disable_surveys":false,"footnotes":""},"categories":[1],"tags":[],"class_list":["post-4616","post","type-post","status-publish","format-standard","has-post-thumbnail","hentry","category-uncategorized"],"acf":[],"aioseo_notices":[],"yoast_head":"<!-- This site is optimized with the Yoast SEO Premium plugin v24.9 (Yoast SEO v27.2) - https:\/\/yoast.com\/product\/yoast-seo-premium-wordpress\/ -->\n<title>Nicol\u00e1s Maduro dispuesto al di\u00e1logo con sectores &#8220;golpistas&#8221; - Venezuela | Noti-America.com<\/title>\n<meta name=\"robots\" content=\"index, follow, max-snippet:-1, max-image-preview:large, max-video-preview:-1\" \/>\n<link rel=\"canonical\" href=\"https:\/\/noti-america.com\/site\/venezuela\/2019\/01\/24\/nicolas-maduro-dispuesto-al-dialogo-con-sectores-golpistas\/\" \/>\n<meta property=\"og:locale\" content=\"es_ES\" \/>\n<meta property=\"og:type\" content=\"article\" \/>\n<meta property=\"og:title\" content=\"Nicol\u00e1s Maduro dispuesto al di\u00e1logo con sectores &#8220;golpistas&#8221;\" \/>\n<meta property=\"og:description\" content=\"El presidente constitucional de Venezuela, Nicol\u00e1s Maduro, asegur\u00f3 que est\u00e1 dispuesto a la apertura de canales de di\u00e1logo, nuevamente, con la oposici\u00f3n venezolana, luego de la autoproclamaci\u00f3n como \u00abpresidente interino\u00bb de Venezuela, del diputado&#046;&#046;&#046;\" \/>\n<meta property=\"og:url\" content=\"https:\/\/noti-america.com\/site\/venezuela\/2019\/01\/24\/nicolas-maduro-dispuesto-al-dialogo-con-sectores-golpistas\/\" \/>\n<meta property=\"og:site_name\" content=\"Venezuela | Noti-America.com\" \/>\n<meta property=\"article:author\" content=\"https:\/\/www.facebook.com\/AndresSalazarTV\/\" \/>\n<meta property=\"article:published_time\" content=\"2019-01-24T20:27:03+00:00\" \/>\n<meta property=\"og:image\" content=\"https:\/\/noti-america.com\/site\/venezuela\/wp-content\/uploads\/sites\/2\/2019\/01\/Maduro_quiere_dialogar_sobre__persecuci__n__a_Venezuela.jpg\" \/>\n\t<meta property=\"og:image:width\" content=\"624\" \/>\n\t<meta property=\"og:image:height\" content=\"390\" \/>\n\t<meta property=\"og:image:type\" content=\"image\/jpeg\" \/>\n<meta name=\"author\" content=\"Andr\u00e9s Salazar TV\" \/>\n<meta name=\"twitter:card\" content=\"summary_large_image\" \/>\n<meta name=\"twitter:label1\" content=\"Escrito por\" \/>\n\t<meta name=\"twitter:data1\" content=\"Andr\u00e9s Salazar TV\" \/>\n\t<meta name=\"twitter:label2\" content=\"Tiempo estimado de lectura\" \/>\n\t<meta name=\"twitter:data2\" content=\"1 minuto\" \/>\n<script type=\"application\/ld+json\" class=\"yoast-schema-graph\">{\"@context\":\"https:\/\/schema.org\",\"@graph\":[{\"@type\":\"Article\",\"@id\":\"https:\/\/noti-america.com\/site\/venezuela\/2019\/01\/24\/nicolas-maduro-dispuesto-al-dialogo-con-sectores-golpistas\/#article\",\"isPartOf\":{\"@id\":\"https:\/\/noti-america.com\/site\/venezuela\/2019\/01\/24\/nicolas-maduro-dispuesto-al-dialogo-con-sectores-golpistas\/\"},\"author\":{\"name\":\"Andr\u00e9s Salazar TV\",\"@id\":\"https:\/\/noti-america.com\/site\/venezuela\/#\/schema\/person\/5536bbfd0e2b9220dabb68be6a79e6a2\"},\"headline\":\"Nicol\u00e1s Maduro dispuesto al di\u00e1logo con sectores &#8220;golpistas&#8221;\",\"datePublished\":\"2019-01-24T20:27:03+00:00\",\"mainEntityOfPage\":{\"@id\":\"https:\/\/noti-america.com\/site\/venezuela\/2019\/01\/24\/nicolas-maduro-dispuesto-al-dialogo-con-sectores-golpistas\/\"},\"wordCount\":117,\"commentCount\":0,\"publisher\":{\"@id\":\"https:\/\/noti-america.com\/site\/venezuela\/#organization\"},\"image\":{\"@id\":\"https:\/\/noti-america.com\/site\/venezuela\/2019\/01\/24\/nicolas-maduro-dispuesto-al-dialogo-con-sectores-golpistas\/#primaryimage\"},\"thumbnailUrl\":\"https:\/\/noti-america.com\/site\/venezuela\/wp-content\/uploads\/sites\/2\/2019\/01\/Maduro_quiere_dialogar_sobre__persecuci__n__a_Venezuela.jpg\",\"articleSection\":[\"Uncategorized\"],\"inLanguage\":\"es\",\"potentialAction\":[{\"@type\":\"CommentAction\",\"name\":\"Comment\",\"target\":[\"https:\/\/noti-america.com\/site\/venezuela\/2019\/01\/24\/nicolas-maduro-dispuesto-al-dialogo-con-sectores-golpistas\/#respond\"]}]},{\"@type\":\"WebPage\",\"@id\":\"https:\/\/noti-america.com\/site\/venezuela\/2019\/01\/24\/nicolas-maduro-dispuesto-al-dialogo-con-sectores-golpistas\/\",\"url\":\"https:\/\/noti-america.com\/site\/venezuela\/2019\/01\/24\/nicolas-maduro-dispuesto-al-dialogo-con-sectores-golpistas\/\",\"name\":\"Nicol\u00e1s Maduro dispuesto al di\u00e1logo con sectores &#8220;golpistas&#8221; - Venezuela | Noti-America.com\",\"isPartOf\":{\"@id\":\"https:\/\/noti-america.com\/site\/venezuela\/#website\"},\"primaryImageOfPage\":{\"@id\":\"https:\/\/noti-america.com\/site\/venezuela\/2019\/01\/24\/nicolas-maduro-dispuesto-al-dialogo-con-sectores-golpistas\/#primaryimage\"},\"image\":{\"@id\":\"https:\/\/noti-america.com\/site\/venezuela\/2019\/01\/24\/nicolas-maduro-dispuesto-al-dialogo-con-sectores-golpistas\/#primaryimage\"},\"thumbnailUrl\":\"https:\/\/noti-america.com\/site\/venezuela\/wp-content\/uploads\/sites\/2\/2019\/01\/Maduro_quiere_dialogar_sobre__persecuci__n__a_Venezuela.jpg\",\"datePublished\":\"2019-01-24T20:27:03+00:00\",\"breadcrumb\":{\"@id\":\"https:\/\/noti-america.com\/site\/venezuela\/2019\/01\/24\/nicolas-maduro-dispuesto-al-dialogo-con-sectores-golpistas\/#breadcrumb\"},\"inLanguage\":\"es\",\"potentialAction\":[{\"@type\":\"ReadAction\",\"target\":[\"https:\/\/noti-america.com\/site\/venezuela\/2019\/01\/24\/nicolas-maduro-dispuesto-al-dialogo-con-sectores-golpistas\/\"]}]},{\"@type\":\"ImageObject\",\"inLanguage\":\"es\",\"@id\":\"https:\/\/noti-america.com\/site\/venezuela\/2019\/01\/24\/nicolas-maduro-dispuesto-al-dialogo-con-sectores-golpistas\/#primaryimage\",\"url\":\"https:\/\/noti-america.com\/site\/venezuela\/wp-content\/uploads\/sites\/2\/2019\/01\/Maduro_quiere_dialogar_sobre__persecuci__n__a_Venezuela.jpg\",\"contentUrl\":\"https:\/\/noti-america.com\/site\/venezuela\/wp-content\/uploads\/sites\/2\/2019\/01\/Maduro_quiere_dialogar_sobre__persecuci__n__a_Venezuela.jpg\",\"width\":624,\"height\":390},{\"@type\":\"BreadcrumbList\",\"@id\":\"https:\/\/noti-america.com\/site\/venezuela\/2019\/01\/24\/nicolas-maduro-dispuesto-al-dialogo-con-sectores-golpistas\/#breadcrumb\",\"itemListElement\":[{\"@type\":\"ListItem\",\"position\":1,\"name\":\"Portada\",\"item\":\"https:\/\/noti-america.com\/site\/venezuela\/\"},{\"@type\":\"ListItem\",\"position\":2,\"name\":\"Nicol\u00e1s Maduro dispuesto al di\u00e1logo con sectores &#8220;golpistas&#8221;\"}]},{\"@type\":\"WebSite\",\"@id\":\"https:\/\/noti-america.com\/site\/venezuela\/#website\",\"url\":\"https:\/\/noti-america.com\/site\/venezuela\/\",\"name\":\"Venezuela | Noti-America.com\",\"description\":\"\",\"publisher\":{\"@id\":\"https:\/\/noti-america.com\/site\/venezuela\/#organization\"},\"potentialAction\":[{\"@type\":\"SearchAction\",\"target\":{\"@type\":\"EntryPoint\",\"urlTemplate\":\"https:\/\/noti-america.com\/site\/venezuela\/?s={search_term_string}\"},\"query-input\":{\"@type\":\"PropertyValueSpecification\",\"valueRequired\":true,\"valueName\":\"search_term_string\"}}],\"inLanguage\":\"es\"},{\"@type\":\"Organization\",\"@id\":\"https:\/\/noti-america.com\/site\/venezuela\/#organization\",\"name\":\"Noti-America LLC | Venezuela\",\"url\":\"https:\/\/noti-america.com\/site\/venezuela\/\",\"logo\":{\"@type\":\"ImageObject\",\"inLanguage\":\"es\",\"@id\":\"https:\/\/noti-america.com\/site\/venezuela\/#\/schema\/logo\/image\/\",\"url\":\"https:\/\/noti-america.com\/site\/venezuela\/wp-content\/uploads\/sites\/2\/2020\/07\/LogoNA-4x3-1.jpg\",\"contentUrl\":\"https:\/\/noti-america.com\/site\/venezuela\/wp-content\/uploads\/sites\/2\/2020\/07\/LogoNA-4x3-1.jpg\",\"width\":1236,\"height\":1080,\"caption\":\"Noti-America LLC | Venezuela\"},\"image\":{\"@id\":\"https:\/\/noti-america.com\/site\/venezuela\/#\/schema\/logo\/image\/\"}},{\"@type\":\"Person\",\"@id\":\"https:\/\/noti-america.com\/site\/venezuela\/#\/schema\/person\/5536bbfd0e2b9220dabb68be6a79e6a2\",\"name\":\"Andr\u00e9s Salazar TV\",\"image\":{\"@type\":\"ImageObject\",\"inLanguage\":\"es\",\"@id\":\"https:\/\/secure.gravatar.com\/avatar\/afe6826ba750395b641021d9bf08e5496b9d29671cfabb16346350901fb94310?s=96&d=mm&r=g\",\"url\":\"https:\/\/secure.gravatar.com\/avatar\/afe6826ba750395b641021d9bf08e5496b9d29671cfabb16346350901fb94310?s=96&d=mm&r=g\",\"contentUrl\":\"https:\/\/secure.gravatar.com\/avatar\/afe6826ba750395b641021d9bf08e5496b9d29671cfabb16346350901fb94310?s=96&d=mm&r=g\",\"caption\":\"Andr\u00e9s Salazar TV\"},\"description\":\"Andr\u00e9s Salazar. Corresponsal de Noti-Am\u00e9rica en Venezuela. Periodista con m\u00e1s de 14 a\u00f1os de trayectoria en la cobertura de hechos informativos. Amplia experiencia en la narrativa de eventos deportivos, musicales y sucesos de \u00faltima hora.\",\"sameAs\":[\"https:\/\/www.facebook.com\/AndresSalazarTV\/\",\"https:\/\/youtube.com\/@andressalazartv?si=fYrt2l__ee2OK_Fh\"],\"url\":\"https:\/\/noti-america.com\/site\/venezuela\/author\/asalazar\/\"}]}<\/script>\n<!-- \/ Yoast SEO Premium plugin. -->","yoast_head_json":{"title":"Nicol\u00e1s Maduro dispuesto al di\u00e1logo con sectores &#8220;golpistas&#8221; - Venezuela | Noti-America.com","robots":{"index":"index","follow":"follow","max-snippet":"max-snippet:-1","max-image-preview":"max-image-preview:large","max-video-preview":"max-video-preview:-1"},"canonical":"https:\/\/noti-america.com\/site\/venezuela\/2019\/01\/24\/nicolas-maduro-dispuesto-al-dialogo-con-sectores-golpistas\/","og_locale":"es_ES","og_type":"article","og_title":"Nicol\u00e1s Maduro dispuesto al di\u00e1logo con sectores &#8220;golpistas&#8221;","og_description":"El presidente constitucional de Venezuela, Nicol\u00e1s Maduro, asegur\u00f3 que est\u00e1 dispuesto a la apertura de canales de di\u00e1logo, nuevamente, con la oposici\u00f3n venezolana, luego de la autoproclamaci\u00f3n como \u00abpresidente interino\u00bb de Venezuela, del diputado&#46;&#46;&#46;","og_url":"https:\/\/noti-america.com\/site\/venezuela\/2019\/01\/24\/nicolas-maduro-dispuesto-al-dialogo-con-sectores-golpistas\/","og_site_name":"Venezuela | Noti-America.com","article_author":"https:\/\/www.facebook.com\/AndresSalazarTV\/","article_published_time":"2019-01-24T20:27:03+00:00","og_image":[{"width":624,"height":390,"url":"https:\/\/noti-america.com\/site\/venezuela\/wp-content\/uploads\/sites\/2\/2019\/01\/Maduro_quiere_dialogar_sobre__persecuci__n__a_Venezuela.jpg","type":"image\/jpeg"}],"author":"Andr\u00e9s Salazar TV","twitter_card":"summary_large_image","twitter_misc":{"Escrito por":"Andr\u00e9s Salazar TV","Tiempo estimado de lectura":"1 minuto"},"schema":{"@context":"https:\/\/schema.org","@graph":[{"@type":"Article","@id":"https:\/\/noti-america.com\/site\/venezuela\/2019\/01\/24\/nicolas-maduro-dispuesto-al-dialogo-con-sectores-golpistas\/#article","isPartOf":{"@id":"https:\/\/noti-america.com\/site\/venezuela\/2019\/01\/24\/nicolas-maduro-dispuesto-al-dialogo-con-sectores-golpistas\/"},"author":{"name":"Andr\u00e9s Salazar TV","@id":"https:\/\/noti-america.com\/site\/venezuela\/#\/schema\/person\/5536bbfd0e2b9220dabb68be6a79e6a2"},"headline":"Nicol\u00e1s Maduro dispuesto al di\u00e1logo con sectores &#8220;golpistas&#8221;","datePublished":"2019-01-24T20:27:03+00:00","mainEntityOfPage":{"@id":"https:\/\/noti-america.com\/site\/venezuela\/2019\/01\/24\/nicolas-maduro-dispuesto-al-dialogo-con-sectores-golpistas\/"},"wordCount":117,"commentCount":0,"publisher":{"@id":"https:\/\/noti-america.com\/site\/venezuela\/#organization"},"image":{"@id":"https:\/\/noti-america.com\/site\/venezuela\/2019\/01\/24\/nicolas-maduro-dispuesto-al-dialogo-con-sectores-golpistas\/#primaryimage"},"thumbnailUrl":"https:\/\/noti-america.com\/site\/venezuela\/wp-content\/uploads\/sites\/2\/2019\/01\/Maduro_quiere_dialogar_sobre__persecuci__n__a_Venezuela.jpg","articleSection":["Uncategorized"],"inLanguage":"es","potentialAction":[{"@type":"CommentAction","name":"Comment","target":["https:\/\/noti-america.com\/site\/venezuela\/2019\/01\/24\/nicolas-maduro-dispuesto-al-dialogo-con-sectores-golpistas\/#respond"]}]},{"@type":"WebPage","@id":"https:\/\/noti-america.com\/site\/venezuela\/2019\/01\/24\/nicolas-maduro-dispuesto-al-dialogo-con-sectores-golpistas\/","url":"https:\/\/noti-america.com\/site\/venezuela\/2019\/01\/24\/nicolas-maduro-dispuesto-al-dialogo-con-sectores-golpistas\/","name":"Nicol\u00e1s Maduro dispuesto al di\u00e1logo con sectores &#8220;golpistas&#8221; - Venezuela | Noti-America.com","isPartOf":{"@id":"https:\/\/noti-america.com\/site\/venezuela\/#website"},"primaryImageOfPage":{"@id":"https:\/\/noti-america.com\/site\/venezuela\/2019\/01\/24\/nicolas-maduro-dispuesto-al-dialogo-con-sectores-golpistas\/#primaryimage"},"image":{"@id":"https:\/\/noti-america.com\/site\/venezuela\/2019\/01\/24\/nicolas-maduro-dispuesto-al-dialogo-con-sectores-golpistas\/#primaryimage"},"thumbnailUrl":"https:\/\/noti-america.com\/site\/venezuela\/wp-content\/uploads\/sites\/2\/2019\/01\/Maduro_quiere_dialogar_sobre__persecuci__n__a_Venezuela.jpg","datePublished":"2019-01-24T20:27:03+00:00","breadcrumb":{"@id":"https:\/\/noti-america.com\/site\/venezuela\/2019\/01\/24\/nicolas-maduro-dispuesto-al-dialogo-con-sectores-golpistas\/#breadcrumb"},"inLanguage":"es","potentialAction":[{"@type":"ReadAction","target":["https:\/\/noti-america.com\/site\/venezuela\/2019\/01\/24\/nicolas-maduro-dispuesto-al-dialogo-con-sectores-golpistas\/"]}]},{"@type":"ImageObject","inLanguage":"es","@id":"https:\/\/noti-america.com\/site\/venezuela\/2019\/01\/24\/nicolas-maduro-dispuesto-al-dialogo-con-sectores-golpistas\/#primaryimage","url":"https:\/\/noti-america.com\/site\/venezuela\/wp-content\/uploads\/sites\/2\/2019\/01\/Maduro_quiere_dialogar_sobre__persecuci__n__a_Venezuela.jpg","contentUrl":"https:\/\/noti-america.com\/site\/venezuela\/wp-content\/uploads\/sites\/2\/2019\/01\/Maduro_quiere_dialogar_sobre__persecuci__n__a_Venezuela.jpg","width":624,"height":390},{"@type":"BreadcrumbList","@id":"https:\/\/noti-america.com\/site\/venezuela\/2019\/01\/24\/nicolas-maduro-dispuesto-al-dialogo-con-sectores-golpistas\/#breadcrumb","itemListElement":[{"@type":"ListItem","position":1,"name":"Portada","item":"https:\/\/noti-america.com\/site\/venezuela\/"},{"@type":"ListItem","position":2,"name":"Nicol\u00e1s Maduro dispuesto al di\u00e1logo con sectores &#8220;golpistas&#8221;"}]},{"@type":"WebSite","@id":"https:\/\/noti-america.com\/site\/venezuela\/#website","url":"https:\/\/noti-america.com\/site\/venezuela\/","name":"Venezuela | Noti-America.com","description":"","publisher":{"@id":"https:\/\/noti-america.com\/site\/venezuela\/#organization"},"potentialAction":[{"@type":"SearchAction","target":{"@type":"EntryPoint","urlTemplate":"https:\/\/noti-america.com\/site\/venezuela\/?s={search_term_string}"},"query-input":{"@type":"PropertyValueSpecification","valueRequired":true,"valueName":"search_term_string"}}],"inLanguage":"es"},{"@type":"Organization","@id":"https:\/\/noti-america.com\/site\/venezuela\/#organization","name":"Noti-America LLC | Venezuela","url":"https:\/\/noti-america.com\/site\/venezuela\/","logo":{"@type":"ImageObject","inLanguage":"es","@id":"https:\/\/noti-america.com\/site\/venezuela\/#\/schema\/logo\/image\/","url":"https:\/\/noti-america.com\/site\/venezuela\/wp-content\/uploads\/sites\/2\/2020\/07\/LogoNA-4x3-1.jpg","contentUrl":"https:\/\/noti-america.com\/site\/venezuela\/wp-content\/uploads\/sites\/2\/2020\/07\/LogoNA-4x3-1.jpg","width":1236,"height":1080,"caption":"Noti-America LLC | Venezuela"},"image":{"@id":"https:\/\/noti-america.com\/site\/venezuela\/#\/schema\/logo\/image\/"}},{"@type":"Person","@id":"https:\/\/noti-america.com\/site\/venezuela\/#\/schema\/person\/5536bbfd0e2b9220dabb68be6a79e6a2","name":"Andr\u00e9s Salazar TV","image":{"@type":"ImageObject","inLanguage":"es","@id":"https:\/\/secure.gravatar.com\/avatar\/afe6826ba750395b641021d9bf08e5496b9d29671cfabb16346350901fb94310?s=96&d=mm&r=g","url":"https:\/\/secure.gravatar.com\/avatar\/afe6826ba750395b641021d9bf08e5496b9d29671cfabb16346350901fb94310?s=96&d=mm&r=g","contentUrl":"https:\/\/secure.gravatar.com\/avatar\/afe6826ba750395b641021d9bf08e5496b9d29671cfabb16346350901fb94310?s=96&d=mm&r=g","caption":"Andr\u00e9s Salazar TV"},"description":"Andr\u00e9s Salazar. Corresponsal de Noti-Am\u00e9rica en Venezuela. Periodista con m\u00e1s de 14 a\u00f1os de trayectoria en la cobertura de hechos informativos. Amplia experiencia en la narrativa de eventos deportivos, musicales y sucesos de \u00faltima hora.","sameAs":["https:\/\/www.facebook.com\/AndresSalazarTV\/","https:\/\/youtube.com\/@andressalazartv?si=fYrt2l__ee2OK_Fh"],"url":"https:\/\/noti-america.com\/site\/venezuela\/author\/asalazar\/"}]}},"_links":{"self":[{"href":"https:\/\/noti-america.com\/site\/venezuela\/wp-json\/wp\/v2\/posts\/4616","targetHints":{"allow":["GET"]}}],"collection":[{"href":"https:\/\/noti-america.com\/site\/venezuela\/wp-json\/wp\/v2\/posts"}],"about":[{"href":"https:\/\/noti-america.com\/site\/venezuela\/wp-json\/wp\/v2\/types\/post"}],"author":[{"embeddable":true,"href":"https:\/\/noti-america.com\/site\/venezuela\/wp-json\/wp\/v2\/users\/4"}],"replies":[{"embeddable":true,"href":"https:\/\/noti-america.com\/site\/venezuela\/wp-json\/wp\/v2\/comments?post=4616"}],"version-history":[{"count":0,"href":"https:\/\/noti-america.com\/site\/venezuela\/wp-json\/wp\/v2\/posts\/4616\/revisions"}],"wp:featuredmedia":[{"embeddable":true,"href":"https:\/\/noti-america.com\/site\/venezuela\/wp-json\/wp\/v2\/media\/4617"}],"wp:attachment":[{"href":"https:\/\/noti-america.com\/site\/venezuela\/wp-json\/wp\/v2\/media?parent=4616"}],"wp:term":[{"taxonomy":"category","embeddable":true,"href":"https:\/\/noti-america.com\/site\/venezuela\/wp-json\/wp\/v2\/categories?post=4616"},{"taxonomy":"post_tag","embeddable":true,"href":"https:\/\/noti-america.com\/site\/venezuela\/wp-json\/wp\/v2\/tags?post=4616"}],"curies":[{"name":"wp","href":"https:\/\/api.w.org\/{rel}","templated":true}]}}