{"id":44887,"date":"2025-06-13T16:34:14","date_gmt":"2025-06-13T16:34:14","guid":{"rendered":"https:\/\/noti-america.com\/site\/venezuela\/?p=44887"},"modified":"2025-06-13T16:36:54","modified_gmt":"2025-06-13T16:36:54","slug":"invermatis-preparandose-para-su-inauguracion-en-la-guaira-y-contribuyendo-a-la-exportacion-de-productos-del-mar","status":"publish","type":"post","link":"https:\/\/noti-america.com\/site\/venezuela\/2025\/06\/13\/invermatis-preparandose-para-su-inauguracion-en-la-guaira-y-contribuyendo-a-la-exportacion-de-productos-del-mar\/","title":{"rendered":"Invermatis: prepar\u00e1ndose para su inauguraci\u00f3n en La Guaira y contribuyendo a la exportaci\u00f3n de productos del mar"},"content":{"rendered":"<p><strong>NOTI-AMERICA.COM | VENEZUELA<\/strong><\/p>\n<p>La empresa <strong>Invermatis<\/strong>, ubicada en el estado <strong>La Guaira<\/strong>, se encuentra en la fase final de preparaci\u00f3n para su inauguraci\u00f3n oficial, la cual se espera que ocurra este mes. Este nuevo emprendimiento est\u00e1 dise\u00f1ado para revolucionar la industria pesquera en la regi\u00f3n, promoviendo la sostenibilidad y la calidad de los productos del mar.<\/p>\n<p>En lo que va del a\u00f1o, Invermatis ha logrado exportar m\u00e1s de 80 toneladas de productos del mar directamente hacia Europa, destacando la calidad y frescura de su oferta. Este hito no solo refleja el compromiso de la empresa con la excelencia, sino que tambi\u00e9n abre nuevas oportunidades en el mercado internacional.<\/p>\n<p>La primera etapa de operaciones de Invermatis promete generar 60 empleos directos y aproximadamente 120 empleos indirectos, contribuyendo al desarrollo econ\u00f3mico de la regi\u00f3n y ofreciendo oportunidades laborales a la comunidad local.<\/p>\n<p>Es importante destacar que Laureano David S\u00e1nchez es la mente maestra detr\u00e1s de esta iniciativa. Como encargado de que todo funcione, S\u00e1nchez ha sido fundamental en el desarrollo y la implementaci\u00f3n de la visi\u00f3n de Invermatis, asegurando que la empresa est\u00e9 alineada con los est\u00e1ndares de calidad y sostenibilidad requeridos en el mercado actual.<\/p>\n<p><strong>Invermatis<\/strong> no solo representa un avance en la industria pesquera, sino que tambi\u00e9n simboliza la esperanza de un futuro pr\u00f3spero para La Guaira y sus habitantes. La inauguraci\u00f3n oficial de la empresa ser\u00e1 un evento significativo, marcando el comienzo de una nueva era en la producci\u00f3n y exportaci\u00f3n de productos del mar en Venezuela.<\/p>\n","protected":false},"excerpt":{"rendered":"<p>NOTI-AMERICA.COM | VENEZUELA La empresa Invermatis, ubicada en el estado La Guaira, se encuentra en la fase final de preparaci\u00f3n para su inauguraci\u00f3n oficial, la cual se espera que ocurra este mes. Este nuevo&#46;&#46;&#46;<\/p>\n","protected":false},"author":127,"featured_media":44888,"comment_status":"open","ping_status":"open","sticky":false,"template":"","format":"image","meta":{"_acf_changed":false,"om_disable_all_campaigns":false,"rop_custom_images_group":[],"rop_custom_messages_group":[],"rop_publish_now":"initial","rop_publish_now_accounts":{"twitter_242054905_242054905":""},"rop_publish_now_history":[],"rop_publish_now_status":"pending","_uf_show_specific_survey":0,"_uf_disable_surveys":false,"footnotes":""},"categories":[508],"tags":[],"class_list":["post-44887","post","type-post","status-publish","format-image","has-post-thumbnail","hentry","category-acturalidad","post_format-post-format-image"],"acf":[],"aioseo_notices":[],"yoast_head":"<!-- This site is optimized with the Yoast SEO Premium plugin v24.9 (Yoast SEO v27.2) - https:\/\/yoast.com\/product\/yoast-seo-premium-wordpress\/ -->\n<title>Invermatis: prepar\u00e1ndose para su inauguraci\u00f3n en La Guaira y contribuyendo a la exportaci\u00f3n de productos del mar - Venezuela | Noti-America.com<\/title>\n<meta name=\"robots\" content=\"index, follow, max-snippet:-1, max-image-preview:large, max-video-preview:-1\" \/>\n<link rel=\"canonical\" href=\"https:\/\/noti-america.com\/site\/venezuela\/2025\/06\/13\/invermatis-preparandose-para-su-inauguracion-en-la-guaira-y-contribuyendo-a-la-exportacion-de-productos-del-mar\/\" \/>\n<meta property=\"og:locale\" content=\"es_ES\" \/>\n<meta property=\"og:type\" content=\"article\" \/>\n<meta property=\"og:title\" content=\"Invermatis: prepar\u00e1ndose para su inauguraci\u00f3n en La Guaira y contribuyendo a la exportaci\u00f3n de productos del mar\" \/>\n<meta property=\"og:description\" content=\"NOTI-AMERICA.COM | VENEZUELA La empresa Invermatis, ubicada en el estado La Guaira, se encuentra en la fase final de preparaci\u00f3n para su inauguraci\u00f3n oficial, la cual se espera que ocurra este mes. Este nuevo&#046;&#046;&#046;\" \/>\n<meta property=\"og:url\" content=\"https:\/\/noti-america.com\/site\/venezuela\/2025\/06\/13\/invermatis-preparandose-para-su-inauguracion-en-la-guaira-y-contribuyendo-a-la-exportacion-de-productos-del-mar\/\" \/>\n<meta property=\"og:site_name\" content=\"Venezuela | Noti-America.com\" \/>\n<meta property=\"article:published_time\" content=\"2025-06-13T16:34:14+00:00\" \/>\n<meta property=\"article:modified_time\" content=\"2025-06-13T16:36:54+00:00\" \/>\n<meta property=\"og:image\" content=\"https:\/\/noti-america.com\/site\/venezuela\/wp-content\/uploads\/sites\/2\/2025\/06\/IMG_0539.jpg\" \/>\n\t<meta property=\"og:image:width\" content=\"920\" \/>\n\t<meta property=\"og:image:height\" content=\"614\" \/>\n\t<meta property=\"og:image:type\" content=\"image\/jpeg\" \/>\n<meta name=\"author\" content=\"Yoelvzla\" \/>\n<meta name=\"twitter:card\" content=\"summary_large_image\" \/>\n<meta name=\"twitter:label1\" content=\"Escrito por\" \/>\n\t<meta name=\"twitter:data1\" content=\"Yoelvzla\" \/>\n\t<meta name=\"twitter:label2\" content=\"Tiempo estimado de lectura\" \/>\n\t<meta name=\"twitter:data2\" content=\"2 minutos\" \/>\n<script type=\"application\/ld+json\" class=\"yoast-schema-graph\">{\"@context\":\"https:\/\/schema.org\",\"@graph\":[{\"@type\":\"Article\",\"@id\":\"https:\/\/noti-america.com\/site\/venezuela\/2025\/06\/13\/invermatis-preparandose-para-su-inauguracion-en-la-guaira-y-contribuyendo-a-la-exportacion-de-productos-del-mar\/#article\",\"isPartOf\":{\"@id\":\"https:\/\/noti-america.com\/site\/venezuela\/2025\/06\/13\/invermatis-preparandose-para-su-inauguracion-en-la-guaira-y-contribuyendo-a-la-exportacion-de-productos-del-mar\/\"},\"author\":{\"name\":\"Yoelvzla\",\"@id\":\"https:\/\/noti-america.com\/site\/venezuela\/#\/schema\/person\/376ccc7b3cc7a8d5a43c3ece07a43857\"},\"headline\":\"Invermatis: prepar\u00e1ndose para su inauguraci\u00f3n en La Guaira y contribuyendo a la exportaci\u00f3n de productos del mar\",\"datePublished\":\"2025-06-13T16:34:14+00:00\",\"dateModified\":\"2025-06-13T16:36:54+00:00\",\"mainEntityOfPage\":{\"@id\":\"https:\/\/noti-america.com\/site\/venezuela\/2025\/06\/13\/invermatis-preparandose-para-su-inauguracion-en-la-guaira-y-contribuyendo-a-la-exportacion-de-productos-del-mar\/\"},\"wordCount\":285,\"commentCount\":0,\"publisher\":{\"@id\":\"https:\/\/noti-america.com\/site\/venezuela\/#organization\"},\"image\":{\"@id\":\"https:\/\/noti-america.com\/site\/venezuela\/2025\/06\/13\/invermatis-preparandose-para-su-inauguracion-en-la-guaira-y-contribuyendo-a-la-exportacion-de-productos-del-mar\/#primaryimage\"},\"thumbnailUrl\":\"https:\/\/noti-america.com\/site\/venezuela\/wp-content\/uploads\/sites\/2\/2025\/06\/IMG_0539.jpg\",\"articleSection\":[\"Actualidad\"],\"inLanguage\":\"es\",\"potentialAction\":[{\"@type\":\"CommentAction\",\"name\":\"Comment\",\"target\":[\"https:\/\/noti-america.com\/site\/venezuela\/2025\/06\/13\/invermatis-preparandose-para-su-inauguracion-en-la-guaira-y-contribuyendo-a-la-exportacion-de-productos-del-mar\/#respond\"]}]},{\"@type\":\"WebPage\",\"@id\":\"https:\/\/noti-america.com\/site\/venezuela\/2025\/06\/13\/invermatis-preparandose-para-su-inauguracion-en-la-guaira-y-contribuyendo-a-la-exportacion-de-productos-del-mar\/\",\"url\":\"https:\/\/noti-america.com\/site\/venezuela\/2025\/06\/13\/invermatis-preparandose-para-su-inauguracion-en-la-guaira-y-contribuyendo-a-la-exportacion-de-productos-del-mar\/\",\"name\":\"Invermatis: prepar\u00e1ndose para su inauguraci\u00f3n en La Guaira y contribuyendo a la exportaci\u00f3n de productos del mar - Venezuela | Noti-America.com\",\"isPartOf\":{\"@id\":\"https:\/\/noti-america.com\/site\/venezuela\/#website\"},\"primaryImageOfPage\":{\"@id\":\"https:\/\/noti-america.com\/site\/venezuela\/2025\/06\/13\/invermatis-preparandose-para-su-inauguracion-en-la-guaira-y-contribuyendo-a-la-exportacion-de-productos-del-mar\/#primaryimage\"},\"image\":{\"@id\":\"https:\/\/noti-america.com\/site\/venezuela\/2025\/06\/13\/invermatis-preparandose-para-su-inauguracion-en-la-guaira-y-contribuyendo-a-la-exportacion-de-productos-del-mar\/#primaryimage\"},\"thumbnailUrl\":\"https:\/\/noti-america.com\/site\/venezuela\/wp-content\/uploads\/sites\/2\/2025\/06\/IMG_0539.jpg\",\"datePublished\":\"2025-06-13T16:34:14+00:00\",\"dateModified\":\"2025-06-13T16:36:54+00:00\",\"breadcrumb\":{\"@id\":\"https:\/\/noti-america.com\/site\/venezuela\/2025\/06\/13\/invermatis-preparandose-para-su-inauguracion-en-la-guaira-y-contribuyendo-a-la-exportacion-de-productos-del-mar\/#breadcrumb\"},\"inLanguage\":\"es\",\"potentialAction\":[{\"@type\":\"ReadAction\",\"target\":[\"https:\/\/noti-america.com\/site\/venezuela\/2025\/06\/13\/invermatis-preparandose-para-su-inauguracion-en-la-guaira-y-contribuyendo-a-la-exportacion-de-productos-del-mar\/\"]}]},{\"@type\":\"ImageObject\",\"inLanguage\":\"es\",\"@id\":\"https:\/\/noti-america.com\/site\/venezuela\/2025\/06\/13\/invermatis-preparandose-para-su-inauguracion-en-la-guaira-y-contribuyendo-a-la-exportacion-de-productos-del-mar\/#primaryimage\",\"url\":\"https:\/\/noti-america.com\/site\/venezuela\/wp-content\/uploads\/sites\/2\/2025\/06\/IMG_0539.jpg\",\"contentUrl\":\"https:\/\/noti-america.com\/site\/venezuela\/wp-content\/uploads\/sites\/2\/2025\/06\/IMG_0539.jpg\",\"width\":920,\"height\":614},{\"@type\":\"BreadcrumbList\",\"@id\":\"https:\/\/noti-america.com\/site\/venezuela\/2025\/06\/13\/invermatis-preparandose-para-su-inauguracion-en-la-guaira-y-contribuyendo-a-la-exportacion-de-productos-del-mar\/#breadcrumb\",\"itemListElement\":[{\"@type\":\"ListItem\",\"position\":1,\"name\":\"Portada\",\"item\":\"https:\/\/noti-america.com\/site\/venezuela\/\"},{\"@type\":\"ListItem\",\"position\":2,\"name\":\"Invermatis: prepar\u00e1ndose para su inauguraci\u00f3n en La Guaira y contribuyendo a la exportaci\u00f3n de productos del mar\"}]},{\"@type\":\"WebSite\",\"@id\":\"https:\/\/noti-america.com\/site\/venezuela\/#website\",\"url\":\"https:\/\/noti-america.com\/site\/venezuela\/\",\"name\":\"Venezuela | Noti-America.com\",\"description\":\"\",\"publisher\":{\"@id\":\"https:\/\/noti-america.com\/site\/venezuela\/#organization\"},\"potentialAction\":[{\"@type\":\"SearchAction\",\"target\":{\"@type\":\"EntryPoint\",\"urlTemplate\":\"https:\/\/noti-america.com\/site\/venezuela\/?s={search_term_string}\"},\"query-input\":{\"@type\":\"PropertyValueSpecification\",\"valueRequired\":true,\"valueName\":\"search_term_string\"}}],\"inLanguage\":\"es\"},{\"@type\":\"Organization\",\"@id\":\"https:\/\/noti-america.com\/site\/venezuela\/#organization\",\"name\":\"Noti-America LLC | Venezuela\",\"url\":\"https:\/\/noti-america.com\/site\/venezuela\/\",\"logo\":{\"@type\":\"ImageObject\",\"inLanguage\":\"es\",\"@id\":\"https:\/\/noti-america.com\/site\/venezuela\/#\/schema\/logo\/image\/\",\"url\":\"https:\/\/noti-america.com\/site\/venezuela\/wp-content\/uploads\/sites\/2\/2020\/07\/LogoNA-4x3-1.jpg\",\"contentUrl\":\"https:\/\/noti-america.com\/site\/venezuela\/wp-content\/uploads\/sites\/2\/2020\/07\/LogoNA-4x3-1.jpg\",\"width\":1236,\"height\":1080,\"caption\":\"Noti-America LLC | Venezuela\"},\"image\":{\"@id\":\"https:\/\/noti-america.com\/site\/venezuela\/#\/schema\/logo\/image\/\"}},{\"@type\":\"Person\",\"@id\":\"https:\/\/noti-america.com\/site\/venezuela\/#\/schema\/person\/376ccc7b3cc7a8d5a43c3ece07a43857\",\"name\":\"Yoelvzla\",\"image\":{\"@type\":\"ImageObject\",\"inLanguage\":\"es\",\"@id\":\"https:\/\/secure.gravatar.com\/avatar\/13a96a72123e0e9aa76fe82e8847f726c63a1c5ef6a8d0fadd844c1a5a83b212?s=96&d=mm&r=g\",\"url\":\"https:\/\/secure.gravatar.com\/avatar\/13a96a72123e0e9aa76fe82e8847f726c63a1c5ef6a8d0fadd844c1a5a83b212?s=96&d=mm&r=g\",\"contentUrl\":\"https:\/\/secure.gravatar.com\/avatar\/13a96a72123e0e9aa76fe82e8847f726c63a1c5ef6a8d0fadd844c1a5a83b212?s=96&d=mm&r=g\",\"caption\":\"Yoelvzla\"},\"url\":\"https:\/\/noti-america.com\/site\/venezuela\/author\/ydiaz\/\"}]}<\/script>\n<!-- \/ Yoast SEO Premium plugin. -->","yoast_head_json":{"title":"Invermatis: prepar\u00e1ndose para su inauguraci\u00f3n en La Guaira y contribuyendo a la exportaci\u00f3n de productos del mar - Venezuela | Noti-America.com","robots":{"index":"index","follow":"follow","max-snippet":"max-snippet:-1","max-image-preview":"max-image-preview:large","max-video-preview":"max-video-preview:-1"},"canonical":"https:\/\/noti-america.com\/site\/venezuela\/2025\/06\/13\/invermatis-preparandose-para-su-inauguracion-en-la-guaira-y-contribuyendo-a-la-exportacion-de-productos-del-mar\/","og_locale":"es_ES","og_type":"article","og_title":"Invermatis: prepar\u00e1ndose para su inauguraci\u00f3n en La Guaira y contribuyendo a la exportaci\u00f3n de productos del mar","og_description":"NOTI-AMERICA.COM | VENEZUELA La empresa Invermatis, ubicada en el estado La Guaira, se encuentra en la fase final de preparaci\u00f3n para su inauguraci\u00f3n oficial, la cual se espera que ocurra este mes. Este nuevo&#46;&#46;&#46;","og_url":"https:\/\/noti-america.com\/site\/venezuela\/2025\/06\/13\/invermatis-preparandose-para-su-inauguracion-en-la-guaira-y-contribuyendo-a-la-exportacion-de-productos-del-mar\/","og_site_name":"Venezuela | Noti-America.com","article_published_time":"2025-06-13T16:34:14+00:00","article_modified_time":"2025-06-13T16:36:54+00:00","og_image":[{"width":920,"height":614,"url":"https:\/\/noti-america.com\/site\/venezuela\/wp-content\/uploads\/sites\/2\/2025\/06\/IMG_0539.jpg","type":"image\/jpeg"}],"author":"Yoelvzla","twitter_card":"summary_large_image","twitter_misc":{"Escrito por":"Yoelvzla","Tiempo estimado de lectura":"2 minutos"},"schema":{"@context":"https:\/\/schema.org","@graph":[{"@type":"Article","@id":"https:\/\/noti-america.com\/site\/venezuela\/2025\/06\/13\/invermatis-preparandose-para-su-inauguracion-en-la-guaira-y-contribuyendo-a-la-exportacion-de-productos-del-mar\/#article","isPartOf":{"@id":"https:\/\/noti-america.com\/site\/venezuela\/2025\/06\/13\/invermatis-preparandose-para-su-inauguracion-en-la-guaira-y-contribuyendo-a-la-exportacion-de-productos-del-mar\/"},"author":{"name":"Yoelvzla","@id":"https:\/\/noti-america.com\/site\/venezuela\/#\/schema\/person\/376ccc7b3cc7a8d5a43c3ece07a43857"},"headline":"Invermatis: prepar\u00e1ndose para su inauguraci\u00f3n en La Guaira y contribuyendo a la exportaci\u00f3n de productos del mar","datePublished":"2025-06-13T16:34:14+00:00","dateModified":"2025-06-13T16:36:54+00:00","mainEntityOfPage":{"@id":"https:\/\/noti-america.com\/site\/venezuela\/2025\/06\/13\/invermatis-preparandose-para-su-inauguracion-en-la-guaira-y-contribuyendo-a-la-exportacion-de-productos-del-mar\/"},"wordCount":285,"commentCount":0,"publisher":{"@id":"https:\/\/noti-america.com\/site\/venezuela\/#organization"},"image":{"@id":"https:\/\/noti-america.com\/site\/venezuela\/2025\/06\/13\/invermatis-preparandose-para-su-inauguracion-en-la-guaira-y-contribuyendo-a-la-exportacion-de-productos-del-mar\/#primaryimage"},"thumbnailUrl":"https:\/\/noti-america.com\/site\/venezuela\/wp-content\/uploads\/sites\/2\/2025\/06\/IMG_0539.jpg","articleSection":["Actualidad"],"inLanguage":"es","potentialAction":[{"@type":"CommentAction","name":"Comment","target":["https:\/\/noti-america.com\/site\/venezuela\/2025\/06\/13\/invermatis-preparandose-para-su-inauguracion-en-la-guaira-y-contribuyendo-a-la-exportacion-de-productos-del-mar\/#respond"]}]},{"@type":"WebPage","@id":"https:\/\/noti-america.com\/site\/venezuela\/2025\/06\/13\/invermatis-preparandose-para-su-inauguracion-en-la-guaira-y-contribuyendo-a-la-exportacion-de-productos-del-mar\/","url":"https:\/\/noti-america.com\/site\/venezuela\/2025\/06\/13\/invermatis-preparandose-para-su-inauguracion-en-la-guaira-y-contribuyendo-a-la-exportacion-de-productos-del-mar\/","name":"Invermatis: prepar\u00e1ndose para su inauguraci\u00f3n en La Guaira y contribuyendo a la exportaci\u00f3n de productos del mar - Venezuela | Noti-America.com","isPartOf":{"@id":"https:\/\/noti-america.com\/site\/venezuela\/#website"},"primaryImageOfPage":{"@id":"https:\/\/noti-america.com\/site\/venezuela\/2025\/06\/13\/invermatis-preparandose-para-su-inauguracion-en-la-guaira-y-contribuyendo-a-la-exportacion-de-productos-del-mar\/#primaryimage"},"image":{"@id":"https:\/\/noti-america.com\/site\/venezuela\/2025\/06\/13\/invermatis-preparandose-para-su-inauguracion-en-la-guaira-y-contribuyendo-a-la-exportacion-de-productos-del-mar\/#primaryimage"},"thumbnailUrl":"https:\/\/noti-america.com\/site\/venezuela\/wp-content\/uploads\/sites\/2\/2025\/06\/IMG_0539.jpg","datePublished":"2025-06-13T16:34:14+00:00","dateModified":"2025-06-13T16:36:54+00:00","breadcrumb":{"@id":"https:\/\/noti-america.com\/site\/venezuela\/2025\/06\/13\/invermatis-preparandose-para-su-inauguracion-en-la-guaira-y-contribuyendo-a-la-exportacion-de-productos-del-mar\/#breadcrumb"},"inLanguage":"es","potentialAction":[{"@type":"ReadAction","target":["https:\/\/noti-america.com\/site\/venezuela\/2025\/06\/13\/invermatis-preparandose-para-su-inauguracion-en-la-guaira-y-contribuyendo-a-la-exportacion-de-productos-del-mar\/"]}]},{"@type":"ImageObject","inLanguage":"es","@id":"https:\/\/noti-america.com\/site\/venezuela\/2025\/06\/13\/invermatis-preparandose-para-su-inauguracion-en-la-guaira-y-contribuyendo-a-la-exportacion-de-productos-del-mar\/#primaryimage","url":"https:\/\/noti-america.com\/site\/venezuela\/wp-content\/uploads\/sites\/2\/2025\/06\/IMG_0539.jpg","contentUrl":"https:\/\/noti-america.com\/site\/venezuela\/wp-content\/uploads\/sites\/2\/2025\/06\/IMG_0539.jpg","width":920,"height":614},{"@type":"BreadcrumbList","@id":"https:\/\/noti-america.com\/site\/venezuela\/2025\/06\/13\/invermatis-preparandose-para-su-inauguracion-en-la-guaira-y-contribuyendo-a-la-exportacion-de-productos-del-mar\/#breadcrumb","itemListElement":[{"@type":"ListItem","position":1,"name":"Portada","item":"https:\/\/noti-america.com\/site\/venezuela\/"},{"@type":"ListItem","position":2,"name":"Invermatis: prepar\u00e1ndose para su inauguraci\u00f3n en La Guaira y contribuyendo a la exportaci\u00f3n de productos del mar"}]},{"@type":"WebSite","@id":"https:\/\/noti-america.com\/site\/venezuela\/#website","url":"https:\/\/noti-america.com\/site\/venezuela\/","name":"Venezuela | Noti-America.com","description":"","publisher":{"@id":"https:\/\/noti-america.com\/site\/venezuela\/#organization"},"potentialAction":[{"@type":"SearchAction","target":{"@type":"EntryPoint","urlTemplate":"https:\/\/noti-america.com\/site\/venezuela\/?s={search_term_string}"},"query-input":{"@type":"PropertyValueSpecification","valueRequired":true,"valueName":"search_term_string"}}],"inLanguage":"es"},{"@type":"Organization","@id":"https:\/\/noti-america.com\/site\/venezuela\/#organization","name":"Noti-America LLC | Venezuela","url":"https:\/\/noti-america.com\/site\/venezuela\/","logo":{"@type":"ImageObject","inLanguage":"es","@id":"https:\/\/noti-america.com\/site\/venezuela\/#\/schema\/logo\/image\/","url":"https:\/\/noti-america.com\/site\/venezuela\/wp-content\/uploads\/sites\/2\/2020\/07\/LogoNA-4x3-1.jpg","contentUrl":"https:\/\/noti-america.com\/site\/venezuela\/wp-content\/uploads\/sites\/2\/2020\/07\/LogoNA-4x3-1.jpg","width":1236,"height":1080,"caption":"Noti-America LLC | Venezuela"},"image":{"@id":"https:\/\/noti-america.com\/site\/venezuela\/#\/schema\/logo\/image\/"}},{"@type":"Person","@id":"https:\/\/noti-america.com\/site\/venezuela\/#\/schema\/person\/376ccc7b3cc7a8d5a43c3ece07a43857","name":"Yoelvzla","image":{"@type":"ImageObject","inLanguage":"es","@id":"https:\/\/secure.gravatar.com\/avatar\/13a96a72123e0e9aa76fe82e8847f726c63a1c5ef6a8d0fadd844c1a5a83b212?s=96&d=mm&r=g","url":"https:\/\/secure.gravatar.com\/avatar\/13a96a72123e0e9aa76fe82e8847f726c63a1c5ef6a8d0fadd844c1a5a83b212?s=96&d=mm&r=g","contentUrl":"https:\/\/secure.gravatar.com\/avatar\/13a96a72123e0e9aa76fe82e8847f726c63a1c5ef6a8d0fadd844c1a5a83b212?s=96&d=mm&r=g","caption":"Yoelvzla"},"url":"https:\/\/noti-america.com\/site\/venezuela\/author\/ydiaz\/"}]}},"_links":{"self":[{"href":"https:\/\/noti-america.com\/site\/venezuela\/wp-json\/wp\/v2\/posts\/44887","targetHints":{"allow":["GET"]}}],"collection":[{"href":"https:\/\/noti-america.com\/site\/venezuela\/wp-json\/wp\/v2\/posts"}],"about":[{"href":"https:\/\/noti-america.com\/site\/venezuela\/wp-json\/wp\/v2\/types\/post"}],"author":[{"embeddable":true,"href":"https:\/\/noti-america.com\/site\/venezuela\/wp-json\/wp\/v2\/users\/127"}],"replies":[{"embeddable":true,"href":"https:\/\/noti-america.com\/site\/venezuela\/wp-json\/wp\/v2\/comments?post=44887"}],"version-history":[{"count":4,"href":"https:\/\/noti-america.com\/site\/venezuela\/wp-json\/wp\/v2\/posts\/44887\/revisions"}],"predecessor-version":[{"id":44892,"href":"https:\/\/noti-america.com\/site\/venezuela\/wp-json\/wp\/v2\/posts\/44887\/revisions\/44892"}],"wp:featuredmedia":[{"embeddable":true,"href":"https:\/\/noti-america.com\/site\/venezuela\/wp-json\/wp\/v2\/media\/44888"}],"wp:attachment":[{"href":"https:\/\/noti-america.com\/site\/venezuela\/wp-json\/wp\/v2\/media?parent=44887"}],"wp:term":[{"taxonomy":"category","embeddable":true,"href":"https:\/\/noti-america.com\/site\/venezuela\/wp-json\/wp\/v2\/categories?post=44887"},{"taxonomy":"post_tag","embeddable":true,"href":"https:\/\/noti-america.com\/site\/venezuela\/wp-json\/wp\/v2\/tags?post=44887"}],"curies":[{"name":"wp","href":"https:\/\/api.w.org\/{rel}","templated":true}]}}