{"id":44305,"date":"2025-05-20T14:32:42","date_gmt":"2025-05-20T14:32:42","guid":{"rendered":"https:\/\/noti-america.com\/site\/venezuela\/?p=44305"},"modified":"2025-05-20T14:34:17","modified_gmt":"2025-05-20T14:34:17","slug":"miss-grand-altos-mirandinos-enciende-los-motores-para-su-primera-gala","status":"publish","type":"post","link":"https:\/\/noti-america.com\/site\/venezuela\/2025\/05\/20\/miss-grand-altos-mirandinos-enciende-los-motores-para-su-primera-gala\/","title":{"rendered":"Miss Grand Altos Mirandinos enciende los motores para su primera gala"},"content":{"rendered":"<p><strong>NOTI-AMERICA.COM | VENEZUELA<\/strong><\/p>\n<p>Los Altos Mirandinos han sido cuna de destacadas figuras de la belleza venezolana. Sin duda, es un semillero de talento con numerosas aspirantes a Miss Venezuela, modelos internacionales, actrices y profesionales de renombre, entre ellas Luiseth Mater\u00e1n y Keisy Sayago.<\/p>\n<p>Ahora, convencidos del potencial de su regi\u00f3n, un grupo de profesionales respaldados por los productores nacionales de la organizaci\u00f3n Esteban Vel\u00e1squez y Jes\u00fas Tovar y la directora nacional Jacqueline Aguilera, se unen para crear \u201cMiss Grand Altos Mirandinos\u201d, un concurso de belleza que marcar\u00e1 un antes y un despu\u00e9s en la industria de la belleza venezolana.<\/p>\n<p>\u201cMiss Grand Altos Mirandinos\u201d est\u00e1 liderado por @monizyformes , la firma de alta costura de Leandro Goncalves Moniz y Efren Rengel Fornes, quienes apuestan a los nuevos talentos de su regi\u00f3n y trabajan arduamente en la preparaci\u00f3n de una representante nacional de alto nivel.<\/p>\n<p>Para esta nueva organizaci\u00f3n, la mayor motivaci\u00f3n es apoyar al talento emergente y mitigar las barreras sociales que obstaculizan su desarrollo.<\/p>\n<p>\u201cPara nosotros es importante crear un nuevo escenario donde la belleza se fusione con el compromiso social y as\u00ed promover causas de impacto comunitario. Nuestra intenci\u00f3n no es solo apoyar el talento emergente, sino tambi\u00e9n nuestra amada regi\u00f3n\u201d, comenta Moniz.<\/p>\n<p>Por su parte, Rengel agrega: \u201cTenemos la fiel intenci\u00f3n de convertirnos en meg\u00e1fono para causas importantes y amplificar las voces de quienes trabajan para un mundo mejor. Asimismo, empoderar a las mujeres para que sean l\u00edderes de sus comunidades, utilizando su influencia para generar un impacto positivo en su regi\u00f3n, en el pa\u00eds y en el mundo\u201d.<\/p>\n<p>Miss Grand Altos Mirandinos y Moniz y Forn\u00e9s abren sus puertas este domingo 25 de mayo a las 2 p.m para todas las chicas que quieran asistir al \u00faltimo casting.<\/p>\n<p>Lugar: Teatro Emma Soler.<\/p>\n<p>Y pr\u00f3ximamente revelaremos m\u00e1s detalles del evento a trav\u00e9s de @missgrandaltosmirandinis @monizyfornes. \u00a1No se lo pierdan!<\/p>\n","protected":false},"excerpt":{"rendered":"<p>NOTI-AMERICA.COM | VENEZUELA Los Altos Mirandinos han sido cuna de destacadas figuras de la belleza venezolana. Sin duda, es un semillero de talento con numerosas aspirantes a Miss Venezuela, modelos internacionales, actrices y profesionales&#46;&#46;&#46;<\/p>\n","protected":false},"author":127,"featured_media":44306,"comment_status":"open","ping_status":"open","sticky":false,"template":"","format":"image","meta":{"_acf_changed":false,"om_disable_all_campaigns":false,"rop_custom_images_group":[],"rop_custom_messages_group":[],"rop_publish_now":"initial","rop_publish_now_accounts":{"twitter_242054905_242054905":""},"rop_publish_now_history":[],"rop_publish_now_status":"pending","_uf_show_specific_survey":0,"_uf_disable_surveys":false,"footnotes":""},"categories":[8],"tags":[],"class_list":["post-44305","post","type-post","status-publish","format-image","has-post-thumbnail","hentry","category-arte-y-espectaculos","post_format-post-format-image"],"acf":[],"aioseo_notices":[],"yoast_head":"<!-- This site is optimized with the Yoast SEO Premium plugin v24.9 (Yoast SEO v27.2) - https:\/\/yoast.com\/product\/yoast-seo-premium-wordpress\/ -->\n<title>Miss Grand Altos Mirandinos enciende los motores para su primera gala - Venezuela | Noti-America.com<\/title>\n<meta name=\"robots\" content=\"index, follow, max-snippet:-1, max-image-preview:large, max-video-preview:-1\" \/>\n<link rel=\"canonical\" href=\"https:\/\/noti-america.com\/site\/venezuela\/2025\/05\/20\/miss-grand-altos-mirandinos-enciende-los-motores-para-su-primera-gala\/\" \/>\n<meta property=\"og:locale\" content=\"es_ES\" \/>\n<meta property=\"og:type\" content=\"article\" \/>\n<meta property=\"og:title\" content=\"Miss Grand Altos Mirandinos enciende los motores para su primera gala\" \/>\n<meta property=\"og:description\" content=\"NOTI-AMERICA.COM | VENEZUELA Los Altos Mirandinos han sido cuna de destacadas figuras de la belleza venezolana. Sin duda, es un semillero de talento con numerosas aspirantes a Miss Venezuela, modelos internacionales, actrices y profesionales&#046;&#046;&#046;\" \/>\n<meta property=\"og:url\" content=\"https:\/\/noti-america.com\/site\/venezuela\/2025\/05\/20\/miss-grand-altos-mirandinos-enciende-los-motores-para-su-primera-gala\/\" \/>\n<meta property=\"og:site_name\" content=\"Venezuela | Noti-America.com\" \/>\n<meta property=\"article:published_time\" content=\"2025-05-20T14:32:42+00:00\" \/>\n<meta property=\"article:modified_time\" content=\"2025-05-20T14:34:17+00:00\" \/>\n<meta property=\"og:image\" content=\"https:\/\/noti-america.com\/site\/venezuela\/wp-content\/uploads\/sites\/2\/2025\/05\/1001800963.jpg\" \/>\n\t<meta property=\"og:image:width\" content=\"1080\" \/>\n\t<meta property=\"og:image:height\" content=\"1346\" \/>\n\t<meta property=\"og:image:type\" content=\"image\/jpeg\" \/>\n<meta name=\"author\" content=\"Yoelvzla\" \/>\n<meta name=\"twitter:card\" content=\"summary_large_image\" \/>\n<meta name=\"twitter:label1\" content=\"Escrito por\" \/>\n\t<meta name=\"twitter:data1\" content=\"Yoelvzla\" \/>\n\t<meta name=\"twitter:label2\" content=\"Tiempo estimado de lectura\" \/>\n\t<meta name=\"twitter:data2\" content=\"2 minutos\" \/>\n<script type=\"application\/ld+json\" class=\"yoast-schema-graph\">{\"@context\":\"https:\/\/schema.org\",\"@graph\":[{\"@type\":\"Article\",\"@id\":\"https:\/\/noti-america.com\/site\/venezuela\/2025\/05\/20\/miss-grand-altos-mirandinos-enciende-los-motores-para-su-primera-gala\/#article\",\"isPartOf\":{\"@id\":\"https:\/\/noti-america.com\/site\/venezuela\/2025\/05\/20\/miss-grand-altos-mirandinos-enciende-los-motores-para-su-primera-gala\/\"},\"author\":{\"name\":\"Yoelvzla\",\"@id\":\"https:\/\/noti-america.com\/site\/venezuela\/#\/schema\/person\/376ccc7b3cc7a8d5a43c3ece07a43857\"},\"headline\":\"Miss Grand Altos Mirandinos enciende los motores para su primera gala\",\"datePublished\":\"2025-05-20T14:32:42+00:00\",\"dateModified\":\"2025-05-20T14:34:17+00:00\",\"mainEntityOfPage\":{\"@id\":\"https:\/\/noti-america.com\/site\/venezuela\/2025\/05\/20\/miss-grand-altos-mirandinos-enciende-los-motores-para-su-primera-gala\/\"},\"wordCount\":342,\"commentCount\":0,\"publisher\":{\"@id\":\"https:\/\/noti-america.com\/site\/venezuela\/#organization\"},\"image\":{\"@id\":\"https:\/\/noti-america.com\/site\/venezuela\/2025\/05\/20\/miss-grand-altos-mirandinos-enciende-los-motores-para-su-primera-gala\/#primaryimage\"},\"thumbnailUrl\":\"https:\/\/noti-america.com\/site\/venezuela\/wp-content\/uploads\/sites\/2\/2025\/05\/1001800963.jpg\",\"articleSection\":[\"Arte y Espect\u00e1culos\"],\"inLanguage\":\"es\",\"potentialAction\":[{\"@type\":\"CommentAction\",\"name\":\"Comment\",\"target\":[\"https:\/\/noti-america.com\/site\/venezuela\/2025\/05\/20\/miss-grand-altos-mirandinos-enciende-los-motores-para-su-primera-gala\/#respond\"]}]},{\"@type\":\"WebPage\",\"@id\":\"https:\/\/noti-america.com\/site\/venezuela\/2025\/05\/20\/miss-grand-altos-mirandinos-enciende-los-motores-para-su-primera-gala\/\",\"url\":\"https:\/\/noti-america.com\/site\/venezuela\/2025\/05\/20\/miss-grand-altos-mirandinos-enciende-los-motores-para-su-primera-gala\/\",\"name\":\"Miss Grand Altos Mirandinos enciende los motores para su primera gala - Venezuela | Noti-America.com\",\"isPartOf\":{\"@id\":\"https:\/\/noti-america.com\/site\/venezuela\/#website\"},\"primaryImageOfPage\":{\"@id\":\"https:\/\/noti-america.com\/site\/venezuela\/2025\/05\/20\/miss-grand-altos-mirandinos-enciende-los-motores-para-su-primera-gala\/#primaryimage\"},\"image\":{\"@id\":\"https:\/\/noti-america.com\/site\/venezuela\/2025\/05\/20\/miss-grand-altos-mirandinos-enciende-los-motores-para-su-primera-gala\/#primaryimage\"},\"thumbnailUrl\":\"https:\/\/noti-america.com\/site\/venezuela\/wp-content\/uploads\/sites\/2\/2025\/05\/1001800963.jpg\",\"datePublished\":\"2025-05-20T14:32:42+00:00\",\"dateModified\":\"2025-05-20T14:34:17+00:00\",\"breadcrumb\":{\"@id\":\"https:\/\/noti-america.com\/site\/venezuela\/2025\/05\/20\/miss-grand-altos-mirandinos-enciende-los-motores-para-su-primera-gala\/#breadcrumb\"},\"inLanguage\":\"es\",\"potentialAction\":[{\"@type\":\"ReadAction\",\"target\":[\"https:\/\/noti-america.com\/site\/venezuela\/2025\/05\/20\/miss-grand-altos-mirandinos-enciende-los-motores-para-su-primera-gala\/\"]}]},{\"@type\":\"ImageObject\",\"inLanguage\":\"es\",\"@id\":\"https:\/\/noti-america.com\/site\/venezuela\/2025\/05\/20\/miss-grand-altos-mirandinos-enciende-los-motores-para-su-primera-gala\/#primaryimage\",\"url\":\"https:\/\/noti-america.com\/site\/venezuela\/wp-content\/uploads\/sites\/2\/2025\/05\/1001800963.jpg\",\"contentUrl\":\"https:\/\/noti-america.com\/site\/venezuela\/wp-content\/uploads\/sites\/2\/2025\/05\/1001800963.jpg\",\"width\":1080,\"height\":1346},{\"@type\":\"BreadcrumbList\",\"@id\":\"https:\/\/noti-america.com\/site\/venezuela\/2025\/05\/20\/miss-grand-altos-mirandinos-enciende-los-motores-para-su-primera-gala\/#breadcrumb\",\"itemListElement\":[{\"@type\":\"ListItem\",\"position\":1,\"name\":\"Portada\",\"item\":\"https:\/\/noti-america.com\/site\/venezuela\/\"},{\"@type\":\"ListItem\",\"position\":2,\"name\":\"Miss Grand Altos Mirandinos enciende los motores para su primera gala\"}]},{\"@type\":\"WebSite\",\"@id\":\"https:\/\/noti-america.com\/site\/venezuela\/#website\",\"url\":\"https:\/\/noti-america.com\/site\/venezuela\/\",\"name\":\"Venezuela | Noti-America.com\",\"description\":\"\",\"publisher\":{\"@id\":\"https:\/\/noti-america.com\/site\/venezuela\/#organization\"},\"potentialAction\":[{\"@type\":\"SearchAction\",\"target\":{\"@type\":\"EntryPoint\",\"urlTemplate\":\"https:\/\/noti-america.com\/site\/venezuela\/?s={search_term_string}\"},\"query-input\":{\"@type\":\"PropertyValueSpecification\",\"valueRequired\":true,\"valueName\":\"search_term_string\"}}],\"inLanguage\":\"es\"},{\"@type\":\"Organization\",\"@id\":\"https:\/\/noti-america.com\/site\/venezuela\/#organization\",\"name\":\"Noti-America LLC | Venezuela\",\"url\":\"https:\/\/noti-america.com\/site\/venezuela\/\",\"logo\":{\"@type\":\"ImageObject\",\"inLanguage\":\"es\",\"@id\":\"https:\/\/noti-america.com\/site\/venezuela\/#\/schema\/logo\/image\/\",\"url\":\"https:\/\/noti-america.com\/site\/venezuela\/wp-content\/uploads\/sites\/2\/2020\/07\/LogoNA-4x3-1.jpg\",\"contentUrl\":\"https:\/\/noti-america.com\/site\/venezuela\/wp-content\/uploads\/sites\/2\/2020\/07\/LogoNA-4x3-1.jpg\",\"width\":1236,\"height\":1080,\"caption\":\"Noti-America LLC | Venezuela\"},\"image\":{\"@id\":\"https:\/\/noti-america.com\/site\/venezuela\/#\/schema\/logo\/image\/\"}},{\"@type\":\"Person\",\"@id\":\"https:\/\/noti-america.com\/site\/venezuela\/#\/schema\/person\/376ccc7b3cc7a8d5a43c3ece07a43857\",\"name\":\"Yoelvzla\",\"image\":{\"@type\":\"ImageObject\",\"inLanguage\":\"es\",\"@id\":\"https:\/\/secure.gravatar.com\/avatar\/13a96a72123e0e9aa76fe82e8847f726c63a1c5ef6a8d0fadd844c1a5a83b212?s=96&d=mm&r=g\",\"url\":\"https:\/\/secure.gravatar.com\/avatar\/13a96a72123e0e9aa76fe82e8847f726c63a1c5ef6a8d0fadd844c1a5a83b212?s=96&d=mm&r=g\",\"contentUrl\":\"https:\/\/secure.gravatar.com\/avatar\/13a96a72123e0e9aa76fe82e8847f726c63a1c5ef6a8d0fadd844c1a5a83b212?s=96&d=mm&r=g\",\"caption\":\"Yoelvzla\"},\"url\":\"https:\/\/noti-america.com\/site\/venezuela\/author\/ydiaz\/\"}]}<\/script>\n<!-- \/ Yoast SEO Premium plugin. -->","yoast_head_json":{"title":"Miss Grand Altos Mirandinos enciende los motores para su primera gala - Venezuela | Noti-America.com","robots":{"index":"index","follow":"follow","max-snippet":"max-snippet:-1","max-image-preview":"max-image-preview:large","max-video-preview":"max-video-preview:-1"},"canonical":"https:\/\/noti-america.com\/site\/venezuela\/2025\/05\/20\/miss-grand-altos-mirandinos-enciende-los-motores-para-su-primera-gala\/","og_locale":"es_ES","og_type":"article","og_title":"Miss Grand Altos Mirandinos enciende los motores para su primera gala","og_description":"NOTI-AMERICA.COM | VENEZUELA Los Altos Mirandinos han sido cuna de destacadas figuras de la belleza venezolana. Sin duda, es un semillero de talento con numerosas aspirantes a Miss Venezuela, modelos internacionales, actrices y profesionales&#46;&#46;&#46;","og_url":"https:\/\/noti-america.com\/site\/venezuela\/2025\/05\/20\/miss-grand-altos-mirandinos-enciende-los-motores-para-su-primera-gala\/","og_site_name":"Venezuela | Noti-America.com","article_published_time":"2025-05-20T14:32:42+00:00","article_modified_time":"2025-05-20T14:34:17+00:00","og_image":[{"width":1080,"height":1346,"url":"https:\/\/noti-america.com\/site\/venezuela\/wp-content\/uploads\/sites\/2\/2025\/05\/1001800963.jpg","type":"image\/jpeg"}],"author":"Yoelvzla","twitter_card":"summary_large_image","twitter_misc":{"Escrito por":"Yoelvzla","Tiempo estimado de lectura":"2 minutos"},"schema":{"@context":"https:\/\/schema.org","@graph":[{"@type":"Article","@id":"https:\/\/noti-america.com\/site\/venezuela\/2025\/05\/20\/miss-grand-altos-mirandinos-enciende-los-motores-para-su-primera-gala\/#article","isPartOf":{"@id":"https:\/\/noti-america.com\/site\/venezuela\/2025\/05\/20\/miss-grand-altos-mirandinos-enciende-los-motores-para-su-primera-gala\/"},"author":{"name":"Yoelvzla","@id":"https:\/\/noti-america.com\/site\/venezuela\/#\/schema\/person\/376ccc7b3cc7a8d5a43c3ece07a43857"},"headline":"Miss Grand Altos Mirandinos enciende los motores para su primera gala","datePublished":"2025-05-20T14:32:42+00:00","dateModified":"2025-05-20T14:34:17+00:00","mainEntityOfPage":{"@id":"https:\/\/noti-america.com\/site\/venezuela\/2025\/05\/20\/miss-grand-altos-mirandinos-enciende-los-motores-para-su-primera-gala\/"},"wordCount":342,"commentCount":0,"publisher":{"@id":"https:\/\/noti-america.com\/site\/venezuela\/#organization"},"image":{"@id":"https:\/\/noti-america.com\/site\/venezuela\/2025\/05\/20\/miss-grand-altos-mirandinos-enciende-los-motores-para-su-primera-gala\/#primaryimage"},"thumbnailUrl":"https:\/\/noti-america.com\/site\/venezuela\/wp-content\/uploads\/sites\/2\/2025\/05\/1001800963.jpg","articleSection":["Arte y Espect\u00e1culos"],"inLanguage":"es","potentialAction":[{"@type":"CommentAction","name":"Comment","target":["https:\/\/noti-america.com\/site\/venezuela\/2025\/05\/20\/miss-grand-altos-mirandinos-enciende-los-motores-para-su-primera-gala\/#respond"]}]},{"@type":"WebPage","@id":"https:\/\/noti-america.com\/site\/venezuela\/2025\/05\/20\/miss-grand-altos-mirandinos-enciende-los-motores-para-su-primera-gala\/","url":"https:\/\/noti-america.com\/site\/venezuela\/2025\/05\/20\/miss-grand-altos-mirandinos-enciende-los-motores-para-su-primera-gala\/","name":"Miss Grand Altos Mirandinos enciende los motores para su primera gala - Venezuela | Noti-America.com","isPartOf":{"@id":"https:\/\/noti-america.com\/site\/venezuela\/#website"},"primaryImageOfPage":{"@id":"https:\/\/noti-america.com\/site\/venezuela\/2025\/05\/20\/miss-grand-altos-mirandinos-enciende-los-motores-para-su-primera-gala\/#primaryimage"},"image":{"@id":"https:\/\/noti-america.com\/site\/venezuela\/2025\/05\/20\/miss-grand-altos-mirandinos-enciende-los-motores-para-su-primera-gala\/#primaryimage"},"thumbnailUrl":"https:\/\/noti-america.com\/site\/venezuela\/wp-content\/uploads\/sites\/2\/2025\/05\/1001800963.jpg","datePublished":"2025-05-20T14:32:42+00:00","dateModified":"2025-05-20T14:34:17+00:00","breadcrumb":{"@id":"https:\/\/noti-america.com\/site\/venezuela\/2025\/05\/20\/miss-grand-altos-mirandinos-enciende-los-motores-para-su-primera-gala\/#breadcrumb"},"inLanguage":"es","potentialAction":[{"@type":"ReadAction","target":["https:\/\/noti-america.com\/site\/venezuela\/2025\/05\/20\/miss-grand-altos-mirandinos-enciende-los-motores-para-su-primera-gala\/"]}]},{"@type":"ImageObject","inLanguage":"es","@id":"https:\/\/noti-america.com\/site\/venezuela\/2025\/05\/20\/miss-grand-altos-mirandinos-enciende-los-motores-para-su-primera-gala\/#primaryimage","url":"https:\/\/noti-america.com\/site\/venezuela\/wp-content\/uploads\/sites\/2\/2025\/05\/1001800963.jpg","contentUrl":"https:\/\/noti-america.com\/site\/venezuela\/wp-content\/uploads\/sites\/2\/2025\/05\/1001800963.jpg","width":1080,"height":1346},{"@type":"BreadcrumbList","@id":"https:\/\/noti-america.com\/site\/venezuela\/2025\/05\/20\/miss-grand-altos-mirandinos-enciende-los-motores-para-su-primera-gala\/#breadcrumb","itemListElement":[{"@type":"ListItem","position":1,"name":"Portada","item":"https:\/\/noti-america.com\/site\/venezuela\/"},{"@type":"ListItem","position":2,"name":"Miss Grand Altos Mirandinos enciende los motores para su primera gala"}]},{"@type":"WebSite","@id":"https:\/\/noti-america.com\/site\/venezuela\/#website","url":"https:\/\/noti-america.com\/site\/venezuela\/","name":"Venezuela | Noti-America.com","description":"","publisher":{"@id":"https:\/\/noti-america.com\/site\/venezuela\/#organization"},"potentialAction":[{"@type":"SearchAction","target":{"@type":"EntryPoint","urlTemplate":"https:\/\/noti-america.com\/site\/venezuela\/?s={search_term_string}"},"query-input":{"@type":"PropertyValueSpecification","valueRequired":true,"valueName":"search_term_string"}}],"inLanguage":"es"},{"@type":"Organization","@id":"https:\/\/noti-america.com\/site\/venezuela\/#organization","name":"Noti-America LLC | Venezuela","url":"https:\/\/noti-america.com\/site\/venezuela\/","logo":{"@type":"ImageObject","inLanguage":"es","@id":"https:\/\/noti-america.com\/site\/venezuela\/#\/schema\/logo\/image\/","url":"https:\/\/noti-america.com\/site\/venezuela\/wp-content\/uploads\/sites\/2\/2020\/07\/LogoNA-4x3-1.jpg","contentUrl":"https:\/\/noti-america.com\/site\/venezuela\/wp-content\/uploads\/sites\/2\/2020\/07\/LogoNA-4x3-1.jpg","width":1236,"height":1080,"caption":"Noti-America LLC | Venezuela"},"image":{"@id":"https:\/\/noti-america.com\/site\/venezuela\/#\/schema\/logo\/image\/"}},{"@type":"Person","@id":"https:\/\/noti-america.com\/site\/venezuela\/#\/schema\/person\/376ccc7b3cc7a8d5a43c3ece07a43857","name":"Yoelvzla","image":{"@type":"ImageObject","inLanguage":"es","@id":"https:\/\/secure.gravatar.com\/avatar\/13a96a72123e0e9aa76fe82e8847f726c63a1c5ef6a8d0fadd844c1a5a83b212?s=96&d=mm&r=g","url":"https:\/\/secure.gravatar.com\/avatar\/13a96a72123e0e9aa76fe82e8847f726c63a1c5ef6a8d0fadd844c1a5a83b212?s=96&d=mm&r=g","contentUrl":"https:\/\/secure.gravatar.com\/avatar\/13a96a72123e0e9aa76fe82e8847f726c63a1c5ef6a8d0fadd844c1a5a83b212?s=96&d=mm&r=g","caption":"Yoelvzla"},"url":"https:\/\/noti-america.com\/site\/venezuela\/author\/ydiaz\/"}]}},"_links":{"self":[{"href":"https:\/\/noti-america.com\/site\/venezuela\/wp-json\/wp\/v2\/posts\/44305","targetHints":{"allow":["GET"]}}],"collection":[{"href":"https:\/\/noti-america.com\/site\/venezuela\/wp-json\/wp\/v2\/posts"}],"about":[{"href":"https:\/\/noti-america.com\/site\/venezuela\/wp-json\/wp\/v2\/types\/post"}],"author":[{"embeddable":true,"href":"https:\/\/noti-america.com\/site\/venezuela\/wp-json\/wp\/v2\/users\/127"}],"replies":[{"embeddable":true,"href":"https:\/\/noti-america.com\/site\/venezuela\/wp-json\/wp\/v2\/comments?post=44305"}],"version-history":[{"count":1,"href":"https:\/\/noti-america.com\/site\/venezuela\/wp-json\/wp\/v2\/posts\/44305\/revisions"}],"predecessor-version":[{"id":44307,"href":"https:\/\/noti-america.com\/site\/venezuela\/wp-json\/wp\/v2\/posts\/44305\/revisions\/44307"}],"wp:featuredmedia":[{"embeddable":true,"href":"https:\/\/noti-america.com\/site\/venezuela\/wp-json\/wp\/v2\/media\/44306"}],"wp:attachment":[{"href":"https:\/\/noti-america.com\/site\/venezuela\/wp-json\/wp\/v2\/media?parent=44305"}],"wp:term":[{"taxonomy":"category","embeddable":true,"href":"https:\/\/noti-america.com\/site\/venezuela\/wp-json\/wp\/v2\/categories?post=44305"},{"taxonomy":"post_tag","embeddable":true,"href":"https:\/\/noti-america.com\/site\/venezuela\/wp-json\/wp\/v2\/tags?post=44305"}],"curies":[{"name":"wp","href":"https:\/\/api.w.org\/{rel}","templated":true}]}}